{"id":2045094,"date":"2026-07-15T17:10:19","date_gmt":"2026-07-15T14:10:19","guid":{"rendered":"https:\/\/analyse.optim.biz\/?p=2045094"},"modified":"2026-07-15T17:10:19","modified_gmt":"2026-07-15T14:10:19","slug":"de-la-invrajbire-la-contestare-si-nihilism","status":"publish","type":"post","link":"https:\/\/analyse.optim.biz\/?p=2045094","title":{"rendered":"De la \u00eenvr\u0103jbire la contestare \u0219i nihilism"},"content":{"rendered":"<p>[analyse_image type=&#8221;featured&#8221; src=&#8221;https:\/\/r3media.ro\/wp-content\/uploads\/2026\/07\/nihilism-e1784139338273.pnghttps:\/\/r3media.ro\/wp-content\/uploads\/2026\/07\/nihilism-e1784139338273.png&#8221;]<\/p>\n<article id=\"template-id-109\" class=\"post-109 tdb_templates type-tdb_templates status-publish post\">\n<div id=\"tdi_2\" class=\"tdc-zone\">\n<div class=\"tdc_zone tdi_3  wpb_row td-pb-row\">\n<div id=\"tdi_4\" class=\"tdc-row\">\n<div class=\"vc_row tdi_5  wpb_row td-pb-row\">\n<div class=\"vc_column tdi_7  wpb_column vc_column_container tdc-column td-pb-span8\">\n<div class=\"wpb_wrapper\">\n<div class=\"td_block_wrap tdb_breadcrumbs tdi_8 td-pb-border-top td_block_template_1 tdb-breadcrumbs \" data-td-block-uid=\"tdi_8\">\n<div class=\"tdb-block-inner td-fix-index\"><span><a title=\"Vede\u021bi toate articolele \u00een FEATURED\" class=\"tdb-entry-crumb\" href=\"https:\/\/r3media.ro\/category\/featured\/\">FEATURED<\/a><\/span><span class=\"tdb-bred-no-url-last\">De la \u00eenvr\u0103jbire la contestare \u0219i nihilism<\/span><\/div>\n<\/div>\n<div class=\"td_block_wrap tdb_single_categories tdi_9 td-pb-border-top td_block_template_1 \" data-td-block-uid=\"tdi_9\">\n<div class=\"tdb-category td-fix-index\"><a class=\"tdb-entry-category\" href=\"https:\/\/r3media.ro\/category\/featured\/\">FEATURED<\/a><a class=\"tdb-entry-category\" href=\"https:\/\/r3media.ro\/category\/opinii\/\">OPINII<\/a><a class=\"tdb-entry-category\" href=\"https:\/\/r3media.ro\/category\/stiri\/\">\u0218TIRI<\/a><\/div>\n<\/div>\n<div class=\"td_block_wrap tdb_title tdi_10 tdb-single-title td-pb-border-top td_block_template_1\" data-td-block-uid=\"tdi_10\">\n<div class=\"tdb-block-inner td-fix-index\">\n<h1 class=\"tdb-title-text\">De la \u00eenvr\u0103jbire la contestare \u0219i nihilism<\/h1>\n<\/div>\n<\/div>\n<div class=\"vc_row_inner tdi_12  vc_row vc_inner wpb_row td-pb-row\">\n<div class=\"vc_column_inner tdi_14  wpb_column vc_column_container tdc-inner-column td-pb-span12\">\n<div class=\"vc_column-inner\">\n<div class=\"wpb_wrapper\">\n<div class=\"td_block_wrap tdb_single_author tdi_15 td-pb-border-top td_block_template_1 tdb-post-meta\" data-td-block-uid=\"tdi_15\">\n<div class=\"tdb-block-inner td-fix-index\">\n<div class=\"tdb-author-name-wrap\"><a class=\"tdb-author-name\" href=\"https:\/\/r3media.ro\/author\/costi_balasoiu\/\">Constantin B\u0103l\u0103\u0219oiu<\/a><\/div>\n<\/div>\n<\/div>\n<div class=\"td_block_wrap tdb_single_date tdi_16 td-pb-border-top td_block_template_1 tdb-post-meta\" data-td-block-uid=\"tdi_16\">\n<div class=\"tdb-block-inner td-fix-index\"><time class=\"entry-date updated td-module-date\" datetime=\"2026-07-15T20:10:19+03:00\">15\/07\/2026<\/time><\/div>\n<\/div>\n<\/div>\n<\/div>\n<\/div>\n<\/div>\n<div class=\"td_block_wrap tdb_single_featured_image tdi_17 tdb-content-horiz-left td-pb-border-top td_block_template_1\" data-td-block-uid=\"tdi_17\">\n<div class=\"tdb-block-inner td-fix-index\">\n<figure><figcaption class=\"tdb-caption-text\">Sursa foto: ChatGPT<\/figcaption><\/figure>\n<\/div>\n<\/div>\n<div class=\"td_block_wrap tdb_single_content tdi_18 td-pb-border-top td_block_template_1 td-post-content tagdiv-type\" data-td-block-uid=\"tdi_18\">\n<div class=\"tdb-block-inner td-fix-index\">\n<p><strong>Discutam ast\u0103zi de vrajb\u0103, \u00eenvr\u0103jbire \u0219i\/ sau vecin\u0103t\u0103\u021bi proaste, care au devenit mai degrab\u0103 regula dec\u00e2t excep\u021bia. Ne lovim unii de al\u021bii la bloc, la \u021bar\u0103 \u00eentr-o manier\u0103 pe care noi \u00een\u0219ine nu am cunoscut-o \u00eenainte.<\/strong><\/p>\n<p>Ceea ce alt\u0103dat\u0103 d\u0103dea substan\u021b\u0103 rela\u021biilor dintre noi \u0219i armonie nu mai func\u021bioneaz\u0103. Mai ales genera\u021biile mai noi au aceast\u0103 atitudine de contestare \u0219i <em>canceling<\/em>. \u0218i exercit\u0103, \u00eentr-un fel, un presing sau influen\u021b\u0103 asupra celorlalte genera\u021bii de a se \u201eactualiza\u201d.<\/p>\n<p>Purtam deci aceast\u0103 conversa\u021bie \u00eentr-o \u00eencercare de a clarifica contextul acestei \u00eenvr\u0103jbiri.<\/p>\n<p>Calderon de la Barca, un clasic spaniol de secol XVII \u00een maniera clasicilor francezi precum Racine sau Corneille, vedea tabloul lumii \u00een felul unei construc\u021bii gotice \u00een care fiecare om, breasl\u0103 sau stare social\u0103, \u00eencep\u00e2nd cu s\u0103racii \u0219i cer\u0219etorii \u0219i p\u00e2n\u0103 la regele catolic\/ \u00eemp\u0103rat, \u00ee\u0219i are locul lui prestabilit, \u00eentr-o ordine ierharhic\u0103, necesar\u0103, organic constituit\u0103 \u0219i corect\u0103, \u00een sensul c\u0103 fiecare este r\u00e2nduit s\u0103 fie la locul care i se potrive\u0219te cel mai bine.<\/p>\n<p>O fiin\u021b\u0103 suprem\u0103, Dumnezeu, este arhitectul acestei ordini morale, sociale \u0219i politice de privilegia\u021bi \u0219i n\u0103p\u0103stui\u021bi, ferici\u021bi fiindc\u0103 particip\u0103 \u00een marele plan\/ teatru al marelui arhitect divin\/ regizor. Pedro Calderon de la Barca \u00ee\u0219i imagineaz\u0103 a\u0219adar lumea ca o scen\u0103 \u00een care fiecare interpreteaz\u0103 un rol, rolul care i se potrive\u0219te numai lui (<em>Marele teatru al lumii<\/em>).<\/p>\n<p>Doctrina scolastic\u0103 a <em>analogia entis<\/em>, care \u00een marele lan\u021b al fiin\u021bei nu distinge nicio fisur\u0103 calific\u00e2nd ra\u021biunea cu virtu\u021bi teologice (singura teologie pe care putem s-o facem, spun ei), e tabloul defalcat al acestei viziuni a \u00eentregului (creat \u2013 increat) \u0219i principala lui justificare moral\u0103 \u0219i teologic\u0103.<\/p>\n<p>Anterior lui de la Barca, Tirso de Molina, c\u0103lug\u0103r \u0219i preot catolic (sec. XVI-XVII), face din <em>Don Juan<\/em> un sfid\u0103tor c\u0103ruia nu \u00eei putea rezista nicio femeie \u0219i nu putea fi \u00eenfr\u00e2nt de niciun b\u0103rbat. Don Juan nu e numele unui seduc\u0103tor de dragul de a seduce, nu e un modern Alfie (filmul cu Jude Law, 2004), ci e numele cuiva care risc\u0103 s\u0103 transforme \u00eentreaga ordine medieval\u0103, cu morala \u0219i codurile ei, \u00eentr-o comedie ridicol\u0103.<\/p>\n<p>Ne\u00eenfr\u00e2nt de nimeni \u0219i sfid\u0103tor, Don Juan este scos din joc nu de un om \u2014nici nu avea cum, fiindc\u0103 el era forma cea mai \u00eenalt\u0103 sau diabolic\u0103 a hybris-ului vremurilor medievale\u2014, ci de o statuie de piatr\u0103, un comandor (cavaler, ecou al vremurilor cavalere\u0219ti) cobor\u00e2t din cealalt\u0103 lume pentru a pune lucrurile \u00een ordine. Status quo-ul medieval spaniol, pus \u00een chestiune de acest sinistru hybris, Don Juan, este salvat de m\u00e2na unui trimis din lumea de dincolo.<\/p>\n<p>Molina la vremea lui a fost judecat gre\u0219it din cauza scrierii lui <em>Don Juan<\/em> (a avut de suferit), dar probabil c\u0103 acest Pedro Calderon de la Barca s-a g\u00e2ndit la el \u0219i concluzia lui atunci c\u00e2nd a scris <em>Marele teatru al lumii<\/em> (<em>El gran teatro del mundo<\/em>).<\/p>\n<p>Poate nu \u00eent\u00e2mpl\u0103tor, Tirso de Molina a publicat <em>Don Juan <\/em>\u00een 1630, iar Calderon de la Barca, de\u0219i \u0219i-a publicat piesa \u00een 1655, se pare c\u0103 a scris-o cam \u00een anii \u201930 care au urmat lui <em>Don Juan<\/em>, ca un r\u0103spuns la ea.<\/p>\n<p>\u00centr-un fel, aceast\u0103 ordine a lumii, privit\u0103 ca un mare lan\u021b al fiin\u021bei \u0219i format\u0103, se \u00een\u021belege, dintr-o minoritate de privilegia\u021bi care de\u021bin totul, sub raport material \u0219i simbolic, \u0219i foarte mul\u021bi n\u0103p\u0103stui\u021bi, era de a\u0219teptat s\u0103 se \u00eencheie cu un cutremur, precum cel generat de Revolu\u021bia francez\u0103.<\/p>\n<p>Pute\u021bi observa \u0219i singuri c\u0103 \u00een aceea\u0219i perioad\u0103 este consacrat \u0219i un alt gen literar\/ dramatic, comedia, care e mai degrab\u0103 liberal\u0103 \u00een modul \u00een care g\u0103se\u0219te s\u0103 r\u00e2d\u0103 de burghezi, con\u021bi \u0219i societatea sau morala lor. \u00ce\u0219i fac loc un Ben Jonson, Moliere,\u00a0 Goldoni, Beaumarchaise etc, pe un interval de 200 \u0219i ceva de ani, care se uit\u0103 la comediile greco-romane\/ clasice cu st\u0103p\u00e2ni gogomani \u0219i sclavi iste\u021bi \u0219i le transpun \u00een epoca lor.<\/p>\n<p>Criza politic\u0103 de la sf\u00e2r\u0219itul secolului XVIII-lea, \u00eenceputul secolului XIX, care s-a soldat cu r\u0103sturnarea acestor arhitecturi politico \u2013 sociale gotice din Europa \u0219i America de Sud \u0219i instalarea unor regimuri republican liberale \u0219i capitaliste pragmatice, era \u00eentr-un fel anun\u021bat\u0103.<\/p>\n<p>Nu e doar o criz\u0103 politic\u0103, ea e \u00eentr-un fel metafizic\u0103. Secolul XIX e secolul revolu\u021biilor, adic\u0103 al tuturor emancip\u0103rilor sociale, na\u021bional-politice \u0219i religioase (teologia e \u00eenlocuit\u0103 de \u0219tiin\u021b\u0103, Biserica de Academie, teologul de filosof \u0219i savant, preotul de psiholog, omul politic\u00a0 de manager, imperiul de na\u021biunea politic\u0103,\u00a0 marile \u00eentreb\u0103ri sunt l\u0103sate f\u0103r\u0103 r\u0103spuns) \u0219i creatorul unui tip de om care \u00ee\u0219i apar\u021bine sie\u0219i \u0219i care ia locul lui Dumnezeu devenind arhitectul sau creatorul propriului destin \u0219i morale (existen\u021ba care precede esen\u021ba).<\/p>\n<p>Dac\u0103 pentru antici tragedia era indisolubil legat\u0103 de zei (libertatea omului era libertatea de a \u00eemplini un destin stabilit de al\u021bii, adic\u0103 de zei, omul nu avea alte op\u021biuni), moartea zeilor \u00eens\u0103 anun\u021ba epoca modern\u0103, cu sf\u00e2r\u0219itul tragediei \u0219i na\u0219terea omului sau, ceea ce e acela\u0219i lucru, a supraomului.<\/p>\n<p>La cap\u0103tul a peste 100 ani de nihilism \u0219i\u00a0 individualism, lucrurile sunt departe de a ar\u0103ta grozav. Bilan\u021bul e mai degrab\u0103 catastrofal ast\u0103zi, dup\u0103 o scurt\u0103 perioad\u0103 de bun\u0103stare relativ\u0103 de cca 30 ani, dup\u0103 al Doilea R\u0103zboi Mondial. At\u00e2t \u00een Vest, c\u00e2t \u0219i \u00een Est. Dac\u0103 \u00eentrebi istoria c\u00e2nd s-au \u00eent\u00e2mplat cele mai multe mor\u021bi violente \u0219i catastrofe, ea \u00ee\u021bi va r\u0103spunde c\u0103 \u00een secolul XX, \u00eencep\u00e2nd cu secolul XIX, adic\u0103 \u00een cea mai liberal\u0103 \u0219i nihilist\u0103 epoc\u0103 din istorie.<\/p>\n<p>De ce spun toate astea? Omul, oric\u00e2t de supraom \u0219i suficient sie\u0219i, \u00ee\u0219i este insuficient, din orice punct de vedere.<\/p>\n<p>Nu se poate reproduce singur, adic\u0103 e \u00een situa\u021bia asta de milenii, este limitat \u00een timp \u0219i spa\u021biu \u0219i redus la cuno\u0219tin\u021bele vremii, nu poate produce tot ceea ce are nevoie, nu \u00eel scute\u0219te nimeni de prostii, e mai \u00eenfumurat dec\u00e2t oric\u00e2nd \u00eenainte, e mai singur, frustrat \u0219i depresiv cum nu a fost el niciodat\u0103 \u0219i, evident, e muritor sau finit.<\/p>\n<p>Timpul, a\u0219a cum spunea un istoric al religiilor, e teroarea lui. Fiindc\u0103 e un timp liniar, biologic, care se scurge \u00eenspre moarte \u0219i neant. \u201eAngst\u201d e zgomotul de fond al \u00eentregii lui f\u0103pturi. Toate succesele \u0219i \u00eemplinirile lui \u00eel las\u0103 cu sentimentul c\u0103 alearg\u0103 dup\u0103 ele, fiindc\u0103 fuge de fapt de altceva.<\/p>\n<p>Pe scurt, luat separat, omul e o fiin\u021b\u0103 patetic\u0103 destinat\u0103 pieirii mai degrab\u0103 dec\u00e2t vie\u021bii. \u00cen tradi\u021bia r\u0103s\u0103ritean\u0103, nu \u00eent\u00e2mpl\u0103tor, individul este opus persoanei (care este rela\u021bie \u0219i via\u021b\u0103 sau libertate) \u0219i asociat cu p\u0103catul sau separarea de Dumnezeu \u0219i moartea.<\/p>\n<p>Doar luat \u00een armonie sau \u00een rela\u021bie cu Dumnezeu, principalul izvor al fiin\u021bei \u0219i al vie\u021bii, omul se poate realiza plenar ca fiin\u021b\u0103. Tradi\u021bia bisericii \u00eenva\u021b\u0103 c\u0103 omul este persoan\u0103, adic\u0103 o fiin\u021b\u0103 teocentric\u0103.<\/p>\n<p>Adev\u0103rul, fiin\u021ba \u0219i libertatea lui sunt o problem\u0103 de comuniune\/ <em>koinonia<\/em> cu Dumnezeu. A\u0219a a fost de la \u00eenceput.<\/p>\n<p>Dostoievski e probabil cel mai profund scriitor care atunci c\u00e2nd s-a uitat \u00een sufletele unor atei ca Raskolnikov sau Ivan, r\u0103scolite de vinov\u0103\u021bie, a v\u0103zut \u00een ele lucind acel \u201edup\u0103 chipul \u0219i asem\u0103narea lui Dumnezeu\u201d. \u0218i ne-a dat de \u00een\u021beles, cum altfel, c\u0103 \u00eemp\u0103carea cu sine, via\u021ba \u0219i m\u00e2ntuirea omul le afl\u0103 doar \u00een poc\u0103in\u021b\u0103 \u0219i credin\u021b\u0103. Nu exist\u0103 o alt\u0103 cale.<\/p>\n<p>\u00centorc\u00e2ndu-ne de unde am plecat, \u0219i anume la vrajb\u0103, nu R\u0103s\u0103ritul a generat el aceste probleme.<\/p>\n<p>R\u0103s\u0103ritul a importat aceste lucruri, odat\u0103 cu intrarea \u00een siajul acestor societ\u0103\u021bi liberale, care au avut mijloacele s\u0103 \u00ee\u0219i impun\u0103 institu\u021biile \u0219i cultura.<\/p>\n<p>R\u0103spunsul la acest tip societate st\u0103 poate \u00een ceea ce britanici ca John Milbank sau Adrian Pabst numesc <em>civil state,<\/em><em>big society<\/em>, reconsider\u00e2nd rolul institu\u021biilor intermediare precum biserica, familia, tradi\u021bia etc \u0219i \u00een genere al comunalit\u0103\u021bii.<\/p>\n<p>Ceea ceea \u00eentr-un fel ne sun\u0103 familiar, fiindc\u0103 \u0219i noi am cunoscut forme de socialitate politic\u0103 bazate pe structuri intermediare, de pild\u0103 ob\u0219tea, satul sau gospod\u0103ria, \u0219i dreptul de folosin\u021b\u0103 (mai degrab\u0103 dec\u00e2t dreptul de proprietate).<\/p>\n<div class=\"crp_related     crp-masonry\">\n<h2>\u00ceN CONTEXT<\/h2>\n<ul>\n<li><a href=\"https:\/\/r3media.ro\/fara-tine-in-google-r3media-dispare-iata-ce-poti-face-in-10-secunde\/\" class=\"crp_link post-119031\"><span class=\"crp_title\">F\u0103r\u0103 tine \u00een Google, R3media dispare. Iat\u0103 ce po\u021bi face \u00een 10 secunde<\/span><\/a><\/li>\n<li><a href=\"https:\/\/r3media.ro\/nihilism-si-teologie-intre-occident-si-rasarit\/\" class=\"crp_link post-115028\"><span class=\"crp_title\">Nihilism \u0219i teologie: \u00eentre Occident \u0219i R\u0103s\u0103rit<\/span><\/a><\/li>\n<li><a href=\"https:\/\/r3media.ro\/o-nuca-tare-si-un-diamant-moale\/\" class=\"crp_link post-115624\"><span class=\"crp_title\">O nuc\u0103 tare \u0219i un diamant moale<\/span><\/a><\/li>\n<li><a href=\"https:\/\/r3media.ro\/integral-discurs-marco-rubio-munchen-europa-mandra-cultura-mostenire\/\" class=\"crp_link post-115207\"><span class=\"crp_title\">INTEGRAL | Discursul lui Marco Rubio la Conferin\u021ba de Securitatea de la Munchen: Ne dorim\u2026<\/span><\/a><\/li>\n<li><a href=\"https:\/\/r3media.ro\/labirint-mister-medieval-si-anti-clericalism-in-numele-trandafirului\/\" class=\"crp_link post-114160\"><span class=\"crp_title\">Labirint, mister medieval \u0219i anti-clericalism \u00een Numele trandafirului<\/span><\/a><\/li>\n<li><a href=\"https:\/\/r3media.ro\/habemus-papam-la-ce-bun\/\" class=\"crp_link post-115860\"><span class=\"crp_title\">Habemus Papam! La ce bun?<\/span><\/a><\/li>\n<\/ul>\n<\/div>\n<\/div>\n<\/div>\n<div class=\"td_block_wrap tdb_single_tags tdi_19 td-pb-border-top td_block_template_1\" data-td-block-uid=\"tdi_19\">\n<div class=\"tdb-block-inner td-fix-index\">\n<ul class=\"tdb-tags\">\n<li><span>SUBIECTE FIERBIN\u021aI<\/span><\/li>\n<li><a href=\"https:\/\/r3media.ro\/tag\/biserica-romano-catolica\/\">biserica romano-catolica<\/a><\/li>\n<li><a href=\"https:\/\/r3media.ro\/tag\/civilizatia-occidentala\/\">civiliza\u021bia occidental\u0103<\/a><\/li>\n<li><a href=\"https:\/\/r3media.ro\/tag\/nihilism\/\">nihilism<\/a><\/li>\n<\/ul>\n<\/div>\n<\/div>\n<div class=\"td_block_wrap td_block_9 tdi_20 td_with_ajax_pagination td-pb-border-top td_block_template_1 td-column-2 td_block_padding td_block_bot_line\" data-td-block-uid=\"tdi_20\">\n<div class=\"td-block-title-wrap\">\n<h4 class=\"block-title td-block-title\"><span class=\"td-pulldown-size\">CITE\u0218TE MAI MULT<\/span><\/h4>\n<\/div>\n<div id=\"tdi_20\" class=\"td_block_inner\">\n<div class=\"td-block-row\">\n<div class=\"td-block-span6\">\n<div class=\"td_module_8 td_module_wrap\">\n<div class=\"item-details\">\n<h3 class=\"entry-title td-module-title\"><a href=\"https:\/\/r3media.ro\/ioan-aurel-pop-lege-vexler-razboi-istoria\/\" rel=\"bookmark\" title=\"Ioan-Aurel Pop critic\u0103 legea Vexler \u00eentr-un articol de neratat: Nu putem s\u0103 ducem un r\u0103zboi cu istoria\">Ioan-Aurel Pop critic\u0103 legea Vexler \u00eentr-un articol de neratat: Nu putem s\u0103 ducem un&#8230;<\/a><\/h3>\n<div class=\"td-module-meta-info\"><a href=\"https:\/\/r3media.ro\/category\/actualitate\/\" class=\"td-post-category\">ACTUALITATE<\/a><span class=\"td-post-author-name\"><a href=\"https:\/\/r3media.ro\/author\/radu_ursan\/\">Radu Ursan<\/a><span>&#8211;<\/span><\/span><span class=\"td-post-date\"><time class=\"entry-date updated td-module-date\" datetime=\"2026-07-12T21:42:54+03:00\">12\/07\/2026<\/time><\/span><\/div>\n<\/div>\n<\/div>\n<\/div>\n<div class=\"td-block-span6\">\n<div class=\"td_module_8 td_module_wrap\">\n<div class=\"item-details\">\n<h3 class=\"entry-title td-module-title\"><a href=\"https:\/\/r3media.ro\/scandalul-rachetelor-patriot-zguduie-polonia-varsovia-declasifica-tot-ajutorul-militar-acordat-ucrainei\/\" rel=\"bookmark\" title=\"Scandalul rachetelor Patriot zguduie Polonia: Var\u0219ovia declasific\u0103 tot ajutorul militar acordat Ucrainei\">Scandalul rachetelor Patriot zguduie Polonia: Var\u0219ovia declasific\u0103 tot ajutorul militar acordat Ucrainei<\/a><\/h3>\n<div class=\"td-module-meta-info\"><a href=\"https:\/\/r3media.ro\/category\/stiri\/\" class=\"td-post-category\">\u0218TIRI<\/a><span class=\"td-post-author-name\"><a href=\"https:\/\/r3media.ro\/author\/radu_ursan\/\">Radu Ursan<\/a><span>&#8211;<\/span><\/span><span class=\"td-post-date\"><time class=\"entry-date updated td-module-date\" datetime=\"2026-07-12T20:43:04+03:00\">12\/07\/2026<\/time><\/span><\/div>\n<\/div>\n<\/div>\n<\/div>\n<\/div>\n<div class=\"td-block-row\">\n<div class=\"td-block-span6\">\n<div class=\"td_module_8 td_module_wrap\">\n<div class=\"item-details\">\n<h3 class=\"entry-title td-module-title\"><a href=\"https:\/\/r3media.ro\/ce-ne-facem-cu-atatia-prosti\/\" rel=\"bookmark\" title=\"Ce ne facem cu at\u00e2\u021bia pro\u0219ti?\">Ce ne facem cu at\u00e2\u021bia pro\u0219ti?<\/a><\/h3>\n<div class=\"td-module-meta-info\"><a href=\"https:\/\/r3media.ro\/category\/opinii\/\" class=\"td-post-category\">OPINII<\/a><span class=\"td-post-author-name\"><a href=\"https:\/\/r3media.ro\/author\/alexandru_racu\/\">Alexandru Racu<\/a><span>&#8211;<\/span><\/span><span class=\"td-post-date\"><time class=\"entry-date updated td-module-date\" datetime=\"2026-07-12T14:11:45+03:00\">12\/07\/2026<\/time><\/span><\/div>\n<\/div>\n<\/div>\n<\/div>\n<div class=\"td-block-span6\">\n<div class=\"td_module_8 td_module_wrap\">\n<div class=\"item-details\">\n<h3 class=\"entry-title td-module-title\"><a href=\"https:\/\/r3media.ro\/guvernul-sanchez-demoleaza-monumentul-de-la-majadahonda-ion-mota-vasile-marin-lupta-rzaboiul-civil-spaniol-comunisti\/\" rel=\"bookmark\" title=\"Guvernul Sanchez demoleaz\u0103 Monumentul de la Majadahonda, dedicat lui Ion Mo\u021ba \u0219i Vasile Marin, rom\u00e2nii care au luptat \u00eempotriva comuni\u0219tilor \u00een R\u0103zboiul Civil Spaniol\">Guvernul Sanchez demoleaz\u0103 Monumentul de la Majadahonda, dedicat lui Ion Mo\u021ba \u0219i Vasile Marin,&#8230;<\/a><\/h3>\n<div class=\"td-module-meta-info\"><a href=\"https:\/\/r3media.ro\/category\/actualitate\/\" class=\"td-post-category\">ACTUALITATE<\/a><span class=\"td-post-author-name\"><a href=\"https:\/\/r3media.ro\/author\/oana\/\">Oana Ivan<\/a><span>&#8211;<\/span><\/span><span class=\"td-post-date\"><time class=\"entry-date updated td-module-date\" datetime=\"2026-07-12T01:11:49+03:00\">12\/07\/2026<\/time><\/span><\/div>\n<\/div>\n<\/div>\n<\/div>\n<\/div>\n<div class=\"td-block-row\">\n<div class=\"td-block-span6\">\n<div class=\"td_module_8 td_module_wrap\">\n<div class=\"item-details\">\n<h3 class=\"entry-title td-module-title\"><a href=\"https:\/\/r3media.ro\/sofer-surpriza-neplacuta-benzinarie-austria-oprit-apa-portbagaj\/\" rel=\"bookmark\" title=\"Un \u0219ofer a avut parte de o surpriz\u0103 nepl\u0103cut\u0103 la benzin\u0103rie dup\u0103 ce a oprit un minut \u0219i 28 de secunde pentru a scoate o sticl\u0103 de ap\u0103 din portbagaj\">Un \u0219ofer a avut parte de o surpriz\u0103 nepl\u0103cut\u0103 la benzin\u0103rie dup\u0103 ce a&#8230;<\/a><\/h3>\n<div class=\"td-module-meta-info\"><a href=\"https:\/\/r3media.ro\/category\/actualitate\/\" class=\"td-post-category\">ACTUALITATE<\/a><span class=\"td-post-author-name\"><a href=\"https:\/\/r3media.ro\/author\/oana\/\">Oana Ivan<\/a><span>&#8211;<\/span><\/span><span class=\"td-post-date\"><time class=\"entry-date updated td-module-date\" datetime=\"2026-07-11T13:00:01+03:00\">11\/07\/2026<\/time><\/span><\/div>\n<\/div>\n<\/div>\n<\/div>\n<div class=\"td-block-span6\">\n<div class=\"td_module_8 td_module_wrap\">\n<div class=\"item-details\">\n<h3 class=\"entry-title td-module-title\"><a href=\"https:\/\/r3media.ro\/o-femeie-mentalitate-femei-moderne-printese-disney\/\" rel=\"bookmark\" title=\"VIDEO | O femeie critic\u0103 mentalitatea femeii moderne care distruge rela\u021bia cu b\u0103rbatul s\u0103u: Suntem crescute \u00een ideea de prin\u021bese, dar nu suntem la Disney\">VIDEO | O femeie critic\u0103 mentalitatea femeii moderne care distruge rela\u021bia cu b\u0103rbatul s\u0103u:&#8230;<\/a><\/h3>\n<div class=\"td-module-meta-info\"><a href=\"https:\/\/r3media.ro\/category\/actualitate\/\" class=\"td-post-category\">ACTUALITATE<\/a><span class=\"td-post-author-name\"><a href=\"https:\/\/r3media.ro\/author\/teodor_stan\/\">Teodor Stan<\/a><span>&#8211;<\/span><\/span><span class=\"td-post-date\"><time class=\"entry-date updated td-module-date\" datetime=\"2026-07-10T12:47:58+03:00\">10\/07\/2026<\/time><\/span><\/div>\n<\/div>\n<\/div>\n<\/div>\n<\/div>\n<div class=\"td-block-row\">\n<div class=\"td-block-span6\">\n<div class=\"td_module_8 td_module_wrap\">\n<div class=\"item-details\">\n<h3 class=\"entry-title td-module-title\"><a href=\"https:\/\/r3media.ro\/cutremur-5-5-grade-scara-richter-resimtit-cehia-slovacia\/\" rel=\"bookmark\" title=\"Cutremur de 5.5 grade pe scara Richter. S-a resim\u021bit \u00een Cehia \u0219i Slovacia\">Cutremur de 5.5 grade pe scara Richter. S-a resim\u021bit \u00een Cehia \u0219i Slovacia<\/a><\/h3>\n<div class=\"td-module-meta-info\"><a href=\"https:\/\/r3media.ro\/category\/actualitate\/\" class=\"td-post-category\">ACTUALITATE<\/a><span class=\"td-post-author-name\"><a href=\"https:\/\/r3media.ro\/author\/oana\/\">Oana Ivan<\/a><span>&#8211;<\/span><\/span><span class=\"td-post-date\"><time class=\"entry-date updated td-module-date\" datetime=\"2026-07-09T20:48:24+03:00\">09\/07\/2026<\/time><\/span><\/div>\n<\/div>\n<\/div>\n<\/div>\n<div class=\"td-block-span6\">\n<div class=\"td_module_8 td_module_wrap\">\n<div class=\"item-details\">\n<h3 class=\"entry-title td-module-title\"><a href=\"https:\/\/r3media.ro\/presedintele-croatiei-interesele-poporului-ursula-von-der-leyen\/\" rel=\"bookmark\" title=\"Pre\u0219edintele Croa\u021biei spune c\u0103 este obligat s\u0103 apere interesele poporului s\u0103u, \u201enu s\u0103 urmez orbe\u0219te trenduri sau s\u0103 repet ca un papagal frazele care \u00eei plac Ursulei von der Leyen\u201d\">Pre\u0219edintele Croa\u021biei spune c\u0103 este obligat s\u0103 apere interesele poporului s\u0103u, \u201enu s\u0103 urmez&#8230;<\/a><\/h3>\n<div class=\"td-module-meta-info\"><a href=\"https:\/\/r3media.ro\/category\/actualitate\/\" class=\"td-post-category\">ACTUALITATE<\/a><span class=\"td-post-author-name\"><a href=\"https:\/\/r3media.ro\/author\/radu_ursan\/\">Radu Ursan<\/a><span>&#8211;<\/span><\/span><span class=\"td-post-date\"><time class=\"entry-date updated td-module-date\" datetime=\"2026-07-08T22:42:08+03:00\">08\/07\/2026<\/time><\/span><\/div>\n<\/div>\n<\/div>\n<\/div>\n<\/div>\n<div class=\"td-block-row\">\n<div class=\"td-block-span6\">\n<div class=\"td_module_8 td_module_wrap\">\n<div class=\"item-details\">\n<h3 class=\"entry-title td-module-title\"><a href=\"https:\/\/r3media.ro\/femeie-cumparat-automobil-electric-mana-a-doua-surpriza-plecat-masina\/\" rel=\"bookmark\" title=\"O femeie care \u0219i-a achizi\u021bionat un automobil electric la m\u00e2na a doua a avut parte de o surpriz\u0103 imediat dup\u0103 ce a plecat cu ma\u0219ina\">O femeie care \u0219i-a achizi\u021bionat un automobil electric la m\u00e2na a doua a avut&#8230;<\/a><\/h3>\n<div class=\"td-module-meta-info\"><a href=\"https:\/\/r3media.ro\/category\/actualitate\/\" class=\"td-post-category\">ACTUALITATE<\/a><span class=\"td-post-author-name\"><a href=\"https:\/\/r3media.ro\/author\/oana\/\">Oana Ivan<\/a><span>&#8211;<\/span><\/span><span class=\"td-post-date\"><time class=\"entry-date updated td-module-date\" datetime=\"2026-07-08T19:56:23+03:00\">08\/07\/2026<\/time><\/span><\/div>\n<\/div>\n<\/div>\n<\/div>\n<div class=\"td-block-span6\">\n<div class=\"td_module_8 td_module_wrap\">\n<div class=\"item-details\">\n<h3 class=\"entry-title td-module-title\"><a href=\"https:\/\/r3media.ro\/lectii-de-inapoiere\/\" rel=\"bookmark\" title=\"Lec\u021bii de \u00eenapoiere\">Lec\u021bii de \u00eenapoiere<\/a><\/h3>\n<div class=\"td-module-meta-info\"><a href=\"https:\/\/r3media.ro\/category\/opinii\/\" class=\"td-post-category\">OPINII<\/a><span class=\"td-post-author-name\"><a href=\"https:\/\/r3media.ro\/author\/tru\/\">TRU (Traian Ungureanu)<\/a><span>&#8211;<\/span><\/span><span class=\"td-post-date\"><time class=\"entry-date updated td-module-date\" datetime=\"2026-07-07T14:50:09+03:00\">07\/07\/2026<\/time><\/span><\/div>\n<\/div>\n<\/div>\n<\/div>\n<\/div>\n<div class=\"td-block-row\">\n<div class=\"td-block-span6\">\n<div class=\"td_module_8 td_module_wrap\">\n<div class=\"item-details\">\n<h3 class=\"entry-title td-module-title\"><a href=\"https:\/\/r3media.ro\/dreptate-pentru-memoria-lui-mircea-vulcanescu\/\" rel=\"bookmark\" title=\"Dreptate pentru memoria lui Mircea Vulc\u0103nescu\">Dreptate pentru memoria lui Mircea Vulc\u0103nescu<\/a><\/h3>\n<div class=\"td-module-meta-info\"><a href=\"https:\/\/r3media.ro\/category\/opinii\/\" class=\"td-post-category\">OPINII<\/a><span class=\"td-post-author-name\"><a href=\"https:\/\/r3media.ro\/author\/bogdan-munteanu\/\">Bogdan Munteanu<\/a><span>&#8211;<\/span><\/span><span class=\"td-post-date\"><time class=\"entry-date updated td-module-date\" datetime=\"2026-07-03T15:27:06+03:00\">03\/07\/2026<\/time><\/span><\/div>\n<\/div>\n<\/div>\n<\/div>\n<div class=\"td-block-span6\">\n<div class=\"td_module_8 td_module_wrap\">\n<div class=\"item-details\">\n<h3 class=\"entry-title td-module-title\"><a href=\"https:\/\/r3media.ro\/un-baietel-de-10-ani-are-nevoie-urgent-de-930-000-de-euro-pentru-a-trai-apelul-parintelui-alexandru-lungu\/\" rel=\"bookmark\" title=\"Un b\u0103ie\u021bel de 10 ani are nevoie URGENT de 930.000 de euro pentru a tr\u0103i. Apelul p\u0103rintelui Alexandru Lungu\">Un b\u0103ie\u021bel de 10 ani are nevoie URGENT de 930.000 de euro pentru a&#8230;<\/a><\/h3>\n<div class=\"td-module-meta-info\"><a href=\"https:\/\/r3media.ro\/category\/actualitate\/\" class=\"td-post-category\">ACTUALITATE<\/a><span class=\"td-post-author-name\"><a href=\"https:\/\/r3media.ro\/author\/redactia\/\">Redac\u021bia<\/a><span>&#8211;<\/span><\/span><span class=\"td-post-date\"><time class=\"entry-date updated td-module-date\" datetime=\"2026-07-01T14:14:11+03:00\">01\/07\/2026<\/time><\/span><\/div>\n<\/div>\n<\/div>\n<\/div>\n<\/div>\n<\/div>\n<div class=\"td-load-more-wrap td-load-more-infinite-wrap\" id=\"infinite-lm-tdi_20\"><a href=\"https:\/\/r3media.ro\/de-la-invrajbire-la-contestare-si-nihilism\/\" class=\"td_ajax_load_more td_ajax_load_more_js\" aria-label=\"\u00cenc\u0103rca\u021bi mai multe\" id=\"next-page-tdi_20\" data-td_block_id=\"tdi_20\">\u00cenc\u0103rca\u021bi mai multe<\/a><\/div>\n<\/div>\n<div class=\"td_block_wrap tdb_single_comments tdi_21 tdb-comm-layout2 td-pb-border-top td_block_template_1\" data-td-block-uid=\"tdi_21\">\n<div class=\"tdb-block-inner td-fix-index\">\n<div class=\"comments\" id=\"comments\">\n<div id=\"respond\" class=\"comment-respond\">\n<h3 id=\"reply-title\" class=\"comment-reply-title\">AI CEVA DE SPUS? <small><a rel=\"nofollow\" id=\"cancel-comment-reply-link\" href=\"https:\/\/r3media.ro\/de-la-invrajbire-la-contestare-si-nihilism\/#respond\">Renun\u021ba\u021bi la r\u0103spuns<\/a><\/small><\/h3>\n<div class=\"comment-form-input-wrap td-form-comment\">\n<div class=\"td-warning-comment\">V\u0103 rug\u0103m s\u0103 introduce\u021bi comentariul dvs.!<\/div>\n<\/div>\n<div class=\"comment-form-input-wrap td-form-author\">\n<div class=\"td-warning-author\">Introduce\u021bi aici numele dvs.<\/div>\n<\/div>\n<div class=\"comment-form-input-wrap td-form-email\">\n<div class=\"td-warning-email-error\">A\u021bi introdus o adres\u0103 de e-mail incorect\u0103!<\/div>\n<div class=\"td-warning-email\">V\u0103 rug\u0103m s\u0103 introduce\u021bi adresa dvs. de e-mail aici<\/div>\n<\/div>\n<\/div>\n<\/div>\n<\/div>\n<\/div>\n<\/div>\n<\/div>\n<div class=\"vc_column tdi_23  wpb_column vc_column_container tdc-column td-pb-span4 td-is-sticky\">\n<div class=\"wpb_wrapper\" data-sticky-enabled-on=\"W3RydWUsdHJ1ZSx0cnVlLHRydWVd\" data-sticky-offset=\"20\" data-sticky-is-width-auto=\"W2ZhbHNlLGZhbHNlLGZhbHNlLGZhbHNlXQ==\">\n<div class=\"wpb_wrapper td_block_wrap vc_widget_sidebar tdi_25 \">\n<div class=\"td_block_wrap td_block_7 td_block_widget tdi_26 td-pb-border-top td_block_template_1 td-column-1 td_block_padding\" data-td-block-uid=\"tdi_26\">\n<div class=\"td-block-title-wrap\">\n<h4 class=\"block-title td-block-title\"><span class=\"td-pulldown-size\">Articole RELA\u021aIONATE<\/span><\/h4>\n<\/div>\n<div id=\"tdi_26\" class=\"td_block_inner\">\n<div class=\"td-block-span12\">\n<div class=\"td_module_6 td_module_wrap td-animation-stack\">\n<div class=\"td-module-thumb\"><a href=\"https:\/\/r3media.ro\/deznationala-frantei-a-invins-franta\/\" rel=\"bookmark\" class=\"td-image-wrap \" title=\"Dezna\u021bionala Fran\u021bei a \u00eenvins Fran\u021ba \u00a0\u00a0\"><img loading=\"lazy\" decoding=\"async\" class=\"entry-thumb\" src=\"https:\/\/r3media.ro\/wp-content\/uploads\/2026\/07\/echipa-nationala-a-frantei-100x70.jpg\" alt title=\"Dezna\u021bionala Fran\u021bei a \u00eenvins Fran\u021ba \u00a0\u00a0\" width=\"100\" height=\"70\"><\/a><\/div>\n<div class=\"item-details\">\n<h3 class=\"entry-title td-module-title\"><a href=\"https:\/\/r3media.ro\/deznationala-frantei-a-invins-franta\/\" rel=\"bookmark\" title=\"Dezna\u021bionala Fran\u021bei a \u00eenvins Fran\u021ba \u00a0\u00a0\">Dezna\u021bionala Fran\u021bei a \u00eenvins Fran\u021ba \u00a0\u00a0<\/a><\/h3>\n<div class=\"td-module-meta-info\"><span class=\"td-post-date\"><time class=\"entry-date updated td-module-date\" datetime=\"2026-07-15T20:57:25+03:00\">15\/07\/2026<\/time><\/span><\/div>\n<\/div>\n<\/div>\n<\/div>\n<div class=\"td-block-span12\">\n<div class=\"td_module_6 td_module_wrap td-animation-stack\">\n<div class=\"td-module-thumb\"><a href=\"https:\/\/r3media.ro\/lider-senatori-psd-daniel-zamfir-teama-alegeri-anticipate-nicusor-dan-nominalizare-premier\/\" rel=\"bookmark\" class=\"td-image-wrap \" title=\"Liderul senatorilor PSD, Daniel Zamfir, se teme de alegeri anticipate: Nu cred c\u0103 Nicu\u0219or Dan nu va nominaliza prim-ministrul de la AUR\"><img loading=\"lazy\" decoding=\"async\" class=\"entry-thumb\" src=\"https:\/\/r3media.ro\/wp-content\/uploads\/2025\/05\/simion-nicusor-100x70.webp\" alt title=\"Liderul senatorilor PSD, Daniel Zamfir, se teme de alegeri anticipate: Nu cred c\u0103 Nicu\u0219or Dan nu va nominaliza prim-ministrul de la AUR\" width=\"100\" height=\"70\"><\/a><\/div>\n<div class=\"item-details\">\n<h3 class=\"entry-title td-module-title\"><a href=\"https:\/\/r3media.ro\/lider-senatori-psd-daniel-zamfir-teama-alegeri-anticipate-nicusor-dan-nominalizare-premier\/\" rel=\"bookmark\" title=\"Liderul senatorilor PSD, Daniel Zamfir, se teme de alegeri anticipate: Nu cred c\u0103 Nicu\u0219or Dan nu va nominaliza prim-ministrul de la AUR\">Liderul senatorilor PSD, Daniel Zamfir, se teme de alegeri anticipate: Nu&#8230;<\/a><\/h3>\n<div class=\"td-module-meta-info\"><span class=\"td-post-date\"><time class=\"entry-date updated td-module-date\" datetime=\"2026-07-15T16:41:52+03:00\">15\/07\/2026<\/time><\/span><\/div>\n<\/div>\n<\/div>\n<\/div>\n<div class=\"td-block-span12\">\n<div class=\"td_module_6 td_module_wrap td-animation-stack\">\n<div class=\"td-module-thumb\"><a href=\"https:\/\/r3media.ro\/revolte-violente-franta-eliminare-cupa-mondiala-spania-video\/\" rel=\"bookmark\" class=\"td-image-wrap \" title=\"VIDEO | Revolte violente \u00een Fran\u021ba dup\u0103 eliminarea de la Cupa Mondial\u0103\"><img loading=\"lazy\" decoding=\"async\" class=\"entry-thumb\" src=\"https:\/\/r3media.ro\/wp-content\/uploads\/2023\/07\/franta-schimbare-e1689443658181-100x70.jpg\" alt title=\"VIDEO | Revolte violente \u00een Fran\u021ba dup\u0103 eliminarea de la Cupa Mondial\u0103\" width=\"100\" height=\"70\"><\/a><\/div>\n<div class=\"item-details\">\n<h3 class=\"entry-title td-module-title\"><a href=\"https:\/\/r3media.ro\/revolte-violente-franta-eliminare-cupa-mondiala-spania-video\/\" rel=\"bookmark\" title=\"VIDEO | Revolte violente \u00een Fran\u021ba dup\u0103 eliminarea de la Cupa Mondial\u0103\">VIDEO | Revolte violente \u00een Fran\u021ba dup\u0103 eliminarea de la Cupa&#8230;<\/a><\/h3>\n<div class=\"td-module-meta-info\"><span class=\"td-post-date\"><time class=\"entry-date updated td-module-date\" datetime=\"2026-07-15T15:35:05+03:00\">15\/07\/2026<\/time><\/span><\/div>\n<\/div>\n<\/div>\n<\/div>\n<div class=\"td-block-span12\">\n<div class=\"td_module_6 td_module_wrap td-animation-stack\">\n<div class=\"td-module-thumb\"><a href=\"https:\/\/r3media.ro\/sondaj-ires-aur-psd-pnl-usr\/\" rel=\"bookmark\" class=\"td-image-wrap \" title=\"Sondaj IRES: AUR ar ob\u0163ine 40%, urmat de PSD 21%, PNL 17% \u015fi USR 10%\"><img loading=\"lazy\" decoding=\"async\" class=\"entry-thumb\" src=\"https:\/\/r3media.ro\/wp-content\/uploads\/2020\/09\/sectie-votare-100x70.jpg\" alt title=\"Sondaj IRES: AUR ar ob\u0163ine 40%, urmat de PSD 21%, PNL 17% \u015fi USR 10%\" width=\"100\" height=\"70\"><\/a><\/div>\n<div class=\"item-details\">\n<h3 class=\"entry-title td-module-title\"><a href=\"https:\/\/r3media.ro\/sondaj-ires-aur-psd-pnl-usr\/\" rel=\"bookmark\" title=\"Sondaj IRES: AUR ar ob\u0163ine 40%, urmat de PSD 21%, PNL 17% \u015fi USR 10%\">Sondaj IRES: AUR ar ob\u0163ine 40%, urmat de PSD 21%, PNL&#8230;<\/a><\/h3>\n<div class=\"td-module-meta-info\"><span class=\"td-post-date\"><time class=\"entry-date updated td-module-date\" datetime=\"2026-07-15T13:11:09+03:00\">15\/07\/2026<\/time><\/span><\/div>\n<\/div>\n<\/div>\n<\/div>\n<div class=\"td-block-span12\">\n<div class=\"td_module_6 td_module_wrap td-animation-stack\">\n<div class=\"td-module-thumb\"><a href=\"https:\/\/r3media.ro\/apuseni-fest-2026-muntele-gaina-targul-de-fete\/\" rel=\"bookmark\" class=\"td-image-wrap \" title=\"Apuseni Fest \u2013 2026: prima edi\u021bie de muzic\u0103 electronica, la \u00een\u0103l\u021bime, pe Muntele G\u0103ina, \u00een weekendul T\u00e2rgului de Fete\"><img loading=\"lazy\" decoding=\"async\" class=\"entry-thumb\" src=\"https:\/\/r3media.ro\/wp-content\/uploads\/2026\/07\/vizual_Apuseni_fest_20261-100x70.jpeg\" alt title=\"Apuseni Fest \u2013 2026: prima edi\u021bie de muzic\u0103 electronica, la \u00een\u0103l\u021bime, pe Muntele G\u0103ina, \u00een weekendul T\u00e2rgului de Fete\" width=\"100\" height=\"70\"><\/a><\/div>\n<div class=\"item-details\">\n<h3 class=\"entry-title td-module-title\"><a href=\"https:\/\/r3media.ro\/apuseni-fest-2026-muntele-gaina-targul-de-fete\/\" rel=\"bookmark\" title=\"Apuseni Fest \u2013 2026: prima edi\u021bie de muzic\u0103 electronica, la \u00een\u0103l\u021bime, pe Muntele G\u0103ina, \u00een weekendul T\u00e2rgului de Fete\">Apuseni Fest \u2013 2026: prima edi\u021bie de muzic\u0103 electronica, la \u00een\u0103l\u021bime,&#8230;<\/a><\/h3>\n<div class=\"td-module-meta-info\"><span class=\"td-post-date\"><time class=\"entry-date updated td-module-date\" datetime=\"2026-07-15T13:00:54+03:00\">15\/07\/2026<\/time><\/span><\/div>\n<\/div>\n<\/div>\n<\/div>\n<div class=\"td-block-span12\">\n<div class=\"td_module_6 td_module_wrap td-animation-stack\">\n<div class=\"td-module-thumb\"><a href=\"https:\/\/r3media.ro\/cine-este-cu-adevarat-francez\/\" rel=\"bookmark\" class=\"td-image-wrap \" title=\"Cine este cu adev\u0103rat francez?\"><img loading=\"lazy\" decoding=\"async\" class=\"entry-thumb\" src=\"https:\/\/r3media.ro\/wp-content\/uploads\/2026\/07\/jucatori-nationala-frantei-e1784098584613-100x70.jpg\" alt title=\"Cine este cu adev\u0103rat francez?\" width=\"100\" height=\"70\"><\/a><\/div>\n<div class=\"item-details\">\n<h3 class=\"entry-title td-module-title\"><a href=\"https:\/\/r3media.ro\/cine-este-cu-adevarat-francez\/\" rel=\"bookmark\" title=\"Cine este cu adev\u0103rat francez?\">Cine este cu adev\u0103rat francez?<\/a><\/h3>\n<div class=\"td-module-meta-info\"><span class=\"td-post-date\"><time class=\"entry-date updated td-module-date\" datetime=\"2026-07-15T09:52:34+03:00\">15\/07\/2026<\/time><\/span><\/div>\n<\/div>\n<\/div>\n<\/div>\n<div class=\"td-block-span12\">\n<div class=\"td_module_6 td_module_wrap td-animation-stack\">\n<div class=\"td-module-thumb\"><a href=\"https:\/\/r3media.ro\/dormitorul-care-te-tine-ani-buni-cum-alegi-mobilier-sanatos-solid-si-potrivit-pentru-spatii-mici\/\" rel=\"bookmark\" class=\"td-image-wrap \" title=\"Dormitorul care te \u021bine ani buni: cum alegi mobilier s\u0103n\u0103tos, solid \u0219i potrivit pentru spa\u021bii mici\"><img loading=\"lazy\" decoding=\"async\" class=\"entry-thumb\" src=\"https:\/\/r3media.ro\/wp-content\/uploads\/2026\/07\/dormitorul_care_te_ine_ani_buni_cum_alegi_mobilier_sntos_solid_i_potrivit_pentru_spaii_mici-100x70.jpg\" alt title=\"Dormitorul care te \u021bine ani buni: cum alegi mobilier s\u0103n\u0103tos, solid \u0219i potrivit pentru spa\u021bii mici\" width=\"100\" height=\"70\"><\/a><\/div>\n<div class=\"item-details\">\n<h3 class=\"entry-title td-module-title\"><a href=\"https:\/\/r3media.ro\/dormitorul-care-te-tine-ani-buni-cum-alegi-mobilier-sanatos-solid-si-potrivit-pentru-spatii-mici\/\" rel=\"bookmark\" title=\"Dormitorul care te \u021bine ani buni: cum alegi mobilier s\u0103n\u0103tos, solid \u0219i potrivit pentru spa\u021bii mici\">Dormitorul care te \u021bine ani buni: cum alegi mobilier s\u0103n\u0103tos, solid&#8230;<\/a><\/h3>\n<div class=\"td-module-meta-info\"><span class=\"td-post-date\"><time class=\"entry-date updated td-module-date\" datetime=\"2026-07-15T00:22:31+03:00\">15\/07\/2026<\/time><\/span><\/div>\n<\/div>\n<\/div>\n<\/div>\n<\/div>\n<\/div>\n<aside class=\"td_block_template_1 widget widget_recent_comments\">\n<h4 class=\"block-title\"><span>INTR\u0102 \u00ceN DISCU\u021aIE!<\/span><\/h4>\n<ul id=\"recentcomments\">\n<li class=\"recentcomments\"><span class=\"comment-author-link\">Mihaela<\/span> la <a href=\"https:\/\/r3media.ro\/ilie-bolojan-alegeri-anticipate\/#comment-40272\">Ilie Bolojan ia \u00een calcul organizarea alegerilor anticipate: Mai devreme sau mai t\u00e2rziu, s\u0103 ne \u00eentoarcem la judecata cet\u0103\u0163enilor<\/a><\/li>\n<li class=\"recentcomments\"><span class=\"comment-author-link\">Kh-47M2 Kinzhal<\/span> la <a href=\"https:\/\/r3media.ro\/premiera-mondiala-robot-transportat-barca-lupta-razboi-ucraina-video\/#comment-40271\">VIDEO | Premier\u0103 mondial\u0103! Un robot cu inteligen\u021b\u0103 artificial\u0103 transportat de o barc\u0103 lupt\u0103 \u00een r\u0103zboiul din Ucraina<\/a><\/li>\n<li class=\"recentcomments\"><span class=\"comment-author-link\">Constantin<\/span> la <a href=\"https:\/\/r3media.ro\/ambasadorul-germaniei-la-chisinau-revine-nu-a-fost-intentia-mea-sa-pun-sub-semnul-intrebarii-unitatea-chestiunii-romanesti-sau-a-credintei-crestin-ortodoxe\/#comment-40270\">Ambasadorul Germaniei la Chi\u0219in\u0103u revine: Nu a fost inten\u0163ia mea s\u0103 pun sub semnul \u00eentreb\u0103rii unitatea chestiunii rom\u00e2ne\u015fti sau a credin\u0163ei cre\u015ftin ortodoxe<\/a><\/li>\n<li class=\"recentcomments\"><span class=\"comment-author-link\">Narcis<\/span> la <a href=\"https:\/\/r3media.ro\/actorul-ioan-isaiu-a-facut-infarct-si-a-murit-in-fata-colegilor-sai-bou-vaccinat-anti-covid-19\/#comment-40269\">Actorul Ioan Isaiu a f\u0103cut infarct \u0219i a murit \u00een fa\u021ba colegilor s\u0103i: Am fost bou c\u0103 m-am vaccinat \u0219i v-am blocat pe cei care \u00eemi era\u021bi prieteni<\/a><\/li>\n<li class=\"recentcomments\"><span class=\"comment-author-link\">Haleu<\/span> la <a href=\"https:\/\/r3media.ro\/romania-si-slovenia-singurele-state-din-est-care-s-au-alaturat-sua-in-condamnarea-chinei-intr-o-speta-de-acum-10-ani\/#comment-40268\">Rom\u00e2nia \u0219i Slovenia, singurele state din Est care s-au al\u0103turat SUA \u00een condamnarea Chinei \u00eentr-o spe\u021b\u0103 de acum 10 ani<\/a><\/li>\n<li class=\"recentcomments\"><span class=\"comment-author-link\">Eu<\/span> la <a href=\"https:\/\/r3media.ro\/guvernul-sanchez-demoleaza-monumentul-de-la-majadahonda-ion-mota-vasile-marin-lupta-rzaboiul-civil-spaniol-comunisti\/#comment-40267\">Guvernul Sanchez demoleaz\u0103 Monumentul de la Majadahonda, dedicat lui Ion Mo\u021ba \u0219i Vasile Marin, rom\u00e2nii care au luptat \u00eempotriva comuni\u0219tilor \u00een R\u0103zboiul Civil Spaniol<\/a><\/li>\n<li class=\"recentcomments\"><span class=\"comment-author-link\">Constantin<\/span> la <a href=\"https:\/\/r3media.ro\/guvernul-sanchez-demoleaza-monumentul-de-la-majadahonda-ion-mota-vasile-marin-lupta-rzaboiul-civil-spaniol-comunisti\/#comment-40266\">Guvernul Sanchez demoleaz\u0103 Monumentul de la Majadahonda, dedicat lui Ion Mo\u021ba \u0219i Vasile Marin, rom\u00e2nii care au luptat \u00eempotriva comuni\u0219tilor \u00een R\u0103zboiul Civil Spaniol<\/a><\/li>\n<\/ul>\n<\/aside>\n<aside class=\"td_block_template_1 widget widget_search\">\n<h4 class=\"block-title\"><span>CAUT\u0102 \u0218I VEI G\u0102SI<\/span><\/h4>\n<\/aside>\n<\/div>\n<\/div>\n<\/div>\n<\/div>\n<\/div>\n<\/div>\n<\/div>\n<p><span class=\"td-page-meta\"><\/span><span class=\"td-page-meta\"><span class=\"td-page-meta\"><\/span><\/span><span class=\"td-page-meta\"><\/span><\/article>\n<\/p>\n<div class=\"td_block_wrap tdb_single_content tdi_18 td-pb-border-top td_block_template_1 td-post-content tagdiv-type\" data-td-block-uid=\"tdi_18\">\n<div class=\"tdb-block-inner td-fix-index\">\n<p><strong>Discutam ast\u0103zi de vrajb\u0103, \u00eenvr\u0103jbire \u0219i\/ sau vecin\u0103t\u0103\u021bi proaste, care au devenit mai degrab\u0103 regula dec\u00e2t excep\u021bia. Ne lovim unii de al\u021bii la bloc, la \u021bar\u0103 \u00eentr-o manier\u0103 pe care noi \u00een\u0219ine nu am cunoscut-o \u00eenainte.<\/strong><\/p>\n<p>Ceea ce alt\u0103dat\u0103 d\u0103dea substan\u021b\u0103 rela\u021biilor dintre noi \u0219i armonie nu mai func\u021bioneaz\u0103. Mai ales genera\u021biile mai noi au aceast\u0103 atitudine de contestare \u0219i <em>canceling<\/em>. \u0218i exercit\u0103, \u00eentr-un fel, un presing sau influen\u021b\u0103 asupra celorlalte genera\u021bii de a se \u201eactualiza\u201d.<\/p>\n<p>Purtam deci aceast\u0103 conversa\u021bie \u00eentr-o \u00eencercare de a clarifica contextul acestei \u00eenvr\u0103jbiri.<\/p>\n<p>Calderon de la Barca, un clasic spaniol de secol XVII \u00een maniera clasicilor francezi precum Racine sau Corneille, vedea tabloul lumii \u00een felul unei construc\u021bii gotice \u00een care fiecare om, breasl\u0103 sau stare social\u0103, \u00eencep\u00e2nd cu s\u0103racii \u0219i cer\u0219etorii \u0219i p\u00e2n\u0103 la regele catolic\/ \u00eemp\u0103rat, \u00ee\u0219i are locul lui prestabilit, \u00eentr-o ordine ierharhic\u0103, necesar\u0103, organic constituit\u0103 \u0219i corect\u0103, \u00een sensul c\u0103 fiecare este r\u00e2nduit s\u0103 fie la locul care i se potrive\u0219te cel mai bine.<\/p>\n<p>O fiin\u021b\u0103 suprem\u0103, Dumnezeu, este arhitectul acestei ordini morale, sociale \u0219i politice de privilegia\u021bi \u0219i n\u0103p\u0103stui\u021bi, ferici\u021bi fiindc\u0103 particip\u0103 \u00een marele plan\/ teatru al marelui arhitect divin\/ regizor. Pedro Calderon de la Barca \u00ee\u0219i imagineaz\u0103 a\u0219adar lumea ca o scen\u0103 \u00een care fiecare interpreteaz\u0103 un rol, rolul care i se potrive\u0219te numai lui (<em>Marele teatru al lumii<\/em>).<\/p>\n<p>Doctrina scolastic\u0103 a <em>analogia entis<\/em>, care \u00een marele lan\u021b al fiin\u021bei nu distinge nicio fisur\u0103 calific\u00e2nd ra\u021biunea cu virtu\u021bi teologice (singura teologie pe care putem s-o facem, spun ei), e tabloul defalcat al acestei viziuni a \u00eentregului (creat \u2013 increat) \u0219i principala lui justificare moral\u0103 \u0219i teologic\u0103.<\/p>\n<p>Anterior lui de la Barca, Tirso de Molina, c\u0103lug\u0103r \u0219i preot catolic (sec. XVI-XVII), face din <em>Don Juan<\/em> un sfid\u0103tor c\u0103ruia nu \u00eei putea rezista nicio femeie \u0219i nu putea fi \u00eenfr\u00e2nt de niciun b\u0103rbat. Don Juan nu e numele unui seduc\u0103tor de dragul de a seduce, nu e un modern Alfie (filmul cu Jude Law, 2004), ci e numele cuiva care risc\u0103 s\u0103 transforme \u00eentreaga ordine medieval\u0103, cu morala \u0219i codurile ei, \u00eentr-o comedie ridicol\u0103.<\/p>\n<p>Ne\u00eenfr\u00e2nt de nimeni \u0219i sfid\u0103tor, Don Juan este scos din joc nu de un om \u2014nici nu avea cum, fiindc\u0103 el era forma cea mai \u00eenalt\u0103 sau diabolic\u0103 a hybris-ului vremurilor medievale\u2014, ci de o statuie de piatr\u0103, un comandor (cavaler, ecou al vremurilor cavalere\u0219ti) cobor\u00e2t din cealalt\u0103 lume pentru a pune lucrurile \u00een ordine. Status quo-ul medieval spaniol, pus \u00een chestiune de acest sinistru hybris, Don Juan, este salvat de m\u00e2na unui trimis din lumea de dincolo.<\/p>\n<p>Molina la vremea lui a fost judecat gre\u0219it din cauza scrierii lui <em>Don Juan<\/em> (a avut de suferit), dar probabil c\u0103 acest Pedro Calderon de la Barca s-a g\u00e2ndit la el \u0219i concluzia lui atunci c\u00e2nd a scris <em>Marele teatru al lumii<\/em> (<em>El gran teatro del mundo<\/em>).<\/p>\n<p>Poate nu \u00eent\u00e2mpl\u0103tor, Tirso de Molina a publicat <em>Don Juan <\/em>\u00een 1630, iar Calderon de la Barca, de\u0219i \u0219i-a publicat piesa \u00een 1655, se pare c\u0103 a scris-o cam \u00een anii \u201930 care au urmat lui <em>Don Juan<\/em>, ca un r\u0103spuns la ea.<\/p>\n<p>\u00centr-un fel, aceast\u0103 ordine a lumii, privit\u0103 ca un mare lan\u021b al fiin\u021bei \u0219i format\u0103, se \u00een\u021belege, dintr-o minoritate de privilegia\u021bi care de\u021bin totul, sub raport material \u0219i simbolic, \u0219i foarte mul\u021bi n\u0103p\u0103stui\u021bi, era de a\u0219teptat s\u0103 se \u00eencheie cu un cutremur, precum cel generat de Revolu\u021bia francez\u0103.<\/p>\n<p>Pute\u021bi observa \u0219i singuri c\u0103 \u00een aceea\u0219i perioad\u0103 este consacrat \u0219i un alt gen literar\/ dramatic, comedia, care e mai degrab\u0103 liberal\u0103 \u00een modul \u00een care g\u0103se\u0219te s\u0103 r\u00e2d\u0103 de burghezi, con\u021bi \u0219i societatea sau morala lor. \u00ce\u0219i fac loc un Ben Jonson, Moliere,\u00a0 Goldoni, Beaumarchaise etc, pe un interval de 200 \u0219i ceva de ani, care se uit\u0103 la comediile greco-romane\/ clasice cu st\u0103p\u00e2ni gogomani \u0219i sclavi iste\u021bi \u0219i le transpun \u00een epoca lor.<\/p>\n<p>Criza politic\u0103 de la sf\u00e2r\u0219itul secolului XVIII-lea, \u00eenceputul secolului XIX, care s-a soldat cu r\u0103sturnarea acestor arhitecturi politico \u2013 sociale gotice din Europa \u0219i America de Sud \u0219i instalarea unor regimuri republican liberale \u0219i capitaliste pragmatice, era \u00eentr-un fel anun\u021bat\u0103.<\/p>\n<p>Nu e doar o criz\u0103 politic\u0103, ea e \u00eentr-un fel metafizic\u0103. Secolul XIX e secolul revolu\u021biilor, adic\u0103 al tuturor emancip\u0103rilor sociale, na\u021bional-politice \u0219i religioase (teologia e \u00eenlocuit\u0103 de \u0219tiin\u021b\u0103, Biserica de Academie, teologul de filosof \u0219i savant, preotul de psiholog, omul politic\u00a0 de manager, imperiul de na\u021biunea politic\u0103,\u00a0 marile \u00eentreb\u0103ri sunt l\u0103sate f\u0103r\u0103 r\u0103spuns) \u0219i creatorul unui tip de om care \u00ee\u0219i apar\u021bine sie\u0219i \u0219i care ia locul lui Dumnezeu devenind arhitectul sau creatorul propriului destin \u0219i morale (existen\u021ba care precede esen\u021ba).<\/p>\n<p>Dac\u0103 pentru antici tragedia era indisolubil legat\u0103 de zei (libertatea omului era libertatea de a \u00eemplini un destin stabilit de al\u021bii, adic\u0103 de zei, omul nu avea alte op\u021biuni), moartea zeilor \u00eens\u0103 anun\u021ba epoca modern\u0103, cu sf\u00e2r\u0219itul tragediei \u0219i na\u0219terea omului sau, ceea ce e acela\u0219i lucru, a supraomului.<\/p>\n<p>La cap\u0103tul a peste 100 ani de nihilism \u0219i\u00a0 individualism, lucrurile sunt departe de a ar\u0103ta grozav. Bilan\u021bul e mai degrab\u0103 catastrofal ast\u0103zi, dup\u0103 o scurt\u0103 perioad\u0103 de bun\u0103stare relativ\u0103 de cca 30 ani, dup\u0103 al Doilea R\u0103zboi Mondial. At\u00e2t \u00een Vest, c\u00e2t \u0219i \u00een Est. Dac\u0103 \u00eentrebi istoria c\u00e2nd s-au \u00eent\u00e2mplat cele mai multe mor\u021bi violente \u0219i catastrofe, ea \u00ee\u021bi va r\u0103spunde c\u0103 \u00een secolul XX, \u00eencep\u00e2nd cu secolul XIX, adic\u0103 \u00een cea mai liberal\u0103 \u0219i nihilist\u0103 epoc\u0103 din istorie.<\/p>\n<p>De ce spun toate astea? Omul, oric\u00e2t de supraom \u0219i suficient sie\u0219i, \u00ee\u0219i este insuficient, din orice punct de vedere.<\/p>\n<p>Nu se poate reproduce singur, adic\u0103 e \u00een situa\u021bia asta de milenii, este limitat \u00een timp \u0219i spa\u021biu \u0219i redus la cuno\u0219tin\u021bele vremii, nu poate produce tot ceea ce are nevoie, nu \u00eel scute\u0219te nimeni de prostii, e mai \u00eenfumurat dec\u00e2t oric\u00e2nd \u00eenainte, e mai singur, frustrat \u0219i depresiv cum nu a fost el niciodat\u0103 \u0219i, evident, e muritor sau finit.<\/p>\n<p>Timpul, a\u0219a cum spunea un istoric al religiilor, e teroarea lui. Fiindc\u0103 e un timp liniar, biologic, care se scurge \u00eenspre moarte \u0219i neant. \u201eAngst\u201d e zgomotul de fond al \u00eentregii lui f\u0103pturi. Toate succesele \u0219i \u00eemplinirile lui \u00eel las\u0103 cu sentimentul c\u0103 alearg\u0103 dup\u0103 ele, fiindc\u0103 fuge de fapt de altceva.<\/p>\n<p>Pe scurt, luat separat, omul e o fiin\u021b\u0103 patetic\u0103 destinat\u0103 pieirii mai degrab\u0103 dec\u00e2t vie\u021bii. \u00cen tradi\u021bia r\u0103s\u0103ritean\u0103, nu \u00eent\u00e2mpl\u0103tor, individul este opus persoanei (care este rela\u021bie \u0219i via\u021b\u0103 sau libertate) \u0219i asociat cu p\u0103catul sau separarea de Dumnezeu \u0219i moartea.<\/p>\n<p>Doar luat \u00een armonie sau \u00een rela\u021bie cu Dumnezeu, principalul izvor al fiin\u021bei \u0219i al vie\u021bii, omul se poate realiza plenar ca fiin\u021b\u0103. Tradi\u021bia bisericii \u00eenva\u021b\u0103 c\u0103 omul este persoan\u0103, adic\u0103 o fiin\u021b\u0103 teocentric\u0103.<\/p>\n<p>Adev\u0103rul, fiin\u021ba \u0219i libertatea lui sunt o problem\u0103 de comuniune\/ <em>koinonia<\/em> cu Dumnezeu. A\u0219a a fost de la \u00eenceput.<\/p>\n<p>Dostoievski e probabil cel mai profund scriitor care atunci c\u00e2nd s-a uitat \u00een sufletele unor atei ca Raskolnikov sau Ivan, r\u0103scolite de vinov\u0103\u021bie, a v\u0103zut \u00een ele lucind acel \u201edup\u0103 chipul \u0219i asem\u0103narea lui Dumnezeu\u201d. \u0218i ne-a dat de \u00een\u021beles, cum altfel, c\u0103 \u00eemp\u0103carea cu sine, via\u021ba \u0219i m\u00e2ntuirea omul le afl\u0103 doar \u00een poc\u0103in\u021b\u0103 \u0219i credin\u021b\u0103. Nu exist\u0103 o alt\u0103 cale.<\/p>\n<p>\u00centorc\u00e2ndu-ne de unde am plecat, \u0219i anume la vrajb\u0103, nu R\u0103s\u0103ritul a generat el aceste probleme.<\/p>\n<p>R\u0103s\u0103ritul a importat aceste lucruri, odat\u0103 cu intrarea \u00een siajul acestor societ\u0103\u021bi liberale, care au avut mijloacele s\u0103 \u00ee\u0219i impun\u0103 institu\u021biile \u0219i cultura.<\/p>\n<p>R\u0103spunsul la acest tip societate st\u0103 poate \u00een ceea ce britanici ca John Milbank sau Adrian Pabst numesc <em>civil state,<\/em><em>big society<\/em>, reconsider\u00e2nd rolul institu\u021biilor intermediare precum biserica, familia, tradi\u021bia etc \u0219i \u00een genere al comunalit\u0103\u021bii.<\/p>\n<p>Ceea ceea \u00eentr-un fel ne sun\u0103 familiar, fiindc\u0103 \u0219i noi am cunoscut forme de socialitate politic\u0103 bazate pe structuri intermediare, de pild\u0103 ob\u0219tea, satul sau gospod\u0103ria, \u0219i dreptul de folosin\u021b\u0103 (mai degrab\u0103 dec\u00e2t dreptul de proprietate).<\/p>\n<div class=\"crp_related     crp-masonry\">\n<h2>\u00ceN CONTEXT<\/h2>\n<ul>\n<li><a href=\"https:\/\/r3media.ro\/fara-tine-in-google-r3media-dispare-iata-ce-poti-face-in-10-secunde\/\" class=\"crp_link post-119031\"><span class=\"crp_title\">F\u0103r\u0103 tine \u00een Google, R3media dispare. Iat\u0103 ce po\u021bi face \u00een 10 secunde<\/span><\/a><\/li>\n<li><a href=\"https:\/\/r3media.ro\/nihilism-si-teologie-intre-occident-si-rasarit\/\" class=\"crp_link post-115028\"><span class=\"crp_title\">Nihilism \u0219i teologie: \u00eentre Occident \u0219i R\u0103s\u0103rit<\/span><\/a><\/li>\n<li><a href=\"https:\/\/r3media.ro\/o-nuca-tare-si-un-diamant-moale\/\" class=\"crp_link post-115624\"><span class=\"crp_title\">O nuc\u0103 tare \u0219i un diamant moale<\/span><\/a><\/li>\n<li><a href=\"https:\/\/r3media.ro\/integral-discurs-marco-rubio-munchen-europa-mandra-cultura-mostenire\/\" class=\"crp_link post-115207\"><span class=\"crp_title\">INTEGRAL | Discursul lui Marco Rubio la Conferin\u021ba de Securitatea de la Munchen: Ne dorim\u2026<\/span><\/a><\/li>\n<li><a href=\"https:\/\/r3media.ro\/labirint-mister-medieval-si-anti-clericalism-in-numele-trandafirului\/\" class=\"crp_link post-114160\"><span class=\"crp_title\">Labirint, mister medieval \u0219i anti-clericalism \u00een Numele trandafirului<\/span><\/a><\/li>\n<li><a href=\"https:\/\/r3media.ro\/habemus-papam-la-ce-bun\/\" class=\"crp_link post-115860\"><span class=\"crp_title\">Habemus Papam! La ce bun?<\/span><\/a><\/li>\n<\/ul>\n<\/div>\n<\/div>\n<\/div>\n<p>[analyse_source url=&#8221;https:\/\/r3media.ro\/de-la-invrajbire-la-contestare-si-nihilism\/&#8221;]<\/p>\n","protected":false},"excerpt":{"rendered":"<p>[analyse_image type=&#8221;featured&#8221; src=&#8221;https:\/\/r3media.ro\/wp-content\/uploads\/2026\/07\/nihilism-e1784139338273.pnghttps:\/\/r3media.ro\/wp-content\/uploads\/2026\/07\/nihilism-e1784139338273.png&#8221;] FEATUREDDe la \u00eenvr\u0103jbire la contestare \u0219i nihilism FEATUREDOPINII\u0218TIRI De la \u00eenvr\u0103jbire la contestare \u0219i nihilism Constantin B\u0103l\u0103\u0219oiu 15\/07\/2026 Sursa foto: ChatGPT Discutam ast\u0103zi de vrajb\u0103, \u00eenvr\u0103jbire \u0219i\/ sau vecin\u0103t\u0103\u021bi proaste, care au devenit mai degrab\u0103 regula dec\u00e2t excep\u021bia. Ne lovim unii de al\u021bii la bloc, la \u021bar\u0103 \u00eentr-o manier\u0103 pe care noi [&hellip;]<\/p>\n","protected":false},"author":1,"featured_media":0,"comment_status":"open","ping_status":"","sticky":false,"template":"","format":"standard","meta":{"footnotes":""},"categories":[89],"tags":[226,93],"class_list":["post-2045094","post","type-post","status-publish","format-standard","hentry","category-romania","tag-crawlmanager","tag-r3media-ro"],"_links":{"self":[{"href":"https:\/\/analyse.optim.biz\/index.php?rest_route=\/wp\/v2\/posts\/2045094","targetHints":{"allow":["GET"]}}],"collection":[{"href":"https:\/\/analyse.optim.biz\/index.php?rest_route=\/wp\/v2\/posts"}],"about":[{"href":"https:\/\/analyse.optim.biz\/index.php?rest_route=\/wp\/v2\/types\/post"}],"author":[{"embeddable":true,"href":"https:\/\/analyse.optim.biz\/index.php?rest_route=\/wp\/v2\/users\/1"}],"replies":[{"embeddable":true,"href":"https:\/\/analyse.optim.biz\/index.php?rest_route=%2Fwp%2Fv2%2Fcomments&post=2045094"}],"version-history":[{"count":0,"href":"https:\/\/analyse.optim.biz\/index.php?rest_route=\/wp\/v2\/posts\/2045094\/revisions"}],"wp:attachment":[{"href":"https:\/\/analyse.optim.biz\/index.php?rest_route=%2Fwp%2Fv2%2Fmedia&parent=2045094"}],"wp:term":[{"taxonomy":"category","embeddable":true,"href":"https:\/\/analyse.optim.biz\/index.php?rest_route=%2Fwp%2Fv2%2Fcategories&post=2045094"},{"taxonomy":"post_tag","embeddable":true,"href":"https:\/\/analyse.optim.biz\/index.php?rest_route=%2Fwp%2Fv2%2Ftags&post=2045094"}],"curies":[{"name":"wp","href":"https:\/\/api.w.org\/{rel}","templated":true}]}}