{"id":2044864,"date":"2026-07-15T15:33:26","date_gmt":"2026-07-15T12:33:26","guid":{"rendered":"https:\/\/analyse.optim.biz\/?p=2044864"},"modified":"2026-07-15T15:33:26","modified_gmt":"2026-07-15T12:33:26","slug":"primaria-sarichioi-infiinteaza-servicii-sociale-integrate-pentru-seniorii-comunitatii-ce-se-afla-in-dificultate","status":"publish","type":"post","link":"https:\/\/analyse.optim.biz\/?p=2044864","title":{"rendered":"Prim\u0103ria Sarichioi \u00eenfiin\u021beaz\u0103 servicii sociale integrate pentru seniorii comunit\u0103\u021bii ce se afl\u0103 \u00een dificultate"},"content":{"rendered":"<p>[analyse_image type=&#8221;featured&#8221; src=&#8221;https:\/\/dobrogeanews.b-cdn.net\/wp-content\/uploads\/2022\/07\/sarichioi2_pe.jpg&#8221;]<\/p>\n<div id=\"post-71952\" class=\"entry single-default post-71952 post type-post status-publish format-standard has-post-thumbnail hentry category-info category-sarichioi\">\n<div>\n<div class=\"ss-follow-wrapper ss-clearfix ss-regular-buttons ss-columns-1 ss-default-style\">\n<div class=\"ss-follow-column\" data-ss-sf-network-id=\"&quot;facebook&quot;\"><a href=\"https:\/\/www.facebook.com\/dobrogeanews\" class=\"ss-follow-network ss-facebook-color\" rel=\"nofollow noopener\" aria-label=\"facebook\" target=\"_blank\"><span class=\"ss-follow-network-label\">Urm\u0103re\u015fte-ne \u015fi pe Facebook!<\/span><span class=\"ss-follow-network-count\"><span class=\"ss-follow-network-count-number\">57K<\/span><span class=\"ss-follow-network-count-label\">Followers<\/span><\/span><\/a><\/div>\n<\/div>\n<\/div>\n<p>Prim\u0103ria Sarichioi a \u00eenceput implementarea unui proiect dedicat persoanelor v\u00e2rstnice vulnerabile din localitate numit <strong>\u201eB\u0103tr\u00e2ne\u021be f\u0103r\u0103 griji\u201d<\/strong> proiect finan\u021bat cu fonduri europene ce are drept scop accesul mai facil la servicii sociale integrate pentru seniorii comunit\u0103\u021bii ce se afl\u0103 \u00een dificultate. Se va \u00eenfiin\u021ba <strong>Comitetului Comunitar al B\u0103tr\u00e2nilor<\/strong> prin intermediul c\u0103ruia se vor organiza activit\u0103\u0163i socio-culturale specifice.<\/p>\n<figure class=\"wp-block-image size-full is-resized\">\n<source type=\"image\/webp\" data-lazy-srcset=\"https:\/\/dobrogeanews.b-cdn.net\/wp-content\/uploads\/2022\/07\/sarichioi2_pe.jpg.webp 2560w, https:\/\/dobrogeanews.b-cdn.net\/wp-content\/uploads\/2022\/07\/sarichioi2_pe-300x169.jpg.webp 300w, https:\/\/dobrogeanews.b-cdn.net\/wp-content\/uploads\/2022\/07\/sarichioi2_pe-1024x577.jpg.webp 1024w, https:\/\/dobrogeanews.b-cdn.net\/wp-content\/uploads\/2022\/07\/sarichioi2_pe-768x433.jpg.webp 768w, https:\/\/dobrogeanews.b-cdn.net\/wp-content\/uploads\/2022\/07\/sarichioi2_pe-1536x866.jpg.webp 1536w, https:\/\/dobrogeanews.b-cdn.net\/wp-content\/uploads\/2022\/07\/sarichioi2_pe-2048x1154.jpg.webp 2048w\" sizes=\"(max-width: 640px) 100vw, 640px\" \/><br \/>\n<img loading=\"lazy\" decoding=\"async\" src=\"https:\/\/dobrogeanews.b-cdn.net\/wp-content\/uploads\/2022\/07\/sarichioi2_pe.jpg\" alt=\"\" width=\"640\" height=\"361\"><\/figure>\n<p>\u201eEste o dorin\u021b\u0103 a noastr\u0103 de a veni \u00een sprijinul persoanelor v\u00e2rstnice aflate \u00een situa\u021bii mai speciale care au pur \u0219i simplu nevoie asisten\u021b\u0103 social\u0103 specializat\u0103 la domiciliu. <\/p>\n<p>Este un proiect la care lucr\u0103m de ceva timp \u0219i care, iat\u0103, \u00eencepe chiar \u00een aceast\u0103 perioad\u0103. Proiectul vizeaz\u0103 \u00eenfiin\u0163area unui sistem modern de sprijin la domiciliu, prevenirea izol\u0103rii sociale \u015fi promovarea \u00eemb\u0103tr\u00e2nirii active cu men\u0163inerea beneficiarilor \u00een mediul lor familial. <\/p>\n<figure class=\"wp-block-image size-full is-resized\">\n<source type=\"image\/webp\" data-lazy-srcset=\"https:\/\/dobrogeanews.b-cdn.net\/wp-content\/uploads\/2025\/04\/vitali-finoghen.jpg.webp 2560w, https:\/\/dobrogeanews.b-cdn.net\/wp-content\/uploads\/2025\/04\/vitali-finoghen-300x246.jpg.webp 300w, https:\/\/dobrogeanews.b-cdn.net\/wp-content\/uploads\/2025\/04\/vitali-finoghen-1024x840.jpg.webp 1024w, https:\/\/dobrogeanews.b-cdn.net\/wp-content\/uploads\/2025\/04\/vitali-finoghen-768x630.jpg.webp 768w, https:\/\/dobrogeanews.b-cdn.net\/wp-content\/uploads\/2025\/04\/vitali-finoghen-1536x1260.jpg.webp 1536w, https:\/\/dobrogeanews.b-cdn.net\/wp-content\/uploads\/2025\/04\/vitali-finoghen-2048x1680.jpg.webp 2048w\" sizes=\"(max-width: 640px) 100vw, 640px\" \/><br \/>\n<img loading=\"lazy\" decoding=\"async\" src=\"https:\/\/dobrogeanews.b-cdn.net\/wp-content\/uploads\/2025\/04\/vitali-finoghen.jpg\" alt=\"Vitali Finoghen primar Sarichioi\" width=\"640\" height=\"525\"><\/figure>\n<p>Vorbim despre \u00eenfiin\u021barea unei unit\u0103\u0163i specializate de \u00eengrijiri la domiciliu care s\u0103 cuprind\u0103 pe l\u00e2ng\u0103 hrana cald\u0103 adus\u0103 b\u00e2tr\u00e2nilor \u0219i asisten\u0163\u0103 medical\u0103, consiliere psihologic\u0103, informare \u015fi consiliere social\u0103. <\/p>\n<p>Pentru \u00eenceput vorbim despre 85 de beneficiari \u015fi despre \u00eenfiin\u0163area <strong>Comitetului Comunitar al B\u0103tr\u00e2nilor<\/strong> prin intermediul c\u0103ruia s\u0103 organiz\u0103m activit\u0103\u0163i socio-culturale, ateliere de crea\u0163ie, \u015fez\u0103tori, chiar excursii. Cu siguran\u021b\u0103 b\u0103tr\u00e2ne\u021bea ar putea fi mai u\u0219oar\u0103 pentru ace\u0219ti seniori ai comunit\u0103\u021bii noastre\u201d <\/p>\n<p>ne-a informat Vitali Finoghen, primarul comunei Sarichioi.<\/p>\n<p>Proiectul este finan\u021bat de Uniunea European\u0103, prin Fondul Social European Plus (FSE+), \u00een cadrul Programului Incluziune \u015fi Demnitate Social\u0103 2021-2027.<\/p>\n<div class=\"monsterinsights-inline-popular-posts monsterinsights-inline-popular-posts-charlie monsterinsights-popular-posts-styled\">\n<div class=\"monsterinsights-inline-popular-posts-text\"><span class=\"monsterinsights-inline-popular-posts-label\">Vezi \u0219i:<\/span><\/p>\n<div class=\"monsterinsights-inline-popular-posts-post\"><a class=\"monsterinsights-inline-popular-posts-title\" href=\"https:\/\/www.dobrogeanews.ro\/stefan-ilie-primar-tulcea-avem-buget-mai-mare-si-mai-multe-investitii-modernizarea-strazilor-si-a-retelelor-de-utilitati-de-sub-carosabil-continua-tulcea-va-fi-un-oras-european\/\">\u0218tefan Ilie, primar Tulcea: Avem buget mai mare \u0219i mai multe investi\u021bii. Modernizarea str\u0103zilor \u0219i a re\u021belelor de utilit\u0103\u021bi de sub carosabil, continu\u0103. Tulcea va fi un ora\u0219 european(!)<\/a><\/div>\n<div class=\"monsterinsights-inline-popular-posts-post\"><a class=\"monsterinsights-inline-popular-posts-title\" href=\"https:\/\/www.dobrogeanews.ro\/santierul-naval-vard-shipyards-tulcea-nkt-eleonora-prima-nava-din-lume-de-pozare-a-cablurilor-care-functioneaza-cu-e-metanol-la-standardele-moderne-de-mediu\/\">\u0218antierul Naval Vard Shipyards Tulcea: NKT Eleonora, prima nav\u0103 din lume (de pozare a cablurilor) care func\u021bioneaz\u0103 cu e-metanol, la standardele moderne de mediu<\/a><\/div>\n<div class=\"monsterinsights-inline-popular-posts-post\"><a class=\"monsterinsights-inline-popular-posts-title\" href=\"https:\/\/www.dobrogeanews.ro\/dupa-aprobarea-bugetului-2026-la-babadag-se-deschid-alte-santiere-de-investitii\/\">Dup\u0103 aprobarea bugetului 2026, la Babadag se deschid alte \u0219antiere de investi\u021bii<\/a><\/div>\n<\/div>\n<\/div>\n<p class=\"has-text-align-center has-white-color has-text-color has-background\"><span><a href=\"https:\/\/news.google.com\/publications\/CAAqBwgKMIu5pgsw88O-Aw?ceid=RO:ro&amp;oc=3\">Urm\u0103ri\u0163i \u015etirile Dobrogeanews \u015fi pe Google News<\/a><\/span><\/p>\n<\/div>\n<div id=\"post-71952\" class=\"entry single-default post-71952 post type-post status-publish format-standard has-post-thumbnail hentry category-info category-sarichioi\">\n<div>\n<div class=\"ss-follow-wrapper ss-clearfix ss-regular-buttons ss-columns-1 ss-default-style\">\n<div class=\"ss-follow-column\" data-ss-sf-network-id=\"&quot;facebook&quot;\"><a href=\"https:\/\/www.facebook.com\/dobrogeanews\" class=\"ss-follow-network ss-facebook-color\" rel=\"nofollow noopener\" aria-label=\"facebook\" target=\"_blank\"><span class=\"ss-follow-network-label\">Urm\u0103re\u015fte-ne \u015fi pe Facebook!<\/span><span class=\"ss-follow-network-count\"><span class=\"ss-follow-network-count-number\">57K<\/span><span class=\"ss-follow-network-count-label\">Followers<\/span><\/span><\/a><\/div>\n<\/div>\n<\/div>\n<p>Prim\u0103ria Sarichioi a \u00eenceput implementarea unui proiect dedicat persoanelor v\u00e2rstnice vulnerabile din localitate numit <strong>\u201eB\u0103tr\u00e2ne\u021be f\u0103r\u0103 griji\u201d<\/strong> proiect finan\u021bat cu fonduri europene ce are drept scop accesul mai facil la servicii sociale integrate pentru seniorii comunit\u0103\u021bii ce se afl\u0103 \u00een dificultate. Se va \u00eenfiin\u021ba <strong>Comitetului Comunitar al B\u0103tr\u00e2nilor<\/strong> prin intermediul c\u0103ruia se vor organiza activit\u0103\u0163i socio-culturale specifice.<\/p>\n<figure class=\"wp-block-image size-full is-resized\">\n<source type=\"image\/webp\" data-lazy-srcset=\"https:\/\/dobrogeanews.b-cdn.net\/wp-content\/uploads\/2022\/07\/sarichioi2_pe.jpg.webp 2560w, https:\/\/dobrogeanews.b-cdn.net\/wp-content\/uploads\/2022\/07\/sarichioi2_pe-300x169.jpg.webp 300w, https:\/\/dobrogeanews.b-cdn.net\/wp-content\/uploads\/2022\/07\/sarichioi2_pe-1024x577.jpg.webp 1024w, https:\/\/dobrogeanews.b-cdn.net\/wp-content\/uploads\/2022\/07\/sarichioi2_pe-768x433.jpg.webp 768w, https:\/\/dobrogeanews.b-cdn.net\/wp-content\/uploads\/2022\/07\/sarichioi2_pe-1536x866.jpg.webp 1536w, https:\/\/dobrogeanews.b-cdn.net\/wp-content\/uploads\/2022\/07\/sarichioi2_pe-2048x1154.jpg.webp 2048w\" sizes=\"(max-width: 640px) 100vw, 640px\" \/><br \/>\n<img loading=\"lazy\" decoding=\"async\" src=\"https:\/\/dobrogeanews.b-cdn.net\/wp-content\/uploads\/2022\/07\/sarichioi2_pe.jpg\" alt=\"\" width=\"640\" height=\"361\"><\/figure>\n<p>\u201eEste o dorin\u021b\u0103 a noastr\u0103 de a veni \u00een sprijinul persoanelor v\u00e2rstnice aflate \u00een situa\u021bii mai speciale care au pur \u0219i simplu nevoie asisten\u021b\u0103 social\u0103 specializat\u0103 la domiciliu. <\/p>\n<p>Este un proiect la care lucr\u0103m de ceva timp \u0219i care, iat\u0103, \u00eencepe chiar \u00een aceast\u0103 perioad\u0103. Proiectul vizeaz\u0103 \u00eenfiin\u0163area unui sistem modern de sprijin la domiciliu, prevenirea izol\u0103rii sociale \u015fi promovarea \u00eemb\u0103tr\u00e2nirii active cu men\u0163inerea beneficiarilor \u00een mediul lor familial. <\/p>\n<figure class=\"wp-block-image size-full is-resized\">\n<source type=\"image\/webp\" data-lazy-srcset=\"https:\/\/dobrogeanews.b-cdn.net\/wp-content\/uploads\/2025\/04\/vitali-finoghen.jpg.webp 2560w, https:\/\/dobrogeanews.b-cdn.net\/wp-content\/uploads\/2025\/04\/vitali-finoghen-300x246.jpg.webp 300w, https:\/\/dobrogeanews.b-cdn.net\/wp-content\/uploads\/2025\/04\/vitali-finoghen-1024x840.jpg.webp 1024w, https:\/\/dobrogeanews.b-cdn.net\/wp-content\/uploads\/2025\/04\/vitali-finoghen-768x630.jpg.webp 768w, https:\/\/dobrogeanews.b-cdn.net\/wp-content\/uploads\/2025\/04\/vitali-finoghen-1536x1260.jpg.webp 1536w, https:\/\/dobrogeanews.b-cdn.net\/wp-content\/uploads\/2025\/04\/vitali-finoghen-2048x1680.jpg.webp 2048w\" sizes=\"(max-width: 640px) 100vw, 640px\" \/><br \/>\n<img loading=\"lazy\" decoding=\"async\" src=\"https:\/\/dobrogeanews.b-cdn.net\/wp-content\/uploads\/2025\/04\/vitali-finoghen.jpg\" alt=\"Vitali Finoghen primar Sarichioi\" width=\"640\" height=\"525\"><\/figure>\n<p>Vorbim despre \u00eenfiin\u021barea unei unit\u0103\u0163i specializate de \u00eengrijiri la domiciliu care s\u0103 cuprind\u0103 pe l\u00e2ng\u0103 hrana cald\u0103 adus\u0103 b\u00e2tr\u00e2nilor \u0219i asisten\u0163\u0103 medical\u0103, consiliere psihologic\u0103, informare \u015fi consiliere social\u0103. <\/p>\n<p>Pentru \u00eenceput vorbim despre 85 de beneficiari \u015fi despre \u00eenfiin\u0163area <strong>Comitetului Comunitar al B\u0103tr\u00e2nilor<\/strong> prin intermediul c\u0103ruia s\u0103 organiz\u0103m activit\u0103\u0163i socio-culturale, ateliere de crea\u0163ie, \u015fez\u0103tori, chiar excursii. Cu siguran\u021b\u0103 b\u0103tr\u00e2ne\u021bea ar putea fi mai u\u0219oar\u0103 pentru ace\u0219ti seniori ai comunit\u0103\u021bii noastre\u201d <\/p>\n<p>ne-a informat Vitali Finoghen, primarul comunei Sarichioi.<\/p>\n<p>Proiectul este finan\u021bat de Uniunea European\u0103, prin Fondul Social European Plus (FSE+), \u00een cadrul Programului Incluziune \u015fi Demnitate Social\u0103 2021-2027.<\/p>\n<div class=\"monsterinsights-inline-popular-posts monsterinsights-inline-popular-posts-charlie monsterinsights-popular-posts-styled\">\n<div class=\"monsterinsights-inline-popular-posts-text\"><span class=\"monsterinsights-inline-popular-posts-label\">Vezi \u0219i:<\/span><\/p>\n<div class=\"monsterinsights-inline-popular-posts-post\"><a class=\"monsterinsights-inline-popular-posts-title\" href=\"https:\/\/www.dobrogeanews.ro\/stefan-ilie-primar-tulcea-avem-buget-mai-mare-si-mai-multe-investitii-modernizarea-strazilor-si-a-retelelor-de-utilitati-de-sub-carosabil-continua-tulcea-va-fi-un-oras-european\/\">\u0218tefan Ilie, primar Tulcea: Avem buget mai mare \u0219i mai multe investi\u021bii. Modernizarea str\u0103zilor \u0219i a re\u021belelor de utilit\u0103\u021bi de sub carosabil, continu\u0103. Tulcea va fi un ora\u0219 european(!)<\/a><\/div>\n<div class=\"monsterinsights-inline-popular-posts-post\"><a class=\"monsterinsights-inline-popular-posts-title\" href=\"https:\/\/www.dobrogeanews.ro\/santierul-naval-vard-shipyards-tulcea-nkt-eleonora-prima-nava-din-lume-de-pozare-a-cablurilor-care-functioneaza-cu-e-metanol-la-standardele-moderne-de-mediu\/\">\u0218antierul Naval Vard Shipyards Tulcea: NKT Eleonora, prima nav\u0103 din lume (de pozare a cablurilor) care func\u021bioneaz\u0103 cu e-metanol, la standardele moderne de mediu<\/a><\/div>\n<div class=\"monsterinsights-inline-popular-posts-post\"><a class=\"monsterinsights-inline-popular-posts-title\" href=\"https:\/\/www.dobrogeanews.ro\/dupa-aprobarea-bugetului-2026-la-babadag-se-deschid-alte-santiere-de-investitii\/\">Dup\u0103 aprobarea bugetului 2026, la Babadag se deschid alte \u0219antiere de investi\u021bii<\/a><\/div>\n<\/div>\n<\/div>\n<p class=\"has-text-align-center has-white-color has-text-color has-background\"><span><a href=\"https:\/\/news.google.com\/publications\/CAAqBwgKMIu5pgsw88O-Aw?ceid=RO:ro&amp;oc=3\">Urm\u0103ri\u0163i \u015etirile Dobrogeanews \u015fi pe Google News<\/a><\/span><\/p>\n<\/div>\n<p>[analyse_source url=&#8221;https:\/\/www.dobrogeanews.ro\/primaria-sarichioi-infiinteaza-servicii-sociale-integrate-pentru-seniorii-comunitatii-ce-se-afla-in-dificultate\/&#8221;]<\/p>\n","protected":false},"excerpt":{"rendered":"<p>[analyse_image type=&#8221;featured&#8221; src=&#8221;https:\/\/dobrogeanews.b-cdn.net\/wp-content\/uploads\/2022\/07\/sarichioi2_pe.jpg&#8221;] Urm\u0103re\u015fte-ne \u015fi pe Facebook!57KFollowers Prim\u0103ria Sarichioi a \u00eenceput implementarea unui proiect dedicat persoanelor v\u00e2rstnice vulnerabile din localitate numit \u201eB\u0103tr\u00e2ne\u021be f\u0103r\u0103 griji\u201d proiect finan\u021bat cu fonduri europene ce are drept scop accesul mai facil la servicii sociale integrate pentru seniorii comunit\u0103\u021bii ce se afl\u0103 \u00een dificultate. Se va \u00eenfiin\u021ba Comitetului Comunitar al B\u0103tr\u00e2nilor [&hellip;]<\/p>\n","protected":false},"author":1,"featured_media":0,"comment_status":"open","ping_status":"","sticky":false,"template":"","format":"standard","meta":{"footnotes":""},"categories":[89],"tags":[226,223],"class_list":["post-2044864","post","type-post","status-publish","format-standard","hentry","category-romania","tag-crawlmanager","tag-dobrogeanews-ro"],"_links":{"self":[{"href":"https:\/\/analyse.optim.biz\/index.php?rest_route=\/wp\/v2\/posts\/2044864","targetHints":{"allow":["GET"]}}],"collection":[{"href":"https:\/\/analyse.optim.biz\/index.php?rest_route=\/wp\/v2\/posts"}],"about":[{"href":"https:\/\/analyse.optim.biz\/index.php?rest_route=\/wp\/v2\/types\/post"}],"author":[{"embeddable":true,"href":"https:\/\/analyse.optim.biz\/index.php?rest_route=\/wp\/v2\/users\/1"}],"replies":[{"embeddable":true,"href":"https:\/\/analyse.optim.biz\/index.php?rest_route=%2Fwp%2Fv2%2Fcomments&post=2044864"}],"version-history":[{"count":0,"href":"https:\/\/analyse.optim.biz\/index.php?rest_route=\/wp\/v2\/posts\/2044864\/revisions"}],"wp:attachment":[{"href":"https:\/\/analyse.optim.biz\/index.php?rest_route=%2Fwp%2Fv2%2Fmedia&parent=2044864"}],"wp:term":[{"taxonomy":"category","embeddable":true,"href":"https:\/\/analyse.optim.biz\/index.php?rest_route=%2Fwp%2Fv2%2Fcategories&post=2044864"},{"taxonomy":"post_tag","embeddable":true,"href":"https:\/\/analyse.optim.biz\/index.php?rest_route=%2Fwp%2Fv2%2Ftags&post=2044864"}],"curies":[{"name":"wp","href":"https:\/\/api.w.org\/{rel}","templated":true}]}}