{"id":2044844,"date":"2026-07-15T14:48:12","date_gmt":"2026-07-15T11:48:12","guid":{"rendered":"https:\/\/analyse.optim.biz\/?p=2044844"},"modified":"2026-07-15T14:48:12","modified_gmt":"2026-07-15T11:48:12","slug":"tichete-sociale-pentru-achizitionarea-de-alimente-acordate-pensionarilor-de-cj-suceava-stiri-suceava","status":"publish","type":"post","link":"https:\/\/analyse.optim.biz\/?p=2044844","title":{"rendered":"Tichete sociale pentru achizi\u021bionarea de alimente, acordate pensionarilor de CJ Suceava &#8211; Stiri Suceava"},"content":{"rendered":"<p>[analyse_image type=&#8221;featured&#8221; src=&#8221;https:\/\/www.informatiata.ro\/wp-content\/uploads\/2026\/07\/Gheorghe-soldan-1024&#215;1003.jpg&#8221;]<\/p>\n<div class=\"td-post-content tagdiv-type\">\n<div class=\"td-post-featured-image\"><a href=\"https:\/\/www.informatiata.ro\/wp-content\/uploads\/2026\/07\/Gheorghe-soldan.jpg\" data-caption><img loading=\"lazy\" decoding=\"async\" width=\"696\" height=\"682\" class=\"entry-thumb td-modal-image\" src=\"https:\/\/www.informatiata.ro\/wp-content\/uploads\/2026\/07\/Gheorghe-soldan-696x682.jpg\" alt title=\"Gheorghe soldan\"><img loading=\"lazy\" decoding=\"async\" width=\"696\" height=\"682\" class=\"entry-thumb td-modal-image\" src=\"https:\/\/www.informatiata.ro\/wp-content\/uploads\/2026\/07\/Gheorghe-soldan-696x682.jpg\" alt title=\"Gheorghe soldan\"><\/a><\/div>\n<p>Tichete sociale pentru achizi\u021bionarea de alimente, acordate pensionarilor de CJ Suceava. <\/p>\n<p>Miercuri, \u00een \u0219edin\u021ba Consiliului Jude\u021bean Suceava, a fost aprobat regulamentul programului prin care aproximativ 36.000 de pensionari din jude\u021bul Suceava, care beneficiaz\u0103 de pensia minim\u0103 garantat\u0103 \u0219i nu au alte venituri, vor primi tichete sociale pentru alimente, \u00een valoare de 250 de lei.<\/p>\n<div class=\"td-a-rec td-a-rec-id-content_inlineright  tdi_7 td_block_template_1\"><img loading=\"lazy\" decoding=\"async\" class=\"aligncenter size-full wp-image-65603\" src=\"https:\/\/www.informatiata.ro\/wp-content\/uploads\/2026\/07\/SAVCOM-19.gif\" alt width=\"299\" height=\"250\"><img loading=\"lazy\" decoding=\"async\" class=\"aligncenter size-full wp-image-65603\" src=\"https:\/\/www.informatiata.ro\/wp-content\/uploads\/2026\/07\/SAVCOM-19.gif\" alt width=\"299\" height=\"250\"><img loading=\"lazy\" decoding=\"async\" class=\"aligncenter size-full wp-image-65604\" src=\"https:\/\/www.informatiata.ro\/wp-content\/uploads\/2026\/07\/FACOS-16.gif\" alt width=\"300\" height=\"250\"><img loading=\"lazy\" decoding=\"async\" class=\"aligncenter size-full wp-image-65604\" src=\"https:\/\/www.informatiata.ro\/wp-content\/uploads\/2026\/07\/FACOS-16.gif\" alt width=\"300\" height=\"250\"><\/div>\n<p>Pre\u0219edintele CJ Suceava, Gheorghe \u0218oldan, a declarat c\u0103 s-au prev\u0103zut \u00een bugetul jude\u021bului 9 milioane de lei pentru acest program.<\/p>\n<p>Tichetele vor fi distribuite \u00een apropierea s\u0103rb\u0103torilor de iarn\u0103, prin Po\u0219ta Rom\u00e2n\u0103, pe baza listelor \u00eentocmite de Casa Jude\u021bean\u0103 de Pensii Suceava, astfel \u00eenc\u00e2t beneficiarii s\u0103 nu fie nevoi\u021bi s\u0103 depun\u0103 cereri sau s\u0103 stea la cozi.<\/p>\n<p>\u201e\u0218tiu c\u0103 acest sprijin nu rezolv\u0103 toate dificult\u0103\u021bile cu care se confrunt\u0103 seniorii. Dar este un ajutor concret \u0219i un gest firesc al unei administra\u021bii preocupate de oameni, nu doar de investi\u021bii\u201d, a suiniat Gheorghe \u0218oldan. <\/p>\n<p>15.07.2026<\/p>\n<div class=\"td-a-rec td-a-rec-id-content_bottom  td-rec-hide-on-m tdi_8 td_block_template_1\"><img loading=\"lazy\" decoding=\"async\" class=\"aligncenter size-full wp-image-65603\" src=\"https:\/\/www.informatiata.ro\/wp-content\/uploads\/2026\/07\/SAVCOM-19.gif\" alt width=\"299\" height=\"250\"><img loading=\"lazy\" decoding=\"async\" class=\"aligncenter size-full wp-image-65603\" src=\"https:\/\/www.informatiata.ro\/wp-content\/uploads\/2026\/07\/SAVCOM-19.gif\" alt width=\"299\" height=\"250\"><img loading=\"lazy\" decoding=\"async\" class=\"aligncenter size-full wp-image-65604\" src=\"https:\/\/www.informatiata.ro\/wp-content\/uploads\/2026\/07\/FACOS-16.gif\" alt width=\"300\" height=\"250\"><img loading=\"lazy\" decoding=\"async\" class=\"aligncenter size-full wp-image-65604\" src=\"https:\/\/www.informatiata.ro\/wp-content\/uploads\/2026\/07\/FACOS-16.gif\" alt width=\"300\" height=\"250\"><\/div>\n<\/div>\n<p>[analyse_source url=&#8221;https:\/\/www.informatiata.ro\/tichete-pt-alimente-pensionar-suceava\/&#8221;]<\/p>\n","protected":false},"excerpt":{"rendered":"<p>[analyse_image type=&#8221;featured&#8221; src=&#8221;https:\/\/www.informatiata.ro\/wp-content\/uploads\/2026\/07\/Gheorghe-soldan-1024&#215;1003.jpg&#8221;] Tichete sociale pentru achizi\u021bionarea de alimente, acordate pensionarilor de CJ Suceava. Miercuri, \u00een \u0219edin\u021ba Consiliului Jude\u021bean Suceava, a fost aprobat regulamentul programului prin care aproximativ 36.000 de pensionari din jude\u021bul Suceava, care beneficiaz\u0103 de pensia minim\u0103 garantat\u0103 \u0219i nu au alte venituri, vor primi tichete sociale pentru alimente, \u00een valoare de 250 [&hellip;]<\/p>\n","protected":false},"author":1,"featured_media":0,"comment_status":"open","ping_status":"","sticky":false,"template":"","format":"standard","meta":{"footnotes":""},"categories":[89],"tags":[226,167],"class_list":["post-2044844","post","type-post","status-publish","format-standard","hentry","category-romania","tag-crawlmanager","tag-informatiata-ro"],"_links":{"self":[{"href":"https:\/\/analyse.optim.biz\/index.php?rest_route=\/wp\/v2\/posts\/2044844","targetHints":{"allow":["GET"]}}],"collection":[{"href":"https:\/\/analyse.optim.biz\/index.php?rest_route=\/wp\/v2\/posts"}],"about":[{"href":"https:\/\/analyse.optim.biz\/index.php?rest_route=\/wp\/v2\/types\/post"}],"author":[{"embeddable":true,"href":"https:\/\/analyse.optim.biz\/index.php?rest_route=\/wp\/v2\/users\/1"}],"replies":[{"embeddable":true,"href":"https:\/\/analyse.optim.biz\/index.php?rest_route=%2Fwp%2Fv2%2Fcomments&post=2044844"}],"version-history":[{"count":0,"href":"https:\/\/analyse.optim.biz\/index.php?rest_route=\/wp\/v2\/posts\/2044844\/revisions"}],"wp:attachment":[{"href":"https:\/\/analyse.optim.biz\/index.php?rest_route=%2Fwp%2Fv2%2Fmedia&parent=2044844"}],"wp:term":[{"taxonomy":"category","embeddable":true,"href":"https:\/\/analyse.optim.biz\/index.php?rest_route=%2Fwp%2Fv2%2Fcategories&post=2044844"},{"taxonomy":"post_tag","embeddable":true,"href":"https:\/\/analyse.optim.biz\/index.php?rest_route=%2Fwp%2Fv2%2Ftags&post=2044844"}],"curies":[{"name":"wp","href":"https:\/\/api.w.org\/{rel}","templated":true}]}}