{"id":2044818,"date":"2026-07-15T15:07:40","date_gmt":"2026-07-15T12:07:40","guid":{"rendered":"https:\/\/analyse.optim.biz\/?p=2044818"},"modified":"2026-07-15T15:07:40","modified_gmt":"2026-07-15T12:07:40","slug":"opt-ansambluri-folclorice-de-pe-trei-continente-reunite-de-festivalul-international-plaiurile-mioritei","status":"publish","type":"post","link":"https:\/\/analyse.optim.biz\/?p=2044818","title":{"rendered":"Opt ansambluri folclorice de pe trei continente, reunite de Festivalul Interna\u021bional Plaiurile Miori\u021bei"},"content":{"rendered":"<p>[analyse_image type=&#8221;featured&#8221; src=&#8221;https:\/\/buzaulinreportaje.ro\/wp-content\/uploads\/2026\/07\/PM2.jpghttps:\/\/buzaulinreportaje.ro\/wp-content\/uploads\/2026\/07\/PM2.jpg&#8221;]<\/p>\n<div class=\"entry-content herald-entry-content\">\n<p class=\"has-large-font-size wp-block-paragraph\">La mijloc de var\u0103, Buz\u0103ul devine capitala dansurilor populare specifice Asiei, Americii \u0219i Europei. Pornit la drum \u00een urm\u0103 cu mai bine de 11 ani de c\u0103tre Adrian Robert Petre, acum vicepre\u0219edinte al Consiliului Jude\u021bean Buz\u0103u, atunci, director al Centrului de Cultur\u0103 \u0219i Art\u0103 festivalul folcloric emblematic al verii, \u00een zona noastr\u0103, r\u0103m\u00e2ne \u00een capitala re\u0219edin\u021b\u0103 de jude\u021b, ora\u0219ul Buz\u0103u.<\/p>\n<figure class=\"wp-block-gallery has-nested-images columns-default is-cropped wp-block-gallery-1 is-layout-flex wp-block-gallery-is-layout-flex\">\n<figure class=\"wp-block-image size-large\"><img loading=\"lazy\" decoding=\"async\" width=\"1024\" height=\"683\" src=\"https:\/\/buzaulinreportaje.ro\/wp-content\/uploads\/2026\/07\/PM3-1024x683.jpg\" alt class=\"wp-image-28683\"><\/figure>\n<figure class=\"wp-block-image size-large\"><img decoding=\"async\" loading=\"lazy\" width=\"768\" height=\"1024\" src=\"https:\/\/buzaulinreportaje.ro\/wp-content\/uploads\/2026\/07\/PM2-768x1024.jpg\" alt class=\"wp-image-28682\"><\/figure>\n<\/figure>\n<p class=\"has-large-font-size wp-block-paragraph\">Concret, evenimentul are loc din 23 \u0219i p\u00e2n\u0103 pe 26 iulie, \u00een curtea primitoare a Centrului Muzeal I. C. Br\u0103tianu, zon\u0103 care va primi \u00eentr-un inedit t\u00e2rg ad-hoc \u0219i me\u0219terii \u0219i artizanii buzoieni care vor expune lucr\u0103rile unice executate \u00een tihna atelierelor lor.<\/p>\n<figure class=\"wp-block-gallery has-nested-images columns-default is-cropped wp-block-gallery-2 is-layout-flex wp-block-gallery-is-layout-flex\">\n<figure class=\"wp-block-image size-large\"><img decoding=\"async\" loading=\"lazy\" width=\"1024\" height=\"684\" src=\"https:\/\/buzaulinreportaje.ro\/wp-content\/uploads\/2026\/07\/artizan-3-1024x684.jpg\" alt class=\"wp-image-28685\"><\/figure>\n<figure class=\"wp-block-image size-large\"><img decoding=\"async\" loading=\"lazy\" width=\"1024\" height=\"683\" src=\"https:\/\/buzaulinreportaje.ro\/wp-content\/uploads\/2026\/07\/artizan-2-1024x683.jpg\" alt class=\"wp-image-28684\"><\/figure>\n<figure class=\"wp-block-image size-large\"><img decoding=\"async\" loading=\"lazy\" width=\"1024\" height=\"683\" src=\"https:\/\/buzaulinreportaje.ro\/wp-content\/uploads\/2026\/07\/artizan-1-1024x683.jpg\" alt class=\"wp-image-28686\"><\/figure>\n<\/figure>\n<p class=\"wp-block-paragraph\">Pe 25 iulie, spun organizatorii pe <a href=\"https:\/\/www.facebook.com\/photo?fbid=1661899352608076&amp;set=pcb.1661905439274134\">pagina<\/a> de socializare a acestui festival, vor sim\u021bi fiorul jocului popular pe o scen\u0103 mare \u0219i dou\u0103 ansambluri la \u00eenceput de carier\u0103 artistic\u0103 \u2013 Goid\u0103ra\u0219ii din Br\u0103e\u0219ti \u0219i Ciob\u0103na\u0219ul de la \u0218coala Gimnazial\u0103 din satul de munte Gura Teghii.<\/p>\n<figure class=\"wp-block-gallery has-nested-images columns-default is-cropped wp-block-gallery-3 is-layout-flex wp-block-gallery-is-layout-flex\">\n<figure class=\"wp-block-image size-large\"><img decoding=\"async\" loading=\"lazy\" width=\"1024\" height=\"683\" src=\"https:\/\/buzaulinreportaje.ro\/wp-content\/uploads\/2026\/07\/Braesti-1024x683.jpg\" alt class=\"wp-image-28688\"><\/figure>\n<figure class=\"wp-block-image size-large\"><img decoding=\"async\" loading=\"lazy\" width=\"1024\" height=\"768\" src=\"https:\/\/buzaulinreportaje.ro\/wp-content\/uploads\/2026\/07\/Gura-Teghii-1024x768.jpg\" alt class=\"wp-image-28687\"><\/figure>\n<\/figure>\n<p class=\"has-large-font-size wp-block-paragraph\">\u00cen acela\u0219it imp, de notat este faptul c\u0103 la final de Festival Folcloric Interna\u021bional Plaiurile Miori\u021bei vor concerta Doini\u021ba \u0219i Ionu\u021b Dol\u0103nescu, arti\u0219ti consacra\u021bi ai scenei rom\u00e2ne\u0219ti, cunoscu\u021bi pentru patima mo\u0219tenit\u0103 pentru p\u0103strarea folclorului rom\u00e2nesc. <\/p>\n<figure class=\"wp-block-gallery has-nested-images columns-default is-cropped wp-block-gallery-4 is-layout-flex wp-block-gallery-is-layout-flex\">\n<figure class=\"wp-block-image size-large\"><img decoding=\"async\" loading=\"lazy\" width=\"1024\" height=\"576\" src=\"https:\/\/buzaulinreportaje.ro\/wp-content\/uploads\/2026\/07\/PM1-1024x576.jpg\" alt class=\"wp-image-28689\"><\/figure>\n<\/figure>\n<p class=\"has-large-font-size wp-block-paragraph\">Un singur lucru re\u021bine\u021bi, accesul la festival se face gratuit \u0219i este bine s\u0103 cunoa\u0219te\u021bi \u0219i specificul focloric din Cipru, Coreea, Letonia, Serbia, Slovaia, Spania sau SUA, poate nota de exotism urm\u00e2nd s\u0103 fie adus\u0103 de arti\u0219tii din Coreea care scot r\u0103d\u0103cinile poporului care m\u0103n\u00e2nc\u0103 kimchi \u0219i a conservat Templul Gyeongcheonsa alc\u0103tuit din pagode, \u00een peisajul modern, din prezent. <\/p>\n<div class=\"wp-block-image\">\n<figure class=\"aligncenter size-large\"><img decoding=\"async\" loading=\"lazy\" width=\"721\" height=\"1024\" src=\"https:\/\/buzaulinreportaje.ro\/wp-content\/uploads\/2026\/07\/Plaiurile-Mioritei-721x1024.jpg\" alt class=\"wp-image-28690\"><\/figure>\n<\/div>\n<p class=\"has-large-font-size wp-block-paragraph\">Centruld e Cultur\u0103 \u0219i Art\u0103 Plaiurile Miori\u021bei este o institu\u021bie subordonat\u0103 Consiliului Jude\u021bean Buz\u0103u \u0219i, probabil de la 1 august 2026 va face parte din noua unitate adminsitrativ\u0103 de cultur\u0103 \u0219i art\u0103 Centrul Jude\u021bean pentru Artele Spectacolului \u0219i Cultur\u0103 George Ciprian.<\/p>\n<div class=\"herald-share-content\">\n<div class=\"meks_ess layout-5-1 transparent no-labels solid\"><a href=\"https:\/\/buzaulinreportaje.ro\/opt-ansambluri-folclorice-de-pe-trei-continente-reunite-de-festivalul-international-plaiurile-mioritei\/\" class=\"meks_ess-item socicon-facebook\" data-url=\"http:\/\/www.facebook.com\/sharer\/sharer.php?u=https%3A%2F%2Fbuzaulinreportaje.ro%2Fopt-ansambluri-folclorice-de-pe-trei-continente-reunite-de-festivalul-international-plaiurile-mioritei%2F&amp;t=Opt%20ansambluri%20folclorice%20de%20pe%20trei%20continente%2C%20reunite%20de%20Festivalul%20Interna%C8%9Bional%20Plaiurile%20Miori%C8%9Bei\"><span>Facebook<\/span><\/a><a href=\"https:\/\/api.whatsapp.com\/send?text=Opt%20ansambluri%20folclorice%20de%20pe%20trei%20continente%2C%20reunite%20de%20Festivalul%20Interna%C8%9Bional%20Plaiurile%20Miori%C8%9Bei%20https%3A%2F%2Fbuzaulinreportaje.ro%2Fopt-ansambluri-folclorice-de-pe-trei-continente-reunite-de-festivalul-international-plaiurile-mioritei%2F\" class=\"meks_ess-item socicon-whatsapp prevent-share-popup\"><span>WhatsApp<\/span><\/a><a href=\"https:\/\/buzaulinreportaje.ro\/opt-ansambluri-folclorice-de-pe-trei-continente-reunite-de-festivalul-international-plaiurile-mioritei\/\" class=\"meks_ess-item socicon-twitter\" data-url=\"http:\/\/twitter.com\/intent\/tweet?url=https%3A%2F%2Fbuzaulinreportaje.ro%2Fopt-ansambluri-folclorice-de-pe-trei-continente-reunite-de-festivalul-international-plaiurile-mioritei%2F&amp;text=Opt%20ansambluri%20folclorice%20de%20pe%20trei%20continente%2C%20reunite%20de%20Festivalul%20Interna%C8%9Bional%20Plaiurile%20Miori%C8%9Bei\"><span>X<\/span><\/a><\/div>\n<\/div>\n<\/div>\n<p>[analyse_source url=&#8221;https:\/\/buzaulinreportaje.ro\/opt-ansambluri-folclorice-de-pe-trei-continente-reunite-de-festivalul-international-plaiurile-mioritei\/&#8221;]<\/p>\n","protected":false},"excerpt":{"rendered":"<p>[analyse_image type=&#8221;featured&#8221; src=&#8221;https:\/\/buzaulinreportaje.ro\/wp-content\/uploads\/2026\/07\/PM2.jpghttps:\/\/buzaulinreportaje.ro\/wp-content\/uploads\/2026\/07\/PM2.jpg&#8221;] La mijloc de var\u0103, Buz\u0103ul devine capitala dansurilor populare specifice Asiei, Americii \u0219i Europei. Pornit la drum \u00een urm\u0103 cu mai bine de 11 ani de c\u0103tre Adrian Robert Petre, acum vicepre\u0219edinte al Consiliului Jude\u021bean Buz\u0103u, atunci, director al Centrului de Cultur\u0103 \u0219i Art\u0103 festivalul folcloric emblematic al verii, \u00een zona noastr\u0103, [&hellip;]<\/p>\n","protected":false},"author":1,"featured_media":0,"comment_status":"open","ping_status":"","sticky":false,"template":"","format":"standard","meta":{"footnotes":""},"categories":[2],"tags":[59,226],"class_list":["post-2044818","post","type-post","status-publish","format-standard","hentry","category-politics","tag-buzaulinreportaje-ro","tag-crawlmanager"],"_links":{"self":[{"href":"https:\/\/analyse.optim.biz\/index.php?rest_route=\/wp\/v2\/posts\/2044818","targetHints":{"allow":["GET"]}}],"collection":[{"href":"https:\/\/analyse.optim.biz\/index.php?rest_route=\/wp\/v2\/posts"}],"about":[{"href":"https:\/\/analyse.optim.biz\/index.php?rest_route=\/wp\/v2\/types\/post"}],"author":[{"embeddable":true,"href":"https:\/\/analyse.optim.biz\/index.php?rest_route=\/wp\/v2\/users\/1"}],"replies":[{"embeddable":true,"href":"https:\/\/analyse.optim.biz\/index.php?rest_route=%2Fwp%2Fv2%2Fcomments&post=2044818"}],"version-history":[{"count":0,"href":"https:\/\/analyse.optim.biz\/index.php?rest_route=\/wp\/v2\/posts\/2044818\/revisions"}],"wp:attachment":[{"href":"https:\/\/analyse.optim.biz\/index.php?rest_route=%2Fwp%2Fv2%2Fmedia&parent=2044818"}],"wp:term":[{"taxonomy":"category","embeddable":true,"href":"https:\/\/analyse.optim.biz\/index.php?rest_route=%2Fwp%2Fv2%2Fcategories&post=2044818"},{"taxonomy":"post_tag","embeddable":true,"href":"https:\/\/analyse.optim.biz\/index.php?rest_route=%2Fwp%2Fv2%2Ftags&post=2044818"}],"curies":[{"name":"wp","href":"https:\/\/api.w.org\/{rel}","templated":true}]}}