{"id":2044817,"date":"2026-07-15T13:41:16","date_gmt":"2026-07-15T10:41:16","guid":{"rendered":"https:\/\/analyse.optim.biz\/?p=2044817"},"modified":"2026-07-15T13:41:16","modified_gmt":"2026-07-15T10:41:16","slug":"p-lider-psdechilibrul-bugetar-nu-se-poate-face-pe-seama-celor-care-muncesc","status":"publish","type":"post","link":"https:\/\/analyse.optim.biz\/?p=2044817","title":{"rendered":"(P) Lider PSD:\u201dEchilibrul bugetar nu se poate face pe seama celor care muncesc\u201d"},"content":{"rendered":"<p>[analyse_image type=&#8221;featured&#8221; src=&#8221;https:\/\/buzaulinreportaje.ro\/wp-content\/uploads\/2026\/07\/RL.jpeghttps:\/\/buzaulinreportaje.ro\/wp-content\/uploads\/2026\/07\/RL.jpeg&#8221;]<\/p>\n<div class=\"entry-content herald-entry-content\">\n<p class=\"has-large-font-size wp-block-paragraph\">Legea salariz\u0103rii a scos deja mii de oameni \u00een strad\u0103, \u00een proteste sindicale organizate mai ales la nivel de ramur\u0103 de activitate \u0219i se prognozeaz\u0103 un imens protest al confedera\u021biilor sindicale, \u00een scurt timp, iar sistemul sanitar e gata \u0219i el de acela\u0219i tip de manifesta\u021bii sindicaliste. <\/p>\n<p class=\"has-large-font-size wp-block-paragraph\">\u00centr-o postare pe pagina de socializare, liderul PSD Buz\u0103u, deputatul Romeo Lungu noteaz\u0103 clar c\u0103 <em>PSD nu va vota o lege a salariz\u0103rii care afecteaz\u0103 veniturile rom\u00e2nilor<\/em>.<\/p>\n<p class=\"has-large-font-size wp-block-paragraph\">Red\u0103m integral, mai jos, postarea deputatului Lungu, pre\u0219edinte al PSD Buz\u0103u, func\u021bie care i-a permis \u00een ultimele luni s\u0103 discute cu angaja\u021bi ai diferitelor categorii profesionale pentru care Legea salariz\u0103rii ar \u00eensemna venituri mai mici dec\u00e2t cele din prezent.<\/p>\n<p class=\"has-large-font-size wp-block-paragraph\"><em>Legea salariz\u0103rii trebuie s\u0103 aduc\u0103 echitate, predictibilitate \u0219i respect pentru munca oamenilor, nu s\u0103 transforme profesorii, medicii, poli\u021bi\u0219tii, militarii sau ceilal\u021bi angaja\u021bi din sectorul public \u00een principalii pl\u0103titori ai ajust\u0103rilor bugetare.<\/em><\/p>\n<p class=\"has-large-font-size wp-block-paragraph\"><em>Nu este normal ca oamenii care \u00ee\u0219i fac datoria \u00een fiecare zi s\u0103 afle c\u0103 vor pleca acas\u0103 cu mai pu\u021bini bani.<\/em><\/p>\n<p class=\"has-large-font-size wp-block-paragraph\"><em>PSD va sus\u021bine o lege construit\u0103 prin dialog, care elimin\u0103 inechit\u0103\u021bile \u0219i r\u0103spl\u0103te\u0219te performan\u021ba, dar nu vom vota o lege care reduce veniturile celor care muncesc cinstit.<\/em><\/p>\n<p class=\"has-large-font-size wp-block-paragraph\"><em>\u00cen acela\u0219i timp, trebuie s\u0103 \u00eei protej\u0103m pe cei cu venituri mici \u0219i medii, pe pensionari \u0219i pe familiile care resimt cel mai puternic cre\u0219terea costului vie\u021bii. Echilibrul bugetar nu se poate face pe seama celor care muncesc \u0219i a celor vulnerabili.<\/em><\/p>\n<p class=\"has-large-font-size wp-block-paragraph\"><em>Acesta este angajamentul nostru \u0219i aceasta va fi pozi\u021bia PSD \u00een Parlament<\/em>, scrie liderul PSD Buz\u0103u \u00een textul postat pe <a href=\"https:\/\/www.facebook.com\/RomeoDanielLungu\">propria pagin\u0103 de socializare. <\/a><\/p>\n<div class=\"herald-share-content\">\n<div class=\"meks_ess layout-5-1 transparent no-labels solid\"><a href=\"https:\/\/buzaulinreportaje.ro\/p-lider-psdechilibrul-bugetar-nu-se-poate-face-pe-seama-celor-care-muncesc\/\" class=\"meks_ess-item socicon-facebook\" data-url=\"http:\/\/www.facebook.com\/sharer\/sharer.php?u=https%3A%2F%2Fbuzaulinreportaje.ro%2Fp-lider-psdechilibrul-bugetar-nu-se-poate-face-pe-seama-celor-care-muncesc%2F&amp;t=%28P%29%20Lider%20PSD%3A%E2%80%9DEchilibrul%20bugetar%20nu%20se%20poate%20face%20pe%20seama%20celor%20care%20muncesc%E2%80%9D\"><span>Facebook<\/span><\/a><a href=\"https:\/\/api.whatsapp.com\/send?text=%28P%29%20Lider%20PSD%3A%E2%80%9DEchilibrul%20bugetar%20nu%20se%20poate%20face%20pe%20seama%20celor%20care%20muncesc%E2%80%9D%20https%3A%2F%2Fbuzaulinreportaje.ro%2Fp-lider-psdechilibrul-bugetar-nu-se-poate-face-pe-seama-celor-care-muncesc%2F\" class=\"meks_ess-item socicon-whatsapp prevent-share-popup\"><span>WhatsApp<\/span><\/a><a href=\"https:\/\/buzaulinreportaje.ro\/p-lider-psdechilibrul-bugetar-nu-se-poate-face-pe-seama-celor-care-muncesc\/\" class=\"meks_ess-item socicon-twitter\" data-url=\"http:\/\/twitter.com\/intent\/tweet?url=https%3A%2F%2Fbuzaulinreportaje.ro%2Fp-lider-psdechilibrul-bugetar-nu-se-poate-face-pe-seama-celor-care-muncesc%2F&amp;text=%28P%29%20Lider%20PSD%3A%E2%80%9DEchilibrul%20bugetar%20nu%20se%20poate%20face%20pe%20seama%20celor%20care%20muncesc%E2%80%9D\"><span>X<\/span><\/a><\/div>\n<\/div>\n<\/div>\n<p>[analyse_source url=&#8221;https:\/\/buzaulinreportaje.ro\/p-lider-psdechilibrul-bugetar-nu-se-poate-face-pe-seama-celor-care-muncesc\/&#8221;]<\/p>\n","protected":false},"excerpt":{"rendered":"<p>[analyse_image type=&#8221;featured&#8221; src=&#8221;https:\/\/buzaulinreportaje.ro\/wp-content\/uploads\/2026\/07\/RL.jpeghttps:\/\/buzaulinreportaje.ro\/wp-content\/uploads\/2026\/07\/RL.jpeg&#8221;] Legea salariz\u0103rii a scos deja mii de oameni \u00een strad\u0103, \u00een proteste sindicale organizate mai ales la nivel de ramur\u0103 de activitate \u0219i se prognozeaz\u0103 un imens protest al confedera\u021biilor sindicale, \u00een scurt timp, iar sistemul sanitar e gata \u0219i el de acela\u0219i tip de manifesta\u021bii sindicaliste. \u00centr-o postare pe pagina de [&hellip;]<\/p>\n","protected":false},"author":1,"featured_media":0,"comment_status":"open","ping_status":"","sticky":false,"template":"","format":"standard","meta":{"footnotes":""},"categories":[2],"tags":[59,226],"class_list":["post-2044817","post","type-post","status-publish","format-standard","hentry","category-politics","tag-buzaulinreportaje-ro","tag-crawlmanager"],"_links":{"self":[{"href":"https:\/\/analyse.optim.biz\/index.php?rest_route=\/wp\/v2\/posts\/2044817","targetHints":{"allow":["GET"]}}],"collection":[{"href":"https:\/\/analyse.optim.biz\/index.php?rest_route=\/wp\/v2\/posts"}],"about":[{"href":"https:\/\/analyse.optim.biz\/index.php?rest_route=\/wp\/v2\/types\/post"}],"author":[{"embeddable":true,"href":"https:\/\/analyse.optim.biz\/index.php?rest_route=\/wp\/v2\/users\/1"}],"replies":[{"embeddable":true,"href":"https:\/\/analyse.optim.biz\/index.php?rest_route=%2Fwp%2Fv2%2Fcomments&post=2044817"}],"version-history":[{"count":0,"href":"https:\/\/analyse.optim.biz\/index.php?rest_route=\/wp\/v2\/posts\/2044817\/revisions"}],"wp:attachment":[{"href":"https:\/\/analyse.optim.biz\/index.php?rest_route=%2Fwp%2Fv2%2Fmedia&parent=2044817"}],"wp:term":[{"taxonomy":"category","embeddable":true,"href":"https:\/\/analyse.optim.biz\/index.php?rest_route=%2Fwp%2Fv2%2Fcategories&post=2044817"},{"taxonomy":"post_tag","embeddable":true,"href":"https:\/\/analyse.optim.biz\/index.php?rest_route=%2Fwp%2Fv2%2Ftags&post=2044817"}],"curies":[{"name":"wp","href":"https:\/\/api.w.org\/{rel}","templated":true}]}}