{"id":2044632,"date":"2026-07-15T10:58:14","date_gmt":"2026-07-15T07:58:14","guid":{"rendered":"https:\/\/analyse.optim.biz\/?p=2044632"},"modified":"2026-07-15T10:58:14","modified_gmt":"2026-07-15T07:58:14","slug":"restrictii-pe-autostrada-a1-drdp-timisoara-repara-carosabilul-pana-la-finalul-lunii-iulie","status":"publish","type":"post","link":"https:\/\/analyse.optim.biz\/?p=2044632","title":{"rendered":"Restric\u021bii pe autostrada A1: DRDP Timi\u0219oara repar\u0103 carosabilul p\u00e2n\u0103 la finalul lunii iulie"},"content":{"rendered":"<p>[analyse_image type=&#8221;featured&#8221; src=&#8221;https:\/\/orasul-timisoara.ro\/wp-content\/uploads\/2026\/07\/reparatii-autostrada.jpg&#8221;]<\/p>\n<article id=\"post-39672\" class=\"td-post-template-7 post-39672 post type-post status-publish format-standard has-post-thumbnail category-featured category-investitii-in-timisoara category-stiri-timisoara category-stiri-nationale-si-internationale category-turism tag-a1 tag-autostrada-a1 tag-drdp-timisoara-2 tag-drumuri-si-poduri-banat tag-infrastructura-rutiera tag-lucrari-a1 tag-margina tag-nadlac-2 tag-pecica tag-remetea-mare tag-restrictii-trafic-2 tag-topolovatu-mare-2 tag-traian-vuia td-container-wrap\">\n<div class=\"td-full-screen-header-image-wrap\">\n<div class=\"td-container td-post-header\">\n<div class=\"td-crumb-container\">\n<div class=\"entry-crumbs\"><span><a title=\"Vede\u021bi toate articolele \u00een Investitii in Timisoara\" class=\"entry-crumb\" href=\"https:\/\/orasul-timisoara.ro\/local-category\/investitii-in-timisoara\/\">Investitii in Timisoara<\/a><\/span><span class=\"td-bred-no-url-last\">Restric\u021bii pe autostrada A1: DRDP Timi\u0219oara repar\u0103 carosabilul p\u00e2n\u0103 la finalul lunii&#8230;<\/span><\/div>\n<\/div>\n<div class=\"td-post-header-holder\">\n<div class=\"td-parallax-header\">\n<header class=\"td-post-title\">\n<ul class=\"td-category\">\n<li class=\"entry-category\"><a href=\"https:\/\/orasul-timisoara.ro\/local-category\/investitii-in-timisoara\/\">Investitii in Timisoara<\/a><\/li>\n<li class=\"entry-category\"><a href=\"https:\/\/orasul-timisoara.ro\/local-category\/stiri-timisoara\/\">\u0218tiri Locale<\/a><\/li>\n<li class=\"entry-category\"><a href=\"https:\/\/orasul-timisoara.ro\/local-category\/stiri-nationale-si-internationale\/\">\u0218tiri na\u021bionale \u0219i interna\u021bionale<\/a><\/li>\n<li class=\"entry-category\"><a href=\"https:\/\/orasul-timisoara.ro\/local-category\/turism\/\">Turism<\/a><\/li>\n<\/ul>\n<h1 class=\"entry-title\">Restric\u021bii pe autostrada A1: DRDP Timi\u0219oara repar\u0103 carosabilul p\u00e2n\u0103 la finalul lunii iulie<\/h1>\n<div class=\"td-module-meta-info\">\n<div class=\"td-post-author-name\">\n<div class=\"td-author-by\">De c\u0103tre<\/div>\n<p><a href=\"https:\/\/orasul-timisoara.ro\/author\/timisoara\/\">redactia<\/a><\/p>\n<div class=\"td-author-line\"> &#8211; <\/div>\n<\/div>\n<p><span class=\"td-post-date\"><time class=\"entry-date updated td-module-date\" datetime=\"2026-07-15T13:58:14+03:00\">15\/07\/2026<\/time><\/span><\/div>\n<\/header>\n<\/div>\n<\/div>\n<\/div>\n<div id=\"td-full-screen-header-image\" class=\"td-image-gradient-style7\"><img decoding=\"async\" class=\"td-backstretch\" src=\"https:\/\/orasul-timisoara.ro\/wp-content\/uploads\/2026\/07\/reparatii-autostrada.jpg\"><\/div>\n<\/div>\n<div class=\"td-container\">\n<div class=\"td-pb-row\">\n<div class=\"td-pb-span8 td-main-content\" role=\"main\">\n<div class=\"td-ss-main-content\">\n<div class=\"td-post-sharing-top\">\n<div class=\"td-post-sharing-classic\"><iframe title=\"topFacebookLike\" frameborder src=\"https:\/\/www.facebook.com\/plugins\/like.php?href=https:\/\/orasul-timisoara.ro\/local-39672\/&amp;layout=button_count&amp;show_faces=false&amp;width=105&amp;action=like&amp;colorscheme=light&amp;height=21\"><\/iframe><\/div>\n<div id=\"td_social_sharing_article_top\" class=\"td-post-sharing td-ps-bg td-ps-notext td-post-sharing-style1 \">\n<div class=\"td-post-sharing-visible\"><a class=\"td-social-sharing-button td-social-sharing-button-js td-social-network td-social-facebook\" href=\"https:\/\/www.facebook.com\/sharer.php?u=https%3A%2F%2Forasul-timisoara.ro%2Flocal-39672%2F\" title=\"Facebook\"><\/p>\n<div class=\"td-social-but-text\">Facebook<\/div>\n<p><\/a><a class=\"td-social-sharing-button td-social-sharing-button-js td-social-network td-social-twitter\" href=\"https:\/\/twitter.com\/intent\/tweet?text=Restric%C8%9Bii+pe+autostrada+A1%3A+DRDP+Timi%C8%99oara+repar%C4%83+carosabilul+p%C3%A2n%C4%83+la+finalul+lunii+iulie&amp;url=https%3A%2F%2Forasul-timisoara.ro%2Flocal-39672%2F&amp;via=orasultm\" title=\"Twitter\"><\/p>\n<div class=\"td-social-but-text\">Twitter<\/div>\n<p><\/a><a class=\"td-social-sharing-button td-social-sharing-button-js td-social-network td-social-whatsapp\" href=\"https:\/\/api.whatsapp.com\/send?text=Restric%C8%9Bii+pe+autostrada+A1%3A+DRDP+Timi%C8%99oara+repar%C4%83+carosabilul+p%C3%A2n%C4%83+la+finalul+lunii+iulie%20%0A%0A%20https:\/\/orasul-timisoara.ro\/local-39672\/\" title=\"WhatsApp\"><\/p>\n<div class=\"td-social-but-text\">WhatsApp<\/div>\n<p><\/a><a class=\"td-social-sharing-button td-social-sharing-button-js td-social-network td-social-linkedin\" href=\"https:\/\/www.linkedin.com\/shareArticle?mini=true&amp;url=https:\/\/orasul-timisoara.ro\/local-39672\/&amp;title=Restric%C8%9Bii+pe+autostrada+A1%3A+DRDP+Timi%C8%99oara+repar%C4%83+carosabilul+p%C3%A2n%C4%83+la+finalul+lunii+iulie\" title=\"Linkedin\"><\/p>\n<div class=\"td-social-but-text\">Linkedin<\/div>\n<p><\/a><a class=\"td-social-sharing-button td-social-sharing-button-js td-social-network td-social-reddit\" href=\"https:\/\/reddit.com\/submit?url=https:\/\/orasul-timisoara.ro\/local-39672\/&amp;title=Restric%C8%9Bii+pe+autostrada+A1%3A+DRDP+Timi%C8%99oara+repar%C4%83+carosabilul+p%C3%A2n%C4%83+la+finalul+lunii+iulie\" title=\"ReddIt\"><\/p>\n<div class=\"td-social-but-text\">ReddIt<\/div>\n<p><\/a><a class=\"td-social-sharing-button td-social-sharing-button-js td-social-network td-social-mail\" href=\"mailto:?subject=Restric%C8%9Bii%20pe%20autostrada%20A1:%20DRDP%20Timi%C8%99oara%20repar%C4%83%20carosabilul%20p%C3%A2n%C4%83%20la%20finalul%20lunii%20iulie&amp;body=https:\/\/orasul-timisoara.ro\/local-39672\/\" title=\"Email\"><\/p>\n<div class=\"td-social-but-text\">Email<\/div>\n<p><\/a><a class=\"td-social-sharing-button td-social-sharing-button-js td-social-network td-social-print\" href=\"https:\/\/orasul-timisoara.ro\/local-39672\/\" title=\"Imprimare\"><\/p>\n<div class=\"td-social-but-text\">Imprimare<\/div>\n<p><\/a><\/div>\n<\/div>\n<\/div>\n<div class=\"td-post-content tagdiv-type\">\n<p class=\"wp-block-paragraph\">\u0218oferii care circul\u0103 pe autostrada A1, pe sectorul administrat de Direc\u021bia Regional\u0103 de Drumuri \u0219i Poduri (DRDP) Timi\u0219oara, trebuie s\u0103 se a\u0219tepte la restric\u021bii de trafic \u0219i \u00een urm\u0103toarele s\u0103pt\u0103m\u00e2ni. Institu\u021bia a anun\u021bat c\u0103 au \u00eenceput lucr\u0103ri de repara\u021bii la carosabil, care se vor desf\u0103\u0219ura p\u00e2n\u0103 la sf\u00e2r\u0219itul lunii iulie, pe mai multe tronsoane cu trafic intens dintre N\u0103dlac \u0219i Cun\u021ba.<\/p>\n<p class=\"wp-block-paragraph\">Interven\u021biile vizeaz\u0103 at\u00e2t refacerea suprafe\u021bei de rulare, c\u00e2t \u0219i aplicarea de marcaje rutiere, iar circula\u021bia este restric\u021bionat\u0103 \u00een zonele unde lucreaz\u0103 echipele antreprenorului Drumuri \u0219i Poduri Banat (DPB). Autorit\u0103\u021bile le recomand\u0103 \u0219oferilor s\u0103 respecte semnalizarea temporar\u0103 \u0219i s\u0103 circule cu pruden\u021b\u0103.<\/p>\n<h2 class=\"wp-block-heading\">Repara\u021bii la carosabil \u00eentre Traian Vuia \u0219i Margina<\/h2>\n<p class=\"wp-block-paragraph\">Potrivit DRDP Timi\u0219oara, miercuri, 15 iulie, echipele de interven\u021bie lucreaz\u0103 pe sensul de mers Deva \u2013 Timi\u0219oara, \u00eentre nodurile rutiere Traian Vuia \u0219i Margina, pe sectorul cuprins \u00eentre kilometrii 441+250 \u0219i 446+400. Lucr\u0103rile includ \u0219i zona nodului rutier Margina.<\/p>\n<p class=\"wp-block-paragraph\">\u00cen acela\u0219i timp, se desf\u0103\u0219oar\u0103 lucr\u0103ri \u0219i \u00eentre nodurile rutiere Topolov\u0103\u021bu Mare \u0219i Remetea Mare, pe tronsonul cuprins \u00eentre kilometrii 470+400 \u0219i 478+670.<\/p>\n<p class=\"wp-block-paragraph\">Pe durata interven\u021biilor, p\u00e2n\u0103 la ora 20:00, circula\u021bia rutier\u0103 se desf\u0103\u0219oar\u0103 doar pe banda a doua, \u00een timp ce banda \u00eent\u00e2i \u0219i banda de urgen\u021b\u0103 sunt \u00eenchise traficului.<\/p>\n<h2 class=\"wp-block-heading\">Marcaje rutiere \u00eentre Pecica \u0219i N\u0103dlac<\/h2>\n<p class=\"wp-block-paragraph\">\u00cen paralel cu lucr\u0103rile de repara\u021bii la carosabil, DRDP Timi\u0219oara execut\u0103 lucr\u0103ri de refacere a marcajelor rutiere \u00een zona median\u0103 a autostr\u0103zii A1, pe sectorul dintre Pecica \u0219i N\u0103dlac.<\/p>\n<p class=\"wp-block-paragraph\">\u00cen aceast\u0103 zon\u0103, p\u00e2n\u0103 la ora 18:30, traficul este deviat exclusiv pe banda de urgen\u021b\u0103, \u00eentruc\u00e2t benzile unu \u0219i doi sunt restric\u021bionate pentru desf\u0103\u0219urarea lucr\u0103rilor.<\/p>\n<h2 class=\"wp-block-heading\">Lucr\u0103rile vor continua p\u00e2n\u0103 la sf\u00e2r\u0219itul lunii<\/h2>\n<p class=\"wp-block-paragraph\">Reprezentan\u021bii DRDP Timi\u0219oara precizeaz\u0103 c\u0103 interven\u021biile fac parte din programul de \u00eentre\u021binere a autostr\u0103zii A1 \u0219i vor continua p\u00e2n\u0103 la finalul lunii iulie, pe diferite sectoare ale tronsonului administrat de institu\u021bie, \u00eentre N\u0103dlac \u0219i Cun\u021ba.<\/p>\n<p class=\"wp-block-paragraph\">Scopul lucr\u0103rilor este men\u021binerea infrastructurii rutiere \u00een condi\u021bii optime de circula\u021bie \u0219i cre\u0219terea siguran\u021bei participan\u021bilor la trafic.<\/p>\n<h2 class=\"wp-block-heading\">Recomand\u0103ri pentru \u0219oferi<\/h2>\n<p class=\"wp-block-paragraph\">Autorit\u0103\u021bile \u00eei sf\u0103tuiesc pe conduc\u0103torii auto s\u0103 reduc\u0103 viteza \u00een apropierea \u0219antierelor, s\u0103 respecte restric\u021biile temporare de circula\u021bie \u0219i indicatoarele rutiere montate \u00een zonele afectate de lucr\u0103ri.<\/p>\n<p class=\"wp-block-paragraph\">De asemenea, \u0219oferii sunt \u00eendemna\u021bi s\u0103 manifeste aten\u021bie sporit\u0103 \u00een apropierea utilajelor \u0219i a echipelor care lucreaz\u0103 pe autostrad\u0103, pentru a evita producerea unor incidente \u0219i pentru a permite desf\u0103\u0219urarea interven\u021biilor \u00een condi\u021bii de siguran\u021b\u0103.<\/p>\n<p class=\"wp-block-paragraph\">Pe durata lucr\u0103rilor sunt posibile \u00eencetiniri ale traficului \u0219i formarea unor coloane de autovehicule, \u00een special \u00een intervalele cu trafic intens, motiv pentru care conduc\u0103torii auto sunt sf\u0103tui\u021bi s\u0103 \u00ee\u0219i planifice din timp deplas\u0103rile \u0219i s\u0103 ia \u00een calcul un timp suplimentar de c\u0103l\u0103torie.<\/p>\n<\/div>\n<footer>\n<div class=\"td-post-source-tags\">\n<ul class=\"td-tags td-post-small-box clearfix\">\n<li><span>ETICHETE<\/span><\/li>\n<li><a href=\"https:\/\/orasul-timisoara.ro\/local-tag\/a1\/\">a1<\/a><\/li>\n<li><a href=\"https:\/\/orasul-timisoara.ro\/local-tag\/autostrada-a1\/\">autostrada a1<\/a><\/li>\n<li><a href=\"https:\/\/orasul-timisoara.ro\/local-tag\/drdp-timisoara-2\/\">DRDP Timi\u0219oara<\/a><\/li>\n<li><a href=\"https:\/\/orasul-timisoara.ro\/local-tag\/drumuri-si-poduri-banat\/\">Drumuri \u0219i Poduri Banat<\/a><\/li>\n<li><a href=\"https:\/\/orasul-timisoara.ro\/local-tag\/infrastructura-rutiera\/\">infrastructur\u0103 rutier\u0103<\/a><\/li>\n<li><a href=\"https:\/\/orasul-timisoara.ro\/local-tag\/lucrari-a1\/\">lucr\u0103ri A1<\/a><\/li>\n<li><a href=\"https:\/\/orasul-timisoara.ro\/local-tag\/margina\/\">margina<\/a><\/li>\n<li><a href=\"https:\/\/orasul-timisoara.ro\/local-tag\/nadlac-2\/\">N\u0103dlac<\/a><\/li>\n<li><a href=\"https:\/\/orasul-timisoara.ro\/local-tag\/pecica\/\">Pecica<\/a><\/li>\n<li><a href=\"https:\/\/orasul-timisoara.ro\/local-tag\/remetea-mare\/\">remetea mare<\/a><\/li>\n<li><a href=\"https:\/\/orasul-timisoara.ro\/local-tag\/restrictii-trafic-2\/\">restric\u021bii trafic<\/a><\/li>\n<li><a href=\"https:\/\/orasul-timisoara.ro\/local-tag\/topolovatu-mare-2\/\">Topolov\u0103\u021bu Mare<\/a><\/li>\n<li><a href=\"https:\/\/orasul-timisoara.ro\/local-tag\/traian-vuia\/\">traian vuia<\/a><\/li>\n<\/ul>\n<\/div>\n<div class=\"td-post-sharing-bottom\">\n<div class=\"td-post-sharing-classic\"><iframe title=\"bottomFacebookLike\" frameborder src=\"https:\/\/www.facebook.com\/plugins\/like.php?href=https:\/\/orasul-timisoara.ro\/local-39672\/&amp;layout=button_count&amp;show_faces=false&amp;width=105&amp;action=like&amp;colorscheme=light&amp;height=21\"><\/iframe><\/div>\n<div id=\"td_social_sharing_article_bottom\" class=\"td-post-sharing td-ps-bg td-ps-notext td-post-sharing-style1 \">\n<div class=\"td-post-sharing-visible\"><a class=\"td-social-sharing-button td-social-sharing-button-js td-social-network td-social-facebook\" href=\"https:\/\/www.facebook.com\/sharer.php?u=https%3A%2F%2Forasul-timisoara.ro%2Flocal-39672%2F\" title=\"Facebook\"><\/p>\n<div class=\"td-social-but-text\">Facebook<\/div>\n<p><\/a><a class=\"td-social-sharing-button td-social-sharing-button-js td-social-network td-social-twitter\" href=\"https:\/\/twitter.com\/intent\/tweet?text=Restric%C8%9Bii+pe+autostrada+A1%3A+DRDP+Timi%C8%99oara+repar%C4%83+carosabilul+p%C3%A2n%C4%83+la+finalul+lunii+iulie&amp;url=https%3A%2F%2Forasul-timisoara.ro%2Flocal-39672%2F&amp;via=orasultm\" title=\"Twitter\"><\/p>\n<div class=\"td-social-but-text\">Twitter<\/div>\n<p><\/a><a class=\"td-social-sharing-button td-social-sharing-button-js td-social-network td-social-whatsapp\" href=\"https:\/\/api.whatsapp.com\/send?text=Restric%C8%9Bii+pe+autostrada+A1%3A+DRDP+Timi%C8%99oara+repar%C4%83+carosabilul+p%C3%A2n%C4%83+la+finalul+lunii+iulie%20%0A%0A%20https:\/\/orasul-timisoara.ro\/local-39672\/\" title=\"WhatsApp\"><\/p>\n<div class=\"td-social-but-text\">WhatsApp<\/div>\n<p><\/a><a class=\"td-social-sharing-button td-social-sharing-button-js td-social-network td-social-linkedin\" href=\"https:\/\/www.linkedin.com\/shareArticle?mini=true&amp;url=https:\/\/orasul-timisoara.ro\/local-39672\/&amp;title=Restric%C8%9Bii+pe+autostrada+A1%3A+DRDP+Timi%C8%99oara+repar%C4%83+carosabilul+p%C3%A2n%C4%83+la+finalul+lunii+iulie\" title=\"Linkedin\"><\/p>\n<div class=\"td-social-but-text\">Linkedin<\/div>\n<p><\/a><a class=\"td-social-sharing-button td-social-sharing-button-js td-social-network td-social-reddit\" href=\"https:\/\/reddit.com\/submit?url=https:\/\/orasul-timisoara.ro\/local-39672\/&amp;title=Restric%C8%9Bii+pe+autostrada+A1%3A+DRDP+Timi%C8%99oara+repar%C4%83+carosabilul+p%C3%A2n%C4%83+la+finalul+lunii+iulie\" title=\"ReddIt\"><\/p>\n<div class=\"td-social-but-text\">ReddIt<\/div>\n<p><\/a><a class=\"td-social-sharing-button td-social-sharing-button-js td-social-network td-social-mail\" href=\"mailto:?subject=Restric%C8%9Bii%20pe%20autostrada%20A1:%20DRDP%20Timi%C8%99oara%20repar%C4%83%20carosabilul%20p%C3%A2n%C4%83%20la%20finalul%20lunii%20iulie&amp;body=https:\/\/orasul-timisoara.ro\/local-39672\/\" title=\"Email\"><\/p>\n<div class=\"td-social-but-text\">Email<\/div>\n<p><\/a><a class=\"td-social-sharing-button td-social-sharing-button-js td-social-network td-social-print\" href=\"https:\/\/orasul-timisoara.ro\/local-39672\/\" title=\"Imprimare\"><\/p>\n<div class=\"td-social-but-text\">Imprimare<\/div>\n<p><\/a><\/div>\n<\/div>\n<\/div>\n<div class=\"td-block-row td-post-next-prev\">\n<div class=\"td-block-span6 td-post-prev-post\">\n<div class=\"td-post-next-prev-content\"><span>Articolul precedent<\/span><a href=\"https:\/\/orasul-timisoara.ro\/local-39667\/\">Controale ample \u00een Timi\u0219oara: amenzi de peste 435.000 de lei pentru firme<\/a><\/div>\n<\/div>\n<div class=\"td-block-span6 td-post-next-post\">\n<div class=\"td-post-next-prev-content\"><span>Articolul urm\u0103tor<\/span><a href=\"https:\/\/orasul-timisoara.ro\/local-39675\/\">Un simbol al Banatului rena\u0219te: proiect de restaurare pentru Moara Valeapai (foto)<\/a><\/div>\n<\/div>\n<\/div>\n<div class=\"td-author-name vcard author\"><span class=\"fn\"><a href=\"https:\/\/orasul-timisoara.ro\/author\/timisoara\/\">redactia<\/a><\/span><\/div>\n<p><span class=\"td-page-meta\"><\/span><span class=\"td-page-meta\"><span class=\"td-page-meta\"><\/span><\/span><span class=\"td-page-meta\"><\/span><\/footer>\n<div class=\"td_block_wrap td_block_related_posts tdi_3 td_with_ajax_pagination td-pb-border-top td_block_template_8\" data-td-block-uid=\"tdi_3\">\n<h4 class=\"td-related-title td-block-title\"><a id=\"tdi_4\" class=\"td-related-left td-cur-simple-item\" data-td_filter_value data-td_block_id=\"tdi_3\" href=\"https:\/\/orasul-timisoara.ro\/local-39672\/\">ARTICOLE SIMILARE<\/a><a id=\"tdi_5\" class=\"td-related-right\" data-td_filter_value=\"td_related_more_from_author\" data-td_block_id=\"tdi_3\" href=\"https:\/\/orasul-timisoara.ro\/local-39672\/\">DE LA ACELA\u0218I AUTOR<\/a><\/h4>\n<div id=\"tdi_3\" class=\"td_block_inner\">\n<div class=\"td-related-row\">\n<div class=\"td-related-span4\">\n<div class=\"td_module_related_posts td-animation-stack td_mod_related_posts\">\n<div class=\"td-module-image\">\n<div class=\"td-module-thumb\"><a href=\"https:\/\/orasul-timisoara.ro\/local-39654\/\" rel=\"bookmark\" class=\"td-image-wrap \" title=\"Panouri cu num\u0103rul 112, montate pe A1 dup\u0103 eliminarea telefoanelor SOS (foto)\"><img loading=\"lazy\" decoding=\"async\" class=\"entry-thumb\" src=\"https:\/\/orasul-timisoara.ro\/wp-content\/uploads\/2026\/07\/panouri-sos-112-7-1-436x300.jpg\" alt title=\"Panouri cu num\u0103rul 112, montate pe A1 dup\u0103 eliminarea telefoanelor SOS (foto)\" width=\"218\" height=\"150\"><\/a><\/div>\n<\/div>\n<div class=\"item-details\">\n<h3 class=\"entry-title td-module-title\"><a href=\"https:\/\/orasul-timisoara.ro\/local-39654\/\" rel=\"bookmark\" title=\"Panouri cu num\u0103rul 112, montate pe A1 dup\u0103 eliminarea telefoanelor SOS (foto)\">Panouri cu num\u0103rul 112, montate pe A1 dup\u0103 eliminarea telefoanelor SOS (foto)<\/a><\/h3>\n<\/div>\n<\/div>\n<\/div>\n<div class=\"td-related-span4\">\n<div class=\"td_module_related_posts td-animation-stack td_mod_related_posts\">\n<div class=\"td-module-image\">\n<div class=\"td-module-thumb\"><a href=\"https:\/\/orasul-timisoara.ro\/local-39651\/\" rel=\"bookmark\" class=\"td-image-wrap \" title=\"Drumul dintre Timi\u0219oara \u0219i Beregs\u0103u Mare intr\u0103 pe ultima sut\u0103 de metri. Asfaltarea s-a \u00eencheiat, se traseaz\u0103 marcajele\"><img loading=\"lazy\" decoding=\"async\" class=\"entry-thumb\" src=\"https:\/\/orasul-timisoara.ro\/wp-content\/uploads\/2026\/07\/beregsau-mare-436x300.jpg\" alt title=\"Drumul dintre Timi\u0219oara \u0219i Beregs\u0103u Mare intr\u0103 pe ultima sut\u0103 de metri. Asfaltarea s-a \u00eencheiat, se traseaz\u0103 marcajele\" width=\"218\" height=\"150\"><\/a><\/div>\n<\/div>\n<div class=\"item-details\">\n<h3 class=\"entry-title td-module-title\"><a href=\"https:\/\/orasul-timisoara.ro\/local-39651\/\" rel=\"bookmark\" title=\"Drumul dintre Timi\u0219oara \u0219i Beregs\u0103u Mare intr\u0103 pe ultima sut\u0103 de metri. Asfaltarea s-a \u00eencheiat, se traseaz\u0103 marcajele\">Drumul dintre Timi\u0219oara \u0219i Beregs\u0103u Mare intr\u0103 pe ultima sut\u0103 de metri. Asfaltarea s-a \u00eencheiat, se traseaz\u0103 marcajele<\/a><\/h3>\n<\/div>\n<\/div>\n<\/div>\n<div class=\"td-related-span4\">\n<div class=\"td_module_related_posts td-animation-stack td_mod_related_posts\">\n<div class=\"td-module-image\">\n<div class=\"td-module-thumb\"><a href=\"https:\/\/orasul-timisoara.ro\/local-39546\/\" rel=\"bookmark\" class=\"td-image-wrap \" title=\"Un nou pas pentru Centura de Vest a Timi\u0219oarei: \u00eencep procedurile de expropriere\"><img loading=\"lazy\" decoding=\"async\" class=\"entry-thumb\" src=\"https:\/\/orasul-timisoara.ro\/wp-content\/uploads\/2026\/07\/expropiere-centura-436x300.jpg\" alt title=\"Un nou pas pentru Centura de Vest a Timi\u0219oarei: \u00eencep procedurile de expropriere\" width=\"218\" height=\"150\"><\/a><\/div>\n<\/div>\n<div class=\"item-details\">\n<h3 class=\"entry-title td-module-title\"><a href=\"https:\/\/orasul-timisoara.ro\/local-39546\/\" rel=\"bookmark\" title=\"Un nou pas pentru Centura de Vest a Timi\u0219oarei: \u00eencep procedurile de expropriere\">Un nou pas pentru Centura de Vest a Timi\u0219oarei: \u00eencep procedurile de expropriere<\/a><\/h3>\n<\/div>\n<\/div>\n<\/div>\n<\/div>\n<\/div>\n<\/div>\n<div class=\"comments\" id=\"comments\">\n<div id=\"respond\" class=\"comment-respond\">\n<h3 id=\"reply-title\" class=\"comment-reply-title\">L\u0102SA\u021aI UN MESAJ<\/h3>\n<div class=\"comment-form-input-wrap td-form-comment\">\n<div class=\"td-warning-comment\">V\u0103 rug\u0103m s\u0103 introduce\u021bi comentariul dvs.!<\/div>\n<\/div>\n<div class=\"comment-form-input-wrap td-form-author\">\n<div class=\"td-warning-author\">Introduce\u021bi aici numele dvs.<\/div>\n<\/div>\n<div class=\"comment-form-input-wrap td-form-email\">\n<div class=\"td-warning-email-error\">A\u021bi introdus o adres\u0103 de e-mail incorect\u0103!<\/div>\n<div class=\"td-warning-email\">V\u0103 rug\u0103m s\u0103 introduce\u021bi adresa dvs. de e-mail aici<\/div>\n<\/div>\n<\/div>\n<p class=\"akismet_comment_form_privacy_notice\">Acest site folose\u0219te Akismet pentru a reduce spamul. <a href=\"https:\/\/akismet.com\/privacy\/\" target=\"_blank\" rel=\"nofollow noopener\">Afl\u0103 cum sunt procesate datele comentariilor tale<\/a>.<\/p>\n<\/div>\n<\/div>\n<\/div>\n<div class=\"td-pb-span4 td-main-sidebar\" role=\"complementary\">\n<div class=\"td-ss-main-sidebar\">\n<aside id=\"block-4\" class=\"td_block_template_8 widget block-4 widget_block widget_media_image\">\n<figure class=\"wp-block-image size-full\"><img loading=\"lazy\" decoding=\"async\" width=\"336\" height=\"280\" src=\"https:\/\/orasul-timisoara.ro\/wp-content\/uploads\/2024\/11\/ReTIM-Abonamentul-Verde-Google-Ads-336x280px.gif\" alt class=\"wp-image-29257\"><\/figure>\n<\/aside>\n<div class=\"td_block_wrap td_block_social_counter td_block_widget tdi_6 td-social-style5 td-social-boxed td-pb-border-top td_block_template_8\">\n<div class=\"td-block-title-wrap\">\n<h4 class=\"td-block-title\"><span>Urm\u0103re\u0219te-ne pe Social Media<\/span><\/h4>\n<\/div>\n<div class=\"td-social-list\">\n<div class=\"td_social_type td-pb-margin-side td_social_facebook\">\n<div class=\"td-social-box\"><span class=\"td_social_info td_social_info_counter\">344,595<\/span><span class=\"td_social_info td_social_info_name\">Fani<\/span><span class=\"td_social_button\"><a href=\"https:\/\/www.facebook.com\/247timisoara\" target=\"_blank\" rel=\"nofollow\">\u00cemi place<\/a><\/span><\/div>\n<\/div>\n<div class=\"td_social_type td-pb-margin-side td_social_instagram\">\n<div class=\"td-social-box\"><span class=\"td_social_info td_social_info_counter\">4,416<\/span><span class=\"td_social_info td_social_info_name\">Cititori<\/span><span class=\"td_social_button\"><a href=\"https:\/\/instagram.com\/orasultimisoararo\/\" target=\"_blank\" rel=\"nofollow\">Conecta\u021bi-v\u0103<\/a><\/span><\/div>\n<\/div>\n<div class=\"td_social_type td-pb-margin-side td_social_rss\">\n<div class=\"td-social-box\"><span class=\"td_social_info td_social_info_counter\">12,506<\/span><span class=\"td_social_info td_social_info_name\">Cititori<\/span><span class=\"td_social_button\"><a href=\"https:\/\/orasul-timisoara.ro\/feed\/\" target=\"_blank\" rel=\"nofollow\">Conecta\u021bi-v\u0103<\/a><\/span><\/div>\n<\/div>\n<div class=\"td_social_type td-pb-margin-side td_social_tiktok\">\n<div class=\"td-social-box\"><span class=\"td_social_info td_social_info_counter\">1,500<\/span><span class=\"td_social_info td_social_info_name\">Cititori<\/span><span class=\"td_social_button\"><a href=\"https:\/\/www.tiktok.com\/@orasultimisoara\" target=\"_blank\" rel=\"nofollow\">Conecta\u021bi-v\u0103<\/a><\/span><\/div>\n<\/div>\n<div class=\"td_social_type td-pb-margin-side td_social_twitter\">\n<div class=\"td-social-box\"><span class=\"td_social_info td_social_info_counter\">1,595<\/span><span class=\"td_social_info td_social_info_name\">Cititori<\/span><span class=\"td_social_button\"><a href=\"https:\/\/twitter.com\/orasultm\" target=\"_blank\" rel=\"nofollow\">Conecta\u021bi-v\u0103<\/a><\/span><\/div>\n<\/div>\n<div class=\"td_social_type td-pb-margin-side td_social_youtube\">\n<div class=\"td-social-box\"><span class=\"td_social_info td_social_info_counter\">3,506<\/span><span class=\"td_social_info td_social_info_name\">Abona\u021bi<\/span><span class=\"td_social_button\"><a href=\"https:\/\/www.youtube.com\/channel\/UCQNsQvs2XCSIm1Z-AHRturw?sub_confirmation=1\" target=\"_blank\" rel=\"nofollow\">Abona\u021bi-v\u0103<\/a><\/span><\/div>\n<\/div>\n<\/div>\n<\/div>\n<aside id=\"text-7\" class=\"td_block_template_8 widget text-7 widget_text\">\n<h4 class=\"td-block-title\"><span>C\u0103ut\u0103ri populare pe OTM<\/span><\/h4>\n<div class=\"textwidget\"><a href=\"https:\/\/orasul-timisoara.ro\/?s=timisoara\"><span>Timisoara<\/span><\/a><a href=\"https:\/\/orasul-timisoara.ro\/?s=calin+dobra\"><span>Calin Dobra<\/span><\/a><a href=\"https:\/\/orasul-timisoara.ro\/?s=primaria+timisoara\"><span>Primaria Timisoara<\/span><\/a><a href=\"https:\/\/orasul-timisoara.ro\/?s=dominic+fritz\"><span>Dominic Fritz<\/span><\/a><a href=\"https:\/\/orasul-timisoara.ro\/?s=nicolae+robu\"><span>Nicolae Robu<\/span><\/a><a href=\"https:\/\/orasul-timisoara.ro\/?s=consiliul+local+timisoara\">Consiliul Local Timisoara<\/a><a href=\"https:\/\/orasul-timisoara.ro\/?s=consiliul+judetean+timis\"><span>Consiliul Judetean Timis<\/span><\/a><a href=\"https:\/\/orasul-timisoara.ro\/?s=cjt\"><span>CJT<\/span><\/a><a href=\"https:\/\/orasul-timisoara.ro\/?s=Alfred+Simonis\"><span>Alfred Simonis<\/span><\/a><a href=\"https:\/\/orasul-timisoara.ro\/?s=PNL\"><span>PNL<\/span><\/a><a href=\"https:\/\/orasul-timisoara.ro\/?s=coronavirus\"><span>coronavirus<\/span><\/a><a href=\"https:\/\/orasul-timisoara.ro\/?s=teatru+timisoara\">teatru Timisoara<\/a><a href=\"https:\/\/orasul-timisoara.ro\/?s=restaurante\"><span>restaurante Timisoara<\/span><\/a><a href=\"https:\/\/orasul-timisoara.ro\/?s=diskoteka\"><span>Diskoteka<\/span><\/a><a href=\"https:\/\/orasul-timisoara.ro\/?s=iulius+town\"><span>Iulius Town<\/span><\/a><a href=\"https:\/\/orasul-timisoara.ro\/?s=iulius+mall\"><span>Iulius Mall<\/span><\/a><a href=\"https:\/\/orasul-timisoara.ro\/?s=stpt\"><span>STPT<\/span><\/a><a href=\"https:\/\/orasul-timisoara.ro\/?s=alin+nica\"><span>Alin Nica<\/span><\/a><a href=\"https:\/\/orasul-timisoara.ro\/?s=psd\"><span>PSD<\/span><\/a><a href=\"https:\/\/orasul-timisoara.ro\/?s=aeroport\"><span>Aeroportul International Timisoara<\/span><\/a><a href=\"https:\/\/orasul-timisoara.ro\/?s=babes\"><span>Spitalul Victor Babes Timisoara<\/span><\/a><a href=\"https:\/\/orasul-timisoara.ro\/?s=poli\"><span>Poli Timi\u0219oara<\/span><\/a><a href=\"https:\/\/orasul-timisoara.ro\/?s=carantina\"><span>carantina<\/span><\/a><a href=\"https:\/\/orasul-timisoara.ro\/?s=aquatim\"><span>Aquatim<\/span><\/a><a href=\"https:\/\/orasul-timisoara.ro\/local-category\/stiri-timisoara\/\"><span>Stiri Timisoara<\/span><\/a><a href=\"https:\/\/orasul-timisoara.ro\/local-category\/investitii-in-timisoara\/\"><span>Investi\u021bii in Timi\u0219oara<\/span><\/a><a href=\"https:\/\/orasul-timisoara.ro\/local-9463\/\"><span>shaorma<\/span><\/a><a href=\"https:\/\/orasul-timisoara.ro\/?s=trafic\"><span>trafic rutier<\/span><\/a><a href=\"https:\/\/orasul-timisoara.ro\/?s=politia\"><span>politia locala timisoara<\/span><\/a><a href=\"https:\/\/orasul-timisoara.ro\/?s=roxana\"><span>Roxana Iliescu<\/span><\/a><a href=\"https:\/\/orasul-timisoara.ro\/?s=colterm\"><span>Colterm<\/span><\/a><a href=\"https:\/\/orasul-timisoara.ro\/?s=latcau\"><span>Ruben La\u021bc\u0103u<\/span><\/a><a href=\"https:\/\/orasul-timisoara.ro\/?s=timis\"><span>\u0218tiri din Timi\u0219<\/span><\/a><a href=\"https:\/\/orasul-timisoara.ro\/?s=spital\"><span>Spitale din Timi\u0219oara<\/span><\/a><a href=\"https:\/\/orasul-timisoara.ro\/?s=tabara\"><span>Cosmin Tab\u0103r\u0103<\/span><\/a><\/div>\n<\/aside>\n<aside id=\"rss-2\" class=\"td_block_template_8 widget rss-2 widget_rss\">\n<h4 class=\"td-block-title\"><span><a class=\"rsswidget rss-widget-feed\" href=\"https:\/\/fashionfridays.ro\/feed\"><img decoding=\"async\" class=\"rss-widget-icon\" width=\"14\" height=\"14\" src=\"https:\/\/orasul-timisoara.ro\/wp-includes\/images\/rss.png\" alt=\"RSS\" loading=\"lazy\"><\/a><a class=\"rsswidget rss-widget-title\" href=\"https:\/\/fashionfridays.ro\/\">Fashion Fridays<\/a><\/span><\/h4>\n<ul>\n<li><a class=\"rsswidget\" href=\"https:\/\/fashionfridays.ro\/romania-devine-a-29-a-piata-vogue-o-noua-era-pentru-industria-locala-de-moda\/\">Rom\u00e2nia devine a 29-a pia\u021b\u0103 Vogue: o nou\u0103 er\u0103 pentru industria local\u0103 de mod\u0103<\/a>\n<div class=\"rssSummary\">Revista Vogue \u00ee\u0219i extinde prezen\u021ba global\u0103 \u0219i va fi lansat\u0103 oficial \u00een Rom\u00e2nia \u00een prim\u0103vara anului 2027, marc\u00e2nd intrarea pe cea de-a 29-a pia\u021b\u0103 interna\u021bional\u0103. Proiectul este realizat \u00een parteneriat cu AEMME Publishing, o companie media recent \u00eenfiin\u021bat\u0103, care va publica edi\u021bia local\u0103 sub licen\u021b\u0103. Noua edi\u021bie, Vogue Rom\u00e2nia, \u00ee\u0219i propune s\u0103 combine autoritatea global\u0103 [\u2026]<\/div>\n<\/li>\n<\/ul>\n<\/aside>\n<aside id=\"rss-4\" class=\"td_block_template_8 widget rss-4 widget_rss\">\n<h4 class=\"td-block-title\"><span><a class=\"rsswidget rss-widget-feed\" href=\"https:\/\/emasini.ro\/feed\"><img decoding=\"async\" class=\"rss-widget-icon\" width=\"14\" height=\"14\" src=\"https:\/\/orasul-timisoara.ro\/wp-includes\/images\/rss.png\" alt=\"RSS\" loading=\"lazy\"><\/a><a class=\"rsswidget rss-widget-title\" href=\"https:\/\/emasini.ro\/\">eMasini<\/a><\/span><\/h4>\n<ul>\n<li><a class=\"rsswidget\" href=\"https:\/\/emasini.ro\/dacia-analizeaza-lansarea-lui-hipster-automobilul-urban-de-doar-3-metri-lungime\/\">Dacia analizeaz\u0103 lansarea lui Hipster, automobilul urban de doar 3 metri lungime (video)<\/a>\n<div class=\"rssSummary\">Dacia ar putea introduce pe pia\u021b\u0103 unul dintre cele mai neobi\u0219nuite modele din istoria sa recent\u0103. Conceptul Hipster, prezentat anul trecut ca o reinterpretare radical\u0103 a automobilului urban accesibil, se afl\u0103 \u00een prezent \u00eentr-o etap\u0103 de evaluare, iar decizia privind produc\u021bia de serie va fi luat\u0103 \u00een func\u021bie de reac\u021bia publicului \u0219i de evolu\u021bia reglement\u0103rilor [\u2026]<\/div>\n<\/li>\n<\/ul>\n<\/aside>\n<\/div>\n<\/div>\n<\/div>\n<\/div>\n<\/article>\n<div class=\"td-post-content tagdiv-type\">\n<p class=\"wp-block-paragraph\">\u0218oferii care circul\u0103 pe autostrada A1, pe sectorul administrat de Direc\u021bia Regional\u0103 de Drumuri \u0219i Poduri (DRDP) Timi\u0219oara, trebuie s\u0103 se a\u0219tepte la restric\u021bii de trafic \u0219i \u00een urm\u0103toarele s\u0103pt\u0103m\u00e2ni. Institu\u021bia a anun\u021bat c\u0103 au \u00eenceput lucr\u0103ri de repara\u021bii la carosabil, care se vor desf\u0103\u0219ura p\u00e2n\u0103 la sf\u00e2r\u0219itul lunii iulie, pe mai multe tronsoane cu trafic intens dintre N\u0103dlac \u0219i Cun\u021ba.<\/p>\n<p class=\"wp-block-paragraph\">Interven\u021biile vizeaz\u0103 at\u00e2t refacerea suprafe\u021bei de rulare, c\u00e2t \u0219i aplicarea de marcaje rutiere, iar circula\u021bia este restric\u021bionat\u0103 \u00een zonele unde lucreaz\u0103 echipele antreprenorului Drumuri \u0219i Poduri Banat (DPB). Autorit\u0103\u021bile le recomand\u0103 \u0219oferilor s\u0103 respecte semnalizarea temporar\u0103 \u0219i s\u0103 circule cu pruden\u021b\u0103.<\/p>\n<h2 class=\"wp-block-heading\">Repara\u021bii la carosabil \u00eentre Traian Vuia \u0219i Margina<\/h2>\n<p class=\"wp-block-paragraph\">Potrivit DRDP Timi\u0219oara, miercuri, 15 iulie, echipele de interven\u021bie lucreaz\u0103 pe sensul de mers Deva \u2013 Timi\u0219oara, \u00eentre nodurile rutiere Traian Vuia \u0219i Margina, pe sectorul cuprins \u00eentre kilometrii 441+250 \u0219i 446+400. Lucr\u0103rile includ \u0219i zona nodului rutier Margina.<\/p>\n<p class=\"wp-block-paragraph\">\u00cen acela\u0219i timp, se desf\u0103\u0219oar\u0103 lucr\u0103ri \u0219i \u00eentre nodurile rutiere Topolov\u0103\u021bu Mare \u0219i Remetea Mare, pe tronsonul cuprins \u00eentre kilometrii 470+400 \u0219i 478+670.<\/p>\n<p class=\"wp-block-paragraph\">Pe durata interven\u021biilor, p\u00e2n\u0103 la ora 20:00, circula\u021bia rutier\u0103 se desf\u0103\u0219oar\u0103 doar pe banda a doua, \u00een timp ce banda \u00eent\u00e2i \u0219i banda de urgen\u021b\u0103 sunt \u00eenchise traficului.<\/p>\n<h2 class=\"wp-block-heading\">Marcaje rutiere \u00eentre Pecica \u0219i N\u0103dlac<\/h2>\n<p class=\"wp-block-paragraph\">\u00cen paralel cu lucr\u0103rile de repara\u021bii la carosabil, DRDP Timi\u0219oara execut\u0103 lucr\u0103ri de refacere a marcajelor rutiere \u00een zona median\u0103 a autostr\u0103zii A1, pe sectorul dintre Pecica \u0219i N\u0103dlac.<\/p>\n<p class=\"wp-block-paragraph\">\u00cen aceast\u0103 zon\u0103, p\u00e2n\u0103 la ora 18:30, traficul este deviat exclusiv pe banda de urgen\u021b\u0103, \u00eentruc\u00e2t benzile unu \u0219i doi sunt restric\u021bionate pentru desf\u0103\u0219urarea lucr\u0103rilor.<\/p>\n<h2 class=\"wp-block-heading\">Lucr\u0103rile vor continua p\u00e2n\u0103 la sf\u00e2r\u0219itul lunii<\/h2>\n<p class=\"wp-block-paragraph\">Reprezentan\u021bii DRDP Timi\u0219oara precizeaz\u0103 c\u0103 interven\u021biile fac parte din programul de \u00eentre\u021binere a autostr\u0103zii A1 \u0219i vor continua p\u00e2n\u0103 la finalul lunii iulie, pe diferite sectoare ale tronsonului administrat de institu\u021bie, \u00eentre N\u0103dlac \u0219i Cun\u021ba.<\/p>\n<p class=\"wp-block-paragraph\">Scopul lucr\u0103rilor este men\u021binerea infrastructurii rutiere \u00een condi\u021bii optime de circula\u021bie \u0219i cre\u0219terea siguran\u021bei participan\u021bilor la trafic.<\/p>\n<h2 class=\"wp-block-heading\">Recomand\u0103ri pentru \u0219oferi<\/h2>\n<p class=\"wp-block-paragraph\">Autorit\u0103\u021bile \u00eei sf\u0103tuiesc pe conduc\u0103torii auto s\u0103 reduc\u0103 viteza \u00een apropierea \u0219antierelor, s\u0103 respecte restric\u021biile temporare de circula\u021bie \u0219i indicatoarele rutiere montate \u00een zonele afectate de lucr\u0103ri.<\/p>\n<p class=\"wp-block-paragraph\">De asemenea, \u0219oferii sunt \u00eendemna\u021bi s\u0103 manifeste aten\u021bie sporit\u0103 \u00een apropierea utilajelor \u0219i a echipelor care lucreaz\u0103 pe autostrad\u0103, pentru a evita producerea unor incidente \u0219i pentru a permite desf\u0103\u0219urarea interven\u021biilor \u00een condi\u021bii de siguran\u021b\u0103.<\/p>\n<p class=\"wp-block-paragraph\">Pe durata lucr\u0103rilor sunt posibile \u00eencetiniri ale traficului \u0219i formarea unor coloane de autovehicule, \u00een special \u00een intervalele cu trafic intens, motiv pentru care conduc\u0103torii auto sunt sf\u0103tui\u021bi s\u0103 \u00ee\u0219i planifice din timp deplas\u0103rile \u0219i s\u0103 ia \u00een calcul un timp suplimentar de c\u0103l\u0103torie.<\/p>\n<\/div>\n<p>[analyse_source url=&#8221;https:\/\/orasul-timisoara.ro\/local-39672\/&#8221;]<\/p>\n","protected":false},"excerpt":{"rendered":"<p>[analyse_image type=&#8221;featured&#8221; src=&#8221;https:\/\/orasul-timisoara.ro\/wp-content\/uploads\/2026\/07\/reparatii-autostrada.jpg&#8221;] Investitii in TimisoaraRestric\u021bii pe autostrada A1: DRDP Timi\u0219oara repar\u0103 carosabilul p\u00e2n\u0103 la finalul lunii&#8230; Investitii in Timisoara \u0218tiri Locale \u0218tiri na\u021bionale \u0219i interna\u021bionale Turism Restric\u021bii pe autostrada A1: DRDP Timi\u0219oara repar\u0103 carosabilul p\u00e2n\u0103 la finalul lunii iulie De c\u0103tre redactia &#8211; 15\/07\/2026 Facebook Twitter WhatsApp Linkedin ReddIt Email Imprimare \u0218oferii care circul\u0103 [&hellip;]<\/p>\n","protected":false},"author":1,"featured_media":0,"comment_status":"open","ping_status":"","sticky":false,"template":"","format":"standard","meta":{"footnotes":""},"categories":[89],"tags":[226,189],"class_list":["post-2044632","post","type-post","status-publish","format-standard","hentry","category-romania","tag-crawlmanager","tag-orasul-timisoara-ro"],"_links":{"self":[{"href":"https:\/\/analyse.optim.biz\/index.php?rest_route=\/wp\/v2\/posts\/2044632","targetHints":{"allow":["GET"]}}],"collection":[{"href":"https:\/\/analyse.optim.biz\/index.php?rest_route=\/wp\/v2\/posts"}],"about":[{"href":"https:\/\/analyse.optim.biz\/index.php?rest_route=\/wp\/v2\/types\/post"}],"author":[{"embeddable":true,"href":"https:\/\/analyse.optim.biz\/index.php?rest_route=\/wp\/v2\/users\/1"}],"replies":[{"embeddable":true,"href":"https:\/\/analyse.optim.biz\/index.php?rest_route=%2Fwp%2Fv2%2Fcomments&post=2044632"}],"version-history":[{"count":0,"href":"https:\/\/analyse.optim.biz\/index.php?rest_route=\/wp\/v2\/posts\/2044632\/revisions"}],"wp:attachment":[{"href":"https:\/\/analyse.optim.biz\/index.php?rest_route=%2Fwp%2Fv2%2Fmedia&parent=2044632"}],"wp:term":[{"taxonomy":"category","embeddable":true,"href":"https:\/\/analyse.optim.biz\/index.php?rest_route=%2Fwp%2Fv2%2Fcategories&post=2044632"},{"taxonomy":"post_tag","embeddable":true,"href":"https:\/\/analyse.optim.biz\/index.php?rest_route=%2Fwp%2Fv2%2Ftags&post=2044632"}],"curies":[{"name":"wp","href":"https:\/\/api.w.org\/{rel}","templated":true}]}}