{"id":2044609,"date":"2026-07-15T11:06:30","date_gmt":"2026-07-15T08:06:30","guid":{"rendered":"https:\/\/analyse.optim.biz\/?p=2044609"},"modified":"2026-07-15T11:06:30","modified_gmt":"2026-07-15T08:06:30","slug":"un-simbol-al-banatului-renaste-proiect-de-restaurare-pentru-moara-valeapai-foto","status":"publish","type":"post","link":"https:\/\/analyse.optim.biz\/?p=2044609","title":{"rendered":"Un simbol al Banatului rena\u0219te: proiect de restaurare pentru Moara Valeapai (foto)"},"content":{"rendered":"<p>[analyse_image type=&#8221;featured&#8221; src=&#8221;https:\/\/orasul-timisoara.ro\/wp-content\/uploads\/2026\/07\/ChatGPT-Image-Jul-15-2026-02_05_30-PM.jpg&#8221;]<\/p>\n<article id=\"post-39675\" class=\"td-post-template-7 post-39675 post type-post status-publish format-standard has-post-thumbnail category-featured category-investitii-in-timisoara category-stiri-timisoara tag-acasa-in-banat-2 tag-banat tag-caras-severin-3 tag-istorie-locala tag-moara-valeapai tag-muzeul-moraritului tag-patrimoniu-industrial tag-patrimoniu-rural tag-radu-trifan tag-ramna tag-restaurare-patrimoniu tag-valeapai tag-voluntari td-container-wrap\">\n<div class=\"td-full-screen-header-image-wrap\">\n<div class=\"td-container td-post-header\">\n<div class=\"td-crumb-container\">\n<div class=\"entry-crumbs\"><span><a title=\"Vede\u021bi toate articolele \u00een Investitii in Timisoara\" class=\"entry-crumb\" href=\"https:\/\/orasul-timisoara.ro\/local-category\/investitii-in-timisoara\/\">Investitii in Timisoara<\/a><\/span><span class=\"td-bred-no-url-last\">Un simbol al Banatului rena\u0219te: proiect de restaurare pentru Moara Valeapai (foto)<\/span><\/div>\n<\/div>\n<div class=\"td-post-header-holder\">\n<div class=\"td-parallax-header\">\n<header class=\"td-post-title\">\n<ul class=\"td-category\">\n<li class=\"entry-category\"><a href=\"https:\/\/orasul-timisoara.ro\/local-category\/investitii-in-timisoara\/\">Investitii in Timisoara<\/a><\/li>\n<li class=\"entry-category\"><a href=\"https:\/\/orasul-timisoara.ro\/local-category\/stiri-timisoara\/\">\u0218tiri Locale<\/a><\/li>\n<\/ul>\n<h1 class=\"entry-title\">Un simbol al Banatului rena\u0219te: proiect de restaurare pentru Moara Valeapai (foto)<\/h1>\n<div class=\"td-module-meta-info\">\n<div class=\"td-post-author-name\">\n<div class=\"td-author-by\">De c\u0103tre<\/div>\n<p><a href=\"https:\/\/orasul-timisoara.ro\/author\/timisoara\/\">redactia<\/a><\/p>\n<div class=\"td-author-line\"> &#8211; <\/div>\n<\/div>\n<p><span class=\"td-post-date\"><time class=\"entry-date updated td-module-date\" datetime=\"2026-07-15T14:06:30+03:00\">15\/07\/2026<\/time><\/span><\/div>\n<\/header>\n<\/div>\n<\/div>\n<\/div>\n<div id=\"td-full-screen-header-image\" class=\"td-image-gradient-style7\"><img decoding=\"async\" class=\"td-backstretch\" src=\"https:\/\/orasul-timisoara.ro\/wp-content\/uploads\/2026\/07\/ChatGPT-Image-Jul-15-2026-02_05_30-PM.jpg\"><\/div>\n<\/div>\n<div class=\"td-container\">\n<div class=\"td-pb-row\">\n<div class=\"td-pb-span8 td-main-content\" role=\"main\">\n<div class=\"td-ss-main-content\">\n<div class=\"td-post-sharing-top\">\n<div class=\"td-post-sharing-classic\"><iframe title=\"topFacebookLike\" frameborder src=\"https:\/\/www.facebook.com\/plugins\/like.php?href=https:\/\/orasul-timisoara.ro\/local-39675\/&amp;layout=button_count&amp;show_faces=false&amp;width=105&amp;action=like&amp;colorscheme=light&amp;height=21\"><\/iframe><\/div>\n<div id=\"td_social_sharing_article_top\" class=\"td-post-sharing td-ps-bg td-ps-notext td-post-sharing-style1 \">\n<div class=\"td-post-sharing-visible\"><a class=\"td-social-sharing-button td-social-sharing-button-js td-social-network td-social-facebook\" href=\"https:\/\/www.facebook.com\/sharer.php?u=https%3A%2F%2Forasul-timisoara.ro%2Flocal-39675%2F\" title=\"Facebook\"><\/p>\n<div class=\"td-social-but-text\">Facebook<\/div>\n<p><\/a><a class=\"td-social-sharing-button td-social-sharing-button-js td-social-network td-social-twitter\" href=\"https:\/\/twitter.com\/intent\/tweet?text=Un+simbol+al+Banatului+rena%C8%99te%3A+proiect+de+restaurare+pentru+Moara+Valeapai+%28foto%29&amp;url=https%3A%2F%2Forasul-timisoara.ro%2Flocal-39675%2F&amp;via=orasultm\" title=\"Twitter\"><\/p>\n<div class=\"td-social-but-text\">Twitter<\/div>\n<p><\/a><a class=\"td-social-sharing-button td-social-sharing-button-js td-social-network td-social-whatsapp\" href=\"https:\/\/api.whatsapp.com\/send?text=Un+simbol+al+Banatului+rena%C8%99te%3A+proiect+de+restaurare+pentru+Moara+Valeapai+%28foto%29%20%0A%0A%20https:\/\/orasul-timisoara.ro\/local-39675\/\" title=\"WhatsApp\"><\/p>\n<div class=\"td-social-but-text\">WhatsApp<\/div>\n<p><\/a><a class=\"td-social-sharing-button td-social-sharing-button-js td-social-network td-social-linkedin\" href=\"https:\/\/www.linkedin.com\/shareArticle?mini=true&amp;url=https:\/\/orasul-timisoara.ro\/local-39675\/&amp;title=Un+simbol+al+Banatului+rena%C8%99te%3A+proiect+de+restaurare+pentru+Moara+Valeapai+%28foto%29\" title=\"Linkedin\"><\/p>\n<div class=\"td-social-but-text\">Linkedin<\/div>\n<p><\/a><a class=\"td-social-sharing-button td-social-sharing-button-js td-social-network td-social-reddit\" href=\"https:\/\/reddit.com\/submit?url=https:\/\/orasul-timisoara.ro\/local-39675\/&amp;title=Un+simbol+al+Banatului+rena%C8%99te%3A+proiect+de+restaurare+pentru+Moara+Valeapai+%28foto%29\" title=\"ReddIt\"><\/p>\n<div class=\"td-social-but-text\">ReddIt<\/div>\n<p><\/a><a class=\"td-social-sharing-button td-social-sharing-button-js td-social-network td-social-mail\" href=\"mailto:?subject=Un%20simbol%20al%20Banatului%20rena%C8%99te:%20proiect%20de%20restaurare%20pentru%20Moara%20Valeapai%20(foto)&amp;body=https:\/\/orasul-timisoara.ro\/local-39675\/\" title=\"Email\"><\/p>\n<div class=\"td-social-but-text\">Email<\/div>\n<p><\/a><a class=\"td-social-sharing-button td-social-sharing-button-js td-social-network td-social-print\" href=\"https:\/\/orasul-timisoara.ro\/local-39675\/\" title=\"Imprimare\"><\/p>\n<div class=\"td-social-but-text\">Imprimare<\/div>\n<p><\/a><\/div>\n<\/div>\n<\/div>\n<div class=\"td-post-content tagdiv-type\">\n<p class=\"wp-block-paragraph\">O moar\u0103 veche de peste 120 de ani din jude\u021bul Cara\u0219-Severin are \u0219ansa de a rena\u0219te \u0219i de a deveni un nou punct de atrac\u021bie pentru patrimoniul cultural al Banatului. Asocia\u021bia Acas\u0103 \u00een Banat a preluat \u00een concesiune Moara de la Valeapai \u0219i a lansat un amplu proiect de conservare \u0219i restaurare, prin care \u00ee\u0219i propune s\u0103 transforme cl\u0103direa \u00eentr-un muzeu dedicat istoriei mor\u0103ritului \u0219i tradi\u021biilor locale.<\/p>\n<p class=\"wp-block-paragraph\">Primul pas este oprirea degrad\u0103rii construc\u021biei, grav afectat\u0103 \u00een ultimii ani de vandalizare \u0219i de lipsa lucr\u0103rilor de \u00eentre\u021binere. \u00cen acest sens, asocia\u021bia organizeaz\u0103 pe 18 iulie o ac\u021biune de voluntariat pentru cur\u0103\u021barea terenului \u0219i preg\u0103tirea \u0219antierului, invit\u00e2nd comunitatea s\u0103 se implice \u00een salvarea unuia dintre pu\u021binele obiective de patrimoniu industrial rural r\u0103mase \u00een Banat.<\/p>\n<h2 class=\"wp-block-heading\">O moar\u0103 cu o istorie de peste un secol<\/h2>\n<p class=\"wp-block-paragraph\">Situat\u0103 \u00een satul Valeapai, comuna Ramna, jude\u021bul Cara\u0219-Severin, moara actual\u0103 a fost construit\u0103 \u00een anul 1906 pe amplasamentul unei construc\u021bii mai vechi, distruse de un incendiu.<\/p>\n<figure class=\"wp-block-gallery has-nested-images columns-7 is-cropped wp-block-gallery-1 is-layout-flex wp-block-gallery-is-layout-flex\">\n<figure class=\"wp-block-image size-large\"><img loading=\"lazy\" decoding=\"async\" width=\"1876\" height=\"2500\" data-id=\"39680\" src=\"https:\/\/orasul-timisoara.ro\/wp-content\/uploads\/2026\/07\/Moara-Valeapai-7-1876x2500.jpg\" alt class=\"wp-image-39680\"><\/figure>\n<figure class=\"wp-block-image size-large\"><img loading=\"lazy\" decoding=\"async\" width=\"1920\" height=\"1920\" data-id=\"39679\" src=\"https:\/\/orasul-timisoara.ro\/wp-content\/uploads\/2026\/07\/Moara-Valeapai-4.jpg\" alt class=\"wp-image-39679\"><\/figure>\n<figure class=\"wp-block-image size-large\"><img loading=\"lazy\" decoding=\"async\" width=\"1875\" height=\"2500\" data-id=\"39683\" src=\"https:\/\/orasul-timisoara.ro\/wp-content\/uploads\/2026\/07\/Moara-Valeapai-3-1875x2500.jpg\" alt class=\"wp-image-39683\"><\/figure>\n<figure class=\"wp-block-image size-large\"><img decoding=\"async\" loading=\"lazy\" width=\"1920\" height=\"1920\" data-id=\"39678\" src=\"https:\/\/orasul-timisoara.ro\/wp-content\/uploads\/2026\/07\/Moara-Valeapai-6.jpg\" alt class=\"wp-image-39678\"><\/figure>\n<figure class=\"wp-block-image size-large\"><img decoding=\"async\" loading=\"lazy\" width=\"1920\" height=\"1920\" data-id=\"39676\" src=\"https:\/\/orasul-timisoara.ro\/wp-content\/uploads\/2026\/07\/Moara-Valeapai-8.jpg\" alt class=\"wp-image-39676\"><\/figure>\n<figure class=\"wp-block-image size-large\"><img decoding=\"async\" loading=\"lazy\" width=\"1875\" height=\"2500\" data-id=\"39682\" src=\"https:\/\/orasul-timisoara.ro\/wp-content\/uploads\/2026\/07\/Moara-Valeapai-5-1875x2500.jpg\" alt class=\"wp-image-39682\"><\/figure>\n<figure class=\"wp-block-image size-large\"><img decoding=\"async\" loading=\"lazy\" width=\"1920\" height=\"1441\" data-id=\"39681\" src=\"https:\/\/orasul-timisoara.ro\/wp-content\/uploads\/2026\/07\/Moara-Valeapai-1.jpg\" alt class=\"wp-image-39681\"><\/figure>\n<figure class=\"wp-block-image size-large\"><img decoding=\"async\" loading=\"lazy\" width=\"1920\" height=\"1080\" data-id=\"39677\" src=\"https:\/\/orasul-timisoara.ro\/wp-content\/uploads\/2026\/07\/Moara-Valeapai-logo.jpg\" alt class=\"wp-image-39677\"><\/figure>\n<\/figure>\n<p class=\"wp-block-paragraph\">De-a lungul genera\u021biilor, moara a reprezentat un punct esen\u021bial pentru comunitatea local\u0103. Aici ajungeau agricultorii din Valeapai \u0219i din satele din \u00eemprejurimi pentru a transforma cerealele cultivate pe c\u00e2mp \u00een f\u0103ina necesar\u0103 prepar\u0103rii p\u00e2inii, \u00eentr-o perioad\u0103 \u00een care mor\u0103ritul era una dintre activit\u0103\u021bile esen\u021biale ale economiei rurale.<\/p>\n<h2 class=\"wp-block-heading\">Din ruin\u0103, \u00eentr-un muzeu al mor\u0103ritului b\u0103n\u0103\u021bean<\/h2>\n<p class=\"wp-block-paragraph\">Planul Asocia\u021biei Acas\u0103 \u00een Banat merge dincolo de restaurarea cl\u0103dirii. Organiza\u021bia dore\u0219te s\u0103 redea func\u021bionalitatea simbolic\u0103 a morii \u0219i s\u0103 creeze un spa\u021biu educativ \u0219i turistic dedicat patrimoniului industrial.<\/p>\n<p class=\"wp-block-paragraph\">Proiectul prevede amenajarea unui muzeu al mor\u0103ritului din Banat, \u00een care vor fi conservate mecanismele specifice unei mori tradi\u021bionale \u0219i prezentat\u0103 evolu\u021bia acestei ocupa\u021bii.<\/p>\n<p class=\"wp-block-paragraph\">De asemenea, vizitatorii vor putea urm\u0103ri demonstra\u021bii practice privind \u00eentregul proces de transformare a gr\u00e2ului \u00een f\u0103in\u0103 \u0219i apoi a f\u0103inii \u00een p\u00e2ine, oferind astfel o experien\u021b\u0103 interactiv\u0103 pentru copii, turi\u0219ti \u0219i pasiona\u021bii de istorie.<\/p>\n<h2 class=\"wp-block-heading\">Radu Trifan: \u201eNe dorim ca Moara Valeapai s\u0103 macine din nou\u201d<\/h2>\n<p class=\"wp-block-paragraph\">Pre\u0219edintele Asocia\u021biei Acas\u0103 \u00een Banat, Radu Trifan, spune c\u0103 obiectivul proiectului este p\u0103strarea unei p\u0103r\u021bi importante din identitatea satului b\u0103n\u0103\u021bean.<\/p>\n<p class=\"wp-block-paragraph\">Potrivit acestuia, moara reprezint\u0103 mai mult dec\u00e2t o cl\u0103dire veche, fiind un simbol al vie\u021bii cotidiene din Banat, unde genera\u021bii \u00eentregi de oameni \u00ee\u0219i cultivau cerealele \u0219i veneau la moar\u0103 pentru a ob\u021bine f\u0103ina necesar\u0103 hranei de zi cu zi.<\/p>\n<p class=\"wp-block-paragraph\">Asocia\u021bia \u00ee\u0219i propune ca instala\u021biile s\u0103 func\u021bioneze din nou \u00een scop demonstrativ, astfel \u00eenc\u00e2t vizitatorii s\u0103 poat\u0103 \u00een\u021belege tehnologia folosit\u0103 odinioar\u0103 \u0219i rolul pe care morile \u00eel aveau \u00een via\u021ba satelor.<\/p>\n<h2 class=\"wp-block-heading\">Primul pas: conservarea cl\u0103dirii<\/h2>\n<p class=\"wp-block-paragraph\">\u00cenainte de restaurarea propriu-zis\u0103, sunt necesare interven\u021bii urgente pentru stoparea degrad\u0103rii construc\u021biei.<\/p>\n<p class=\"wp-block-paragraph\">Prioritatea este refacerea \u0219i protejarea acoperi\u0219ului, astfel \u00eenc\u00e2t apa \u0219i intemperiile s\u0103 nu provoace distrugeri suplimentare. \u00cen paralel, zona din jurul cl\u0103dirii trebuie cur\u0103\u021bat\u0103 \u0219i preg\u0103tit\u0103 pentru lucr\u0103rile de restaurare.<\/p>\n<h2 class=\"wp-block-heading\">Apel c\u0103tre voluntari<\/h2>\n<p class=\"wp-block-paragraph\">Pentru a preg\u0103ti viitorul \u0219antier, Asocia\u021bia Acas\u0103 \u00een Banat organizeaz\u0103 s\u00e2mb\u0103t\u0103, 18 iulie 2026, o ac\u021biune de voluntariat la Valeapai.<\/p>\n<p class=\"wp-block-paragraph\">Participan\u021bii vor contribui la \u00eendep\u0103rtarea vegeta\u021biei crescute necontrolat \u0219i la cur\u0103\u021barea terenului din jurul morii, astfel \u00eenc\u00e2t cl\u0103direa s\u0103 fie preg\u0103tit\u0103 pentru lucr\u0103rile de conservare.<\/p>\n<p class=\"wp-block-paragraph\">Persoanele interesate se pot \u00eenscrie prin intermediul platformei dedicate evenimentului.<\/p>\n<h2 class=\"wp-block-heading\">Proiectul are nevoie \u0219i de sprijin financiar<\/h2>\n<p class=\"wp-block-paragraph\">Restaurarea monumentului presupune investi\u021bii importante, iar reprezentan\u021bii asocia\u021biei fac apel la persoanele fizice \u0219i companiile care doresc s\u0103 contribuie la salvarea patrimoniului industrial al Banatului.<\/p>\n<p class=\"wp-block-paragraph\">Proiectul poate fi sus\u021binut prin dona\u021bii sau sponsoriz\u0103ri \u00een conturile Asocia\u021biei Acas\u0103 \u00een Banat, fondurile urm\u00e2nd s\u0103 fie utilizate pentru lucr\u0103rile de conservare \u0219i restaurare.<\/p>\n<h2 class=\"wp-block-heading\">Povestea Morii de la Valeapai<\/h2>\n<p class=\"wp-block-paragraph\">Istoria morii este str\u00e2ns legat\u0103 de evolu\u021bia localit\u0103\u021bii Valeapai \u0219i de familiile care au administrat domeniul de-a lungul timpului.<\/p>\n<p class=\"wp-block-paragraph\">Primele documente atest\u0103 existen\u021ba unei mori \u00eenc\u0103 din anul 1864, c\u00e2nd mo\u0219ia apar\u021binea familiei nobiliare Atanasievici. Dup\u0103 incendiul din 1906, noua moar\u0103 a fost ridicat\u0103 la ini\u021biativa baronului Bela Tallian \u0219i modernizat\u0103 prin instalarea unei turbine alimentate cu ap\u0103 din r\u00e2ul Pog\u0103ni\u0219, prin intermediul unui baraj \u0219i al unui canal de aduc\u021biune.<\/p>\n<p class=\"wp-block-paragraph\">Dup\u0103 Primul R\u0103zboi Mondial, proprietatea a intrat \u00een administrarea familiei Peter Riesz, perioad\u0103 \u00een care moara \u0219i-a continuat activitatea \u0219i a deservit comunit\u0103\u021bile din \u00eentreaga zon\u0103.<\/p>\n<p class=\"wp-block-paragraph\">Na\u021bionalizarea din perioada comunist\u0103 a schimbat \u00eens\u0103 destinul cl\u0103dirii. \u00cen 1963, moara a fost trecut\u0103 \u00een proprietatea statului \u0219i, treptat, \u0219i-a pierdut importan\u021ba economic\u0103. Dup\u0103 1989 a mai func\u021bionat p\u00e2n\u0103 \u00een anul 2000, c\u00e2nd \u0219i-a \u00eencetat definitiv activitatea.<\/p>\n<p class=\"wp-block-paragraph\">\u00cen 2022, cl\u0103direa a fost vandalizat\u0103, iar o mare parte dintre utilajele originale au fost distruse sau furate. Chiar \u0219i \u00een aceste condi\u021bii, Moara de la Valeapai r\u0103m\u00e2ne unul dintre cele mai valoroase exemple de patrimoniu industrial rural din Banat.<\/p>\n<p class=\"wp-block-paragraph\">Prin proiectul ini\u021biat de Asocia\u021bia Acas\u0103 \u00een Banat, acest loc are \u0219ansa de a redeveni un reper cultural \u0219i educa\u021bional, p\u0103str\u00e2nd vie memoria unei \u00eendeletniciri care a modelat timp de genera\u021bii via\u021ba satului b\u0103n\u0103\u021bean.<\/p>\n<\/div>\n<footer>\n<div class=\"td-post-source-tags\">\n<ul class=\"td-tags td-post-small-box clearfix\">\n<li><span>ETICHETE<\/span><\/li>\n<li><a href=\"https:\/\/orasul-timisoara.ro\/local-tag\/acasa-in-banat-2\/\">Acas\u0103 \u00een Banat<\/a><\/li>\n<li><a href=\"https:\/\/orasul-timisoara.ro\/local-tag\/banat\/\">banat<\/a><\/li>\n<li><a href=\"https:\/\/orasul-timisoara.ro\/local-tag\/caras-severin-3\/\">Cara\u0219-Severin<\/a><\/li>\n<li><a href=\"https:\/\/orasul-timisoara.ro\/local-tag\/istorie-locala\/\">istorie local\u0103<\/a><\/li>\n<li><a href=\"https:\/\/orasul-timisoara.ro\/local-tag\/moara-valeapai\/\">Moara Valeapai<\/a><\/li>\n<li><a href=\"https:\/\/orasul-timisoara.ro\/local-tag\/muzeul-moraritului\/\">muzeul mor\u0103ritului<\/a><\/li>\n<li><a href=\"https:\/\/orasul-timisoara.ro\/local-tag\/patrimoniu-industrial\/\">patrimoniu industrial<\/a><\/li>\n<li><a href=\"https:\/\/orasul-timisoara.ro\/local-tag\/patrimoniu-rural\/\">patrimoniu rural<\/a><\/li>\n<li><a href=\"https:\/\/orasul-timisoara.ro\/local-tag\/radu-trifan\/\">radu trifan<\/a><\/li>\n<li><a href=\"https:\/\/orasul-timisoara.ro\/local-tag\/ramna\/\">Ramna<\/a><\/li>\n<li><a href=\"https:\/\/orasul-timisoara.ro\/local-tag\/restaurare-patrimoniu\/\">restaurare patrimoniu<\/a><\/li>\n<li><a href=\"https:\/\/orasul-timisoara.ro\/local-tag\/valeapai\/\">Valeapai<\/a><\/li>\n<li><a href=\"https:\/\/orasul-timisoara.ro\/local-tag\/voluntari\/\">voluntari<\/a><\/li>\n<\/ul>\n<\/div>\n<div class=\"td-post-sharing-bottom\">\n<div class=\"td-post-sharing-classic\"><iframe title=\"bottomFacebookLike\" frameborder src=\"https:\/\/www.facebook.com\/plugins\/like.php?href=https:\/\/orasul-timisoara.ro\/local-39675\/&amp;layout=button_count&amp;show_faces=false&amp;width=105&amp;action=like&amp;colorscheme=light&amp;height=21\"><\/iframe><\/div>\n<div id=\"td_social_sharing_article_bottom\" class=\"td-post-sharing td-ps-bg td-ps-notext td-post-sharing-style1 \">\n<div class=\"td-post-sharing-visible\"><a class=\"td-social-sharing-button td-social-sharing-button-js td-social-network td-social-facebook\" href=\"https:\/\/www.facebook.com\/sharer.php?u=https%3A%2F%2Forasul-timisoara.ro%2Flocal-39675%2F\" title=\"Facebook\"><\/p>\n<div class=\"td-social-but-text\">Facebook<\/div>\n<p><\/a><a class=\"td-social-sharing-button td-social-sharing-button-js td-social-network td-social-twitter\" href=\"https:\/\/twitter.com\/intent\/tweet?text=Un+simbol+al+Banatului+rena%C8%99te%3A+proiect+de+restaurare+pentru+Moara+Valeapai+%28foto%29&amp;url=https%3A%2F%2Forasul-timisoara.ro%2Flocal-39675%2F&amp;via=orasultm\" title=\"Twitter\"><\/p>\n<div class=\"td-social-but-text\">Twitter<\/div>\n<p><\/a><a class=\"td-social-sharing-button td-social-sharing-button-js td-social-network td-social-whatsapp\" href=\"https:\/\/api.whatsapp.com\/send?text=Un+simbol+al+Banatului+rena%C8%99te%3A+proiect+de+restaurare+pentru+Moara+Valeapai+%28foto%29%20%0A%0A%20https:\/\/orasul-timisoara.ro\/local-39675\/\" title=\"WhatsApp\"><\/p>\n<div class=\"td-social-but-text\">WhatsApp<\/div>\n<p><\/a><a class=\"td-social-sharing-button td-social-sharing-button-js td-social-network td-social-linkedin\" href=\"https:\/\/www.linkedin.com\/shareArticle?mini=true&amp;url=https:\/\/orasul-timisoara.ro\/local-39675\/&amp;title=Un+simbol+al+Banatului+rena%C8%99te%3A+proiect+de+restaurare+pentru+Moara+Valeapai+%28foto%29\" title=\"Linkedin\"><\/p>\n<div class=\"td-social-but-text\">Linkedin<\/div>\n<p><\/a><a class=\"td-social-sharing-button td-social-sharing-button-js td-social-network td-social-reddit\" href=\"https:\/\/reddit.com\/submit?url=https:\/\/orasul-timisoara.ro\/local-39675\/&amp;title=Un+simbol+al+Banatului+rena%C8%99te%3A+proiect+de+restaurare+pentru+Moara+Valeapai+%28foto%29\" title=\"ReddIt\"><\/p>\n<div class=\"td-social-but-text\">ReddIt<\/div>\n<p><\/a><a class=\"td-social-sharing-button td-social-sharing-button-js td-social-network td-social-mail\" href=\"mailto:?subject=Un%20simbol%20al%20Banatului%20rena%C8%99te:%20proiect%20de%20restaurare%20pentru%20Moara%20Valeapai%20(foto)&amp;body=https:\/\/orasul-timisoara.ro\/local-39675\/\" title=\"Email\"><\/p>\n<div class=\"td-social-but-text\">Email<\/div>\n<p><\/a><a class=\"td-social-sharing-button td-social-sharing-button-js td-social-network td-social-print\" href=\"https:\/\/orasul-timisoara.ro\/local-39675\/\" title=\"Imprimare\"><\/p>\n<div class=\"td-social-but-text\">Imprimare<\/div>\n<p><\/a><\/div>\n<\/div>\n<\/div>\n<div class=\"td-block-row td-post-next-prev\">\n<div class=\"td-block-span6 td-post-prev-post\">\n<div class=\"td-post-next-prev-content\"><span>Articolul precedent<\/span><a href=\"https:\/\/orasul-timisoara.ro\/local-39672\/\">Restric\u021bii pe autostrada A1: DRDP Timi\u0219oara repar\u0103 carosabilul p\u00e2n\u0103 la finalul lunii iulie<\/a><\/div>\n<\/div>\n<div class=\"td-block-span6 td-post-next-post\">\n<div class=\"td-post-next-prev-content\"><span>Articolul urm\u0103tor<\/span><a href=\"https:\/\/orasul-timisoara.ro\/local-39688\/\">B\u0103rbat de 46 de ani, re\u021binut dup\u0103 un incendiu care a cuprins o cl\u0103dire \u0219i mai multe ma\u0219ini<\/a><\/div>\n<\/div>\n<\/div>\n<div class=\"td-author-name vcard author\"><span class=\"fn\"><a href=\"https:\/\/orasul-timisoara.ro\/author\/timisoara\/\">redactia<\/a><\/span><\/div>\n<p><span class=\"td-page-meta\"><\/span><span class=\"td-page-meta\"><span class=\"td-page-meta\"><\/span><\/span><span class=\"td-page-meta\"><\/span><\/footer>\n<div class=\"td_block_wrap td_block_related_posts tdi_3 td_with_ajax_pagination td-pb-border-top td_block_template_8\" data-td-block-uid=\"tdi_3\">\n<h4 class=\"td-related-title td-block-title\"><a id=\"tdi_4\" class=\"td-related-left td-cur-simple-item\" data-td_filter_value data-td_block_id=\"tdi_3\" href=\"https:\/\/orasul-timisoara.ro\/local-39675\/\">ARTICOLE SIMILARE<\/a><a id=\"tdi_5\" class=\"td-related-right\" data-td_filter_value=\"td_related_more_from_author\" data-td_block_id=\"tdi_3\" href=\"https:\/\/orasul-timisoara.ro\/local-39675\/\">DE LA ACELA\u0218I AUTOR<\/a><\/h4>\n<div id=\"tdi_3\" class=\"td_block_inner\">\n<div class=\"td-related-row\">\n<div class=\"td-related-span4\">\n<div class=\"td_module_related_posts td-animation-stack td_mod_related_posts\">\n<div class=\"td-module-image\">\n<div class=\"td-module-thumb\"><a href=\"https:\/\/orasul-timisoara.ro\/local-39654\/\" rel=\"bookmark\" class=\"td-image-wrap \" title=\"Panouri cu num\u0103rul 112, montate pe A1 dup\u0103 eliminarea telefoanelor SOS (foto)\"><img loading=\"lazy\" decoding=\"async\" class=\"entry-thumb\" src=\"https:\/\/orasul-timisoara.ro\/wp-content\/uploads\/2026\/07\/panouri-sos-112-7-1-436x300.jpg\" alt title=\"Panouri cu num\u0103rul 112, montate pe A1 dup\u0103 eliminarea telefoanelor SOS (foto)\" width=\"218\" height=\"150\"><\/a><\/div>\n<\/div>\n<div class=\"item-details\">\n<h3 class=\"entry-title td-module-title\"><a href=\"https:\/\/orasul-timisoara.ro\/local-39654\/\" rel=\"bookmark\" title=\"Panouri cu num\u0103rul 112, montate pe A1 dup\u0103 eliminarea telefoanelor SOS (foto)\">Panouri cu num\u0103rul 112, montate pe A1 dup\u0103 eliminarea telefoanelor SOS (foto)<\/a><\/h3>\n<\/div>\n<\/div>\n<\/div>\n<div class=\"td-related-span4\">\n<div class=\"td_module_related_posts td-animation-stack td_mod_related_posts\">\n<div class=\"td-module-image\">\n<div class=\"td-module-thumb\"><a href=\"https:\/\/orasul-timisoara.ro\/local-39651\/\" rel=\"bookmark\" class=\"td-image-wrap \" title=\"Drumul dintre Timi\u0219oara \u0219i Beregs\u0103u Mare intr\u0103 pe ultima sut\u0103 de metri. Asfaltarea s-a \u00eencheiat, se traseaz\u0103 marcajele\"><img loading=\"lazy\" decoding=\"async\" class=\"entry-thumb\" src=\"https:\/\/orasul-timisoara.ro\/wp-content\/uploads\/2026\/07\/beregsau-mare-436x300.jpg\" alt title=\"Drumul dintre Timi\u0219oara \u0219i Beregs\u0103u Mare intr\u0103 pe ultima sut\u0103 de metri. Asfaltarea s-a \u00eencheiat, se traseaz\u0103 marcajele\" width=\"218\" height=\"150\"><\/a><\/div>\n<\/div>\n<div class=\"item-details\">\n<h3 class=\"entry-title td-module-title\"><a href=\"https:\/\/orasul-timisoara.ro\/local-39651\/\" rel=\"bookmark\" title=\"Drumul dintre Timi\u0219oara \u0219i Beregs\u0103u Mare intr\u0103 pe ultima sut\u0103 de metri. Asfaltarea s-a \u00eencheiat, se traseaz\u0103 marcajele\">Drumul dintre Timi\u0219oara \u0219i Beregs\u0103u Mare intr\u0103 pe ultima sut\u0103 de metri. Asfaltarea s-a \u00eencheiat, se traseaz\u0103 marcajele<\/a><\/h3>\n<\/div>\n<\/div>\n<\/div>\n<div class=\"td-related-span4\">\n<div class=\"td_module_related_posts td-animation-stack td_mod_related_posts\">\n<div class=\"td-module-image\">\n<div class=\"td-module-thumb\"><a href=\"https:\/\/orasul-timisoara.ro\/local-39590\/\" rel=\"bookmark\" class=\"td-image-wrap \" title=\"G\u0103r\u00e2na Jazz Festival s\u0103rb\u0103tore\u0219te 30 de ani cu arti\u0219ti din 11 \u021b\u0103ri\"><img loading=\"lazy\" decoding=\"async\" class=\"entry-thumb\" src=\"https:\/\/orasul-timisoara.ro\/wp-content\/uploads\/2026\/07\/Screenshot-2026-07-09-at-13.52.15-436x300.jpg\" alt title=\"G\u0103r\u00e2na Jazz Festival s\u0103rb\u0103tore\u0219te 30 de ani cu arti\u0219ti din 11 \u021b\u0103ri\" width=\"218\" height=\"150\"><\/a><\/div>\n<\/div>\n<div class=\"item-details\">\n<h3 class=\"entry-title td-module-title\"><a href=\"https:\/\/orasul-timisoara.ro\/local-39590\/\" rel=\"bookmark\" title=\"G\u0103r\u00e2na Jazz Festival s\u0103rb\u0103tore\u0219te 30 de ani cu arti\u0219ti din 11 \u021b\u0103ri\">G\u0103r\u00e2na Jazz Festival s\u0103rb\u0103tore\u0219te 30 de ani cu arti\u0219ti din 11 \u021b\u0103ri<\/a><\/h3>\n<\/div>\n<\/div>\n<\/div>\n<\/div>\n<\/div>\n<\/div>\n<div class=\"comments\" id=\"comments\">\n<div id=\"respond\" class=\"comment-respond\">\n<h3 id=\"reply-title\" class=\"comment-reply-title\">L\u0102SA\u021aI UN MESAJ<\/h3>\n<div class=\"comment-form-input-wrap td-form-comment\">\n<div class=\"td-warning-comment\">V\u0103 rug\u0103m s\u0103 introduce\u021bi comentariul dvs.!<\/div>\n<\/div>\n<div class=\"comment-form-input-wrap td-form-author\">\n<div class=\"td-warning-author\">Introduce\u021bi aici numele dvs.<\/div>\n<\/div>\n<div class=\"comment-form-input-wrap td-form-email\">\n<div class=\"td-warning-email-error\">A\u021bi introdus o adres\u0103 de e-mail incorect\u0103!<\/div>\n<div class=\"td-warning-email\">V\u0103 rug\u0103m s\u0103 introduce\u021bi adresa dvs. de e-mail aici<\/div>\n<\/div>\n<\/div>\n<p class=\"akismet_comment_form_privacy_notice\">Acest site folose\u0219te Akismet pentru a reduce spamul. <a href=\"https:\/\/akismet.com\/privacy\/\" target=\"_blank\" rel=\"nofollow noopener\">Afl\u0103 cum sunt procesate datele comentariilor tale<\/a>.<\/p>\n<\/div>\n<\/div>\n<\/div>\n<div class=\"td-pb-span4 td-main-sidebar\" role=\"complementary\">\n<div class=\"td-ss-main-sidebar\">\n<aside id=\"block-4\" class=\"td_block_template_8 widget block-4 widget_block widget_media_image\">\n<figure class=\"wp-block-image size-full\"><img decoding=\"async\" loading=\"lazy\" width=\"336\" height=\"280\" src=\"https:\/\/orasul-timisoara.ro\/wp-content\/uploads\/2024\/11\/ReTIM-Abonamentul-Verde-Google-Ads-336x280px.gif\" alt class=\"wp-image-29257\"><\/figure>\n<\/aside>\n<div class=\"td_block_wrap td_block_social_counter td_block_widget tdi_6 td-social-style5 td-social-boxed td-pb-border-top td_block_template_8\">\n<div class=\"td-block-title-wrap\">\n<h4 class=\"td-block-title\"><span>Urm\u0103re\u0219te-ne pe Social Media<\/span><\/h4>\n<\/div>\n<div class=\"td-social-list\">\n<div class=\"td_social_type td-pb-margin-side td_social_facebook\">\n<div class=\"td-social-box\"><span class=\"td_social_info td_social_info_counter\">344,595<\/span><span class=\"td_social_info td_social_info_name\">Fani<\/span><span class=\"td_social_button\"><a href=\"https:\/\/www.facebook.com\/247timisoara\" target=\"_blank\" rel=\"nofollow\">\u00cemi place<\/a><\/span><\/div>\n<\/div>\n<div class=\"td_social_type td-pb-margin-side td_social_instagram\">\n<div class=\"td-social-box\"><span class=\"td_social_info td_social_info_counter\">4,416<\/span><span class=\"td_social_info td_social_info_name\">Cititori<\/span><span class=\"td_social_button\"><a href=\"https:\/\/instagram.com\/orasultimisoararo\/\" target=\"_blank\" rel=\"nofollow\">Conecta\u021bi-v\u0103<\/a><\/span><\/div>\n<\/div>\n<div class=\"td_social_type td-pb-margin-side td_social_rss\">\n<div class=\"td-social-box\"><span class=\"td_social_info td_social_info_counter\">12,506<\/span><span class=\"td_social_info td_social_info_name\">Cititori<\/span><span class=\"td_social_button\"><a href=\"https:\/\/orasul-timisoara.ro\/feed\/\" target=\"_blank\" rel=\"nofollow\">Conecta\u021bi-v\u0103<\/a><\/span><\/div>\n<\/div>\n<div class=\"td_social_type td-pb-margin-side td_social_tiktok\">\n<div class=\"td-social-box\"><span class=\"td_social_info td_social_info_counter\">1,500<\/span><span class=\"td_social_info td_social_info_name\">Cititori<\/span><span class=\"td_social_button\"><a href=\"https:\/\/www.tiktok.com\/@orasultimisoara\" target=\"_blank\" rel=\"nofollow\">Conecta\u021bi-v\u0103<\/a><\/span><\/div>\n<\/div>\n<div class=\"td_social_type td-pb-margin-side td_social_twitter\">\n<div class=\"td-social-box\"><span class=\"td_social_info td_social_info_counter\">1,595<\/span><span class=\"td_social_info td_social_info_name\">Cititori<\/span><span class=\"td_social_button\"><a href=\"https:\/\/twitter.com\/orasultm\" target=\"_blank\" rel=\"nofollow\">Conecta\u021bi-v\u0103<\/a><\/span><\/div>\n<\/div>\n<div class=\"td_social_type td-pb-margin-side td_social_youtube\">\n<div class=\"td-social-box\"><span class=\"td_social_info td_social_info_counter\">3,506<\/span><span class=\"td_social_info td_social_info_name\">Abona\u021bi<\/span><span class=\"td_social_button\"><a href=\"https:\/\/www.youtube.com\/channel\/UCQNsQvs2XCSIm1Z-AHRturw?sub_confirmation=1\" target=\"_blank\" rel=\"nofollow\">Abona\u021bi-v\u0103<\/a><\/span><\/div>\n<\/div>\n<\/div>\n<\/div>\n<aside id=\"text-7\" class=\"td_block_template_8 widget text-7 widget_text\">\n<h4 class=\"td-block-title\"><span>C\u0103ut\u0103ri populare pe OTM<\/span><\/h4>\n<div class=\"textwidget\"><a href=\"https:\/\/orasul-timisoara.ro\/?s=timisoara\"><span>Timisoara<\/span><\/a><a href=\"https:\/\/orasul-timisoara.ro\/?s=calin+dobra\"><span>Calin Dobra<\/span><\/a><a href=\"https:\/\/orasul-timisoara.ro\/?s=primaria+timisoara\"><span>Primaria Timisoara<\/span><\/a><a href=\"https:\/\/orasul-timisoara.ro\/?s=dominic+fritz\"><span>Dominic Fritz<\/span><\/a><a href=\"https:\/\/orasul-timisoara.ro\/?s=nicolae+robu\"><span>Nicolae Robu<\/span><\/a><a href=\"https:\/\/orasul-timisoara.ro\/?s=consiliul+local+timisoara\">Consiliul Local Timisoara<\/a><a href=\"https:\/\/orasul-timisoara.ro\/?s=consiliul+judetean+timis\"><span>Consiliul Judetean Timis<\/span><\/a><a href=\"https:\/\/orasul-timisoara.ro\/?s=cjt\"><span>CJT<\/span><\/a><a href=\"https:\/\/orasul-timisoara.ro\/?s=Alfred+Simonis\"><span>Alfred Simonis<\/span><\/a><a href=\"https:\/\/orasul-timisoara.ro\/?s=PNL\"><span>PNL<\/span><\/a><a href=\"https:\/\/orasul-timisoara.ro\/?s=coronavirus\"><span>coronavirus<\/span><\/a><a href=\"https:\/\/orasul-timisoara.ro\/?s=teatru+timisoara\">teatru Timisoara<\/a><a href=\"https:\/\/orasul-timisoara.ro\/?s=restaurante\"><span>restaurante Timisoara<\/span><\/a><a href=\"https:\/\/orasul-timisoara.ro\/?s=diskoteka\"><span>Diskoteka<\/span><\/a><a href=\"https:\/\/orasul-timisoara.ro\/?s=iulius+town\"><span>Iulius Town<\/span><\/a><a href=\"https:\/\/orasul-timisoara.ro\/?s=iulius+mall\"><span>Iulius Mall<\/span><\/a><a href=\"https:\/\/orasul-timisoara.ro\/?s=stpt\"><span>STPT<\/span><\/a><a href=\"https:\/\/orasul-timisoara.ro\/?s=alin+nica\"><span>Alin Nica<\/span><\/a><a href=\"https:\/\/orasul-timisoara.ro\/?s=psd\"><span>PSD<\/span><\/a><a href=\"https:\/\/orasul-timisoara.ro\/?s=aeroport\"><span>Aeroportul International Timisoara<\/span><\/a><a href=\"https:\/\/orasul-timisoara.ro\/?s=babes\"><span>Spitalul Victor Babes Timisoara<\/span><\/a><a href=\"https:\/\/orasul-timisoara.ro\/?s=poli\"><span>Poli Timi\u0219oara<\/span><\/a><a href=\"https:\/\/orasul-timisoara.ro\/?s=carantina\"><span>carantina<\/span><\/a><a href=\"https:\/\/orasul-timisoara.ro\/?s=aquatim\"><span>Aquatim<\/span><\/a><a href=\"https:\/\/orasul-timisoara.ro\/local-category\/stiri-timisoara\/\"><span>Stiri Timisoara<\/span><\/a><a href=\"https:\/\/orasul-timisoara.ro\/local-category\/investitii-in-timisoara\/\"><span>Investi\u021bii in Timi\u0219oara<\/span><\/a><a href=\"https:\/\/orasul-timisoara.ro\/local-9463\/\"><span>shaorma<\/span><\/a><a href=\"https:\/\/orasul-timisoara.ro\/?s=trafic\"><span>trafic rutier<\/span><\/a><a href=\"https:\/\/orasul-timisoara.ro\/?s=politia\"><span>politia locala timisoara<\/span><\/a><a href=\"https:\/\/orasul-timisoara.ro\/?s=roxana\"><span>Roxana Iliescu<\/span><\/a><a href=\"https:\/\/orasul-timisoara.ro\/?s=colterm\"><span>Colterm<\/span><\/a><a href=\"https:\/\/orasul-timisoara.ro\/?s=latcau\"><span>Ruben La\u021bc\u0103u<\/span><\/a><a href=\"https:\/\/orasul-timisoara.ro\/?s=timis\"><span>\u0218tiri din Timi\u0219<\/span><\/a><a href=\"https:\/\/orasul-timisoara.ro\/?s=spital\"><span>Spitale din Timi\u0219oara<\/span><\/a><a href=\"https:\/\/orasul-timisoara.ro\/?s=tabara\"><span>Cosmin Tab\u0103r\u0103<\/span><\/a><\/div>\n<\/aside>\n<aside id=\"rss-2\" class=\"td_block_template_8 widget rss-2 widget_rss\">\n<h4 class=\"td-block-title\"><span><a class=\"rsswidget rss-widget-feed\" href=\"https:\/\/fashionfridays.ro\/feed\"><img decoding=\"async\" class=\"rss-widget-icon\" width=\"14\" height=\"14\" src=\"https:\/\/orasul-timisoara.ro\/wp-includes\/images\/rss.png\" alt=\"RSS\" loading=\"lazy\"><\/a><a class=\"rsswidget rss-widget-title\" href=\"https:\/\/fashionfridays.ro\/\">Fashion Fridays<\/a><\/span><\/h4>\n<ul>\n<li><a class=\"rsswidget\" href=\"https:\/\/fashionfridays.ro\/romania-devine-a-29-a-piata-vogue-o-noua-era-pentru-industria-locala-de-moda\/\">Rom\u00e2nia devine a 29-a pia\u021b\u0103 Vogue: o nou\u0103 er\u0103 pentru industria local\u0103 de mod\u0103<\/a>\n<div class=\"rssSummary\">Revista Vogue \u00ee\u0219i extinde prezen\u021ba global\u0103 \u0219i va fi lansat\u0103 oficial \u00een Rom\u00e2nia \u00een prim\u0103vara anului 2027, marc\u00e2nd intrarea pe cea de-a 29-a pia\u021b\u0103 interna\u021bional\u0103. Proiectul este realizat \u00een parteneriat cu AEMME Publishing, o companie media recent \u00eenfiin\u021bat\u0103, care va publica edi\u021bia local\u0103 sub licen\u021b\u0103. Noua edi\u021bie, Vogue Rom\u00e2nia, \u00ee\u0219i propune s\u0103 combine autoritatea global\u0103 [\u2026]<\/div>\n<\/li>\n<\/ul>\n<\/aside>\n<aside id=\"rss-4\" class=\"td_block_template_8 widget rss-4 widget_rss\">\n<h4 class=\"td-block-title\"><span><a class=\"rsswidget rss-widget-feed\" href=\"https:\/\/emasini.ro\/feed\"><img decoding=\"async\" class=\"rss-widget-icon\" width=\"14\" height=\"14\" src=\"https:\/\/orasul-timisoara.ro\/wp-includes\/images\/rss.png\" alt=\"RSS\" loading=\"lazy\"><\/a><a class=\"rsswidget rss-widget-title\" href=\"https:\/\/emasini.ro\/\">eMasini<\/a><\/span><\/h4>\n<ul>\n<li><a class=\"rsswidget\" href=\"https:\/\/emasini.ro\/dacia-analizeaza-lansarea-lui-hipster-automobilul-urban-de-doar-3-metri-lungime\/\">Dacia analizeaz\u0103 lansarea lui Hipster, automobilul urban de doar 3 metri lungime (video)<\/a>\n<div class=\"rssSummary\">Dacia ar putea introduce pe pia\u021b\u0103 unul dintre cele mai neobi\u0219nuite modele din istoria sa recent\u0103. Conceptul Hipster, prezentat anul trecut ca o reinterpretare radical\u0103 a automobilului urban accesibil, se afl\u0103 \u00een prezent \u00eentr-o etap\u0103 de evaluare, iar decizia privind produc\u021bia de serie va fi luat\u0103 \u00een func\u021bie de reac\u021bia publicului \u0219i de evolu\u021bia reglement\u0103rilor [\u2026]<\/div>\n<\/li>\n<\/ul>\n<\/aside>\n<\/div>\n<\/div>\n<\/div>\n<\/div>\n<\/article>\n<div class=\"td-post-content tagdiv-type\">\n<p class=\"wp-block-paragraph\">O moar\u0103 veche de peste 120 de ani din jude\u021bul Cara\u0219-Severin are \u0219ansa de a rena\u0219te \u0219i de a deveni un nou punct de atrac\u021bie pentru patrimoniul cultural al Banatului. Asocia\u021bia Acas\u0103 \u00een Banat a preluat \u00een concesiune Moara de la Valeapai \u0219i a lansat un amplu proiect de conservare \u0219i restaurare, prin care \u00ee\u0219i propune s\u0103 transforme cl\u0103direa \u00eentr-un muzeu dedicat istoriei mor\u0103ritului \u0219i tradi\u021biilor locale.<\/p>\n<p class=\"wp-block-paragraph\">Primul pas este oprirea degrad\u0103rii construc\u021biei, grav afectat\u0103 \u00een ultimii ani de vandalizare \u0219i de lipsa lucr\u0103rilor de \u00eentre\u021binere. \u00cen acest sens, asocia\u021bia organizeaz\u0103 pe 18 iulie o ac\u021biune de voluntariat pentru cur\u0103\u021barea terenului \u0219i preg\u0103tirea \u0219antierului, invit\u00e2nd comunitatea s\u0103 se implice \u00een salvarea unuia dintre pu\u021binele obiective de patrimoniu industrial rural r\u0103mase \u00een Banat.<\/p>\n<h2 class=\"wp-block-heading\">O moar\u0103 cu o istorie de peste un secol<\/h2>\n<p class=\"wp-block-paragraph\">Situat\u0103 \u00een satul Valeapai, comuna Ramna, jude\u021bul Cara\u0219-Severin, moara actual\u0103 a fost construit\u0103 \u00een anul 1906 pe amplasamentul unei construc\u021bii mai vechi, distruse de un incendiu.<\/p>\n<figure class=\"wp-block-gallery has-nested-images columns-7 is-cropped wp-block-gallery-1 is-layout-flex wp-block-gallery-is-layout-flex\">\n<figure class=\"wp-block-image size-large\"><img loading=\"lazy\" decoding=\"async\" width=\"1876\" height=\"2500\" data-id=\"39680\" src=\"https:\/\/orasul-timisoara.ro\/wp-content\/uploads\/2026\/07\/Moara-Valeapai-7-1876x2500.jpg\" alt class=\"wp-image-39680\"><\/figure>\n<figure class=\"wp-block-image size-large\"><img loading=\"lazy\" decoding=\"async\" width=\"1920\" height=\"1920\" data-id=\"39679\" src=\"https:\/\/orasul-timisoara.ro\/wp-content\/uploads\/2026\/07\/Moara-Valeapai-4.jpg\" alt class=\"wp-image-39679\"><\/figure>\n<figure class=\"wp-block-image size-large\"><img loading=\"lazy\" decoding=\"async\" width=\"1875\" height=\"2500\" data-id=\"39683\" src=\"https:\/\/orasul-timisoara.ro\/wp-content\/uploads\/2026\/07\/Moara-Valeapai-3-1875x2500.jpg\" alt class=\"wp-image-39683\"><\/figure>\n<figure class=\"wp-block-image size-large\"><img decoding=\"async\" loading=\"lazy\" width=\"1920\" height=\"1920\" data-id=\"39678\" src=\"https:\/\/orasul-timisoara.ro\/wp-content\/uploads\/2026\/07\/Moara-Valeapai-6.jpg\" alt class=\"wp-image-39678\"><\/figure>\n<figure class=\"wp-block-image size-large\"><img decoding=\"async\" loading=\"lazy\" width=\"1920\" height=\"1920\" data-id=\"39676\" src=\"https:\/\/orasul-timisoara.ro\/wp-content\/uploads\/2026\/07\/Moara-Valeapai-8.jpg\" alt class=\"wp-image-39676\"><\/figure>\n<figure class=\"wp-block-image size-large\"><img decoding=\"async\" loading=\"lazy\" width=\"1875\" height=\"2500\" data-id=\"39682\" src=\"https:\/\/orasul-timisoara.ro\/wp-content\/uploads\/2026\/07\/Moara-Valeapai-5-1875x2500.jpg\" alt class=\"wp-image-39682\"><\/figure>\n<figure class=\"wp-block-image size-large\"><img decoding=\"async\" loading=\"lazy\" width=\"1920\" height=\"1441\" data-id=\"39681\" src=\"https:\/\/orasul-timisoara.ro\/wp-content\/uploads\/2026\/07\/Moara-Valeapai-1.jpg\" alt class=\"wp-image-39681\"><\/figure>\n<figure class=\"wp-block-image size-large\"><img decoding=\"async\" loading=\"lazy\" width=\"1920\" height=\"1080\" data-id=\"39677\" src=\"https:\/\/orasul-timisoara.ro\/wp-content\/uploads\/2026\/07\/Moara-Valeapai-logo.jpg\" alt class=\"wp-image-39677\"><\/figure>\n<\/figure>\n<p class=\"wp-block-paragraph\">De-a lungul genera\u021biilor, moara a reprezentat un punct esen\u021bial pentru comunitatea local\u0103. Aici ajungeau agricultorii din Valeapai \u0219i din satele din \u00eemprejurimi pentru a transforma cerealele cultivate pe c\u00e2mp \u00een f\u0103ina necesar\u0103 prepar\u0103rii p\u00e2inii, \u00eentr-o perioad\u0103 \u00een care mor\u0103ritul era una dintre activit\u0103\u021bile esen\u021biale ale economiei rurale.<\/p>\n<h2 class=\"wp-block-heading\">Din ruin\u0103, \u00eentr-un muzeu al mor\u0103ritului b\u0103n\u0103\u021bean<\/h2>\n<p class=\"wp-block-paragraph\">Planul Asocia\u021biei Acas\u0103 \u00een Banat merge dincolo de restaurarea cl\u0103dirii. Organiza\u021bia dore\u0219te s\u0103 redea func\u021bionalitatea simbolic\u0103 a morii \u0219i s\u0103 creeze un spa\u021biu educativ \u0219i turistic dedicat patrimoniului industrial.<\/p>\n<p class=\"wp-block-paragraph\">Proiectul prevede amenajarea unui muzeu al mor\u0103ritului din Banat, \u00een care vor fi conservate mecanismele specifice unei mori tradi\u021bionale \u0219i prezentat\u0103 evolu\u021bia acestei ocupa\u021bii.<\/p>\n<p class=\"wp-block-paragraph\">De asemenea, vizitatorii vor putea urm\u0103ri demonstra\u021bii practice privind \u00eentregul proces de transformare a gr\u00e2ului \u00een f\u0103in\u0103 \u0219i apoi a f\u0103inii \u00een p\u00e2ine, oferind astfel o experien\u021b\u0103 interactiv\u0103 pentru copii, turi\u0219ti \u0219i pasiona\u021bii de istorie.<\/p>\n<h2 class=\"wp-block-heading\">Radu Trifan: \u201eNe dorim ca Moara Valeapai s\u0103 macine din nou\u201d<\/h2>\n<p class=\"wp-block-paragraph\">Pre\u0219edintele Asocia\u021biei Acas\u0103 \u00een Banat, Radu Trifan, spune c\u0103 obiectivul proiectului este p\u0103strarea unei p\u0103r\u021bi importante din identitatea satului b\u0103n\u0103\u021bean.<\/p>\n<p class=\"wp-block-paragraph\">Potrivit acestuia, moara reprezint\u0103 mai mult dec\u00e2t o cl\u0103dire veche, fiind un simbol al vie\u021bii cotidiene din Banat, unde genera\u021bii \u00eentregi de oameni \u00ee\u0219i cultivau cerealele \u0219i veneau la moar\u0103 pentru a ob\u021bine f\u0103ina necesar\u0103 hranei de zi cu zi.<\/p>\n<p class=\"wp-block-paragraph\">Asocia\u021bia \u00ee\u0219i propune ca instala\u021biile s\u0103 func\u021bioneze din nou \u00een scop demonstrativ, astfel \u00eenc\u00e2t vizitatorii s\u0103 poat\u0103 \u00een\u021belege tehnologia folosit\u0103 odinioar\u0103 \u0219i rolul pe care morile \u00eel aveau \u00een via\u021ba satelor.<\/p>\n<h2 class=\"wp-block-heading\">Primul pas: conservarea cl\u0103dirii<\/h2>\n<p class=\"wp-block-paragraph\">\u00cenainte de restaurarea propriu-zis\u0103, sunt necesare interven\u021bii urgente pentru stoparea degrad\u0103rii construc\u021biei.<\/p>\n<p class=\"wp-block-paragraph\">Prioritatea este refacerea \u0219i protejarea acoperi\u0219ului, astfel \u00eenc\u00e2t apa \u0219i intemperiile s\u0103 nu provoace distrugeri suplimentare. \u00cen paralel, zona din jurul cl\u0103dirii trebuie cur\u0103\u021bat\u0103 \u0219i preg\u0103tit\u0103 pentru lucr\u0103rile de restaurare.<\/p>\n<h2 class=\"wp-block-heading\">Apel c\u0103tre voluntari<\/h2>\n<p class=\"wp-block-paragraph\">Pentru a preg\u0103ti viitorul \u0219antier, Asocia\u021bia Acas\u0103 \u00een Banat organizeaz\u0103 s\u00e2mb\u0103t\u0103, 18 iulie 2026, o ac\u021biune de voluntariat la Valeapai.<\/p>\n<p class=\"wp-block-paragraph\">Participan\u021bii vor contribui la \u00eendep\u0103rtarea vegeta\u021biei crescute necontrolat \u0219i la cur\u0103\u021barea terenului din jurul morii, astfel \u00eenc\u00e2t cl\u0103direa s\u0103 fie preg\u0103tit\u0103 pentru lucr\u0103rile de conservare.<\/p>\n<p class=\"wp-block-paragraph\">Persoanele interesate se pot \u00eenscrie prin intermediul platformei dedicate evenimentului.<\/p>\n<h2 class=\"wp-block-heading\">Proiectul are nevoie \u0219i de sprijin financiar<\/h2>\n<p class=\"wp-block-paragraph\">Restaurarea monumentului presupune investi\u021bii importante, iar reprezentan\u021bii asocia\u021biei fac apel la persoanele fizice \u0219i companiile care doresc s\u0103 contribuie la salvarea patrimoniului industrial al Banatului.<\/p>\n<p class=\"wp-block-paragraph\">Proiectul poate fi sus\u021binut prin dona\u021bii sau sponsoriz\u0103ri \u00een conturile Asocia\u021biei Acas\u0103 \u00een Banat, fondurile urm\u00e2nd s\u0103 fie utilizate pentru lucr\u0103rile de conservare \u0219i restaurare.<\/p>\n<h2 class=\"wp-block-heading\">Povestea Morii de la Valeapai<\/h2>\n<p class=\"wp-block-paragraph\">Istoria morii este str\u00e2ns legat\u0103 de evolu\u021bia localit\u0103\u021bii Valeapai \u0219i de familiile care au administrat domeniul de-a lungul timpului.<\/p>\n<p class=\"wp-block-paragraph\">Primele documente atest\u0103 existen\u021ba unei mori \u00eenc\u0103 din anul 1864, c\u00e2nd mo\u0219ia apar\u021binea familiei nobiliare Atanasievici. Dup\u0103 incendiul din 1906, noua moar\u0103 a fost ridicat\u0103 la ini\u021biativa baronului Bela Tallian \u0219i modernizat\u0103 prin instalarea unei turbine alimentate cu ap\u0103 din r\u00e2ul Pog\u0103ni\u0219, prin intermediul unui baraj \u0219i al unui canal de aduc\u021biune.<\/p>\n<p class=\"wp-block-paragraph\">Dup\u0103 Primul R\u0103zboi Mondial, proprietatea a intrat \u00een administrarea familiei Peter Riesz, perioad\u0103 \u00een care moara \u0219i-a continuat activitatea \u0219i a deservit comunit\u0103\u021bile din \u00eentreaga zon\u0103.<\/p>\n<p class=\"wp-block-paragraph\">Na\u021bionalizarea din perioada comunist\u0103 a schimbat \u00eens\u0103 destinul cl\u0103dirii. \u00cen 1963, moara a fost trecut\u0103 \u00een proprietatea statului \u0219i, treptat, \u0219i-a pierdut importan\u021ba economic\u0103. Dup\u0103 1989 a mai func\u021bionat p\u00e2n\u0103 \u00een anul 2000, c\u00e2nd \u0219i-a \u00eencetat definitiv activitatea.<\/p>\n<p class=\"wp-block-paragraph\">\u00cen 2022, cl\u0103direa a fost vandalizat\u0103, iar o mare parte dintre utilajele originale au fost distruse sau furate. Chiar \u0219i \u00een aceste condi\u021bii, Moara de la Valeapai r\u0103m\u00e2ne unul dintre cele mai valoroase exemple de patrimoniu industrial rural din Banat.<\/p>\n<p class=\"wp-block-paragraph\">Prin proiectul ini\u021biat de Asocia\u021bia Acas\u0103 \u00een Banat, acest loc are \u0219ansa de a redeveni un reper cultural \u0219i educa\u021bional, p\u0103str\u00e2nd vie memoria unei \u00eendeletniciri care a modelat timp de genera\u021bii via\u021ba satului b\u0103n\u0103\u021bean.<\/p>\n<\/div>\n<p>[analyse_source url=&#8221;https:\/\/orasul-timisoara.ro\/local-39675\/&#8221;]<\/p>\n","protected":false},"excerpt":{"rendered":"<p>[analyse_image type=&#8221;featured&#8221; src=&#8221;https:\/\/orasul-timisoara.ro\/wp-content\/uploads\/2026\/07\/ChatGPT-Image-Jul-15-2026-02_05_30-PM.jpg&#8221;] Investitii in TimisoaraUn simbol al Banatului rena\u0219te: proiect de restaurare pentru Moara Valeapai (foto) Investitii in Timisoara \u0218tiri Locale Un simbol al Banatului rena\u0219te: proiect de restaurare pentru Moara Valeapai (foto) De c\u0103tre redactia &#8211; 15\/07\/2026 Facebook Twitter WhatsApp Linkedin ReddIt Email Imprimare O moar\u0103 veche de peste 120 de ani din [&hellip;]<\/p>\n","protected":false},"author":1,"featured_media":0,"comment_status":"open","ping_status":"","sticky":false,"template":"","format":"standard","meta":{"footnotes":""},"categories":[89],"tags":[226,189],"class_list":["post-2044609","post","type-post","status-publish","format-standard","hentry","category-romania","tag-crawlmanager","tag-orasul-timisoara-ro"],"_links":{"self":[{"href":"https:\/\/analyse.optim.biz\/index.php?rest_route=\/wp\/v2\/posts\/2044609","targetHints":{"allow":["GET"]}}],"collection":[{"href":"https:\/\/analyse.optim.biz\/index.php?rest_route=\/wp\/v2\/posts"}],"about":[{"href":"https:\/\/analyse.optim.biz\/index.php?rest_route=\/wp\/v2\/types\/post"}],"author":[{"embeddable":true,"href":"https:\/\/analyse.optim.biz\/index.php?rest_route=\/wp\/v2\/users\/1"}],"replies":[{"embeddable":true,"href":"https:\/\/analyse.optim.biz\/index.php?rest_route=%2Fwp%2Fv2%2Fcomments&post=2044609"}],"version-history":[{"count":0,"href":"https:\/\/analyse.optim.biz\/index.php?rest_route=\/wp\/v2\/posts\/2044609\/revisions"}],"wp:attachment":[{"href":"https:\/\/analyse.optim.biz\/index.php?rest_route=%2Fwp%2Fv2%2Fmedia&parent=2044609"}],"wp:term":[{"taxonomy":"category","embeddable":true,"href":"https:\/\/analyse.optim.biz\/index.php?rest_route=%2Fwp%2Fv2%2Fcategories&post=2044609"},{"taxonomy":"post_tag","embeddable":true,"href":"https:\/\/analyse.optim.biz\/index.php?rest_route=%2Fwp%2Fv2%2Ftags&post=2044609"}],"curies":[{"name":"wp","href":"https:\/\/api.w.org\/{rel}","templated":true}]}}