{"id":2044559,"date":"2026-07-15T12:35:05","date_gmt":"2026-07-15T09:35:05","guid":{"rendered":"https:\/\/analyse.optim.biz\/?p=2044559"},"modified":"2026-07-15T12:35:05","modified_gmt":"2026-07-15T09:35:05","slug":"video-revolte-violente-in-franta-dupa-eliminarea-de-la-cupa-mondiala","status":"publish","type":"post","link":"https:\/\/analyse.optim.biz\/?p=2044559","title":{"rendered":"VIDEO | Revolte violente \u00een Fran\u021ba dup\u0103 eliminarea de la Cupa Mondial\u0103"},"content":{"rendered":"<p>[analyse_image type=&#8221;featured&#8221; src=&#8221;https:\/\/r3media.ro\/wp-content\/uploads\/2023\/07\/franta-schimbare-e1689443658181.jpghttps:\/\/r3media.ro\/wp-content\/uploads\/2023\/07\/franta-schimbare-e1689443658181.jpg&#8221;]<\/p>\n<article id=\"template-id-109\" class=\"post-109 tdb_templates type-tdb_templates status-publish post\">\n<div id=\"tdi_2\" class=\"tdc-zone\">\n<div class=\"tdc_zone tdi_3  wpb_row td-pb-row\">\n<div id=\"tdi_4\" class=\"tdc-row\">\n<div class=\"vc_row tdi_5  wpb_row td-pb-row\">\n<div class=\"vc_column tdi_7  wpb_column vc_column_container tdc-column td-pb-span8\">\n<div class=\"wpb_wrapper\">\n<div class=\"td_block_wrap tdb_breadcrumbs tdi_8 td-pb-border-top td_block_template_1 tdb-breadcrumbs \" data-td-block-uid=\"tdi_8\">\n<div class=\"tdb-block-inner td-fix-index\"><span><a title=\"Vede\u021bi toate articolele \u00een SPORT\" class=\"tdb-entry-crumb\" href=\"https:\/\/r3media.ro\/category\/sport\/\">SPORT<\/a><\/span><span><a title=\"Vede\u021bi toate articolele \u00een CUPA MONDIALA 2026 AMERICA\" class=\"tdb-entry-crumb\" href=\"https:\/\/r3media.ro\/category\/sport\/cupa-mondiala-2026\/\">CUPA MONDIALA 2026 AMERICA<\/a><\/span><span class=\"tdb-bred-no-url-last\">VIDEO | Revolte violente \u00een Fran\u021ba dup\u0103 eliminarea de la Cupa Mondial\u0103<\/span><\/div>\n<\/div>\n<div class=\"td_block_wrap tdb_single_categories tdi_9 td-pb-border-top td_block_template_1 \" data-td-block-uid=\"tdi_9\">\n<div class=\"tdb-category td-fix-index\"><a class=\"tdb-entry-category\" href=\"https:\/\/r3media.ro\/category\/featured\/\">FEATURED<\/a><a class=\"tdb-entry-category\" href=\"https:\/\/r3media.ro\/category\/sport\/\">SPORT<\/a><a class=\"tdb-entry-category\" href=\"https:\/\/r3media.ro\/category\/sport\/cupa-mondiala-2026\/\">CUPA MONDIALA 2026 AMERICA<\/a><a class=\"tdb-entry-category\" href=\"https:\/\/r3media.ro\/category\/stiri\/\">\u0218TIRI<\/a><\/div>\n<\/div>\n<div class=\"td_block_wrap tdb_title tdi_10 tdb-single-title td-pb-border-top td_block_template_1\" data-td-block-uid=\"tdi_10\">\n<div class=\"tdb-block-inner td-fix-index\">\n<h1 class=\"tdb-title-text\">VIDEO | Revolte violente \u00een Fran\u021ba dup\u0103 eliminarea de la Cupa Mondial\u0103<\/h1>\n<\/div>\n<\/div>\n<div class=\"vc_row_inner tdi_12  vc_row vc_inner wpb_row td-pb-row\">\n<div class=\"vc_column_inner tdi_14  wpb_column vc_column_container tdc-inner-column td-pb-span12\">\n<div class=\"vc_column-inner\">\n<div class=\"wpb_wrapper\">\n<div class=\"td_block_wrap tdb_single_author tdi_15 td-pb-border-top td_block_template_1 tdb-post-meta\" data-td-block-uid=\"tdi_15\">\n<div class=\"tdb-block-inner td-fix-index\">\n<div class=\"tdb-author-name-wrap\"><a class=\"tdb-author-name\" href=\"https:\/\/r3media.ro\/author\/oana\/\">Oana Ivan<\/a><\/div>\n<\/div>\n<\/div>\n<div class=\"td_block_wrap tdb_single_date tdi_16 td-pb-border-top td_block_template_1 tdb-post-meta\" data-td-block-uid=\"tdi_16\">\n<div class=\"tdb-block-inner td-fix-index\"><time class=\"entry-date updated td-module-date\" datetime=\"2026-07-15T15:35:05+03:00\">15\/07\/2026<\/time><\/div>\n<\/div>\n<\/div>\n<\/div>\n<\/div>\n<\/div>\n<div class=\"td_block_wrap tdb_single_content tdi_18 td-pb-border-top td_block_template_1 td-post-content tagdiv-type\" data-td-block-uid=\"tdi_18\">\n<div class=\"tdb-block-inner td-fix-index\">\n<p><strong>Revolte violente au izbucnit \u00een toat\u0103 Fran\u021ba dup\u0103 ce <em>Les Bleus<\/em> au fost elimina\u021bi de Spania de la Cupa Mondial\u0103. Poli\u021bia a f\u0103cut peste 200 de arest\u0103ri. Parisul \u0219i Lyon au fost ora\u0219ele cu cel mai mare haos imediat dup\u0103 fluierul final, conform <a href=\"https:\/\/europeanconservative.com\/articles\/news-corner\/france-riots-world-cup-police-firework-attacks\/\" target=\"_blank\" rel=\"noopener\">European Conservative<\/a>.<\/strong><\/p>\n<p>Marea majoritate a arest\u0103rilor la nivel na\u021bional au fost direct legate de utilizarea periculoas\u0103 a mortierelor. Vandalii au \u00eendreptat artificii asupra for\u021belor de ordine, pompierilor \u0219i serviciilor de urgen\u021b\u0103, potrivit BFMTV.<\/p>\n<p>O furie similar\u0103 a izbucnit \u0219i la Lyon, dup\u0103 ce sute de suporteri s-au adunat pentru a urm\u0103ri meciul \u00eentr-o zon\u0103 public\u0103 pentru fani din Place Bellecourt. Poli\u021bia local\u0103 a fost nevoit\u0103 s\u0103 foloseasc\u0103 gaze lacrimogene pentru a dispersa mul\u021bimile agresive. Sta\u021bia de metrou din apropiere a fost \u00eenchis\u0103 din cauza haosului escaladant. Proiectile au fost aruncate \u00een mod repetat asupra ofi\u021berilor, co\u0219uri de gunoi au fost incendiate, iar 20 de persoane au fost re\u021binute \u00een centrul ora\u0219ului.<\/p>\n<p>\u00cen ciuda tulbur\u0103rilor \u0219i a ciocnirilor pe scar\u0103 larg\u0103, autorit\u0103\u021bile au confirmat c\u0103 nimeni nu a fost r\u0103nit nici la Paris, nici la Lyon \u0219i c\u0103 nu au fost raportate pagube materiale majore. \u00cenal\u021bi oficiali ai poli\u021biei au l\u0103udat ulterior majoritatea fanilor fotbalului, care au ac\u021bionat responsabil \u0219i au plecat pa\u0219nic, \u00een ciuda suferin\u021bei provocate de \u00eenfr\u00e2ngere.<\/p>\n<p>Scenele violente de la Paris au contrastat cu cele de dup\u0103 runda precedent\u0103, c\u00e2nd Fran\u021ba a \u00eenvins Marocul. Apoi, ora\u0219ul a desf\u0103\u0219urat 20.000 de ofi\u021beri de poli\u021bie \u0219i jandarmi, bloc\u00e2nd efectiv capitala. Huliganismul marocan a fost r\u0103sp\u00e2ndit \u00een alte ora\u0219e europene, inclusiv la Londra \u0219i D\u00fcsseldorf.<\/p>\n<blockquote class=\"twitter-tweet\" data-width=\"550\" data-dnt=\"true\">\n<p lang=\"en\" dir=\"ltr\">BREAKING:<\/p>\n<p>Riots start in France after the 2-0 loss against Spain. <a href=\"https:\/\/t.co\/BwW2yMGMtA\">pic.twitter.com\/BwW2yMGMtA<\/a><\/p>\n<p>\u2014 Visegr\u00e1d 24 (@visegrad24) <a href=\"https:\/\/x.com\/visegrad24\/status\/2077169312809259243?ref_src=twsrc%5Etfw\">July 14, 2026<\/a><\/p>\n<\/blockquote>\n<blockquote class=\"twitter-tweet\" data-width=\"550\" data-dnt=\"true\">\n<p lang=\"en\" dir=\"ltr\">\ud83d\udea8\ud83c\uddeb\ud83c\uddf7 Meanwhile in Paris (Again)<\/p>\n<p>France play football \u2705<br \/>Hordes of African Migrants Riot \u2705<br \/>Trash Shops &amp; Business \u2705<br \/>Attack Police \u2705<br \/>Burn stuff \u2705<\/p>\n<p>The Left call it \u2018Cultural Enrichment\u2019 and a Strength.  <a href=\"https:\/\/t.co\/4NoX7p4Im6\">pic.twitter.com\/4NoX7p4Im6<\/a><\/p>\n<p>\u2014 Concerned Citizen (@BGatesIsaPyscho) <a href=\"https:\/\/x.com\/BGatesIsaPyscho\/status\/2077168152123720074?ref_src=twsrc%5Etfw\">July 14, 2026<\/a><\/p>\n<\/blockquote>\n<p>\u00a0<\/p>\n<div class=\"crp_related     crp-masonry\">\n<h2>\u00ceN CONTEXT<\/h2>\n<ul>\n<li><a href=\"https:\/\/r3media.ro\/quentin-deranque-ucis-atac-brutal-comis-banda-antifa-lyon-arestati-asistent-parlamentar-raphael-arnault-extrema-stanga\/\" class=\"crp_link post-115250\"><span class=\"crp_title\">T\u00e2n\u0103rul Quentin Deranque a fost ucis \u00eentr-un atac brutal comis de o band\u0103 Antifa la Lyon.\u2026<\/span><\/a><\/li>\n<li><a href=\"https:\/\/r3media.ro\/francezi-saturat-emmanuel-macron-demisia-presedintelui-frantei-premier-nou\/\" class=\"crp_link post-113567\"><span class=\"crp_title\">Francezii s-au s\u0103turat p\u00e2n\u0103 peste cap de Emmanuel Macron: 70% dintre cet\u0103\u021beni vor demisia\u2026<\/span><\/a><\/li>\n<li><a href=\"https:\/\/r3media.ro\/anularea-pastelui-franta-omaenii-munca-luni-deficit-bugetar-invierea-domnului-bani-populatii-straine\/\" class=\"crp_link post-111758\"><span class=\"crp_title\">Se anuleaz\u0103 Pa\u0219tele \u00een Fran\u021ba: Oamenii sunt pu\u0219i s\u0103 munceasc\u0103 Luni, \u00een a doua zi a \u00cenvierii\u2026<\/span><\/a><\/li>\n<li><a href=\"https:\/\/r3media.ro\/instalare-haos-strazi-franta-blocam-totul-baricade-strazi-ciocniri-forte-ordine-macron-demisia-video\/\" class=\"crp_link post-112973\"><span class=\"crp_title\">VIDEO (BLOC\u0102M TOTUL) | Se instaleaz\u0103 haosul pe str\u0103zile din Fran\u021ba: Oamenii au \u00eenceput s\u0103\u2026<\/span><\/a><\/li>\n<li><a href=\"https:\/\/r3media.ro\/elena-lasconi-franta-implicare-anulare-alegerilor-prezidentiale-2024-nicusor-dan-strain-subversiv-oana-eftimie\/\" class=\"crp_link post-114390\"><span class=\"crp_title\">VIDEO | Elena Lasconi \u00eencepe s\u0103 ciripeasc\u0103: Pot s\u0103 cred c\u0103 Fran\u021ba a intervenit \u00een anularea\u2026<\/span><\/a><\/li>\n<li><a href=\"https:\/\/r3media.ro\/nicusor-dan-plecat-conferinta-de-presa-coalitia-de-vointa-presedintele-romaniei-conferinta-separat-ambasada-paris-liderii-europeni-americani-presa-internationala\/\" class=\"crp_link post-114684\"><span class=\"crp_title\">Nicu\u0219or Dan a plecat pe repede \u00eenainte de la conferin\u021ba de pres\u0103 a Coali\u021biei de Voin\u021b\u0103:\u2026<\/span><\/a><\/li>\n<li><a href=\"https:\/\/r3media.ro\/sef-statul-major-dranta-fabien-mandon-transmis-cetateni-trebuie-pregatiti-acceptare-moarte-copii-descurajare-agresiune-rusia\/\" class=\"crp_link post-114210\"><span class=\"crp_title\">\u0218eful Statului Major din Fran\u021ba, generalul Fabien Mandon, le-a transmis cet\u0103\u021benilor c\u0103\u2026<\/span><\/a><\/li>\n<li><a href=\"https:\/\/r3media.ro\/cine-este-cu-adevarat-francez\/\" class=\"crp_link post-119942\"><span class=\"crp_title\">Cine este cu adev\u0103rat francez?<\/span><\/a><\/li>\n<\/ul>\n<\/div>\n<\/div>\n<\/div>\n<div class=\"td_block_wrap tdb_single_tags tdi_19 td-pb-border-top td_block_template_1\" data-td-block-uid=\"tdi_19\">\n<div class=\"tdb-block-inner td-fix-index\">\n<ul class=\"tdb-tags\">\n<li><span>SUBIECTE FIERBIN\u021aI<\/span><\/li>\n<li><a href=\"https:\/\/r3media.ro\/tag\/franta\/\">franta<\/a><\/li>\n<\/ul>\n<\/div>\n<\/div>\n<div class=\"td_block_wrap td_block_9 tdi_20 td_with_ajax_pagination td-pb-border-top td_block_template_1 td-column-2 td_block_padding td_block_bot_line\" data-td-block-uid=\"tdi_20\">\n<div class=\"td-block-title-wrap\">\n<h4 class=\"block-title td-block-title\"><span class=\"td-pulldown-size\">CITE\u0218TE MAI MULT<\/span><\/h4>\n<\/div>\n<div id=\"tdi_20\" class=\"td_block_inner\">\n<div class=\"td-block-row\">\n<div class=\"td-block-span6\">\n<div class=\"td_module_8 td_module_wrap\">\n<div class=\"item-details\">\n<h3 class=\"entry-title td-module-title\"><a href=\"https:\/\/r3media.ro\/ioan-aurel-pop-lege-vexler-razboi-istoria\/\" rel=\"bookmark\" title=\"Ioan-Aurel Pop critic\u0103 legea Vexler \u00eentr-un articol de neratat: Nu putem s\u0103 ducem un r\u0103zboi cu istoria\">Ioan-Aurel Pop critic\u0103 legea Vexler \u00eentr-un articol de neratat: Nu putem s\u0103 ducem un&#8230;<\/a><\/h3>\n<div class=\"td-module-meta-info\"><a href=\"https:\/\/r3media.ro\/category\/actualitate\/\" class=\"td-post-category\">ACTUALITATE<\/a><span class=\"td-post-author-name\"><a href=\"https:\/\/r3media.ro\/author\/radu_ursan\/\">Radu Ursan<\/a><span>&#8211;<\/span><\/span><span class=\"td-post-date\"><time class=\"entry-date updated td-module-date\" datetime=\"2026-07-12T21:42:54+03:00\">12\/07\/2026<\/time><\/span><\/div>\n<\/div>\n<\/div>\n<\/div>\n<div class=\"td-block-span6\">\n<div class=\"td_module_8 td_module_wrap\">\n<div class=\"item-details\">\n<h3 class=\"entry-title td-module-title\"><a href=\"https:\/\/r3media.ro\/scandalul-rachetelor-patriot-zguduie-polonia-varsovia-declasifica-tot-ajutorul-militar-acordat-ucrainei\/\" rel=\"bookmark\" title=\"Scandalul rachetelor Patriot zguduie Polonia: Var\u0219ovia declasific\u0103 tot ajutorul militar acordat Ucrainei\">Scandalul rachetelor Patriot zguduie Polonia: Var\u0219ovia declasific\u0103 tot ajutorul militar acordat Ucrainei<\/a><\/h3>\n<div class=\"td-module-meta-info\"><a href=\"https:\/\/r3media.ro\/category\/stiri\/\" class=\"td-post-category\">\u0218TIRI<\/a><span class=\"td-post-author-name\"><a href=\"https:\/\/r3media.ro\/author\/radu_ursan\/\">Radu Ursan<\/a><span>&#8211;<\/span><\/span><span class=\"td-post-date\"><time class=\"entry-date updated td-module-date\" datetime=\"2026-07-12T20:43:04+03:00\">12\/07\/2026<\/time><\/span><\/div>\n<\/div>\n<\/div>\n<\/div>\n<\/div>\n<div class=\"td-block-row\">\n<div class=\"td-block-span6\">\n<div class=\"td_module_8 td_module_wrap\">\n<div class=\"item-details\">\n<h3 class=\"entry-title td-module-title\"><a href=\"https:\/\/r3media.ro\/ce-ne-facem-cu-atatia-prosti\/\" rel=\"bookmark\" title=\"Ce ne facem cu at\u00e2\u021bia pro\u0219ti?\">Ce ne facem cu at\u00e2\u021bia pro\u0219ti?<\/a><\/h3>\n<div class=\"td-module-meta-info\"><a href=\"https:\/\/r3media.ro\/category\/opinii\/\" class=\"td-post-category\">OPINII<\/a><span class=\"td-post-author-name\"><a href=\"https:\/\/r3media.ro\/author\/alexandru_racu\/\">Alexandru Racu<\/a><span>&#8211;<\/span><\/span><span class=\"td-post-date\"><time class=\"entry-date updated td-module-date\" datetime=\"2026-07-12T14:11:45+03:00\">12\/07\/2026<\/time><\/span><\/div>\n<\/div>\n<\/div>\n<\/div>\n<div class=\"td-block-span6\">\n<div class=\"td_module_8 td_module_wrap\">\n<div class=\"item-details\">\n<h3 class=\"entry-title td-module-title\"><a href=\"https:\/\/r3media.ro\/guvernul-sanchez-demoleaza-monumentul-de-la-majadahonda-ion-mota-vasile-marin-lupta-rzaboiul-civil-spaniol-comunisti\/\" rel=\"bookmark\" title=\"Guvernul Sanchez demoleaz\u0103 Monumentul de la Majadahonda, dedicat lui Ion Mo\u021ba \u0219i Vasile Marin, rom\u00e2nii care au luptat \u00eempotriva comuni\u0219tilor \u00een R\u0103zboiul Civil Spaniol\">Guvernul Sanchez demoleaz\u0103 Monumentul de la Majadahonda, dedicat lui Ion Mo\u021ba \u0219i Vasile Marin,&#8230;<\/a><\/h3>\n<div class=\"td-module-meta-info\"><a href=\"https:\/\/r3media.ro\/category\/actualitate\/\" class=\"td-post-category\">ACTUALITATE<\/a><span class=\"td-post-author-name\"><a href=\"https:\/\/r3media.ro\/author\/oana\/\">Oana Ivan<\/a><span>&#8211;<\/span><\/span><span class=\"td-post-date\"><time class=\"entry-date updated td-module-date\" datetime=\"2026-07-12T01:11:49+03:00\">12\/07\/2026<\/time><\/span><\/div>\n<\/div>\n<\/div>\n<\/div>\n<\/div>\n<div class=\"td-block-row\">\n<div class=\"td-block-span6\">\n<div class=\"td_module_8 td_module_wrap\">\n<div class=\"item-details\">\n<h3 class=\"entry-title td-module-title\"><a href=\"https:\/\/r3media.ro\/sofer-surpriza-neplacuta-benzinarie-austria-oprit-apa-portbagaj\/\" rel=\"bookmark\" title=\"Un \u0219ofer a avut parte de o surpriz\u0103 nepl\u0103cut\u0103 la benzin\u0103rie dup\u0103 ce a oprit un minut \u0219i 28 de secunde pentru a scoate o sticl\u0103 de ap\u0103 din portbagaj\">Un \u0219ofer a avut parte de o surpriz\u0103 nepl\u0103cut\u0103 la benzin\u0103rie dup\u0103 ce a&#8230;<\/a><\/h3>\n<div class=\"td-module-meta-info\"><a href=\"https:\/\/r3media.ro\/category\/actualitate\/\" class=\"td-post-category\">ACTUALITATE<\/a><span class=\"td-post-author-name\"><a href=\"https:\/\/r3media.ro\/author\/oana\/\">Oana Ivan<\/a><span>&#8211;<\/span><\/span><span class=\"td-post-date\"><time class=\"entry-date updated td-module-date\" datetime=\"2026-07-11T13:00:01+03:00\">11\/07\/2026<\/time><\/span><\/div>\n<\/div>\n<\/div>\n<\/div>\n<div class=\"td-block-span6\">\n<div class=\"td_module_8 td_module_wrap\">\n<div class=\"item-details\">\n<h3 class=\"entry-title td-module-title\"><a href=\"https:\/\/r3media.ro\/o-femeie-mentalitate-femei-moderne-printese-disney\/\" rel=\"bookmark\" title=\"VIDEO | O femeie critic\u0103 mentalitatea femeii moderne care distruge rela\u021bia cu b\u0103rbatul s\u0103u: Suntem crescute \u00een ideea de prin\u021bese, dar nu suntem la Disney\">VIDEO | O femeie critic\u0103 mentalitatea femeii moderne care distruge rela\u021bia cu b\u0103rbatul s\u0103u:&#8230;<\/a><\/h3>\n<div class=\"td-module-meta-info\"><a href=\"https:\/\/r3media.ro\/category\/actualitate\/\" class=\"td-post-category\">ACTUALITATE<\/a><span class=\"td-post-author-name\"><a href=\"https:\/\/r3media.ro\/author\/teodor_stan\/\">Teodor Stan<\/a><span>&#8211;<\/span><\/span><span class=\"td-post-date\"><time class=\"entry-date updated td-module-date\" datetime=\"2026-07-10T12:47:58+03:00\">10\/07\/2026<\/time><\/span><\/div>\n<\/div>\n<\/div>\n<\/div>\n<\/div>\n<div class=\"td-block-row\">\n<div class=\"td-block-span6\">\n<div class=\"td_module_8 td_module_wrap\">\n<div class=\"item-details\">\n<h3 class=\"entry-title td-module-title\"><a href=\"https:\/\/r3media.ro\/cutremur-5-5-grade-scara-richter-resimtit-cehia-slovacia\/\" rel=\"bookmark\" title=\"Cutremur de 5.5 grade pe scara Richter. S-a resim\u021bit \u00een Cehia \u0219i Slovacia\">Cutremur de 5.5 grade pe scara Richter. S-a resim\u021bit \u00een Cehia \u0219i Slovacia<\/a><\/h3>\n<div class=\"td-module-meta-info\"><a href=\"https:\/\/r3media.ro\/category\/actualitate\/\" class=\"td-post-category\">ACTUALITATE<\/a><span class=\"td-post-author-name\"><a href=\"https:\/\/r3media.ro\/author\/oana\/\">Oana Ivan<\/a><span>&#8211;<\/span><\/span><span class=\"td-post-date\"><time class=\"entry-date updated td-module-date\" datetime=\"2026-07-09T20:48:24+03:00\">09\/07\/2026<\/time><\/span><\/div>\n<\/div>\n<\/div>\n<\/div>\n<div class=\"td-block-span6\">\n<div class=\"td_module_8 td_module_wrap\">\n<div class=\"item-details\">\n<h3 class=\"entry-title td-module-title\"><a href=\"https:\/\/r3media.ro\/presedintele-croatiei-interesele-poporului-ursula-von-der-leyen\/\" rel=\"bookmark\" title=\"Pre\u0219edintele Croa\u021biei spune c\u0103 este obligat s\u0103 apere interesele poporului s\u0103u, \u201enu s\u0103 urmez orbe\u0219te trenduri sau s\u0103 repet ca un papagal frazele care \u00eei plac Ursulei von der Leyen\u201d\">Pre\u0219edintele Croa\u021biei spune c\u0103 este obligat s\u0103 apere interesele poporului s\u0103u, \u201enu s\u0103 urmez&#8230;<\/a><\/h3>\n<div class=\"td-module-meta-info\"><a href=\"https:\/\/r3media.ro\/category\/actualitate\/\" class=\"td-post-category\">ACTUALITATE<\/a><span class=\"td-post-author-name\"><a href=\"https:\/\/r3media.ro\/author\/radu_ursan\/\">Radu Ursan<\/a><span>&#8211;<\/span><\/span><span class=\"td-post-date\"><time class=\"entry-date updated td-module-date\" datetime=\"2026-07-08T22:42:08+03:00\">08\/07\/2026<\/time><\/span><\/div>\n<\/div>\n<\/div>\n<\/div>\n<\/div>\n<div class=\"td-block-row\">\n<div class=\"td-block-span6\">\n<div class=\"td_module_8 td_module_wrap\">\n<div class=\"item-details\">\n<h3 class=\"entry-title td-module-title\"><a href=\"https:\/\/r3media.ro\/femeie-cumparat-automobil-electric-mana-a-doua-surpriza-plecat-masina\/\" rel=\"bookmark\" title=\"O femeie care \u0219i-a achizi\u021bionat un automobil electric la m\u00e2na a doua a avut parte de o surpriz\u0103 imediat dup\u0103 ce a plecat cu ma\u0219ina\">O femeie care \u0219i-a achizi\u021bionat un automobil electric la m\u00e2na a doua a avut&#8230;<\/a><\/h3>\n<div class=\"td-module-meta-info\"><a href=\"https:\/\/r3media.ro\/category\/actualitate\/\" class=\"td-post-category\">ACTUALITATE<\/a><span class=\"td-post-author-name\"><a href=\"https:\/\/r3media.ro\/author\/oana\/\">Oana Ivan<\/a><span>&#8211;<\/span><\/span><span class=\"td-post-date\"><time class=\"entry-date updated td-module-date\" datetime=\"2026-07-08T19:56:23+03:00\">08\/07\/2026<\/time><\/span><\/div>\n<\/div>\n<\/div>\n<\/div>\n<div class=\"td-block-span6\">\n<div class=\"td_module_8 td_module_wrap\">\n<div class=\"item-details\">\n<h3 class=\"entry-title td-module-title\"><a href=\"https:\/\/r3media.ro\/lectii-de-inapoiere\/\" rel=\"bookmark\" title=\"Lec\u021bii de \u00eenapoiere\">Lec\u021bii de \u00eenapoiere<\/a><\/h3>\n<div class=\"td-module-meta-info\"><a href=\"https:\/\/r3media.ro\/category\/opinii\/\" class=\"td-post-category\">OPINII<\/a><span class=\"td-post-author-name\"><a href=\"https:\/\/r3media.ro\/author\/tru\/\">TRU (Traian Ungureanu)<\/a><span>&#8211;<\/span><\/span><span class=\"td-post-date\"><time class=\"entry-date updated td-module-date\" datetime=\"2026-07-07T14:50:09+03:00\">07\/07\/2026<\/time><\/span><\/div>\n<\/div>\n<\/div>\n<\/div>\n<\/div>\n<div class=\"td-block-row\">\n<div class=\"td-block-span6\">\n<div class=\"td_module_8 td_module_wrap\">\n<div class=\"item-details\">\n<h3 class=\"entry-title td-module-title\"><a href=\"https:\/\/r3media.ro\/dreptate-pentru-memoria-lui-mircea-vulcanescu\/\" rel=\"bookmark\" title=\"Dreptate pentru memoria lui Mircea Vulc\u0103nescu\">Dreptate pentru memoria lui Mircea Vulc\u0103nescu<\/a><\/h3>\n<div class=\"td-module-meta-info\"><a href=\"https:\/\/r3media.ro\/category\/opinii\/\" class=\"td-post-category\">OPINII<\/a><span class=\"td-post-author-name\"><a href=\"https:\/\/r3media.ro\/author\/bogdan-munteanu\/\">Bogdan Munteanu<\/a><span>&#8211;<\/span><\/span><span class=\"td-post-date\"><time class=\"entry-date updated td-module-date\" datetime=\"2026-07-03T15:27:06+03:00\">03\/07\/2026<\/time><\/span><\/div>\n<\/div>\n<\/div>\n<\/div>\n<div class=\"td-block-span6\">\n<div class=\"td_module_8 td_module_wrap\">\n<div class=\"item-details\">\n<h3 class=\"entry-title td-module-title\"><a href=\"https:\/\/r3media.ro\/un-baietel-de-10-ani-are-nevoie-urgent-de-930-000-de-euro-pentru-a-trai-apelul-parintelui-alexandru-lungu\/\" rel=\"bookmark\" title=\"Un b\u0103ie\u021bel de 10 ani are nevoie URGENT de 930.000 de euro pentru a tr\u0103i. Apelul p\u0103rintelui Alexandru Lungu\">Un b\u0103ie\u021bel de 10 ani are nevoie URGENT de 930.000 de euro pentru a&#8230;<\/a><\/h3>\n<div class=\"td-module-meta-info\"><a href=\"https:\/\/r3media.ro\/category\/actualitate\/\" class=\"td-post-category\">ACTUALITATE<\/a><span class=\"td-post-author-name\"><a href=\"https:\/\/r3media.ro\/author\/redactia\/\">Redac\u021bia<\/a><span>&#8211;<\/span><\/span><span class=\"td-post-date\"><time class=\"entry-date updated td-module-date\" datetime=\"2026-07-01T14:14:11+03:00\">01\/07\/2026<\/time><\/span><\/div>\n<\/div>\n<\/div>\n<\/div>\n<\/div>\n<\/div>\n<div class=\"td-load-more-wrap td-load-more-infinite-wrap\" id=\"infinite-lm-tdi_20\"><a href=\"https:\/\/r3media.ro\/revolte-violente-franta-eliminare-cupa-mondiala-spania-video\/\" class=\"td_ajax_load_more td_ajax_load_more_js\" aria-label=\"\u00cenc\u0103rca\u021bi mai multe\" id=\"next-page-tdi_20\" data-td_block_id=\"tdi_20\">\u00cenc\u0103rca\u021bi mai multe<\/a><\/div>\n<\/div>\n<div class=\"td_block_wrap tdb_single_comments tdi_21 tdb-comm-layout2 td-pb-border-top td_block_template_1\" data-td-block-uid=\"tdi_21\">\n<div class=\"tdb-block-inner td-fix-index\">\n<div class=\"comments\" id=\"comments\">\n<div id=\"respond\" class=\"comment-respond\">\n<h3 id=\"reply-title\" class=\"comment-reply-title\">AI CEVA DE SPUS? <small><a rel=\"nofollow\" id=\"cancel-comment-reply-link\" href=\"https:\/\/r3media.ro\/revolte-violente-franta-eliminare-cupa-mondiala-spania-video\/#respond\">Renun\u021ba\u021bi la r\u0103spuns<\/a><\/small><\/h3>\n<div class=\"comment-form-input-wrap td-form-comment\">\n<div class=\"td-warning-comment\">V\u0103 rug\u0103m s\u0103 introduce\u021bi comentariul dvs.!<\/div>\n<\/div>\n<div class=\"comment-form-input-wrap td-form-author\">\n<div class=\"td-warning-author\">Introduce\u021bi aici numele dvs.<\/div>\n<\/div>\n<div class=\"comment-form-input-wrap td-form-email\">\n<div class=\"td-warning-email-error\">A\u021bi introdus o adres\u0103 de e-mail incorect\u0103!<\/div>\n<div class=\"td-warning-email\">V\u0103 rug\u0103m s\u0103 introduce\u021bi adresa dvs. de e-mail aici<\/div>\n<\/div>\n<\/div>\n<\/div>\n<\/div>\n<\/div>\n<\/div>\n<\/div>\n<div class=\"vc_column tdi_23  wpb_column vc_column_container tdc-column td-pb-span4 td-is-sticky\">\n<div class=\"wpb_wrapper\" data-sticky-enabled-on=\"W3RydWUsdHJ1ZSx0cnVlLHRydWVd\" data-sticky-offset=\"20\" data-sticky-is-width-auto=\"W2ZhbHNlLGZhbHNlLGZhbHNlLGZhbHNlXQ==\">\n<div class=\"wpb_wrapper td_block_wrap vc_widget_sidebar tdi_25 \">\n<div class=\"td_block_wrap td_block_7 td_block_widget tdi_26 td-pb-border-top td_block_template_1 td-column-1 td_block_padding\" data-td-block-uid=\"tdi_26\">\n<div class=\"td-block-title-wrap\">\n<h4 class=\"block-title td-block-title\"><span class=\"td-pulldown-size\">Articole RELA\u021aIONATE<\/span><\/h4>\n<\/div>\n<div id=\"tdi_26\" class=\"td_block_inner\">\n<div class=\"td-block-span12\">\n<div class=\"td_module_6 td_module_wrap td-animation-stack\">\n<div class=\"td-module-thumb\"><a href=\"https:\/\/r3media.ro\/sondaj-ires-aur-psd-pnl-usr\/\" rel=\"bookmark\" class=\"td-image-wrap \" title=\"Sondaj IRES: AUR ar ob\u0163ine 40%, urmat de PSD 21%, PNL 17% \u015fi USR 10%\"><img loading=\"lazy\" decoding=\"async\" class=\"entry-thumb\" src=\"https:\/\/r3media.ro\/wp-content\/uploads\/2020\/09\/sectie-votare-100x70.jpg\" alt title=\"Sondaj IRES: AUR ar ob\u0163ine 40%, urmat de PSD 21%, PNL 17% \u015fi USR 10%\" width=\"100\" height=\"70\"><\/a><\/div>\n<div class=\"item-details\">\n<h3 class=\"entry-title td-module-title\"><a href=\"https:\/\/r3media.ro\/sondaj-ires-aur-psd-pnl-usr\/\" rel=\"bookmark\" title=\"Sondaj IRES: AUR ar ob\u0163ine 40%, urmat de PSD 21%, PNL 17% \u015fi USR 10%\">Sondaj IRES: AUR ar ob\u0163ine 40%, urmat de PSD 21%, PNL&#8230;<\/a><\/h3>\n<div class=\"td-module-meta-info\"><span class=\"td-post-date\"><time class=\"entry-date updated td-module-date\" datetime=\"2026-07-15T13:11:09+03:00\">15\/07\/2026<\/time><\/span><\/div>\n<\/div>\n<\/div>\n<\/div>\n<div class=\"td-block-span12\">\n<div class=\"td_module_6 td_module_wrap td-animation-stack\">\n<div class=\"td-module-thumb\"><a href=\"https:\/\/r3media.ro\/apuseni-fest-2026-muntele-gaina-targul-de-fete\/\" rel=\"bookmark\" class=\"td-image-wrap \" title=\"Apuseni Fest \u2013 2026: prima edi\u021bie de muzic\u0103 electronica, la \u00een\u0103l\u021bime, pe Muntele G\u0103ina, \u00een weekendul T\u00e2rgului de Fete\"><img loading=\"lazy\" decoding=\"async\" class=\"entry-thumb\" src=\"https:\/\/r3media.ro\/wp-content\/uploads\/2026\/07\/vizual_Apuseni_fest_20261-100x70.jpeg\" alt title=\"Apuseni Fest \u2013 2026: prima edi\u021bie de muzic\u0103 electronica, la \u00een\u0103l\u021bime, pe Muntele G\u0103ina, \u00een weekendul T\u00e2rgului de Fete\" width=\"100\" height=\"70\"><\/a><\/div>\n<div class=\"item-details\">\n<h3 class=\"entry-title td-module-title\"><a href=\"https:\/\/r3media.ro\/apuseni-fest-2026-muntele-gaina-targul-de-fete\/\" rel=\"bookmark\" title=\"Apuseni Fest \u2013 2026: prima edi\u021bie de muzic\u0103 electronica, la \u00een\u0103l\u021bime, pe Muntele G\u0103ina, \u00een weekendul T\u00e2rgului de Fete\">Apuseni Fest \u2013 2026: prima edi\u021bie de muzic\u0103 electronica, la \u00een\u0103l\u021bime,&#8230;<\/a><\/h3>\n<div class=\"td-module-meta-info\"><span class=\"td-post-date\"><time class=\"entry-date updated td-module-date\" datetime=\"2026-07-15T13:00:54+03:00\">15\/07\/2026<\/time><\/span><\/div>\n<\/div>\n<\/div>\n<\/div>\n<div class=\"td-block-span12\">\n<div class=\"td_module_6 td_module_wrap td-animation-stack\">\n<div class=\"td-module-thumb\"><a href=\"https:\/\/r3media.ro\/cine-este-cu-adevarat-francez\/\" rel=\"bookmark\" class=\"td-image-wrap \" title=\"Cine este cu adev\u0103rat francez?\"><img loading=\"lazy\" decoding=\"async\" class=\"entry-thumb\" src=\"https:\/\/r3media.ro\/wp-content\/uploads\/2026\/07\/jucatori-nationala-frantei-e1784098584613-100x70.jpg\" alt title=\"Cine este cu adev\u0103rat francez?\" width=\"100\" height=\"70\"><\/a><\/div>\n<div class=\"item-details\">\n<h3 class=\"entry-title td-module-title\"><a href=\"https:\/\/r3media.ro\/cine-este-cu-adevarat-francez\/\" rel=\"bookmark\" title=\"Cine este cu adev\u0103rat francez?\">Cine este cu adev\u0103rat francez?<\/a><\/h3>\n<div class=\"td-module-meta-info\"><span class=\"td-post-date\"><time class=\"entry-date updated td-module-date\" datetime=\"2026-07-15T09:52:34+03:00\">15\/07\/2026<\/time><\/span><\/div>\n<\/div>\n<\/div>\n<\/div>\n<div class=\"td-block-span12\">\n<div class=\"td_module_6 td_module_wrap td-animation-stack\">\n<div class=\"td-module-thumb\"><a href=\"https:\/\/r3media.ro\/15-iulie-sfintii-mucenici-chiric-si-iulita-sfantul-vladimir-luminatorul-rusiei\/\" rel=\"bookmark\" class=\"td-image-wrap \" title=\"Calendarul zilei 15 iulie: Sfin\u021bii Mucenici Chiric \u0219i Iulita; Sf\u00e2ntul Vladimir, lumin\u0103torul Rusiei\"><img loading=\"lazy\" decoding=\"async\" class=\"entry-thumb\" src=\"https:\/\/r3media.ro\/wp-content\/uploads\/2022\/07\/sddefault-3-100x70.jpg\" alt title=\"Calendarul zilei 15 iulie: Sfin\u021bii Mucenici Chiric \u0219i Iulita; Sf\u00e2ntul Vladimir, lumin\u0103torul Rusiei\" width=\"100\" height=\"70\"><\/a><\/div>\n<div class=\"item-details\">\n<h3 class=\"entry-title td-module-title\"><a href=\"https:\/\/r3media.ro\/15-iulie-sfintii-mucenici-chiric-si-iulita-sfantul-vladimir-luminatorul-rusiei\/\" rel=\"bookmark\" title=\"Calendarul zilei 15 iulie: Sfin\u021bii Mucenici Chiric \u0219i Iulita; Sf\u00e2ntul Vladimir, lumin\u0103torul Rusiei\">Calendarul zilei 15 iulie: Sfin\u021bii Mucenici Chiric \u0219i Iulita; Sf\u00e2ntul Vladimir,&#8230;<\/a><\/h3>\n<div class=\"td-module-meta-info\"><span class=\"td-post-date\"><time class=\"entry-date updated td-module-date\" datetime=\"2026-07-14T21:00:49+03:00\">14\/07\/2026<\/time><\/span><\/div>\n<\/div>\n<\/div>\n<\/div>\n<div class=\"td-block-span12\">\n<div class=\"td_module_6 td_module_wrap td-animation-stack\">\n<div class=\"td-module-thumb\"><a href=\"https:\/\/r3media.ro\/miercuri-operatie-sambata-pe-plaja-cum-te-ajuta-tehnica-smile-sa-scapi-de-ochelari-cu-laser-chiar-si-vara\/\" rel=\"bookmark\" class=\"td-image-wrap \" title=\"Miercuri opera\u021bie, s\u00e2mb\u0103t\u0103 pe plaj\u0103: cum te ajut\u0103 tehnica SMILE s\u0103 scapi de ochelari cu laser chiar \u0219i vara?\"><img loading=\"lazy\" decoding=\"async\" class=\"entry-thumb\" src=\"https:\/\/r3media.ro\/wp-content\/uploads\/2026\/07\/miercuri_operaie_smbt_pe_plaj_cum_te_ajut_tehnica_smile_s_scapi_de_ochelari_cu_laser_chiar_i_vara-100x70.jpg\" alt title=\"Miercuri opera\u021bie, s\u00e2mb\u0103t\u0103 pe plaj\u0103: cum te ajut\u0103 tehnica SMILE s\u0103 scapi de ochelari cu laser chiar \u0219i vara?\" width=\"100\" height=\"70\"><\/a><\/div>\n<div class=\"item-details\">\n<h3 class=\"entry-title td-module-title\"><a href=\"https:\/\/r3media.ro\/miercuri-operatie-sambata-pe-plaja-cum-te-ajuta-tehnica-smile-sa-scapi-de-ochelari-cu-laser-chiar-si-vara\/\" rel=\"bookmark\" title=\"Miercuri opera\u021bie, s\u00e2mb\u0103t\u0103 pe plaj\u0103: cum te ajut\u0103 tehnica SMILE s\u0103 scapi de ochelari cu laser chiar \u0219i vara?\">Miercuri opera\u021bie, s\u00e2mb\u0103t\u0103 pe plaj\u0103: cum te ajut\u0103 tehnica SMILE s\u0103&#8230;<\/a><\/h3>\n<div class=\"td-module-meta-info\"><span class=\"td-post-date\"><time class=\"entry-date updated td-module-date\" datetime=\"2026-07-14T20:47:04+03:00\">14\/07\/2026<\/time><\/span><\/div>\n<\/div>\n<\/div>\n<\/div>\n<div class=\"td-block-span12\">\n<div class=\"td_module_6 td_module_wrap td-animation-stack\">\n<div class=\"td-module-thumb\"><a href=\"https:\/\/r3media.ro\/rumen-radev-bulgaria-se-retrage-coalitia-de-vointa\/\" rel=\"bookmark\" class=\"td-image-wrap \" title=\"Rumen Radev anun\u021b\u0103 c\u0103 Bulgaria se retrage din \u201eCoali\u021bia de voin\u021b\u0103\u201d: Rezolvarea conflictului st\u0103 \u00een diploma\u021bie, nu \u00een mijloace militare\"><img loading=\"lazy\" decoding=\"async\" class=\"entry-thumb\" src=\"https:\/\/r3media.ro\/wp-content\/uploads\/2026\/07\/rumen-radev-bulgariaa-100x70.jpg\" alt title=\"Rumen Radev anun\u021b\u0103 c\u0103 Bulgaria se retrage din \u201eCoali\u021bia de voin\u021b\u0103\u201d: Rezolvarea conflictului st\u0103 \u00een diploma\u021bie, nu \u00een mijloace militare\" width=\"100\" height=\"70\"><\/a><\/div>\n<div class=\"item-details\">\n<h3 class=\"entry-title td-module-title\"><a href=\"https:\/\/r3media.ro\/rumen-radev-bulgaria-se-retrage-coalitia-de-vointa\/\" rel=\"bookmark\" title=\"Rumen Radev anun\u021b\u0103 c\u0103 Bulgaria se retrage din \u201eCoali\u021bia de voin\u021b\u0103\u201d: Rezolvarea conflictului st\u0103 \u00een diploma\u021bie, nu \u00een mijloace militare\">Rumen Radev anun\u021b\u0103 c\u0103 Bulgaria se retrage din \u201eCoali\u021bia de voin\u021b\u0103\u201d:&#8230;<\/a><\/h3>\n<div class=\"td-module-meta-info\"><span class=\"td-post-date\"><time class=\"entry-date updated td-module-date\" datetime=\"2026-07-14T15:03:40+03:00\">14\/07\/2026<\/time><\/span><\/div>\n<\/div>\n<\/div>\n<\/div>\n<div class=\"td-block-span12\">\n<div class=\"td_module_6 td_module_wrap td-animation-stack\">\n<div class=\"td-module-thumb\"><a href=\"https:\/\/r3media.ro\/cazul-pasca-sau-cine-a-tras-in-noi-dupa-22\/\" rel=\"bookmark\" class=\"td-image-wrap \" title=\"Cazul Pa\u0219ca sau \u201ecine-a tras \u00een noi, dup\u0103 22\u201d\"><img loading=\"lazy\" decoding=\"async\" class=\"entry-thumb\" src=\"https:\/\/r3media.ro\/wp-content\/uploads\/2021\/07\/apa-otravita-sibiu-timisoara-decembrie-1989-100x70.jpg\" alt title=\"Cazul Pa\u0219ca sau \u201ecine-a tras \u00een noi, dup\u0103 22\u201d\" width=\"100\" height=\"70\"><\/a><\/div>\n<div class=\"item-details\">\n<h3 class=\"entry-title td-module-title\"><a href=\"https:\/\/r3media.ro\/cazul-pasca-sau-cine-a-tras-in-noi-dupa-22\/\" rel=\"bookmark\" title=\"Cazul Pa\u0219ca sau \u201ecine-a tras \u00een noi, dup\u0103 22\u201d\">Cazul Pa\u0219ca sau \u201ecine-a tras \u00een noi, dup\u0103 22\u201d<\/a><\/h3>\n<div class=\"td-module-meta-info\"><span class=\"td-post-date\"><time class=\"entry-date updated td-module-date\" datetime=\"2026-07-14T14:44:27+03:00\">14\/07\/2026<\/time><\/span><\/div>\n<\/div>\n<\/div>\n<\/div>\n<\/div>\n<\/div>\n<aside class=\"td_block_template_1 widget widget_recent_comments\">\n<h4 class=\"block-title\"><span>INTR\u0102 \u00ceN DISCU\u021aIE!<\/span><\/h4>\n<ul id=\"recentcomments\">\n<li class=\"recentcomments\"><span class=\"comment-author-link\">Mihaela<\/span> la <a href=\"https:\/\/r3media.ro\/ilie-bolojan-alegeri-anticipate\/#comment-40272\">Ilie Bolojan ia \u00een calcul organizarea alegerilor anticipate: Mai devreme sau mai t\u00e2rziu, s\u0103 ne \u00eentoarcem la judecata cet\u0103\u0163enilor<\/a><\/li>\n<li class=\"recentcomments\"><span class=\"comment-author-link\">Kh-47M2 Kinzhal<\/span> la <a href=\"https:\/\/r3media.ro\/premiera-mondiala-robot-transportat-barca-lupta-razboi-ucraina-video\/#comment-40271\">VIDEO | Premier\u0103 mondial\u0103! Un robot cu inteligen\u021b\u0103 artificial\u0103 transportat de o barc\u0103 lupt\u0103 \u00een r\u0103zboiul din Ucraina<\/a><\/li>\n<li class=\"recentcomments\"><span class=\"comment-author-link\">Constantin<\/span> la <a href=\"https:\/\/r3media.ro\/ambasadorul-germaniei-la-chisinau-revine-nu-a-fost-intentia-mea-sa-pun-sub-semnul-intrebarii-unitatea-chestiunii-romanesti-sau-a-credintei-crestin-ortodoxe\/#comment-40270\">Ambasadorul Germaniei la Chi\u0219in\u0103u revine: Nu a fost inten\u0163ia mea s\u0103 pun sub semnul \u00eentreb\u0103rii unitatea chestiunii rom\u00e2ne\u015fti sau a credin\u0163ei cre\u015ftin ortodoxe<\/a><\/li>\n<li class=\"recentcomments\"><span class=\"comment-author-link\">Narcis<\/span> la <a href=\"https:\/\/r3media.ro\/actorul-ioan-isaiu-a-facut-infarct-si-a-murit-in-fata-colegilor-sai-bou-vaccinat-anti-covid-19\/#comment-40269\">Actorul Ioan Isaiu a f\u0103cut infarct \u0219i a murit \u00een fa\u021ba colegilor s\u0103i: Am fost bou c\u0103 m-am vaccinat \u0219i v-am blocat pe cei care \u00eemi era\u021bi prieteni<\/a><\/li>\n<li class=\"recentcomments\"><span class=\"comment-author-link\">Haleu<\/span> la <a href=\"https:\/\/r3media.ro\/romania-si-slovenia-singurele-state-din-est-care-s-au-alaturat-sua-in-condamnarea-chinei-intr-o-speta-de-acum-10-ani\/#comment-40268\">Rom\u00e2nia \u0219i Slovenia, singurele state din Est care s-au al\u0103turat SUA \u00een condamnarea Chinei \u00eentr-o spe\u021b\u0103 de acum 10 ani<\/a><\/li>\n<li class=\"recentcomments\"><span class=\"comment-author-link\">Eu<\/span> la <a href=\"https:\/\/r3media.ro\/guvernul-sanchez-demoleaza-monumentul-de-la-majadahonda-ion-mota-vasile-marin-lupta-rzaboiul-civil-spaniol-comunisti\/#comment-40267\">Guvernul Sanchez demoleaz\u0103 Monumentul de la Majadahonda, dedicat lui Ion Mo\u021ba \u0219i Vasile Marin, rom\u00e2nii care au luptat \u00eempotriva comuni\u0219tilor \u00een R\u0103zboiul Civil Spaniol<\/a><\/li>\n<li class=\"recentcomments\"><span class=\"comment-author-link\">Constantin<\/span> la <a href=\"https:\/\/r3media.ro\/guvernul-sanchez-demoleaza-monumentul-de-la-majadahonda-ion-mota-vasile-marin-lupta-rzaboiul-civil-spaniol-comunisti\/#comment-40266\">Guvernul Sanchez demoleaz\u0103 Monumentul de la Majadahonda, dedicat lui Ion Mo\u021ba \u0219i Vasile Marin, rom\u00e2nii care au luptat \u00eempotriva comuni\u0219tilor \u00een R\u0103zboiul Civil Spaniol<\/a><\/li>\n<\/ul>\n<\/aside>\n<aside class=\"td_block_template_1 widget widget_search\">\n<h4 class=\"block-title\"><span>CAUT\u0102 \u0218I VEI G\u0102SI<\/span><\/h4>\n<\/aside>\n<\/div>\n<\/div>\n<\/div>\n<\/div>\n<\/div>\n<\/div>\n<\/div>\n<p><span class=\"td-page-meta\"><\/span><span class=\"td-page-meta\"><span class=\"td-page-meta\"><\/span><\/span><span class=\"td-page-meta\"><\/span><\/article>\n<\/p>\n<div class=\"td_block_wrap tdb_single_content tdi_18 td-pb-border-top td_block_template_1 td-post-content tagdiv-type\" data-td-block-uid=\"tdi_18\">\n<div class=\"tdb-block-inner td-fix-index\">\n<p><strong>Revolte violente au izbucnit \u00een toat\u0103 Fran\u021ba dup\u0103 ce <em>Les Bleus<\/em> au fost elimina\u021bi de Spania de la Cupa Mondial\u0103. Poli\u021bia a f\u0103cut peste 200 de arest\u0103ri. Parisul \u0219i Lyon au fost ora\u0219ele cu cel mai mare haos imediat dup\u0103 fluierul final, conform <a href=\"https:\/\/europeanconservative.com\/articles\/news-corner\/france-riots-world-cup-police-firework-attacks\/\" target=\"_blank\" rel=\"noopener\">European Conservative<\/a>.<\/strong><\/p>\n<p>Marea majoritate a arest\u0103rilor la nivel na\u021bional au fost direct legate de utilizarea periculoas\u0103 a mortierelor. Vandalii au \u00eendreptat artificii asupra for\u021belor de ordine, pompierilor \u0219i serviciilor de urgen\u021b\u0103, potrivit BFMTV.<\/p>\n<p>O furie similar\u0103 a izbucnit \u0219i la Lyon, dup\u0103 ce sute de suporteri s-au adunat pentru a urm\u0103ri meciul \u00eentr-o zon\u0103 public\u0103 pentru fani din Place Bellecourt. Poli\u021bia local\u0103 a fost nevoit\u0103 s\u0103 foloseasc\u0103 gaze lacrimogene pentru a dispersa mul\u021bimile agresive. Sta\u021bia de metrou din apropiere a fost \u00eenchis\u0103 din cauza haosului escaladant. Proiectile au fost aruncate \u00een mod repetat asupra ofi\u021berilor, co\u0219uri de gunoi au fost incendiate, iar 20 de persoane au fost re\u021binute \u00een centrul ora\u0219ului.<\/p>\n<p>\u00cen ciuda tulbur\u0103rilor \u0219i a ciocnirilor pe scar\u0103 larg\u0103, autorit\u0103\u021bile au confirmat c\u0103 nimeni nu a fost r\u0103nit nici la Paris, nici la Lyon \u0219i c\u0103 nu au fost raportate pagube materiale majore. \u00cenal\u021bi oficiali ai poli\u021biei au l\u0103udat ulterior majoritatea fanilor fotbalului, care au ac\u021bionat responsabil \u0219i au plecat pa\u0219nic, \u00een ciuda suferin\u021bei provocate de \u00eenfr\u00e2ngere.<\/p>\n<p>Scenele violente de la Paris au contrastat cu cele de dup\u0103 runda precedent\u0103, c\u00e2nd Fran\u021ba a \u00eenvins Marocul. Apoi, ora\u0219ul a desf\u0103\u0219urat 20.000 de ofi\u021beri de poli\u021bie \u0219i jandarmi, bloc\u00e2nd efectiv capitala. Huliganismul marocan a fost r\u0103sp\u00e2ndit \u00een alte ora\u0219e europene, inclusiv la Londra \u0219i D\u00fcsseldorf.<\/p>\n<blockquote class=\"twitter-tweet\" data-width=\"550\" data-dnt=\"true\">\n<p lang=\"en\" dir=\"ltr\">BREAKING:<\/p>\n<p>Riots start in France after the 2-0 loss against Spain. <a href=\"https:\/\/t.co\/BwW2yMGMtA\">pic.twitter.com\/BwW2yMGMtA<\/a><\/p>\n<p>\u2014 Visegr\u00e1d 24 (@visegrad24) <a href=\"https:\/\/x.com\/visegrad24\/status\/2077169312809259243?ref_src=twsrc%5Etfw\">July 14, 2026<\/a><\/p>\n<\/blockquote>\n<blockquote class=\"twitter-tweet\" data-width=\"550\" data-dnt=\"true\">\n<p lang=\"en\" dir=\"ltr\">\ud83d\udea8\ud83c\uddeb\ud83c\uddf7 Meanwhile in Paris (Again)<\/p>\n<p>France play football \u2705<br \/>Hordes of African Migrants Riot \u2705<br \/>Trash Shops &amp; Business \u2705<br \/>Attack Police \u2705<br \/>Burn stuff \u2705<\/p>\n<p>The Left call it \u2018Cultural Enrichment\u2019 and a Strength.  <a href=\"https:\/\/t.co\/4NoX7p4Im6\">pic.twitter.com\/4NoX7p4Im6<\/a><\/p>\n<p>\u2014 Concerned Citizen (@BGatesIsaPyscho) <a href=\"https:\/\/x.com\/BGatesIsaPyscho\/status\/2077168152123720074?ref_src=twsrc%5Etfw\">July 14, 2026<\/a><\/p>\n<\/blockquote>\n<p>\u00a0<\/p>\n<div class=\"crp_related     crp-masonry\">\n<h2>\u00ceN CONTEXT<\/h2>\n<ul>\n<li><a href=\"https:\/\/r3media.ro\/quentin-deranque-ucis-atac-brutal-comis-banda-antifa-lyon-arestati-asistent-parlamentar-raphael-arnault-extrema-stanga\/\" class=\"crp_link post-115250\"><span class=\"crp_title\">T\u00e2n\u0103rul Quentin Deranque a fost ucis \u00eentr-un atac brutal comis de o band\u0103 Antifa la Lyon.\u2026<\/span><\/a><\/li>\n<li><a href=\"https:\/\/r3media.ro\/francezi-saturat-emmanuel-macron-demisia-presedintelui-frantei-premier-nou\/\" class=\"crp_link post-113567\"><span class=\"crp_title\">Francezii s-au s\u0103turat p\u00e2n\u0103 peste cap de Emmanuel Macron: 70% dintre cet\u0103\u021beni vor demisia\u2026<\/span><\/a><\/li>\n<li><a href=\"https:\/\/r3media.ro\/anularea-pastelui-franta-omaenii-munca-luni-deficit-bugetar-invierea-domnului-bani-populatii-straine\/\" class=\"crp_link post-111758\"><span class=\"crp_title\">Se anuleaz\u0103 Pa\u0219tele \u00een Fran\u021ba: Oamenii sunt pu\u0219i s\u0103 munceasc\u0103 Luni, \u00een a doua zi a \u00cenvierii\u2026<\/span><\/a><\/li>\n<li><a href=\"https:\/\/r3media.ro\/instalare-haos-strazi-franta-blocam-totul-baricade-strazi-ciocniri-forte-ordine-macron-demisia-video\/\" class=\"crp_link post-112973\"><span class=\"crp_title\">VIDEO (BLOC\u0102M TOTUL) | Se instaleaz\u0103 haosul pe str\u0103zile din Fran\u021ba: Oamenii au \u00eenceput s\u0103\u2026<\/span><\/a><\/li>\n<li><a href=\"https:\/\/r3media.ro\/elena-lasconi-franta-implicare-anulare-alegerilor-prezidentiale-2024-nicusor-dan-strain-subversiv-oana-eftimie\/\" class=\"crp_link post-114390\"><span class=\"crp_title\">VIDEO | Elena Lasconi \u00eencepe s\u0103 ciripeasc\u0103: Pot s\u0103 cred c\u0103 Fran\u021ba a intervenit \u00een anularea\u2026<\/span><\/a><\/li>\n<li><a href=\"https:\/\/r3media.ro\/nicusor-dan-plecat-conferinta-de-presa-coalitia-de-vointa-presedintele-romaniei-conferinta-separat-ambasada-paris-liderii-europeni-americani-presa-internationala\/\" class=\"crp_link post-114684\"><span class=\"crp_title\">Nicu\u0219or Dan a plecat pe repede \u00eenainte de la conferin\u021ba de pres\u0103 a Coali\u021biei de Voin\u021b\u0103:\u2026<\/span><\/a><\/li>\n<li><a href=\"https:\/\/r3media.ro\/sef-statul-major-dranta-fabien-mandon-transmis-cetateni-trebuie-pregatiti-acceptare-moarte-copii-descurajare-agresiune-rusia\/\" class=\"crp_link post-114210\"><span class=\"crp_title\">\u0218eful Statului Major din Fran\u021ba, generalul Fabien Mandon, le-a transmis cet\u0103\u021benilor c\u0103\u2026<\/span><\/a><\/li>\n<li><a href=\"https:\/\/r3media.ro\/cine-este-cu-adevarat-francez\/\" class=\"crp_link post-119942\"><span class=\"crp_title\">Cine este cu adev\u0103rat francez?<\/span><\/a><\/li>\n<\/ul>\n<\/div>\n<\/div>\n<\/div>\n<p>[analyse_source url=&#8221;https:\/\/r3media.ro\/revolte-violente-franta-eliminare-cupa-mondiala-spania-video\/&#8221;]<\/p>\n","protected":false},"excerpt":{"rendered":"<p>[analyse_image type=&#8221;featured&#8221; src=&#8221;https:\/\/r3media.ro\/wp-content\/uploads\/2023\/07\/franta-schimbare-e1689443658181.jpghttps:\/\/r3media.ro\/wp-content\/uploads\/2023\/07\/franta-schimbare-e1689443658181.jpg&#8221;] SPORTCUPA MONDIALA 2026 AMERICAVIDEO | Revolte violente \u00een Fran\u021ba dup\u0103 eliminarea de la Cupa Mondial\u0103 FEATUREDSPORTCUPA MONDIALA 2026 AMERICA\u0218TIRI VIDEO | Revolte violente \u00een Fran\u021ba dup\u0103 eliminarea de la Cupa Mondial\u0103 Oana Ivan 15\/07\/2026 Revolte violente au izbucnit \u00een toat\u0103 Fran\u021ba dup\u0103 ce Les Bleus au fost elimina\u021bi de Spania de la [&hellip;]<\/p>\n","protected":false},"author":1,"featured_media":0,"comment_status":"open","ping_status":"","sticky":false,"template":"","format":"standard","meta":{"footnotes":""},"categories":[89],"tags":[226,93],"class_list":["post-2044559","post","type-post","status-publish","format-standard","hentry","category-romania","tag-crawlmanager","tag-r3media-ro"],"_links":{"self":[{"href":"https:\/\/analyse.optim.biz\/index.php?rest_route=\/wp\/v2\/posts\/2044559","targetHints":{"allow":["GET"]}}],"collection":[{"href":"https:\/\/analyse.optim.biz\/index.php?rest_route=\/wp\/v2\/posts"}],"about":[{"href":"https:\/\/analyse.optim.biz\/index.php?rest_route=\/wp\/v2\/types\/post"}],"author":[{"embeddable":true,"href":"https:\/\/analyse.optim.biz\/index.php?rest_route=\/wp\/v2\/users\/1"}],"replies":[{"embeddable":true,"href":"https:\/\/analyse.optim.biz\/index.php?rest_route=%2Fwp%2Fv2%2Fcomments&post=2044559"}],"version-history":[{"count":0,"href":"https:\/\/analyse.optim.biz\/index.php?rest_route=\/wp\/v2\/posts\/2044559\/revisions"}],"wp:attachment":[{"href":"https:\/\/analyse.optim.biz\/index.php?rest_route=%2Fwp%2Fv2%2Fmedia&parent=2044559"}],"wp:term":[{"taxonomy":"category","embeddable":true,"href":"https:\/\/analyse.optim.biz\/index.php?rest_route=%2Fwp%2Fv2%2Fcategories&post=2044559"},{"taxonomy":"post_tag","embeddable":true,"href":"https:\/\/analyse.optim.biz\/index.php?rest_route=%2Fwp%2Fv2%2Ftags&post=2044559"}],"curies":[{"name":"wp","href":"https:\/\/api.w.org\/{rel}","templated":true}]}}