{"id":204450,"date":"2014-05-27T09:29:12","date_gmt":"2014-05-27T06:29:12","guid":{"rendered":"https:\/\/analyse.optim.biz\/?p=204450"},"modified":"2014-05-27T09:29:12","modified_gmt":"2014-05-27T06:29:12","slug":"interactiv-credeti-ca-e-nevoie-de-o-noua-conducere-in-pnl","status":"publish","type":"post","link":"https:\/\/analyse.optim.biz\/?p=204450","title":{"rendered":"INTERACTIV. Crede\u0163i c\u0103 e nevoie de o nou\u0103 conducere \u00een PNL?"},"content":{"rendered":"<div class=\"entry data-app-meta data-app-meta-article\" data-embed-base-url-canonical=\"https:\/\/www.digi24.ro\/embed\/stiri\/actualitate\/politica\/interactiv-credeti-ca-e-nevoie-de-o-noua-conducere-in-pnl-248344\">\n<p data-index=\"1\"><img decoding=\"async\" src=\"https:\/\/analyse.optim.biz\/wp-content\/uploads\/2024\/09\/zyz3ptgwmczoyxnopwfjnwjmnmiyodq2njcwzmiyzgyxodc2mjcwmmfiyjvh-thumb_.jpg\" data-skip-htmlfix=\"1\" title=\"zyz3ptgwmczoyxnopwfjnwjmnmiyodq2njcwzmiyzgyxodc2mjcwmmfiyjvh-thumb_\"><\/p>\n<p data-index=\"2\">Acesta este subiectul pe care Tudor Mu\u015fat \u00eel va dezbate \u00een direct cu dumneavoastr\u0103, telespectatorii Digi24, la ora 15.00.<\/p>\n<p data-index=\"3\"><strong>Crede\u0163i c\u0103 e nevoie de o nou\u0103 conducere \u00een PNL?<\/strong><\/p>\n<p data-index=\"4\">R\u0103spunde\u021bi la \u00eentrebare pe site-ul nostru, la sec\u021biunea DigiVOX, l\u0103sa\u021bi-v\u0103 num\u0103rul de telefon \u0219i pute\u021bi intra \u00een direct la ora 15.00, cu Tudor Mu\u015fat.<\/p>\n<\/div>\n<p> Source URL: https:\/\/www.digi24.ro\/stiri\/actualitate\/politica\/interactiv-credeti-ca-e-nevoie-de-o-noua-conducere-in-pnl-248344<\/p>\n","protected":false},"excerpt":{"rendered":"<p>Acesta este subiectul pe care Tudor Mu\u015fat \u00eel va dezbate \u00een direct cu dumneavoastr\u0103, telespectatorii Digi24, la ora 15.00. Crede\u0163i c\u0103 e nevoie de o nou\u0103 conducere \u00een PNL? R\u0103spunde\u021bi la \u00eentrebare pe site-ul nostru, la sec\u021biunea DigiVOX, l\u0103sa\u021bi-v\u0103 num\u0103rul de telefon \u0219i pute\u021bi intra \u00een direct la ora 15.00, cu Tudor Mu\u015fat. Source URL: [&hellip;]<\/p>\n","protected":false},"author":1,"featured_media":204451,"comment_status":"open","ping_status":"","sticky":false,"template":"","format":"standard","meta":{"footnotes":""},"categories":[2],"tags":[11],"class_list":["post-204450","post","type-post","status-publish","format-standard","has-post-thumbnail","hentry","category-politics","tag-digi24"],"_links":{"self":[{"href":"https:\/\/analyse.optim.biz\/index.php?rest_route=\/wp\/v2\/posts\/204450","targetHints":{"allow":["GET"]}}],"collection":[{"href":"https:\/\/analyse.optim.biz\/index.php?rest_route=\/wp\/v2\/posts"}],"about":[{"href":"https:\/\/analyse.optim.biz\/index.php?rest_route=\/wp\/v2\/types\/post"}],"author":[{"embeddable":true,"href":"https:\/\/analyse.optim.biz\/index.php?rest_route=\/wp\/v2\/users\/1"}],"replies":[{"embeddable":true,"href":"https:\/\/analyse.optim.biz\/index.php?rest_route=%2Fwp%2Fv2%2Fcomments&post=204450"}],"version-history":[{"count":0,"href":"https:\/\/analyse.optim.biz\/index.php?rest_route=\/wp\/v2\/posts\/204450\/revisions"}],"wp:featuredmedia":[{"embeddable":true,"href":"https:\/\/analyse.optim.biz\/index.php?rest_route=\/wp\/v2\/media\/204451"}],"wp:attachment":[{"href":"https:\/\/analyse.optim.biz\/index.php?rest_route=%2Fwp%2Fv2%2Fmedia&parent=204450"}],"wp:term":[{"taxonomy":"category","embeddable":true,"href":"https:\/\/analyse.optim.biz\/index.php?rest_route=%2Fwp%2Fv2%2Fcategories&post=204450"},{"taxonomy":"post_tag","embeddable":true,"href":"https:\/\/analyse.optim.biz\/index.php?rest_route=%2Fwp%2Fv2%2Ftags&post=204450"}],"curies":[{"name":"wp","href":"https:\/\/api.w.org\/{rel}","templated":true}]}}