{"id":2044294,"date":"2026-07-15T06:52:34","date_gmt":"2026-07-15T03:52:34","guid":{"rendered":"https:\/\/analyse.optim.biz\/?p=2044294"},"modified":"2026-07-15T06:52:34","modified_gmt":"2026-07-15T03:52:34","slug":"cine-este-cu-adevarat-francez","status":"publish","type":"post","link":"https:\/\/analyse.optim.biz\/?p=2044294","title":{"rendered":"Cine este cu adev\u0103rat francez?"},"content":{"rendered":"<p>[analyse_image type=&#8221;featured&#8221; src=&#8221;https:\/\/r3media.ro\/wp-content\/uploads\/2026\/07\/jucatori-nationala-frantei-e1784098584613.jpghttps:\/\/r3media.ro\/wp-content\/uploads\/2026\/07\/jucatori-nationala-frantei-e1784098584613.jpg&#8221;]<\/p>\n<article id=\"template-id-109\" class=\"post-109 tdb_templates type-tdb_templates status-publish post\">\n<div id=\"tdi_2\" class=\"tdc-zone\">\n<div class=\"tdc_zone tdi_3  wpb_row td-pb-row\">\n<div id=\"tdi_4\" class=\"tdc-row\">\n<div class=\"vc_row tdi_5  wpb_row td-pb-row\">\n<div class=\"vc_column tdi_7  wpb_column vc_column_container tdc-column td-pb-span8\">\n<div class=\"wpb_wrapper\">\n<div class=\"td_block_wrap tdb_breadcrumbs tdi_8 td-pb-border-top td_block_template_1 tdb-breadcrumbs \" data-td-block-uid=\"tdi_8\">\n<div class=\"tdb-block-inner td-fix-index\"><span><a title=\"Vede\u021bi toate articolele \u00een SPORT\" class=\"tdb-entry-crumb\" href=\"https:\/\/r3media.ro\/category\/sport\/\">SPORT<\/a><\/span><span><a title=\"Vede\u021bi toate articolele \u00een CUPA MONDIALA 2026 AMERICA\" class=\"tdb-entry-crumb\" href=\"https:\/\/r3media.ro\/category\/sport\/cupa-mondiala-2026\/\">CUPA MONDIALA 2026 AMERICA<\/a><\/span><span class=\"tdb-bred-no-url-last\">Cine este cu adev\u0103rat francez?<\/span><\/div>\n<\/div>\n<div class=\"td_block_wrap tdb_single_categories tdi_9 td-pb-border-top td_block_template_1 \" data-td-block-uid=\"tdi_9\">\n<div class=\"tdb-category td-fix-index\"><a class=\"tdb-entry-category\" href=\"https:\/\/r3media.ro\/category\/featured\/\">FEATURED<\/a><a class=\"tdb-entry-category\" href=\"https:\/\/r3media.ro\/category\/opinii\/\">OPINII<\/a><a class=\"tdb-entry-category\" href=\"https:\/\/r3media.ro\/category\/sport\/\">SPORT<\/a><a class=\"tdb-entry-category\" href=\"https:\/\/r3media.ro\/category\/sport\/cupa-mondiala-2026\/\">CUPA MONDIALA 2026 AMERICA<\/a><a class=\"tdb-entry-category\" href=\"https:\/\/r3media.ro\/category\/stiri\/\">\u0218TIRI<\/a><\/div>\n<\/div>\n<div class=\"td_block_wrap tdb_title tdi_10 tdb-single-title td-pb-border-top td_block_template_1\" data-td-block-uid=\"tdi_10\">\n<div class=\"tdb-block-inner td-fix-index\">\n<h1 class=\"tdb-title-text\">Cine este cu adev\u0103rat francez?<\/h1>\n<\/div>\n<\/div>\n<div class=\"vc_row_inner tdi_12  vc_row vc_inner wpb_row td-pb-row\">\n<div class=\"vc_column_inner tdi_14  wpb_column vc_column_container tdc-inner-column td-pb-span12\">\n<div class=\"vc_column-inner\">\n<div class=\"wpb_wrapper\">\n<div class=\"td_block_wrap tdb_single_author tdi_15 td-pb-border-top td_block_template_1 tdb-post-meta\" data-td-block-uid=\"tdi_15\">\n<div class=\"tdb-block-inner td-fix-index\">\n<div class=\"tdb-author-name-wrap\"><a class=\"tdb-author-name\" href=\"https:\/\/r3media.ro\/author\/gabipopa\/\">Gabriel Popa<\/a><\/div>\n<\/div>\n<\/div>\n<div class=\"td_block_wrap tdb_single_date tdi_16 td-pb-border-top td_block_template_1 tdb-post-meta\" data-td-block-uid=\"tdi_16\">\n<div class=\"tdb-block-inner td-fix-index\"><time class=\"entry-date updated td-module-date\" datetime=\"2026-07-15T09:52:34+03:00\">15\/07\/2026<\/time><\/div>\n<\/div>\n<\/div>\n<\/div>\n<\/div>\n<\/div>\n<div class=\"td_block_wrap tdb_single_featured_image tdi_17 tdb-content-horiz-left td-pb-border-top td_block_template_1\" data-td-block-uid=\"tdi_17\">\n<div class=\"tdb-block-inner td-fix-index\">\n<figure><figcaption class=\"tdb-caption-text\">Sursa foto: Jucatori francezi la reunirea lotului\/ Beinsports<\/figcaption><\/figure>\n<\/div>\n<\/div>\n<div class=\"td_block_wrap tdb_single_content tdi_18 td-pb-border-top td_block_template_1 td-post-content tagdiv-type\" data-td-block-uid=\"tdi_18\">\n<div class=\"tdb-block-inner td-fix-index\">\n<p><strong>Acesta este titlul <a href=\"https:\/\/www.gsp.ro\/opinii\/editorial-ionut-iordache-cine-este-cu-adevarat-francez-960474.html\" target=\"_blank\" rel=\"noopener\">articolului<\/a> din Gazeta Sporturilor scris de dl. Ionu\u021b Iordache, \u00een care acesta \u00eencearc\u0103 s\u0103 demonteze o afirma\u021bie a jurnalistului Radu Banciu despre echipa na\u021bional\u0103 a Fran\u021bei.<\/strong><\/p>\n<p>Dl. Banciu <a href=\"https:\/\/www.youtube.com\/watch?v=EhvrU_-F7EY&amp;time_continue=2355&amp;source_ve_path=MjM4NTE&amp;embeds_referring_euri=https%3A%2F%2Fwww.gsp.ro%2F\" target=\"_blank\" rel=\"noopener\">afirmase<\/a> despre actuala echip\u0103 na\u021bional\u0103 a Fran\u021bei c\u0103: Bine\u00een\u021beles c\u0103 nu sunt francezi \u0219i s\u0103 stea lini\u0219ti\u021bi, nu vor fi niciodat\u0103. Nu poate s\u0103 fie taic\u0103-tu camerunez \u0219i maic\u0103-ta algerianc\u0103 \u0219i tu s\u0103 te pretinzi francez. Nu vei fi niciodat\u0103.<\/p>\n<p>A\u0219a \u0219i aici, nu po\u021bi s\u0103 vii s\u0103 te pretinzi francez c\u00e2nd ai t\u0103i sunt n\u0103scu\u021bi \u00een Africa sau Africa Ecuatorial\u0103. Sigur c\u0103 nu e\u0219ti francez, dar ai dreptul s\u0103 reprezin\u021bi na\u021bionala Fran\u021bei f\u0103r\u0103 nicio problem\u0103.<\/p>\n<p>Da m\u0103, nu sunte\u021bi francezi, evident c\u0103 nu. Noi suntem mai francezi dec\u00e2t voi. Eu, de exemplu, sunt mai francez dec\u00e2t foarte mul\u021bi negri din na\u021bionala Fran\u021bei.<\/p>\n<p>\u0102ia nu \u0219tiu s\u0103 scrie \u00een limba francez\u0103, nu \u0219tiu s\u0103 vorbeasc\u0103 \u00een limba francez\u0103, nu \u0219tiu cultura francez\u0103, geografia \u0219i istoria Fran\u021bei. Ei nu sunt francezi, dar au voie s\u0103 joace pentru na\u021bionala Fran\u021bei. Nu-i \u00eempiedic\u0103 nimic. Nicio lege din lumea asta nu poate s\u0103-l \u00eempiedice pe Upamecano s\u0103 joace pentru Fran\u021ba\u201d.<\/p>\n<h2>C\u00e2nd te lup\u021bi cu argumente de paie, inventate<\/h2>\n<p>\u00cen r\u0103spunsul s\u0103u, Ionu\u021b Iordache \u00een\u0219ir\u0103 o gr\u0103mad\u0103 de motive pentru care, \u00een opinia sa, Banciu gre\u0219e\u0219te.<\/p>\n<p>Bine\u00een\u021beles, a ap\u0103rut inevitabil referin\u021ba la ras\u0103. Iordache sus\u021bine c\u0103 nu ADN-ul te face francez \u0219i afirm\u0103, nici mai mult, nici mai pu\u021bin c\u0103: \u201eRadu Banciu, la fel ca Upamecano, la fel ca tine \u0219i ca mine, are str\u0103mo\u0219i africani. Are str\u0103mo\u0219i \u00een Orientul Mijlociu. Are str\u0103mo\u0219i peste tot. A-i nega unui om apartenen\u021ba la o na\u021biune pe baza unui ADN perceput ca fiind \u201estr\u0103in\u201d \u00eenseamn\u0103 a ignora faptul c\u0103 to\u021bi suntem, genetic vorbind, ni\u0219te meti\u0219i ai istoriei\u201d.<\/p>\n<p>Doar c\u0103 Radu Banciu NU a adus \u00een discu\u021bie biologia sau ADN-ul persoanelor, ci CULTURA acestora.<\/p>\n<p>Cu alte cuvinte, a\u0219a cum fac mul\u021bi dintre a\u0219a-zi\u0219ii liberali ai zilelor noastre, Ionu\u021b Iordache nu se confrunt\u0103 cu ce a spus Radu Banciu, ci cu un om de paie, cu altceva.<\/p>\n<p>Pentru oricine cite\u0219te\u00a0 sau ascult\u0103 ce-a zis Banciu, este evident c\u0103 nu se refer\u0103 la biologie, ci la CULTUR\u0102.<\/p>\n<p>Ceea ce te face francez, rom\u00e2n sau italian nu este biologia, ci CULTURA ta. Ceea ce-\u021bi asumi, nu ceea ce \u021bi se d\u0103.<\/p>\n<p>Banciu \u2013 un filofrancez fanatic \u2013 a observat doar c\u0103 ace\u0219ti juc\u0103tori francezi sunt doar N\u0102SCU\u021aI \u00een Fran\u021ba, dar nu au asimilat nimic din cultura francez\u0103.<\/p>\n<p>\u201eNu poate s\u0103 fie taic\u0103-tu camerunez \u0219i maic\u0103-ta algerianc\u0103 \u0219i tu s\u0103 te pretinzi francez\u201d. Care e gre\u0219eala? Ce au \u00een comun cultura camerunez\u0103, cea algerian\u0103 \u0219i cea francez\u0103? Foarte pu\u021bin. Dac\u0103 ar fi fost identice, Camerun \u0219i Algeria ar\u0103tau precum Fran\u021ba. Dar nu este a\u0219a \u0219i nici nu va fi prea cur\u00e2nd.<\/p>\n<p>Asta spune Banciu \u0219i este evident c\u0103 nu gre\u0219e\u0219te.<\/p>\n<h2>Cultura francez\u0103 exist\u0103 sau nu exist\u0103?<\/h2>\n<p>Cum r\u0103spunde Ionu\u021b Iordache? (Unul dintre \u0219efii editoriali de la GSP)<\/p>\n<p>\u201e\u00cen 2026, pur \u0219i simplu nu mai putem folosi biologia ca pe un argument pentru excludere, pentru c\u0103 biologia \u00eens\u0103\u0219i ne spune c\u0103 to\u021bi suntem \u00eenrudi\u021bi\u201d.<\/p>\n<p>Pur \u0219i simplu, Radu Banciu nu a folosit biologia ca argument. Punct. Ci cultura.<\/p>\n<p>Ce ne transmite dl. Iordache? \u201eCultura nu este un set de date memorate la geografie sau un accent perfect la conjugarea verbelor. Cultura este un organism viu\u201d.<\/p>\n<p>Ce vorbe\u0219ti domne? Organism viu, \u00een sensul \u00een care se suspend\u0103 orice reper al culturii? Po\u021bi s\u0103 fii francez\/rom\u00e2n\/englez\/spaniol, etc, f\u0103r\u0103 s\u0103 cuno\u0219ti m\u0103car geografia locului? Po\u021bi s\u0103 fii argentinian f\u0103r\u0103 s\u0103 fi dansat o dat\u0103 Tango sau cine a fost Maradona? Po\u021bi s\u0103 fii francez f\u0103r\u0103 s\u0103 \u0219tii cine a fost De Gaulle?<\/p>\n<p>Evident c\u0103 nu. Cultura, \u00een abstract, este un organism viu. Dar \u00een cazul na\u021biunilor, cultura are REPERE clare \u0219i identificabile. Culmea, editorialul lui Iordache vine chiar de <a href=\"https:\/\/r3media.ro\/14-iulie-ziua-nationala-a-frantei\/\" target=\"_blank\" rel=\"noopener\">Ziua Fran\u021bei<\/a>, \u00een care suntem inunda\u021bi de la Paris cu mesaje despre\u2026cultura francez\u0103 \u0219i perenitatea ei!<\/p>\n<p>Dac\u0103 Alain Delon, Jean Gabin, Jean Paul Belmondo sau Brigitte Bardot au fost francezi, care este leg\u0103tura \u2013 dac\u0103 nu cultural\u0103 \u2013 \u00eentre ei \u0219i orice alt cet\u0103\u021bean francez din zilele noastre?<\/p>\n<h2>Libertatea nu e pentru c\u0103\u021bei<\/h2>\n<p>\u0218i ca s\u0103 ne arate c\u00e2t de modern \u0219i luminat este el, Ionu\u021b Iordache ne transmite c\u0103 opinii precum cea a lui Banciu ar cam trebui boicotate, neprezentate publicului, pentru c\u0103 nu-i a\u0219a, suntem prea pro\u0219ti. E nevoie de oameni ca el, lumina\u021bi, ca s\u0103 ne filtreze ce-ar trebui s\u0103 auzim.<\/p>\n<p>\u201eAcum 20 de ani, o asemenea reac\u021bie ar fi fost transformat\u0103 automat \u00een text, f\u0103r\u0103 nicio ezitare etic\u0103. Faptul c\u0103 azi avem aceast\u0103 fr\u00e2n\u0103 intern\u0103 arat\u0103 c\u0103 s-a schimbat ceva.<\/p>\n<p>Dar tot aceast\u0103 discu\u021bie ne-a dovedit c\u0103 mai avem un drum lung p\u00e2n\u0103 s\u0103 \u00een\u021belegem, ca pres\u0103, un lucru simplu: asemenea oameni \u0219i derapaje nu mai trebuie promovate doar pentru c\u0103 sunt scandaloase \u0219i genereaz\u0103 trafic. Ura aduce clickuri, dar ne cost\u0103 prea mult pe to\u021bi\u201d, scrie Iordache.<\/p>\n<p>Ce e cel mai trist? Iordache s-a format \u00eentr-o er\u0103 \u0219i o lume liber\u0103, \u00een care aveai voie s\u0103 ascul\u021bi pe toat\u0103 lumea \u0219i s\u0103 alegi ce e bine. Pe c\u00e2nd era micu\u021b, libertatea era bun\u0103.<\/p>\n<p>S-a v\u0103zut \u0219efu\u021b \u0219i gata, libertatea nu e pentru c\u0103\u021bei.<\/p>\n<p>\u00cen context, poate c\u0103 \u00eentrebarea potrivit\u0103 este alta: Cine este cu-adev\u0103rat liber?<\/p>\n<div class=\"crp_related     crp-masonry\">\n<h2>\u00ceN CONTEXT<\/h2>\n<ul>\n<li><a href=\"https:\/\/r3media.ro\/fara-tine-in-google-r3media-dispare-iata-ce-poti-face-in-10-secunde\/\" class=\"crp_link post-119031\"><span class=\"crp_title\">F\u0103r\u0103 tine \u00een Google, R3media dispare. Iat\u0103 ce po\u021bi face \u00een 10 secunde<\/span><\/a><\/li>\n<li><a href=\"https:\/\/r3media.ro\/stat-de-drept-sau-restaurare-mascata-a-comunismului\/\" class=\"crp_link post-112012\"><span class=\"crp_title\">Stat de drept sau restaurare mascat\u0103 a comunismului?<\/span><\/a><\/li>\n<li><a href=\"https:\/\/r3media.ro\/un-milion-francezi-semnat-petitie-referendum-migratie-scapare-popor-voce-salvare-franta\/\" class=\"crp_link post-113136\"><span class=\"crp_title\">Un milion de francezi au semnat o peti\u021bie care cere referendum privind migra\u021bia: Exist\u0103 o\u2026<\/span><\/a><\/li>\n<li><a href=\"https:\/\/r3media.ro\/cjue-state-membre-verificare-varsta-siteuri-pornografice-ue\/\" class=\"crp_link post-118805\"><span class=\"crp_title\">CJUE: Statele membre pot impune verificarea v\u00e2rstei pe site-urile pornografice din alte \u021b\u0103ri ale UE<\/span><\/a><\/li>\n<li><a href=\"https:\/\/r3media.ro\/fiinta-nationala-a-romanilor-intre-simbol-si-adversitati\/\" class=\"crp_link post-114477\"><span class=\"crp_title\">Fiin\u0163a na\u0163ional\u0103 a rom\u00e2nilor \u2013 \u00eentre simbol \u015fi adversit\u0103\u0163i<\/span><\/a><\/li>\n<li><a href=\"https:\/\/r3media.ro\/laura-codruta-kovesi-jordan-bardella-franta\/\" class=\"crp_link post-116132\"><span class=\"crp_title\">Laura Codru\u021ba Kovesi \u00eencearc\u0103 s\u0103-l blocheze pe Jordan Bardella s\u0103 devin\u0103 pre\u0219edintele Fran\u021bei?<\/span><\/a><\/li>\n<li><a href=\"https:\/\/r3media.ro\/anularea-pastelui-franta-omaenii-munca-luni-deficit-bugetar-invierea-domnului-bani-populatii-straine\/\" class=\"crp_link post-111758\"><span class=\"crp_title\">Se anuleaz\u0103 Pa\u0219tele \u00een Fran\u021ba: Oamenii sunt pu\u0219i s\u0103 munceasc\u0103 Luni, \u00een a doua zi a \u00cenvierii\u2026<\/span><\/a><\/li>\n<li><a href=\"https:\/\/r3media.ro\/razie-birou-x-paris-politie-franta-elite-uniunea-europeana-pumn-gura-oameni-libera-exprimare-retele-sociale\/\" class=\"crp_link post-115032\"><span class=\"crp_title\">Razie a poli\u021biei franceze la birourile X din Paris: Elitele din UE nu \u0219tiu ce s\u0103 mai fac\u0103\u2026<\/span><\/a><\/li>\n<\/ul>\n<\/div>\n<\/div>\n<\/div>\n<div class=\"td_block_wrap tdb_single_tags tdi_19 td-pb-border-top td_block_template_1\" data-td-block-uid=\"tdi_19\">\n<div class=\"tdb-block-inner td-fix-index\">\n<ul class=\"tdb-tags\">\n<li><span>SUBIECTE FIERBIN\u021aI<\/span><\/li>\n<li><a href=\"https:\/\/r3media.ro\/tag\/cupa-mondiala-2026\/\">Cupa Mondiala 2026<\/a><\/li>\n<li><a href=\"https:\/\/r3media.ro\/tag\/franta\/\">franta<\/a><\/li>\n<li><a href=\"https:\/\/r3media.ro\/tag\/identitatea-nationala\/\">identitatea nationala<\/a><\/li>\n<li><a href=\"https:\/\/r3media.ro\/tag\/libertatea-de-exprimare\/\">libertatea de exprimare<\/a><\/li>\n<\/ul>\n<\/div>\n<\/div>\n<div class=\"td_block_wrap td_block_9 tdi_20 td_with_ajax_pagination td-pb-border-top td_block_template_1 td-column-2 td_block_padding td_block_bot_line\" data-td-block-uid=\"tdi_20\">\n<div class=\"td-block-title-wrap\">\n<h4 class=\"block-title td-block-title\"><span class=\"td-pulldown-size\">CITE\u0218TE MAI MULT<\/span><\/h4>\n<\/div>\n<div id=\"tdi_20\" class=\"td_block_inner\">\n<div class=\"td-block-row\">\n<div class=\"td-block-span6\">\n<div class=\"td_module_8 td_module_wrap\">\n<div class=\"item-details\">\n<h3 class=\"entry-title td-module-title\"><a href=\"https:\/\/r3media.ro\/ioan-aurel-pop-lege-vexler-razboi-istoria\/\" rel=\"bookmark\" title=\"Ioan-Aurel Pop critic\u0103 legea Vexler \u00eentr-un articol de neratat: Nu putem s\u0103 ducem un r\u0103zboi cu istoria\">Ioan-Aurel Pop critic\u0103 legea Vexler \u00eentr-un articol de neratat: Nu putem s\u0103 ducem un&#8230;<\/a><\/h3>\n<div class=\"td-module-meta-info\"><a href=\"https:\/\/r3media.ro\/category\/actualitate\/\" class=\"td-post-category\">ACTUALITATE<\/a><span class=\"td-post-author-name\"><a href=\"https:\/\/r3media.ro\/author\/radu_ursan\/\">Radu Ursan<\/a><span>&#8211;<\/span><\/span><span class=\"td-post-date\"><time class=\"entry-date updated td-module-date\" datetime=\"2026-07-12T21:42:54+03:00\">12\/07\/2026<\/time><\/span><\/div>\n<\/div>\n<\/div>\n<\/div>\n<div class=\"td-block-span6\">\n<div class=\"td_module_8 td_module_wrap\">\n<div class=\"item-details\">\n<h3 class=\"entry-title td-module-title\"><a href=\"https:\/\/r3media.ro\/scandalul-rachetelor-patriot-zguduie-polonia-varsovia-declasifica-tot-ajutorul-militar-acordat-ucrainei\/\" rel=\"bookmark\" title=\"Scandalul rachetelor Patriot zguduie Polonia: Var\u0219ovia declasific\u0103 tot ajutorul militar acordat Ucrainei\">Scandalul rachetelor Patriot zguduie Polonia: Var\u0219ovia declasific\u0103 tot ajutorul militar acordat Ucrainei<\/a><\/h3>\n<div class=\"td-module-meta-info\"><a href=\"https:\/\/r3media.ro\/category\/stiri\/\" class=\"td-post-category\">\u0218TIRI<\/a><span class=\"td-post-author-name\"><a href=\"https:\/\/r3media.ro\/author\/radu_ursan\/\">Radu Ursan<\/a><span>&#8211;<\/span><\/span><span class=\"td-post-date\"><time class=\"entry-date updated td-module-date\" datetime=\"2026-07-12T20:43:04+03:00\">12\/07\/2026<\/time><\/span><\/div>\n<\/div>\n<\/div>\n<\/div>\n<\/div>\n<div class=\"td-block-row\">\n<div class=\"td-block-span6\">\n<div class=\"td_module_8 td_module_wrap\">\n<div class=\"item-details\">\n<h3 class=\"entry-title td-module-title\"><a href=\"https:\/\/r3media.ro\/ce-ne-facem-cu-atatia-prosti\/\" rel=\"bookmark\" title=\"Ce ne facem cu at\u00e2\u021bia pro\u0219ti?\">Ce ne facem cu at\u00e2\u021bia pro\u0219ti?<\/a><\/h3>\n<div class=\"td-module-meta-info\"><a href=\"https:\/\/r3media.ro\/category\/opinii\/\" class=\"td-post-category\">OPINII<\/a><span class=\"td-post-author-name\"><a href=\"https:\/\/r3media.ro\/author\/alexandru_racu\/\">Alexandru Racu<\/a><span>&#8211;<\/span><\/span><span class=\"td-post-date\"><time class=\"entry-date updated td-module-date\" datetime=\"2026-07-12T14:11:45+03:00\">12\/07\/2026<\/time><\/span><\/div>\n<\/div>\n<\/div>\n<\/div>\n<div class=\"td-block-span6\">\n<div class=\"td_module_8 td_module_wrap\">\n<div class=\"item-details\">\n<h3 class=\"entry-title td-module-title\"><a href=\"https:\/\/r3media.ro\/guvernul-sanchez-demoleaza-monumentul-de-la-majadahonda-ion-mota-vasile-marin-lupta-rzaboiul-civil-spaniol-comunisti\/\" rel=\"bookmark\" title=\"Guvernul Sanchez demoleaz\u0103 Monumentul de la Majadahonda, dedicat lui Ion Mo\u021ba \u0219i Vasile Marin, rom\u00e2nii care au luptat \u00eempotriva comuni\u0219tilor \u00een R\u0103zboiul Civil Spaniol\">Guvernul Sanchez demoleaz\u0103 Monumentul de la Majadahonda, dedicat lui Ion Mo\u021ba \u0219i Vasile Marin,&#8230;<\/a><\/h3>\n<div class=\"td-module-meta-info\"><a href=\"https:\/\/r3media.ro\/category\/actualitate\/\" class=\"td-post-category\">ACTUALITATE<\/a><span class=\"td-post-author-name\"><a href=\"https:\/\/r3media.ro\/author\/oana\/\">Oana Ivan<\/a><span>&#8211;<\/span><\/span><span class=\"td-post-date\"><time class=\"entry-date updated td-module-date\" datetime=\"2026-07-12T01:11:49+03:00\">12\/07\/2026<\/time><\/span><\/div>\n<\/div>\n<\/div>\n<\/div>\n<\/div>\n<div class=\"td-block-row\">\n<div class=\"td-block-span6\">\n<div class=\"td_module_8 td_module_wrap\">\n<div class=\"item-details\">\n<h3 class=\"entry-title td-module-title\"><a href=\"https:\/\/r3media.ro\/sofer-surpriza-neplacuta-benzinarie-austria-oprit-apa-portbagaj\/\" rel=\"bookmark\" title=\"Un \u0219ofer a avut parte de o surpriz\u0103 nepl\u0103cut\u0103 la benzin\u0103rie dup\u0103 ce a oprit un minut \u0219i 28 de secunde pentru a scoate o sticl\u0103 de ap\u0103 din portbagaj\">Un \u0219ofer a avut parte de o surpriz\u0103 nepl\u0103cut\u0103 la benzin\u0103rie dup\u0103 ce a&#8230;<\/a><\/h3>\n<div class=\"td-module-meta-info\"><a href=\"https:\/\/r3media.ro\/category\/actualitate\/\" class=\"td-post-category\">ACTUALITATE<\/a><span class=\"td-post-author-name\"><a href=\"https:\/\/r3media.ro\/author\/oana\/\">Oana Ivan<\/a><span>&#8211;<\/span><\/span><span class=\"td-post-date\"><time class=\"entry-date updated td-module-date\" datetime=\"2026-07-11T13:00:01+03:00\">11\/07\/2026<\/time><\/span><\/div>\n<\/div>\n<\/div>\n<\/div>\n<div class=\"td-block-span6\">\n<div class=\"td_module_8 td_module_wrap\">\n<div class=\"item-details\">\n<h3 class=\"entry-title td-module-title\"><a href=\"https:\/\/r3media.ro\/o-femeie-mentalitate-femei-moderne-printese-disney\/\" rel=\"bookmark\" title=\"VIDEO | O femeie critic\u0103 mentalitatea femeii moderne care distruge rela\u021bia cu b\u0103rbatul s\u0103u: Suntem crescute \u00een ideea de prin\u021bese, dar nu suntem la Disney\">VIDEO | O femeie critic\u0103 mentalitatea femeii moderne care distruge rela\u021bia cu b\u0103rbatul s\u0103u:&#8230;<\/a><\/h3>\n<div class=\"td-module-meta-info\"><a href=\"https:\/\/r3media.ro\/category\/actualitate\/\" class=\"td-post-category\">ACTUALITATE<\/a><span class=\"td-post-author-name\"><a href=\"https:\/\/r3media.ro\/author\/teodor_stan\/\">Teodor Stan<\/a><span>&#8211;<\/span><\/span><span class=\"td-post-date\"><time class=\"entry-date updated td-module-date\" datetime=\"2026-07-10T12:47:58+03:00\">10\/07\/2026<\/time><\/span><\/div>\n<\/div>\n<\/div>\n<\/div>\n<\/div>\n<div class=\"td-block-row\">\n<div class=\"td-block-span6\">\n<div class=\"td_module_8 td_module_wrap\">\n<div class=\"item-details\">\n<h3 class=\"entry-title td-module-title\"><a href=\"https:\/\/r3media.ro\/cutremur-5-5-grade-scara-richter-resimtit-cehia-slovacia\/\" rel=\"bookmark\" title=\"Cutremur de 5.5 grade pe scara Richter. S-a resim\u021bit \u00een Cehia \u0219i Slovacia\">Cutremur de 5.5 grade pe scara Richter. S-a resim\u021bit \u00een Cehia \u0219i Slovacia<\/a><\/h3>\n<div class=\"td-module-meta-info\"><a href=\"https:\/\/r3media.ro\/category\/actualitate\/\" class=\"td-post-category\">ACTUALITATE<\/a><span class=\"td-post-author-name\"><a href=\"https:\/\/r3media.ro\/author\/oana\/\">Oana Ivan<\/a><span>&#8211;<\/span><\/span><span class=\"td-post-date\"><time class=\"entry-date updated td-module-date\" datetime=\"2026-07-09T20:48:24+03:00\">09\/07\/2026<\/time><\/span><\/div>\n<\/div>\n<\/div>\n<\/div>\n<div class=\"td-block-span6\">\n<div class=\"td_module_8 td_module_wrap\">\n<div class=\"item-details\">\n<h3 class=\"entry-title td-module-title\"><a href=\"https:\/\/r3media.ro\/presedintele-croatiei-interesele-poporului-ursula-von-der-leyen\/\" rel=\"bookmark\" title=\"Pre\u0219edintele Croa\u021biei spune c\u0103 este obligat s\u0103 apere interesele poporului s\u0103u, \u201enu s\u0103 urmez orbe\u0219te trenduri sau s\u0103 repet ca un papagal frazele care \u00eei plac Ursulei von der Leyen\u201d\">Pre\u0219edintele Croa\u021biei spune c\u0103 este obligat s\u0103 apere interesele poporului s\u0103u, \u201enu s\u0103 urmez&#8230;<\/a><\/h3>\n<div class=\"td-module-meta-info\"><a href=\"https:\/\/r3media.ro\/category\/actualitate\/\" class=\"td-post-category\">ACTUALITATE<\/a><span class=\"td-post-author-name\"><a href=\"https:\/\/r3media.ro\/author\/radu_ursan\/\">Radu Ursan<\/a><span>&#8211;<\/span><\/span><span class=\"td-post-date\"><time class=\"entry-date updated td-module-date\" datetime=\"2026-07-08T22:42:08+03:00\">08\/07\/2026<\/time><\/span><\/div>\n<\/div>\n<\/div>\n<\/div>\n<\/div>\n<div class=\"td-block-row\">\n<div class=\"td-block-span6\">\n<div class=\"td_module_8 td_module_wrap\">\n<div class=\"item-details\">\n<h3 class=\"entry-title td-module-title\"><a href=\"https:\/\/r3media.ro\/femeie-cumparat-automobil-electric-mana-a-doua-surpriza-plecat-masina\/\" rel=\"bookmark\" title=\"O femeie care \u0219i-a achizi\u021bionat un automobil electric la m\u00e2na a doua a avut parte de o surpriz\u0103 imediat dup\u0103 ce a plecat cu ma\u0219ina\">O femeie care \u0219i-a achizi\u021bionat un automobil electric la m\u00e2na a doua a avut&#8230;<\/a><\/h3>\n<div class=\"td-module-meta-info\"><a href=\"https:\/\/r3media.ro\/category\/actualitate\/\" class=\"td-post-category\">ACTUALITATE<\/a><span class=\"td-post-author-name\"><a href=\"https:\/\/r3media.ro\/author\/oana\/\">Oana Ivan<\/a><span>&#8211;<\/span><\/span><span class=\"td-post-date\"><time class=\"entry-date updated td-module-date\" datetime=\"2026-07-08T19:56:23+03:00\">08\/07\/2026<\/time><\/span><\/div>\n<\/div>\n<\/div>\n<\/div>\n<div class=\"td-block-span6\">\n<div class=\"td_module_8 td_module_wrap\">\n<div class=\"item-details\">\n<h3 class=\"entry-title td-module-title\"><a href=\"https:\/\/r3media.ro\/lectii-de-inapoiere\/\" rel=\"bookmark\" title=\"Lec\u021bii de \u00eenapoiere\">Lec\u021bii de \u00eenapoiere<\/a><\/h3>\n<div class=\"td-module-meta-info\"><a href=\"https:\/\/r3media.ro\/category\/opinii\/\" class=\"td-post-category\">OPINII<\/a><span class=\"td-post-author-name\"><a href=\"https:\/\/r3media.ro\/author\/tru\/\">TRU (Traian Ungureanu)<\/a><span>&#8211;<\/span><\/span><span class=\"td-post-date\"><time class=\"entry-date updated td-module-date\" datetime=\"2026-07-07T14:50:09+03:00\">07\/07\/2026<\/time><\/span><\/div>\n<\/div>\n<\/div>\n<\/div>\n<\/div>\n<div class=\"td-block-row\">\n<div class=\"td-block-span6\">\n<div class=\"td_module_8 td_module_wrap\">\n<div class=\"item-details\">\n<h3 class=\"entry-title td-module-title\"><a href=\"https:\/\/r3media.ro\/dreptate-pentru-memoria-lui-mircea-vulcanescu\/\" rel=\"bookmark\" title=\"Dreptate pentru memoria lui Mircea Vulc\u0103nescu\">Dreptate pentru memoria lui Mircea Vulc\u0103nescu<\/a><\/h3>\n<div class=\"td-module-meta-info\"><a href=\"https:\/\/r3media.ro\/category\/opinii\/\" class=\"td-post-category\">OPINII<\/a><span class=\"td-post-author-name\"><a href=\"https:\/\/r3media.ro\/author\/bogdan-munteanu\/\">Bogdan Munteanu<\/a><span>&#8211;<\/span><\/span><span class=\"td-post-date\"><time class=\"entry-date updated td-module-date\" datetime=\"2026-07-03T15:27:06+03:00\">03\/07\/2026<\/time><\/span><\/div>\n<\/div>\n<\/div>\n<\/div>\n<div class=\"td-block-span6\">\n<div class=\"td_module_8 td_module_wrap\">\n<div class=\"item-details\">\n<h3 class=\"entry-title td-module-title\"><a href=\"https:\/\/r3media.ro\/un-baietel-de-10-ani-are-nevoie-urgent-de-930-000-de-euro-pentru-a-trai-apelul-parintelui-alexandru-lungu\/\" rel=\"bookmark\" title=\"Un b\u0103ie\u021bel de 10 ani are nevoie URGENT de 930.000 de euro pentru a tr\u0103i. Apelul p\u0103rintelui Alexandru Lungu\">Un b\u0103ie\u021bel de 10 ani are nevoie URGENT de 930.000 de euro pentru a&#8230;<\/a><\/h3>\n<div class=\"td-module-meta-info\"><a href=\"https:\/\/r3media.ro\/category\/actualitate\/\" class=\"td-post-category\">ACTUALITATE<\/a><span class=\"td-post-author-name\"><a href=\"https:\/\/r3media.ro\/author\/redactia\/\">Redac\u021bia<\/a><span>&#8211;<\/span><\/span><span class=\"td-post-date\"><time class=\"entry-date updated td-module-date\" datetime=\"2026-07-01T14:14:11+03:00\">01\/07\/2026<\/time><\/span><\/div>\n<\/div>\n<\/div>\n<\/div>\n<\/div>\n<\/div>\n<div class=\"td-load-more-wrap td-load-more-infinite-wrap\" id=\"infinite-lm-tdi_20\"><a href=\"https:\/\/r3media.ro\/cine-este-cu-adevarat-francez\/\" class=\"td_ajax_load_more td_ajax_load_more_js\" aria-label=\"\u00cenc\u0103rca\u021bi mai multe\" id=\"next-page-tdi_20\" data-td_block_id=\"tdi_20\">\u00cenc\u0103rca\u021bi mai multe<\/a><\/div>\n<\/div>\n<div class=\"td_block_wrap tdb_single_comments tdi_21 tdb-comm-layout2 td-pb-border-top td_block_template_1\" data-td-block-uid=\"tdi_21\">\n<div class=\"tdb-block-inner td-fix-index\">\n<div class=\"comments\" id=\"comments\">\n<div id=\"respond\" class=\"comment-respond\">\n<h3 id=\"reply-title\" class=\"comment-reply-title\">AI CEVA DE SPUS? <small><a rel=\"nofollow\" id=\"cancel-comment-reply-link\" href=\"https:\/\/r3media.ro\/cine-este-cu-adevarat-francez\/#respond\">Renun\u021ba\u021bi la r\u0103spuns<\/a><\/small><\/h3>\n<div class=\"comment-form-input-wrap td-form-comment\">\n<div class=\"td-warning-comment\">V\u0103 rug\u0103m s\u0103 introduce\u021bi comentariul dvs.!<\/div>\n<\/div>\n<div class=\"comment-form-input-wrap td-form-author\">\n<div class=\"td-warning-author\">Introduce\u021bi aici numele dvs.<\/div>\n<\/div>\n<div class=\"comment-form-input-wrap td-form-email\">\n<div class=\"td-warning-email-error\">A\u021bi introdus o adres\u0103 de e-mail incorect\u0103!<\/div>\n<div class=\"td-warning-email\">V\u0103 rug\u0103m s\u0103 introduce\u021bi adresa dvs. de e-mail aici<\/div>\n<\/div>\n<\/div>\n<\/div>\n<\/div>\n<\/div>\n<\/div>\n<\/div>\n<div class=\"vc_column tdi_23  wpb_column vc_column_container tdc-column td-pb-span4 td-is-sticky\">\n<div class=\"wpb_wrapper\" data-sticky-enabled-on=\"W3RydWUsdHJ1ZSx0cnVlLHRydWVd\" data-sticky-offset=\"20\" data-sticky-is-width-auto=\"W2ZhbHNlLGZhbHNlLGZhbHNlLGZhbHNlXQ==\">\n<div class=\"wpb_wrapper td_block_wrap vc_widget_sidebar tdi_25 \">\n<div class=\"td_block_wrap td_block_7 td_block_widget tdi_26 td-pb-border-top td_block_template_1 td-column-1 td_block_padding\" data-td-block-uid=\"tdi_26\">\n<div class=\"td-block-title-wrap\">\n<h4 class=\"block-title td-block-title\"><span class=\"td-pulldown-size\">Articole RELA\u021aIONATE<\/span><\/h4>\n<\/div>\n<div id=\"tdi_26\" class=\"td_block_inner\">\n<div class=\"td-block-span12\">\n<div class=\"td_module_6 td_module_wrap td-animation-stack\">\n<div class=\"td-module-thumb\"><a href=\"https:\/\/r3media.ro\/15-iulie-sfintii-mucenici-chiric-si-iulita-sfantul-vladimir-luminatorul-rusiei\/\" rel=\"bookmark\" class=\"td-image-wrap \" title=\"Calendarul zilei 15 iulie: Sfin\u021bii Mucenici Chiric \u0219i Iulita; Sf\u00e2ntul Vladimir, lumin\u0103torul Rusiei\"><img loading=\"lazy\" decoding=\"async\" class=\"entry-thumb\" src=\"https:\/\/r3media.ro\/wp-content\/uploads\/2022\/07\/sddefault-3-100x70.jpg\" alt title=\"Calendarul zilei 15 iulie: Sfin\u021bii Mucenici Chiric \u0219i Iulita; Sf\u00e2ntul Vladimir, lumin\u0103torul Rusiei\" width=\"100\" height=\"70\"><\/a><\/div>\n<div class=\"item-details\">\n<h3 class=\"entry-title td-module-title\"><a href=\"https:\/\/r3media.ro\/15-iulie-sfintii-mucenici-chiric-si-iulita-sfantul-vladimir-luminatorul-rusiei\/\" rel=\"bookmark\" title=\"Calendarul zilei 15 iulie: Sfin\u021bii Mucenici Chiric \u0219i Iulita; Sf\u00e2ntul Vladimir, lumin\u0103torul Rusiei\">Calendarul zilei 15 iulie: Sfin\u021bii Mucenici Chiric \u0219i Iulita; Sf\u00e2ntul Vladimir,&#8230;<\/a><\/h3>\n<div class=\"td-module-meta-info\"><span class=\"td-post-date\"><time class=\"entry-date updated td-module-date\" datetime=\"2026-07-14T21:00:49+03:00\">14\/07\/2026<\/time><\/span><\/div>\n<\/div>\n<\/div>\n<\/div>\n<div class=\"td-block-span12\">\n<div class=\"td_module_6 td_module_wrap td-animation-stack\">\n<div class=\"td-module-thumb\"><a href=\"https:\/\/r3media.ro\/miercuri-operatie-sambata-pe-plaja-cum-te-ajuta-tehnica-smile-sa-scapi-de-ochelari-cu-laser-chiar-si-vara\/\" rel=\"bookmark\" class=\"td-image-wrap \" title=\"Miercuri opera\u021bie, s\u00e2mb\u0103t\u0103 pe plaj\u0103: cum te ajut\u0103 tehnica SMILE s\u0103 scapi de ochelari cu laser chiar \u0219i vara?\"><img loading=\"lazy\" decoding=\"async\" class=\"entry-thumb\" src=\"https:\/\/r3media.ro\/wp-content\/uploads\/2026\/07\/miercuri_operaie_smbt_pe_plaj_cum_te_ajut_tehnica_smile_s_scapi_de_ochelari_cu_laser_chiar_i_vara-100x70.jpg\" alt title=\"Miercuri opera\u021bie, s\u00e2mb\u0103t\u0103 pe plaj\u0103: cum te ajut\u0103 tehnica SMILE s\u0103 scapi de ochelari cu laser chiar \u0219i vara?\" width=\"100\" height=\"70\"><\/a><\/div>\n<div class=\"item-details\">\n<h3 class=\"entry-title td-module-title\"><a href=\"https:\/\/r3media.ro\/miercuri-operatie-sambata-pe-plaja-cum-te-ajuta-tehnica-smile-sa-scapi-de-ochelari-cu-laser-chiar-si-vara\/\" rel=\"bookmark\" title=\"Miercuri opera\u021bie, s\u00e2mb\u0103t\u0103 pe plaj\u0103: cum te ajut\u0103 tehnica SMILE s\u0103 scapi de ochelari cu laser chiar \u0219i vara?\">Miercuri opera\u021bie, s\u00e2mb\u0103t\u0103 pe plaj\u0103: cum te ajut\u0103 tehnica SMILE s\u0103&#8230;<\/a><\/h3>\n<div class=\"td-module-meta-info\"><span class=\"td-post-date\"><time class=\"entry-date updated td-module-date\" datetime=\"2026-07-14T20:47:04+03:00\">14\/07\/2026<\/time><\/span><\/div>\n<\/div>\n<\/div>\n<\/div>\n<div class=\"td-block-span12\">\n<div class=\"td_module_6 td_module_wrap td-animation-stack\">\n<div class=\"td-module-thumb\"><a href=\"https:\/\/r3media.ro\/rumen-radev-bulgaria-se-retrage-coalitia-de-vointa\/\" rel=\"bookmark\" class=\"td-image-wrap \" title=\"Rumen Radev anun\u021b\u0103 c\u0103 Bulgaria se retrage din \u201eCoali\u021bia de voin\u021b\u0103\u201d: Rezolvarea conflictului st\u0103 \u00een diploma\u021bie, nu \u00een mijloace militare\"><img loading=\"lazy\" decoding=\"async\" class=\"entry-thumb\" src=\"https:\/\/r3media.ro\/wp-content\/uploads\/2026\/07\/rumen-radev-bulgariaa-100x70.jpg\" alt title=\"Rumen Radev anun\u021b\u0103 c\u0103 Bulgaria se retrage din \u201eCoali\u021bia de voin\u021b\u0103\u201d: Rezolvarea conflictului st\u0103 \u00een diploma\u021bie, nu \u00een mijloace militare\" width=\"100\" height=\"70\"><\/a><\/div>\n<div class=\"item-details\">\n<h3 class=\"entry-title td-module-title\"><a href=\"https:\/\/r3media.ro\/rumen-radev-bulgaria-se-retrage-coalitia-de-vointa\/\" rel=\"bookmark\" title=\"Rumen Radev anun\u021b\u0103 c\u0103 Bulgaria se retrage din \u201eCoali\u021bia de voin\u021b\u0103\u201d: Rezolvarea conflictului st\u0103 \u00een diploma\u021bie, nu \u00een mijloace militare\">Rumen Radev anun\u021b\u0103 c\u0103 Bulgaria se retrage din \u201eCoali\u021bia de voin\u021b\u0103\u201d:&#8230;<\/a><\/h3>\n<div class=\"td-module-meta-info\"><span class=\"td-post-date\"><time class=\"entry-date updated td-module-date\" datetime=\"2026-07-14T15:03:40+03:00\">14\/07\/2026<\/time><\/span><\/div>\n<\/div>\n<\/div>\n<\/div>\n<div class=\"td-block-span12\">\n<div class=\"td_module_6 td_module_wrap td-animation-stack\">\n<div class=\"td-module-thumb\"><a href=\"https:\/\/r3media.ro\/cazul-pasca-sau-cine-a-tras-in-noi-dupa-22\/\" rel=\"bookmark\" class=\"td-image-wrap \" title=\"Cazul Pa\u0219ca sau \u201ecine-a tras \u00een noi, dup\u0103 22\u201d\"><img loading=\"lazy\" decoding=\"async\" class=\"entry-thumb\" src=\"https:\/\/r3media.ro\/wp-content\/uploads\/2021\/07\/apa-otravita-sibiu-timisoara-decembrie-1989-100x70.jpg\" alt title=\"Cazul Pa\u0219ca sau \u201ecine-a tras \u00een noi, dup\u0103 22\u201d\" width=\"100\" height=\"70\"><\/a><\/div>\n<div class=\"item-details\">\n<h3 class=\"entry-title td-module-title\"><a href=\"https:\/\/r3media.ro\/cazul-pasca-sau-cine-a-tras-in-noi-dupa-22\/\" rel=\"bookmark\" title=\"Cazul Pa\u0219ca sau \u201ecine-a tras \u00een noi, dup\u0103 22\u201d\">Cazul Pa\u0219ca sau \u201ecine-a tras \u00een noi, dup\u0103 22\u201d<\/a><\/h3>\n<div class=\"td-module-meta-info\"><span class=\"td-post-date\"><time class=\"entry-date updated td-module-date\" datetime=\"2026-07-14T14:44:27+03:00\">14\/07\/2026<\/time><\/span><\/div>\n<\/div>\n<\/div>\n<\/div>\n<div class=\"td-block-span12\">\n<div class=\"td_module_6 td_module_wrap td-animation-stack\">\n<div class=\"td-module-thumb\"><a href=\"https:\/\/r3media.ro\/guvernul-obligat-ajutor-militar-ucraina\/\" rel=\"bookmark\" class=\"td-image-wrap \" title=\"Guvernul, obligat \u00een instan\u0163\u0103 s\u0103 spun\u0103 \u00een ce hot\u0103r\u00e2ri se ascunde ajutorul militar dat Ucrainei. Nu \u015fi c\u00e2t valoreaz\u0103\"><img loading=\"lazy\" decoding=\"async\" class=\"entry-thumb\" src=\"https:\/\/r3media.ro\/wp-content\/uploads\/2024\/03\/patriot-1536x865-1-100x70.webp\" alt title=\"Guvernul, obligat \u00een instan\u0163\u0103 s\u0103 spun\u0103 \u00een ce hot\u0103r\u00e2ri se ascunde ajutorul militar dat Ucrainei. Nu \u015fi c\u00e2t valoreaz\u0103\" width=\"100\" height=\"70\"><\/a><\/div>\n<div class=\"item-details\">\n<h3 class=\"entry-title td-module-title\"><a href=\"https:\/\/r3media.ro\/guvernul-obligat-ajutor-militar-ucraina\/\" rel=\"bookmark\" title=\"Guvernul, obligat \u00een instan\u0163\u0103 s\u0103 spun\u0103 \u00een ce hot\u0103r\u00e2ri se ascunde ajutorul militar dat Ucrainei. Nu \u015fi c\u00e2t valoreaz\u0103\">Guvernul, obligat \u00een instan\u0163\u0103 s\u0103 spun\u0103 \u00een ce hot\u0103r\u00e2ri se ascunde&#8230;<\/a><\/h3>\n<div class=\"td-module-meta-info\"><span class=\"td-post-date\"><time class=\"entry-date updated td-module-date\" datetime=\"2026-07-14T13:00:34+03:00\">14\/07\/2026<\/time><\/span><\/div>\n<\/div>\n<\/div>\n<\/div>\n<div class=\"td-block-span12\">\n<div class=\"td_module_6 td_module_wrap td-animation-stack\">\n<div class=\"td-module-thumb\"><a href=\"https:\/\/r3media.ro\/angajata-viorel-pasca-mascati-bolnavi\/\" rel=\"bookmark\" class=\"td-image-wrap \" title=\"O angajat\u0103 a lui Viorel Pa\u0219ca acuz\u0103: Masca\u0163ii nu m-or l\u0103sat s\u0103-l schimb pe bolnav, at\u00e2tea ore, ca s\u0103 poat\u0103 face poze\"><img loading=\"lazy\" decoding=\"async\" class=\"entry-thumb\" src=\"https:\/\/r3media.ro\/wp-content\/uploads\/2026\/07\/diicot-viorel-pasca-100x70.jpg\" alt title=\"O angajat\u0103 a lui Viorel Pa\u0219ca acuz\u0103: Masca\u0163ii nu m-or l\u0103sat s\u0103-l schimb pe bolnav, at\u00e2tea ore, ca s\u0103 poat\u0103 face poze\" width=\"100\" height=\"70\"><\/a><\/div>\n<div class=\"item-details\">\n<h3 class=\"entry-title td-module-title\"><a href=\"https:\/\/r3media.ro\/angajata-viorel-pasca-mascati-bolnavi\/\" rel=\"bookmark\" title=\"O angajat\u0103 a lui Viorel Pa\u0219ca acuz\u0103: Masca\u0163ii nu m-or l\u0103sat s\u0103-l schimb pe bolnav, at\u00e2tea ore, ca s\u0103 poat\u0103 face poze\">O angajat\u0103 a lui Viorel Pa\u0219ca acuz\u0103: Masca\u0163ii nu m-or l\u0103sat&#8230;<\/a><\/h3>\n<div class=\"td-module-meta-info\"><span class=\"td-post-date\"><time class=\"entry-date updated td-module-date\" datetime=\"2026-07-14T11:55:55+03:00\">14\/07\/2026<\/time><\/span><\/div>\n<\/div>\n<\/div>\n<\/div>\n<div class=\"td-block-span12\">\n<div class=\"td_module_6 td_module_wrap td-animation-stack\">\n<div class=\"td-module-thumb\"><a href=\"https:\/\/r3media.ro\/bulgaria-cosmonaut-alexander-alexandrov\/\" rel=\"bookmark\" class=\"td-image-wrap \" title=\"Bulgaria \u0219i-a luat r\u0103mas-bun de la al doilea cosmonaut al s\u0103u. Alexander Alexandrov, condus pe ultimul drum la Sofia\"><img loading=\"lazy\" decoding=\"async\" class=\"entry-thumb\" src=\"https:\/\/r3media.ro\/wp-content\/uploads\/2026\/07\/bulgaria-cosmonaut-100x70.jpg\" alt title=\"Bulgaria \u0219i-a luat r\u0103mas-bun de la al doilea cosmonaut al s\u0103u. Alexander Alexandrov, condus pe ultimul drum la Sofia\" width=\"100\" height=\"70\"><\/a><\/div>\n<div class=\"item-details\">\n<h3 class=\"entry-title td-module-title\"><a href=\"https:\/\/r3media.ro\/bulgaria-cosmonaut-alexander-alexandrov\/\" rel=\"bookmark\" title=\"Bulgaria \u0219i-a luat r\u0103mas-bun de la al doilea cosmonaut al s\u0103u. Alexander Alexandrov, condus pe ultimul drum la Sofia\">Bulgaria \u0219i-a luat r\u0103mas-bun de la al doilea cosmonaut al s\u0103u&#8230;.<\/a><\/h3>\n<div class=\"td-module-meta-info\"><span class=\"td-post-date\"><time class=\"entry-date updated td-module-date\" datetime=\"2026-07-14T10:49:11+03:00\">14\/07\/2026<\/time><\/span><\/div>\n<\/div>\n<\/div>\n<\/div>\n<\/div>\n<\/div>\n<aside class=\"td_block_template_1 widget widget_recent_comments\">\n<h4 class=\"block-title\"><span>INTR\u0102 \u00ceN DISCU\u021aIE!<\/span><\/h4>\n<ul id=\"recentcomments\">\n<li class=\"recentcomments\"><span class=\"comment-author-link\">Mihaela<\/span> la <a href=\"https:\/\/r3media.ro\/ilie-bolojan-alegeri-anticipate\/#comment-40272\">Ilie Bolojan ia \u00een calcul organizarea alegerilor anticipate: Mai devreme sau mai t\u00e2rziu, s\u0103 ne \u00eentoarcem la judecata cet\u0103\u0163enilor<\/a><\/li>\n<li class=\"recentcomments\"><span class=\"comment-author-link\">Kh-47M2 Kinzhal<\/span> la <a href=\"https:\/\/r3media.ro\/premiera-mondiala-robot-transportat-barca-lupta-razboi-ucraina-video\/#comment-40271\">VIDEO | Premier\u0103 mondial\u0103! Un robot cu inteligen\u021b\u0103 artificial\u0103 transportat de o barc\u0103 lupt\u0103 \u00een r\u0103zboiul din Ucraina<\/a><\/li>\n<li class=\"recentcomments\"><span class=\"comment-author-link\">Constantin<\/span> la <a href=\"https:\/\/r3media.ro\/ambasadorul-germaniei-la-chisinau-revine-nu-a-fost-intentia-mea-sa-pun-sub-semnul-intrebarii-unitatea-chestiunii-romanesti-sau-a-credintei-crestin-ortodoxe\/#comment-40270\">Ambasadorul Germaniei la Chi\u0219in\u0103u revine: Nu a fost inten\u0163ia mea s\u0103 pun sub semnul \u00eentreb\u0103rii unitatea chestiunii rom\u00e2ne\u015fti sau a credin\u0163ei cre\u015ftin ortodoxe<\/a><\/li>\n<li class=\"recentcomments\"><span class=\"comment-author-link\">Narcis<\/span> la <a href=\"https:\/\/r3media.ro\/actorul-ioan-isaiu-a-facut-infarct-si-a-murit-in-fata-colegilor-sai-bou-vaccinat-anti-covid-19\/#comment-40269\">Actorul Ioan Isaiu a f\u0103cut infarct \u0219i a murit \u00een fa\u021ba colegilor s\u0103i: Am fost bou c\u0103 m-am vaccinat \u0219i v-am blocat pe cei care \u00eemi era\u021bi prieteni<\/a><\/li>\n<li class=\"recentcomments\"><span class=\"comment-author-link\">Haleu<\/span> la <a href=\"https:\/\/r3media.ro\/romania-si-slovenia-singurele-state-din-est-care-s-au-alaturat-sua-in-condamnarea-chinei-intr-o-speta-de-acum-10-ani\/#comment-40268\">Rom\u00e2nia \u0219i Slovenia, singurele state din Est care s-au al\u0103turat SUA \u00een condamnarea Chinei \u00eentr-o spe\u021b\u0103 de acum 10 ani<\/a><\/li>\n<li class=\"recentcomments\"><span class=\"comment-author-link\">Eu<\/span> la <a href=\"https:\/\/r3media.ro\/guvernul-sanchez-demoleaza-monumentul-de-la-majadahonda-ion-mota-vasile-marin-lupta-rzaboiul-civil-spaniol-comunisti\/#comment-40267\">Guvernul Sanchez demoleaz\u0103 Monumentul de la Majadahonda, dedicat lui Ion Mo\u021ba \u0219i Vasile Marin, rom\u00e2nii care au luptat \u00eempotriva comuni\u0219tilor \u00een R\u0103zboiul Civil Spaniol<\/a><\/li>\n<li class=\"recentcomments\"><span class=\"comment-author-link\">Constantin<\/span> la <a href=\"https:\/\/r3media.ro\/guvernul-sanchez-demoleaza-monumentul-de-la-majadahonda-ion-mota-vasile-marin-lupta-rzaboiul-civil-spaniol-comunisti\/#comment-40266\">Guvernul Sanchez demoleaz\u0103 Monumentul de la Majadahonda, dedicat lui Ion Mo\u021ba \u0219i Vasile Marin, rom\u00e2nii care au luptat \u00eempotriva comuni\u0219tilor \u00een R\u0103zboiul Civil Spaniol<\/a><\/li>\n<\/ul>\n<\/aside>\n<aside class=\"td_block_template_1 widget widget_search\">\n<h4 class=\"block-title\"><span>CAUT\u0102 \u0218I VEI G\u0102SI<\/span><\/h4>\n<\/aside>\n<\/div>\n<\/div>\n<\/div>\n<\/div>\n<\/div>\n<\/div>\n<\/div>\n<p><span class=\"td-page-meta\"><\/span><span class=\"td-page-meta\"><span class=\"td-page-meta\"><\/span><\/span><span class=\"td-page-meta\"><\/span><\/article>\n<\/p>\n<div class=\"td_block_wrap tdb_single_content tdi_18 td-pb-border-top td_block_template_1 td-post-content tagdiv-type\" data-td-block-uid=\"tdi_18\">\n<div class=\"tdb-block-inner td-fix-index\">\n<p><strong>Acesta este titlul <a href=\"https:\/\/www.gsp.ro\/opinii\/editorial-ionut-iordache-cine-este-cu-adevarat-francez-960474.html\" target=\"_blank\" rel=\"noopener\">articolului<\/a> din Gazeta Sporturilor scris de dl. Ionu\u021b Iordache, \u00een care acesta \u00eencearc\u0103 s\u0103 demonteze o afirma\u021bie a jurnalistului Radu Banciu despre echipa na\u021bional\u0103 a Fran\u021bei.<\/strong><\/p>\n<p>Dl. Banciu <a href=\"https:\/\/www.youtube.com\/watch?v=EhvrU_-F7EY&amp;time_continue=2355&amp;source_ve_path=MjM4NTE&amp;embeds_referring_euri=https%3A%2F%2Fwww.gsp.ro%2F\" target=\"_blank\" rel=\"noopener\">afirmase<\/a> despre actuala echip\u0103 na\u021bional\u0103 a Fran\u021bei c\u0103: Bine\u00een\u021beles c\u0103 nu sunt francezi \u0219i s\u0103 stea lini\u0219ti\u021bi, nu vor fi niciodat\u0103. Nu poate s\u0103 fie taic\u0103-tu camerunez \u0219i maic\u0103-ta algerianc\u0103 \u0219i tu s\u0103 te pretinzi francez. Nu vei fi niciodat\u0103.<\/p>\n<p>A\u0219a \u0219i aici, nu po\u021bi s\u0103 vii s\u0103 te pretinzi francez c\u00e2nd ai t\u0103i sunt n\u0103scu\u021bi \u00een Africa sau Africa Ecuatorial\u0103. Sigur c\u0103 nu e\u0219ti francez, dar ai dreptul s\u0103 reprezin\u021bi na\u021bionala Fran\u021bei f\u0103r\u0103 nicio problem\u0103.<\/p>\n<p>Da m\u0103, nu sunte\u021bi francezi, evident c\u0103 nu. Noi suntem mai francezi dec\u00e2t voi. Eu, de exemplu, sunt mai francez dec\u00e2t foarte mul\u021bi negri din na\u021bionala Fran\u021bei.<\/p>\n<p>\u0102ia nu \u0219tiu s\u0103 scrie \u00een limba francez\u0103, nu \u0219tiu s\u0103 vorbeasc\u0103 \u00een limba francez\u0103, nu \u0219tiu cultura francez\u0103, geografia \u0219i istoria Fran\u021bei. Ei nu sunt francezi, dar au voie s\u0103 joace pentru na\u021bionala Fran\u021bei. Nu-i \u00eempiedic\u0103 nimic. Nicio lege din lumea asta nu poate s\u0103-l \u00eempiedice pe Upamecano s\u0103 joace pentru Fran\u021ba\u201d.<\/p>\n<h2>C\u00e2nd te lup\u021bi cu argumente de paie, inventate<\/h2>\n<p>\u00cen r\u0103spunsul s\u0103u, Ionu\u021b Iordache \u00een\u0219ir\u0103 o gr\u0103mad\u0103 de motive pentru care, \u00een opinia sa, Banciu gre\u0219e\u0219te.<\/p>\n<p>Bine\u00een\u021beles, a ap\u0103rut inevitabil referin\u021ba la ras\u0103. Iordache sus\u021bine c\u0103 nu ADN-ul te face francez \u0219i afirm\u0103, nici mai mult, nici mai pu\u021bin c\u0103: \u201eRadu Banciu, la fel ca Upamecano, la fel ca tine \u0219i ca mine, are str\u0103mo\u0219i africani. Are str\u0103mo\u0219i \u00een Orientul Mijlociu. Are str\u0103mo\u0219i peste tot. A-i nega unui om apartenen\u021ba la o na\u021biune pe baza unui ADN perceput ca fiind \u201estr\u0103in\u201d \u00eenseamn\u0103 a ignora faptul c\u0103 to\u021bi suntem, genetic vorbind, ni\u0219te meti\u0219i ai istoriei\u201d.<\/p>\n<p>Doar c\u0103 Radu Banciu NU a adus \u00een discu\u021bie biologia sau ADN-ul persoanelor, ci CULTURA acestora.<\/p>\n<p>Cu alte cuvinte, a\u0219a cum fac mul\u021bi dintre a\u0219a-zi\u0219ii liberali ai zilelor noastre, Ionu\u021b Iordache nu se confrunt\u0103 cu ce a spus Radu Banciu, ci cu un om de paie, cu altceva.<\/p>\n<p>Pentru oricine cite\u0219te\u00a0 sau ascult\u0103 ce-a zis Banciu, este evident c\u0103 nu se refer\u0103 la biologie, ci la CULTUR\u0102.<\/p>\n<p>Ceea ce te face francez, rom\u00e2n sau italian nu este biologia, ci CULTURA ta. Ceea ce-\u021bi asumi, nu ceea ce \u021bi se d\u0103.<\/p>\n<p>Banciu \u2013 un filofrancez fanatic \u2013 a observat doar c\u0103 ace\u0219ti juc\u0103tori francezi sunt doar N\u0102SCU\u021aI \u00een Fran\u021ba, dar nu au asimilat nimic din cultura francez\u0103.<\/p>\n<p>\u201eNu poate s\u0103 fie taic\u0103-tu camerunez \u0219i maic\u0103-ta algerianc\u0103 \u0219i tu s\u0103 te pretinzi francez\u201d. Care e gre\u0219eala? Ce au \u00een comun cultura camerunez\u0103, cea algerian\u0103 \u0219i cea francez\u0103? Foarte pu\u021bin. Dac\u0103 ar fi fost identice, Camerun \u0219i Algeria ar\u0103tau precum Fran\u021ba. Dar nu este a\u0219a \u0219i nici nu va fi prea cur\u00e2nd.<\/p>\n<p>Asta spune Banciu \u0219i este evident c\u0103 nu gre\u0219e\u0219te.<\/p>\n<h2>Cultura francez\u0103 exist\u0103 sau nu exist\u0103?<\/h2>\n<p>Cum r\u0103spunde Ionu\u021b Iordache? (Unul dintre \u0219efii editoriali de la GSP)<\/p>\n<p>\u201e\u00cen 2026, pur \u0219i simplu nu mai putem folosi biologia ca pe un argument pentru excludere, pentru c\u0103 biologia \u00eens\u0103\u0219i ne spune c\u0103 to\u021bi suntem \u00eenrudi\u021bi\u201d.<\/p>\n<p>Pur \u0219i simplu, Radu Banciu nu a folosit biologia ca argument. Punct. Ci cultura.<\/p>\n<p>Ce ne transmite dl. Iordache? \u201eCultura nu este un set de date memorate la geografie sau un accent perfect la conjugarea verbelor. Cultura este un organism viu\u201d.<\/p>\n<p>Ce vorbe\u0219ti domne? Organism viu, \u00een sensul \u00een care se suspend\u0103 orice reper al culturii? Po\u021bi s\u0103 fii francez\/rom\u00e2n\/englez\/spaniol, etc, f\u0103r\u0103 s\u0103 cuno\u0219ti m\u0103car geografia locului? Po\u021bi s\u0103 fii argentinian f\u0103r\u0103 s\u0103 fi dansat o dat\u0103 Tango sau cine a fost Maradona? Po\u021bi s\u0103 fii francez f\u0103r\u0103 s\u0103 \u0219tii cine a fost De Gaulle?<\/p>\n<p>Evident c\u0103 nu. Cultura, \u00een abstract, este un organism viu. Dar \u00een cazul na\u021biunilor, cultura are REPERE clare \u0219i identificabile. Culmea, editorialul lui Iordache vine chiar de <a href=\"https:\/\/r3media.ro\/14-iulie-ziua-nationala-a-frantei\/\" target=\"_blank\" rel=\"noopener\">Ziua Fran\u021bei<\/a>, \u00een care suntem inunda\u021bi de la Paris cu mesaje despre\u2026cultura francez\u0103 \u0219i perenitatea ei!<\/p>\n<p>Dac\u0103 Alain Delon, Jean Gabin, Jean Paul Belmondo sau Brigitte Bardot au fost francezi, care este leg\u0103tura \u2013 dac\u0103 nu cultural\u0103 \u2013 \u00eentre ei \u0219i orice alt cet\u0103\u021bean francez din zilele noastre?<\/p>\n<h2>Libertatea nu e pentru c\u0103\u021bei<\/h2>\n<p>\u0218i ca s\u0103 ne arate c\u00e2t de modern \u0219i luminat este el, Ionu\u021b Iordache ne transmite c\u0103 opinii precum cea a lui Banciu ar cam trebui boicotate, neprezentate publicului, pentru c\u0103 nu-i a\u0219a, suntem prea pro\u0219ti. E nevoie de oameni ca el, lumina\u021bi, ca s\u0103 ne filtreze ce-ar trebui s\u0103 auzim.<\/p>\n<p>\u201eAcum 20 de ani, o asemenea reac\u021bie ar fi fost transformat\u0103 automat \u00een text, f\u0103r\u0103 nicio ezitare etic\u0103. Faptul c\u0103 azi avem aceast\u0103 fr\u00e2n\u0103 intern\u0103 arat\u0103 c\u0103 s-a schimbat ceva.<\/p>\n<p>Dar tot aceast\u0103 discu\u021bie ne-a dovedit c\u0103 mai avem un drum lung p\u00e2n\u0103 s\u0103 \u00een\u021belegem, ca pres\u0103, un lucru simplu: asemenea oameni \u0219i derapaje nu mai trebuie promovate doar pentru c\u0103 sunt scandaloase \u0219i genereaz\u0103 trafic. Ura aduce clickuri, dar ne cost\u0103 prea mult pe to\u021bi\u201d, scrie Iordache.<\/p>\n<p>Ce e cel mai trist? Iordache s-a format \u00eentr-o er\u0103 \u0219i o lume liber\u0103, \u00een care aveai voie s\u0103 ascul\u021bi pe toat\u0103 lumea \u0219i s\u0103 alegi ce e bine. Pe c\u00e2nd era micu\u021b, libertatea era bun\u0103.<\/p>\n<p>S-a v\u0103zut \u0219efu\u021b \u0219i gata, libertatea nu e pentru c\u0103\u021bei.<\/p>\n<p>\u00cen context, poate c\u0103 \u00eentrebarea potrivit\u0103 este alta: Cine este cu-adev\u0103rat liber?<\/p>\n<div class=\"crp_related     crp-masonry\">\n<h2>\u00ceN CONTEXT<\/h2>\n<ul>\n<li><a href=\"https:\/\/r3media.ro\/fara-tine-in-google-r3media-dispare-iata-ce-poti-face-in-10-secunde\/\" class=\"crp_link post-119031\"><span class=\"crp_title\">F\u0103r\u0103 tine \u00een Google, R3media dispare. Iat\u0103 ce po\u021bi face \u00een 10 secunde<\/span><\/a><\/li>\n<li><a href=\"https:\/\/r3media.ro\/stat-de-drept-sau-restaurare-mascata-a-comunismului\/\" class=\"crp_link post-112012\"><span class=\"crp_title\">Stat de drept sau restaurare mascat\u0103 a comunismului?<\/span><\/a><\/li>\n<li><a href=\"https:\/\/r3media.ro\/un-milion-francezi-semnat-petitie-referendum-migratie-scapare-popor-voce-salvare-franta\/\" class=\"crp_link post-113136\"><span class=\"crp_title\">Un milion de francezi au semnat o peti\u021bie care cere referendum privind migra\u021bia: Exist\u0103 o\u2026<\/span><\/a><\/li>\n<li><a href=\"https:\/\/r3media.ro\/cjue-state-membre-verificare-varsta-siteuri-pornografice-ue\/\" class=\"crp_link post-118805\"><span class=\"crp_title\">CJUE: Statele membre pot impune verificarea v\u00e2rstei pe site-urile pornografice din alte \u021b\u0103ri ale UE<\/span><\/a><\/li>\n<li><a href=\"https:\/\/r3media.ro\/fiinta-nationala-a-romanilor-intre-simbol-si-adversitati\/\" class=\"crp_link post-114477\"><span class=\"crp_title\">Fiin\u0163a na\u0163ional\u0103 a rom\u00e2nilor \u2013 \u00eentre simbol \u015fi adversit\u0103\u0163i<\/span><\/a><\/li>\n<li><a href=\"https:\/\/r3media.ro\/laura-codruta-kovesi-jordan-bardella-franta\/\" class=\"crp_link post-116132\"><span class=\"crp_title\">Laura Codru\u021ba Kovesi \u00eencearc\u0103 s\u0103-l blocheze pe Jordan Bardella s\u0103 devin\u0103 pre\u0219edintele Fran\u021bei?<\/span><\/a><\/li>\n<li><a href=\"https:\/\/r3media.ro\/anularea-pastelui-franta-omaenii-munca-luni-deficit-bugetar-invierea-domnului-bani-populatii-straine\/\" class=\"crp_link post-111758\"><span class=\"crp_title\">Se anuleaz\u0103 Pa\u0219tele \u00een Fran\u021ba: Oamenii sunt pu\u0219i s\u0103 munceasc\u0103 Luni, \u00een a doua zi a \u00cenvierii\u2026<\/span><\/a><\/li>\n<li><a href=\"https:\/\/r3media.ro\/razie-birou-x-paris-politie-franta-elite-uniunea-europeana-pumn-gura-oameni-libera-exprimare-retele-sociale\/\" class=\"crp_link post-115032\"><span class=\"crp_title\">Razie a poli\u021biei franceze la birourile X din Paris: Elitele din UE nu \u0219tiu ce s\u0103 mai fac\u0103\u2026<\/span><\/a><\/li>\n<\/ul>\n<\/div>\n<\/div>\n<\/div>\n<p>[analyse_source url=&#8221;https:\/\/r3media.ro\/cine-este-cu-adevarat-francez\/&#8221;]<\/p>\n","protected":false},"excerpt":{"rendered":"<p>[analyse_image type=&#8221;featured&#8221; src=&#8221;https:\/\/r3media.ro\/wp-content\/uploads\/2026\/07\/jucatori-nationala-frantei-e1784098584613.jpghttps:\/\/r3media.ro\/wp-content\/uploads\/2026\/07\/jucatori-nationala-frantei-e1784098584613.jpg&#8221;] SPORTCUPA MONDIALA 2026 AMERICACine este cu adev\u0103rat francez? FEATUREDOPINIISPORTCUPA MONDIALA 2026 AMERICA\u0218TIRI Cine este cu adev\u0103rat francez? Gabriel Popa 15\/07\/2026 Sursa foto: Jucatori francezi la reunirea lotului\/ Beinsports Acesta este titlul articolului din Gazeta Sporturilor scris de dl. Ionu\u021b Iordache, \u00een care acesta \u00eencearc\u0103 s\u0103 demonteze o afirma\u021bie a jurnalistului Radu Banciu [&hellip;]<\/p>\n","protected":false},"author":1,"featured_media":0,"comment_status":"open","ping_status":"","sticky":false,"template":"","format":"standard","meta":{"footnotes":""},"categories":[89],"tags":[226,93],"class_list":["post-2044294","post","type-post","status-publish","format-standard","hentry","category-romania","tag-crawlmanager","tag-r3media-ro"],"_links":{"self":[{"href":"https:\/\/analyse.optim.biz\/index.php?rest_route=\/wp\/v2\/posts\/2044294","targetHints":{"allow":["GET"]}}],"collection":[{"href":"https:\/\/analyse.optim.biz\/index.php?rest_route=\/wp\/v2\/posts"}],"about":[{"href":"https:\/\/analyse.optim.biz\/index.php?rest_route=\/wp\/v2\/types\/post"}],"author":[{"embeddable":true,"href":"https:\/\/analyse.optim.biz\/index.php?rest_route=\/wp\/v2\/users\/1"}],"replies":[{"embeddable":true,"href":"https:\/\/analyse.optim.biz\/index.php?rest_route=%2Fwp%2Fv2%2Fcomments&post=2044294"}],"version-history":[{"count":0,"href":"https:\/\/analyse.optim.biz\/index.php?rest_route=\/wp\/v2\/posts\/2044294\/revisions"}],"wp:attachment":[{"href":"https:\/\/analyse.optim.biz\/index.php?rest_route=%2Fwp%2Fv2%2Fmedia&parent=2044294"}],"wp:term":[{"taxonomy":"category","embeddable":true,"href":"https:\/\/analyse.optim.biz\/index.php?rest_route=%2Fwp%2Fv2%2Fcategories&post=2044294"},{"taxonomy":"post_tag","embeddable":true,"href":"https:\/\/analyse.optim.biz\/index.php?rest_route=%2Fwp%2Fv2%2Ftags&post=2044294"}],"curies":[{"name":"wp","href":"https:\/\/api.w.org\/{rel}","templated":true}]}}