{"id":2044172,"date":"2026-07-15T06:00:30","date_gmt":"2026-07-15T03:00:30","guid":{"rendered":"https:\/\/analyse.optim.biz\/?p=2044172"},"modified":"2026-07-15T06:00:30","modified_gmt":"2026-07-15T03:00:30","slug":"contabilii-din-tulcea-si-au-sarbatorit-ziua-ceccar-a-premiat-cei-mai-buni-profesionisti-ziarul","status":"publish","type":"post","link":"https:\/\/analyse.optim.biz\/?p=2044172","title":{"rendered":"Contabilii din Tulcea \u015fi-au s\u0103rb\u0103torit ziua: CECCAR a premiat cei mai buni profesioni\u015fti. Ziarul"},"content":{"rendered":"<p>[analyse_image type=&#8221;featured&#8221; src=&#8221;https:\/\/ziaruldelta.ro\/wp-content\/uploads\/2026\/07\/Contabilii-e1784049946351.jpg&#8221;]<\/p>\n<article id=\"post-37466\" class=\"module single-post-module post-37466 post type-post status-publish format-standard has-post-thumbnail hentry category-actualitate et-has-post-format-content et_post_format-et-post-format-standard\">\n<div class=\"post-header\">\n<h1 class=\"entry-title\">Contabilii din Tulcea \u015fi-au s\u0103rb\u0103torit ziua: CECCAR a premiat cei mai buni profesioni\u015fti. Ziarul \u201eDelta\u201d a primit Premiul pentru dialog \u00een comunitate<\/h1>\n<div class=\"post-meta vcard\">\n<p>Posted by <a href=\"https:\/\/ziaruldelta.ro\/author\/nicoleta-urmuz\/\" class=\"url fn\" title=\"Posts by Nicoleta URMUZ\" rel=\"author\">Nicoleta URMUZ<\/a> | <span class=\"updated\">Jul 15, 2026<\/span> | <a href=\"https:\/\/ziaruldelta.ro\/category\/actualitate\/\" rel=\"tag\">Actualitate<\/a> | <\/p>\n<\/div>\n<\/div>\n<div class=\"post-thumbnail header\"><img decoding=\"async\" src=\"https:\/\/ziaruldelta.ro\/wp-content\/uploads\/2026\/07\/Contabilii-1280x640.jpg\" alt=\"Contabilii din Tulcea \u015fi-au s\u0103rb\u0103torit ziua: CECCAR a premiat cei mai buni profesioni\u015fti. Ziarul \u201eDelta\u201d a primit Premiul pentru dialog \u00een comunitate\"><\/div>\n<div class=\"post-wrap\">\n<div class=\"post-content entry-content\">\n<p>Corpul Exper\u0163ilor Contabili \u015fi Contabililor Autoriza\u0163i din Rom\u00e2nia (CECCAR), Filiala Tulcea, a s\u0103rb\u0103torit luni, 13 iulie, cea de-a XXII-a edi\u0163ie a Zilei Na\u0163ionale a Contabilului Rom\u00e2n, \u00een cadrul unui eveniment desf\u0103\u015furat la Hotel \u201eDelta\u201d, \u00een Sala \u201eToma Caragiu\u201d. Aproximativ 60 de contabili din jude\u0163 au participat la manifestare, al\u0103turi de reprezentan\u0163i ai institu\u0163iilor publice \u015fi ai mediului de afaceri, pentru a celebra profesia contabil\u0103 \u015fi rolul acesteia \u00een economia rom\u00e2neasc\u0103.<\/p>\n<p><img loading=\"lazy\" decoding=\"async\" class=\"size-medium wp-image-37468 aligncenter\" src=\"https:\/\/ziaruldelta.ro\/wp-content\/uploads\/2026\/07\/Contabilii-2-610x458.jpg\" alt width=\"610\" height=\"458\">Pre\u015fedintele CECCAR Tulcea, Tudor Negri\u015fan, a declarat pentru Ziarul \u201eDelta\u201d c\u0103 profesia contabil\u0103 r\u0103m\u00e2ne una esen\u0163ial\u0103 at\u00e2t pentru mediul economic, c\u00e2t \u015fi pentru societate \u015fi i-a \u00eendemnat pe colegii s\u0103i s\u0103 priveasc\u0103 inteligen\u0163a artificial\u0103 ca pe un instrument de lucru, nu ca pe o amenin\u0163are. Potrivit acestuia, ra\u0163ionamentul profesional al expertului contabil nu va putea fi \u00eenlocuit niciodat\u0103 de tehnologie.<\/p>\n<blockquote>\n<p><img decoding=\"async\" loading=\"lazy\" class=\"size-medium wp-image-37469 aligncenter\" src=\"https:\/\/ziaruldelta.ro\/wp-content\/uploads\/2026\/07\/Contabilii-3-610x458.jpg\" alt width=\"610\" height=\"458\">\u201eZiua Na\u0163ional\u0103 a Contabililor Rom\u00e2ni din \u0163ara noastr\u0103 este s\u0103rb\u0103torit\u0103 pe 13 iulie, ca urmare a faptului c\u0103, \u00een 1921, pe 13 iulie, regele Ferdinand a semnat decretul de \u00eenfiin\u0163are a Corpului Contabililor Autoriza\u0163i \u015fi Exper\u0163ilor Contabili, care, ulterior, a devenit Corpul Exper\u0163ilor Contabili \u015fi Contabililor Autoriza\u0163i din Rom\u00e2nia. Ne bucur\u0103m s\u0103 s\u0103rb\u0103torim aceast\u0103 zi, deoarece profesia noastr\u0103 este important\u0103 at\u00e2t \u00een mediul economic, c\u00e2t \u015fi la nivel na\u0163ional, consider\u0103m noi. Din 1994, de la reapari\u0163ia CECCAR-ului, dup\u0103 Revolu\u0163ia din 1990, CECCAR \u015fi-a continuat activitatea prin \u00eenfiin\u0163area de filiale \u00een toate jude\u0163ele \u0163\u0103rii, motiv pentru care ast\u0103zi s\u0103rb\u0103torim la Tulcea Ziua Na\u0163ional\u0103 a Contabililor Rom\u00e2ni, cu toat\u0103 pl\u0103cerea, al\u0103turi de colegii no\u015ftri. Contabilii s\u0103 nu fie speria\u0163i de inteligen\u0163a artificial\u0103. Eu cred c\u0103 inteligen\u0163a artificial\u0103, despre care vom discuta \u00een plen, va fi un mijloc care s\u0103 ne ajute. Ra\u0163ionamentul profesional nu va fi niciodat\u0103 \u00eendep\u0103rtat de expertul contabil rom\u00e2n. Sper ca contabilii s\u0103-\u015fi continue activitatea, cu o cre\u015ftere a ponderii profesiei, deoarece eu cred c\u0103 inteligen\u0163a artificial\u0103 este un instrument pentru contabili \u00een ziua de ast\u0103zi\u201d, a declarat, luni, pentru Ziarul \u201eDelta\u201d, pre\u015fedintele CECCAR Filiala Tulcea, Tudor Negri\u015fan.<\/p>\n<\/blockquote>\n<p><img decoding=\"async\" loading=\"lazy\" class=\"size-medium wp-image-37470 aligncenter\" src=\"https:\/\/ziaruldelta.ro\/wp-content\/uploads\/2026\/07\/Contabilii-4-610x458.jpg\" alt width=\"610\" height=\"458\">Un mesaj de apreciere pentru activitatea contabililor a transmis \u015fi administratorul public al jude\u0163ului Tulcea, Dumitru Mergeani, care a remarcat, \u00eentr-o not\u0103 amuzant\u0103, c\u0103 \u00een spatele fiec\u0103rei nop\u0163i lini\u015ftite a unui antreprenor se afl\u0103 un contabil care \u00eei spune c\u0103 declara\u0163iile au fost depuse la timp. Acesta le-a mul\u0163umit contabililor pentru munca discret\u0103, dar esen\u0163ial\u0103, pe care o desf\u0103\u015foar\u0103 zilnic \u015fi le-a urat s\u0103n\u0103tate, satisfac\u0163ii profesionale \u015fi c\u00e2t mai pu\u0163ine modific\u0103ri fiscale.<\/p>\n<blockquote>\n<p>\u201eSe spune c\u0103 \u00een spatele fiec\u0103rei afaceri de succes st\u0103 un contabil bun. Eu cred c\u0103, de multe ori, \u00een spatele fiec\u0103rei nop\u0163i lini\u015ftite a unui antreprenor st\u0103 un contabil care i-a spus: &lt;&lt;Stai lini\u015ftit, am depus declara\u0163ia!&gt;&gt;. Urmeaz\u0103 apoi insomniile, pentru c\u0103 trebuie f\u0103cute \u015fi pl\u0103\u0163ile, conform declara\u0163iilor. Recunosc, pentru mul\u0163i dintre noi, cifrele sunt doar\u2026 cifre. Pentru dumneavoastr\u0103, \u00eens\u0103, ele spun pove\u015fti, au logic\u0103, au ordine \u015fi, cel mai important, trebuie s\u0103 ias\u0103 la virgul\u0103. Ast\u0103zi este despre dumneavoastr\u0103 \u015fi despre respectul pe care \u00eel merita\u0163i. V\u0103 mul\u0163umesc pentru munca discret\u0103, dar esen\u0163ial\u0103, pe care o face\u0163i zi de zi \u015fi pentru contribu\u0163ia pe care o ave\u0163i la buna func\u0163ionare a institu\u0163iilor \u015fi a mediului de afaceri. Ast\u0103zi este ziua dumneavoastr\u0103 \u015fi merita\u0163i toate aplauzele. \u00cen numele pre\u015fedintelui Consiliului Jude\u0163ean Tulcea, domnul Horia Teodorescu, \u015fi al meu, personal, v\u0103 doresc mult\u0103 s\u0103n\u0103tate, satisfac\u0163ii profesionale, clien\u0163i care aduc actele la timp \u2013 dac\u0103 exist\u0103 a\u015fa ceva \u2013 \u015fi c\u00e2t mai pu\u0163ine schimb\u0103ri fiscale\u2026 de\u015fi \u015ftiu c\u0103 aici cer, poate, chiar un miracol. La mul\u0163i ani tuturor contabililor! S\u0103 ave\u0163i bilan\u0163uri impecabile, controale f\u0103r\u0103 emo\u0163ii \u015fi motive de bucurie \u00een fiecare zi\u201d, a transmis, cu acest prilej, Dumitru Mergeani, administratorul public al jude\u0163ului.<\/p>\n<\/blockquote>\n<p>Despre provoc\u0103rile digitaliz\u0103rii a vorbit \u015fi reprezentantul ANAF Tulcea, Ioana Cu\u0163ov, care a precizat c\u0103 transformarea digital\u0103 este benefic\u0103 at\u00e2t pentru institu\u0163ie, c\u00e2t \u015fi pentru profesioni\u015ftii din domeniu. Totodat\u0103, aceasta a prezentat noul asistent virtual \u201eAna\u201d, disponibil pe site-ul ANAF, prin intermediul c\u0103ruia contribuabilii \u015fi contabilii pot adresa \u00eentreb\u0103ri.<\/p>\n<p>Inspectorul \u015fcolar general adjunct al Inspectoratului \u015ecolar Jude\u0163ean Tulcea, Constantin Coca, a eviden\u0163iat importan\u0163a contabilului \u00een orice institu\u0163ie sau societate comercial\u0103, apreciind c\u0103, f\u0103r\u0103 aceast\u0103 profesie, func\u0163ionarea unei organiza\u0163ii este imposibil\u0103. \u00cen acela\u015fi timp, acesta a transmis c\u0103 inteligen\u0163a artificial\u0103 trebuie privit\u0103 doar ca un instrument menit s\u0103 u\u015fureze activitatea zilnic\u0103, f\u0103r\u0103 a \u00eenlocui rolul specialistului.<\/p>\n<p>Din partea mediului de afaceri, Valeriu Marinescu a felicitat contabilii pentru activitatea lor \u015fi a atras aten\u0163ia asupra dificult\u0103\u0163ilor cu care se confrunt\u0103 antreprenorii din cauza modific\u0103rilor frecvente ale legisla\u0163iei fiscale. Acesta \u015fi-a exprimat speran\u0163a c\u0103 tinerii vor continua at\u00e2t profesia contabil\u0103, c\u00e2t \u015fi activitatea antreprenorial\u0103.<\/p>\n<p>\u00cen cadrul evenimentului au fost premia\u0163i profesioni\u015ftii care au ob\u0163inut cele mai bune rezultate \u00een activitatea lor. La categoria Exper\u0163i Contabili, premiul I i-a revenit Gabrielei Zana, fiind urmat\u0103 de Nicoleta Pop, Nicolina Dumitru, Lumini\u0163a \u0162uc\u0103, Veronica-Mihaela Olteanu, Maria R\u0103znoveanu, Daniela Moscu, Carmen-Ionela Furtun\u0103, Ioana T\u0103nase \u015fi Mara Claudia Vanghele. La categoria Contabili Autoriza\u0163i, pe primul loc s-a clasat Elena Necula, urmat\u0103 de Magdalena Stan, Domnica Postic\u0103, Antonache Oancea \u015fi Maria Costache. Au fost recompensate \u015fi cele mai performante Societ\u0103\u0163i de Expertiz\u0103 Contabil\u0103, clasamentul fiind alc\u0103tuit din Smart Business Planning SRL \u2013 Nicoleta Pop, Evexem SRL \u2013 Cristina Ileana Pascale, Audit SRL \u2013 Mihaela Simionov, Zlate &amp; Netedu SRL \u2013 Claudiu Zlate, Final Expert SRL \u2013 Irina Isabella Licu, Finance Advice SRL \u2013 Cristian Timofan, Ropas Expert SRL \u2013 Florin Pascale, A.G.E. Com SRL \u2013 Sorin Alecu, Contabilitate Dumexpert SRL \u2013 Roxana Ioana Dumitrescu \u015fi Dori-Finance SRL \u2013 Dorina Halmaghe. La categoria Societ\u0103\u0163i de Contabilitate, premiul I a fost ob\u0163inut de Contab Serv SRL, reprezentat\u0103 de F\u0103nica Ro\u015fu, iar premiul al II-lea de Danube Best Solutions SRL, reprezentat\u0103 de Narcisa Elena Naiman.<\/p>\n<p>\u00cen cadrul galei a fost acordat \u015fi un premiu special Ziarului \u201eDelta\u201d,\u00a0 care a fost distins cu Premiul CECCAR pentru dialog \u00een comunitate, \u00een semn de apreciere pentru contribu\u0163ia la informarea publicului \u015fi promovarea profesiei contabile.<\/p>\n<p>Citi\u0163i continuarea \u00een edi\u0163ia tip\u0103rit\u0103 a Ziarului DELTA.<\/p>\n<\/div>\n<\/div>\n<div class=\"post-footer\">\n<div class=\"social-icons ed-social-share-icons\">\n<p class=\"share-title\">Share:<\/p>\n<\/div>\n<div class=\"rating-stars\">\n<p id=\"rate-title\" class=\"rate-title\">Rate:<\/p>\n<\/div>\n<\/div>\n<\/article>\n<div class=\"post-content entry-content\">\n<p>Corpul Exper\u0163ilor Contabili \u015fi Contabililor Autoriza\u0163i din Rom\u00e2nia (CECCAR), Filiala Tulcea, a s\u0103rb\u0103torit luni, 13 iulie, cea de-a XXII-a edi\u0163ie a Zilei Na\u0163ionale a Contabilului Rom\u00e2n, \u00een cadrul unui eveniment desf\u0103\u015furat la Hotel \u201eDelta\u201d, \u00een Sala \u201eToma Caragiu\u201d. Aproximativ 60 de contabili din jude\u0163 au participat la manifestare, al\u0103turi de reprezentan\u0163i ai institu\u0163iilor publice \u015fi ai mediului de afaceri, pentru a celebra profesia contabil\u0103 \u015fi rolul acesteia \u00een economia rom\u00e2neasc\u0103.<\/p>\n<p><img loading=\"lazy\" decoding=\"async\" class=\"size-medium wp-image-37468 aligncenter\" src=\"https:\/\/ziaruldelta.ro\/wp-content\/uploads\/2026\/07\/Contabilii-2-610x458.jpg\" alt width=\"610\" height=\"458\">Pre\u015fedintele CECCAR Tulcea, Tudor Negri\u015fan, a declarat pentru Ziarul \u201eDelta\u201d c\u0103 profesia contabil\u0103 r\u0103m\u00e2ne una esen\u0163ial\u0103 at\u00e2t pentru mediul economic, c\u00e2t \u015fi pentru societate \u015fi i-a \u00eendemnat pe colegii s\u0103i s\u0103 priveasc\u0103 inteligen\u0163a artificial\u0103 ca pe un instrument de lucru, nu ca pe o amenin\u0163are. Potrivit acestuia, ra\u0163ionamentul profesional al expertului contabil nu va putea fi \u00eenlocuit niciodat\u0103 de tehnologie.<\/p>\n<blockquote>\n<p><img decoding=\"async\" loading=\"lazy\" class=\"size-medium wp-image-37469 aligncenter\" src=\"https:\/\/ziaruldelta.ro\/wp-content\/uploads\/2026\/07\/Contabilii-3-610x458.jpg\" alt width=\"610\" height=\"458\">\u201eZiua Na\u0163ional\u0103 a Contabililor Rom\u00e2ni din \u0163ara noastr\u0103 este s\u0103rb\u0103torit\u0103 pe 13 iulie, ca urmare a faptului c\u0103, \u00een 1921, pe 13 iulie, regele Ferdinand a semnat decretul de \u00eenfiin\u0163are a Corpului Contabililor Autoriza\u0163i \u015fi Exper\u0163ilor Contabili, care, ulterior, a devenit Corpul Exper\u0163ilor Contabili \u015fi Contabililor Autoriza\u0163i din Rom\u00e2nia. Ne bucur\u0103m s\u0103 s\u0103rb\u0103torim aceast\u0103 zi, deoarece profesia noastr\u0103 este important\u0103 at\u00e2t \u00een mediul economic, c\u00e2t \u015fi la nivel na\u0163ional, consider\u0103m noi. Din 1994, de la reapari\u0163ia CECCAR-ului, dup\u0103 Revolu\u0163ia din 1990, CECCAR \u015fi-a continuat activitatea prin \u00eenfiin\u0163area de filiale \u00een toate jude\u0163ele \u0163\u0103rii, motiv pentru care ast\u0103zi s\u0103rb\u0103torim la Tulcea Ziua Na\u0163ional\u0103 a Contabililor Rom\u00e2ni, cu toat\u0103 pl\u0103cerea, al\u0103turi de colegii no\u015ftri. Contabilii s\u0103 nu fie speria\u0163i de inteligen\u0163a artificial\u0103. Eu cred c\u0103 inteligen\u0163a artificial\u0103, despre care vom discuta \u00een plen, va fi un mijloc care s\u0103 ne ajute. Ra\u0163ionamentul profesional nu va fi niciodat\u0103 \u00eendep\u0103rtat de expertul contabil rom\u00e2n. Sper ca contabilii s\u0103-\u015fi continue activitatea, cu o cre\u015ftere a ponderii profesiei, deoarece eu cred c\u0103 inteligen\u0163a artificial\u0103 este un instrument pentru contabili \u00een ziua de ast\u0103zi\u201d, a declarat, luni, pentru Ziarul \u201eDelta\u201d, pre\u015fedintele CECCAR Filiala Tulcea, Tudor Negri\u015fan.<\/p>\n<\/blockquote>\n<p><img decoding=\"async\" loading=\"lazy\" class=\"size-medium wp-image-37470 aligncenter\" src=\"https:\/\/ziaruldelta.ro\/wp-content\/uploads\/2026\/07\/Contabilii-4-610x458.jpg\" alt width=\"610\" height=\"458\">Un mesaj de apreciere pentru activitatea contabililor a transmis \u015fi administratorul public al jude\u0163ului Tulcea, Dumitru Mergeani, care a remarcat, \u00eentr-o not\u0103 amuzant\u0103, c\u0103 \u00een spatele fiec\u0103rei nop\u0163i lini\u015ftite a unui antreprenor se afl\u0103 un contabil care \u00eei spune c\u0103 declara\u0163iile au fost depuse la timp. Acesta le-a mul\u0163umit contabililor pentru munca discret\u0103, dar esen\u0163ial\u0103, pe care o desf\u0103\u015foar\u0103 zilnic \u015fi le-a urat s\u0103n\u0103tate, satisfac\u0163ii profesionale \u015fi c\u00e2t mai pu\u0163ine modific\u0103ri fiscale.<\/p>\n<blockquote>\n<p>\u201eSe spune c\u0103 \u00een spatele fiec\u0103rei afaceri de succes st\u0103 un contabil bun. Eu cred c\u0103, de multe ori, \u00een spatele fiec\u0103rei nop\u0163i lini\u015ftite a unui antreprenor st\u0103 un contabil care i-a spus: &lt;&lt;Stai lini\u015ftit, am depus declara\u0163ia!&gt;&gt;. Urmeaz\u0103 apoi insomniile, pentru c\u0103 trebuie f\u0103cute \u015fi pl\u0103\u0163ile, conform declara\u0163iilor. Recunosc, pentru mul\u0163i dintre noi, cifrele sunt doar\u2026 cifre. Pentru dumneavoastr\u0103, \u00eens\u0103, ele spun pove\u015fti, au logic\u0103, au ordine \u015fi, cel mai important, trebuie s\u0103 ias\u0103 la virgul\u0103. Ast\u0103zi este despre dumneavoastr\u0103 \u015fi despre respectul pe care \u00eel merita\u0163i. V\u0103 mul\u0163umesc pentru munca discret\u0103, dar esen\u0163ial\u0103, pe care o face\u0163i zi de zi \u015fi pentru contribu\u0163ia pe care o ave\u0163i la buna func\u0163ionare a institu\u0163iilor \u015fi a mediului de afaceri. Ast\u0103zi este ziua dumneavoastr\u0103 \u015fi merita\u0163i toate aplauzele. \u00cen numele pre\u015fedintelui Consiliului Jude\u0163ean Tulcea, domnul Horia Teodorescu, \u015fi al meu, personal, v\u0103 doresc mult\u0103 s\u0103n\u0103tate, satisfac\u0163ii profesionale, clien\u0163i care aduc actele la timp \u2013 dac\u0103 exist\u0103 a\u015fa ceva \u2013 \u015fi c\u00e2t mai pu\u0163ine schimb\u0103ri fiscale\u2026 de\u015fi \u015ftiu c\u0103 aici cer, poate, chiar un miracol. La mul\u0163i ani tuturor contabililor! S\u0103 ave\u0163i bilan\u0163uri impecabile, controale f\u0103r\u0103 emo\u0163ii \u015fi motive de bucurie \u00een fiecare zi\u201d, a transmis, cu acest prilej, Dumitru Mergeani, administratorul public al jude\u0163ului.<\/p>\n<\/blockquote>\n<p>Despre provoc\u0103rile digitaliz\u0103rii a vorbit \u015fi reprezentantul ANAF Tulcea, Ioana Cu\u0163ov, care a precizat c\u0103 transformarea digital\u0103 este benefic\u0103 at\u00e2t pentru institu\u0163ie, c\u00e2t \u015fi pentru profesioni\u015ftii din domeniu. Totodat\u0103, aceasta a prezentat noul asistent virtual \u201eAna\u201d, disponibil pe site-ul ANAF, prin intermediul c\u0103ruia contribuabilii \u015fi contabilii pot adresa \u00eentreb\u0103ri.<\/p>\n<p>Inspectorul \u015fcolar general adjunct al Inspectoratului \u015ecolar Jude\u0163ean Tulcea, Constantin Coca, a eviden\u0163iat importan\u0163a contabilului \u00een orice institu\u0163ie sau societate comercial\u0103, apreciind c\u0103, f\u0103r\u0103 aceast\u0103 profesie, func\u0163ionarea unei organiza\u0163ii este imposibil\u0103. \u00cen acela\u015fi timp, acesta a transmis c\u0103 inteligen\u0163a artificial\u0103 trebuie privit\u0103 doar ca un instrument menit s\u0103 u\u015fureze activitatea zilnic\u0103, f\u0103r\u0103 a \u00eenlocui rolul specialistului.<\/p>\n<p>Din partea mediului de afaceri, Valeriu Marinescu a felicitat contabilii pentru activitatea lor \u015fi a atras aten\u0163ia asupra dificult\u0103\u0163ilor cu care se confrunt\u0103 antreprenorii din cauza modific\u0103rilor frecvente ale legisla\u0163iei fiscale. Acesta \u015fi-a exprimat speran\u0163a c\u0103 tinerii vor continua at\u00e2t profesia contabil\u0103, c\u00e2t \u015fi activitatea antreprenorial\u0103.<\/p>\n<p>\u00cen cadrul evenimentului au fost premia\u0163i profesioni\u015ftii care au ob\u0163inut cele mai bune rezultate \u00een activitatea lor. La categoria Exper\u0163i Contabili, premiul I i-a revenit Gabrielei Zana, fiind urmat\u0103 de Nicoleta Pop, Nicolina Dumitru, Lumini\u0163a \u0162uc\u0103, Veronica-Mihaela Olteanu, Maria R\u0103znoveanu, Daniela Moscu, Carmen-Ionela Furtun\u0103, Ioana T\u0103nase \u015fi Mara Claudia Vanghele. La categoria Contabili Autoriza\u0163i, pe primul loc s-a clasat Elena Necula, urmat\u0103 de Magdalena Stan, Domnica Postic\u0103, Antonache Oancea \u015fi Maria Costache. Au fost recompensate \u015fi cele mai performante Societ\u0103\u0163i de Expertiz\u0103 Contabil\u0103, clasamentul fiind alc\u0103tuit din Smart Business Planning SRL \u2013 Nicoleta Pop, Evexem SRL \u2013 Cristina Ileana Pascale, Audit SRL \u2013 Mihaela Simionov, Zlate &amp; Netedu SRL \u2013 Claudiu Zlate, Final Expert SRL \u2013 Irina Isabella Licu, Finance Advice SRL \u2013 Cristian Timofan, Ropas Expert SRL \u2013 Florin Pascale, A.G.E. Com SRL \u2013 Sorin Alecu, Contabilitate Dumexpert SRL \u2013 Roxana Ioana Dumitrescu \u015fi Dori-Finance SRL \u2013 Dorina Halmaghe. La categoria Societ\u0103\u0163i de Contabilitate, premiul I a fost ob\u0163inut de Contab Serv SRL, reprezentat\u0103 de F\u0103nica Ro\u015fu, iar premiul al II-lea de Danube Best Solutions SRL, reprezentat\u0103 de Narcisa Elena Naiman.<\/p>\n<p>\u00cen cadrul galei a fost acordat \u015fi un premiu special Ziarului \u201eDelta\u201d,\u00a0 care a fost distins cu Premiul CECCAR pentru dialog \u00een comunitate, \u00een semn de apreciere pentru contribu\u0163ia la informarea publicului \u015fi promovarea profesiei contabile.<\/p>\n<p>Citi\u0163i continuarea \u00een edi\u0163ia tip\u0103rit\u0103 a Ziarului DELTA.<\/p>\n<\/div>\n<div class=\"post-content entry-content\">\n<p>Corpul Exper\u0163ilor Contabili \u015fi Contabililor Autoriza\u0163i din Rom\u00e2nia (CECCAR), Filiala Tulcea, a s\u0103rb\u0103torit luni, 13 iulie, cea de-a XXII-a edi\u0163ie a Zilei Na\u0163ionale a Contabilului Rom\u00e2n, \u00een cadrul unui eveniment desf\u0103\u015furat la Hotel \u201eDelta\u201d, \u00een Sala \u201eToma Caragiu\u201d. Aproximativ 60 de contabili din jude\u0163 au participat la manifestare, al\u0103turi de reprezentan\u0163i ai institu\u0163iilor publice \u015fi ai mediului de afaceri, pentru a celebra profesia contabil\u0103 \u015fi rolul acesteia \u00een economia rom\u00e2neasc\u0103.<\/p>\n<p><img loading=\"lazy\" decoding=\"async\" class=\"size-medium wp-image-37468 aligncenter\" src=\"https:\/\/ziaruldelta.ro\/wp-content\/uploads\/2026\/07\/Contabilii-2-610x458.jpg\" alt width=\"610\" height=\"458\">Pre\u015fedintele CECCAR Tulcea, Tudor Negri\u015fan, a declarat pentru Ziarul \u201eDelta\u201d c\u0103 profesia contabil\u0103 r\u0103m\u00e2ne una esen\u0163ial\u0103 at\u00e2t pentru mediul economic, c\u00e2t \u015fi pentru societate \u015fi i-a \u00eendemnat pe colegii s\u0103i s\u0103 priveasc\u0103 inteligen\u0163a artificial\u0103 ca pe un instrument de lucru, nu ca pe o amenin\u0163are. Potrivit acestuia, ra\u0163ionamentul profesional al expertului contabil nu va putea fi \u00eenlocuit niciodat\u0103 de tehnologie.<\/p>\n<blockquote>\n<p><img decoding=\"async\" loading=\"lazy\" class=\"size-medium wp-image-37469 aligncenter\" src=\"https:\/\/ziaruldelta.ro\/wp-content\/uploads\/2026\/07\/Contabilii-3-610x458.jpg\" alt width=\"610\" height=\"458\">\u201eZiua Na\u0163ional\u0103 a Contabililor Rom\u00e2ni din \u0163ara noastr\u0103 este s\u0103rb\u0103torit\u0103 pe 13 iulie, ca urmare a faptului c\u0103, \u00een 1921, pe 13 iulie, regele Ferdinand a semnat decretul de \u00eenfiin\u0163are a Corpului Contabililor Autoriza\u0163i \u015fi Exper\u0163ilor Contabili, care, ulterior, a devenit Corpul Exper\u0163ilor Contabili \u015fi Contabililor Autoriza\u0163i din Rom\u00e2nia. Ne bucur\u0103m s\u0103 s\u0103rb\u0103torim aceast\u0103 zi, deoarece profesia noastr\u0103 este important\u0103 at\u00e2t \u00een mediul economic, c\u00e2t \u015fi la nivel na\u0163ional, consider\u0103m noi. Din 1994, de la reapari\u0163ia CECCAR-ului, dup\u0103 Revolu\u0163ia din 1990, CECCAR \u015fi-a continuat activitatea prin \u00eenfiin\u0163area de filiale \u00een toate jude\u0163ele \u0163\u0103rii, motiv pentru care ast\u0103zi s\u0103rb\u0103torim la Tulcea Ziua Na\u0163ional\u0103 a Contabililor Rom\u00e2ni, cu toat\u0103 pl\u0103cerea, al\u0103turi de colegii no\u015ftri. Contabilii s\u0103 nu fie speria\u0163i de inteligen\u0163a artificial\u0103. Eu cred c\u0103 inteligen\u0163a artificial\u0103, despre care vom discuta \u00een plen, va fi un mijloc care s\u0103 ne ajute. Ra\u0163ionamentul profesional nu va fi niciodat\u0103 \u00eendep\u0103rtat de expertul contabil rom\u00e2n. Sper ca contabilii s\u0103-\u015fi continue activitatea, cu o cre\u015ftere a ponderii profesiei, deoarece eu cred c\u0103 inteligen\u0163a artificial\u0103 este un instrument pentru contabili \u00een ziua de ast\u0103zi\u201d, a declarat, luni, pentru Ziarul \u201eDelta\u201d, pre\u015fedintele CECCAR Filiala Tulcea, Tudor Negri\u015fan.<\/p>\n<\/blockquote>\n<p><img decoding=\"async\" loading=\"lazy\" class=\"size-medium wp-image-37470 aligncenter\" src=\"https:\/\/ziaruldelta.ro\/wp-content\/uploads\/2026\/07\/Contabilii-4-610x458.jpg\" alt width=\"610\" height=\"458\">Un mesaj de apreciere pentru activitatea contabililor a transmis \u015fi administratorul public al jude\u0163ului Tulcea, Dumitru Mergeani, care a remarcat, \u00eentr-o not\u0103 amuzant\u0103, c\u0103 \u00een spatele fiec\u0103rei nop\u0163i lini\u015ftite a unui antreprenor se afl\u0103 un contabil care \u00eei spune c\u0103 declara\u0163iile au fost depuse la timp. Acesta le-a mul\u0163umit contabililor pentru munca discret\u0103, dar esen\u0163ial\u0103, pe care o desf\u0103\u015foar\u0103 zilnic \u015fi le-a urat s\u0103n\u0103tate, satisfac\u0163ii profesionale \u015fi c\u00e2t mai pu\u0163ine modific\u0103ri fiscale.<\/p>\n<blockquote>\n<p>\u201eSe spune c\u0103 \u00een spatele fiec\u0103rei afaceri de succes st\u0103 un contabil bun. Eu cred c\u0103, de multe ori, \u00een spatele fiec\u0103rei nop\u0163i lini\u015ftite a unui antreprenor st\u0103 un contabil care i-a spus: &lt;&lt;Stai lini\u015ftit, am depus declara\u0163ia!&gt;&gt;. Urmeaz\u0103 apoi insomniile, pentru c\u0103 trebuie f\u0103cute \u015fi pl\u0103\u0163ile, conform declara\u0163iilor. Recunosc, pentru mul\u0163i dintre noi, cifrele sunt doar\u2026 cifre. Pentru dumneavoastr\u0103, \u00eens\u0103, ele spun pove\u015fti, au logic\u0103, au ordine \u015fi, cel mai important, trebuie s\u0103 ias\u0103 la virgul\u0103. Ast\u0103zi este despre dumneavoastr\u0103 \u015fi despre respectul pe care \u00eel merita\u0163i. V\u0103 mul\u0163umesc pentru munca discret\u0103, dar esen\u0163ial\u0103, pe care o face\u0163i zi de zi \u015fi pentru contribu\u0163ia pe care o ave\u0163i la buna func\u0163ionare a institu\u0163iilor \u015fi a mediului de afaceri. Ast\u0103zi este ziua dumneavoastr\u0103 \u015fi merita\u0163i toate aplauzele. \u00cen numele pre\u015fedintelui Consiliului Jude\u0163ean Tulcea, domnul Horia Teodorescu, \u015fi al meu, personal, v\u0103 doresc mult\u0103 s\u0103n\u0103tate, satisfac\u0163ii profesionale, clien\u0163i care aduc actele la timp \u2013 dac\u0103 exist\u0103 a\u015fa ceva \u2013 \u015fi c\u00e2t mai pu\u0163ine schimb\u0103ri fiscale\u2026 de\u015fi \u015ftiu c\u0103 aici cer, poate, chiar un miracol. La mul\u0163i ani tuturor contabililor! S\u0103 ave\u0163i bilan\u0163uri impecabile, controale f\u0103r\u0103 emo\u0163ii \u015fi motive de bucurie \u00een fiecare zi\u201d, a transmis, cu acest prilej, Dumitru Mergeani, administratorul public al jude\u0163ului.<\/p>\n<\/blockquote>\n<p>Despre provoc\u0103rile digitaliz\u0103rii a vorbit \u015fi reprezentantul ANAF Tulcea, Ioana Cu\u0163ov, care a precizat c\u0103 transformarea digital\u0103 este benefic\u0103 at\u00e2t pentru institu\u0163ie, c\u00e2t \u015fi pentru profesioni\u015ftii din domeniu. Totodat\u0103, aceasta a prezentat noul asistent virtual \u201eAna\u201d, disponibil pe site-ul ANAF, prin intermediul c\u0103ruia contribuabilii \u015fi contabilii pot adresa \u00eentreb\u0103ri.<\/p>\n<p>Inspectorul \u015fcolar general adjunct al Inspectoratului \u015ecolar Jude\u0163ean Tulcea, Constantin Coca, a eviden\u0163iat importan\u0163a contabilului \u00een orice institu\u0163ie sau societate comercial\u0103, apreciind c\u0103, f\u0103r\u0103 aceast\u0103 profesie, func\u0163ionarea unei organiza\u0163ii este imposibil\u0103. \u00cen acela\u015fi timp, acesta a transmis c\u0103 inteligen\u0163a artificial\u0103 trebuie privit\u0103 doar ca un instrument menit s\u0103 u\u015fureze activitatea zilnic\u0103, f\u0103r\u0103 a \u00eenlocui rolul specialistului.<\/p>\n<p>Din partea mediului de afaceri, Valeriu Marinescu a felicitat contabilii pentru activitatea lor \u015fi a atras aten\u0163ia asupra dificult\u0103\u0163ilor cu care se confrunt\u0103 antreprenorii din cauza modific\u0103rilor frecvente ale legisla\u0163iei fiscale. Acesta \u015fi-a exprimat speran\u0163a c\u0103 tinerii vor continua at\u00e2t profesia contabil\u0103, c\u00e2t \u015fi activitatea antreprenorial\u0103.<\/p>\n<p>\u00cen cadrul evenimentului au fost premia\u0163i profesioni\u015ftii care au ob\u0163inut cele mai bune rezultate \u00een activitatea lor. La categoria Exper\u0163i Contabili, premiul I i-a revenit Gabrielei Zana, fiind urmat\u0103 de Nicoleta Pop, Nicolina Dumitru, Lumini\u0163a \u0162uc\u0103, Veronica-Mihaela Olteanu, Maria R\u0103znoveanu, Daniela Moscu, Carmen-Ionela Furtun\u0103, Ioana T\u0103nase \u015fi Mara Claudia Vanghele. La categoria Contabili Autoriza\u0163i, pe primul loc s-a clasat Elena Necula, urmat\u0103 de Magdalena Stan, Domnica Postic\u0103, Antonache Oancea \u015fi Maria Costache. Au fost recompensate \u015fi cele mai performante Societ\u0103\u0163i de Expertiz\u0103 Contabil\u0103, clasamentul fiind alc\u0103tuit din Smart Business Planning SRL \u2013 Nicoleta Pop, Evexem SRL \u2013 Cristina Ileana Pascale, Audit SRL \u2013 Mihaela Simionov, Zlate &amp; Netedu SRL \u2013 Claudiu Zlate, Final Expert SRL \u2013 Irina Isabella Licu, Finance Advice SRL \u2013 Cristian Timofan, Ropas Expert SRL \u2013 Florin Pascale, A.G.E. Com SRL \u2013 Sorin Alecu, Contabilitate Dumexpert SRL \u2013 Roxana Ioana Dumitrescu \u015fi Dori-Finance SRL \u2013 Dorina Halmaghe. La categoria Societ\u0103\u0163i de Contabilitate, premiul I a fost ob\u0163inut de Contab Serv SRL, reprezentat\u0103 de F\u0103nica Ro\u015fu, iar premiul al II-lea de Danube Best Solutions SRL, reprezentat\u0103 de Narcisa Elena Naiman.<\/p>\n<p>\u00cen cadrul galei a fost acordat \u015fi un premiu special Ziarului \u201eDelta\u201d,\u00a0 care a fost distins cu Premiul CECCAR pentru dialog \u00een comunitate, \u00een semn de apreciere pentru contribu\u0163ia la informarea publicului \u015fi promovarea profesiei contabile.<\/p>\n<p>Citi\u0163i continuarea \u00een edi\u0163ia tip\u0103rit\u0103 a Ziarului DELTA.<\/p>\n<\/div>\n<p>[analyse_source url=&#8221;https:\/\/ziaruldelta.ro\/2026\/07\/15\/contabilii-din-tulcea-si-au-sarbatorit-ziua-ceccar-a-premiat-cei-mai-buni-profesionisti-ziarul-delta-a-primit-premiul-pentru-dialog-in-comunitate\/&#8221;]<\/p>\n","protected":false},"excerpt":{"rendered":"<p>[analyse_image type=&#8221;featured&#8221; src=&#8221;https:\/\/ziaruldelta.ro\/wp-content\/uploads\/2026\/07\/Contabilii-e1784049946351.jpg&#8221;] Contabilii din Tulcea \u015fi-au s\u0103rb\u0103torit ziua: CECCAR a premiat cei mai buni profesioni\u015fti. Ziarul \u201eDelta\u201d a primit Premiul pentru dialog \u00een comunitate Posted by Nicoleta URMUZ | Jul 15, 2026 | Actualitate | Corpul Exper\u0163ilor Contabili \u015fi Contabililor Autoriza\u0163i din Rom\u00e2nia (CECCAR), Filiala Tulcea, a s\u0103rb\u0103torit luni, 13 iulie, cea de-a XXII-a [&hellip;]<\/p>\n","protected":false},"author":1,"featured_media":0,"comment_status":"open","ping_status":"","sticky":false,"template":"","format":"standard","meta":{"footnotes":""},"categories":[89],"tags":[226,206],"class_list":["post-2044172","post","type-post","status-publish","format-standard","hentry","category-romania","tag-crawlmanager","tag-ziaruldelta-ro"],"_links":{"self":[{"href":"https:\/\/analyse.optim.biz\/index.php?rest_route=\/wp\/v2\/posts\/2044172","targetHints":{"allow":["GET"]}}],"collection":[{"href":"https:\/\/analyse.optim.biz\/index.php?rest_route=\/wp\/v2\/posts"}],"about":[{"href":"https:\/\/analyse.optim.biz\/index.php?rest_route=\/wp\/v2\/types\/post"}],"author":[{"embeddable":true,"href":"https:\/\/analyse.optim.biz\/index.php?rest_route=\/wp\/v2\/users\/1"}],"replies":[{"embeddable":true,"href":"https:\/\/analyse.optim.biz\/index.php?rest_route=%2Fwp%2Fv2%2Fcomments&post=2044172"}],"version-history":[{"count":0,"href":"https:\/\/analyse.optim.biz\/index.php?rest_route=\/wp\/v2\/posts\/2044172\/revisions"}],"wp:attachment":[{"href":"https:\/\/analyse.optim.biz\/index.php?rest_route=%2Fwp%2Fv2%2Fmedia&parent=2044172"}],"wp:term":[{"taxonomy":"category","embeddable":true,"href":"https:\/\/analyse.optim.biz\/index.php?rest_route=%2Fwp%2Fv2%2Fcategories&post=2044172"},{"taxonomy":"post_tag","embeddable":true,"href":"https:\/\/analyse.optim.biz\/index.php?rest_route=%2Fwp%2Fv2%2Ftags&post=2044172"}],"curies":[{"name":"wp","href":"https:\/\/api.w.org\/{rel}","templated":true}]}}