{"id":2044170,"date":"2026-07-13T06:00:45","date_gmt":"2026-07-13T03:00:45","guid":{"rendered":"https:\/\/analyse.optim.biz\/?p=2044170"},"modified":"2026-07-13T06:00:45","modified_gmt":"2026-07-13T03:00:45","slug":"propunere-legislativa-concursul-pentru-directorii-de-scoli-ar-putea-fi-organizat-de-fiecare-unitate-de","status":"publish","type":"post","link":"https:\/\/analyse.optim.biz\/?p=2044170","title":{"rendered":"Propunere legislativ\u0103: Concursul pentru directorii de \u015fcoli ar putea fi organizat de fiecare unitate de"},"content":{"rendered":"<p>[analyse_image type=&#8221;featured&#8221; src=&#8221;https:\/\/ziaruldelta.ro\/wp-content\/uploads\/2022\/02\/Tulcea-54-de-posturi-de-directori.jpg&#8221;]<\/p>\n<article id=\"post-37405\" class=\"module single-post-module post-37405 post type-post status-publish format-standard has-post-thumbnail hentry category-actualitate et-has-post-format-content et_post_format-et-post-format-standard\">\n<div class=\"post-header\">\n<h1 class=\"entry-title\">Propunere legislativ\u0103: Concursul pentru directorii de \u015fcoli ar putea fi organizat de fiecare unitate de \u00eenv\u0103\u0163\u0103m\u00e2nt<\/h1>\n<div class=\"post-meta vcard\">\n<p>Posted by <a href=\"https:\/\/ziaruldelta.ro\/author\/claudia-ionescu\/\" class=\"url fn\" title=\"Posts by Claudia Ionescu\" rel=\"author\">Claudia Ionescu<\/a> | <span class=\"updated\">Jul 13, 2026<\/span> | <a href=\"https:\/\/ziaruldelta.ro\/category\/actualitate\/\" rel=\"tag\">Actualitate<\/a> | <\/p>\n<\/div>\n<\/div>\n<div class=\"post-thumbnail header\"><img decoding=\"async\" src=\"https:\/\/ziaruldelta.ro\/wp-content\/uploads\/2022\/02\/Tulcea-54-de-posturi-de-directori.jpg\" alt=\"Propunere legislativ\u0103: Concursul pentru directorii de \u015fcoli ar putea fi organizat de fiecare unitate de \u00eenv\u0103\u0163\u0103m\u00e2nt\"><\/div>\n<div class=\"post-wrap\">\n<div class=\"post-content entry-content\">\n<p>Un proiect de lege ini\u0163iat de USR prevede organizarea concursului pentru ocuparea func\u0163iei de director de \u015fcoal\u0103 la nivelul fiec\u0103rei unit\u0103\u0163i de \u00eenv\u0103\u0163\u0103m\u00e2nt, de c\u0103tre Consiliul de Administra\u0163ie (CA), \u00een locul concursului na\u0163ional organizat \u00een prezent de Ministerul Educa\u0163iei. Criteriile de selec\u0163ie ar urma s\u0103 fie stabilite \u00een func\u0163ie de nevoile specifice ale fiec\u0103rei \u015fcoli, nu printr-o metodologie uniform\u0103 aplicat\u0103 de la nivel jude\u0163ean, propune USR. Cadrele didactice din Tulcea au opinii diferite \u00een leg\u0103tur\u0103 cu aceast\u0103 ini\u0163iativ\u0103. Unii consider\u0103 c\u0103 \u015fcolile \u00ee\u015fi cunosc cel mai bine nevoile \u015fi ar trebui s\u0103-\u015fi poat\u0103 alege singure conducerea, iar al\u0163ii sunt de p\u0103rere c\u0103 actualul sistem este mai obiectiv.<\/p>\n<p><strong>Directorul Liceului Teoretic \u201eGrigore Moisil\u201d Tulcea, prof. Camelia Ivanov: \u201ePersonal a\u015f opta pentru concursul na\u0163ional\u201d<\/strong><\/p>\n<p><img loading=\"lazy\" decoding=\"async\" class=\" wp-image-37406 alignright\" src=\"https:\/\/ziaruldelta.ro\/wp-content\/uploads\/2026\/07\/propunere-2-610x344.jpg\" alt width=\"461\" height=\"260\">Directorul Liceului Teoretic \u201eGrigore Moisil\u201d din Tulcea, prof. Camelia Ivanov, spune c\u0103 actualul concurs este dificil, \u00eens\u0103 probele scrise sunt obiective, de aceea ar opta totu\u015fi pentru concursul na\u0163ional.<\/p>\n<blockquote>\n<p>\u201eConcursul de directori \u00een forma actual\u0103 este destul de greu \u015fi solicitant, dar este obiectiv, \u00een mare parte \u2013 probele scrise. La proba de interviu, atunci c\u00e2nd intervine nemijlocit factorul uman sunt posibile orice scenarii, s\u0103 fii sus\u0163inut sau s\u0103 fii obstruc\u0163ionat. Chiar \u015fi a\u015fa, este filmat, deci po\u0163i face contesta\u0163ie. \u00cen varianta \u00een care ar fi organizat de CA al \u015fcolii, conteaz\u0103, dincolo de impresia pe care ai l\u0103sat-o de-a lungul timpului sau presta\u0163ia la momentul interviului, &lt;&lt;num\u0103rul de voturi pro \u015fi contra&gt;&gt;. Colegii din CA las\u0103 de multe ori problemele \u015fcolii pe umerii directorului. Nu au o motiva\u0163ie deosebit\u0103 \u00een a se implica, dincolo de participarea la \u015fedin\u0163e, \u015fi acord\u0103 directorului girul \u00een aprofundarea problemelor, \u00een documentare, \u00een g\u0103sirea solu\u0163iilor, urm\u00e2nd s\u0103 \u00ee\u015fi exprime p\u0103rerea \u00een rezolvarea acestora. S\u0103 nu uit\u0103m c\u0103, \u00een \u00eenv\u0103\u0163\u0103m\u00e2nt, calitatea de membru CA nu aduce nicio bonifica\u0163ie, iar func\u0163ia de director devine pe zi ce trece mai neatractiv\u0103 \u2013 legisla\u0163ie \u00een continu\u0103 schimbare, lipsa unei predictibilit\u0103\u0163i, birocra\u0163ie excesiv\u0103, probleme la nivelul societ\u0103\u0163ii care influen\u0163eaz\u0103 percep\u0163ia asupra educa\u0163iei \u015fi a rolului \u015fcolii \u015fi nu \u00een ultimul r\u00e2nd, un salariu nemotivant. Fiind un proiect care implic\u0103 o schimbare de percep\u0163ie, \u00een faza de pionierat sigur se vor face multe gre\u015feli. Personal a\u015f opta pentru concursul na\u0163ional. Modul \u00een care s-a desf\u0103\u015furat \u00een jude\u0163ul nostru nu a l\u0103sat suspiciuni de niciun fel\u201d, ne-a declarat prof. Camelia Ivanov.<\/p>\n<\/blockquote>\n<p><strong>Directorul Colegiului Na\u0163ional \u201eSpiru Haret\u201d Tulcea, prof. Florin Anastasiu: \u201eSunt m\u0103suri care au doar caracter, \u00een viziunea noastr\u0103, lozincar\u201d<\/strong><\/p>\n<p><img decoding=\"async\" loading=\"lazy\" class=\" wp-image-37407 alignleft\" src=\"https:\/\/ziaruldelta.ro\/wp-content\/uploads\/2026\/07\/Propunere-610x344.jpg\" alt width=\"408\" height=\"230\">Directorul Colegiului Na\u0163ional \u201eSpiru Haret\u201d Tulcea, prof. Florin Anastasiu, consider\u0103 c\u0103 proiectul nu este de fapt o reform\u0103 real\u0103.<\/p>\n<blockquote>\n<p>\u201eCumva se profesionalizeaz\u0103 func\u0163ia de director \u015fi se leag\u0103 \u015fi mai mult directorul de \u015fcoal\u0103. Multe astfel de m\u0103suri ciudate s-au luat, cosmetizate fiind sub titulatura de reform\u0103, iar aceasta este una dintre ele, neav\u00e2nd nimic de a face \u00een esen\u0163\u0103 cu o reform\u0103. La un moment dat spune &lt;&lt;func\u0163ia de director ar urma s\u0103 fie separat\u0103 de cea de pre\u015fedinte al CA&gt;&gt;, ceea ce este iar\u0103\u015fi relativ ciudat. CA este forul suprem, principal, de conducere a unei \u015fcoli. \u00cen momentul \u00een care pre\u015fedintele CA nu mai este directorul \u015fcolii, \u00een acel moment \u00eenseamn\u0103 c\u0103 de fapt, directorul \u015fcolii r\u0103m\u00e2ne cumva un simplu executant f\u0103r\u0103 niciun fel de atribu\u0163ii \u015fi posibilit\u0103\u0163i decizionale, ceea ce p\u00e2n\u0103 la urm\u0103 n-ar fi niciun fel de problem\u0103. Singura problem\u0103 este ca pre\u015fedintele CA s\u0103 fie ales prin vot secret de c\u0103tre membrii Consiliului, printr-un mecanism de control intern, care s\u0103 garanteze c\u0103 &lt;&lt;directorul r\u0103spunde \u00een fa\u0163a uni for independent cu competen\u0163e \u015fi legitimitate proprii&gt;&gt;. P\u0103i p\u00e2n\u0103 acum, CA nu a fost un for cu competen\u0163e \u015fi legitimitate proprii? Bine\u00een\u0163eles c\u0103 a\u015fa a fost\u201d, a explicat prof. Florin Anastasiu.<\/p>\n<\/blockquote>\n<p>Acesta atrage aten\u0163ia c\u0103 membrii CA nu au preg\u0103tirea necesar\u0103 pentru a organiza \u015fi evalua un concurs pentru func\u0163ia de director.<\/p>\n<blockquote>\n<p>\u201ePoate ini\u0163iatorii legii nu \u015ftiu c\u0103 \u00een CA al unei \u015fcoli fac parte \u015fi reprezentan\u0163i ai p\u0103rin\u0163ilor, ai autorit\u0103\u0163ilor locale \u015fi chiar elevi, membri ai consiliului \u015fcolar. Poate c\u0103 nu se \u015ftia lucrul acesta foarte bine. Mai apoi se spune c\u0103 respectivul concurs va fi organizat de c\u0103tre \u015fcoal\u0103 dup\u0103 o metodologie proprie, iar criteriile de selec\u0163ie vor fi organizate la nivelul \u015fcolii, de c\u0103tre CA. P\u0103i CA are atribu\u0163ii \u015fi competen\u0163e at\u00e2t de mari de management educa\u0163ional \u00eenc\u00e2t s\u0103 organizeze un concurs, s\u0103 stabileasc\u0103 probe, materie de concurs pe care s\u0103 fie capabili \u015fi s\u0103 o corecteze? Este ca \u015fi cum un profesor de fizic\u0103 d\u0103 o lucrare \u015fi trebuie s\u0103 \u015ftie s-o corecteze. La fel \u015fi CA, dac\u0103 d\u0103 o lucrare unui director, trebuie s\u0103 fie capabil s\u0103 corecteze acea lucrare. Asta \u00eenseamn\u0103 c\u0103 trebuie s\u0103 aib\u0103 atribu\u0163ii foarte mari de management educa\u0163ional. M\u0103 \u00eendoiesc c\u0103 \u00een fiecare CA al fiec\u0103rei \u015fcoli din \u0163ar\u0103 vor fi at\u00e2t de mul\u0163i exper\u0163i \u00een management educa\u0163ional \u00eenc\u00e2t s\u0103 organizeze concurs, s\u0103 stabileasc\u0103 materie de concurs, s\u0103 fie capabili s\u0103 evalueze, s\u0103 stabileasc\u0103 matrici de evaluare, etc. Cu at\u00e2t mai mult cu c\u00e2t concursul pentru director nu presupune doar management efectiv educa\u0163ional, presupune probe de informatic\u0103, competen\u0163e digitale. De aceea, sunt m\u0103suri care au doar caracter, \u00een viziunea noastr\u0103, lozincar\u201d, a precizat prof. Florin Anastasiu.<\/p>\n<\/blockquote>\n<p><strong>Directorul adjunct al Liceului Teoretic \u201eGheorghe Munteanu Murgoci\u201d M\u0103cin, prof. Viorica Barbato: \u201eAparent, modelul propus de USR pare mai bun dec\u00e2t al ministerului de resort pentru c\u0103 implic\u0103 \u00een mod direct comunitatea\u201d<\/strong><\/p>\n<p><img decoding=\"async\" loading=\"lazy\" class=\" wp-image-37408 alignright\" src=\"https:\/\/ziaruldelta.ro\/wp-content\/uploads\/2026\/07\/Propunere-3-610x610.jpg\" alt width=\"479\" height=\"479\">Directorul adjunct al Liceului Teoretic \u201eGheorghe Munteanu Murgoci\u201d M\u0103cin, prof. Viorica Barbato, spune c\u0103 \u015fcoala \u015fi comunitatea local\u0103 \u00ee\u015fi cunosc cel mai bine nevoile \u015fi ar putea alege managerul potrivit. Ministerul ar trebui totu\u015fi s\u0103 stabileasc\u0103 standardele minimale, condi\u0163iile de eligibilitate \u015fi concursul de evaluare, l\u0103s\u00e2nd CA selec\u0163ia final\u0103 pe baza interviului, atrage aten\u0163ia directorul adjunct al Liceului Teoretic \u201eGheorghe Munteanu Murgoci\u201d M\u0103cin.<\/p>\n<blockquote>\n<p>\u201eAparent, modelul propus de USR pare mai bun dec\u00e2t al ministerului de resort pentru c\u0103 implic\u0103 \u00een mod direct comunitatea care \u00ee\u015fi cunoa\u015fte cel mai bine nevoile \u015fi, ca atare, \u015ftie ce tip de profil managerial \u00eei trebuie. Mai mult dec\u00e2t at\u00e2t, CA \u015fi implicit comunitatea local\u0103 vor fi responsabilizate \u00een ceea ce prive\u015fte performan\u0163a \u015fcolii. Propunerea pe care o face USR se aliniaz\u0103 tendin\u0163ei europene unde, \u00een majoritatea statelor, selec\u0163ia directorilor este f\u0103cut\u0103 la nivel local, lucru ce ar avea ca efect reducerea influen\u0163ei Inspectoratului \u015ecolar Jude\u0163ean, \u00eens\u0103 nu \u015fi a politicului! Cred c\u0103 o solu\u0163ie ar fi ca ministerul s\u0103 stabileasc\u0103 standardele minimale, condi\u0163iile de eligibilitate \u015fi\u00a0 concursul de evaluare, l\u0103s\u00e2nd Consiliului de Administra\u0163ie selec\u0163ia final\u0103 pe baza interviului \u015fi a proiectului managerial\u201d, a precizat prof. Viorica Barbato.<\/p>\n<\/blockquote>\n<p>Citi\u0163i continuarea \u00een edi\u0163ia tip\u0103rit\u0103 a ziarului Delta.<\/p>\n<\/div>\n<\/div>\n<div class=\"post-footer\">\n<div class=\"social-icons ed-social-share-icons\">\n<p class=\"share-title\">Share:<\/p>\n<\/div>\n<div class=\"rating-stars\">\n<p id=\"rate-title\" class=\"rate-title\">Rate:<\/p>\n<\/div>\n<\/div>\n<\/article>\n<div class=\"post-content entry-content\">\n<p>Un proiect de lege ini\u0163iat de USR prevede organizarea concursului pentru ocuparea func\u0163iei de director de \u015fcoal\u0103 la nivelul fiec\u0103rei unit\u0103\u0163i de \u00eenv\u0103\u0163\u0103m\u00e2nt, de c\u0103tre Consiliul de Administra\u0163ie (CA), \u00een locul concursului na\u0163ional organizat \u00een prezent de Ministerul Educa\u0163iei. Criteriile de selec\u0163ie ar urma s\u0103 fie stabilite \u00een func\u0163ie de nevoile specifice ale fiec\u0103rei \u015fcoli, nu printr-o metodologie uniform\u0103 aplicat\u0103 de la nivel jude\u0163ean, propune USR. Cadrele didactice din Tulcea au opinii diferite \u00een leg\u0103tur\u0103 cu aceast\u0103 ini\u0163iativ\u0103. Unii consider\u0103 c\u0103 \u015fcolile \u00ee\u015fi cunosc cel mai bine nevoile \u015fi ar trebui s\u0103-\u015fi poat\u0103 alege singure conducerea, iar al\u0163ii sunt de p\u0103rere c\u0103 actualul sistem este mai obiectiv.<\/p>\n<p><strong>Directorul Liceului Teoretic \u201eGrigore Moisil\u201d Tulcea, prof. Camelia Ivanov: \u201ePersonal a\u015f opta pentru concursul na\u0163ional\u201d<\/strong><\/p>\n<p><img loading=\"lazy\" decoding=\"async\" class=\" wp-image-37406 alignright\" src=\"https:\/\/ziaruldelta.ro\/wp-content\/uploads\/2026\/07\/propunere-2-610x344.jpg\" alt width=\"461\" height=\"260\">Directorul Liceului Teoretic \u201eGrigore Moisil\u201d din Tulcea, prof. Camelia Ivanov, spune c\u0103 actualul concurs este dificil, \u00eens\u0103 probele scrise sunt obiective, de aceea ar opta totu\u015fi pentru concursul na\u0163ional.<\/p>\n<blockquote>\n<p>\u201eConcursul de directori \u00een forma actual\u0103 este destul de greu \u015fi solicitant, dar este obiectiv, \u00een mare parte \u2013 probele scrise. La proba de interviu, atunci c\u00e2nd intervine nemijlocit factorul uman sunt posibile orice scenarii, s\u0103 fii sus\u0163inut sau s\u0103 fii obstruc\u0163ionat. Chiar \u015fi a\u015fa, este filmat, deci po\u0163i face contesta\u0163ie. \u00cen varianta \u00een care ar fi organizat de CA al \u015fcolii, conteaz\u0103, dincolo de impresia pe care ai l\u0103sat-o de-a lungul timpului sau presta\u0163ia la momentul interviului, &lt;&lt;num\u0103rul de voturi pro \u015fi contra&gt;&gt;. Colegii din CA las\u0103 de multe ori problemele \u015fcolii pe umerii directorului. Nu au o motiva\u0163ie deosebit\u0103 \u00een a se implica, dincolo de participarea la \u015fedin\u0163e, \u015fi acord\u0103 directorului girul \u00een aprofundarea problemelor, \u00een documentare, \u00een g\u0103sirea solu\u0163iilor, urm\u00e2nd s\u0103 \u00ee\u015fi exprime p\u0103rerea \u00een rezolvarea acestora. S\u0103 nu uit\u0103m c\u0103, \u00een \u00eenv\u0103\u0163\u0103m\u00e2nt, calitatea de membru CA nu aduce nicio bonifica\u0163ie, iar func\u0163ia de director devine pe zi ce trece mai neatractiv\u0103 \u2013 legisla\u0163ie \u00een continu\u0103 schimbare, lipsa unei predictibilit\u0103\u0163i, birocra\u0163ie excesiv\u0103, probleme la nivelul societ\u0103\u0163ii care influen\u0163eaz\u0103 percep\u0163ia asupra educa\u0163iei \u015fi a rolului \u015fcolii \u015fi nu \u00een ultimul r\u00e2nd, un salariu nemotivant. Fiind un proiect care implic\u0103 o schimbare de percep\u0163ie, \u00een faza de pionierat sigur se vor face multe gre\u015feli. Personal a\u015f opta pentru concursul na\u0163ional. Modul \u00een care s-a desf\u0103\u015furat \u00een jude\u0163ul nostru nu a l\u0103sat suspiciuni de niciun fel\u201d, ne-a declarat prof. Camelia Ivanov.<\/p>\n<\/blockquote>\n<p><strong>Directorul Colegiului Na\u0163ional \u201eSpiru Haret\u201d Tulcea, prof. Florin Anastasiu: \u201eSunt m\u0103suri care au doar caracter, \u00een viziunea noastr\u0103, lozincar\u201d<\/strong><\/p>\n<p><img decoding=\"async\" loading=\"lazy\" class=\" wp-image-37407 alignleft\" src=\"https:\/\/ziaruldelta.ro\/wp-content\/uploads\/2026\/07\/Propunere-610x344.jpg\" alt width=\"408\" height=\"230\">Directorul Colegiului Na\u0163ional \u201eSpiru Haret\u201d Tulcea, prof. Florin Anastasiu, consider\u0103 c\u0103 proiectul nu este de fapt o reform\u0103 real\u0103.<\/p>\n<blockquote>\n<p>\u201eCumva se profesionalizeaz\u0103 func\u0163ia de director \u015fi se leag\u0103 \u015fi mai mult directorul de \u015fcoal\u0103. Multe astfel de m\u0103suri ciudate s-au luat, cosmetizate fiind sub titulatura de reform\u0103, iar aceasta este una dintre ele, neav\u00e2nd nimic de a face \u00een esen\u0163\u0103 cu o reform\u0103. La un moment dat spune &lt;&lt;func\u0163ia de director ar urma s\u0103 fie separat\u0103 de cea de pre\u015fedinte al CA&gt;&gt;, ceea ce este iar\u0103\u015fi relativ ciudat. CA este forul suprem, principal, de conducere a unei \u015fcoli. \u00cen momentul \u00een care pre\u015fedintele CA nu mai este directorul \u015fcolii, \u00een acel moment \u00eenseamn\u0103 c\u0103 de fapt, directorul \u015fcolii r\u0103m\u00e2ne cumva un simplu executant f\u0103r\u0103 niciun fel de atribu\u0163ii \u015fi posibilit\u0103\u0163i decizionale, ceea ce p\u00e2n\u0103 la urm\u0103 n-ar fi niciun fel de problem\u0103. Singura problem\u0103 este ca pre\u015fedintele CA s\u0103 fie ales prin vot secret de c\u0103tre membrii Consiliului, printr-un mecanism de control intern, care s\u0103 garanteze c\u0103 &lt;&lt;directorul r\u0103spunde \u00een fa\u0163a uni for independent cu competen\u0163e \u015fi legitimitate proprii&gt;&gt;. P\u0103i p\u00e2n\u0103 acum, CA nu a fost un for cu competen\u0163e \u015fi legitimitate proprii? Bine\u00een\u0163eles c\u0103 a\u015fa a fost\u201d, a explicat prof. Florin Anastasiu.<\/p>\n<\/blockquote>\n<p>Acesta atrage aten\u0163ia c\u0103 membrii CA nu au preg\u0103tirea necesar\u0103 pentru a organiza \u015fi evalua un concurs pentru func\u0163ia de director.<\/p>\n<blockquote>\n<p>\u201ePoate ini\u0163iatorii legii nu \u015ftiu c\u0103 \u00een CA al unei \u015fcoli fac parte \u015fi reprezentan\u0163i ai p\u0103rin\u0163ilor, ai autorit\u0103\u0163ilor locale \u015fi chiar elevi, membri ai consiliului \u015fcolar. Poate c\u0103 nu se \u015ftia lucrul acesta foarte bine. Mai apoi se spune c\u0103 respectivul concurs va fi organizat de c\u0103tre \u015fcoal\u0103 dup\u0103 o metodologie proprie, iar criteriile de selec\u0163ie vor fi organizate la nivelul \u015fcolii, de c\u0103tre CA. P\u0103i CA are atribu\u0163ii \u015fi competen\u0163e at\u00e2t de mari de management educa\u0163ional \u00eenc\u00e2t s\u0103 organizeze un concurs, s\u0103 stabileasc\u0103 probe, materie de concurs pe care s\u0103 fie capabili \u015fi s\u0103 o corecteze? Este ca \u015fi cum un profesor de fizic\u0103 d\u0103 o lucrare \u015fi trebuie s\u0103 \u015ftie s-o corecteze. La fel \u015fi CA, dac\u0103 d\u0103 o lucrare unui director, trebuie s\u0103 fie capabil s\u0103 corecteze acea lucrare. Asta \u00eenseamn\u0103 c\u0103 trebuie s\u0103 aib\u0103 atribu\u0163ii foarte mari de management educa\u0163ional. M\u0103 \u00eendoiesc c\u0103 \u00een fiecare CA al fiec\u0103rei \u015fcoli din \u0163ar\u0103 vor fi at\u00e2t de mul\u0163i exper\u0163i \u00een management educa\u0163ional \u00eenc\u00e2t s\u0103 organizeze concurs, s\u0103 stabileasc\u0103 materie de concurs, s\u0103 fie capabili s\u0103 evalueze, s\u0103 stabileasc\u0103 matrici de evaluare, etc. Cu at\u00e2t mai mult cu c\u00e2t concursul pentru director nu presupune doar management efectiv educa\u0163ional, presupune probe de informatic\u0103, competen\u0163e digitale. De aceea, sunt m\u0103suri care au doar caracter, \u00een viziunea noastr\u0103, lozincar\u201d, a precizat prof. Florin Anastasiu.<\/p>\n<\/blockquote>\n<p><strong>Directorul adjunct al Liceului Teoretic \u201eGheorghe Munteanu Murgoci\u201d M\u0103cin, prof. Viorica Barbato: \u201eAparent, modelul propus de USR pare mai bun dec\u00e2t al ministerului de resort pentru c\u0103 implic\u0103 \u00een mod direct comunitatea\u201d<\/strong><\/p>\n<p><img decoding=\"async\" loading=\"lazy\" class=\" wp-image-37408 alignright\" src=\"https:\/\/ziaruldelta.ro\/wp-content\/uploads\/2026\/07\/Propunere-3-610x610.jpg\" alt width=\"479\" height=\"479\">Directorul adjunct al Liceului Teoretic \u201eGheorghe Munteanu Murgoci\u201d M\u0103cin, prof. Viorica Barbato, spune c\u0103 \u015fcoala \u015fi comunitatea local\u0103 \u00ee\u015fi cunosc cel mai bine nevoile \u015fi ar putea alege managerul potrivit. Ministerul ar trebui totu\u015fi s\u0103 stabileasc\u0103 standardele minimale, condi\u0163iile de eligibilitate \u015fi concursul de evaluare, l\u0103s\u00e2nd CA selec\u0163ia final\u0103 pe baza interviului, atrage aten\u0163ia directorul adjunct al Liceului Teoretic \u201eGheorghe Munteanu Murgoci\u201d M\u0103cin.<\/p>\n<blockquote>\n<p>\u201eAparent, modelul propus de USR pare mai bun dec\u00e2t al ministerului de resort pentru c\u0103 implic\u0103 \u00een mod direct comunitatea care \u00ee\u015fi cunoa\u015fte cel mai bine nevoile \u015fi, ca atare, \u015ftie ce tip de profil managerial \u00eei trebuie. Mai mult dec\u00e2t at\u00e2t, CA \u015fi implicit comunitatea local\u0103 vor fi responsabilizate \u00een ceea ce prive\u015fte performan\u0163a \u015fcolii. Propunerea pe care o face USR se aliniaz\u0103 tendin\u0163ei europene unde, \u00een majoritatea statelor, selec\u0163ia directorilor este f\u0103cut\u0103 la nivel local, lucru ce ar avea ca efect reducerea influen\u0163ei Inspectoratului \u015ecolar Jude\u0163ean, \u00eens\u0103 nu \u015fi a politicului! Cred c\u0103 o solu\u0163ie ar fi ca ministerul s\u0103 stabileasc\u0103 standardele minimale, condi\u0163iile de eligibilitate \u015fi\u00a0 concursul de evaluare, l\u0103s\u00e2nd Consiliului de Administra\u0163ie selec\u0163ia final\u0103 pe baza interviului \u015fi a proiectului managerial\u201d, a precizat prof. Viorica Barbato.<\/p>\n<\/blockquote>\n<p>Citi\u0163i continuarea \u00een edi\u0163ia tip\u0103rit\u0103 a ziarului Delta.<\/p>\n<\/div>\n<div class=\"post-content entry-content\">\n<p>Un proiect de lege ini\u0163iat de USR prevede organizarea concursului pentru ocuparea func\u0163iei de director de \u015fcoal\u0103 la nivelul fiec\u0103rei unit\u0103\u0163i de \u00eenv\u0103\u0163\u0103m\u00e2nt, de c\u0103tre Consiliul de Administra\u0163ie (CA), \u00een locul concursului na\u0163ional organizat \u00een prezent de Ministerul Educa\u0163iei. Criteriile de selec\u0163ie ar urma s\u0103 fie stabilite \u00een func\u0163ie de nevoile specifice ale fiec\u0103rei \u015fcoli, nu printr-o metodologie uniform\u0103 aplicat\u0103 de la nivel jude\u0163ean, propune USR. Cadrele didactice din Tulcea au opinii diferite \u00een leg\u0103tur\u0103 cu aceast\u0103 ini\u0163iativ\u0103. Unii consider\u0103 c\u0103 \u015fcolile \u00ee\u015fi cunosc cel mai bine nevoile \u015fi ar trebui s\u0103-\u015fi poat\u0103 alege singure conducerea, iar al\u0163ii sunt de p\u0103rere c\u0103 actualul sistem este mai obiectiv.<\/p>\n<p><strong>Directorul Liceului Teoretic \u201eGrigore Moisil\u201d Tulcea, prof. Camelia Ivanov: \u201ePersonal a\u015f opta pentru concursul na\u0163ional\u201d<\/strong><\/p>\n<p><img loading=\"lazy\" decoding=\"async\" class=\" wp-image-37406 alignright\" src=\"https:\/\/ziaruldelta.ro\/wp-content\/uploads\/2026\/07\/propunere-2-610x344.jpg\" alt width=\"461\" height=\"260\">Directorul Liceului Teoretic \u201eGrigore Moisil\u201d din Tulcea, prof. Camelia Ivanov, spune c\u0103 actualul concurs este dificil, \u00eens\u0103 probele scrise sunt obiective, de aceea ar opta totu\u015fi pentru concursul na\u0163ional.<\/p>\n<blockquote>\n<p>\u201eConcursul de directori \u00een forma actual\u0103 este destul de greu \u015fi solicitant, dar este obiectiv, \u00een mare parte \u2013 probele scrise. La proba de interviu, atunci c\u00e2nd intervine nemijlocit factorul uman sunt posibile orice scenarii, s\u0103 fii sus\u0163inut sau s\u0103 fii obstruc\u0163ionat. Chiar \u015fi a\u015fa, este filmat, deci po\u0163i face contesta\u0163ie. \u00cen varianta \u00een care ar fi organizat de CA al \u015fcolii, conteaz\u0103, dincolo de impresia pe care ai l\u0103sat-o de-a lungul timpului sau presta\u0163ia la momentul interviului, &lt;&lt;num\u0103rul de voturi pro \u015fi contra&gt;&gt;. Colegii din CA las\u0103 de multe ori problemele \u015fcolii pe umerii directorului. Nu au o motiva\u0163ie deosebit\u0103 \u00een a se implica, dincolo de participarea la \u015fedin\u0163e, \u015fi acord\u0103 directorului girul \u00een aprofundarea problemelor, \u00een documentare, \u00een g\u0103sirea solu\u0163iilor, urm\u00e2nd s\u0103 \u00ee\u015fi exprime p\u0103rerea \u00een rezolvarea acestora. S\u0103 nu uit\u0103m c\u0103, \u00een \u00eenv\u0103\u0163\u0103m\u00e2nt, calitatea de membru CA nu aduce nicio bonifica\u0163ie, iar func\u0163ia de director devine pe zi ce trece mai neatractiv\u0103 \u2013 legisla\u0163ie \u00een continu\u0103 schimbare, lipsa unei predictibilit\u0103\u0163i, birocra\u0163ie excesiv\u0103, probleme la nivelul societ\u0103\u0163ii care influen\u0163eaz\u0103 percep\u0163ia asupra educa\u0163iei \u015fi a rolului \u015fcolii \u015fi nu \u00een ultimul r\u00e2nd, un salariu nemotivant. Fiind un proiect care implic\u0103 o schimbare de percep\u0163ie, \u00een faza de pionierat sigur se vor face multe gre\u015feli. Personal a\u015f opta pentru concursul na\u0163ional. Modul \u00een care s-a desf\u0103\u015furat \u00een jude\u0163ul nostru nu a l\u0103sat suspiciuni de niciun fel\u201d, ne-a declarat prof. Camelia Ivanov.<\/p>\n<\/blockquote>\n<p><strong>Directorul Colegiului Na\u0163ional \u201eSpiru Haret\u201d Tulcea, prof. Florin Anastasiu: \u201eSunt m\u0103suri care au doar caracter, \u00een viziunea noastr\u0103, lozincar\u201d<\/strong><\/p>\n<p><img decoding=\"async\" loading=\"lazy\" class=\" wp-image-37407 alignleft\" src=\"https:\/\/ziaruldelta.ro\/wp-content\/uploads\/2026\/07\/Propunere-610x344.jpg\" alt width=\"408\" height=\"230\">Directorul Colegiului Na\u0163ional \u201eSpiru Haret\u201d Tulcea, prof. Florin Anastasiu, consider\u0103 c\u0103 proiectul nu este de fapt o reform\u0103 real\u0103.<\/p>\n<blockquote>\n<p>\u201eCumva se profesionalizeaz\u0103 func\u0163ia de director \u015fi se leag\u0103 \u015fi mai mult directorul de \u015fcoal\u0103. Multe astfel de m\u0103suri ciudate s-au luat, cosmetizate fiind sub titulatura de reform\u0103, iar aceasta este una dintre ele, neav\u00e2nd nimic de a face \u00een esen\u0163\u0103 cu o reform\u0103. La un moment dat spune &lt;&lt;func\u0163ia de director ar urma s\u0103 fie separat\u0103 de cea de pre\u015fedinte al CA&gt;&gt;, ceea ce este iar\u0103\u015fi relativ ciudat. CA este forul suprem, principal, de conducere a unei \u015fcoli. \u00cen momentul \u00een care pre\u015fedintele CA nu mai este directorul \u015fcolii, \u00een acel moment \u00eenseamn\u0103 c\u0103 de fapt, directorul \u015fcolii r\u0103m\u00e2ne cumva un simplu executant f\u0103r\u0103 niciun fel de atribu\u0163ii \u015fi posibilit\u0103\u0163i decizionale, ceea ce p\u00e2n\u0103 la urm\u0103 n-ar fi niciun fel de problem\u0103. Singura problem\u0103 este ca pre\u015fedintele CA s\u0103 fie ales prin vot secret de c\u0103tre membrii Consiliului, printr-un mecanism de control intern, care s\u0103 garanteze c\u0103 &lt;&lt;directorul r\u0103spunde \u00een fa\u0163a uni for independent cu competen\u0163e \u015fi legitimitate proprii&gt;&gt;. P\u0103i p\u00e2n\u0103 acum, CA nu a fost un for cu competen\u0163e \u015fi legitimitate proprii? Bine\u00een\u0163eles c\u0103 a\u015fa a fost\u201d, a explicat prof. Florin Anastasiu.<\/p>\n<\/blockquote>\n<p>Acesta atrage aten\u0163ia c\u0103 membrii CA nu au preg\u0103tirea necesar\u0103 pentru a organiza \u015fi evalua un concurs pentru func\u0163ia de director.<\/p>\n<blockquote>\n<p>\u201ePoate ini\u0163iatorii legii nu \u015ftiu c\u0103 \u00een CA al unei \u015fcoli fac parte \u015fi reprezentan\u0163i ai p\u0103rin\u0163ilor, ai autorit\u0103\u0163ilor locale \u015fi chiar elevi, membri ai consiliului \u015fcolar. Poate c\u0103 nu se \u015ftia lucrul acesta foarte bine. Mai apoi se spune c\u0103 respectivul concurs va fi organizat de c\u0103tre \u015fcoal\u0103 dup\u0103 o metodologie proprie, iar criteriile de selec\u0163ie vor fi organizate la nivelul \u015fcolii, de c\u0103tre CA. P\u0103i CA are atribu\u0163ii \u015fi competen\u0163e at\u00e2t de mari de management educa\u0163ional \u00eenc\u00e2t s\u0103 organizeze un concurs, s\u0103 stabileasc\u0103 probe, materie de concurs pe care s\u0103 fie capabili \u015fi s\u0103 o corecteze? Este ca \u015fi cum un profesor de fizic\u0103 d\u0103 o lucrare \u015fi trebuie s\u0103 \u015ftie s-o corecteze. La fel \u015fi CA, dac\u0103 d\u0103 o lucrare unui director, trebuie s\u0103 fie capabil s\u0103 corecteze acea lucrare. Asta \u00eenseamn\u0103 c\u0103 trebuie s\u0103 aib\u0103 atribu\u0163ii foarte mari de management educa\u0163ional. M\u0103 \u00eendoiesc c\u0103 \u00een fiecare CA al fiec\u0103rei \u015fcoli din \u0163ar\u0103 vor fi at\u00e2t de mul\u0163i exper\u0163i \u00een management educa\u0163ional \u00eenc\u00e2t s\u0103 organizeze concurs, s\u0103 stabileasc\u0103 materie de concurs, s\u0103 fie capabili s\u0103 evalueze, s\u0103 stabileasc\u0103 matrici de evaluare, etc. Cu at\u00e2t mai mult cu c\u00e2t concursul pentru director nu presupune doar management efectiv educa\u0163ional, presupune probe de informatic\u0103, competen\u0163e digitale. De aceea, sunt m\u0103suri care au doar caracter, \u00een viziunea noastr\u0103, lozincar\u201d, a precizat prof. Florin Anastasiu.<\/p>\n<\/blockquote>\n<p><strong>Directorul adjunct al Liceului Teoretic \u201eGheorghe Munteanu Murgoci\u201d M\u0103cin, prof. Viorica Barbato: \u201eAparent, modelul propus de USR pare mai bun dec\u00e2t al ministerului de resort pentru c\u0103 implic\u0103 \u00een mod direct comunitatea\u201d<\/strong><\/p>\n<p><img decoding=\"async\" loading=\"lazy\" class=\" wp-image-37408 alignright\" src=\"https:\/\/ziaruldelta.ro\/wp-content\/uploads\/2026\/07\/Propunere-3-610x610.jpg\" alt width=\"479\" height=\"479\">Directorul adjunct al Liceului Teoretic \u201eGheorghe Munteanu Murgoci\u201d M\u0103cin, prof. Viorica Barbato, spune c\u0103 \u015fcoala \u015fi comunitatea local\u0103 \u00ee\u015fi cunosc cel mai bine nevoile \u015fi ar putea alege managerul potrivit. Ministerul ar trebui totu\u015fi s\u0103 stabileasc\u0103 standardele minimale, condi\u0163iile de eligibilitate \u015fi concursul de evaluare, l\u0103s\u00e2nd CA selec\u0163ia final\u0103 pe baza interviului, atrage aten\u0163ia directorul adjunct al Liceului Teoretic \u201eGheorghe Munteanu Murgoci\u201d M\u0103cin.<\/p>\n<blockquote>\n<p>\u201eAparent, modelul propus de USR pare mai bun dec\u00e2t al ministerului de resort pentru c\u0103 implic\u0103 \u00een mod direct comunitatea care \u00ee\u015fi cunoa\u015fte cel mai bine nevoile \u015fi, ca atare, \u015ftie ce tip de profil managerial \u00eei trebuie. Mai mult dec\u00e2t at\u00e2t, CA \u015fi implicit comunitatea local\u0103 vor fi responsabilizate \u00een ceea ce prive\u015fte performan\u0163a \u015fcolii. Propunerea pe care o face USR se aliniaz\u0103 tendin\u0163ei europene unde, \u00een majoritatea statelor, selec\u0163ia directorilor este f\u0103cut\u0103 la nivel local, lucru ce ar avea ca efect reducerea influen\u0163ei Inspectoratului \u015ecolar Jude\u0163ean, \u00eens\u0103 nu \u015fi a politicului! Cred c\u0103 o solu\u0163ie ar fi ca ministerul s\u0103 stabileasc\u0103 standardele minimale, condi\u0163iile de eligibilitate \u015fi\u00a0 concursul de evaluare, l\u0103s\u00e2nd Consiliului de Administra\u0163ie selec\u0163ia final\u0103 pe baza interviului \u015fi a proiectului managerial\u201d, a precizat prof. Viorica Barbato.<\/p>\n<\/blockquote>\n<p>Citi\u0163i continuarea \u00een edi\u0163ia tip\u0103rit\u0103 a ziarului Delta.<\/p>\n<\/div>\n<p>[analyse_source url=&#8221;https:\/\/ziaruldelta.ro\/2026\/07\/13\/propunere-legislativa-concursul-pentru-directorii-de-scoli-ar-putea-fi-organizat-de-fiecare-unitate-de-invatamant\/&#8221;]<\/p>\n","protected":false},"excerpt":{"rendered":"<p>[analyse_image type=&#8221;featured&#8221; src=&#8221;https:\/\/ziaruldelta.ro\/wp-content\/uploads\/2022\/02\/Tulcea-54-de-posturi-de-directori.jpg&#8221;] Propunere legislativ\u0103: Concursul pentru directorii de \u015fcoli ar putea fi organizat de fiecare unitate de \u00eenv\u0103\u0163\u0103m\u00e2nt Posted by Claudia Ionescu | Jul 13, 2026 | Actualitate | Un proiect de lege ini\u0163iat de USR prevede organizarea concursului pentru ocuparea func\u0163iei de director de \u015fcoal\u0103 la nivelul fiec\u0103rei unit\u0103\u0163i de \u00eenv\u0103\u0163\u0103m\u00e2nt, de c\u0103tre [&hellip;]<\/p>\n","protected":false},"author":1,"featured_media":0,"comment_status":"open","ping_status":"","sticky":false,"template":"","format":"standard","meta":{"footnotes":""},"categories":[89],"tags":[226,206],"class_list":["post-2044170","post","type-post","status-publish","format-standard","hentry","category-romania","tag-crawlmanager","tag-ziaruldelta-ro"],"_links":{"self":[{"href":"https:\/\/analyse.optim.biz\/index.php?rest_route=\/wp\/v2\/posts\/2044170","targetHints":{"allow":["GET"]}}],"collection":[{"href":"https:\/\/analyse.optim.biz\/index.php?rest_route=\/wp\/v2\/posts"}],"about":[{"href":"https:\/\/analyse.optim.biz\/index.php?rest_route=\/wp\/v2\/types\/post"}],"author":[{"embeddable":true,"href":"https:\/\/analyse.optim.biz\/index.php?rest_route=\/wp\/v2\/users\/1"}],"replies":[{"embeddable":true,"href":"https:\/\/analyse.optim.biz\/index.php?rest_route=%2Fwp%2Fv2%2Fcomments&post=2044170"}],"version-history":[{"count":0,"href":"https:\/\/analyse.optim.biz\/index.php?rest_route=\/wp\/v2\/posts\/2044170\/revisions"}],"wp:attachment":[{"href":"https:\/\/analyse.optim.biz\/index.php?rest_route=%2Fwp%2Fv2%2Fmedia&parent=2044170"}],"wp:term":[{"taxonomy":"category","embeddable":true,"href":"https:\/\/analyse.optim.biz\/index.php?rest_route=%2Fwp%2Fv2%2Fcategories&post=2044170"},{"taxonomy":"post_tag","embeddable":true,"href":"https:\/\/analyse.optim.biz\/index.php?rest_route=%2Fwp%2Fv2%2Ftags&post=2044170"}],"curies":[{"name":"wp","href":"https:\/\/api.w.org\/{rel}","templated":true}]}}