{"id":2044167,"date":"2026-07-15T06:00:47","date_gmt":"2026-07-15T03:00:47","guid":{"rendered":"https:\/\/analyse.optim.biz\/?p=2044167"},"modified":"2026-07-15T06:00:47","modified_gmt":"2026-07-15T03:00:47","slug":"caravana-cartii-electronice-ajunge-in-sarichioi-ziarul-delta-tulcea","status":"publish","type":"post","link":"https:\/\/analyse.optim.biz\/?p=2044167","title":{"rendered":"Caravana C\u0103r\u0163ii electronice ajunge \u00een Sarichioi &#8211; Ziarul Delta Tulcea"},"content":{"rendered":"<p>[analyse_image type=&#8221;featured&#8221; src=&#8221;https:\/\/ziaruldelta.ro\/wp-content\/uploads\/2026\/07\/Caravana-Cropped.jpg&#8221;]<\/p>\n<article id=\"post-37461\" class=\"module single-post-module post-37461 post type-post status-publish format-standard has-post-thumbnail hentry category-social et-has-post-format-content et_post_format-et-post-format-standard\">\n<div class=\"post-header\">\n<h1 class=\"entry-title\">Caravana C\u0103r\u0163ii electronice ajunge \u00een Sarichioi<\/h1>\n<div class=\"post-meta vcard\">\n<p>Posted by <a href=\"https:\/\/ziaruldelta.ro\/author\/claudia-ionescu\/\" class=\"url fn\" title=\"Posts by Claudia Ionescu\" rel=\"author\">Claudia Ionescu<\/a> | <span class=\"updated\">Jul 15, 2026<\/span> | <a href=\"https:\/\/ziaruldelta.ro\/category\/social\/\" rel=\"tag\">Social<\/a> | <\/p>\n<\/div>\n<\/div>\n<div class=\"post-thumbnail header\"><img decoding=\"async\" src=\"https:\/\/ziaruldelta.ro\/wp-content\/uploads\/2026\/07\/Caravana-Cropped.jpg\" alt=\"Caravana C\u0103r\u0163ii electronice ajunge \u00een Sarichioi\"><\/div>\n<div class=\"post-wrap\">\n<div class=\"post-content entry-content\">\n<p>Locuitorii comunei Sarichioi care au nevoie de un nou act de identitate sau doresc s\u0103 treac\u0103 la noul format digital au ocazia s\u0103 o fac\u0103 gratuit \u015fi f\u0103r\u0103 programare. Un ghi\u015feu mobil se va deplasa chiar \u00een localitate pentru a prelua cererile cet\u0103\u0163enilor pentru noua carte de identitate.<\/p>\n<p>Ac\u0163iunea este programat\u0103 pentru ziua de mar\u0163i, 21 iulie, iar personalul specializat va fi prezent pe strada Principal\u0103, nr. 148, \u00een intervalul orar 09.30-14.30.<\/p>\n<p>Serviciile ghi\u015feului mobil se adreseaz\u0103 tuturor categoriilor de v\u00e2rst\u0103, cererile put\u00e2nd fi depuse at\u00e2t pentru adul\u0163i, c\u00e2t \u015fi pentru minori.<\/p>\n<blockquote>\n<p>\u201ePrim\u0103ria Sarichioi \u00eencurajeaz\u0103 cet\u0103\u0163enii s\u0103 utilizeze aceast\u0103 oportunitate \u015fi s\u0103 beneficieze de avantajele digitaliz\u0103rii \u015fi ale noilor servicii electronice oferite de stat. Profit\u0103 de aceast\u0103 oportunitate \u015fi treci la identitate digital\u0103\u201d, a transmis Prim\u0103ria Sarichioi.<\/p>\n<\/blockquote>\n<p>Pentru ca procesul de preluare a cererii s\u0103 decurg\u0103 rapid \u015fi f\u0103r\u0103 probleme, cet\u0103\u0163enii trebuie s\u0103 aib\u0103 asupra lor urm\u0103toarele documente de baz\u0103: certificat de na\u015ftere\/c\u0103s\u0103torie\/hot\u0103r\u00e2re de divor\u0163, actul de proprietate al imobilului\/proprietarului imobilului sau acordul pentru luare \u00een spa\u0163iu, adeverin\u0163\u0103 de la registrul agricol pentru atestarea domiciliului \u015fi documentul care atest\u0103 adresa de domiciliu. Ridicarea documentelor se face ulterior, la data comunicat\u0103.<\/p>\n<p>Ac\u0163iunea se realizeaz\u0103 \u00een colaborare cu Serviciul Jude\u0163ean de Eviden\u0163\u0103 a Persoanelor Tulcea.<\/p>\n<p>Citi\u0163i continuarea \u00een edi\u0163ia tip\u0103rit\u0103 a Ziarului DELTA.<\/p>\n<\/div>\n<\/div>\n<div class=\"post-footer\">\n<div class=\"social-icons ed-social-share-icons\">\n<p class=\"share-title\">Share:<\/p>\n<\/div>\n<div class=\"rating-stars\">\n<p id=\"rate-title\" class=\"rate-title\">Rate:<\/p>\n<\/div>\n<\/div>\n<\/article>\n<div class=\"post-content entry-content\">\n<p>Locuitorii comunei Sarichioi care au nevoie de un nou act de identitate sau doresc s\u0103 treac\u0103 la noul format digital au ocazia s\u0103 o fac\u0103 gratuit \u015fi f\u0103r\u0103 programare. Un ghi\u015feu mobil se va deplasa chiar \u00een localitate pentru a prelua cererile cet\u0103\u0163enilor pentru noua carte de identitate.<\/p>\n<p>Ac\u0163iunea este programat\u0103 pentru ziua de mar\u0163i, 21 iulie, iar personalul specializat va fi prezent pe strada Principal\u0103, nr. 148, \u00een intervalul orar 09.30-14.30.<\/p>\n<p>Serviciile ghi\u015feului mobil se adreseaz\u0103 tuturor categoriilor de v\u00e2rst\u0103, cererile put\u00e2nd fi depuse at\u00e2t pentru adul\u0163i, c\u00e2t \u015fi pentru minori.<\/p>\n<blockquote>\n<p>\u201ePrim\u0103ria Sarichioi \u00eencurajeaz\u0103 cet\u0103\u0163enii s\u0103 utilizeze aceast\u0103 oportunitate \u015fi s\u0103 beneficieze de avantajele digitaliz\u0103rii \u015fi ale noilor servicii electronice oferite de stat. Profit\u0103 de aceast\u0103 oportunitate \u015fi treci la identitate digital\u0103\u201d, a transmis Prim\u0103ria Sarichioi.<\/p>\n<\/blockquote>\n<p>Pentru ca procesul de preluare a cererii s\u0103 decurg\u0103 rapid \u015fi f\u0103r\u0103 probleme, cet\u0103\u0163enii trebuie s\u0103 aib\u0103 asupra lor urm\u0103toarele documente de baz\u0103: certificat de na\u015ftere\/c\u0103s\u0103torie\/hot\u0103r\u00e2re de divor\u0163, actul de proprietate al imobilului\/proprietarului imobilului sau acordul pentru luare \u00een spa\u0163iu, adeverin\u0163\u0103 de la registrul agricol pentru atestarea domiciliului \u015fi documentul care atest\u0103 adresa de domiciliu. Ridicarea documentelor se face ulterior, la data comunicat\u0103.<\/p>\n<p>Ac\u0163iunea se realizeaz\u0103 \u00een colaborare cu Serviciul Jude\u0163ean de Eviden\u0163\u0103 a Persoanelor Tulcea.<\/p>\n<p>Citi\u0163i continuarea \u00een edi\u0163ia tip\u0103rit\u0103 a Ziarului DELTA.<\/p>\n<\/div>\n<div class=\"post-content entry-content\">\n<p>Locuitorii comunei Sarichioi care au nevoie de un nou act de identitate sau doresc s\u0103 treac\u0103 la noul format digital au ocazia s\u0103 o fac\u0103 gratuit \u015fi f\u0103r\u0103 programare. Un ghi\u015feu mobil se va deplasa chiar \u00een localitate pentru a prelua cererile cet\u0103\u0163enilor pentru noua carte de identitate.<\/p>\n<p>Ac\u0163iunea este programat\u0103 pentru ziua de mar\u0163i, 21 iulie, iar personalul specializat va fi prezent pe strada Principal\u0103, nr. 148, \u00een intervalul orar 09.30-14.30.<\/p>\n<p>Serviciile ghi\u015feului mobil se adreseaz\u0103 tuturor categoriilor de v\u00e2rst\u0103, cererile put\u00e2nd fi depuse at\u00e2t pentru adul\u0163i, c\u00e2t \u015fi pentru minori.<\/p>\n<blockquote>\n<p>\u201ePrim\u0103ria Sarichioi \u00eencurajeaz\u0103 cet\u0103\u0163enii s\u0103 utilizeze aceast\u0103 oportunitate \u015fi s\u0103 beneficieze de avantajele digitaliz\u0103rii \u015fi ale noilor servicii electronice oferite de stat. Profit\u0103 de aceast\u0103 oportunitate \u015fi treci la identitate digital\u0103\u201d, a transmis Prim\u0103ria Sarichioi.<\/p>\n<\/blockquote>\n<p>Pentru ca procesul de preluare a cererii s\u0103 decurg\u0103 rapid \u015fi f\u0103r\u0103 probleme, cet\u0103\u0163enii trebuie s\u0103 aib\u0103 asupra lor urm\u0103toarele documente de baz\u0103: certificat de na\u015ftere\/c\u0103s\u0103torie\/hot\u0103r\u00e2re de divor\u0163, actul de proprietate al imobilului\/proprietarului imobilului sau acordul pentru luare \u00een spa\u0163iu, adeverin\u0163\u0103 de la registrul agricol pentru atestarea domiciliului \u015fi documentul care atest\u0103 adresa de domiciliu. Ridicarea documentelor se face ulterior, la data comunicat\u0103.<\/p>\n<p>Ac\u0163iunea se realizeaz\u0103 \u00een colaborare cu Serviciul Jude\u0163ean de Eviden\u0163\u0103 a Persoanelor Tulcea.<\/p>\n<p>Citi\u0163i continuarea \u00een edi\u0163ia tip\u0103rit\u0103 a Ziarului DELTA.<\/p>\n<\/div>\n<p>[analyse_source url=&#8221;https:\/\/ziaruldelta.ro\/2026\/07\/15\/caravana-cartii-electronice-ajunge-in-sarichioi\/&#8221;]<\/p>\n","protected":false},"excerpt":{"rendered":"<p>[analyse_image type=&#8221;featured&#8221; src=&#8221;https:\/\/ziaruldelta.ro\/wp-content\/uploads\/2026\/07\/Caravana-Cropped.jpg&#8221;] Caravana C\u0103r\u0163ii electronice ajunge \u00een Sarichioi Posted by Claudia Ionescu | Jul 15, 2026 | Social | Locuitorii comunei Sarichioi care au nevoie de un nou act de identitate sau doresc s\u0103 treac\u0103 la noul format digital au ocazia s\u0103 o fac\u0103 gratuit \u015fi f\u0103r\u0103 programare. Un ghi\u015feu mobil se va deplasa [&hellip;]<\/p>\n","protected":false},"author":1,"featured_media":0,"comment_status":"open","ping_status":"","sticky":false,"template":"","format":"standard","meta":{"footnotes":""},"categories":[89],"tags":[226,206],"class_list":["post-2044167","post","type-post","status-publish","format-standard","hentry","category-romania","tag-crawlmanager","tag-ziaruldelta-ro"],"_links":{"self":[{"href":"https:\/\/analyse.optim.biz\/index.php?rest_route=\/wp\/v2\/posts\/2044167","targetHints":{"allow":["GET"]}}],"collection":[{"href":"https:\/\/analyse.optim.biz\/index.php?rest_route=\/wp\/v2\/posts"}],"about":[{"href":"https:\/\/analyse.optim.biz\/index.php?rest_route=\/wp\/v2\/types\/post"}],"author":[{"embeddable":true,"href":"https:\/\/analyse.optim.biz\/index.php?rest_route=\/wp\/v2\/users\/1"}],"replies":[{"embeddable":true,"href":"https:\/\/analyse.optim.biz\/index.php?rest_route=%2Fwp%2Fv2%2Fcomments&post=2044167"}],"version-history":[{"count":0,"href":"https:\/\/analyse.optim.biz\/index.php?rest_route=\/wp\/v2\/posts\/2044167\/revisions"}],"wp:attachment":[{"href":"https:\/\/analyse.optim.biz\/index.php?rest_route=%2Fwp%2Fv2%2Fmedia&parent=2044167"}],"wp:term":[{"taxonomy":"category","embeddable":true,"href":"https:\/\/analyse.optim.biz\/index.php?rest_route=%2Fwp%2Fv2%2Fcategories&post=2044167"},{"taxonomy":"post_tag","embeddable":true,"href":"https:\/\/analyse.optim.biz\/index.php?rest_route=%2Fwp%2Fv2%2Ftags&post=2044167"}],"curies":[{"name":"wp","href":"https:\/\/api.w.org\/{rel}","templated":true}]}}