{"id":2044165,"date":"2026-07-15T06:00:45","date_gmt":"2026-07-15T03:00:45","guid":{"rendered":"https:\/\/analyse.optim.biz\/?p=2044165"},"modified":"2026-07-15T06:00:45","modified_gmt":"2026-07-15T03:00:45","slug":"adelyn-imob-devine-fondator-adela-barac-lanseaza-agentia-imobiliara-acasa-ziarul-delta-tulcea","status":"publish","type":"post","link":"https:\/\/analyse.optim.biz\/?p=2044165","title":{"rendered":"ADELYN IMOB devine FONDATOR. Adela Barac lanseaz\u0103 agen\u0163ia imobiliar\u0103 ACAS\u0102 &#8211; Ziarul Delta Tulcea"},"content":{"rendered":"<p>[analyse_image type=&#8221;featured&#8221; src=&#8221;https:\/\/ziaruldelta.ro\/wp-content\/uploads\/2026\/07\/ADELYN-IMOB-e1784049807196.jpg&#8221;]<\/p>\n<article id=\"post-37464\" class=\"module single-post-module post-37464 post type-post status-publish format-standard has-post-thumbnail hentry category-economie et-has-post-format-content et_post_format-et-post-format-standard\">\n<div class=\"post-header\">\n<h1 class=\"entry-title\">ADELYN IMOB devine FONDATOR. Adela Barac lanseaz\u0103 agen\u0163ia imobiliar\u0103 ACAS\u0102<\/h1>\n<div class=\"post-meta vcard\">\n<p>Posted by <a href=\"https:\/\/ziaruldelta.ro\/author\/nicoleta-urmuz\/\" class=\"url fn\" title=\"Posts by Nicoleta URMUZ\" rel=\"author\">Nicoleta URMUZ<\/a> | <span class=\"updated\">Jul 15, 2026<\/span> | <a href=\"https:\/\/ziaruldelta.ro\/category\/economie\/\" rel=\"tag\">Economie<\/a> | <\/p>\n<\/div>\n<\/div>\n<div class=\"post-thumbnail header\"><img decoding=\"async\" src=\"https:\/\/ziaruldelta.ro\/wp-content\/uploads\/2026\/07\/ADELYN-IMOB-1280x640.jpg\" alt=\"ADELYN IMOB devine FONDATOR. Adela Barac lanseaz\u0103 agen\u0163ia imobiliar\u0103 ACAS\u0102\"><\/div>\n<div class=\"post-wrap\">\n<div class=\"post-content entry-content\">\n<p>Dup\u0103 aproape dou\u0103 decenii de activitate \u00een domeniul imobiliar, perioad\u0103 \u00een care a construit \u015fi consolidat unul dintre cele mai cunoscute nume \u00een imobiliare din jude\u0163ul Tulcea, Adela Barac deschide un nou capitol profesional.<\/p>\n<p>Fondatoarea ADELYN IMOB inaugureaz\u0103 m\u00e2ine un nou sediu \u015fi lanseaz\u0103 agen\u0163ia imobiliar\u0103 ACAS\u0102, un proiect de familie manageriat de fratele s\u0103u,\u00a0 Valentin Barac, \u00een timp ce Adela va continua s\u0103 coordoneze din spatele \u00eentregului mecanism activitatea celor dou\u0103 agen\u0163ii, pun\u00e2nd la dispozi\u0163ie experien\u0163a, rela\u0163iile construite de-a lungul timpului \u015fi expertiza dob\u00e2ndit\u0103 \u00een gestionarea tranzac\u0163iilor imobiliare. \u00centr-o perioad\u0103 \u00een care pia\u0163a imobiliar\u0103 este \u00eentr-o continu\u0103 schimbare, iar cump\u0103r\u0103torii \u015fi v\u00e2nz\u0103torii sunt tot mai aten\u0163i la siguran\u0163a \u015fi transparen\u0163a unei tranzac\u0163ii, antreprenoarea consider\u0103 c\u0103 succesul nu este dat doar de promovare, ci mai ales de seriozitate, responsabilitate \u015fi de capacitatea de a g\u0103si cele mai bune solu\u0163ii pentru fiecare client.<\/p>\n<p>Despre lansarea agen\u0163iei ACAS\u0102, evolu\u0163ia pie\u0163ei imobiliare din Tulcea \u015fi planurile de viitor, Ziarul \u201eDelta\u201d a discutat cu Adela Barac, FONDATOAREA ADELYN IMOB.<\/p>\n<p>Reporter: Deschide\u0163i un nou sediu \u015fi un nou brand. Ce ne pute\u0163i spune despre acesta?<\/p>\n<p>ADELYN IMOB \u2013 fondatorul agen\u0163iei imobiliare ACAS\u0102: \u00cen 18 ani nu am construit doar un nume puternic. Am construit familia ADELYN IMOB.<\/p>\n<p>Eu, Adela, sunt un om cu adev\u0103rat norocos.<\/p>\n<p>Da! Dumnezeu mi-a d\u0103ruit dou\u0103 familii.<\/p>\n<p>Prima este familia \u00een care m-am n\u0103scut.<\/p>\n<p>A doua este familia ADELYN IMOB, pe care am construit-o \u00een cei 18 ani de, al\u0103turi de Petric\u0103, Ionela, Valeriu \u015fi Oana \u2013 eu sunt creierul, ei sunt motoarele \u00een ac\u0163iune non-stop. Sunt oamenii care mi-au fost sprijin \u015fi parte dintr-o poveste care, \u00een timp, s-a transformat \u00eentr-o adev\u0103rat\u0103 familie.<\/p>\n<p>\u015ei azi continu\u0103\u2026<\/p>\n<p>Azi \u2026 cele dou\u0103 familii ale mele se unesc. \u015ei vor duce imobiliarele \u00een Tulcea la un alt nivel, bine g\u00e2ndit\u2026<\/p>\n<p>Din experien\u0163a \u015fi valorile ADELYN IMOB se na\u015fte agen\u0163ia imobiliar\u0103 ACAS\u0102, un proiect de familie \u00een care manager este fratele meu, Valentin Barac.<\/p>\n<p>Aleg s\u0103 fiu sprijinul fratelui meu. Nu pentru c\u0103 nu ar putea singur, ci pentru c\u0103 eu cred c\u0103 cele mai frumoase proiecte se construiesc atunci c\u00e2nd familia merge \u00eempreun\u0103.<\/p>\n<p>Al\u0103turi de el sunt p\u0103rin\u0163ii no\u015ftri. Mama, dup\u0103 o via\u0163\u0103 dedicat\u0103 educa\u0163iei \u00een \u00eenv\u0103\u0163\u0103m\u00e2nt, este omul care m-a sus\u0163inut necondi\u0163ionat \u00een to\u0163i ace\u015fti ani \u015fi care mi-a insuflat respectul, elegan\u0163a, disciplina, responsabilitatea \u015fi impunerea de a \u015fti s\u0103 judec corect \u015fi s\u0103 nu fac compromisuri gre\u015fite.<\/p>\n<p>Tata a lucrat \u00een administra\u0163ie \u015fi, \u00een acela\u015fi timp, a dezvoltat permanent afacerile familiei. Experien\u0163a lui \u00een organizare, management \u015fi antreprenoriat reprezint\u0103 un sprijin important \u00een dezvoltarea acestui proiect.<\/p>\n<p>Eu voi fi al\u0103turi de fratele meu cu toat\u0103 experien\u0163a acumulat\u0103 \u00een aproape dou\u0103 decenii.<\/p>\n<p>Voi construi\u00a0 din spate aceia\u015fi \u00eencredere \u00een rela\u0163ia cu notarii, b\u0103ncile \u015fi institu\u0163iile, precum \u015fi \u00eentregul proces al tranzac\u0163iilor. Rela\u0163iile bazate pe \u00eencredere sunt singurele care definesc succesul.<\/p>\n<p>Cu ADELYN IMOB \u015fi ACAS\u0102, rolul meu este s\u0103 r\u0103m\u00e2n OMUL din spatele \u00eentregului mecanism \u015fi toate motoarele s\u0103 fie \u00een ac\u0163iune pe \u00eentreg ora\u015ful \u015fi jude\u0163ul, astfel \u00eenc\u00e2t fiecare client s\u0103 beneficieze de profesionalism, rapiditate \u015fi siguran\u0163\u0103.<\/p>\n<p>Cele dou\u0103 familii ale mele unesc ast\u0103zi experien\u0163a, educa\u0163ia, disciplina \u015fi profesionalismul pentru a duce serviciile imobiliare din Tulcea la un alt nivel unde \u00ceNCREDEREA v\u0103 face diferen\u0163a.<\/p>\n<p>\u015ei o s\u0103 ave\u0163i experien\u0163e personalizate.<\/p>\n<p>Reporter: De ce a\u0163i ales s\u0103 porni\u0163i acest nou proiect acum?<\/p>\n<p>ADELYN IMOB \u2013 fondatorul agen\u0163iei imobiliare ACAS\u0102: Nu am construit ACAS\u0102 din dorin\u0163a de a avea \u00eenc\u0103 un brand mare pe pia\u0163\u0103, ci din convingerea c\u0103 experien\u0163a ADELYN IMOB merit\u0103 s\u0103 creasc\u0103 \u015fi s\u0103 se dezvolte imobiliarele la un stadiu corect \u015fi pe \u00een\u0163elesul tuturor. Prin identificarea solu\u0163iilor pentru toate problemele din domeniul imobiliar.<\/p>\n<p>Cu ACAS\u0102 reu\u015fesc \u015fi \u00eemi doresc s\u0103-i sus\u0163in \u015fi s\u0103-i ajut pe to\u0163i, fiindu-le mai aproape\u00a0 prin prezen\u0163\u0103.<\/p>\n<p>Oamenii au nevoie s\u0103-i ascul\u0163i cu grij\u0103 \u015fi s\u0103 le\u00a0 g\u0103se\u015fti solu\u0163ii la problemele lor.<\/p>\n<p>Reporter: Faptul c\u0103 investi\u0163i \u00eentr-un nou sediu \u00eenseamn\u0103 c\u0103 pia\u0163a imobiliar\u0103 din Tulcea merge bine? Cum se mi\u015fc\u0103 pia\u0163a imobiliar\u0103 \u00een aceast\u0103 perioad\u0103?<\/p>\n<p>ADELYN IMOB \u2013 fondatorul agen\u0163iei imobiliare ACAS\u0102: Pia\u0163a imobiliar\u0103 din Tulcea este activ\u0103 \u015fi are un poten\u0163ial foarte mare. Oamenii cump\u0103r\u0103 \u015fi v\u00e2nd \u00een continuare, \u00eens\u0103 sunt mai aten\u0163i \u015fi \u00ee\u015fi doresc siguran\u0163\u0103, transparen\u0163\u0103 \u015fi oameni care \u00ee\u015fi asum\u0103 responsabilitatea p\u00e2n\u0103 la finalul tranzac\u0163iei. Viitorul ne apar\u0163ine, nou\u0103 tuturor s\u0103 oferim SIGURAN\u0162\u0102 \u015fi CALITATE \u00een acest domeniu, nu reclame.<\/p>\n<p>Reporter: Ce aduce nou aceast\u0103 agen\u0163ie fa\u0163\u0103 de ceea ce exist\u0103 deja pe pia\u0163\u0103?<\/p>\n<p>ADELYN IMOB \u2013 fondatorul agen\u0163iei imobiliare ACAS\u0102: ACAS\u0102 vine cu un concept diferit. Vom colabora cu toate b\u0103ncile, cu to\u0163i notarii \u015fi cu toate institu\u0163iile implicate \u00eentr-o tranzac\u0163ie, astfel \u00eenc\u00e2t clientul s\u0103 primeasc\u0103 cele mai bune solu\u0163ii \u015fi s\u0103 nu piard\u0103 timp. El s\u0103 mearg\u0103 la munc\u0103 lini\u015ftit. Noi s\u0103 ne ocup\u0103m de tot, cu profesionalism.<\/p>\n<p>\u00cen acela\u015fi timp, experien\u0163a ADELYN IMOB \u00eenseamn\u0103 PROMPTITUDINE \u00een documenta\u0163ie, organizare \u015fi finalizarea tranzac\u0163iilor imobiliare.<\/p>\n<p>Cred c\u0103\u00a0 jude\u0163ul Tulcea are nevoie de oameni care s\u0103 fac\u0103 imobiliare prin empatie, grij\u0103 \u015fi sus\u0163inere. \u00cen plus, fiecare client va beneficia de o promovare personalizat\u0103, puternic\u0103 \u015fi corect\u0103.<\/p>\n<p>Ca \u015fi fondator voi sus\u0163ine clien\u0163ii agen\u0163iei ACAS\u0102 la acela\u015fi nivel cu clien\u0163ii ADELYN IMOB. Asta \u00eenseamn\u0103 mai mult\u0103 promovare, mai mul\u0163i clien\u0163i \u015fi rezultate mai eficiente.<\/p>\n<p>Reporter: Ce planuri ave\u0163i pentru perioada urm\u0103toare?<\/p>\n<p>ADELYN IMOB \u2013 fondatorul agen\u0163iei imobiliare ACAS\u0102: Planurile sunt foarte clare. ADELYN IMOB \u015fi ACAS\u0102 s\u0103 devin\u0103 prima op\u0163iune a clien\u0163ilor.<\/p>\n<p>\u00cempreun\u0103\u00a0 devenim dou\u0103 agen\u0163ii, dou\u0103 sedii \u015fi dou\u0103 nume puternice ale pie\u0163ei imobiliare din\u00a0 jude\u0163ul Tulcea. Eu voi avea timpul necesar s\u0103 coordonez \u00een profunzime activitatea ambelor agen\u0163ii, \u00een timp ce fratele meu Valentin va dezvolta \u015fi consolida agen\u0163ia ACAS\u0102.<\/p>\n<p>Reporter: Ce mesaj ave\u0163i pentru tulcenii care vor s\u0103 cumpere sau s\u0103 v\u00e2nd\u0103 o locuin\u0163\u0103?<\/p>\n<p>ADELYN IMOB \u2013 fondatorul agen\u0163iei imobiliare ACAS\u0102: \u00cen spatele unei tranzac\u0163ii nu stau doar fotografii \u015fi promovare. Stau responsabilitate, experien\u0163\u0103, documente, negocieri, b\u0103nci, notari \u015fi foarte mult\u0103 munc\u0103 \u015fi pasiune.<\/p>\n<p>Le mul\u0163umesc tuturor celor care au avut \u00eencredere \u00een mine \u015fi \u00een ADELYN IMOB \u00een ace\u015fti 18 ani. Ast\u0103zi, experien\u0163a ADELYN IMOB \u015fi puterea ambelor mele familii\u00a0 dau na\u015ftere agen\u0163iei imobiliare ACAS\u0102. Sunt convins\u0103 c\u0103 \u00eempreun\u0103 vom ridica standardul serviciilor imobiliare din Tulcea \u015fi vom demonstra c\u0103 profesionalismul, seriozitatea \u015fi respectul pentru client r\u0103m\u00e2n cele mai importante valori \u00een aceast\u0103 profesie de suflet. Vom continua s\u0103 lucr\u0103m ca o familie. ADELYN IMOB \u015fi ACAS\u0102 s-au n\u0103scut dintr-o familie.<\/p>\n<p>Oameni dragi pune\u0163i pre\u0163 pe familiile voastre, sunt bog\u0103\u0163ia sufletului.<\/p>\n<p>\u00a0<\/p>\n<\/div>\n<\/div>\n<div class=\"post-footer\">\n<div class=\"social-icons ed-social-share-icons\">\n<p class=\"share-title\">Share:<\/p>\n<\/div>\n<div class=\"rating-stars\">\n<p id=\"rate-title\" class=\"rate-title\">Rate:<\/p>\n<\/div>\n<\/div>\n<\/article>\n<div class=\"post-content entry-content\">\n<p>Dup\u0103 aproape dou\u0103 decenii de activitate \u00een domeniul imobiliar, perioad\u0103 \u00een care a construit \u015fi consolidat unul dintre cele mai cunoscute nume \u00een imobiliare din jude\u0163ul Tulcea, Adela Barac deschide un nou capitol profesional.<\/p>\n<p>Fondatoarea ADELYN IMOB inaugureaz\u0103 m\u00e2ine un nou sediu \u015fi lanseaz\u0103 agen\u0163ia imobiliar\u0103 ACAS\u0102, un proiect de familie manageriat de fratele s\u0103u,\u00a0 Valentin Barac, \u00een timp ce Adela va continua s\u0103 coordoneze din spatele \u00eentregului mecanism activitatea celor dou\u0103 agen\u0163ii, pun\u00e2nd la dispozi\u0163ie experien\u0163a, rela\u0163iile construite de-a lungul timpului \u015fi expertiza dob\u00e2ndit\u0103 \u00een gestionarea tranzac\u0163iilor imobiliare. \u00centr-o perioad\u0103 \u00een care pia\u0163a imobiliar\u0103 este \u00eentr-o continu\u0103 schimbare, iar cump\u0103r\u0103torii \u015fi v\u00e2nz\u0103torii sunt tot mai aten\u0163i la siguran\u0163a \u015fi transparen\u0163a unei tranzac\u0163ii, antreprenoarea consider\u0103 c\u0103 succesul nu este dat doar de promovare, ci mai ales de seriozitate, responsabilitate \u015fi de capacitatea de a g\u0103si cele mai bune solu\u0163ii pentru fiecare client.<\/p>\n<p>Despre lansarea agen\u0163iei ACAS\u0102, evolu\u0163ia pie\u0163ei imobiliare din Tulcea \u015fi planurile de viitor, Ziarul \u201eDelta\u201d a discutat cu Adela Barac, FONDATOAREA ADELYN IMOB.<\/p>\n<p>Reporter: Deschide\u0163i un nou sediu \u015fi un nou brand. Ce ne pute\u0163i spune despre acesta?<\/p>\n<p>ADELYN IMOB \u2013 fondatorul agen\u0163iei imobiliare ACAS\u0102: \u00cen 18 ani nu am construit doar un nume puternic. Am construit familia ADELYN IMOB.<\/p>\n<p>Eu, Adela, sunt un om cu adev\u0103rat norocos.<\/p>\n<p>Da! Dumnezeu mi-a d\u0103ruit dou\u0103 familii.<\/p>\n<p>Prima este familia \u00een care m-am n\u0103scut.<\/p>\n<p>A doua este familia ADELYN IMOB, pe care am construit-o \u00een cei 18 ani de, al\u0103turi de Petric\u0103, Ionela, Valeriu \u015fi Oana \u2013 eu sunt creierul, ei sunt motoarele \u00een ac\u0163iune non-stop. Sunt oamenii care mi-au fost sprijin \u015fi parte dintr-o poveste care, \u00een timp, s-a transformat \u00eentr-o adev\u0103rat\u0103 familie.<\/p>\n<p>\u015ei azi continu\u0103\u2026<\/p>\n<p>Azi \u2026 cele dou\u0103 familii ale mele se unesc. \u015ei vor duce imobiliarele \u00een Tulcea la un alt nivel, bine g\u00e2ndit\u2026<\/p>\n<p>Din experien\u0163a \u015fi valorile ADELYN IMOB se na\u015fte agen\u0163ia imobiliar\u0103 ACAS\u0102, un proiect de familie \u00een care manager este fratele meu, Valentin Barac.<\/p>\n<p>Aleg s\u0103 fiu sprijinul fratelui meu. Nu pentru c\u0103 nu ar putea singur, ci pentru c\u0103 eu cred c\u0103 cele mai frumoase proiecte se construiesc atunci c\u00e2nd familia merge \u00eempreun\u0103.<\/p>\n<p>Al\u0103turi de el sunt p\u0103rin\u0163ii no\u015ftri. Mama, dup\u0103 o via\u0163\u0103 dedicat\u0103 educa\u0163iei \u00een \u00eenv\u0103\u0163\u0103m\u00e2nt, este omul care m-a sus\u0163inut necondi\u0163ionat \u00een to\u0163i ace\u015fti ani \u015fi care mi-a insuflat respectul, elegan\u0163a, disciplina, responsabilitatea \u015fi impunerea de a \u015fti s\u0103 judec corect \u015fi s\u0103 nu fac compromisuri gre\u015fite.<\/p>\n<p>Tata a lucrat \u00een administra\u0163ie \u015fi, \u00een acela\u015fi timp, a dezvoltat permanent afacerile familiei. Experien\u0163a lui \u00een organizare, management \u015fi antreprenoriat reprezint\u0103 un sprijin important \u00een dezvoltarea acestui proiect.<\/p>\n<p>Eu voi fi al\u0103turi de fratele meu cu toat\u0103 experien\u0163a acumulat\u0103 \u00een aproape dou\u0103 decenii.<\/p>\n<p>Voi construi\u00a0 din spate aceia\u015fi \u00eencredere \u00een rela\u0163ia cu notarii, b\u0103ncile \u015fi institu\u0163iile, precum \u015fi \u00eentregul proces al tranzac\u0163iilor. Rela\u0163iile bazate pe \u00eencredere sunt singurele care definesc succesul.<\/p>\n<p>Cu ADELYN IMOB \u015fi ACAS\u0102, rolul meu este s\u0103 r\u0103m\u00e2n OMUL din spatele \u00eentregului mecanism \u015fi toate motoarele s\u0103 fie \u00een ac\u0163iune pe \u00eentreg ora\u015ful \u015fi jude\u0163ul, astfel \u00eenc\u00e2t fiecare client s\u0103 beneficieze de profesionalism, rapiditate \u015fi siguran\u0163\u0103.<\/p>\n<p>Cele dou\u0103 familii ale mele unesc ast\u0103zi experien\u0163a, educa\u0163ia, disciplina \u015fi profesionalismul pentru a duce serviciile imobiliare din Tulcea la un alt nivel unde \u00ceNCREDEREA v\u0103 face diferen\u0163a.<\/p>\n<p>\u015ei o s\u0103 ave\u0163i experien\u0163e personalizate.<\/p>\n<p>Reporter: De ce a\u0163i ales s\u0103 porni\u0163i acest nou proiect acum?<\/p>\n<p>ADELYN IMOB \u2013 fondatorul agen\u0163iei imobiliare ACAS\u0102: Nu am construit ACAS\u0102 din dorin\u0163a de a avea \u00eenc\u0103 un brand mare pe pia\u0163\u0103, ci din convingerea c\u0103 experien\u0163a ADELYN IMOB merit\u0103 s\u0103 creasc\u0103 \u015fi s\u0103 se dezvolte imobiliarele la un stadiu corect \u015fi pe \u00een\u0163elesul tuturor. Prin identificarea solu\u0163iilor pentru toate problemele din domeniul imobiliar.<\/p>\n<p>Cu ACAS\u0102 reu\u015fesc \u015fi \u00eemi doresc s\u0103-i sus\u0163in \u015fi s\u0103-i ajut pe to\u0163i, fiindu-le mai aproape\u00a0 prin prezen\u0163\u0103.<\/p>\n<p>Oamenii au nevoie s\u0103-i ascul\u0163i cu grij\u0103 \u015fi s\u0103 le\u00a0 g\u0103se\u015fti solu\u0163ii la problemele lor.<\/p>\n<p>Reporter: Faptul c\u0103 investi\u0163i \u00eentr-un nou sediu \u00eenseamn\u0103 c\u0103 pia\u0163a imobiliar\u0103 din Tulcea merge bine? Cum se mi\u015fc\u0103 pia\u0163a imobiliar\u0103 \u00een aceast\u0103 perioad\u0103?<\/p>\n<p>ADELYN IMOB \u2013 fondatorul agen\u0163iei imobiliare ACAS\u0102: Pia\u0163a imobiliar\u0103 din Tulcea este activ\u0103 \u015fi are un poten\u0163ial foarte mare. Oamenii cump\u0103r\u0103 \u015fi v\u00e2nd \u00een continuare, \u00eens\u0103 sunt mai aten\u0163i \u015fi \u00ee\u015fi doresc siguran\u0163\u0103, transparen\u0163\u0103 \u015fi oameni care \u00ee\u015fi asum\u0103 responsabilitatea p\u00e2n\u0103 la finalul tranzac\u0163iei. Viitorul ne apar\u0163ine, nou\u0103 tuturor s\u0103 oferim SIGURAN\u0162\u0102 \u015fi CALITATE \u00een acest domeniu, nu reclame.<\/p>\n<p>Reporter: Ce aduce nou aceast\u0103 agen\u0163ie fa\u0163\u0103 de ceea ce exist\u0103 deja pe pia\u0163\u0103?<\/p>\n<p>ADELYN IMOB \u2013 fondatorul agen\u0163iei imobiliare ACAS\u0102: ACAS\u0102 vine cu un concept diferit. Vom colabora cu toate b\u0103ncile, cu to\u0163i notarii \u015fi cu toate institu\u0163iile implicate \u00eentr-o tranzac\u0163ie, astfel \u00eenc\u00e2t clientul s\u0103 primeasc\u0103 cele mai bune solu\u0163ii \u015fi s\u0103 nu piard\u0103 timp. El s\u0103 mearg\u0103 la munc\u0103 lini\u015ftit. Noi s\u0103 ne ocup\u0103m de tot, cu profesionalism.<\/p>\n<p>\u00cen acela\u015fi timp, experien\u0163a ADELYN IMOB \u00eenseamn\u0103 PROMPTITUDINE \u00een documenta\u0163ie, organizare \u015fi finalizarea tranzac\u0163iilor imobiliare.<\/p>\n<p>Cred c\u0103\u00a0 jude\u0163ul Tulcea are nevoie de oameni care s\u0103 fac\u0103 imobiliare prin empatie, grij\u0103 \u015fi sus\u0163inere. \u00cen plus, fiecare client va beneficia de o promovare personalizat\u0103, puternic\u0103 \u015fi corect\u0103.<\/p>\n<p>Ca \u015fi fondator voi sus\u0163ine clien\u0163ii agen\u0163iei ACAS\u0102 la acela\u015fi nivel cu clien\u0163ii ADELYN IMOB. Asta \u00eenseamn\u0103 mai mult\u0103 promovare, mai mul\u0163i clien\u0163i \u015fi rezultate mai eficiente.<\/p>\n<p>Reporter: Ce planuri ave\u0163i pentru perioada urm\u0103toare?<\/p>\n<p>ADELYN IMOB \u2013 fondatorul agen\u0163iei imobiliare ACAS\u0102: Planurile sunt foarte clare. ADELYN IMOB \u015fi ACAS\u0102 s\u0103 devin\u0103 prima op\u0163iune a clien\u0163ilor.<\/p>\n<p>\u00cempreun\u0103\u00a0 devenim dou\u0103 agen\u0163ii, dou\u0103 sedii \u015fi dou\u0103 nume puternice ale pie\u0163ei imobiliare din\u00a0 jude\u0163ul Tulcea. Eu voi avea timpul necesar s\u0103 coordonez \u00een profunzime activitatea ambelor agen\u0163ii, \u00een timp ce fratele meu Valentin va dezvolta \u015fi consolida agen\u0163ia ACAS\u0102.<\/p>\n<p>Reporter: Ce mesaj ave\u0163i pentru tulcenii care vor s\u0103 cumpere sau s\u0103 v\u00e2nd\u0103 o locuin\u0163\u0103?<\/p>\n<p>ADELYN IMOB \u2013 fondatorul agen\u0163iei imobiliare ACAS\u0102: \u00cen spatele unei tranzac\u0163ii nu stau doar fotografii \u015fi promovare. Stau responsabilitate, experien\u0163\u0103, documente, negocieri, b\u0103nci, notari \u015fi foarte mult\u0103 munc\u0103 \u015fi pasiune.<\/p>\n<p>Le mul\u0163umesc tuturor celor care au avut \u00eencredere \u00een mine \u015fi \u00een ADELYN IMOB \u00een ace\u015fti 18 ani. Ast\u0103zi, experien\u0163a ADELYN IMOB \u015fi puterea ambelor mele familii\u00a0 dau na\u015ftere agen\u0163iei imobiliare ACAS\u0102. Sunt convins\u0103 c\u0103 \u00eempreun\u0103 vom ridica standardul serviciilor imobiliare din Tulcea \u015fi vom demonstra c\u0103 profesionalismul, seriozitatea \u015fi respectul pentru client r\u0103m\u00e2n cele mai importante valori \u00een aceast\u0103 profesie de suflet. Vom continua s\u0103 lucr\u0103m ca o familie. ADELYN IMOB \u015fi ACAS\u0102 s-au n\u0103scut dintr-o familie.<\/p>\n<p>Oameni dragi pune\u0163i pre\u0163 pe familiile voastre, sunt bog\u0103\u0163ia sufletului.<\/p>\n<p>\u00a0<\/p>\n<\/div>\n<div class=\"post-content entry-content\">\n<p>Dup\u0103 aproape dou\u0103 decenii de activitate \u00een domeniul imobiliar, perioad\u0103 \u00een care a construit \u015fi consolidat unul dintre cele mai cunoscute nume \u00een imobiliare din jude\u0163ul Tulcea, Adela Barac deschide un nou capitol profesional.<\/p>\n<p>Fondatoarea ADELYN IMOB inaugureaz\u0103 m\u00e2ine un nou sediu \u015fi lanseaz\u0103 agen\u0163ia imobiliar\u0103 ACAS\u0102, un proiect de familie manageriat de fratele s\u0103u,\u00a0 Valentin Barac, \u00een timp ce Adela va continua s\u0103 coordoneze din spatele \u00eentregului mecanism activitatea celor dou\u0103 agen\u0163ii, pun\u00e2nd la dispozi\u0163ie experien\u0163a, rela\u0163iile construite de-a lungul timpului \u015fi expertiza dob\u00e2ndit\u0103 \u00een gestionarea tranzac\u0163iilor imobiliare. \u00centr-o perioad\u0103 \u00een care pia\u0163a imobiliar\u0103 este \u00eentr-o continu\u0103 schimbare, iar cump\u0103r\u0103torii \u015fi v\u00e2nz\u0103torii sunt tot mai aten\u0163i la siguran\u0163a \u015fi transparen\u0163a unei tranzac\u0163ii, antreprenoarea consider\u0103 c\u0103 succesul nu este dat doar de promovare, ci mai ales de seriozitate, responsabilitate \u015fi de capacitatea de a g\u0103si cele mai bune solu\u0163ii pentru fiecare client.<\/p>\n<p>Despre lansarea agen\u0163iei ACAS\u0102, evolu\u0163ia pie\u0163ei imobiliare din Tulcea \u015fi planurile de viitor, Ziarul \u201eDelta\u201d a discutat cu Adela Barac, FONDATOAREA ADELYN IMOB.<\/p>\n<p>Reporter: Deschide\u0163i un nou sediu \u015fi un nou brand. Ce ne pute\u0163i spune despre acesta?<\/p>\n<p>ADELYN IMOB \u2013 fondatorul agen\u0163iei imobiliare ACAS\u0102: \u00cen 18 ani nu am construit doar un nume puternic. Am construit familia ADELYN IMOB.<\/p>\n<p>Eu, Adela, sunt un om cu adev\u0103rat norocos.<\/p>\n<p>Da! Dumnezeu mi-a d\u0103ruit dou\u0103 familii.<\/p>\n<p>Prima este familia \u00een care m-am n\u0103scut.<\/p>\n<p>A doua este familia ADELYN IMOB, pe care am construit-o \u00een cei 18 ani de, al\u0103turi de Petric\u0103, Ionela, Valeriu \u015fi Oana \u2013 eu sunt creierul, ei sunt motoarele \u00een ac\u0163iune non-stop. Sunt oamenii care mi-au fost sprijin \u015fi parte dintr-o poveste care, \u00een timp, s-a transformat \u00eentr-o adev\u0103rat\u0103 familie.<\/p>\n<p>\u015ei azi continu\u0103\u2026<\/p>\n<p>Azi \u2026 cele dou\u0103 familii ale mele se unesc. \u015ei vor duce imobiliarele \u00een Tulcea la un alt nivel, bine g\u00e2ndit\u2026<\/p>\n<p>Din experien\u0163a \u015fi valorile ADELYN IMOB se na\u015fte agen\u0163ia imobiliar\u0103 ACAS\u0102, un proiect de familie \u00een care manager este fratele meu, Valentin Barac.<\/p>\n<p>Aleg s\u0103 fiu sprijinul fratelui meu. Nu pentru c\u0103 nu ar putea singur, ci pentru c\u0103 eu cred c\u0103 cele mai frumoase proiecte se construiesc atunci c\u00e2nd familia merge \u00eempreun\u0103.<\/p>\n<p>Al\u0103turi de el sunt p\u0103rin\u0163ii no\u015ftri. Mama, dup\u0103 o via\u0163\u0103 dedicat\u0103 educa\u0163iei \u00een \u00eenv\u0103\u0163\u0103m\u00e2nt, este omul care m-a sus\u0163inut necondi\u0163ionat \u00een to\u0163i ace\u015fti ani \u015fi care mi-a insuflat respectul, elegan\u0163a, disciplina, responsabilitatea \u015fi impunerea de a \u015fti s\u0103 judec corect \u015fi s\u0103 nu fac compromisuri gre\u015fite.<\/p>\n<p>Tata a lucrat \u00een administra\u0163ie \u015fi, \u00een acela\u015fi timp, a dezvoltat permanent afacerile familiei. Experien\u0163a lui \u00een organizare, management \u015fi antreprenoriat reprezint\u0103 un sprijin important \u00een dezvoltarea acestui proiect.<\/p>\n<p>Eu voi fi al\u0103turi de fratele meu cu toat\u0103 experien\u0163a acumulat\u0103 \u00een aproape dou\u0103 decenii.<\/p>\n<p>Voi construi\u00a0 din spate aceia\u015fi \u00eencredere \u00een rela\u0163ia cu notarii, b\u0103ncile \u015fi institu\u0163iile, precum \u015fi \u00eentregul proces al tranzac\u0163iilor. Rela\u0163iile bazate pe \u00eencredere sunt singurele care definesc succesul.<\/p>\n<p>Cu ADELYN IMOB \u015fi ACAS\u0102, rolul meu este s\u0103 r\u0103m\u00e2n OMUL din spatele \u00eentregului mecanism \u015fi toate motoarele s\u0103 fie \u00een ac\u0163iune pe \u00eentreg ora\u015ful \u015fi jude\u0163ul, astfel \u00eenc\u00e2t fiecare client s\u0103 beneficieze de profesionalism, rapiditate \u015fi siguran\u0163\u0103.<\/p>\n<p>Cele dou\u0103 familii ale mele unesc ast\u0103zi experien\u0163a, educa\u0163ia, disciplina \u015fi profesionalismul pentru a duce serviciile imobiliare din Tulcea la un alt nivel unde \u00ceNCREDEREA v\u0103 face diferen\u0163a.<\/p>\n<p>\u015ei o s\u0103 ave\u0163i experien\u0163e personalizate.<\/p>\n<p>Reporter: De ce a\u0163i ales s\u0103 porni\u0163i acest nou proiect acum?<\/p>\n<p>ADELYN IMOB \u2013 fondatorul agen\u0163iei imobiliare ACAS\u0102: Nu am construit ACAS\u0102 din dorin\u0163a de a avea \u00eenc\u0103 un brand mare pe pia\u0163\u0103, ci din convingerea c\u0103 experien\u0163a ADELYN IMOB merit\u0103 s\u0103 creasc\u0103 \u015fi s\u0103 se dezvolte imobiliarele la un stadiu corect \u015fi pe \u00een\u0163elesul tuturor. Prin identificarea solu\u0163iilor pentru toate problemele din domeniul imobiliar.<\/p>\n<p>Cu ACAS\u0102 reu\u015fesc \u015fi \u00eemi doresc s\u0103-i sus\u0163in \u015fi s\u0103-i ajut pe to\u0163i, fiindu-le mai aproape\u00a0 prin prezen\u0163\u0103.<\/p>\n<p>Oamenii au nevoie s\u0103-i ascul\u0163i cu grij\u0103 \u015fi s\u0103 le\u00a0 g\u0103se\u015fti solu\u0163ii la problemele lor.<\/p>\n<p>Reporter: Faptul c\u0103 investi\u0163i \u00eentr-un nou sediu \u00eenseamn\u0103 c\u0103 pia\u0163a imobiliar\u0103 din Tulcea merge bine? Cum se mi\u015fc\u0103 pia\u0163a imobiliar\u0103 \u00een aceast\u0103 perioad\u0103?<\/p>\n<p>ADELYN IMOB \u2013 fondatorul agen\u0163iei imobiliare ACAS\u0102: Pia\u0163a imobiliar\u0103 din Tulcea este activ\u0103 \u015fi are un poten\u0163ial foarte mare. Oamenii cump\u0103r\u0103 \u015fi v\u00e2nd \u00een continuare, \u00eens\u0103 sunt mai aten\u0163i \u015fi \u00ee\u015fi doresc siguran\u0163\u0103, transparen\u0163\u0103 \u015fi oameni care \u00ee\u015fi asum\u0103 responsabilitatea p\u00e2n\u0103 la finalul tranzac\u0163iei. Viitorul ne apar\u0163ine, nou\u0103 tuturor s\u0103 oferim SIGURAN\u0162\u0102 \u015fi CALITATE \u00een acest domeniu, nu reclame.<\/p>\n<p>Reporter: Ce aduce nou aceast\u0103 agen\u0163ie fa\u0163\u0103 de ceea ce exist\u0103 deja pe pia\u0163\u0103?<\/p>\n<p>ADELYN IMOB \u2013 fondatorul agen\u0163iei imobiliare ACAS\u0102: ACAS\u0102 vine cu un concept diferit. Vom colabora cu toate b\u0103ncile, cu to\u0163i notarii \u015fi cu toate institu\u0163iile implicate \u00eentr-o tranzac\u0163ie, astfel \u00eenc\u00e2t clientul s\u0103 primeasc\u0103 cele mai bune solu\u0163ii \u015fi s\u0103 nu piard\u0103 timp. El s\u0103 mearg\u0103 la munc\u0103 lini\u015ftit. Noi s\u0103 ne ocup\u0103m de tot, cu profesionalism.<\/p>\n<p>\u00cen acela\u015fi timp, experien\u0163a ADELYN IMOB \u00eenseamn\u0103 PROMPTITUDINE \u00een documenta\u0163ie, organizare \u015fi finalizarea tranzac\u0163iilor imobiliare.<\/p>\n<p>Cred c\u0103\u00a0 jude\u0163ul Tulcea are nevoie de oameni care s\u0103 fac\u0103 imobiliare prin empatie, grij\u0103 \u015fi sus\u0163inere. \u00cen plus, fiecare client va beneficia de o promovare personalizat\u0103, puternic\u0103 \u015fi corect\u0103.<\/p>\n<p>Ca \u015fi fondator voi sus\u0163ine clien\u0163ii agen\u0163iei ACAS\u0102 la acela\u015fi nivel cu clien\u0163ii ADELYN IMOB. Asta \u00eenseamn\u0103 mai mult\u0103 promovare, mai mul\u0163i clien\u0163i \u015fi rezultate mai eficiente.<\/p>\n<p>Reporter: Ce planuri ave\u0163i pentru perioada urm\u0103toare?<\/p>\n<p>ADELYN IMOB \u2013 fondatorul agen\u0163iei imobiliare ACAS\u0102: Planurile sunt foarte clare. ADELYN IMOB \u015fi ACAS\u0102 s\u0103 devin\u0103 prima op\u0163iune a clien\u0163ilor.<\/p>\n<p>\u00cempreun\u0103\u00a0 devenim dou\u0103 agen\u0163ii, dou\u0103 sedii \u015fi dou\u0103 nume puternice ale pie\u0163ei imobiliare din\u00a0 jude\u0163ul Tulcea. Eu voi avea timpul necesar s\u0103 coordonez \u00een profunzime activitatea ambelor agen\u0163ii, \u00een timp ce fratele meu Valentin va dezvolta \u015fi consolida agen\u0163ia ACAS\u0102.<\/p>\n<p>Reporter: Ce mesaj ave\u0163i pentru tulcenii care vor s\u0103 cumpere sau s\u0103 v\u00e2nd\u0103 o locuin\u0163\u0103?<\/p>\n<p>ADELYN IMOB \u2013 fondatorul agen\u0163iei imobiliare ACAS\u0102: \u00cen spatele unei tranzac\u0163ii nu stau doar fotografii \u015fi promovare. Stau responsabilitate, experien\u0163\u0103, documente, negocieri, b\u0103nci, notari \u015fi foarte mult\u0103 munc\u0103 \u015fi pasiune.<\/p>\n<p>Le mul\u0163umesc tuturor celor care au avut \u00eencredere \u00een mine \u015fi \u00een ADELYN IMOB \u00een ace\u015fti 18 ani. Ast\u0103zi, experien\u0163a ADELYN IMOB \u015fi puterea ambelor mele familii\u00a0 dau na\u015ftere agen\u0163iei imobiliare ACAS\u0102. Sunt convins\u0103 c\u0103 \u00eempreun\u0103 vom ridica standardul serviciilor imobiliare din Tulcea \u015fi vom demonstra c\u0103 profesionalismul, seriozitatea \u015fi respectul pentru client r\u0103m\u00e2n cele mai importante valori \u00een aceast\u0103 profesie de suflet. Vom continua s\u0103 lucr\u0103m ca o familie. ADELYN IMOB \u015fi ACAS\u0102 s-au n\u0103scut dintr-o familie.<\/p>\n<p>Oameni dragi pune\u0163i pre\u0163 pe familiile voastre, sunt bog\u0103\u0163ia sufletului.<\/p>\n<p>\u00a0<\/p>\n<\/div>\n<p>[analyse_source url=&#8221;https:\/\/ziaruldelta.ro\/2026\/07\/15\/adelyn-imob-devine-fondator-adela-barac-lanseaza-agentia-imobiliara-acasa\/&#8221;]<\/p>\n","protected":false},"excerpt":{"rendered":"<p>[analyse_image type=&#8221;featured&#8221; src=&#8221;https:\/\/ziaruldelta.ro\/wp-content\/uploads\/2026\/07\/ADELYN-IMOB-e1784049807196.jpg&#8221;] ADELYN IMOB devine FONDATOR. Adela Barac lanseaz\u0103 agen\u0163ia imobiliar\u0103 ACAS\u0102 Posted by Nicoleta URMUZ | Jul 15, 2026 | Economie | Dup\u0103 aproape dou\u0103 decenii de activitate \u00een domeniul imobiliar, perioad\u0103 \u00een care a construit \u015fi consolidat unul dintre cele mai cunoscute nume \u00een imobiliare din jude\u0163ul Tulcea, Adela Barac deschide un [&hellip;]<\/p>\n","protected":false},"author":1,"featured_media":0,"comment_status":"open","ping_status":"","sticky":false,"template":"","format":"standard","meta":{"footnotes":""},"categories":[89],"tags":[226,206],"class_list":["post-2044165","post","type-post","status-publish","format-standard","hentry","category-romania","tag-crawlmanager","tag-ziaruldelta-ro"],"_links":{"self":[{"href":"https:\/\/analyse.optim.biz\/index.php?rest_route=\/wp\/v2\/posts\/2044165","targetHints":{"allow":["GET"]}}],"collection":[{"href":"https:\/\/analyse.optim.biz\/index.php?rest_route=\/wp\/v2\/posts"}],"about":[{"href":"https:\/\/analyse.optim.biz\/index.php?rest_route=\/wp\/v2\/types\/post"}],"author":[{"embeddable":true,"href":"https:\/\/analyse.optim.biz\/index.php?rest_route=\/wp\/v2\/users\/1"}],"replies":[{"embeddable":true,"href":"https:\/\/analyse.optim.biz\/index.php?rest_route=%2Fwp%2Fv2%2Fcomments&post=2044165"}],"version-history":[{"count":0,"href":"https:\/\/analyse.optim.biz\/index.php?rest_route=\/wp\/v2\/posts\/2044165\/revisions"}],"wp:attachment":[{"href":"https:\/\/analyse.optim.biz\/index.php?rest_route=%2Fwp%2Fv2%2Fmedia&parent=2044165"}],"wp:term":[{"taxonomy":"category","embeddable":true,"href":"https:\/\/analyse.optim.biz\/index.php?rest_route=%2Fwp%2Fv2%2Fcategories&post=2044165"},{"taxonomy":"post_tag","embeddable":true,"href":"https:\/\/analyse.optim.biz\/index.php?rest_route=%2Fwp%2Fv2%2Ftags&post=2044165"}],"curies":[{"name":"wp","href":"https:\/\/api.w.org\/{rel}","templated":true}]}}