{"id":2044164,"date":"2026-07-15T06:00:45","date_gmt":"2026-07-15T03:00:45","guid":{"rendered":"https:\/\/analyse.optim.biz\/?p=2044164"},"modified":"2026-07-15T06:00:45","modified_gmt":"2026-07-15T03:00:45","slug":"primaria-frecatei-infiinteaza-o-echipa-mobila-pentru-interventia-in-cazurile-de-violenta-domestica-ziarul","status":"publish","type":"post","link":"https:\/\/analyse.optim.biz\/?p=2044164","title":{"rendered":"Prim\u0103ria Frec\u0103\u0163ei \u00eenfiin\u0163eaz\u0103 o echip\u0103 mobil\u0103 pentru interven\u0163ia \u00een cazurile de violen\u0163\u0103 domestic\u0103 &#8211; Ziarul"},"content":{"rendered":"<p>[analyse_image type=&#8221;featured&#8221; src=&#8221;https:\/\/ziaruldelta.ro\/wp-content\/uploads\/2026\/07\/Primaria-Frecatei-e1784050195420.jpg&#8221;]<\/p>\n<article id=\"post-37471\" class=\"module single-post-module post-37471 post type-post status-publish format-standard has-post-thumbnail hentry category-politica-administratie et-has-post-format-content et_post_format-et-post-format-standard\">\n<div class=\"post-header\">\n<h1 class=\"entry-title\">Prim\u0103ria Frec\u0103\u0163ei \u00eenfiin\u0163eaz\u0103 o echip\u0103 mobil\u0103 pentru interven\u0163ia \u00een cazurile de violen\u0163\u0103 domestic\u0103<\/h1>\n<div class=\"post-meta vcard\">\n<p>Posted by <a href=\"https:\/\/ziaruldelta.ro\/author\/nicoleta-urmuz\/\" class=\"url fn\" title=\"Posts by Nicoleta URMUZ\" rel=\"author\">Nicoleta URMUZ<\/a> | <span class=\"updated\">Jul 15, 2026<\/span> | <a href=\"https:\/\/ziaruldelta.ro\/category\/politica-administratie\/\" rel=\"tag\">Politica &#8211; Administratie<\/a> | <\/p>\n<\/div>\n<\/div>\n<div class=\"post-thumbnail header\"><img decoding=\"async\" src=\"https:\/\/ziaruldelta.ro\/wp-content\/uploads\/2026\/07\/Primaria-Frecatei-1280x640.jpg\" alt=\"Prim\u0103ria Frec\u0103\u0163ei \u00eenfiin\u0163eaz\u0103 o echip\u0103 mobil\u0103 pentru interven\u0163ia \u00een cazurile de violen\u0163\u0103 domestic\u0103\"><\/div>\n<div class=\"post-wrap\">\n<div class=\"post-content entry-content\">\n<p>O echip\u0103 mobil\u0103 de interven\u0163ie \u00een cazurile de violen\u0163\u0103 domestic\u0103 va func\u0163iona \u00een cadrul Prim\u0103riei comunei Frec\u0103\u0163ei, \u00een baza unei hot\u0103r\u00e2ri adoptate luna trecut\u0103 de Consiliul Local. Echipa este format\u0103 din 11 membri, reprezent\u00e2nd administra\u0163ia public\u0103 local\u0103, serviciile sociale, sistemul medical, poli\u0163ia \u015fi comunitatea local\u0103, av\u00e2nd rolul de a interveni \u00een situa\u0163iile de violen\u0163\u0103 domestic\u0103 \u015fi de a acorda sprijin victimelor. Coordonarea activit\u0103\u0163ii echipei va fi asigurat\u0103 de Compartimentul de Asisten\u0163\u0103 Social\u0103 din cadrul Prim\u0103riei comunei Frec\u0103\u0163ei.<\/p>\n<p>Echipa este format\u0103 din Daniel-Valentin Ilu\u0163\u0103 \u2013 viceprimar, Nicoleta Filip \u2013 referent superior asisten\u0163\u0103 social\u0103\/tehnician asisten\u0163\u0103 social\u0103, Doina Torcea \u2013 asistent medical comunitar, Ramona- Cristina Babii \u2013 referent superior\/mediator \u015fcolar, Vasile Secreieru \u2013 consilier personal al primarului, Valentin Mihalache \u2013 agent de poli\u0163ie, Victor Dragulschi \u2013 preot paroh, parohia Frec\u0103\u0163ei, Dorin Enciu \u2013 preot paroh, parohia Cataloi, Lauren\u0163iu Irimia \u2013 preot paroh, parohia Po\u015fta, Nicolae Chiri\u0163\u0103 \u2013 preot paroh, parohia Teli\u0163a, Octavian Torcea \u2013 voluntar. Coordonatorul echipei mobile este Nicoleta Filip.<\/p>\n<p>Echipa mobil\u0103 reprezint\u0103 un mecanism prev\u0103zut de legisla\u0163ia na\u0163ional\u0103 \u015fi destinat sprijinirii rapide a persoanelor aflate \u00een situa\u0163ii de risc. Potrivit autorit\u0103\u0163ilor locale din Frec\u0103\u0163ei, m\u0103sura vine \u00een contextul \u00een care fenomenul violen\u0163ei domestice reprezint\u0103 una dintre cele mai grave probleme sociale ale societ\u0103\u0163ii contemporane, cu efecte profunde at\u00e2t asupra victimelor directe, c\u00e2t \u015fi asupra copiilor care asist\u0103 la astfel de situa\u0163ii \u00een cadrul familiei.<\/p>\n<blockquote>\n<p>\u201eViolen\u0163a domestic\u0103 nu este o problem\u0103 privat\u0103, ci o problem\u0103 a \u00eentregii comunit\u0103\u0163i. Prin constituirea acestei echipe mobile, comuna Frec\u0103\u0163ei pune \u00een aplicare un mecanism prin care persoanele aflate \u00een situa\u0163ii de risc pot primi sprijin \u015fi \u00eendrumare \u00eentr-un timp c\u00e2t mai scurt. Ne-am dorit o colaborare \u00eentre administra\u0163ia local\u0103, serviciile sociale, sistemul medical, poli\u0163ie \u015fi reprezentan\u0163ii comunit\u0103\u0163ii, pentru ca interven\u0163ia s\u0103 fie rapid\u0103 \u015fi eficient\u0103 atunci c\u00e2nd este nevoie. Mesajul nostru c\u0103tre cet\u0103\u0163eni este simplu: dac\u0103 exist\u0103 o situa\u0163ie de violen\u0163\u0103 domestic\u0103, cere\u0163i ajutor. Exist\u0103 institu\u0163ii \u015fi oameni preg\u0103ti\u0163i s\u0103 intervin\u0103 \u015fi s\u0103 ofere sprijin\u201d, ne-a declarat primarul comunei Frec\u0103\u0163ei, Marian Naiman.<\/p>\n<\/blockquote>\n<p>La nivelul comunei Frec\u0103\u0163ei nu au existat situa\u0163ii de violen\u0163\u0103 domestic\u0103 \u00een care s\u0103 intervin\u0103 echipa mobil\u0103 p\u00e2n\u0103 acum.<\/p>\n<p>\u201eP\u00e2n\u0103 \u00een prezent nu au existat situa\u0163ii \u00een care s\u0103 fie necesar\u0103 activarea acestui mecanism \u00een cadrul procedurii prev\u0103zute de lege la nivelul comunei Frec\u0103\u0163ei\u201d, a precizat primarul\u00a0 Marian Naiman.<\/p>\n<p>Pentru desf\u0103\u015furarea interven\u0163iilor de urgen\u0163\u0103, administra\u0163ia local\u0103 a pus la dispozi\u0163ie un autoturism din parcul auto propriu, astfel \u00eenc\u00e2t deplasarea la locul interven\u0163iei s\u0103 poat\u0103 fi realizat\u0103 \u00een cel mai scurt timp posibil.<\/p>\n<p>Printre atribu\u0163iile echipei se num\u0103r\u0103 verificarea semnal\u0103rilor de violen\u0163\u0103 domestic\u0103, evaluarea gradului de risc, consilierea \u015fi informarea victimelor, orientarea acestora c\u0103tre servicii specializate \u015fi colaborarea cu institu\u0163iile competente pentru asigurarea m\u0103surilor de protec\u0163ie prev\u0103zute de lege. \u00cen situa\u0163iile prev\u0103zute de lege, echipa mobil\u0103 poate sprijini transportul victimelor c\u0103tre unit\u0103\u0163i medicale, poate facilita accesul la servicii sociale \u015fi poate colabora cu organele de poli\u0163ie \u015fi cu alte institu\u0163ii implicate \u00een protejarea persoanelor vulnerabile.<\/p>\n<p>Potrivit procedurii na\u0163ionale aprobate prin Ordinul nr. 2525\/2018, echipa mobil\u0103 trebuie s\u0103 se deplaseze la locul interven\u0163iei \u00een maximum 90 de minute de la sesizarea efectuat\u0103 de organele de poli\u0163ie.<\/p>\n<\/div>\n<\/div>\n<div class=\"post-footer\">\n<div class=\"social-icons ed-social-share-icons\">\n<p class=\"share-title\">Share:<\/p>\n<\/div>\n<div class=\"rating-stars\">\n<p id=\"rate-title\" class=\"rate-title\">Rate:<\/p>\n<\/div>\n<\/div>\n<\/article>\n<div class=\"post-content entry-content\">\n<p>O echip\u0103 mobil\u0103 de interven\u0163ie \u00een cazurile de violen\u0163\u0103 domestic\u0103 va func\u0163iona \u00een cadrul Prim\u0103riei comunei Frec\u0103\u0163ei, \u00een baza unei hot\u0103r\u00e2ri adoptate luna trecut\u0103 de Consiliul Local. Echipa este format\u0103 din 11 membri, reprezent\u00e2nd administra\u0163ia public\u0103 local\u0103, serviciile sociale, sistemul medical, poli\u0163ia \u015fi comunitatea local\u0103, av\u00e2nd rolul de a interveni \u00een situa\u0163iile de violen\u0163\u0103 domestic\u0103 \u015fi de a acorda sprijin victimelor. Coordonarea activit\u0103\u0163ii echipei va fi asigurat\u0103 de Compartimentul de Asisten\u0163\u0103 Social\u0103 din cadrul Prim\u0103riei comunei Frec\u0103\u0163ei.<\/p>\n<p>Echipa este format\u0103 din Daniel-Valentin Ilu\u0163\u0103 \u2013 viceprimar, Nicoleta Filip \u2013 referent superior asisten\u0163\u0103 social\u0103\/tehnician asisten\u0163\u0103 social\u0103, Doina Torcea \u2013 asistent medical comunitar, Ramona- Cristina Babii \u2013 referent superior\/mediator \u015fcolar, Vasile Secreieru \u2013 consilier personal al primarului, Valentin Mihalache \u2013 agent de poli\u0163ie, Victor Dragulschi \u2013 preot paroh, parohia Frec\u0103\u0163ei, Dorin Enciu \u2013 preot paroh, parohia Cataloi, Lauren\u0163iu Irimia \u2013 preot paroh, parohia Po\u015fta, Nicolae Chiri\u0163\u0103 \u2013 preot paroh, parohia Teli\u0163a, Octavian Torcea \u2013 voluntar. Coordonatorul echipei mobile este Nicoleta Filip.<\/p>\n<p>Echipa mobil\u0103 reprezint\u0103 un mecanism prev\u0103zut de legisla\u0163ia na\u0163ional\u0103 \u015fi destinat sprijinirii rapide a persoanelor aflate \u00een situa\u0163ii de risc. Potrivit autorit\u0103\u0163ilor locale din Frec\u0103\u0163ei, m\u0103sura vine \u00een contextul \u00een care fenomenul violen\u0163ei domestice reprezint\u0103 una dintre cele mai grave probleme sociale ale societ\u0103\u0163ii contemporane, cu efecte profunde at\u00e2t asupra victimelor directe, c\u00e2t \u015fi asupra copiilor care asist\u0103 la astfel de situa\u0163ii \u00een cadrul familiei.<\/p>\n<blockquote>\n<p>\u201eViolen\u0163a domestic\u0103 nu este o problem\u0103 privat\u0103, ci o problem\u0103 a \u00eentregii comunit\u0103\u0163i. Prin constituirea acestei echipe mobile, comuna Frec\u0103\u0163ei pune \u00een aplicare un mecanism prin care persoanele aflate \u00een situa\u0163ii de risc pot primi sprijin \u015fi \u00eendrumare \u00eentr-un timp c\u00e2t mai scurt. Ne-am dorit o colaborare \u00eentre administra\u0163ia local\u0103, serviciile sociale, sistemul medical, poli\u0163ie \u015fi reprezentan\u0163ii comunit\u0103\u0163ii, pentru ca interven\u0163ia s\u0103 fie rapid\u0103 \u015fi eficient\u0103 atunci c\u00e2nd este nevoie. Mesajul nostru c\u0103tre cet\u0103\u0163eni este simplu: dac\u0103 exist\u0103 o situa\u0163ie de violen\u0163\u0103 domestic\u0103, cere\u0163i ajutor. Exist\u0103 institu\u0163ii \u015fi oameni preg\u0103ti\u0163i s\u0103 intervin\u0103 \u015fi s\u0103 ofere sprijin\u201d, ne-a declarat primarul comunei Frec\u0103\u0163ei, Marian Naiman.<\/p>\n<\/blockquote>\n<p>La nivelul comunei Frec\u0103\u0163ei nu au existat situa\u0163ii de violen\u0163\u0103 domestic\u0103 \u00een care s\u0103 intervin\u0103 echipa mobil\u0103 p\u00e2n\u0103 acum.<\/p>\n<p>\u201eP\u00e2n\u0103 \u00een prezent nu au existat situa\u0163ii \u00een care s\u0103 fie necesar\u0103 activarea acestui mecanism \u00een cadrul procedurii prev\u0103zute de lege la nivelul comunei Frec\u0103\u0163ei\u201d, a precizat primarul\u00a0 Marian Naiman.<\/p>\n<p>Pentru desf\u0103\u015furarea interven\u0163iilor de urgen\u0163\u0103, administra\u0163ia local\u0103 a pus la dispozi\u0163ie un autoturism din parcul auto propriu, astfel \u00eenc\u00e2t deplasarea la locul interven\u0163iei s\u0103 poat\u0103 fi realizat\u0103 \u00een cel mai scurt timp posibil.<\/p>\n<p>Printre atribu\u0163iile echipei se num\u0103r\u0103 verificarea semnal\u0103rilor de violen\u0163\u0103 domestic\u0103, evaluarea gradului de risc, consilierea \u015fi informarea victimelor, orientarea acestora c\u0103tre servicii specializate \u015fi colaborarea cu institu\u0163iile competente pentru asigurarea m\u0103surilor de protec\u0163ie prev\u0103zute de lege. \u00cen situa\u0163iile prev\u0103zute de lege, echipa mobil\u0103 poate sprijini transportul victimelor c\u0103tre unit\u0103\u0163i medicale, poate facilita accesul la servicii sociale \u015fi poate colabora cu organele de poli\u0163ie \u015fi cu alte institu\u0163ii implicate \u00een protejarea persoanelor vulnerabile.<\/p>\n<p>Potrivit procedurii na\u0163ionale aprobate prin Ordinul nr. 2525\/2018, echipa mobil\u0103 trebuie s\u0103 se deplaseze la locul interven\u0163iei \u00een maximum 90 de minute de la sesizarea efectuat\u0103 de organele de poli\u0163ie.<\/p>\n<\/div>\n<div class=\"post-content entry-content\">\n<p>O echip\u0103 mobil\u0103 de interven\u0163ie \u00een cazurile de violen\u0163\u0103 domestic\u0103 va func\u0163iona \u00een cadrul Prim\u0103riei comunei Frec\u0103\u0163ei, \u00een baza unei hot\u0103r\u00e2ri adoptate luna trecut\u0103 de Consiliul Local. Echipa este format\u0103 din 11 membri, reprezent\u00e2nd administra\u0163ia public\u0103 local\u0103, serviciile sociale, sistemul medical, poli\u0163ia \u015fi comunitatea local\u0103, av\u00e2nd rolul de a interveni \u00een situa\u0163iile de violen\u0163\u0103 domestic\u0103 \u015fi de a acorda sprijin victimelor. Coordonarea activit\u0103\u0163ii echipei va fi asigurat\u0103 de Compartimentul de Asisten\u0163\u0103 Social\u0103 din cadrul Prim\u0103riei comunei Frec\u0103\u0163ei.<\/p>\n<p>Echipa este format\u0103 din Daniel-Valentin Ilu\u0163\u0103 \u2013 viceprimar, Nicoleta Filip \u2013 referent superior asisten\u0163\u0103 social\u0103\/tehnician asisten\u0163\u0103 social\u0103, Doina Torcea \u2013 asistent medical comunitar, Ramona- Cristina Babii \u2013 referent superior\/mediator \u015fcolar, Vasile Secreieru \u2013 consilier personal al primarului, Valentin Mihalache \u2013 agent de poli\u0163ie, Victor Dragulschi \u2013 preot paroh, parohia Frec\u0103\u0163ei, Dorin Enciu \u2013 preot paroh, parohia Cataloi, Lauren\u0163iu Irimia \u2013 preot paroh, parohia Po\u015fta, Nicolae Chiri\u0163\u0103 \u2013 preot paroh, parohia Teli\u0163a, Octavian Torcea \u2013 voluntar. Coordonatorul echipei mobile este Nicoleta Filip.<\/p>\n<p>Echipa mobil\u0103 reprezint\u0103 un mecanism prev\u0103zut de legisla\u0163ia na\u0163ional\u0103 \u015fi destinat sprijinirii rapide a persoanelor aflate \u00een situa\u0163ii de risc. Potrivit autorit\u0103\u0163ilor locale din Frec\u0103\u0163ei, m\u0103sura vine \u00een contextul \u00een care fenomenul violen\u0163ei domestice reprezint\u0103 una dintre cele mai grave probleme sociale ale societ\u0103\u0163ii contemporane, cu efecte profunde at\u00e2t asupra victimelor directe, c\u00e2t \u015fi asupra copiilor care asist\u0103 la astfel de situa\u0163ii \u00een cadrul familiei.<\/p>\n<blockquote>\n<p>\u201eViolen\u0163a domestic\u0103 nu este o problem\u0103 privat\u0103, ci o problem\u0103 a \u00eentregii comunit\u0103\u0163i. Prin constituirea acestei echipe mobile, comuna Frec\u0103\u0163ei pune \u00een aplicare un mecanism prin care persoanele aflate \u00een situa\u0163ii de risc pot primi sprijin \u015fi \u00eendrumare \u00eentr-un timp c\u00e2t mai scurt. Ne-am dorit o colaborare \u00eentre administra\u0163ia local\u0103, serviciile sociale, sistemul medical, poli\u0163ie \u015fi reprezentan\u0163ii comunit\u0103\u0163ii, pentru ca interven\u0163ia s\u0103 fie rapid\u0103 \u015fi eficient\u0103 atunci c\u00e2nd este nevoie. Mesajul nostru c\u0103tre cet\u0103\u0163eni este simplu: dac\u0103 exist\u0103 o situa\u0163ie de violen\u0163\u0103 domestic\u0103, cere\u0163i ajutor. Exist\u0103 institu\u0163ii \u015fi oameni preg\u0103ti\u0163i s\u0103 intervin\u0103 \u015fi s\u0103 ofere sprijin\u201d, ne-a declarat primarul comunei Frec\u0103\u0163ei, Marian Naiman.<\/p>\n<\/blockquote>\n<p>La nivelul comunei Frec\u0103\u0163ei nu au existat situa\u0163ii de violen\u0163\u0103 domestic\u0103 \u00een care s\u0103 intervin\u0103 echipa mobil\u0103 p\u00e2n\u0103 acum.<\/p>\n<p>\u201eP\u00e2n\u0103 \u00een prezent nu au existat situa\u0163ii \u00een care s\u0103 fie necesar\u0103 activarea acestui mecanism \u00een cadrul procedurii prev\u0103zute de lege la nivelul comunei Frec\u0103\u0163ei\u201d, a precizat primarul\u00a0 Marian Naiman.<\/p>\n<p>Pentru desf\u0103\u015furarea interven\u0163iilor de urgen\u0163\u0103, administra\u0163ia local\u0103 a pus la dispozi\u0163ie un autoturism din parcul auto propriu, astfel \u00eenc\u00e2t deplasarea la locul interven\u0163iei s\u0103 poat\u0103 fi realizat\u0103 \u00een cel mai scurt timp posibil.<\/p>\n<p>Printre atribu\u0163iile echipei se num\u0103r\u0103 verificarea semnal\u0103rilor de violen\u0163\u0103 domestic\u0103, evaluarea gradului de risc, consilierea \u015fi informarea victimelor, orientarea acestora c\u0103tre servicii specializate \u015fi colaborarea cu institu\u0163iile competente pentru asigurarea m\u0103surilor de protec\u0163ie prev\u0103zute de lege. \u00cen situa\u0163iile prev\u0103zute de lege, echipa mobil\u0103 poate sprijini transportul victimelor c\u0103tre unit\u0103\u0163i medicale, poate facilita accesul la servicii sociale \u015fi poate colabora cu organele de poli\u0163ie \u015fi cu alte institu\u0163ii implicate \u00een protejarea persoanelor vulnerabile.<\/p>\n<p>Potrivit procedurii na\u0163ionale aprobate prin Ordinul nr. 2525\/2018, echipa mobil\u0103 trebuie s\u0103 se deplaseze la locul interven\u0163iei \u00een maximum 90 de minute de la sesizarea efectuat\u0103 de organele de poli\u0163ie.<\/p>\n<\/div>\n<p>[analyse_source url=&#8221;https:\/\/ziaruldelta.ro\/2026\/07\/15\/primaria-frecatei-infiinteaza-o-echipa-mobila-pentru-interventia-in-cazurile-de-violenta-domestica\/&#8221;]<\/p>\n","protected":false},"excerpt":{"rendered":"<p>[analyse_image type=&#8221;featured&#8221; src=&#8221;https:\/\/ziaruldelta.ro\/wp-content\/uploads\/2026\/07\/Primaria-Frecatei-e1784050195420.jpg&#8221;] Prim\u0103ria Frec\u0103\u0163ei \u00eenfiin\u0163eaz\u0103 o echip\u0103 mobil\u0103 pentru interven\u0163ia \u00een cazurile de violen\u0163\u0103 domestic\u0103 Posted by Nicoleta URMUZ | Jul 15, 2026 | Politica &#8211; Administratie | O echip\u0103 mobil\u0103 de interven\u0163ie \u00een cazurile de violen\u0163\u0103 domestic\u0103 va func\u0163iona \u00een cadrul Prim\u0103riei comunei Frec\u0103\u0163ei, \u00een baza unei hot\u0103r\u00e2ri adoptate luna trecut\u0103 de Consiliul [&hellip;]<\/p>\n","protected":false},"author":1,"featured_media":0,"comment_status":"open","ping_status":"","sticky":false,"template":"","format":"standard","meta":{"footnotes":""},"categories":[89],"tags":[226,206],"class_list":["post-2044164","post","type-post","status-publish","format-standard","hentry","category-romania","tag-crawlmanager","tag-ziaruldelta-ro"],"_links":{"self":[{"href":"https:\/\/analyse.optim.biz\/index.php?rest_route=\/wp\/v2\/posts\/2044164","targetHints":{"allow":["GET"]}}],"collection":[{"href":"https:\/\/analyse.optim.biz\/index.php?rest_route=\/wp\/v2\/posts"}],"about":[{"href":"https:\/\/analyse.optim.biz\/index.php?rest_route=\/wp\/v2\/types\/post"}],"author":[{"embeddable":true,"href":"https:\/\/analyse.optim.biz\/index.php?rest_route=\/wp\/v2\/users\/1"}],"replies":[{"embeddable":true,"href":"https:\/\/analyse.optim.biz\/index.php?rest_route=%2Fwp%2Fv2%2Fcomments&post=2044164"}],"version-history":[{"count":0,"href":"https:\/\/analyse.optim.biz\/index.php?rest_route=\/wp\/v2\/posts\/2044164\/revisions"}],"wp:attachment":[{"href":"https:\/\/analyse.optim.biz\/index.php?rest_route=%2Fwp%2Fv2%2Fmedia&parent=2044164"}],"wp:term":[{"taxonomy":"category","embeddable":true,"href":"https:\/\/analyse.optim.biz\/index.php?rest_route=%2Fwp%2Fv2%2Fcategories&post=2044164"},{"taxonomy":"post_tag","embeddable":true,"href":"https:\/\/analyse.optim.biz\/index.php?rest_route=%2Fwp%2Fv2%2Ftags&post=2044164"}],"curies":[{"name":"wp","href":"https:\/\/api.w.org\/{rel}","templated":true}]}}