{"id":2044163,"date":"2026-07-14T06:00:59","date_gmt":"2026-07-14T03:00:59","guid":{"rendered":"https:\/\/analyse.optim.biz\/?p=2044163"},"modified":"2026-07-14T06:00:59","modified_gmt":"2026-07-14T03:00:59","slug":"universitatea-dunarea-de-jos-din-galati-incadrata-de-ministerul-educatiei-in-clasa-i-de-performanta","status":"publish","type":"post","link":"https:\/\/analyse.optim.biz\/?p=2044163","title":{"rendered":"Universitatea \u201eDun\u0103rea de Jos\u201d din Gala\u0163i, \u00eencadrat\u0103 de Ministerul Educa\u0163iei \u00een clasa I de performan\u0163\u0103 &#8211;"},"content":{"rendered":"<p>[analyse_image type=&#8221;featured&#8221; src=&#8221;https:\/\/ziaruldelta.ro\/wp-content\/uploads\/2026\/07\/Universitatea-1-e1783947899182.jpg&#8221;]<\/p>\n<article id=\"post-37440\" class=\"module single-post-module post-37440 post type-post status-publish format-standard has-post-thumbnail hentry category-eveniment et-has-post-format-content et_post_format-et-post-format-standard\">\n<div class=\"post-header\">\n<h1 class=\"entry-title\">Universitatea \u201eDun\u0103rea de Jos\u201d din Gala\u0163i, \u00eencadrat\u0103 de Ministerul Educa\u0163iei \u00een clasa I de performan\u0163\u0103<\/h1>\n<div class=\"post-meta vcard\">\n<p>Posted by <a href=\"https:\/\/ziaruldelta.ro\/author\/adela-darie\/\" class=\"url fn\" title=\"Posts by Adela Darie\" rel=\"author\">Adela Darie<\/a> | <span class=\"updated\">Jul 14, 2026<\/span> | <a href=\"https:\/\/ziaruldelta.ro\/category\/eveniment\/\" rel=\"tag\">Eveniment<\/a> | <\/p>\n<\/div>\n<\/div>\n<div class=\"post-thumbnail header\"><img decoding=\"async\" src=\"https:\/\/ziaruldelta.ro\/wp-content\/uploads\/2026\/07\/Universitatea-1-1280x640.jpg\" alt=\"Universitatea \u201eDun\u0103rea de Jos\u201d din Gala\u0163i, \u00eencadrat\u0103 de Ministerul Educa\u0163iei \u00een clasa I de performan\u0163\u0103\"><\/div>\n<div class=\"post-wrap\">\n<div class=\"post-content entry-content\">\n<p>Universitatea \u201eDun\u0103rea de Jos\u201d din Gala\u0163i anun\u0163\u0103 c\u0103, prin Ordinul nr. 4324\/30.06.2026 al Ministerului Educa\u0163iei \u015fi Cercet\u0103rii, a fost \u00eencadrat\u0103 \u00een clasa I de performan\u0163\u0103.<\/p>\n<blockquote>\n<p>\u201eEste o confirmare a valorii Universit\u0103\u0163ii noastre. Doresc s\u0103 v\u0103 mul\u0163umesc pentru implicare\u201d, a transmis rectorul Marian Barbu, comunit\u0103\u0163ii academice de la Dun\u0103rea de Jos.<\/p>\n<\/blockquote>\n<p>Potrivit unei post\u0103ri pe pagina de Facebook a institu\u0163iei de \u00eenv\u0103\u0163\u0103m\u00e2nt superior g\u0103l\u0103\u0163ene, rezultatul evalu\u0103rii reflect\u0103 efortul sus\u0163inut al cercet\u0103torilor, cadrelor didactice, doctoranzilor \u015fi studen\u0163ilor implica\u0163i \u00een activitatea de cercetare \u015fi reconfirm\u0103 pozi\u0163ia Universit\u0103\u0163ii \u201eDun\u0103rea de Jos\u201d din Gala\u0163i \u00een r\u00e2ndul institu\u0163iilor de \u00eenv\u0103\u0163\u0103m\u00e2nt superior \u015fi cercetare de referin\u0163\u0103 din Rom\u00e2nia.<\/p>\n<\/div>\n<\/div>\n<div class=\"post-footer\">\n<div class=\"social-icons ed-social-share-icons\">\n<p class=\"share-title\">Share:<\/p>\n<\/div>\n<div class=\"rating-stars\">\n<p id=\"rate-title\" class=\"rate-title\">Rate:<\/p>\n<\/div>\n<\/div>\n<\/article>\n<div class=\"post-content entry-content\">\n<p>Universitatea \u201eDun\u0103rea de Jos\u201d din Gala\u0163i anun\u0163\u0103 c\u0103, prin Ordinul nr. 4324\/30.06.2026 al Ministerului Educa\u0163iei \u015fi Cercet\u0103rii, a fost \u00eencadrat\u0103 \u00een clasa I de performan\u0163\u0103.<\/p>\n<blockquote>\n<p>\u201eEste o confirmare a valorii Universit\u0103\u0163ii noastre. Doresc s\u0103 v\u0103 mul\u0163umesc pentru implicare\u201d, a transmis rectorul Marian Barbu, comunit\u0103\u0163ii academice de la Dun\u0103rea de Jos.<\/p>\n<\/blockquote>\n<p>Potrivit unei post\u0103ri pe pagina de Facebook a institu\u0163iei de \u00eenv\u0103\u0163\u0103m\u00e2nt superior g\u0103l\u0103\u0163ene, rezultatul evalu\u0103rii reflect\u0103 efortul sus\u0163inut al cercet\u0103torilor, cadrelor didactice, doctoranzilor \u015fi studen\u0163ilor implica\u0163i \u00een activitatea de cercetare \u015fi reconfirm\u0103 pozi\u0163ia Universit\u0103\u0163ii \u201eDun\u0103rea de Jos\u201d din Gala\u0163i \u00een r\u00e2ndul institu\u0163iilor de \u00eenv\u0103\u0163\u0103m\u00e2nt superior \u015fi cercetare de referin\u0163\u0103 din Rom\u00e2nia.<\/p>\n<\/div>\n<div class=\"post-content entry-content\">\n<p>Universitatea \u201eDun\u0103rea de Jos\u201d din Gala\u0163i anun\u0163\u0103 c\u0103, prin Ordinul nr. 4324\/30.06.2026 al Ministerului Educa\u0163iei \u015fi Cercet\u0103rii, a fost \u00eencadrat\u0103 \u00een clasa I de performan\u0163\u0103.<\/p>\n<blockquote>\n<p>\u201eEste o confirmare a valorii Universit\u0103\u0163ii noastre. Doresc s\u0103 v\u0103 mul\u0163umesc pentru implicare\u201d, a transmis rectorul Marian Barbu, comunit\u0103\u0163ii academice de la Dun\u0103rea de Jos.<\/p>\n<\/blockquote>\n<p>Potrivit unei post\u0103ri pe pagina de Facebook a institu\u0163iei de \u00eenv\u0103\u0163\u0103m\u00e2nt superior g\u0103l\u0103\u0163ene, rezultatul evalu\u0103rii reflect\u0103 efortul sus\u0163inut al cercet\u0103torilor, cadrelor didactice, doctoranzilor \u015fi studen\u0163ilor implica\u0163i \u00een activitatea de cercetare \u015fi reconfirm\u0103 pozi\u0163ia Universit\u0103\u0163ii \u201eDun\u0103rea de Jos\u201d din Gala\u0163i \u00een r\u00e2ndul institu\u0163iilor de \u00eenv\u0103\u0163\u0103m\u00e2nt superior \u015fi cercetare de referin\u0163\u0103 din Rom\u00e2nia.<\/p>\n<\/div>\n<p>[analyse_source url=&#8221;https:\/\/ziaruldelta.ro\/2026\/07\/14\/universitatea-dunarea-de-jos-din-galati-incadrata-de-ministerul-educatiei-in-clasa-i-de-performanta\/&#8221;]<\/p>\n","protected":false},"excerpt":{"rendered":"<p>[analyse_image type=&#8221;featured&#8221; src=&#8221;https:\/\/ziaruldelta.ro\/wp-content\/uploads\/2026\/07\/Universitatea-1-e1783947899182.jpg&#8221;] Universitatea \u201eDun\u0103rea de Jos\u201d din Gala\u0163i, \u00eencadrat\u0103 de Ministerul Educa\u0163iei \u00een clasa I de performan\u0163\u0103 Posted by Adela Darie | Jul 14, 2026 | Eveniment | Universitatea \u201eDun\u0103rea de Jos\u201d din Gala\u0163i anun\u0163\u0103 c\u0103, prin Ordinul nr. 4324\/30.06.2026 al Ministerului Educa\u0163iei \u015fi Cercet\u0103rii, a fost \u00eencadrat\u0103 \u00een clasa I de performan\u0163\u0103. \u201eEste [&hellip;]<\/p>\n","protected":false},"author":1,"featured_media":0,"comment_status":"open","ping_status":"","sticky":false,"template":"","format":"standard","meta":{"footnotes":""},"categories":[89],"tags":[226,206],"class_list":["post-2044163","post","type-post","status-publish","format-standard","hentry","category-romania","tag-crawlmanager","tag-ziaruldelta-ro"],"_links":{"self":[{"href":"https:\/\/analyse.optim.biz\/index.php?rest_route=\/wp\/v2\/posts\/2044163","targetHints":{"allow":["GET"]}}],"collection":[{"href":"https:\/\/analyse.optim.biz\/index.php?rest_route=\/wp\/v2\/posts"}],"about":[{"href":"https:\/\/analyse.optim.biz\/index.php?rest_route=\/wp\/v2\/types\/post"}],"author":[{"embeddable":true,"href":"https:\/\/analyse.optim.biz\/index.php?rest_route=\/wp\/v2\/users\/1"}],"replies":[{"embeddable":true,"href":"https:\/\/analyse.optim.biz\/index.php?rest_route=%2Fwp%2Fv2%2Fcomments&post=2044163"}],"version-history":[{"count":0,"href":"https:\/\/analyse.optim.biz\/index.php?rest_route=\/wp\/v2\/posts\/2044163\/revisions"}],"wp:attachment":[{"href":"https:\/\/analyse.optim.biz\/index.php?rest_route=%2Fwp%2Fv2%2Fmedia&parent=2044163"}],"wp:term":[{"taxonomy":"category","embeddable":true,"href":"https:\/\/analyse.optim.biz\/index.php?rest_route=%2Fwp%2Fv2%2Fcategories&post=2044163"},{"taxonomy":"post_tag","embeddable":true,"href":"https:\/\/analyse.optim.biz\/index.php?rest_route=%2Fwp%2Fv2%2Ftags&post=2044163"}],"curies":[{"name":"wp","href":"https:\/\/api.w.org\/{rel}","templated":true}]}}