{"id":2044129,"date":"2026-07-14T16:32:01","date_gmt":"2026-07-14T13:32:01","guid":{"rendered":"https:\/\/analyse.optim.biz\/?p=2044129"},"modified":"2026-07-14T16:32:01","modified_gmt":"2026-07-14T13:32:01","slug":"alfred-simonis-timisul-va-avea-intrari-rutiere-spectaculoase-inspirate-din-patrimoniul-judetului-foto","status":"publish","type":"post","link":"https:\/\/analyse.optim.biz\/?p=2044129","title":{"rendered":"Alfred Simonis: Timi\u0219ul va avea intr\u0103ri rutiere spectaculoase inspirate din patrimoniul jude\u021bului (foto)"},"content":{"rendered":"<p>[analyse_image type=&#8221;featured&#8221; src=&#8221;https:\/\/orasul-timisoara.ro\/wp-content\/uploads\/2026\/07\/intrari-judet-1.jpg&#8221;]<\/p>\n<article id=\"post-39645\" class=\"td-post-template-7 post-39645 post type-post status-publish format-standard has-post-thumbnail category-administratie category-featured category-investitii-in-timisoara category-stiri-timisoara category-turism tag-alfred-simonis tag-bastionul-maria-theresia tag-canalul-bega tag-catedrala-mitropolitana tag-cj-timis-2 tag-consiliul-judetean-timis-2 tag-identitate-vizuala tag-intrari-in-judet tag-judetul-timis-2 tag-patrimoniu tag-timisoara-2 td-container-wrap\">\n<div class=\"td-full-screen-header-image-wrap\">\n<div class=\"td-container td-post-header\">\n<div class=\"td-crumb-container\">\n<div class=\"entry-crumbs\"><span><a title=\"Vede\u021bi toate articolele \u00een Administra\u021bie local\u0103\" class=\"entry-crumb\" href=\"https:\/\/orasul-timisoara.ro\/local-category\/administratie\/\">Administra\u021bie local\u0103<\/a><\/span><span class=\"td-bred-no-url-last\">Alfred Simonis: Timi\u0219ul va avea intr\u0103ri rutiere spectaculoase inspirate din patrimoniul jude\u021bului&#8230;<\/span><\/div>\n<\/div>\n<div class=\"td-post-header-holder\">\n<div class=\"td-parallax-header\">\n<header class=\"td-post-title\">\n<ul class=\"td-category\">\n<li class=\"entry-category\"><a href=\"https:\/\/orasul-timisoara.ro\/local-category\/administratie\/\">Administra\u021bie local\u0103<\/a><\/li>\n<li class=\"entry-category\"><a href=\"https:\/\/orasul-timisoara.ro\/local-category\/investitii-in-timisoara\/\">Investitii in Timisoara<\/a><\/li>\n<li class=\"entry-category\"><a href=\"https:\/\/orasul-timisoara.ro\/local-category\/stiri-timisoara\/\">\u0218tiri Locale<\/a><\/li>\n<li class=\"entry-category\"><a href=\"https:\/\/orasul-timisoara.ro\/local-category\/turism\/\">Turism<\/a><\/li>\n<\/ul>\n<h1 class=\"entry-title\">Alfred Simonis: Timi\u0219ul va avea intr\u0103ri rutiere spectaculoase inspirate din patrimoniul jude\u021bului (foto)<\/h1>\n<div class=\"td-module-meta-info\">\n<div class=\"td-post-author-name\">\n<div class=\"td-author-by\">De c\u0103tre<\/div>\n<p><a href=\"https:\/\/orasul-timisoara.ro\/author\/timisoara\/\">redactia<\/a><\/p>\n<div class=\"td-author-line\"> &#8211; <\/div>\n<\/div>\n<p><span class=\"td-post-date\"><time class=\"entry-date updated td-module-date\" datetime=\"2026-07-14T19:32:01+03:00\">14\/07\/2026<\/time><\/span><\/div>\n<\/header>\n<\/div>\n<\/div>\n<\/div>\n<div id=\"td-full-screen-header-image\" class=\"td-image-gradient-style7\"><img decoding=\"async\" class=\"td-backstretch\" src=\"https:\/\/orasul-timisoara.ro\/wp-content\/uploads\/2026\/07\/intrari-judet-1.jpg\"><\/div>\n<\/div>\n<div class=\"td-container\">\n<div class=\"td-pb-row\">\n<div class=\"td-pb-span8 td-main-content\" role=\"main\">\n<div class=\"td-ss-main-content\">\n<div class=\"td-post-sharing-top\">\n<div class=\"td-post-sharing-classic\"><iframe title=\"topFacebookLike\" frameborder src=\"https:\/\/www.facebook.com\/plugins\/like.php?href=https:\/\/orasul-timisoara.ro\/local-39645\/&amp;layout=button_count&amp;show_faces=false&amp;width=105&amp;action=like&amp;colorscheme=light&amp;height=21\"><\/iframe><\/div>\n<div id=\"td_social_sharing_article_top\" class=\"td-post-sharing td-ps-bg td-ps-notext td-post-sharing-style1 \">\n<div class=\"td-post-sharing-visible\"><a class=\"td-social-sharing-button td-social-sharing-button-js td-social-network td-social-facebook\" href=\"https:\/\/www.facebook.com\/sharer.php?u=https%3A%2F%2Forasul-timisoara.ro%2Flocal-39645%2F\" title=\"Facebook\"><\/p>\n<div class=\"td-social-but-text\">Facebook<\/div>\n<p><\/a><a class=\"td-social-sharing-button td-social-sharing-button-js td-social-network td-social-twitter\" href=\"https:\/\/twitter.com\/intent\/tweet?text=Alfred+Simonis%3A+Timi%C8%99ul+va+avea+intr%C4%83ri+rutiere+spectaculoase+inspirate+din+patrimoniul+jude%C8%9Bului+%28foto%29&amp;url=https%3A%2F%2Forasul-timisoara.ro%2Flocal-39645%2F&amp;via=orasultm\" title=\"Twitter\"><\/p>\n<div class=\"td-social-but-text\">Twitter<\/div>\n<p><\/a><a class=\"td-social-sharing-button td-social-sharing-button-js td-social-network td-social-whatsapp\" href=\"https:\/\/api.whatsapp.com\/send?text=Alfred+Simonis%3A+Timi%C8%99ul+va+avea+intr%C4%83ri+rutiere+spectaculoase+inspirate+din+patrimoniul+jude%C8%9Bului+%28foto%29%20%0A%0A%20https:\/\/orasul-timisoara.ro\/local-39645\/\" title=\"WhatsApp\"><\/p>\n<div class=\"td-social-but-text\">WhatsApp<\/div>\n<p><\/a><a class=\"td-social-sharing-button td-social-sharing-button-js td-social-network td-social-linkedin\" href=\"https:\/\/www.linkedin.com\/shareArticle?mini=true&amp;url=https:\/\/orasul-timisoara.ro\/local-39645\/&amp;title=Alfred+Simonis%3A+Timi%C8%99ul+va+avea+intr%C4%83ri+rutiere+spectaculoase+inspirate+din+patrimoniul+jude%C8%9Bului+%28foto%29\" title=\"Linkedin\"><\/p>\n<div class=\"td-social-but-text\">Linkedin<\/div>\n<p><\/a><a class=\"td-social-sharing-button td-social-sharing-button-js td-social-network td-social-reddit\" href=\"https:\/\/reddit.com\/submit?url=https:\/\/orasul-timisoara.ro\/local-39645\/&amp;title=Alfred+Simonis%3A+Timi%C8%99ul+va+avea+intr%C4%83ri+rutiere+spectaculoase+inspirate+din+patrimoniul+jude%C8%9Bului+%28foto%29\" title=\"ReddIt\"><\/p>\n<div class=\"td-social-but-text\">ReddIt<\/div>\n<p><\/a><a class=\"td-social-sharing-button td-social-sharing-button-js td-social-network td-social-mail\" href=\"mailto:?subject=Alfred%20Simonis:%20Timi%C8%99ul%20va%20avea%20intr%C4%83ri%20rutiere%20spectaculoase%20inspirate%20din%20patrimoniul%20jude%C8%9Bului%20(foto)&amp;body=https:\/\/orasul-timisoara.ro\/local-39645\/\" title=\"Email\"><\/p>\n<div class=\"td-social-but-text\">Email<\/div>\n<p><\/a><a class=\"td-social-sharing-button td-social-sharing-button-js td-social-network td-social-print\" href=\"https:\/\/orasul-timisoara.ro\/local-39645\/\" title=\"Imprimare\"><\/p>\n<div class=\"td-social-but-text\">Imprimare<\/div>\n<p><\/a><\/div>\n<\/div>\n<\/div>\n<div class=\"td-post-content tagdiv-type\">\n<p class=\"wp-block-paragraph\">Consiliul Jude\u021bean Timi\u0219 preg\u0103te\u0219te un proiect prin care toate principalele intr\u0103ri \u00een jude\u021b vor fi marcate prin construc\u021bii cu rol de identitate vizual\u0103. Anun\u021bul a fost f\u0103cut de pre\u0219edintele CJ Timi\u0219, Alfred Simonis, care spune c\u0103 ini\u021biativa urm\u0103re\u0219te s\u0103 transforme grani\u021bele administrative ale jude\u021bului \u00een repere vizuale reprezentative, inspirate din patrimoniul, cultura \u0219i simbolurile locale.<\/p>\n<p class=\"wp-block-paragraph\">Potrivit acestuia, noile amenaj\u0103ri nu vor fi simple panouri de \u00eent\u00e2mpinare, ci totemuri moderne, integrate \u00een peisaj, care vor transmite \u00eenc\u0103 de la intrarea \u00een jude\u021b identitatea \u0219i specificul Timi\u0219ului. Proiectul \u00ee\u0219i propune s\u0103 ofere o imagine unitar\u0103 \u0219i u\u0219or de recunoscut, similar\u0103 conceptelor \u00eent\u00e2lnite \u00een numeroase regiuni europene.<\/p>\n<h2 class=\"wp-block-heading\">Totemuri inspirate din simbolurile reprezentative ale jude\u021bului<\/h2>\n<p class=\"wp-block-paragraph\">Alfred Simonis a explicat c\u0103 fiecare punct de acces \u00een jude\u021b va beneficia de un totem personalizat, adaptat zonei \u00een care este amplasat. Aceste structuri vor integra elemente reprezentative pentru patrimoniul cultural, istoric \u0219i natural al Timi\u0219ului.<\/p>\n<figure class=\"wp-block-gallery has-nested-images columns-default is-cropped wp-block-gallery-1 is-layout-flex wp-block-gallery-is-layout-flex\">\n<figure class=\"wp-block-image size-large\"><img loading=\"lazy\" decoding=\"async\" width=\"1920\" height=\"1080\" data-id=\"39646\" src=\"https:\/\/orasul-timisoara.ro\/wp-content\/uploads\/2026\/07\/intrari-judet-1.jpg\" alt class=\"wp-image-39646\"><\/figure>\n<figure class=\"wp-block-image size-large\"><img loading=\"lazy\" decoding=\"async\" width=\"1920\" height=\"1080\" data-id=\"39647\" src=\"https:\/\/orasul-timisoara.ro\/wp-content\/uploads\/2026\/07\/intrari-judet-2.jpg\" alt class=\"wp-image-39647\"><\/figure>\n<figure class=\"wp-block-image size-large\"><img loading=\"lazy\" decoding=\"async\" width=\"1920\" height=\"1080\" data-id=\"39648\" src=\"https:\/\/orasul-timisoara.ro\/wp-content\/uploads\/2026\/07\/intrari-judet-3.jpg\" alt class=\"wp-image-39648\"><\/figure>\n<figure class=\"wp-block-image size-large\"><img decoding=\"async\" loading=\"lazy\" width=\"1920\" height=\"1080\" data-id=\"39649\" src=\"https:\/\/orasul-timisoara.ro\/wp-content\/uploads\/2026\/07\/intrari-judet-4.jpg\" alt class=\"wp-image-39649\"><\/figure>\n<\/figure>\n<p class=\"wp-block-paragraph\">Printre simbolurile care ar urma s\u0103 fie reprezentate se num\u0103r\u0103 Catedrala Mitropolitan\u0103 din Timi\u0219oara, Bastionul Maria Theresia, Castelul Huniade, Opera Na\u021bional\u0103 Rom\u00e2n\u0103 din Timi\u0219oara, Castelul din Banloc, Castelul de la Foeni, Canalul Bega \u0219i laleaua pestri\u021b\u0103, specie protejat\u0103 devenit\u0103 unul dintre simbolurile naturale ale jude\u021bului.<\/p>\n<h2 class=\"wp-block-heading\">Lucr\u0103rile vor fi realizate cu implicarea tinerilor arti\u0219ti<\/h2>\n<p class=\"wp-block-paragraph\">Pre\u0219edintele Consiliului Jude\u021bean Timi\u0219 a precizat c\u0103 fiecare totem va include reprezent\u0103ri grafice realizate de tineri arti\u0219ti, astfel \u00eenc\u00e2t fiecare intrare \u00een jude\u021b s\u0103 reflecte at\u00e2t patrimoniul local, c\u00e2t \u0219i creativitatea noii genera\u021bii.<\/p>\n<p class=\"wp-block-paragraph\">\u00cen conceptul vizual va fi integrat \u0219i tricolorul Rom\u00e2niei, \u00eentr-o manier\u0103 artistic\u0103 \u0219i discret\u0103, ca parte a ansamblului estetic propus.<\/p>\n<h2 class=\"wp-block-heading\">Dimensiuni diferite, \u00een func\u021bie de categoria drumului<\/h2>\n<p class=\"wp-block-paragraph\">Conform proiectului prezentat de Alfred Simonis, construc\u021biile vor avea dimensiuni adaptate tipului de drum pe care vor fi amplasate. Astfel, totemurile de pe drumurile na\u021bionale vor avea o prezen\u021b\u0103 mai ampl\u0103, \u00een timp ce cele amplasate pe drumurile jude\u021bene vor fi dimensionate corespunz\u0103tor traficului \u0219i spa\u021biului disponibil.<\/p>\n<p class=\"wp-block-paragraph\">Materialele utilizate \u0219i sistemele de iluminat arhitectural vor fi alese astfel \u00eenc\u00e2t s\u0103 se integreze armonios \u00een peisaj, f\u0103r\u0103 a crea un impact vizual excesiv. Obiectivul este ca aceste elemente s\u0103 fie moderne, elegante \u0219i u\u0219or de identificat de c\u0103tre cei care intr\u0103 \u00een jude\u021b.<\/p>\n<h2 class=\"wp-block-heading\">Un proiect pentru consolidarea identit\u0103\u021bii jude\u021bului<\/h2>\n<p class=\"wp-block-paragraph\">Potrivit pre\u0219edintelui CJ Timi\u0219, una dintre problemele actuale este faptul c\u0103, \u00een multe situa\u021bii, trecerea dintr-un jude\u021b \u00een altul nu este marcat\u0103 suficient de clar, iar \u0219oferii nici nu \u00ee\u0219i dau seama c\u0103 au intrat \u00eentr-o nou\u0103 unitate administrativ-teritorial\u0103.<\/p>\n<p class=\"wp-block-paragraph\">Prin acest proiect, administra\u021bia jude\u021bean\u0103 \u00ee\u0219i propune s\u0103 transmit\u0103 \u00eenc\u0103 de la intrarea \u00een Timi\u0219 imaginea unui jude\u021b cu personalitate, patrimoniu valoros \u0219i respect pentru spa\u021biul public.<\/p>\n<h2 class=\"wp-block-heading\">Inspirat din modelele europene<\/h2>\n<p class=\"wp-block-paragraph\">Alfred Simonis afirm\u0103 c\u0103 ini\u021biativa urm\u0103re\u0219te exemplele unor regiuni europene care \u0219i-au construit o identitate vizual\u0103 puternic\u0103 prin amenajarea intr\u0103rilor pe principalele c\u0103i rutiere.<\/p>\n<p class=\"wp-block-paragraph\">Obiectivul este ca, \u00een urm\u0103torii ani, intr\u0103rile \u00een jude\u021bul Timi\u0219 s\u0103 devin\u0103 repere u\u0219or de recunoscut at\u00e2t pentru locuitori, c\u00e2t \u0219i pentru turi\u0219ti sau pentru cei care tranziteaz\u0103 zona, contribuind la promovarea imaginii jude\u021bului \u0219i la consolidarea identit\u0103\u021bii sale vizuale.<\/p>\n<p class=\"wp-block-paragraph\">\u00cen perioada urm\u0103toare, Consiliul Jude\u021bean Timi\u0219 urmeaz\u0103 s\u0103 dezvolte proiectul \u0219i s\u0103 stabileasc\u0103 detaliile tehnice privind amplasarea, designul \u0219i implementarea acestor totemuri la principalele intr\u0103ri \u00een jude\u021b.<\/p>\n<\/div>\n<footer>\n<div class=\"td-post-source-tags\">\n<ul class=\"td-tags td-post-small-box clearfix\">\n<li><span>ETICHETE<\/span><\/li>\n<li><a href=\"https:\/\/orasul-timisoara.ro\/local-tag\/alfred-simonis\/\">alfred simonis<\/a><\/li>\n<li><a href=\"https:\/\/orasul-timisoara.ro\/local-tag\/bastionul-maria-theresia\/\">Bastionul Maria Theresia<\/a><\/li>\n<li><a href=\"https:\/\/orasul-timisoara.ro\/local-tag\/canalul-bega\/\">canalul bega<\/a><\/li>\n<li><a href=\"https:\/\/orasul-timisoara.ro\/local-tag\/catedrala-mitropolitana\/\">Catedrala Mitropolitan\u0103<\/a><\/li>\n<li><a href=\"https:\/\/orasul-timisoara.ro\/local-tag\/cj-timis-2\/\">CJ Timi\u0219<\/a><\/li>\n<li><a href=\"https:\/\/orasul-timisoara.ro\/local-tag\/consiliul-judetean-timis-2\/\">Consiliul Jude\u021bean Timi\u0219<\/a><\/li>\n<li><a href=\"https:\/\/orasul-timisoara.ro\/local-tag\/identitate-vizuala\/\">identitate vizual\u0103<\/a><\/li>\n<li><a href=\"https:\/\/orasul-timisoara.ro\/local-tag\/intrari-in-judet\/\">intr\u0103ri \u00een jude\u021b<\/a><\/li>\n<li><a href=\"https:\/\/orasul-timisoara.ro\/local-tag\/judetul-timis-2\/\">jude\u021bul Timi\u0219<\/a><\/li>\n<li><a href=\"https:\/\/orasul-timisoara.ro\/local-tag\/patrimoniu\/\">patrimoniu<\/a><\/li>\n<li><a href=\"https:\/\/orasul-timisoara.ro\/local-tag\/timisoara-2\/\">timi\u0219oara<\/a><\/li>\n<\/ul>\n<\/div>\n<div class=\"td-post-sharing-bottom\">\n<div class=\"td-post-sharing-classic\"><iframe title=\"bottomFacebookLike\" frameborder src=\"https:\/\/www.facebook.com\/plugins\/like.php?href=https:\/\/orasul-timisoara.ro\/local-39645\/&amp;layout=button_count&amp;show_faces=false&amp;width=105&amp;action=like&amp;colorscheme=light&amp;height=21\"><\/iframe><\/div>\n<div id=\"td_social_sharing_article_bottom\" class=\"td-post-sharing td-ps-bg td-ps-notext td-post-sharing-style1 \">\n<div class=\"td-post-sharing-visible\"><a class=\"td-social-sharing-button td-social-sharing-button-js td-social-network td-social-facebook\" href=\"https:\/\/www.facebook.com\/sharer.php?u=https%3A%2F%2Forasul-timisoara.ro%2Flocal-39645%2F\" title=\"Facebook\"><\/p>\n<div class=\"td-social-but-text\">Facebook<\/div>\n<p><\/a><a class=\"td-social-sharing-button td-social-sharing-button-js td-social-network td-social-twitter\" href=\"https:\/\/twitter.com\/intent\/tweet?text=Alfred+Simonis%3A+Timi%C8%99ul+va+avea+intr%C4%83ri+rutiere+spectaculoase+inspirate+din+patrimoniul+jude%C8%9Bului+%28foto%29&amp;url=https%3A%2F%2Forasul-timisoara.ro%2Flocal-39645%2F&amp;via=orasultm\" title=\"Twitter\"><\/p>\n<div class=\"td-social-but-text\">Twitter<\/div>\n<p><\/a><a class=\"td-social-sharing-button td-social-sharing-button-js td-social-network td-social-whatsapp\" href=\"https:\/\/api.whatsapp.com\/send?text=Alfred+Simonis%3A+Timi%C8%99ul+va+avea+intr%C4%83ri+rutiere+spectaculoase+inspirate+din+patrimoniul+jude%C8%9Bului+%28foto%29%20%0A%0A%20https:\/\/orasul-timisoara.ro\/local-39645\/\" title=\"WhatsApp\"><\/p>\n<div class=\"td-social-but-text\">WhatsApp<\/div>\n<p><\/a><a class=\"td-social-sharing-button td-social-sharing-button-js td-social-network td-social-linkedin\" href=\"https:\/\/www.linkedin.com\/shareArticle?mini=true&amp;url=https:\/\/orasul-timisoara.ro\/local-39645\/&amp;title=Alfred+Simonis%3A+Timi%C8%99ul+va+avea+intr%C4%83ri+rutiere+spectaculoase+inspirate+din+patrimoniul+jude%C8%9Bului+%28foto%29\" title=\"Linkedin\"><\/p>\n<div class=\"td-social-but-text\">Linkedin<\/div>\n<p><\/a><a class=\"td-social-sharing-button td-social-sharing-button-js td-social-network td-social-reddit\" href=\"https:\/\/reddit.com\/submit?url=https:\/\/orasul-timisoara.ro\/local-39645\/&amp;title=Alfred+Simonis%3A+Timi%C8%99ul+va+avea+intr%C4%83ri+rutiere+spectaculoase+inspirate+din+patrimoniul+jude%C8%9Bului+%28foto%29\" title=\"ReddIt\"><\/p>\n<div class=\"td-social-but-text\">ReddIt<\/div>\n<p><\/a><a class=\"td-social-sharing-button td-social-sharing-button-js td-social-network td-social-mail\" href=\"mailto:?subject=Alfred%20Simonis:%20Timi%C8%99ul%20va%20avea%20intr%C4%83ri%20rutiere%20spectaculoase%20inspirate%20din%20patrimoniul%20jude%C8%9Bului%20(foto)&amp;body=https:\/\/orasul-timisoara.ro\/local-39645\/\" title=\"Email\"><\/p>\n<div class=\"td-social-but-text\">Email<\/div>\n<p><\/a><a class=\"td-social-sharing-button td-social-sharing-button-js td-social-network td-social-print\" href=\"https:\/\/orasul-timisoara.ro\/local-39645\/\" title=\"Imprimare\"><\/p>\n<div class=\"td-social-but-text\">Imprimare<\/div>\n<p><\/a><\/div>\n<\/div>\n<\/div>\n<div class=\"td-block-row td-post-next-prev\">\n<div class=\"td-block-span6 td-post-prev-post\">\n<div class=\"td-post-next-prev-content\"><span>Articolul precedent<\/span><a href=\"https:\/\/orasul-timisoara.ro\/local-39642\/\">Dou\u0103 focare de pest\u0103 porcin\u0103 african\u0103, stinse oficial \u00een Timi\u0219. Ce m\u0103suri r\u0103m\u00e2n \u00een vigoare<\/a><\/div>\n<\/div>\n<\/div>\n<div class=\"td-author-name vcard author\"><span class=\"fn\"><a href=\"https:\/\/orasul-timisoara.ro\/author\/timisoara\/\">redactia<\/a><\/span><\/div>\n<p><span class=\"td-page-meta\"><\/span><span class=\"td-page-meta\"><span class=\"td-page-meta\"><\/span><\/span><span class=\"td-page-meta\"><\/span><\/footer>\n<div class=\"td_block_wrap td_block_related_posts tdi_3 td_with_ajax_pagination td-pb-border-top td_block_template_8\" data-td-block-uid=\"tdi_3\">\n<h4 class=\"td-related-title td-block-title\"><a id=\"tdi_4\" class=\"td-related-left td-cur-simple-item\" data-td_filter_value data-td_block_id=\"tdi_3\" href=\"https:\/\/orasul-timisoara.ro\/local-39645\/\">ARTICOLE SIMILARE<\/a><a id=\"tdi_5\" class=\"td-related-right\" data-td_filter_value=\"td_related_more_from_author\" data-td_block_id=\"tdi_3\" href=\"https:\/\/orasul-timisoara.ro\/local-39645\/\">DE LA ACELA\u0218I AUTOR<\/a><\/h4>\n<div id=\"tdi_3\" class=\"td_block_inner\">\n<div class=\"td-related-row\">\n<div class=\"td-related-span4\">\n<div class=\"td_module_related_posts td-animation-stack td_mod_related_posts\">\n<div class=\"td-module-image\">\n<div class=\"td-module-thumb\"><a href=\"https:\/\/orasul-timisoara.ro\/local-39587\/\" rel=\"bookmark\" class=\"td-image-wrap \" title=\"Alfred Simonis: Stadionul \u201eEroii Timi\u0219oarei\u201d trebuie finalizat c\u00e2t mai repede. CJ Timi\u0219 a virat \u00eenc\u0103 7 milioane de lei pentru finalizarea lucr\u0103rilor (video)\"><img loading=\"lazy\" decoding=\"async\" class=\"entry-thumb\" src=\"https:\/\/orasul-timisoara.ro\/wp-content\/uploads\/2025\/11\/arena-eroii-timisoarei-2-436x300.jpg\" alt title=\"Alfred Simonis: Stadionul \u201eEroii Timi\u0219oarei\u201d trebuie finalizat c\u00e2t mai repede. CJ Timi\u0219 a virat \u00eenc\u0103 7 milioane de lei pentru finalizarea lucr\u0103rilor (video)\" width=\"218\" height=\"150\"><\/a><\/div>\n<\/div>\n<div class=\"item-details\">\n<h3 class=\"entry-title td-module-title\"><a href=\"https:\/\/orasul-timisoara.ro\/local-39587\/\" rel=\"bookmark\" title=\"Alfred Simonis: Stadionul \u201eEroii Timi\u0219oarei\u201d trebuie finalizat c\u00e2t mai repede. CJ Timi\u0219 a virat \u00eenc\u0103 7 milioane de lei pentru finalizarea lucr\u0103rilor (video)\">Alfred Simonis: Stadionul \u201eEroii Timi\u0219oarei\u201d trebuie finalizat c\u00e2t mai repede. CJ Timi\u0219 a virat \u00eenc\u0103 7 milioane de lei pentru finalizarea lucr\u0103rilor (video)<\/a><\/h3>\n<\/div>\n<\/div>\n<\/div>\n<div class=\"td-related-span4\">\n<div class=\"td_module_related_posts td-animation-stack td_mod_related_posts\">\n<div class=\"td-module-image\">\n<div class=\"td-module-thumb\"><a href=\"https:\/\/orasul-timisoara.ro\/local-39549\/\" rel=\"bookmark\" class=\"td-image-wrap \" title=\"Peste 1.000 de sportivi din 23 de \u021b\u0103ri particip\u0103 la Timi\u0219oara Triathlon 2026\"><img loading=\"lazy\" decoding=\"async\" class=\"entry-thumb\" src=\"https:\/\/orasul-timisoara.ro\/wp-content\/uploads\/2026\/07\/timisoara-triatlon-436x300.jpg\" alt title=\"Peste 1.000 de sportivi din 23 de \u021b\u0103ri particip\u0103 la Timi\u0219oara Triathlon 2026\" width=\"218\" height=\"150\"><\/a><\/div>\n<\/div>\n<div class=\"item-details\">\n<h3 class=\"entry-title td-module-title\"><a href=\"https:\/\/orasul-timisoara.ro\/local-39549\/\" rel=\"bookmark\" title=\"Peste 1.000 de sportivi din 23 de \u021b\u0103ri particip\u0103 la Timi\u0219oara Triathlon 2026\">Peste 1.000 de sportivi din 23 de \u021b\u0103ri particip\u0103 la Timi\u0219oara Triathlon 2026<\/a><\/h3>\n<\/div>\n<\/div>\n<\/div>\n<div class=\"td-related-span4\">\n<div class=\"td_module_related_posts td-animation-stack td_mod_related_posts\">\n<div class=\"td-module-image\">\n<div class=\"td-module-thumb\"><a href=\"https:\/\/orasul-timisoara.ro\/local-39391\/\" rel=\"bookmark\" class=\"td-image-wrap \" title=\"Pre\u0219edintele CJ Timi\u0219 respinge criticile privind mutarea Clinicii de Psihiatrie la Mo\u0219ni\u021ba. Alfred Simonis, vorbe\u0219te despre campanii de intimidare (video)\"><img loading=\"lazy\" decoding=\"async\" class=\"entry-thumb\" src=\"https:\/\/orasul-timisoara.ro\/wp-content\/uploads\/2026\/06\/psihiarie-mosnita-436x300.jpg\" alt title=\"Pre\u0219edintele CJ Timi\u0219 respinge criticile privind mutarea Clinicii de Psihiatrie la Mo\u0219ni\u021ba. Alfred Simonis, vorbe\u0219te despre campanii de intimidare (video)\" width=\"218\" height=\"150\"><\/a><\/div>\n<\/div>\n<div class=\"item-details\">\n<h3 class=\"entry-title td-module-title\"><a href=\"https:\/\/orasul-timisoara.ro\/local-39391\/\" rel=\"bookmark\" title=\"Pre\u0219edintele CJ Timi\u0219 respinge criticile privind mutarea Clinicii de Psihiatrie la Mo\u0219ni\u021ba. Alfred Simonis, vorbe\u0219te despre campanii de intimidare (video)\">Pre\u0219edintele CJ Timi\u0219 respinge criticile privind mutarea Clinicii de Psihiatrie la Mo\u0219ni\u021ba. Alfred Simonis, vorbe\u0219te despre campanii de intimidare (video)<\/a><\/h3>\n<\/div>\n<\/div>\n<\/div>\n<\/div>\n<\/div>\n<\/div>\n<div class=\"comments\" id=\"comments\">\n<div id=\"respond\" class=\"comment-respond\">\n<h3 id=\"reply-title\" class=\"comment-reply-title\">L\u0102SA\u021aI UN MESAJ<\/h3>\n<div class=\"comment-form-input-wrap td-form-comment\">\n<div class=\"td-warning-comment\">V\u0103 rug\u0103m s\u0103 introduce\u021bi comentariul dvs.!<\/div>\n<\/div>\n<div class=\"comment-form-input-wrap td-form-author\">\n<div class=\"td-warning-author\">Introduce\u021bi aici numele dvs.<\/div>\n<\/div>\n<div class=\"comment-form-input-wrap td-form-email\">\n<div class=\"td-warning-email-error\">A\u021bi introdus o adres\u0103 de e-mail incorect\u0103!<\/div>\n<div class=\"td-warning-email\">V\u0103 rug\u0103m s\u0103 introduce\u021bi adresa dvs. de e-mail aici<\/div>\n<\/div>\n<\/div>\n<p class=\"akismet_comment_form_privacy_notice\">Acest site folose\u0219te Akismet pentru a reduce spamul. <a href=\"https:\/\/akismet.com\/privacy\/\" target=\"_blank\" rel=\"nofollow noopener\">Afl\u0103 cum sunt procesate datele comentariilor tale<\/a>.<\/p>\n<\/div>\n<\/div>\n<\/div>\n<div class=\"td-pb-span4 td-main-sidebar\" role=\"complementary\">\n<div class=\"td-ss-main-sidebar\">\n<aside id=\"block-4\" class=\"td_block_template_8 widget block-4 widget_block widget_media_image\">\n<figure class=\"wp-block-image size-full\"><img decoding=\"async\" loading=\"lazy\" width=\"336\" height=\"280\" src=\"https:\/\/orasul-timisoara.ro\/wp-content\/uploads\/2024\/11\/ReTIM-Abonamentul-Verde-Google-Ads-336x280px.gif\" alt class=\"wp-image-29257\"><\/figure>\n<\/aside>\n<div class=\"td_block_wrap td_block_social_counter td_block_widget tdi_6 td-social-style5 td-social-boxed td-pb-border-top td_block_template_8\">\n<div class=\"td-block-title-wrap\">\n<h4 class=\"td-block-title\"><span>Urm\u0103re\u0219te-ne pe Social Media<\/span><\/h4>\n<\/div>\n<div class=\"td-social-list\">\n<div class=\"td_social_type td-pb-margin-side td_social_facebook\">\n<div class=\"td-social-box\"><span class=\"td_social_info td_social_info_counter\">344,595<\/span><span class=\"td_social_info td_social_info_name\">Fani<\/span><span class=\"td_social_button\"><a href=\"https:\/\/www.facebook.com\/247timisoara\" target=\"_blank\" rel=\"nofollow\">\u00cemi place<\/a><\/span><\/div>\n<\/div>\n<div class=\"td_social_type td-pb-margin-side td_social_instagram\">\n<div class=\"td-social-box\"><span class=\"td_social_info td_social_info_counter\">4,416<\/span><span class=\"td_social_info td_social_info_name\">Cititori<\/span><span class=\"td_social_button\"><a href=\"https:\/\/instagram.com\/orasultimisoararo\/\" target=\"_blank\" rel=\"nofollow\">Conecta\u021bi-v\u0103<\/a><\/span><\/div>\n<\/div>\n<div class=\"td_social_type td-pb-margin-side td_social_rss\">\n<div class=\"td-social-box\"><span class=\"td_social_info td_social_info_counter\">12,506<\/span><span class=\"td_social_info td_social_info_name\">Cititori<\/span><span class=\"td_social_button\"><a href=\"https:\/\/orasul-timisoara.ro\/feed\/\" target=\"_blank\" rel=\"nofollow\">Conecta\u021bi-v\u0103<\/a><\/span><\/div>\n<\/div>\n<div class=\"td_social_type td-pb-margin-side td_social_tiktok\">\n<div class=\"td-social-box\"><span class=\"td_social_info td_social_info_counter\">1,500<\/span><span class=\"td_social_info td_social_info_name\">Cititori<\/span><span class=\"td_social_button\"><a href=\"https:\/\/www.tiktok.com\/@orasultimisoara\" target=\"_blank\" rel=\"nofollow\">Conecta\u021bi-v\u0103<\/a><\/span><\/div>\n<\/div>\n<div class=\"td_social_type td-pb-margin-side td_social_twitter\">\n<div class=\"td-social-box\"><span class=\"td_social_info td_social_info_counter\">1,595<\/span><span class=\"td_social_info td_social_info_name\">Cititori<\/span><span class=\"td_social_button\"><a href=\"https:\/\/twitter.com\/orasultm\" target=\"_blank\" rel=\"nofollow\">Conecta\u021bi-v\u0103<\/a><\/span><\/div>\n<\/div>\n<div class=\"td_social_type td-pb-margin-side td_social_youtube\">\n<div class=\"td-social-box\"><span class=\"td_social_info td_social_info_counter\">3,506<\/span><span class=\"td_social_info td_social_info_name\">Abona\u021bi<\/span><span class=\"td_social_button\"><a href=\"https:\/\/www.youtube.com\/channel\/UCQNsQvs2XCSIm1Z-AHRturw?sub_confirmation=1\" target=\"_blank\" rel=\"nofollow\">Abona\u021bi-v\u0103<\/a><\/span><\/div>\n<\/div>\n<\/div>\n<\/div>\n<aside id=\"text-7\" class=\"td_block_template_8 widget text-7 widget_text\">\n<h4 class=\"td-block-title\"><span>C\u0103ut\u0103ri populare pe OTM<\/span><\/h4>\n<div class=\"textwidget\"><a href=\"https:\/\/orasul-timisoara.ro\/?s=timisoara\"><span>Timisoara<\/span><\/a><a href=\"https:\/\/orasul-timisoara.ro\/?s=calin+dobra\"><span>Calin Dobra<\/span><\/a><a href=\"https:\/\/orasul-timisoara.ro\/?s=primaria+timisoara\"><span>Primaria Timisoara<\/span><\/a><a href=\"https:\/\/orasul-timisoara.ro\/?s=dominic+fritz\"><span>Dominic Fritz<\/span><\/a><a href=\"https:\/\/orasul-timisoara.ro\/?s=nicolae+robu\"><span>Nicolae Robu<\/span><\/a><a href=\"https:\/\/orasul-timisoara.ro\/?s=consiliul+local+timisoara\">Consiliul Local Timisoara<\/a><a href=\"https:\/\/orasul-timisoara.ro\/?s=consiliul+judetean+timis\"><span>Consiliul Judetean Timis<\/span><\/a><a href=\"https:\/\/orasul-timisoara.ro\/?s=cjt\"><span>CJT<\/span><\/a><a href=\"https:\/\/orasul-timisoara.ro\/?s=Alfred+Simonis\"><span>Alfred Simonis<\/span><\/a><a href=\"https:\/\/orasul-timisoara.ro\/?s=PNL\"><span>PNL<\/span><\/a><a href=\"https:\/\/orasul-timisoara.ro\/?s=coronavirus\"><span>coronavirus<\/span><\/a><a href=\"https:\/\/orasul-timisoara.ro\/?s=teatru+timisoara\">teatru Timisoara<\/a><a href=\"https:\/\/orasul-timisoara.ro\/?s=restaurante\"><span>restaurante Timisoara<\/span><\/a><a href=\"https:\/\/orasul-timisoara.ro\/?s=diskoteka\"><span>Diskoteka<\/span><\/a><a href=\"https:\/\/orasul-timisoara.ro\/?s=iulius+town\"><span>Iulius Town<\/span><\/a><a href=\"https:\/\/orasul-timisoara.ro\/?s=iulius+mall\"><span>Iulius Mall<\/span><\/a><a href=\"https:\/\/orasul-timisoara.ro\/?s=stpt\"><span>STPT<\/span><\/a><a href=\"https:\/\/orasul-timisoara.ro\/?s=alin+nica\"><span>Alin Nica<\/span><\/a><a href=\"https:\/\/orasul-timisoara.ro\/?s=psd\"><span>PSD<\/span><\/a><a href=\"https:\/\/orasul-timisoara.ro\/?s=aeroport\"><span>Aeroportul International Timisoara<\/span><\/a><a href=\"https:\/\/orasul-timisoara.ro\/?s=babes\"><span>Spitalul Victor Babes Timisoara<\/span><\/a><a href=\"https:\/\/orasul-timisoara.ro\/?s=poli\"><span>Poli Timi\u0219oara<\/span><\/a><a href=\"https:\/\/orasul-timisoara.ro\/?s=carantina\"><span>carantina<\/span><\/a><a href=\"https:\/\/orasul-timisoara.ro\/?s=aquatim\"><span>Aquatim<\/span><\/a><a href=\"https:\/\/orasul-timisoara.ro\/local-category\/stiri-timisoara\/\"><span>Stiri Timisoara<\/span><\/a><a href=\"https:\/\/orasul-timisoara.ro\/local-category\/investitii-in-timisoara\/\"><span>Investi\u021bii in Timi\u0219oara<\/span><\/a><a href=\"https:\/\/orasul-timisoara.ro\/local-9463\/\"><span>shaorma<\/span><\/a><a href=\"https:\/\/orasul-timisoara.ro\/?s=trafic\"><span>trafic rutier<\/span><\/a><a href=\"https:\/\/orasul-timisoara.ro\/?s=politia\"><span>politia locala timisoara<\/span><\/a><a href=\"https:\/\/orasul-timisoara.ro\/?s=roxana\"><span>Roxana Iliescu<\/span><\/a><a href=\"https:\/\/orasul-timisoara.ro\/?s=colterm\"><span>Colterm<\/span><\/a><a href=\"https:\/\/orasul-timisoara.ro\/?s=latcau\"><span>Ruben La\u021bc\u0103u<\/span><\/a><a href=\"https:\/\/orasul-timisoara.ro\/?s=timis\"><span>\u0218tiri din Timi\u0219<\/span><\/a><a href=\"https:\/\/orasul-timisoara.ro\/?s=spital\"><span>Spitale din Timi\u0219oara<\/span><\/a><a href=\"https:\/\/orasul-timisoara.ro\/?s=tabara\"><span>Cosmin Tab\u0103r\u0103<\/span><\/a><\/div>\n<\/aside>\n<aside id=\"rss-2\" class=\"td_block_template_8 widget rss-2 widget_rss\">\n<h4 class=\"td-block-title\"><span><a class=\"rsswidget rss-widget-feed\" href=\"https:\/\/fashionfridays.ro\/feed\"><img decoding=\"async\" class=\"rss-widget-icon\" width=\"14\" height=\"14\" src=\"https:\/\/orasul-timisoara.ro\/wp-includes\/images\/rss.png\" alt=\"RSS\" loading=\"lazy\"><\/a><a class=\"rsswidget rss-widget-title\" href=\"https:\/\/fashionfridays.ro\/\">Fashion Fridays<\/a><\/span><\/h4>\n<ul>\n<li><a class=\"rsswidget\" href=\"https:\/\/fashionfridays.ro\/romania-devine-a-29-a-piata-vogue-o-noua-era-pentru-industria-locala-de-moda\/\">Rom\u00e2nia devine a 29-a pia\u021b\u0103 Vogue: o nou\u0103 er\u0103 pentru industria local\u0103 de mod\u0103<\/a>\n<div class=\"rssSummary\">Revista Vogue \u00ee\u0219i extinde prezen\u021ba global\u0103 \u0219i va fi lansat\u0103 oficial \u00een Rom\u00e2nia \u00een prim\u0103vara anului 2027, marc\u00e2nd intrarea pe cea de-a 29-a pia\u021b\u0103 interna\u021bional\u0103. Proiectul este realizat \u00een parteneriat cu AEMME Publishing, o companie media recent \u00eenfiin\u021bat\u0103, care va publica edi\u021bia local\u0103 sub licen\u021b\u0103. Noua edi\u021bie, Vogue Rom\u00e2nia, \u00ee\u0219i propune s\u0103 combine autoritatea global\u0103 [\u2026]<\/div>\n<\/li>\n<\/ul>\n<\/aside>\n<aside id=\"rss-4\" class=\"td_block_template_8 widget rss-4 widget_rss\">\n<h4 class=\"td-block-title\"><span><a class=\"rsswidget rss-widget-feed\" href=\"https:\/\/emasini.ro\/feed\"><img decoding=\"async\" class=\"rss-widget-icon\" width=\"14\" height=\"14\" src=\"https:\/\/orasul-timisoara.ro\/wp-includes\/images\/rss.png\" alt=\"RSS\" loading=\"lazy\"><\/a><a class=\"rsswidget rss-widget-title\" href=\"https:\/\/emasini.ro\/\">eMasini<\/a><\/span><\/h4>\n<ul>\n<li><a class=\"rsswidget\" href=\"https:\/\/emasini.ro\/dacia-analizeaza-lansarea-lui-hipster-automobilul-urban-de-doar-3-metri-lungime\/\">Dacia analizeaz\u0103 lansarea lui Hipster, automobilul urban de doar 3 metri lungime (video)<\/a>\n<div class=\"rssSummary\">Dacia ar putea introduce pe pia\u021b\u0103 unul dintre cele mai neobi\u0219nuite modele din istoria sa recent\u0103. Conceptul Hipster, prezentat anul trecut ca o reinterpretare radical\u0103 a automobilului urban accesibil, se afl\u0103 \u00een prezent \u00eentr-o etap\u0103 de evaluare, iar decizia privind produc\u021bia de serie va fi luat\u0103 \u00een func\u021bie de reac\u021bia publicului \u0219i de evolu\u021bia reglement\u0103rilor [\u2026]<\/div>\n<\/li>\n<\/ul>\n<\/aside>\n<\/div>\n<\/div>\n<\/div>\n<\/div>\n<\/article>\n<div class=\"td-post-content tagdiv-type\">\n<p class=\"wp-block-paragraph\">Consiliul Jude\u021bean Timi\u0219 preg\u0103te\u0219te un proiect prin care toate principalele intr\u0103ri \u00een jude\u021b vor fi marcate prin construc\u021bii cu rol de identitate vizual\u0103. Anun\u021bul a fost f\u0103cut de pre\u0219edintele CJ Timi\u0219, Alfred Simonis, care spune c\u0103 ini\u021biativa urm\u0103re\u0219te s\u0103 transforme grani\u021bele administrative ale jude\u021bului \u00een repere vizuale reprezentative, inspirate din patrimoniul, cultura \u0219i simbolurile locale.<\/p>\n<p class=\"wp-block-paragraph\">Potrivit acestuia, noile amenaj\u0103ri nu vor fi simple panouri de \u00eent\u00e2mpinare, ci totemuri moderne, integrate \u00een peisaj, care vor transmite \u00eenc\u0103 de la intrarea \u00een jude\u021b identitatea \u0219i specificul Timi\u0219ului. Proiectul \u00ee\u0219i propune s\u0103 ofere o imagine unitar\u0103 \u0219i u\u0219or de recunoscut, similar\u0103 conceptelor \u00eent\u00e2lnite \u00een numeroase regiuni europene.<\/p>\n<h2 class=\"wp-block-heading\">Totemuri inspirate din simbolurile reprezentative ale jude\u021bului<\/h2>\n<p class=\"wp-block-paragraph\">Alfred Simonis a explicat c\u0103 fiecare punct de acces \u00een jude\u021b va beneficia de un totem personalizat, adaptat zonei \u00een care este amplasat. Aceste structuri vor integra elemente reprezentative pentru patrimoniul cultural, istoric \u0219i natural al Timi\u0219ului.<\/p>\n<figure class=\"wp-block-gallery has-nested-images columns-default is-cropped wp-block-gallery-1 is-layout-flex wp-block-gallery-is-layout-flex\">\n<figure class=\"wp-block-image size-large\"><img loading=\"lazy\" decoding=\"async\" width=\"1920\" height=\"1080\" data-id=\"39646\" src=\"https:\/\/orasul-timisoara.ro\/wp-content\/uploads\/2026\/07\/intrari-judet-1.jpg\" alt class=\"wp-image-39646\"><\/figure>\n<figure class=\"wp-block-image size-large\"><img loading=\"lazy\" decoding=\"async\" width=\"1920\" height=\"1080\" data-id=\"39647\" src=\"https:\/\/orasul-timisoara.ro\/wp-content\/uploads\/2026\/07\/intrari-judet-2.jpg\" alt class=\"wp-image-39647\"><\/figure>\n<figure class=\"wp-block-image size-large\"><img loading=\"lazy\" decoding=\"async\" width=\"1920\" height=\"1080\" data-id=\"39648\" src=\"https:\/\/orasul-timisoara.ro\/wp-content\/uploads\/2026\/07\/intrari-judet-3.jpg\" alt class=\"wp-image-39648\"><\/figure>\n<figure class=\"wp-block-image size-large\"><img decoding=\"async\" loading=\"lazy\" width=\"1920\" height=\"1080\" data-id=\"39649\" src=\"https:\/\/orasul-timisoara.ro\/wp-content\/uploads\/2026\/07\/intrari-judet-4.jpg\" alt class=\"wp-image-39649\"><\/figure>\n<\/figure>\n<p class=\"wp-block-paragraph\">Printre simbolurile care ar urma s\u0103 fie reprezentate se num\u0103r\u0103 Catedrala Mitropolitan\u0103 din Timi\u0219oara, Bastionul Maria Theresia, Castelul Huniade, Opera Na\u021bional\u0103 Rom\u00e2n\u0103 din Timi\u0219oara, Castelul din Banloc, Castelul de la Foeni, Canalul Bega \u0219i laleaua pestri\u021b\u0103, specie protejat\u0103 devenit\u0103 unul dintre simbolurile naturale ale jude\u021bului.<\/p>\n<h2 class=\"wp-block-heading\">Lucr\u0103rile vor fi realizate cu implicarea tinerilor arti\u0219ti<\/h2>\n<p class=\"wp-block-paragraph\">Pre\u0219edintele Consiliului Jude\u021bean Timi\u0219 a precizat c\u0103 fiecare totem va include reprezent\u0103ri grafice realizate de tineri arti\u0219ti, astfel \u00eenc\u00e2t fiecare intrare \u00een jude\u021b s\u0103 reflecte at\u00e2t patrimoniul local, c\u00e2t \u0219i creativitatea noii genera\u021bii.<\/p>\n<p class=\"wp-block-paragraph\">\u00cen conceptul vizual va fi integrat \u0219i tricolorul Rom\u00e2niei, \u00eentr-o manier\u0103 artistic\u0103 \u0219i discret\u0103, ca parte a ansamblului estetic propus.<\/p>\n<h2 class=\"wp-block-heading\">Dimensiuni diferite, \u00een func\u021bie de categoria drumului<\/h2>\n<p class=\"wp-block-paragraph\">Conform proiectului prezentat de Alfred Simonis, construc\u021biile vor avea dimensiuni adaptate tipului de drum pe care vor fi amplasate. Astfel, totemurile de pe drumurile na\u021bionale vor avea o prezen\u021b\u0103 mai ampl\u0103, \u00een timp ce cele amplasate pe drumurile jude\u021bene vor fi dimensionate corespunz\u0103tor traficului \u0219i spa\u021biului disponibil.<\/p>\n<p class=\"wp-block-paragraph\">Materialele utilizate \u0219i sistemele de iluminat arhitectural vor fi alese astfel \u00eenc\u00e2t s\u0103 se integreze armonios \u00een peisaj, f\u0103r\u0103 a crea un impact vizual excesiv. Obiectivul este ca aceste elemente s\u0103 fie moderne, elegante \u0219i u\u0219or de identificat de c\u0103tre cei care intr\u0103 \u00een jude\u021b.<\/p>\n<h2 class=\"wp-block-heading\">Un proiect pentru consolidarea identit\u0103\u021bii jude\u021bului<\/h2>\n<p class=\"wp-block-paragraph\">Potrivit pre\u0219edintelui CJ Timi\u0219, una dintre problemele actuale este faptul c\u0103, \u00een multe situa\u021bii, trecerea dintr-un jude\u021b \u00een altul nu este marcat\u0103 suficient de clar, iar \u0219oferii nici nu \u00ee\u0219i dau seama c\u0103 au intrat \u00eentr-o nou\u0103 unitate administrativ-teritorial\u0103.<\/p>\n<p class=\"wp-block-paragraph\">Prin acest proiect, administra\u021bia jude\u021bean\u0103 \u00ee\u0219i propune s\u0103 transmit\u0103 \u00eenc\u0103 de la intrarea \u00een Timi\u0219 imaginea unui jude\u021b cu personalitate, patrimoniu valoros \u0219i respect pentru spa\u021biul public.<\/p>\n<h2 class=\"wp-block-heading\">Inspirat din modelele europene<\/h2>\n<p class=\"wp-block-paragraph\">Alfred Simonis afirm\u0103 c\u0103 ini\u021biativa urm\u0103re\u0219te exemplele unor regiuni europene care \u0219i-au construit o identitate vizual\u0103 puternic\u0103 prin amenajarea intr\u0103rilor pe principalele c\u0103i rutiere.<\/p>\n<p class=\"wp-block-paragraph\">Obiectivul este ca, \u00een urm\u0103torii ani, intr\u0103rile \u00een jude\u021bul Timi\u0219 s\u0103 devin\u0103 repere u\u0219or de recunoscut at\u00e2t pentru locuitori, c\u00e2t \u0219i pentru turi\u0219ti sau pentru cei care tranziteaz\u0103 zona, contribuind la promovarea imaginii jude\u021bului \u0219i la consolidarea identit\u0103\u021bii sale vizuale.<\/p>\n<p class=\"wp-block-paragraph\">\u00cen perioada urm\u0103toare, Consiliul Jude\u021bean Timi\u0219 urmeaz\u0103 s\u0103 dezvolte proiectul \u0219i s\u0103 stabileasc\u0103 detaliile tehnice privind amplasarea, designul \u0219i implementarea acestor totemuri la principalele intr\u0103ri \u00een jude\u021b.<\/p>\n<\/div>\n<p>[analyse_source url=&#8221;https:\/\/orasul-timisoara.ro\/local-39645\/&#8221;]<\/p>\n","protected":false},"excerpt":{"rendered":"<p>[analyse_image type=&#8221;featured&#8221; src=&#8221;https:\/\/orasul-timisoara.ro\/wp-content\/uploads\/2026\/07\/intrari-judet-1.jpg&#8221;] Administra\u021bie local\u0103Alfred Simonis: Timi\u0219ul va avea intr\u0103ri rutiere spectaculoase inspirate din patrimoniul jude\u021bului&#8230; Administra\u021bie local\u0103 Investitii in Timisoara \u0218tiri Locale Turism Alfred Simonis: Timi\u0219ul va avea intr\u0103ri rutiere spectaculoase inspirate din patrimoniul jude\u021bului (foto) De c\u0103tre redactia &#8211; 14\/07\/2026 Facebook Twitter WhatsApp Linkedin ReddIt Email Imprimare Consiliul Jude\u021bean Timi\u0219 preg\u0103te\u0219te un proiect [&hellip;]<\/p>\n","protected":false},"author":1,"featured_media":0,"comment_status":"open","ping_status":"","sticky":false,"template":"","format":"standard","meta":{"footnotes":""},"categories":[89],"tags":[226,189],"class_list":["post-2044129","post","type-post","status-publish","format-standard","hentry","category-romania","tag-crawlmanager","tag-orasul-timisoara-ro"],"_links":{"self":[{"href":"https:\/\/analyse.optim.biz\/index.php?rest_route=\/wp\/v2\/posts\/2044129","targetHints":{"allow":["GET"]}}],"collection":[{"href":"https:\/\/analyse.optim.biz\/index.php?rest_route=\/wp\/v2\/posts"}],"about":[{"href":"https:\/\/analyse.optim.biz\/index.php?rest_route=\/wp\/v2\/types\/post"}],"author":[{"embeddable":true,"href":"https:\/\/analyse.optim.biz\/index.php?rest_route=\/wp\/v2\/users\/1"}],"replies":[{"embeddable":true,"href":"https:\/\/analyse.optim.biz\/index.php?rest_route=%2Fwp%2Fv2%2Fcomments&post=2044129"}],"version-history":[{"count":0,"href":"https:\/\/analyse.optim.biz\/index.php?rest_route=\/wp\/v2\/posts\/2044129\/revisions"}],"wp:attachment":[{"href":"https:\/\/analyse.optim.biz\/index.php?rest_route=%2Fwp%2Fv2%2Fmedia&parent=2044129"}],"wp:term":[{"taxonomy":"category","embeddable":true,"href":"https:\/\/analyse.optim.biz\/index.php?rest_route=%2Fwp%2Fv2%2Fcategories&post=2044129"},{"taxonomy":"post_tag","embeddable":true,"href":"https:\/\/analyse.optim.biz\/index.php?rest_route=%2Fwp%2Fv2%2Ftags&post=2044129"}],"curies":[{"name":"wp","href":"https:\/\/api.w.org\/{rel}","templated":true}]}}