{"id":2043707,"date":"2026-07-14T17:47:04","date_gmt":"2026-07-14T14:47:04","guid":{"rendered":"https:\/\/analyse.optim.biz\/?p=2043707"},"modified":"2026-07-14T17:47:04","modified_gmt":"2026-07-14T14:47:04","slug":"miercuri-operatie-sambata-pe-plaja-cum-te-ajuta-tehnica-smile-sa-scapi-de-ochelari-cu-laser-chiar-si-vara","status":"publish","type":"post","link":"https:\/\/analyse.optim.biz\/?p=2043707","title":{"rendered":"Miercuri opera\u021bie, s\u00e2mb\u0103t\u0103 pe plaj\u0103: cum te ajut\u0103 tehnica SMILE s\u0103 scapi de ochelari cu laser chiar \u0219i vara?"},"content":{"rendered":"<p>[analyse_image type=&#8221;featured&#8221; src=&#8221;https:\/\/r3media.ro\/wp-content\/uploads\/2026\/07\/miercuri_operaie_smbt_pe_plaj_cum_te_ajut_tehnica_smile_s_scapi_de_ochelari_cu_laser_chiar_i_vara-e1784051216554.jpghttps:\/\/r3media.ro\/wp-content\/uploads\/2026\/07\/miercuri_operaie_smbt_pe_plaj_cum_te_ajut_tehnica_smile_s_scapi_de_ochelari_cu_laser_chiar_i_vara-e1784051216554.jpg&#8221;]<\/p>\n<article id=\"template-id-109\" class=\"post-109 tdb_templates type-tdb_templates status-publish post\">\n<div id=\"tdi_2\" class=\"tdc-zone\">\n<div class=\"tdc_zone tdi_3  wpb_row td-pb-row\">\n<div id=\"tdi_4\" class=\"tdc-row\">\n<div class=\"vc_row tdi_5  wpb_row td-pb-row\">\n<div class=\"vc_column tdi_7  wpb_column vc_column_container tdc-column td-pb-span8\">\n<div class=\"wpb_wrapper\">\n<div class=\"td_block_wrap tdb_breadcrumbs tdi_8 td-pb-border-top td_block_template_1 tdb-breadcrumbs \" data-td-block-uid=\"tdi_8\">\n<div class=\"tdb-block-inner td-fix-index\"><span><a title=\"Vede\u021bi toate articolele \u00een \u0218TIRI\" class=\"tdb-entry-crumb\" href=\"https:\/\/r3media.ro\/category\/stiri\/\">\u0218TIRI<\/a><\/span><span class=\"tdb-bred-no-url-last\">Miercuri opera\u021bie, s\u00e2mb\u0103t\u0103 pe plaj\u0103: cum te ajut\u0103 tehnica SMILE s\u0103 scapi&#8230;<\/span><\/div>\n<\/div>\n<div class=\"td_block_wrap tdb_single_categories tdi_9 td-pb-border-top td_block_template_1 \" data-td-block-uid=\"tdi_9\">\n<div class=\"tdb-category td-fix-index\"><a class=\"tdb-entry-category\" href=\"https:\/\/r3media.ro\/category\/stiri\/\">\u0218TIRI<\/a><\/div>\n<\/div>\n<div class=\"td_block_wrap tdb_title tdi_10 tdb-single-title td-pb-border-top td_block_template_1\" data-td-block-uid=\"tdi_10\">\n<div class=\"tdb-block-inner td-fix-index\">\n<h1 class=\"tdb-title-text\">Miercuri opera\u021bie, s\u00e2mb\u0103t\u0103 pe plaj\u0103: cum te ajut\u0103 tehnica SMILE s\u0103 scapi de ochelari cu laser chiar \u0219i vara?<\/h1>\n<\/div>\n<\/div>\n<div class=\"vc_row_inner tdi_12  vc_row vc_inner wpb_row td-pb-row\">\n<div class=\"vc_column_inner tdi_14  wpb_column vc_column_container tdc-inner-column td-pb-span12\">\n<div class=\"vc_column-inner\">\n<div class=\"wpb_wrapper\">\n<div class=\"td_block_wrap tdb_single_author tdi_15 td-pb-border-top td_block_template_1 tdb-post-meta\" data-td-block-uid=\"tdi_15\">\n<div class=\"tdb-block-inner td-fix-index\">\n<div class=\"tdb-author-name-wrap\"><a class=\"tdb-author-name\" href=\"https:\/\/r3media.ro\/author\/promo\/\">Promo<\/a><\/div>\n<\/div>\n<\/div>\n<div class=\"td_block_wrap tdb_single_date tdi_16 td-pb-border-top td_block_template_1 tdb-post-meta\" data-td-block-uid=\"tdi_16\">\n<div class=\"tdb-block-inner td-fix-index\"><time class=\"entry-date updated td-module-date\" datetime=\"2026-07-14T20:47:04+03:00\">14\/07\/2026<\/time><\/div>\n<\/div>\n<\/div>\n<\/div>\n<\/div>\n<\/div>\n<div class=\"td_block_wrap tdb_single_content tdi_18 td-pb-border-top td_block_template_1 td-post-content tagdiv-type\" data-td-block-uid=\"tdi_18\">\n<div class=\"tdb-block-inner td-fix-index\">\n<p>Este vara \u0219i, dac\u0103 por\u021bi ochelari sau lentile de contact de ani buni, probabil ai trecut deja prin scenariul clasic: ochelari de vedere, ochelari de soare cu dioptrii, ramele ochelarilor care alunec\u0103 de la transpira\u021bie, lentile de contact care se usuc\u0103. Multe persoane cred c\u0103 o opera\u021bie pentru reducerea dioptriilor e ceva ce \u201ese face iarna\u201d, c\u00e2nd stai mai mult \u00een cas\u0103. Cu tehnica SMILE po\u021bi s\u0103 te operezi \u0219i \u00een sezonul cald, indiferent dac\u0103 ai miopie, hipermetropie sau astigmatism, pentru c\u0103 recuperarea e rapid\u0103 \u00een majoritatea situa\u021biilor, iar la mare po\u021bi merge dup\u0103 doar c\u00e2teva zile.<\/p>\n<p>Am stat de vorb\u0103 cu medicii de la clinica de oftalmologie Ama Optimex din Bucure\u0219ti, care lucreaz\u0103 cu aceast\u0103 tehnic\u0103 din 2014, \u0219i am adunat aici, pe \u00een\u021belesul tuturor, ce \u00eenseamn\u0103 de fapt o astfel de interven\u021bie.<\/p>\n<h2>Ce este, mai exact, opera\u021bia SMILE?<\/h2>\n<p>SMILE vine de la Small Incision Lenticule Extraction \u0219i este a treia genera\u021bie de chirurgie refractiv\u0103 cu laser. Pe scurt, e o metod\u0103 prin care se reduc dioptriile f\u0103r\u0103 t\u0103ierea \u0219i f\u0103r\u0103 deschiderea ochiului. Laserul cu femtosecunde creeaz\u0103 \u00een interiorul corneei o lentil\u0103 sub\u021bire (o lenticul\u0103) cu dimensiuni \u00een func\u021bie de dioptria pacientului \u0219i un tunel de c\u00e2\u021biva milimetri prin care aceasta este scoas\u0103. Totul \u00eentr-o singur\u0103 procedur\u0103, cu un singur laser, \u0219i cu un disconfort minim.<\/p>\n<p>Tehnica corecteaz\u0103 miopia, astigmatismul \u0219i hipermetropia. Se realizeaz\u0103 cu femtolaserul VisuMax produs de Carl Zeiss, iar la Ama Optimex se lucreaz\u0103 din august 2022 cu ultima genera\u021bie a acestui laser, VisuMax 800, \u0219i tehnica numit\u0103 SMILE PRO. Diferen\u021ba fa\u021b\u0103 de genera\u021bia anterioar\u0103, VisuMax 500, pe care clinica l-a introdus \u00eenc\u0103 din 2014, \u021bine de timp \u0219i de confort: dac\u0103 la varianta clasic\u0103 crearea lenticulei putea dura p\u00e2n\u0103 la 25 de secunde, cu VisuMax 800 dureaz\u0103 \u00eentre 7 \u0219i 10 secunde, \u00een func\u021bie de num\u0103rul de dioptrii. Practic, c\u00e2t ai clipi de c\u00e2teva ori.<\/p>\n<h2>C\u00e2te dioptrii se pot corecta cu SMILE?<\/h2>\n<p>Una dintre \u00eentreb\u0103rile care apar mereu este: \u201edar dioptriile mele sunt prea mari?\u201d. SMILE poate reduce dioptrii destul de mari, pe care celelalte tehnici laser nu le pot corecta. Iat\u0103 reperele orientative folosite la Ama Optimex:<\/p>\n<ul>\n<li>miopie p\u00e2n\u0103 la -10 dioptrii;<\/li>\n<li>astigmatism miopic p\u00e2n\u0103 la -5 dioptrii;<\/li>\n<li>miopie \u0219i astigmatism miopic combinate p\u00e2n\u0103 la -15 dioptrii;<\/li>\n<li>hipermetropie p\u00e2n\u0103 la +7 dioptrii;<\/li>\n<li>astigmatism hipermetropic p\u00e2n\u0103 la +4 dioptrii.<\/li>\n<\/ul>\n<p>Aceste valori sunt repere. Ce \u021bi se potrive\u0219te \u021bie se stabile\u0219te individual, dup\u0103 o consulta\u021bie \u0219i un set de investiga\u021bii oftalmologice precise, pentru c\u0103 trebuie analizate mai multe particularit\u0103\u021bi anatomice ale ochilor t\u0103i.<\/p>\n<h2>De ce po\u021bi face SMILE \u0219i vara?<\/h2>\n<p>Aici st\u0103 tot farmecul pentru sezonul cald. Dup\u0103 SMILE recuperarea este rapid\u0103, \u00een 48 p\u00e2n\u0103 la 72 de ore \u00ee\u021bi po\u021bi relua activit\u0103\u021bile obi\u0219nuite \u0219i po\u021bi merge la mare, la munte sau oriunde vrei tu \u00een vacan\u021b\u0103, f\u0103r\u0103 restric\u021bii. A\u0219a c\u0103, da, po\u021bi s\u0103 faci interven\u021bia \u00een timpul s\u0103pt\u0103m\u00e2nii \u0219i s\u0103 fii pe plaj\u0103 \u00een weekend.<\/p>\n<p>\u00cen primele ore dup\u0103 interven\u021bie poate ap\u0103rea o senza\u021bie de corp str\u0103in, o u\u0219oar\u0103 l\u0103crimare, sensibilitate la lumin\u0103 \u0219i vedere u\u0219or \u00eence\u021bo\u0219at\u0103. Sunt senza\u021bii care se diminueaz\u0103 pe m\u0103sur\u0103 ce trec minutele \u0219i orele. Pentru c\u00e2teva s\u0103pt\u0103m\u00e2ni trebuie s\u0103 urmezi un tratament cu pic\u0103turi \u0219i s\u0103 por\u021bi ochelari de soare la exterior.<\/p>\n<p>Cum povestesc adesea pacien\u021bii opera\u021bi cu SMILE, mai mult le r\u0103m\u00e2ne reflexul vechi de a-\u0219i c\u0103uta ochelarii diminea\u021ba dec\u00e2t amintirea opera\u021biei \u00een sine.<\/p>\n<h2>Cum decurge interven\u021bia, pas cu pas?<\/h2>\n<ul>\n<li><strong>\u00cenainte de opera\u021bie:<\/strong> Se face o consulta\u021bie am\u0103nun\u021bit\u0103 \u0219i o serie de investiga\u021bii prin care medicul verific\u0103 dac\u0103 ochii permit o interven\u021bie de reducere dioptrii \u0219i dac\u0103 tehnica SMILE se potrive\u0219te. Dac\u0103 nu se potrive\u0219te SMILE, e util s\u0103 \u0219tii c\u0103 exist\u0103 \u0219i alte tehnici \u0219i, \u00een urma evalu\u0103rii, medicul \u021bi-o va recomanda pe cea potrivit\u0103 \u021bie, dar tehnica laser este recomandat\u0103 cu prioritate. \u00cen cazul \u00een care por\u021bi lentile de contact, trebuie s\u0103 renun\u021bi la ele cu 10 zile \u00eenainte de investiga\u021bii \u0219i de opera\u021bie. Cu dou\u0103 zile \u00eenainte se \u00eencepe un tratament cu pic\u0103turi cu antibiotic \u0219i cu comprimate cu Vitamina C.<\/li>\n<li><strong>\u00cen ziua opera\u021biei:<\/strong> Procedura se face la ambii ochi \u00een aceea\u0219i zi, cu anestezie local\u0103 cu pic\u0103turi, f\u0103r\u0103 durere \u00een majoritatea cazurilor \u0219i dureaz\u0103 c\u00e2teva minute la fiecare ochi cu tot cu preg\u0103tirea preoperatorie. Pacientul pleac\u0103 acas\u0103 imediat dup\u0103, f\u0103r\u0103 pansamente, doar cu ochelari de soare pentru protec\u021bie.<\/li>\n<li><strong>Dup\u0103 opera\u021bie:<\/strong> Controale la o zi, la o s\u0103pt\u0103m\u00e2n\u0103, la \u0219ase s\u0103pt\u0103m\u00e2ni \u0219i la un an, apoi anual sau la nevoie. Igien\u0103 sporit\u0103 \u00een primele zile, f\u0103r\u0103 machiaj \u0219i f\u0103r\u0103 frecatul ochilor.<\/li>\n<\/ul>\n<h2>O experien\u021b\u0103 de peste un deceniu, la Bucure\u0219ti<\/h2>\n<p>Ce face diferen\u021ba la o opera\u021bie la ochi nu e doar aparatul, ci \u0219i experien\u021ba celor care \u00eel folosesc. Ama Optimex a fost prima clinic\u0103 din Rom\u00e2nia \u00een care s-a efectuat SMILE, \u00een 2014. La acel moment, Conf. Dr. Mircea Filip, Dr. Andrei Filip \u0219i Dr. Miruna Nicolae se num\u0103rau printre cei doar 300 de chirurgi din toat\u0103 lumea care efectuau aceast\u0103 tehnic\u0103. \u00centre timp, li s-au al\u0103turat Dr. Raluca Moisescu \u0219i Dr. Radu Malciolu.<\/p>\n<p>Un mic detaliu care spune multe: Dr. Raluca Moisescu este chiar primul medic oftalmolog din Rom\u00e2nia care a ales SMILE pentru a sc\u0103pa de miopie. De altfel, \u00een clinica Ama Optimex sunt mai mul\u021bi colegi care au renun\u021bat la ochelari tot prin aceast\u0103 interven\u021bie, ceea ce e probabil cea mai sincer\u0103 form\u0103 de \u00eencredere \u00eentr-o tehnic\u0103.<\/p>\n<p>Din 2014 p\u00e2n\u0103 acum, la Ama Optimex s-au efectuat peste 8000 de interven\u021bii SMILE. Pentru cine vrea s\u0103 se informeze \u00een detaliu despre <a href=\"https:\/\/www.scapadeochelari.ro\/relex-smile\/\" target=\"_blank\" rel=\"noopener\">opera\u021bia cu laser SMILE pentru miopie, hipermetropie \u0219i astigmatism<\/a>, clinica a pus la dispozi\u021bie o platform\u0103 dedicat\u0103 reducerii dioptriilor: Scap\u0103DeOchelari.ro.<\/p>\n<h2>\u00centreb\u0103ri frecvente despre opera\u021bia SMILE<\/h2>\n<h3>Pot face opera\u021bia SMILE vara?<\/h3>\n<p>Da. Recuperarea e rapid\u0103 \u00een majoritatea cazurilor, iar la mare se poate merge dup\u0103 aproximativ dou\u0103-trei zile de la opera\u021bie, a\u0219a c\u0103 nu este un impediment \u00een sezonul cald.<\/p>\n<h3>La c\u00e2t timp dup\u0103 opera\u021bie pot merge la plaj\u0103 sau la \u00eenot?<\/h3>\n<p>\u00cen general, dup\u0103 aproximativ dou\u0103-trei zile, cu respectarea recomand\u0103rilor primite de la medic \u0219i purtarea ochelarilor de soare la exterior.<\/p>\n<h3>SMILE se face doar pentru miopie?<\/h3>\n<p>Nu. Pe l\u00e2ng\u0103 miopie \u0219i astigmatism miopic, tehnica corecteaz\u0103, prin varianta SMILE PLUS, \u0219i hipermetropia \u0219i astigmatismul hipermetropic.<\/p>\n<h3>Opera\u021bia doare?<\/h3>\n<p>Interven\u021bia se face cu anestezie local\u0103 cu pic\u0103turi \u0219i este, \u00een majoritatea cazurilor, f\u0103r\u0103 durere. \u00cen primele ore pot ap\u0103rea senza\u021bii trec\u0103toare de disconfort.<\/p>\n<h3>C\u00e2t dureaz\u0103 interven\u021bia?<\/h3>\n<p>C\u00e2teva minute la fiecare ochi, cu tot cu preg\u0103tire. Laserul VisuMax 800 creeaz\u0103 lenticula \u00een 7 p\u00e2n\u0103 la 10 secunde, \u00een func\u021bie de dioptrii, apoi chirurgul o extrage printr-un tunel mic, de doar c\u00e2\u021biva mm.<\/p>\n<h3>De unde \u0219tiu dac\u0103 sunt candidat pentru SMILE?<\/h3>\n<p>R\u0103spunsul vine doar dup\u0103 o consulta\u021bie \u0219i un set de investiga\u021bii, pentru c\u0103 depinde de tipul \u0219i num\u0103rul de dioptrii \u0219i de particularit\u0103\u021bile anatomice ale ochiului.<\/p>\n<h2>Pe scurt<\/h2>\n<p>Dac\u0103 am\u00e2ni opera\u021bia \u201epentru la toamn\u0103 dup\u0103 concediu\u201d, merit\u0103 s\u0103 \u0219tii c\u0103 vara nu e un motiv de a\u0219teptare. SMILE este o tehnic\u0103 modern\u0103 \u0219i minim invaziv\u0103, cu recuperare rapid\u0103, care corecteaz\u0103 miopia, astigmatismul \u0219i hipermetropia. Primul pas r\u0103m\u00e2ne mereu acela\u0219i, indiferent de anotimp: o consulta\u021bie \u0219i investiga\u021bii oftalmologice, \u00een urma c\u0103rora medicul \u00ee\u021bi spune ce tehnic\u0103 este potrivit\u0103 pentru ochii t\u0103i.<\/p>\n<p>Informa\u021biile din acest articol au scop informativ \u0219i nu \u00eenlocuiesc consultul oftalmologic. Indica\u021bia medical\u0103 se stabile\u0219te individual, \u00een urma evalu\u0103rii efectuate de medic, iar nicio interven\u021bie chirurgical\u0103 nu este lipsit\u0103 de riscuri.<\/p>\n<\/div>\n<\/div>\n<div class=\"td_block_wrap td_block_9 tdi_20 td_with_ajax_pagination td-pb-border-top td_block_template_1 td-column-2 td_block_padding td_block_bot_line\" data-td-block-uid=\"tdi_20\">\n<div class=\"td-block-title-wrap\">\n<h4 class=\"block-title td-block-title\"><span class=\"td-pulldown-size\">CITE\u0218TE MAI MULT<\/span><\/h4>\n<\/div>\n<div id=\"tdi_20\" class=\"td_block_inner\">\n<div class=\"td-block-row\">\n<div class=\"td-block-span6\">\n<div class=\"td_module_8 td_module_wrap\">\n<div class=\"item-details\">\n<h3 class=\"entry-title td-module-title\"><a href=\"https:\/\/r3media.ro\/ioan-aurel-pop-lege-vexler-razboi-istoria\/\" rel=\"bookmark\" title=\"Ioan-Aurel Pop critic\u0103 legea Vexler \u00eentr-un articol de neratat: Nu putem s\u0103 ducem un r\u0103zboi cu istoria\">Ioan-Aurel Pop critic\u0103 legea Vexler \u00eentr-un articol de neratat: Nu putem s\u0103 ducem un&#8230;<\/a><\/h3>\n<div class=\"td-module-meta-info\"><a href=\"https:\/\/r3media.ro\/category\/actualitate\/\" class=\"td-post-category\">ACTUALITATE<\/a><span class=\"td-post-author-name\"><a href=\"https:\/\/r3media.ro\/author\/radu_ursan\/\">Radu Ursan<\/a><span>&#8211;<\/span><\/span><span class=\"td-post-date\"><time class=\"entry-date updated td-module-date\" datetime=\"2026-07-12T21:42:54+03:00\">12\/07\/2026<\/time><\/span><\/div>\n<\/div>\n<\/div>\n<\/div>\n<div class=\"td-block-span6\">\n<div class=\"td_module_8 td_module_wrap\">\n<div class=\"item-details\">\n<h3 class=\"entry-title td-module-title\"><a href=\"https:\/\/r3media.ro\/scandalul-rachetelor-patriot-zguduie-polonia-varsovia-declasifica-tot-ajutorul-militar-acordat-ucrainei\/\" rel=\"bookmark\" title=\"Scandalul rachetelor Patriot zguduie Polonia: Var\u0219ovia declasific\u0103 tot ajutorul militar acordat Ucrainei\">Scandalul rachetelor Patriot zguduie Polonia: Var\u0219ovia declasific\u0103 tot ajutorul militar acordat Ucrainei<\/a><\/h3>\n<div class=\"td-module-meta-info\"><a href=\"https:\/\/r3media.ro\/category\/stiri\/\" class=\"td-post-category\">\u0218TIRI<\/a><span class=\"td-post-author-name\"><a href=\"https:\/\/r3media.ro\/author\/radu_ursan\/\">Radu Ursan<\/a><span>&#8211;<\/span><\/span><span class=\"td-post-date\"><time class=\"entry-date updated td-module-date\" datetime=\"2026-07-12T20:43:04+03:00\">12\/07\/2026<\/time><\/span><\/div>\n<\/div>\n<\/div>\n<\/div>\n<\/div>\n<div class=\"td-block-row\">\n<div class=\"td-block-span6\">\n<div class=\"td_module_8 td_module_wrap\">\n<div class=\"item-details\">\n<h3 class=\"entry-title td-module-title\"><a href=\"https:\/\/r3media.ro\/ce-ne-facem-cu-atatia-prosti\/\" rel=\"bookmark\" title=\"Ce ne facem cu at\u00e2\u021bia pro\u0219ti?\">Ce ne facem cu at\u00e2\u021bia pro\u0219ti?<\/a><\/h3>\n<div class=\"td-module-meta-info\"><a href=\"https:\/\/r3media.ro\/category\/opinii\/\" class=\"td-post-category\">OPINII<\/a><span class=\"td-post-author-name\"><a href=\"https:\/\/r3media.ro\/author\/alexandru_racu\/\">Alexandru Racu<\/a><span>&#8211;<\/span><\/span><span class=\"td-post-date\"><time class=\"entry-date updated td-module-date\" datetime=\"2026-07-12T14:11:45+03:00\">12\/07\/2026<\/time><\/span><\/div>\n<\/div>\n<\/div>\n<\/div>\n<div class=\"td-block-span6\">\n<div class=\"td_module_8 td_module_wrap\">\n<div class=\"item-details\">\n<h3 class=\"entry-title td-module-title\"><a href=\"https:\/\/r3media.ro\/guvernul-sanchez-demoleaza-monumentul-de-la-majadahonda-ion-mota-vasile-marin-lupta-rzaboiul-civil-spaniol-comunisti\/\" rel=\"bookmark\" title=\"Guvernul Sanchez demoleaz\u0103 Monumentul de la Majadahonda, dedicat lui Ion Mo\u021ba \u0219i Vasile Marin, rom\u00e2nii care au luptat \u00eempotriva comuni\u0219tilor \u00een R\u0103zboiul Civil Spaniol\">Guvernul Sanchez demoleaz\u0103 Monumentul de la Majadahonda, dedicat lui Ion Mo\u021ba \u0219i Vasile Marin,&#8230;<\/a><\/h3>\n<div class=\"td-module-meta-info\"><a href=\"https:\/\/r3media.ro\/category\/actualitate\/\" class=\"td-post-category\">ACTUALITATE<\/a><span class=\"td-post-author-name\"><a href=\"https:\/\/r3media.ro\/author\/oana\/\">Oana Ivan<\/a><span>&#8211;<\/span><\/span><span class=\"td-post-date\"><time class=\"entry-date updated td-module-date\" datetime=\"2026-07-12T01:11:49+03:00\">12\/07\/2026<\/time><\/span><\/div>\n<\/div>\n<\/div>\n<\/div>\n<\/div>\n<div class=\"td-block-row\">\n<div class=\"td-block-span6\">\n<div class=\"td_module_8 td_module_wrap\">\n<div class=\"item-details\">\n<h3 class=\"entry-title td-module-title\"><a href=\"https:\/\/r3media.ro\/sofer-surpriza-neplacuta-benzinarie-austria-oprit-apa-portbagaj\/\" rel=\"bookmark\" title=\"Un \u0219ofer a avut parte de o surpriz\u0103 nepl\u0103cut\u0103 la benzin\u0103rie dup\u0103 ce a oprit un minut \u0219i 28 de secunde pentru a scoate o sticl\u0103 de ap\u0103 din portbagaj\">Un \u0219ofer a avut parte de o surpriz\u0103 nepl\u0103cut\u0103 la benzin\u0103rie dup\u0103 ce a&#8230;<\/a><\/h3>\n<div class=\"td-module-meta-info\"><a href=\"https:\/\/r3media.ro\/category\/actualitate\/\" class=\"td-post-category\">ACTUALITATE<\/a><span class=\"td-post-author-name\"><a href=\"https:\/\/r3media.ro\/author\/oana\/\">Oana Ivan<\/a><span>&#8211;<\/span><\/span><span class=\"td-post-date\"><time class=\"entry-date updated td-module-date\" datetime=\"2026-07-11T13:00:01+03:00\">11\/07\/2026<\/time><\/span><\/div>\n<\/div>\n<\/div>\n<\/div>\n<div class=\"td-block-span6\">\n<div class=\"td_module_8 td_module_wrap\">\n<div class=\"item-details\">\n<h3 class=\"entry-title td-module-title\"><a href=\"https:\/\/r3media.ro\/o-femeie-mentalitate-femei-moderne-printese-disney\/\" rel=\"bookmark\" title=\"VIDEO | O femeie critic\u0103 mentalitatea femeii moderne care distruge rela\u021bia cu b\u0103rbatul s\u0103u: Suntem crescute \u00een ideea de prin\u021bese, dar nu suntem la Disney\">VIDEO | O femeie critic\u0103 mentalitatea femeii moderne care distruge rela\u021bia cu b\u0103rbatul s\u0103u:&#8230;<\/a><\/h3>\n<div class=\"td-module-meta-info\"><a href=\"https:\/\/r3media.ro\/category\/actualitate\/\" class=\"td-post-category\">ACTUALITATE<\/a><span class=\"td-post-author-name\"><a href=\"https:\/\/r3media.ro\/author\/teodor_stan\/\">Teodor Stan<\/a><span>&#8211;<\/span><\/span><span class=\"td-post-date\"><time class=\"entry-date updated td-module-date\" datetime=\"2026-07-10T12:47:58+03:00\">10\/07\/2026<\/time><\/span><\/div>\n<\/div>\n<\/div>\n<\/div>\n<\/div>\n<div class=\"td-block-row\">\n<div class=\"td-block-span6\">\n<div class=\"td_module_8 td_module_wrap\">\n<div class=\"item-details\">\n<h3 class=\"entry-title td-module-title\"><a href=\"https:\/\/r3media.ro\/cutremur-5-5-grade-scara-richter-resimtit-cehia-slovacia\/\" rel=\"bookmark\" title=\"Cutremur de 5.5 grade pe scara Richter. S-a resim\u021bit \u00een Cehia \u0219i Slovacia\">Cutremur de 5.5 grade pe scara Richter. S-a resim\u021bit \u00een Cehia \u0219i Slovacia<\/a><\/h3>\n<div class=\"td-module-meta-info\"><a href=\"https:\/\/r3media.ro\/category\/actualitate\/\" class=\"td-post-category\">ACTUALITATE<\/a><span class=\"td-post-author-name\"><a href=\"https:\/\/r3media.ro\/author\/oana\/\">Oana Ivan<\/a><span>&#8211;<\/span><\/span><span class=\"td-post-date\"><time class=\"entry-date updated td-module-date\" datetime=\"2026-07-09T20:48:24+03:00\">09\/07\/2026<\/time><\/span><\/div>\n<\/div>\n<\/div>\n<\/div>\n<div class=\"td-block-span6\">\n<div class=\"td_module_8 td_module_wrap\">\n<div class=\"item-details\">\n<h3 class=\"entry-title td-module-title\"><a href=\"https:\/\/r3media.ro\/presedintele-croatiei-interesele-poporului-ursula-von-der-leyen\/\" rel=\"bookmark\" title=\"Pre\u0219edintele Croa\u021biei spune c\u0103 este obligat s\u0103 apere interesele poporului s\u0103u, \u201enu s\u0103 urmez orbe\u0219te trenduri sau s\u0103 repet ca un papagal frazele care \u00eei plac Ursulei von der Leyen\u201d\">Pre\u0219edintele Croa\u021biei spune c\u0103 este obligat s\u0103 apere interesele poporului s\u0103u, \u201enu s\u0103 urmez&#8230;<\/a><\/h3>\n<div class=\"td-module-meta-info\"><a href=\"https:\/\/r3media.ro\/category\/actualitate\/\" class=\"td-post-category\">ACTUALITATE<\/a><span class=\"td-post-author-name\"><a href=\"https:\/\/r3media.ro\/author\/radu_ursan\/\">Radu Ursan<\/a><span>&#8211;<\/span><\/span><span class=\"td-post-date\"><time class=\"entry-date updated td-module-date\" datetime=\"2026-07-08T22:42:08+03:00\">08\/07\/2026<\/time><\/span><\/div>\n<\/div>\n<\/div>\n<\/div>\n<\/div>\n<div class=\"td-block-row\">\n<div class=\"td-block-span6\">\n<div class=\"td_module_8 td_module_wrap\">\n<div class=\"item-details\">\n<h3 class=\"entry-title td-module-title\"><a href=\"https:\/\/r3media.ro\/femeie-cumparat-automobil-electric-mana-a-doua-surpriza-plecat-masina\/\" rel=\"bookmark\" title=\"O femeie care \u0219i-a achizi\u021bionat un automobil electric la m\u00e2na a doua a avut parte de o surpriz\u0103 imediat dup\u0103 ce a plecat cu ma\u0219ina\">O femeie care \u0219i-a achizi\u021bionat un automobil electric la m\u00e2na a doua a avut&#8230;<\/a><\/h3>\n<div class=\"td-module-meta-info\"><a href=\"https:\/\/r3media.ro\/category\/actualitate\/\" class=\"td-post-category\">ACTUALITATE<\/a><span class=\"td-post-author-name\"><a href=\"https:\/\/r3media.ro\/author\/oana\/\">Oana Ivan<\/a><span>&#8211;<\/span><\/span><span class=\"td-post-date\"><time class=\"entry-date updated td-module-date\" datetime=\"2026-07-08T19:56:23+03:00\">08\/07\/2026<\/time><\/span><\/div>\n<\/div>\n<\/div>\n<\/div>\n<div class=\"td-block-span6\">\n<div class=\"td_module_8 td_module_wrap\">\n<div class=\"item-details\">\n<h3 class=\"entry-title td-module-title\"><a href=\"https:\/\/r3media.ro\/lectii-de-inapoiere\/\" rel=\"bookmark\" title=\"Lec\u021bii de \u00eenapoiere\">Lec\u021bii de \u00eenapoiere<\/a><\/h3>\n<div class=\"td-module-meta-info\"><a href=\"https:\/\/r3media.ro\/category\/opinii\/\" class=\"td-post-category\">OPINII<\/a><span class=\"td-post-author-name\"><a href=\"https:\/\/r3media.ro\/author\/tru\/\">TRU (Traian Ungureanu)<\/a><span>&#8211;<\/span><\/span><span class=\"td-post-date\"><time class=\"entry-date updated td-module-date\" datetime=\"2026-07-07T14:50:09+03:00\">07\/07\/2026<\/time><\/span><\/div>\n<\/div>\n<\/div>\n<\/div>\n<\/div>\n<div class=\"td-block-row\">\n<div class=\"td-block-span6\">\n<div class=\"td_module_8 td_module_wrap\">\n<div class=\"item-details\">\n<h3 class=\"entry-title td-module-title\"><a href=\"https:\/\/r3media.ro\/dreptate-pentru-memoria-lui-mircea-vulcanescu\/\" rel=\"bookmark\" title=\"Dreptate pentru memoria lui Mircea Vulc\u0103nescu\">Dreptate pentru memoria lui Mircea Vulc\u0103nescu<\/a><\/h3>\n<div class=\"td-module-meta-info\"><a href=\"https:\/\/r3media.ro\/category\/opinii\/\" class=\"td-post-category\">OPINII<\/a><span class=\"td-post-author-name\"><a href=\"https:\/\/r3media.ro\/author\/bogdan-munteanu\/\">Bogdan Munteanu<\/a><span>&#8211;<\/span><\/span><span class=\"td-post-date\"><time class=\"entry-date updated td-module-date\" datetime=\"2026-07-03T15:27:06+03:00\">03\/07\/2026<\/time><\/span><\/div>\n<\/div>\n<\/div>\n<\/div>\n<div class=\"td-block-span6\">\n<div class=\"td_module_8 td_module_wrap\">\n<div class=\"item-details\">\n<h3 class=\"entry-title td-module-title\"><a href=\"https:\/\/r3media.ro\/un-baietel-de-10-ani-are-nevoie-urgent-de-930-000-de-euro-pentru-a-trai-apelul-parintelui-alexandru-lungu\/\" rel=\"bookmark\" title=\"Un b\u0103ie\u021bel de 10 ani are nevoie URGENT de 930.000 de euro pentru a tr\u0103i. Apelul p\u0103rintelui Alexandru Lungu\">Un b\u0103ie\u021bel de 10 ani are nevoie URGENT de 930.000 de euro pentru a&#8230;<\/a><\/h3>\n<div class=\"td-module-meta-info\"><a href=\"https:\/\/r3media.ro\/category\/actualitate\/\" class=\"td-post-category\">ACTUALITATE<\/a><span class=\"td-post-author-name\"><a href=\"https:\/\/r3media.ro\/author\/redactia\/\">Redac\u021bia<\/a><span>&#8211;<\/span><\/span><span class=\"td-post-date\"><time class=\"entry-date updated td-module-date\" datetime=\"2026-07-01T14:14:11+03:00\">01\/07\/2026<\/time><\/span><\/div>\n<\/div>\n<\/div>\n<\/div>\n<\/div>\n<\/div>\n<div class=\"td-load-more-wrap td-load-more-infinite-wrap\" id=\"infinite-lm-tdi_20\"><a href=\"https:\/\/r3media.ro\/miercuri-operatie-sambata-pe-plaja-cum-te-ajuta-tehnica-smile-sa-scapi-de-ochelari-cu-laser-chiar-si-vara\/\" class=\"td_ajax_load_more td_ajax_load_more_js\" aria-label=\"\u00cenc\u0103rca\u021bi mai multe\" id=\"next-page-tdi_20\" data-td_block_id=\"tdi_20\">\u00cenc\u0103rca\u021bi mai multe<\/a><\/div>\n<\/div>\n<div class=\"td_block_wrap tdb_single_comments tdi_21 tdb-comm-layout2 td-pb-border-top td_block_template_1\" data-td-block-uid=\"tdi_21\">\n<div class=\"tdb-block-inner td-fix-index\">\n<div class=\"comments\" id=\"comments\">\n<div id=\"respond\" class=\"comment-respond\">\n<h3 id=\"reply-title\" class=\"comment-reply-title\">AI CEVA DE SPUS? <small><a rel=\"nofollow\" id=\"cancel-comment-reply-link\" href=\"https:\/\/r3media.ro\/miercuri-operatie-sambata-pe-plaja-cum-te-ajuta-tehnica-smile-sa-scapi-de-ochelari-cu-laser-chiar-si-vara\/#respond\">Renun\u021ba\u021bi la r\u0103spuns<\/a><\/small><\/h3>\n<div class=\"comment-form-input-wrap td-form-comment\">\n<div class=\"td-warning-comment\">V\u0103 rug\u0103m s\u0103 introduce\u021bi comentariul dvs.!<\/div>\n<\/div>\n<div class=\"comment-form-input-wrap td-form-author\">\n<div class=\"td-warning-author\">Introduce\u021bi aici numele dvs.<\/div>\n<\/div>\n<div class=\"comment-form-input-wrap td-form-email\">\n<div class=\"td-warning-email-error\">A\u021bi introdus o adres\u0103 de e-mail incorect\u0103!<\/div>\n<div class=\"td-warning-email\">V\u0103 rug\u0103m s\u0103 introduce\u021bi adresa dvs. de e-mail aici<\/div>\n<\/div>\n<\/div>\n<\/div>\n<\/div>\n<\/div>\n<\/div>\n<\/div>\n<div class=\"vc_column tdi_23  wpb_column vc_column_container tdc-column td-pb-span4 td-is-sticky\">\n<div class=\"wpb_wrapper\" data-sticky-enabled-on=\"W3RydWUsdHJ1ZSx0cnVlLHRydWVd\" data-sticky-offset=\"20\" data-sticky-is-width-auto=\"W2ZhbHNlLGZhbHNlLGZhbHNlLGZhbHNlXQ==\">\n<div class=\"wpb_wrapper td_block_wrap vc_widget_sidebar tdi_25 \">\n<div class=\"td_block_wrap td_block_7 td_block_widget tdi_26 td-pb-border-top td_block_template_1 td-column-1 td_block_padding\" data-td-block-uid=\"tdi_26\">\n<div class=\"td-block-title-wrap\">\n<h4 class=\"block-title td-block-title\"><span class=\"td-pulldown-size\">Articole RELA\u021aIONATE<\/span><\/h4>\n<\/div>\n<div id=\"tdi_26\" class=\"td_block_inner\">\n<div class=\"td-block-span12\">\n<div class=\"td_module_6 td_module_wrap td-animation-stack\">\n<div class=\"td-module-thumb\"><a href=\"https:\/\/r3media.ro\/15-iulie-sfintii-mucenici-chiric-si-iulita-sfantul-vladimir-luminatorul-rusiei\/\" rel=\"bookmark\" class=\"td-image-wrap \" title=\"Calendarul zilei 15 iulie: Sfin\u021bii Mucenici Chiric \u0219i Iulita; Sf\u00e2ntul Vladimir, lumin\u0103torul Rusiei\"><img loading=\"lazy\" decoding=\"async\" class=\"entry-thumb\" src=\"https:\/\/r3media.ro\/wp-content\/uploads\/2022\/07\/sddefault-3-100x70.jpg\" alt title=\"Calendarul zilei 15 iulie: Sfin\u021bii Mucenici Chiric \u0219i Iulita; Sf\u00e2ntul Vladimir, lumin\u0103torul Rusiei\" width=\"100\" height=\"70\"><\/a><\/div>\n<div class=\"item-details\">\n<h3 class=\"entry-title td-module-title\"><a href=\"https:\/\/r3media.ro\/15-iulie-sfintii-mucenici-chiric-si-iulita-sfantul-vladimir-luminatorul-rusiei\/\" rel=\"bookmark\" title=\"Calendarul zilei 15 iulie: Sfin\u021bii Mucenici Chiric \u0219i Iulita; Sf\u00e2ntul Vladimir, lumin\u0103torul Rusiei\">Calendarul zilei 15 iulie: Sfin\u021bii Mucenici Chiric \u0219i Iulita; Sf\u00e2ntul Vladimir,&#8230;<\/a><\/h3>\n<div class=\"td-module-meta-info\"><span class=\"td-post-date\"><time class=\"entry-date updated td-module-date\" datetime=\"2026-07-14T21:00:49+03:00\">14\/07\/2026<\/time><\/span><\/div>\n<\/div>\n<\/div>\n<\/div>\n<div class=\"td-block-span12\">\n<div class=\"td_module_6 td_module_wrap td-animation-stack\">\n<div class=\"td-module-thumb\"><a href=\"https:\/\/r3media.ro\/rumen-radev-bulgaria-se-retrage-coalitia-de-vointa\/\" rel=\"bookmark\" class=\"td-image-wrap \" title=\"Rumen Radev anun\u021b\u0103 c\u0103 Bulgaria se retrage din \u201eCoali\u021bia de voin\u021b\u0103\u201d: Rezolvarea conflictului st\u0103 \u00een diploma\u021bie, nu \u00een mijloace militare\"><img loading=\"lazy\" decoding=\"async\" class=\"entry-thumb\" src=\"https:\/\/r3media.ro\/wp-content\/uploads\/2026\/07\/rumen-radev-bulgariaa-100x70.jpg\" alt title=\"Rumen Radev anun\u021b\u0103 c\u0103 Bulgaria se retrage din \u201eCoali\u021bia de voin\u021b\u0103\u201d: Rezolvarea conflictului st\u0103 \u00een diploma\u021bie, nu \u00een mijloace militare\" width=\"100\" height=\"70\"><\/a><\/div>\n<div class=\"item-details\">\n<h3 class=\"entry-title td-module-title\"><a href=\"https:\/\/r3media.ro\/rumen-radev-bulgaria-se-retrage-coalitia-de-vointa\/\" rel=\"bookmark\" title=\"Rumen Radev anun\u021b\u0103 c\u0103 Bulgaria se retrage din \u201eCoali\u021bia de voin\u021b\u0103\u201d: Rezolvarea conflictului st\u0103 \u00een diploma\u021bie, nu \u00een mijloace militare\">Rumen Radev anun\u021b\u0103 c\u0103 Bulgaria se retrage din \u201eCoali\u021bia de voin\u021b\u0103\u201d:&#8230;<\/a><\/h3>\n<div class=\"td-module-meta-info\"><span class=\"td-post-date\"><time class=\"entry-date updated td-module-date\" datetime=\"2026-07-14T15:03:40+03:00\">14\/07\/2026<\/time><\/span><\/div>\n<\/div>\n<\/div>\n<\/div>\n<div class=\"td-block-span12\">\n<div class=\"td_module_6 td_module_wrap td-animation-stack\">\n<div class=\"td-module-thumb\"><a href=\"https:\/\/r3media.ro\/cazul-pasca-sau-cine-a-tras-in-noi-dupa-22\/\" rel=\"bookmark\" class=\"td-image-wrap \" title=\"Cazul Pa\u0219ca sau \u201ecine-a tras \u00een noi, dup\u0103 22\u201d\"><img loading=\"lazy\" decoding=\"async\" class=\"entry-thumb\" src=\"https:\/\/r3media.ro\/wp-content\/uploads\/2021\/07\/apa-otravita-sibiu-timisoara-decembrie-1989-100x70.jpg\" alt title=\"Cazul Pa\u0219ca sau \u201ecine-a tras \u00een noi, dup\u0103 22\u201d\" width=\"100\" height=\"70\"><\/a><\/div>\n<div class=\"item-details\">\n<h3 class=\"entry-title td-module-title\"><a href=\"https:\/\/r3media.ro\/cazul-pasca-sau-cine-a-tras-in-noi-dupa-22\/\" rel=\"bookmark\" title=\"Cazul Pa\u0219ca sau \u201ecine-a tras \u00een noi, dup\u0103 22\u201d\">Cazul Pa\u0219ca sau \u201ecine-a tras \u00een noi, dup\u0103 22\u201d<\/a><\/h3>\n<div class=\"td-module-meta-info\"><span class=\"td-post-date\"><time class=\"entry-date updated td-module-date\" datetime=\"2026-07-14T14:44:27+03:00\">14\/07\/2026<\/time><\/span><\/div>\n<\/div>\n<\/div>\n<\/div>\n<div class=\"td-block-span12\">\n<div class=\"td_module_6 td_module_wrap td-animation-stack\">\n<div class=\"td-module-thumb\"><a href=\"https:\/\/r3media.ro\/guvernul-obligat-ajutor-militar-ucraina\/\" rel=\"bookmark\" class=\"td-image-wrap \" title=\"Guvernul, obligat \u00een instan\u0163\u0103 s\u0103 spun\u0103 \u00een ce hot\u0103r\u00e2ri se ascunde ajutorul militar dat Ucrainei. Nu \u015fi c\u00e2t valoreaz\u0103\"><img loading=\"lazy\" decoding=\"async\" class=\"entry-thumb\" src=\"https:\/\/r3media.ro\/wp-content\/uploads\/2024\/03\/patriot-1536x865-1-100x70.webp\" alt title=\"Guvernul, obligat \u00een instan\u0163\u0103 s\u0103 spun\u0103 \u00een ce hot\u0103r\u00e2ri se ascunde ajutorul militar dat Ucrainei. Nu \u015fi c\u00e2t valoreaz\u0103\" width=\"100\" height=\"70\"><\/a><\/div>\n<div class=\"item-details\">\n<h3 class=\"entry-title td-module-title\"><a href=\"https:\/\/r3media.ro\/guvernul-obligat-ajutor-militar-ucraina\/\" rel=\"bookmark\" title=\"Guvernul, obligat \u00een instan\u0163\u0103 s\u0103 spun\u0103 \u00een ce hot\u0103r\u00e2ri se ascunde ajutorul militar dat Ucrainei. Nu \u015fi c\u00e2t valoreaz\u0103\">Guvernul, obligat \u00een instan\u0163\u0103 s\u0103 spun\u0103 \u00een ce hot\u0103r\u00e2ri se ascunde&#8230;<\/a><\/h3>\n<div class=\"td-module-meta-info\"><span class=\"td-post-date\"><time class=\"entry-date updated td-module-date\" datetime=\"2026-07-14T13:00:34+03:00\">14\/07\/2026<\/time><\/span><\/div>\n<\/div>\n<\/div>\n<\/div>\n<div class=\"td-block-span12\">\n<div class=\"td_module_6 td_module_wrap td-animation-stack\">\n<div class=\"td-module-thumb\"><a href=\"https:\/\/r3media.ro\/angajata-viorel-pasca-mascati-bolnavi\/\" rel=\"bookmark\" class=\"td-image-wrap \" title=\"O angajat\u0103 a lui Viorel Pa\u0219ca acuz\u0103: Masca\u0163ii nu m-or l\u0103sat s\u0103-l schimb pe bolnav, at\u00e2tea ore, ca s\u0103 poat\u0103 face poze\"><img loading=\"lazy\" decoding=\"async\" class=\"entry-thumb\" src=\"https:\/\/r3media.ro\/wp-content\/uploads\/2026\/07\/diicot-viorel-pasca-100x70.jpg\" alt title=\"O angajat\u0103 a lui Viorel Pa\u0219ca acuz\u0103: Masca\u0163ii nu m-or l\u0103sat s\u0103-l schimb pe bolnav, at\u00e2tea ore, ca s\u0103 poat\u0103 face poze\" width=\"100\" height=\"70\"><\/a><\/div>\n<div class=\"item-details\">\n<h3 class=\"entry-title td-module-title\"><a href=\"https:\/\/r3media.ro\/angajata-viorel-pasca-mascati-bolnavi\/\" rel=\"bookmark\" title=\"O angajat\u0103 a lui Viorel Pa\u0219ca acuz\u0103: Masca\u0163ii nu m-or l\u0103sat s\u0103-l schimb pe bolnav, at\u00e2tea ore, ca s\u0103 poat\u0103 face poze\">O angajat\u0103 a lui Viorel Pa\u0219ca acuz\u0103: Masca\u0163ii nu m-or l\u0103sat&#8230;<\/a><\/h3>\n<div class=\"td-module-meta-info\"><span class=\"td-post-date\"><time class=\"entry-date updated td-module-date\" datetime=\"2026-07-14T11:55:55+03:00\">14\/07\/2026<\/time><\/span><\/div>\n<\/div>\n<\/div>\n<\/div>\n<div class=\"td-block-span12\">\n<div class=\"td_module_6 td_module_wrap td-animation-stack\">\n<div class=\"td-module-thumb\"><a href=\"https:\/\/r3media.ro\/bulgaria-cosmonaut-alexander-alexandrov\/\" rel=\"bookmark\" class=\"td-image-wrap \" title=\"Bulgaria \u0219i-a luat r\u0103mas-bun de la al doilea cosmonaut al s\u0103u. Alexander Alexandrov, condus pe ultimul drum la Sofia\"><img loading=\"lazy\" decoding=\"async\" class=\"entry-thumb\" src=\"https:\/\/r3media.ro\/wp-content\/uploads\/2026\/07\/bulgaria-cosmonaut-100x70.jpg\" alt title=\"Bulgaria \u0219i-a luat r\u0103mas-bun de la al doilea cosmonaut al s\u0103u. Alexander Alexandrov, condus pe ultimul drum la Sofia\" width=\"100\" height=\"70\"><\/a><\/div>\n<div class=\"item-details\">\n<h3 class=\"entry-title td-module-title\"><a href=\"https:\/\/r3media.ro\/bulgaria-cosmonaut-alexander-alexandrov\/\" rel=\"bookmark\" title=\"Bulgaria \u0219i-a luat r\u0103mas-bun de la al doilea cosmonaut al s\u0103u. Alexander Alexandrov, condus pe ultimul drum la Sofia\">Bulgaria \u0219i-a luat r\u0103mas-bun de la al doilea cosmonaut al s\u0103u&#8230;.<\/a><\/h3>\n<div class=\"td-module-meta-info\"><span class=\"td-post-date\"><time class=\"entry-date updated td-module-date\" datetime=\"2026-07-14T10:49:11+03:00\">14\/07\/2026<\/time><\/span><\/div>\n<\/div>\n<\/div>\n<\/div>\n<div class=\"td-block-span12\">\n<div class=\"td_module_6 td_module_wrap td-animation-stack\">\n<div class=\"td-module-thumb\"><a href=\"https:\/\/r3media.ro\/industria-auto-europeana-software-romania\/\" rel=\"bookmark\" class=\"td-image-wrap \" title=\"Industria auto european\u0103 \u00ee\u0219i pune software-ul \u00een comun. Impactul asupra Rom\u00e2niei\"><img loading=\"lazy\" decoding=\"async\" class=\"entry-thumb\" src=\"https:\/\/r3media.ro\/wp-content\/uploads\/2026\/07\/ford-craiova-industria-auto-100x70.webp\" alt title=\"Industria auto european\u0103 \u00ee\u0219i pune software-ul \u00een comun. Impactul asupra Rom\u00e2niei\" width=\"100\" height=\"70\"><\/a><\/div>\n<div class=\"item-details\">\n<h3 class=\"entry-title td-module-title\"><a href=\"https:\/\/r3media.ro\/industria-auto-europeana-software-romania\/\" rel=\"bookmark\" title=\"Industria auto european\u0103 \u00ee\u0219i pune software-ul \u00een comun. Impactul asupra Rom\u00e2niei\">Industria auto european\u0103 \u00ee\u0219i pune software-ul \u00een comun. Impactul asupra Rom\u00e2niei<\/a><\/h3>\n<div class=\"td-module-meta-info\"><span class=\"td-post-date\"><time class=\"entry-date updated td-module-date\" datetime=\"2026-07-14T09:31:26+03:00\">14\/07\/2026<\/time><\/span><\/div>\n<\/div>\n<\/div>\n<\/div>\n<\/div>\n<\/div>\n<aside class=\"td_block_template_1 widget widget_recent_comments\">\n<h4 class=\"block-title\"><span>INTR\u0102 \u00ceN DISCU\u021aIE!<\/span><\/h4>\n<ul id=\"recentcomments\">\n<li class=\"recentcomments\"><span class=\"comment-author-link\">Mihaela<\/span> la <a href=\"https:\/\/r3media.ro\/ilie-bolojan-alegeri-anticipate\/#comment-40272\">Ilie Bolojan ia \u00een calcul organizarea alegerilor anticipate: Mai devreme sau mai t\u00e2rziu, s\u0103 ne \u00eentoarcem la judecata cet\u0103\u0163enilor<\/a><\/li>\n<li class=\"recentcomments\"><span class=\"comment-author-link\">Kh-47M2 Kinzhal<\/span> la <a href=\"https:\/\/r3media.ro\/premiera-mondiala-robot-transportat-barca-lupta-razboi-ucraina-video\/#comment-40271\">VIDEO | Premier\u0103 mondial\u0103! Un robot cu inteligen\u021b\u0103 artificial\u0103 transportat de o barc\u0103 lupt\u0103 \u00een r\u0103zboiul din Ucraina<\/a><\/li>\n<li class=\"recentcomments\"><span class=\"comment-author-link\">Constantin<\/span> la <a href=\"https:\/\/r3media.ro\/ambasadorul-germaniei-la-chisinau-revine-nu-a-fost-intentia-mea-sa-pun-sub-semnul-intrebarii-unitatea-chestiunii-romanesti-sau-a-credintei-crestin-ortodoxe\/#comment-40270\">Ambasadorul Germaniei la Chi\u0219in\u0103u revine: Nu a fost inten\u0163ia mea s\u0103 pun sub semnul \u00eentreb\u0103rii unitatea chestiunii rom\u00e2ne\u015fti sau a credin\u0163ei cre\u015ftin ortodoxe<\/a><\/li>\n<li class=\"recentcomments\"><span class=\"comment-author-link\">Narcis<\/span> la <a href=\"https:\/\/r3media.ro\/actorul-ioan-isaiu-a-facut-infarct-si-a-murit-in-fata-colegilor-sai-bou-vaccinat-anti-covid-19\/#comment-40269\">Actorul Ioan Isaiu a f\u0103cut infarct \u0219i a murit \u00een fa\u021ba colegilor s\u0103i: Am fost bou c\u0103 m-am vaccinat \u0219i v-am blocat pe cei care \u00eemi era\u021bi prieteni<\/a><\/li>\n<li class=\"recentcomments\"><span class=\"comment-author-link\">Haleu<\/span> la <a href=\"https:\/\/r3media.ro\/romania-si-slovenia-singurele-state-din-est-care-s-au-alaturat-sua-in-condamnarea-chinei-intr-o-speta-de-acum-10-ani\/#comment-40268\">Rom\u00e2nia \u0219i Slovenia, singurele state din Est care s-au al\u0103turat SUA \u00een condamnarea Chinei \u00eentr-o spe\u021b\u0103 de acum 10 ani<\/a><\/li>\n<li class=\"recentcomments\"><span class=\"comment-author-link\">Eu<\/span> la <a href=\"https:\/\/r3media.ro\/guvernul-sanchez-demoleaza-monumentul-de-la-majadahonda-ion-mota-vasile-marin-lupta-rzaboiul-civil-spaniol-comunisti\/#comment-40267\">Guvernul Sanchez demoleaz\u0103 Monumentul de la Majadahonda, dedicat lui Ion Mo\u021ba \u0219i Vasile Marin, rom\u00e2nii care au luptat \u00eempotriva comuni\u0219tilor \u00een R\u0103zboiul Civil Spaniol<\/a><\/li>\n<li class=\"recentcomments\"><span class=\"comment-author-link\">Constantin<\/span> la <a href=\"https:\/\/r3media.ro\/guvernul-sanchez-demoleaza-monumentul-de-la-majadahonda-ion-mota-vasile-marin-lupta-rzaboiul-civil-spaniol-comunisti\/#comment-40266\">Guvernul Sanchez demoleaz\u0103 Monumentul de la Majadahonda, dedicat lui Ion Mo\u021ba \u0219i Vasile Marin, rom\u00e2nii care au luptat \u00eempotriva comuni\u0219tilor \u00een R\u0103zboiul Civil Spaniol<\/a><\/li>\n<\/ul>\n<\/aside>\n<aside class=\"td_block_template_1 widget widget_search\">\n<h4 class=\"block-title\"><span>CAUT\u0102 \u0218I VEI G\u0102SI<\/span><\/h4>\n<\/aside>\n<\/div>\n<\/div>\n<\/div>\n<\/div>\n<\/div>\n<\/div>\n<\/div>\n<p><span class=\"td-page-meta\"><\/span><span class=\"td-page-meta\"><span class=\"td-page-meta\"><\/span><\/span><span class=\"td-page-meta\"><\/span><\/article>\n<\/p>\n<div class=\"td_block_wrap tdb_single_content tdi_18 td-pb-border-top td_block_template_1 td-post-content tagdiv-type\" data-td-block-uid=\"tdi_18\">\n<div class=\"tdb-block-inner td-fix-index\">\n<p>Este vara \u0219i, dac\u0103 por\u021bi ochelari sau lentile de contact de ani buni, probabil ai trecut deja prin scenariul clasic: ochelari de vedere, ochelari de soare cu dioptrii, ramele ochelarilor care alunec\u0103 de la transpira\u021bie, lentile de contact care se usuc\u0103. Multe persoane cred c\u0103 o opera\u021bie pentru reducerea dioptriilor e ceva ce \u201ese face iarna\u201d, c\u00e2nd stai mai mult \u00een cas\u0103. Cu tehnica SMILE po\u021bi s\u0103 te operezi \u0219i \u00een sezonul cald, indiferent dac\u0103 ai miopie, hipermetropie sau astigmatism, pentru c\u0103 recuperarea e rapid\u0103 \u00een majoritatea situa\u021biilor, iar la mare po\u021bi merge dup\u0103 doar c\u00e2teva zile.<\/p>\n<p>Am stat de vorb\u0103 cu medicii de la clinica de oftalmologie Ama Optimex din Bucure\u0219ti, care lucreaz\u0103 cu aceast\u0103 tehnic\u0103 din 2014, \u0219i am adunat aici, pe \u00een\u021belesul tuturor, ce \u00eenseamn\u0103 de fapt o astfel de interven\u021bie.<\/p>\n<h2>Ce este, mai exact, opera\u021bia SMILE?<\/h2>\n<p>SMILE vine de la Small Incision Lenticule Extraction \u0219i este a treia genera\u021bie de chirurgie refractiv\u0103 cu laser. Pe scurt, e o metod\u0103 prin care se reduc dioptriile f\u0103r\u0103 t\u0103ierea \u0219i f\u0103r\u0103 deschiderea ochiului. Laserul cu femtosecunde creeaz\u0103 \u00een interiorul corneei o lentil\u0103 sub\u021bire (o lenticul\u0103) cu dimensiuni \u00een func\u021bie de dioptria pacientului \u0219i un tunel de c\u00e2\u021biva milimetri prin care aceasta este scoas\u0103. Totul \u00eentr-o singur\u0103 procedur\u0103, cu un singur laser, \u0219i cu un disconfort minim.<\/p>\n<p>Tehnica corecteaz\u0103 miopia, astigmatismul \u0219i hipermetropia. Se realizeaz\u0103 cu femtolaserul VisuMax produs de Carl Zeiss, iar la Ama Optimex se lucreaz\u0103 din august 2022 cu ultima genera\u021bie a acestui laser, VisuMax 800, \u0219i tehnica numit\u0103 SMILE PRO. Diferen\u021ba fa\u021b\u0103 de genera\u021bia anterioar\u0103, VisuMax 500, pe care clinica l-a introdus \u00eenc\u0103 din 2014, \u021bine de timp \u0219i de confort: dac\u0103 la varianta clasic\u0103 crearea lenticulei putea dura p\u00e2n\u0103 la 25 de secunde, cu VisuMax 800 dureaz\u0103 \u00eentre 7 \u0219i 10 secunde, \u00een func\u021bie de num\u0103rul de dioptrii. Practic, c\u00e2t ai clipi de c\u00e2teva ori.<\/p>\n<h2>C\u00e2te dioptrii se pot corecta cu SMILE?<\/h2>\n<p>Una dintre \u00eentreb\u0103rile care apar mereu este: \u201edar dioptriile mele sunt prea mari?\u201d. SMILE poate reduce dioptrii destul de mari, pe care celelalte tehnici laser nu le pot corecta. Iat\u0103 reperele orientative folosite la Ama Optimex:<\/p>\n<ul>\n<li>miopie p\u00e2n\u0103 la -10 dioptrii;<\/li>\n<li>astigmatism miopic p\u00e2n\u0103 la -5 dioptrii;<\/li>\n<li>miopie \u0219i astigmatism miopic combinate p\u00e2n\u0103 la -15 dioptrii;<\/li>\n<li>hipermetropie p\u00e2n\u0103 la +7 dioptrii;<\/li>\n<li>astigmatism hipermetropic p\u00e2n\u0103 la +4 dioptrii.<\/li>\n<\/ul>\n<p>Aceste valori sunt repere. Ce \u021bi se potrive\u0219te \u021bie se stabile\u0219te individual, dup\u0103 o consulta\u021bie \u0219i un set de investiga\u021bii oftalmologice precise, pentru c\u0103 trebuie analizate mai multe particularit\u0103\u021bi anatomice ale ochilor t\u0103i.<\/p>\n<h2>De ce po\u021bi face SMILE \u0219i vara?<\/h2>\n<p>Aici st\u0103 tot farmecul pentru sezonul cald. Dup\u0103 SMILE recuperarea este rapid\u0103, \u00een 48 p\u00e2n\u0103 la 72 de ore \u00ee\u021bi po\u021bi relua activit\u0103\u021bile obi\u0219nuite \u0219i po\u021bi merge la mare, la munte sau oriunde vrei tu \u00een vacan\u021b\u0103, f\u0103r\u0103 restric\u021bii. A\u0219a c\u0103, da, po\u021bi s\u0103 faci interven\u021bia \u00een timpul s\u0103pt\u0103m\u00e2nii \u0219i s\u0103 fii pe plaj\u0103 \u00een weekend.<\/p>\n<p>\u00cen primele ore dup\u0103 interven\u021bie poate ap\u0103rea o senza\u021bie de corp str\u0103in, o u\u0219oar\u0103 l\u0103crimare, sensibilitate la lumin\u0103 \u0219i vedere u\u0219or \u00eence\u021bo\u0219at\u0103. Sunt senza\u021bii care se diminueaz\u0103 pe m\u0103sur\u0103 ce trec minutele \u0219i orele. Pentru c\u00e2teva s\u0103pt\u0103m\u00e2ni trebuie s\u0103 urmezi un tratament cu pic\u0103turi \u0219i s\u0103 por\u021bi ochelari de soare la exterior.<\/p>\n<p>Cum povestesc adesea pacien\u021bii opera\u021bi cu SMILE, mai mult le r\u0103m\u00e2ne reflexul vechi de a-\u0219i c\u0103uta ochelarii diminea\u021ba dec\u00e2t amintirea opera\u021biei \u00een sine.<\/p>\n<h2>Cum decurge interven\u021bia, pas cu pas?<\/h2>\n<ul>\n<li><strong>\u00cenainte de opera\u021bie:<\/strong> Se face o consulta\u021bie am\u0103nun\u021bit\u0103 \u0219i o serie de investiga\u021bii prin care medicul verific\u0103 dac\u0103 ochii permit o interven\u021bie de reducere dioptrii \u0219i dac\u0103 tehnica SMILE se potrive\u0219te. Dac\u0103 nu se potrive\u0219te SMILE, e util s\u0103 \u0219tii c\u0103 exist\u0103 \u0219i alte tehnici \u0219i, \u00een urma evalu\u0103rii, medicul \u021bi-o va recomanda pe cea potrivit\u0103 \u021bie, dar tehnica laser este recomandat\u0103 cu prioritate. \u00cen cazul \u00een care por\u021bi lentile de contact, trebuie s\u0103 renun\u021bi la ele cu 10 zile \u00eenainte de investiga\u021bii \u0219i de opera\u021bie. Cu dou\u0103 zile \u00eenainte se \u00eencepe un tratament cu pic\u0103turi cu antibiotic \u0219i cu comprimate cu Vitamina C.<\/li>\n<li><strong>\u00cen ziua opera\u021biei:<\/strong> Procedura se face la ambii ochi \u00een aceea\u0219i zi, cu anestezie local\u0103 cu pic\u0103turi, f\u0103r\u0103 durere \u00een majoritatea cazurilor \u0219i dureaz\u0103 c\u00e2teva minute la fiecare ochi cu tot cu preg\u0103tirea preoperatorie. Pacientul pleac\u0103 acas\u0103 imediat dup\u0103, f\u0103r\u0103 pansamente, doar cu ochelari de soare pentru protec\u021bie.<\/li>\n<li><strong>Dup\u0103 opera\u021bie:<\/strong> Controale la o zi, la o s\u0103pt\u0103m\u00e2n\u0103, la \u0219ase s\u0103pt\u0103m\u00e2ni \u0219i la un an, apoi anual sau la nevoie. Igien\u0103 sporit\u0103 \u00een primele zile, f\u0103r\u0103 machiaj \u0219i f\u0103r\u0103 frecatul ochilor.<\/li>\n<\/ul>\n<h2>O experien\u021b\u0103 de peste un deceniu, la Bucure\u0219ti<\/h2>\n<p>Ce face diferen\u021ba la o opera\u021bie la ochi nu e doar aparatul, ci \u0219i experien\u021ba celor care \u00eel folosesc. Ama Optimex a fost prima clinic\u0103 din Rom\u00e2nia \u00een care s-a efectuat SMILE, \u00een 2014. La acel moment, Conf. Dr. Mircea Filip, Dr. Andrei Filip \u0219i Dr. Miruna Nicolae se num\u0103rau printre cei doar 300 de chirurgi din toat\u0103 lumea care efectuau aceast\u0103 tehnic\u0103. \u00centre timp, li s-au al\u0103turat Dr. Raluca Moisescu \u0219i Dr. Radu Malciolu.<\/p>\n<p>Un mic detaliu care spune multe: Dr. Raluca Moisescu este chiar primul medic oftalmolog din Rom\u00e2nia care a ales SMILE pentru a sc\u0103pa de miopie. De altfel, \u00een clinica Ama Optimex sunt mai mul\u021bi colegi care au renun\u021bat la ochelari tot prin aceast\u0103 interven\u021bie, ceea ce e probabil cea mai sincer\u0103 form\u0103 de \u00eencredere \u00eentr-o tehnic\u0103.<\/p>\n<p>Din 2014 p\u00e2n\u0103 acum, la Ama Optimex s-au efectuat peste 8000 de interven\u021bii SMILE. Pentru cine vrea s\u0103 se informeze \u00een detaliu despre <a href=\"https:\/\/www.scapadeochelari.ro\/relex-smile\/\" target=\"_blank\" rel=\"noopener\">opera\u021bia cu laser SMILE pentru miopie, hipermetropie \u0219i astigmatism<\/a>, clinica a pus la dispozi\u021bie o platform\u0103 dedicat\u0103 reducerii dioptriilor: Scap\u0103DeOchelari.ro.<\/p>\n<h2>\u00centreb\u0103ri frecvente despre opera\u021bia SMILE<\/h2>\n<h3>Pot face opera\u021bia SMILE vara?<\/h3>\n<p>Da. Recuperarea e rapid\u0103 \u00een majoritatea cazurilor, iar la mare se poate merge dup\u0103 aproximativ dou\u0103-trei zile de la opera\u021bie, a\u0219a c\u0103 nu este un impediment \u00een sezonul cald.<\/p>\n<h3>La c\u00e2t timp dup\u0103 opera\u021bie pot merge la plaj\u0103 sau la \u00eenot?<\/h3>\n<p>\u00cen general, dup\u0103 aproximativ dou\u0103-trei zile, cu respectarea recomand\u0103rilor primite de la medic \u0219i purtarea ochelarilor de soare la exterior.<\/p>\n<h3>SMILE se face doar pentru miopie?<\/h3>\n<p>Nu. Pe l\u00e2ng\u0103 miopie \u0219i astigmatism miopic, tehnica corecteaz\u0103, prin varianta SMILE PLUS, \u0219i hipermetropia \u0219i astigmatismul hipermetropic.<\/p>\n<h3>Opera\u021bia doare?<\/h3>\n<p>Interven\u021bia se face cu anestezie local\u0103 cu pic\u0103turi \u0219i este, \u00een majoritatea cazurilor, f\u0103r\u0103 durere. \u00cen primele ore pot ap\u0103rea senza\u021bii trec\u0103toare de disconfort.<\/p>\n<h3>C\u00e2t dureaz\u0103 interven\u021bia?<\/h3>\n<p>C\u00e2teva minute la fiecare ochi, cu tot cu preg\u0103tire. Laserul VisuMax 800 creeaz\u0103 lenticula \u00een 7 p\u00e2n\u0103 la 10 secunde, \u00een func\u021bie de dioptrii, apoi chirurgul o extrage printr-un tunel mic, de doar c\u00e2\u021biva mm.<\/p>\n<h3>De unde \u0219tiu dac\u0103 sunt candidat pentru SMILE?<\/h3>\n<p>R\u0103spunsul vine doar dup\u0103 o consulta\u021bie \u0219i un set de investiga\u021bii, pentru c\u0103 depinde de tipul \u0219i num\u0103rul de dioptrii \u0219i de particularit\u0103\u021bile anatomice ale ochiului.<\/p>\n<h2>Pe scurt<\/h2>\n<p>Dac\u0103 am\u00e2ni opera\u021bia \u201epentru la toamn\u0103 dup\u0103 concediu\u201d, merit\u0103 s\u0103 \u0219tii c\u0103 vara nu e un motiv de a\u0219teptare. SMILE este o tehnic\u0103 modern\u0103 \u0219i minim invaziv\u0103, cu recuperare rapid\u0103, care corecteaz\u0103 miopia, astigmatismul \u0219i hipermetropia. Primul pas r\u0103m\u00e2ne mereu acela\u0219i, indiferent de anotimp: o consulta\u021bie \u0219i investiga\u021bii oftalmologice, \u00een urma c\u0103rora medicul \u00ee\u021bi spune ce tehnic\u0103 este potrivit\u0103 pentru ochii t\u0103i.<\/p>\n<p>Informa\u021biile din acest articol au scop informativ \u0219i nu \u00eenlocuiesc consultul oftalmologic. Indica\u021bia medical\u0103 se stabile\u0219te individual, \u00een urma evalu\u0103rii efectuate de medic, iar nicio interven\u021bie chirurgical\u0103 nu este lipsit\u0103 de riscuri.<\/p>\n<\/div>\n<\/div>\n<p>[analyse_source url=&#8221;https:\/\/r3media.ro\/miercuri-operatie-sambata-pe-plaja-cum-te-ajuta-tehnica-smile-sa-scapi-de-ochelari-cu-laser-chiar-si-vara\/&#8221;]<\/p>\n","protected":false},"excerpt":{"rendered":"<p>[analyse_image type=&#8221;featured&#8221; src=&#8221;https:\/\/r3media.ro\/wp-content\/uploads\/2026\/07\/miercuri_operaie_smbt_pe_plaj_cum_te_ajut_tehnica_smile_s_scapi_de_ochelari_cu_laser_chiar_i_vara-e1784051216554.jpghttps:\/\/r3media.ro\/wp-content\/uploads\/2026\/07\/miercuri_operaie_smbt_pe_plaj_cum_te_ajut_tehnica_smile_s_scapi_de_ochelari_cu_laser_chiar_i_vara-e1784051216554.jpg&#8221;] \u0218TIRIMiercuri opera\u021bie, s\u00e2mb\u0103t\u0103 pe plaj\u0103: cum te ajut\u0103 tehnica SMILE s\u0103 scapi&#8230; \u0218TIRI Miercuri opera\u021bie, s\u00e2mb\u0103t\u0103 pe plaj\u0103: cum te ajut\u0103 tehnica SMILE s\u0103 scapi de ochelari cu laser chiar \u0219i vara? Promo 14\/07\/2026 Este vara \u0219i, dac\u0103 por\u021bi ochelari sau lentile de contact de ani buni, probabil ai trecut deja prin [&hellip;]<\/p>\n","protected":false},"author":1,"featured_media":0,"comment_status":"open","ping_status":"","sticky":false,"template":"","format":"standard","meta":{"footnotes":""},"categories":[89],"tags":[226,93],"class_list":["post-2043707","post","type-post","status-publish","format-standard","hentry","category-romania","tag-crawlmanager","tag-r3media-ro"],"_links":{"self":[{"href":"https:\/\/analyse.optim.biz\/index.php?rest_route=\/wp\/v2\/posts\/2043707","targetHints":{"allow":["GET"]}}],"collection":[{"href":"https:\/\/analyse.optim.biz\/index.php?rest_route=\/wp\/v2\/posts"}],"about":[{"href":"https:\/\/analyse.optim.biz\/index.php?rest_route=\/wp\/v2\/types\/post"}],"author":[{"embeddable":true,"href":"https:\/\/analyse.optim.biz\/index.php?rest_route=\/wp\/v2\/users\/1"}],"replies":[{"embeddable":true,"href":"https:\/\/analyse.optim.biz\/index.php?rest_route=%2Fwp%2Fv2%2Fcomments&post=2043707"}],"version-history":[{"count":0,"href":"https:\/\/analyse.optim.biz\/index.php?rest_route=\/wp\/v2\/posts\/2043707\/revisions"}],"wp:attachment":[{"href":"https:\/\/analyse.optim.biz\/index.php?rest_route=%2Fwp%2Fv2%2Fmedia&parent=2043707"}],"wp:term":[{"taxonomy":"category","embeddable":true,"href":"https:\/\/analyse.optim.biz\/index.php?rest_route=%2Fwp%2Fv2%2Fcategories&post=2043707"},{"taxonomy":"post_tag","embeddable":true,"href":"https:\/\/analyse.optim.biz\/index.php?rest_route=%2Fwp%2Fv2%2Ftags&post=2043707"}],"curies":[{"name":"wp","href":"https:\/\/api.w.org\/{rel}","templated":true}]}}