{"id":2043704,"date":"2026-07-14T18:00:49","date_gmt":"2026-07-14T15:00:49","guid":{"rendered":"https:\/\/analyse.optim.biz\/?p=2043704"},"modified":"2026-07-14T18:00:49","modified_gmt":"2026-07-14T15:00:49","slug":"calendarul-zilei-15-iulie-sfintii-mucenici-chiric-si-iulita-sfantul-vladimir-luminatorul-rusiei","status":"publish","type":"post","link":"https:\/\/analyse.optim.biz\/?p=2043704","title":{"rendered":"Calendarul zilei 15 iulie: Sfin\u021bii Mucenici Chiric \u0219i Iulita; Sf\u00e2ntul Vladimir, lumin\u0103torul Rusiei"},"content":{"rendered":"<p>[analyse_image type=&#8221;featured&#8221; src=&#8221;https:\/\/r3media.ro\/wp-content\/uploads\/2022\/07\/sddefault-3.jpghttps:\/\/r3media.ro\/wp-content\/uploads\/2022\/07\/sddefault-3.jpg&#8221;]<\/p>\n<article id=\"template-id-109\" class=\"post-109 tdb_templates type-tdb_templates status-publish post\">\n<div id=\"tdi_2\" class=\"tdc-zone\">\n<div class=\"tdc_zone tdi_3  wpb_row td-pb-row\">\n<div id=\"tdi_4\" class=\"tdc-row\">\n<div class=\"vc_row tdi_5  wpb_row td-pb-row\">\n<div class=\"vc_column tdi_7  wpb_column vc_column_container tdc-column td-pb-span8\">\n<div class=\"wpb_wrapper\">\n<div class=\"td_block_wrap tdb_breadcrumbs tdi_8 td-pb-border-top td_block_template_1 tdb-breadcrumbs \" data-td-block-uid=\"tdi_8\">\n<div class=\"tdb-block-inner td-fix-index\"><span><a title=\"Vede\u021bi toate articolele \u00een PRIM PLAN\" class=\"tdb-entry-crumb\" href=\"https:\/\/r3media.ro\/category\/stiri-prim-plan\/\">PRIM PLAN<\/a><\/span><span class=\"tdb-bred-no-url-last\">Calendarul zilei 15 iulie: Sfin\u021bii Mucenici Chiric \u0219i Iulita; Sf\u00e2ntul Vladimir, lumin\u0103torul&#8230;<\/span><\/div>\n<\/div>\n<div class=\"td_block_wrap tdb_single_categories tdi_9 td-pb-border-top td_block_template_1 \" data-td-block-uid=\"tdi_9\">\n<div class=\"tdb-category td-fix-index\"><a class=\"tdb-entry-category\" href=\"https:\/\/r3media.ro\/category\/stiri-prim-plan\/\">PRIM PLAN<\/a><a class=\"tdb-entry-category\" href=\"https:\/\/r3media.ro\/category\/stiri\/\">\u0218TIRI<\/a><a class=\"tdb-entry-category\" href=\"https:\/\/r3media.ro\/category\/video-news\/\">VIDEO<\/a><\/div>\n<\/div>\n<div class=\"td_block_wrap tdb_title tdi_10 tdb-single-title td-pb-border-top td_block_template_1\" data-td-block-uid=\"tdi_10\">\n<div class=\"tdb-block-inner td-fix-index\">\n<h1 class=\"tdb-title-text\">Calendarul zilei 15 iulie: Sfin\u021bii Mucenici Chiric \u0219i Iulita; Sf\u00e2ntul Vladimir, lumin\u0103torul Rusiei<\/h1>\n<\/div>\n<\/div>\n<div class=\"vc_row_inner tdi_12  vc_row vc_inner wpb_row td-pb-row\">\n<div class=\"vc_column_inner tdi_14  wpb_column vc_column_container tdc-inner-column td-pb-span12\">\n<div class=\"vc_column-inner\">\n<div class=\"wpb_wrapper\">\n<div class=\"td_block_wrap tdb_single_author tdi_15 td-pb-border-top td_block_template_1 tdb-post-meta\" data-td-block-uid=\"tdi_15\">\n<div class=\"tdb-block-inner td-fix-index\">\n<div class=\"tdb-author-name-wrap\"><a class=\"tdb-author-name\" href=\"https:\/\/r3media.ro\/author\/redactia\/\">Redac\u021bia<\/a><\/div>\n<\/div>\n<\/div>\n<div class=\"td_block_wrap tdb_single_date tdi_16 td-pb-border-top td_block_template_1 tdb-post-meta\" data-td-block-uid=\"tdi_16\">\n<div class=\"tdb-block-inner td-fix-index\"><time class=\"entry-date updated td-module-date\" datetime=\"2026-07-14T21:00:49+03:00\">14\/07\/2026<\/time><\/div>\n<\/div>\n<\/div>\n<\/div>\n<\/div>\n<\/div>\n<div class=\"td_block_wrap tdb_single_content tdi_18 td-pb-border-top td_block_template_1 td-post-content tagdiv-type\" data-td-block-uid=\"tdi_18\">\n<div class=\"tdb-block-inner td-fix-index\">\n<p><strong>Pe 15 iulie Biserica Ortodox\u0103 \u00eei pr\u0103znuie\u0219te pe urm\u0103torii sfin\u021bi: Sfin\u021bii Mucenici Chiric \u0219i Iulita; Sf\u00e2ntul Ierarh Iosif; Cuvioasa Matrona din Chios; Cuviosul Vladimir cel \u00eentocmai cu apostolii, lumin\u0103torul Rusiei; Sf\u00e2ntul Mucenic Lolian.<\/strong><\/p>\n<p>Sfin\u021bii Mucenici Chiric \u0219i Iulita (+304) erau originari din Licaonia (Asia Mic\u0103), Sf\u00e2nta Iulita fiind mama Sf\u00e2ntului Chiric, \u00een v\u00e2rst\u0103 de 3 ani.<\/p>\n<p>\u00cen timpul persecu\u021biei pornite \u00eempotriva cre\u0219tinilor de \u00eemp\u0103ratul Diocle\u021bian (286 \u2013 305), Sf\u00e2nta Iulita \u0219i-a luat copilul \u0219i a fugit \u00een Seleucia (sudul Asiei Mici), apoi \u00een Tarsul Ciliciei (localitate \u00een Asia Mic\u0103, la 16 km \u00een interior spre coasta de sud a Turciei de ast\u0103zi) pentru a sc\u0103pa de chinurile la care erau supu\u0219i cre\u0219tinii.<\/p>\n<p>\u00cen Tarsul Ciliciei a fost prins\u0103 \u0219i adus\u0103 spre judecat\u0103 \u00eenaintea guvernatorului Alexandru care a supus-o supliciilor \u00een speran\u021ba c\u0103 se va lep\u0103da de credin\u021ba ortodox\u0103.<\/p>\n<p>\u00cen timp ce sf\u00e2nta era biciuit\u0103 cu vine de bou, Sf\u00e2ntul Chiric, aflat \u00een bra\u021bele guvernatorului p\u0103g\u00e2n Alexandru, a \u00eenceput s\u0103 pl\u00e2ng\u0103, fapt pentru care p\u0103g\u00e2nul l-a ucis lovindu-l de treptele scaunului de judecat\u0103.<\/p>\n<p>\u00cen cele din urm\u0103, \u00eendur\u00e2nd numeroase chinuri, Sf\u00e2nta Iulita a trecut la Domnul primind moarte martiric\u0103 prin decapitare. Trupurile celor doi sfin\u021bi au fost \u00eengropate cu cinste de unii cre\u0219tini din cetate.<\/p>\n<p>Sf\u00e2ntul Vladimir, lumin\u0103torul Rusiei (980-1015) a fost fiul principelui Sviatoslav al Rusiei, fiind un p\u0103g\u00e2n devotat \u00een primii ani ai vie\u021bii sale.<\/p>\n<p>\u00cen anul 988, Vladimir s-a c\u0103s\u0103torit cu prin\u021besa Anei, sora \u00eemp\u0103ra\u021bilor Vasile al II-lea \u0219i Constantin. \u00centors la Kiev, \u00een acela\u0219i an, 988, principele Vladimir a dat porunc\u0103 s\u0103 se boteze tot poporul rus, ceremonie care a avut loc \u00een fluviul Nipru. Sf\u00e2ntul Vladimir s-a schimbat complet dup\u0103 botez.<\/p>\n<p>El a distrus toate statuile p\u0103g\u00e2ne \u0219i le-a \u00eenlocuit cu biserici.<\/p>\n<p>Pentru c\u0103 de numele lui se leag\u0103 \u00eencre\u0219tinarea oficial\u0103 a poporului rus, Biserica \u00eel num\u0103r\u0103 \u00een r\u00e2ndul sfin\u021bilor drept Cuviosul Vladimir, Lumin\u0103torul Rusiei, cinstindu-l \u00een 15 iulie. Biserica Rusiei l-a canonizat \u00eenc\u0103 din a doua jum\u0103tate a secolului al XIII-lea, cu data de pr\u0103znuire local\u0103 \u00een 28 iulie.<\/p>\n<div class=\"crp_related     crp-masonry\">\n<h2>\u00ceN CONTEXT<\/h2>\n<ul>\n<li><a href=\"https:\/\/r3media.ro\/calendarul-zilei-4-ianuarie-soborul-sfintilor-70-de-apostoli\/\" class=\"crp_link post-34856\"><span class=\"crp_title\">Calendarul zilei 4 ianuarie: Soborul Sfin\u021bilor 70 de apostoli<\/span><\/a><\/li>\n<li><a href=\"https:\/\/r3media.ro\/calendarul-zilei-22-iunie-sf-ierarh-grigorie-dascalul-mitropolitul-tarii-romanesti-sf-sfintit-mc-eusebiu-episcopul-samosatei\/\" class=\"crp_link post-48963\"><span class=\"crp_title\">Calendarul zilei 22 iunie: Sf. Ierarh Grigorie Dasc\u0103lul, Mitropolitul \u021a\u0103rii Rom\u00e2ne\u0219ti; Sf.\u2026<\/span><\/a><\/li>\n<li><a href=\"https:\/\/r3media.ro\/calendarul-zilei-9-mai-sf-proroc-isaia-sf-mc-hristofor-aducerea-la-bari-a-moastelor-sf-ier-nicolae\/\" class=\"crp_link post-94576\"><span class=\"crp_title\">Calendarul zilei 9 mai: Sf. Proroc Isaia; Sf. Mc. Hristofor; Aducerea la Bari a moa\u0219telor\u2026<\/span><\/a><\/li>\n<li><a href=\"https:\/\/r3media.ro\/1-iulie-sf-leontie-de-la-radauti-sf-doctori-fara-de-arginti-cosma-si-damian-cei-din-roma\/\" class=\"crp_link post-49753\"><span class=\"crp_title\">Calendarul zilei 1 iulie: Sf. Leontie de la R\u0103d\u0103u\u021bi. Sf. Doctori f\u0103r\u0103 de argin\u021bi Cosma \u0219i\u2026<\/span><\/a><\/li>\n<li><a href=\"https:\/\/r3media.ro\/calendarul-zilei-26-august-sfintii-adrian-si-natalia-cei-doi-soti-a-caror-dragoste-a-fost-mai-tare-decat-moartea-si-sunt-ocrotitorii-familiei\/\" class=\"crp_link post-26673\"><span class=\"crp_title\">Calendarul zilei 26 august: Sfin\u021bii Adrian \u0219i Natalia, cei doi so\u021bi a c\u0103ror dragoste a fost\u2026<\/span><\/a><\/li>\n<li><a href=\"https:\/\/r3media.ro\/calendarul-zilei-30-septembrie-sf-ier-grigorie-luminatorul-arhiepiscopul-armeniei\/\" class=\"crp_link post-82447\"><span class=\"crp_title\">Calendarul zilei 30 septembrie: Sf. Ier. Grigorie Lumin\u0103torul, arhiepiscopul Armeniei<\/span><\/a><\/li>\n<li><a href=\"https:\/\/r3media.ro\/calendarul-zilei-21-august-sfantul-apostol-tadeu-sfintii-mucenici-vasa-cu-fiii-ei-sfintii-mucenici-donat-diaconul-romul-preotul-silvan-diaconul-si-venust\/\" class=\"crp_link post-99841\"><span class=\"crp_title\">Calendarul zilei 21 august: Sf\u00e2ntul Apostol Tadeu; Sfin\u0163ii Mucenici Vasa, cu fiii ei;\u2026<\/span><\/a><\/li>\n<li><a href=\"https:\/\/r3media.ro\/calendarul-zilei-4-iunie-sf-mucenici-zotic-atal-camasie-si-filip-de-la-niculitel\/\" class=\"crp_link post-47825\"><span class=\"crp_title\">Calendarul zilei 4 iunie: Sf. Mucenici Zotic, Atal, Camasie \u0219i Filip de la Niculi\u021bel<\/span><\/a><\/li>\n<\/ul>\n<\/div>\n<\/div>\n<\/div>\n<div class=\"td_block_wrap tdb_single_tags tdi_19 td-pb-border-top td_block_template_1\" data-td-block-uid=\"tdi_19\">\n<div class=\"tdb-block-inner td-fix-index\">\n<ul class=\"tdb-tags\">\n<li><span>SUBIECTE FIERBIN\u021aI<\/span><\/li>\n<li><a href=\"https:\/\/r3media.ro\/tag\/calendar-ortodox\/\">calendar ortodox<\/a><\/li>\n<li><a href=\"https:\/\/r3media.ro\/tag\/calendarul-zilei\/\">calendarul zilei<\/a><\/li>\n<li><a href=\"https:\/\/r3media.ro\/tag\/calendarul-zilei-15-iulie\/\">calendarul zilei 15 iulie<\/a><\/li>\n<\/ul>\n<\/div>\n<\/div>\n<div class=\"td_block_wrap td_block_9 tdi_20 td_with_ajax_pagination td-pb-border-top td_block_template_1 td-column-2 td_block_padding td_block_bot_line\" data-td-block-uid=\"tdi_20\">\n<div class=\"td-block-title-wrap\">\n<h4 class=\"block-title td-block-title\"><span class=\"td-pulldown-size\">CITE\u0218TE MAI MULT<\/span><\/h4>\n<\/div>\n<div id=\"tdi_20\" class=\"td_block_inner\">\n<div class=\"td-block-row\">\n<div class=\"td-block-span6\">\n<div class=\"td_module_8 td_module_wrap\">\n<div class=\"item-details\">\n<h3 class=\"entry-title td-module-title\"><a href=\"https:\/\/r3media.ro\/ioan-aurel-pop-lege-vexler-razboi-istoria\/\" rel=\"bookmark\" title=\"Ioan-Aurel Pop critic\u0103 legea Vexler \u00eentr-un articol de neratat: Nu putem s\u0103 ducem un r\u0103zboi cu istoria\">Ioan-Aurel Pop critic\u0103 legea Vexler \u00eentr-un articol de neratat: Nu putem s\u0103 ducem un&#8230;<\/a><\/h3>\n<div class=\"td-module-meta-info\"><a href=\"https:\/\/r3media.ro\/category\/actualitate\/\" class=\"td-post-category\">ACTUALITATE<\/a><span class=\"td-post-author-name\"><a href=\"https:\/\/r3media.ro\/author\/radu_ursan\/\">Radu Ursan<\/a><span>&#8211;<\/span><\/span><span class=\"td-post-date\"><time class=\"entry-date updated td-module-date\" datetime=\"2026-07-12T21:42:54+03:00\">12\/07\/2026<\/time><\/span><\/div>\n<\/div>\n<\/div>\n<\/div>\n<div class=\"td-block-span6\">\n<div class=\"td_module_8 td_module_wrap\">\n<div class=\"item-details\">\n<h3 class=\"entry-title td-module-title\"><a href=\"https:\/\/r3media.ro\/scandalul-rachetelor-patriot-zguduie-polonia-varsovia-declasifica-tot-ajutorul-militar-acordat-ucrainei\/\" rel=\"bookmark\" title=\"Scandalul rachetelor Patriot zguduie Polonia: Var\u0219ovia declasific\u0103 tot ajutorul militar acordat Ucrainei\">Scandalul rachetelor Patriot zguduie Polonia: Var\u0219ovia declasific\u0103 tot ajutorul militar acordat Ucrainei<\/a><\/h3>\n<div class=\"td-module-meta-info\"><a href=\"https:\/\/r3media.ro\/category\/stiri\/\" class=\"td-post-category\">\u0218TIRI<\/a><span class=\"td-post-author-name\"><a href=\"https:\/\/r3media.ro\/author\/radu_ursan\/\">Radu Ursan<\/a><span>&#8211;<\/span><\/span><span class=\"td-post-date\"><time class=\"entry-date updated td-module-date\" datetime=\"2026-07-12T20:43:04+03:00\">12\/07\/2026<\/time><\/span><\/div>\n<\/div>\n<\/div>\n<\/div>\n<\/div>\n<div class=\"td-block-row\">\n<div class=\"td-block-span6\">\n<div class=\"td_module_8 td_module_wrap\">\n<div class=\"item-details\">\n<h3 class=\"entry-title td-module-title\"><a href=\"https:\/\/r3media.ro\/ce-ne-facem-cu-atatia-prosti\/\" rel=\"bookmark\" title=\"Ce ne facem cu at\u00e2\u021bia pro\u0219ti?\">Ce ne facem cu at\u00e2\u021bia pro\u0219ti?<\/a><\/h3>\n<div class=\"td-module-meta-info\"><a href=\"https:\/\/r3media.ro\/category\/opinii\/\" class=\"td-post-category\">OPINII<\/a><span class=\"td-post-author-name\"><a href=\"https:\/\/r3media.ro\/author\/alexandru_racu\/\">Alexandru Racu<\/a><span>&#8211;<\/span><\/span><span class=\"td-post-date\"><time class=\"entry-date updated td-module-date\" datetime=\"2026-07-12T14:11:45+03:00\">12\/07\/2026<\/time><\/span><\/div>\n<\/div>\n<\/div>\n<\/div>\n<div class=\"td-block-span6\">\n<div class=\"td_module_8 td_module_wrap\">\n<div class=\"item-details\">\n<h3 class=\"entry-title td-module-title\"><a href=\"https:\/\/r3media.ro\/guvernul-sanchez-demoleaza-monumentul-de-la-majadahonda-ion-mota-vasile-marin-lupta-rzaboiul-civil-spaniol-comunisti\/\" rel=\"bookmark\" title=\"Guvernul Sanchez demoleaz\u0103 Monumentul de la Majadahonda, dedicat lui Ion Mo\u021ba \u0219i Vasile Marin, rom\u00e2nii care au luptat \u00eempotriva comuni\u0219tilor \u00een R\u0103zboiul Civil Spaniol\">Guvernul Sanchez demoleaz\u0103 Monumentul de la Majadahonda, dedicat lui Ion Mo\u021ba \u0219i Vasile Marin,&#8230;<\/a><\/h3>\n<div class=\"td-module-meta-info\"><a href=\"https:\/\/r3media.ro\/category\/actualitate\/\" class=\"td-post-category\">ACTUALITATE<\/a><span class=\"td-post-author-name\"><a href=\"https:\/\/r3media.ro\/author\/oana\/\">Oana Ivan<\/a><span>&#8211;<\/span><\/span><span class=\"td-post-date\"><time class=\"entry-date updated td-module-date\" datetime=\"2026-07-12T01:11:49+03:00\">12\/07\/2026<\/time><\/span><\/div>\n<\/div>\n<\/div>\n<\/div>\n<\/div>\n<div class=\"td-block-row\">\n<div class=\"td-block-span6\">\n<div class=\"td_module_8 td_module_wrap\">\n<div class=\"item-details\">\n<h3 class=\"entry-title td-module-title\"><a href=\"https:\/\/r3media.ro\/sofer-surpriza-neplacuta-benzinarie-austria-oprit-apa-portbagaj\/\" rel=\"bookmark\" title=\"Un \u0219ofer a avut parte de o surpriz\u0103 nepl\u0103cut\u0103 la benzin\u0103rie dup\u0103 ce a oprit un minut \u0219i 28 de secunde pentru a scoate o sticl\u0103 de ap\u0103 din portbagaj\">Un \u0219ofer a avut parte de o surpriz\u0103 nepl\u0103cut\u0103 la benzin\u0103rie dup\u0103 ce a&#8230;<\/a><\/h3>\n<div class=\"td-module-meta-info\"><a href=\"https:\/\/r3media.ro\/category\/actualitate\/\" class=\"td-post-category\">ACTUALITATE<\/a><span class=\"td-post-author-name\"><a href=\"https:\/\/r3media.ro\/author\/oana\/\">Oana Ivan<\/a><span>&#8211;<\/span><\/span><span class=\"td-post-date\"><time class=\"entry-date updated td-module-date\" datetime=\"2026-07-11T13:00:01+03:00\">11\/07\/2026<\/time><\/span><\/div>\n<\/div>\n<\/div>\n<\/div>\n<div class=\"td-block-span6\">\n<div class=\"td_module_8 td_module_wrap\">\n<div class=\"item-details\">\n<h3 class=\"entry-title td-module-title\"><a href=\"https:\/\/r3media.ro\/o-femeie-mentalitate-femei-moderne-printese-disney\/\" rel=\"bookmark\" title=\"VIDEO | O femeie critic\u0103 mentalitatea femeii moderne care distruge rela\u021bia cu b\u0103rbatul s\u0103u: Suntem crescute \u00een ideea de prin\u021bese, dar nu suntem la Disney\">VIDEO | O femeie critic\u0103 mentalitatea femeii moderne care distruge rela\u021bia cu b\u0103rbatul s\u0103u:&#8230;<\/a><\/h3>\n<div class=\"td-module-meta-info\"><a href=\"https:\/\/r3media.ro\/category\/actualitate\/\" class=\"td-post-category\">ACTUALITATE<\/a><span class=\"td-post-author-name\"><a href=\"https:\/\/r3media.ro\/author\/teodor_stan\/\">Teodor Stan<\/a><span>&#8211;<\/span><\/span><span class=\"td-post-date\"><time class=\"entry-date updated td-module-date\" datetime=\"2026-07-10T12:47:58+03:00\">10\/07\/2026<\/time><\/span><\/div>\n<\/div>\n<\/div>\n<\/div>\n<\/div>\n<div class=\"td-block-row\">\n<div class=\"td-block-span6\">\n<div class=\"td_module_8 td_module_wrap\">\n<div class=\"item-details\">\n<h3 class=\"entry-title td-module-title\"><a href=\"https:\/\/r3media.ro\/cutremur-5-5-grade-scara-richter-resimtit-cehia-slovacia\/\" rel=\"bookmark\" title=\"Cutremur de 5.5 grade pe scara Richter. S-a resim\u021bit \u00een Cehia \u0219i Slovacia\">Cutremur de 5.5 grade pe scara Richter. S-a resim\u021bit \u00een Cehia \u0219i Slovacia<\/a><\/h3>\n<div class=\"td-module-meta-info\"><a href=\"https:\/\/r3media.ro\/category\/actualitate\/\" class=\"td-post-category\">ACTUALITATE<\/a><span class=\"td-post-author-name\"><a href=\"https:\/\/r3media.ro\/author\/oana\/\">Oana Ivan<\/a><span>&#8211;<\/span><\/span><span class=\"td-post-date\"><time class=\"entry-date updated td-module-date\" datetime=\"2026-07-09T20:48:24+03:00\">09\/07\/2026<\/time><\/span><\/div>\n<\/div>\n<\/div>\n<\/div>\n<div class=\"td-block-span6\">\n<div class=\"td_module_8 td_module_wrap\">\n<div class=\"item-details\">\n<h3 class=\"entry-title td-module-title\"><a href=\"https:\/\/r3media.ro\/presedintele-croatiei-interesele-poporului-ursula-von-der-leyen\/\" rel=\"bookmark\" title=\"Pre\u0219edintele Croa\u021biei spune c\u0103 este obligat s\u0103 apere interesele poporului s\u0103u, \u201enu s\u0103 urmez orbe\u0219te trenduri sau s\u0103 repet ca un papagal frazele care \u00eei plac Ursulei von der Leyen\u201d\">Pre\u0219edintele Croa\u021biei spune c\u0103 este obligat s\u0103 apere interesele poporului s\u0103u, \u201enu s\u0103 urmez&#8230;<\/a><\/h3>\n<div class=\"td-module-meta-info\"><a href=\"https:\/\/r3media.ro\/category\/actualitate\/\" class=\"td-post-category\">ACTUALITATE<\/a><span class=\"td-post-author-name\"><a href=\"https:\/\/r3media.ro\/author\/radu_ursan\/\">Radu Ursan<\/a><span>&#8211;<\/span><\/span><span class=\"td-post-date\"><time class=\"entry-date updated td-module-date\" datetime=\"2026-07-08T22:42:08+03:00\">08\/07\/2026<\/time><\/span><\/div>\n<\/div>\n<\/div>\n<\/div>\n<\/div>\n<div class=\"td-block-row\">\n<div class=\"td-block-span6\">\n<div class=\"td_module_8 td_module_wrap\">\n<div class=\"item-details\">\n<h3 class=\"entry-title td-module-title\"><a href=\"https:\/\/r3media.ro\/femeie-cumparat-automobil-electric-mana-a-doua-surpriza-plecat-masina\/\" rel=\"bookmark\" title=\"O femeie care \u0219i-a achizi\u021bionat un automobil electric la m\u00e2na a doua a avut parte de o surpriz\u0103 imediat dup\u0103 ce a plecat cu ma\u0219ina\">O femeie care \u0219i-a achizi\u021bionat un automobil electric la m\u00e2na a doua a avut&#8230;<\/a><\/h3>\n<div class=\"td-module-meta-info\"><a href=\"https:\/\/r3media.ro\/category\/actualitate\/\" class=\"td-post-category\">ACTUALITATE<\/a><span class=\"td-post-author-name\"><a href=\"https:\/\/r3media.ro\/author\/oana\/\">Oana Ivan<\/a><span>&#8211;<\/span><\/span><span class=\"td-post-date\"><time class=\"entry-date updated td-module-date\" datetime=\"2026-07-08T19:56:23+03:00\">08\/07\/2026<\/time><\/span><\/div>\n<\/div>\n<\/div>\n<\/div>\n<div class=\"td-block-span6\">\n<div class=\"td_module_8 td_module_wrap\">\n<div class=\"item-details\">\n<h3 class=\"entry-title td-module-title\"><a href=\"https:\/\/r3media.ro\/lectii-de-inapoiere\/\" rel=\"bookmark\" title=\"Lec\u021bii de \u00eenapoiere\">Lec\u021bii de \u00eenapoiere<\/a><\/h3>\n<div class=\"td-module-meta-info\"><a href=\"https:\/\/r3media.ro\/category\/opinii\/\" class=\"td-post-category\">OPINII<\/a><span class=\"td-post-author-name\"><a href=\"https:\/\/r3media.ro\/author\/tru\/\">TRU (Traian Ungureanu)<\/a><span>&#8211;<\/span><\/span><span class=\"td-post-date\"><time class=\"entry-date updated td-module-date\" datetime=\"2026-07-07T14:50:09+03:00\">07\/07\/2026<\/time><\/span><\/div>\n<\/div>\n<\/div>\n<\/div>\n<\/div>\n<div class=\"td-block-row\">\n<div class=\"td-block-span6\">\n<div class=\"td_module_8 td_module_wrap\">\n<div class=\"item-details\">\n<h3 class=\"entry-title td-module-title\"><a href=\"https:\/\/r3media.ro\/dreptate-pentru-memoria-lui-mircea-vulcanescu\/\" rel=\"bookmark\" title=\"Dreptate pentru memoria lui Mircea Vulc\u0103nescu\">Dreptate pentru memoria lui Mircea Vulc\u0103nescu<\/a><\/h3>\n<div class=\"td-module-meta-info\"><a href=\"https:\/\/r3media.ro\/category\/opinii\/\" class=\"td-post-category\">OPINII<\/a><span class=\"td-post-author-name\"><a href=\"https:\/\/r3media.ro\/author\/bogdan-munteanu\/\">Bogdan Munteanu<\/a><span>&#8211;<\/span><\/span><span class=\"td-post-date\"><time class=\"entry-date updated td-module-date\" datetime=\"2026-07-03T15:27:06+03:00\">03\/07\/2026<\/time><\/span><\/div>\n<\/div>\n<\/div>\n<\/div>\n<div class=\"td-block-span6\">\n<div class=\"td_module_8 td_module_wrap\">\n<div class=\"item-details\">\n<h3 class=\"entry-title td-module-title\"><a href=\"https:\/\/r3media.ro\/un-baietel-de-10-ani-are-nevoie-urgent-de-930-000-de-euro-pentru-a-trai-apelul-parintelui-alexandru-lungu\/\" rel=\"bookmark\" title=\"Un b\u0103ie\u021bel de 10 ani are nevoie URGENT de 930.000 de euro pentru a tr\u0103i. Apelul p\u0103rintelui Alexandru Lungu\">Un b\u0103ie\u021bel de 10 ani are nevoie URGENT de 930.000 de euro pentru a&#8230;<\/a><\/h3>\n<div class=\"td-module-meta-info\"><a href=\"https:\/\/r3media.ro\/category\/actualitate\/\" class=\"td-post-category\">ACTUALITATE<\/a><span class=\"td-post-author-name\"><a href=\"https:\/\/r3media.ro\/author\/redactia\/\">Redac\u021bia<\/a><span>&#8211;<\/span><\/span><span class=\"td-post-date\"><time class=\"entry-date updated td-module-date\" datetime=\"2026-07-01T14:14:11+03:00\">01\/07\/2026<\/time><\/span><\/div>\n<\/div>\n<\/div>\n<\/div>\n<\/div>\n<\/div>\n<div class=\"td-load-more-wrap td-load-more-infinite-wrap\" id=\"infinite-lm-tdi_20\"><a href=\"https:\/\/r3media.ro\/15-iulie-sfintii-mucenici-chiric-si-iulita-sfantul-vladimir-luminatorul-rusiei\/\" class=\"td_ajax_load_more td_ajax_load_more_js\" aria-label=\"\u00cenc\u0103rca\u021bi mai multe\" id=\"next-page-tdi_20\" data-td_block_id=\"tdi_20\">\u00cenc\u0103rca\u021bi mai multe<\/a><\/div>\n<\/div>\n<div class=\"td_block_wrap tdb_single_comments tdi_21 tdb-comm-layout2 td-pb-border-top td_block_template_1\" data-td-block-uid=\"tdi_21\">\n<div class=\"tdb-block-inner td-fix-index\">\n<div class=\"comments\" id=\"comments\">\n<div id=\"respond\" class=\"comment-respond\">\n<h3 id=\"reply-title\" class=\"comment-reply-title\">AI CEVA DE SPUS? <small><a rel=\"nofollow\" id=\"cancel-comment-reply-link\" href=\"https:\/\/r3media.ro\/15-iulie-sfintii-mucenici-chiric-si-iulita-sfantul-vladimir-luminatorul-rusiei\/#respond\">Renun\u021ba\u021bi la r\u0103spuns<\/a><\/small><\/h3>\n<div class=\"comment-form-input-wrap td-form-comment\">\n<div class=\"td-warning-comment\">V\u0103 rug\u0103m s\u0103 introduce\u021bi comentariul dvs.!<\/div>\n<\/div>\n<div class=\"comment-form-input-wrap td-form-author\">\n<div class=\"td-warning-author\">Introduce\u021bi aici numele dvs.<\/div>\n<\/div>\n<div class=\"comment-form-input-wrap td-form-email\">\n<div class=\"td-warning-email-error\">A\u021bi introdus o adres\u0103 de e-mail incorect\u0103!<\/div>\n<div class=\"td-warning-email\">V\u0103 rug\u0103m s\u0103 introduce\u021bi adresa dvs. de e-mail aici<\/div>\n<\/div>\n<\/div>\n<\/div>\n<\/div>\n<\/div>\n<\/div>\n<\/div>\n<div class=\"vc_column tdi_23  wpb_column vc_column_container tdc-column td-pb-span4 td-is-sticky\">\n<div class=\"wpb_wrapper\" data-sticky-enabled-on=\"W3RydWUsdHJ1ZSx0cnVlLHRydWVd\" data-sticky-offset=\"20\" data-sticky-is-width-auto=\"W2ZhbHNlLGZhbHNlLGZhbHNlLGZhbHNlXQ==\">\n<div class=\"wpb_wrapper td_block_wrap vc_widget_sidebar tdi_25 \">\n<div class=\"td_block_wrap td_block_7 td_block_widget tdi_26 td-pb-border-top td_block_template_1 td-column-1 td_block_padding\" data-td-block-uid=\"tdi_26\">\n<div class=\"td-block-title-wrap\">\n<h4 class=\"block-title td-block-title\"><span class=\"td-pulldown-size\">Articole RELA\u021aIONATE<\/span><\/h4>\n<\/div>\n<div id=\"tdi_26\" class=\"td_block_inner\">\n<div class=\"td-block-span12\">\n<div class=\"td_module_6 td_module_wrap td-animation-stack\">\n<div class=\"td-module-thumb\"><a href=\"https:\/\/r3media.ro\/miercuri-operatie-sambata-pe-plaja-cum-te-ajuta-tehnica-smile-sa-scapi-de-ochelari-cu-laser-chiar-si-vara\/\" rel=\"bookmark\" class=\"td-image-wrap \" title=\"Miercuri opera\u021bie, s\u00e2mb\u0103t\u0103 pe plaj\u0103: cum te ajut\u0103 tehnica SMILE s\u0103 scapi de ochelari cu laser chiar \u0219i vara?\"><img loading=\"lazy\" decoding=\"async\" class=\"entry-thumb\" src=\"https:\/\/r3media.ro\/wp-content\/uploads\/2026\/07\/miercuri_operaie_smbt_pe_plaj_cum_te_ajut_tehnica_smile_s_scapi_de_ochelari_cu_laser_chiar_i_vara-100x70.jpg\" alt title=\"Miercuri opera\u021bie, s\u00e2mb\u0103t\u0103 pe plaj\u0103: cum te ajut\u0103 tehnica SMILE s\u0103 scapi de ochelari cu laser chiar \u0219i vara?\" width=\"100\" height=\"70\"><\/a><\/div>\n<div class=\"item-details\">\n<h3 class=\"entry-title td-module-title\"><a href=\"https:\/\/r3media.ro\/miercuri-operatie-sambata-pe-plaja-cum-te-ajuta-tehnica-smile-sa-scapi-de-ochelari-cu-laser-chiar-si-vara\/\" rel=\"bookmark\" title=\"Miercuri opera\u021bie, s\u00e2mb\u0103t\u0103 pe plaj\u0103: cum te ajut\u0103 tehnica SMILE s\u0103 scapi de ochelari cu laser chiar \u0219i vara?\">Miercuri opera\u021bie, s\u00e2mb\u0103t\u0103 pe plaj\u0103: cum te ajut\u0103 tehnica SMILE s\u0103&#8230;<\/a><\/h3>\n<div class=\"td-module-meta-info\"><span class=\"td-post-date\"><time class=\"entry-date updated td-module-date\" datetime=\"2026-07-14T20:47:04+03:00\">14\/07\/2026<\/time><\/span><\/div>\n<\/div>\n<\/div>\n<\/div>\n<div class=\"td-block-span12\">\n<div class=\"td_module_6 td_module_wrap td-animation-stack\">\n<div class=\"td-module-thumb\"><a href=\"https:\/\/r3media.ro\/rumen-radev-bulgaria-se-retrage-coalitia-de-vointa\/\" rel=\"bookmark\" class=\"td-image-wrap \" title=\"Rumen Radev anun\u021b\u0103 c\u0103 Bulgaria se retrage din \u201eCoali\u021bia de voin\u021b\u0103\u201d: Rezolvarea conflictului st\u0103 \u00een diploma\u021bie, nu \u00een mijloace militare\"><img loading=\"lazy\" decoding=\"async\" class=\"entry-thumb\" src=\"https:\/\/r3media.ro\/wp-content\/uploads\/2026\/07\/rumen-radev-bulgariaa-100x70.jpg\" alt title=\"Rumen Radev anun\u021b\u0103 c\u0103 Bulgaria se retrage din \u201eCoali\u021bia de voin\u021b\u0103\u201d: Rezolvarea conflictului st\u0103 \u00een diploma\u021bie, nu \u00een mijloace militare\" width=\"100\" height=\"70\"><\/a><\/div>\n<div class=\"item-details\">\n<h3 class=\"entry-title td-module-title\"><a href=\"https:\/\/r3media.ro\/rumen-radev-bulgaria-se-retrage-coalitia-de-vointa\/\" rel=\"bookmark\" title=\"Rumen Radev anun\u021b\u0103 c\u0103 Bulgaria se retrage din \u201eCoali\u021bia de voin\u021b\u0103\u201d: Rezolvarea conflictului st\u0103 \u00een diploma\u021bie, nu \u00een mijloace militare\">Rumen Radev anun\u021b\u0103 c\u0103 Bulgaria se retrage din \u201eCoali\u021bia de voin\u021b\u0103\u201d:&#8230;<\/a><\/h3>\n<div class=\"td-module-meta-info\"><span class=\"td-post-date\"><time class=\"entry-date updated td-module-date\" datetime=\"2026-07-14T15:03:40+03:00\">14\/07\/2026<\/time><\/span><\/div>\n<\/div>\n<\/div>\n<\/div>\n<div class=\"td-block-span12\">\n<div class=\"td_module_6 td_module_wrap td-animation-stack\">\n<div class=\"td-module-thumb\"><a href=\"https:\/\/r3media.ro\/cazul-pasca-sau-cine-a-tras-in-noi-dupa-22\/\" rel=\"bookmark\" class=\"td-image-wrap \" title=\"Cazul Pa\u0219ca sau \u201ecine-a tras \u00een noi, dup\u0103 22\u201d\"><img loading=\"lazy\" decoding=\"async\" class=\"entry-thumb\" src=\"https:\/\/r3media.ro\/wp-content\/uploads\/2021\/07\/apa-otravita-sibiu-timisoara-decembrie-1989-100x70.jpg\" alt title=\"Cazul Pa\u0219ca sau \u201ecine-a tras \u00een noi, dup\u0103 22\u201d\" width=\"100\" height=\"70\"><\/a><\/div>\n<div class=\"item-details\">\n<h3 class=\"entry-title td-module-title\"><a href=\"https:\/\/r3media.ro\/cazul-pasca-sau-cine-a-tras-in-noi-dupa-22\/\" rel=\"bookmark\" title=\"Cazul Pa\u0219ca sau \u201ecine-a tras \u00een noi, dup\u0103 22\u201d\">Cazul Pa\u0219ca sau \u201ecine-a tras \u00een noi, dup\u0103 22\u201d<\/a><\/h3>\n<div class=\"td-module-meta-info\"><span class=\"td-post-date\"><time class=\"entry-date updated td-module-date\" datetime=\"2026-07-14T14:44:27+03:00\">14\/07\/2026<\/time><\/span><\/div>\n<\/div>\n<\/div>\n<\/div>\n<div class=\"td-block-span12\">\n<div class=\"td_module_6 td_module_wrap td-animation-stack\">\n<div class=\"td-module-thumb\"><a href=\"https:\/\/r3media.ro\/guvernul-obligat-ajutor-militar-ucraina\/\" rel=\"bookmark\" class=\"td-image-wrap \" title=\"Guvernul, obligat \u00een instan\u0163\u0103 s\u0103 spun\u0103 \u00een ce hot\u0103r\u00e2ri se ascunde ajutorul militar dat Ucrainei. Nu \u015fi c\u00e2t valoreaz\u0103\"><img loading=\"lazy\" decoding=\"async\" class=\"entry-thumb\" src=\"https:\/\/r3media.ro\/wp-content\/uploads\/2024\/03\/patriot-1536x865-1-100x70.webp\" alt title=\"Guvernul, obligat \u00een instan\u0163\u0103 s\u0103 spun\u0103 \u00een ce hot\u0103r\u00e2ri se ascunde ajutorul militar dat Ucrainei. Nu \u015fi c\u00e2t valoreaz\u0103\" width=\"100\" height=\"70\"><\/a><\/div>\n<div class=\"item-details\">\n<h3 class=\"entry-title td-module-title\"><a href=\"https:\/\/r3media.ro\/guvernul-obligat-ajutor-militar-ucraina\/\" rel=\"bookmark\" title=\"Guvernul, obligat \u00een instan\u0163\u0103 s\u0103 spun\u0103 \u00een ce hot\u0103r\u00e2ri se ascunde ajutorul militar dat Ucrainei. Nu \u015fi c\u00e2t valoreaz\u0103\">Guvernul, obligat \u00een instan\u0163\u0103 s\u0103 spun\u0103 \u00een ce hot\u0103r\u00e2ri se ascunde&#8230;<\/a><\/h3>\n<div class=\"td-module-meta-info\"><span class=\"td-post-date\"><time class=\"entry-date updated td-module-date\" datetime=\"2026-07-14T13:00:34+03:00\">14\/07\/2026<\/time><\/span><\/div>\n<\/div>\n<\/div>\n<\/div>\n<div class=\"td-block-span12\">\n<div class=\"td_module_6 td_module_wrap td-animation-stack\">\n<div class=\"td-module-thumb\"><a href=\"https:\/\/r3media.ro\/angajata-viorel-pasca-mascati-bolnavi\/\" rel=\"bookmark\" class=\"td-image-wrap \" title=\"O angajat\u0103 a lui Viorel Pa\u0219ca acuz\u0103: Masca\u0163ii nu m-or l\u0103sat s\u0103-l schimb pe bolnav, at\u00e2tea ore, ca s\u0103 poat\u0103 face poze\"><img loading=\"lazy\" decoding=\"async\" class=\"entry-thumb\" src=\"https:\/\/r3media.ro\/wp-content\/uploads\/2026\/07\/diicot-viorel-pasca-100x70.jpg\" alt title=\"O angajat\u0103 a lui Viorel Pa\u0219ca acuz\u0103: Masca\u0163ii nu m-or l\u0103sat s\u0103-l schimb pe bolnav, at\u00e2tea ore, ca s\u0103 poat\u0103 face poze\" width=\"100\" height=\"70\"><\/a><\/div>\n<div class=\"item-details\">\n<h3 class=\"entry-title td-module-title\"><a href=\"https:\/\/r3media.ro\/angajata-viorel-pasca-mascati-bolnavi\/\" rel=\"bookmark\" title=\"O angajat\u0103 a lui Viorel Pa\u0219ca acuz\u0103: Masca\u0163ii nu m-or l\u0103sat s\u0103-l schimb pe bolnav, at\u00e2tea ore, ca s\u0103 poat\u0103 face poze\">O angajat\u0103 a lui Viorel Pa\u0219ca acuz\u0103: Masca\u0163ii nu m-or l\u0103sat&#8230;<\/a><\/h3>\n<div class=\"td-module-meta-info\"><span class=\"td-post-date\"><time class=\"entry-date updated td-module-date\" datetime=\"2026-07-14T11:55:55+03:00\">14\/07\/2026<\/time><\/span><\/div>\n<\/div>\n<\/div>\n<\/div>\n<div class=\"td-block-span12\">\n<div class=\"td_module_6 td_module_wrap td-animation-stack\">\n<div class=\"td-module-thumb\"><a href=\"https:\/\/r3media.ro\/bulgaria-cosmonaut-alexander-alexandrov\/\" rel=\"bookmark\" class=\"td-image-wrap \" title=\"Bulgaria \u0219i-a luat r\u0103mas-bun de la al doilea cosmonaut al s\u0103u. Alexander Alexandrov, condus pe ultimul drum la Sofia\"><img loading=\"lazy\" decoding=\"async\" class=\"entry-thumb\" src=\"https:\/\/r3media.ro\/wp-content\/uploads\/2026\/07\/bulgaria-cosmonaut-100x70.jpg\" alt title=\"Bulgaria \u0219i-a luat r\u0103mas-bun de la al doilea cosmonaut al s\u0103u. Alexander Alexandrov, condus pe ultimul drum la Sofia\" width=\"100\" height=\"70\"><\/a><\/div>\n<div class=\"item-details\">\n<h3 class=\"entry-title td-module-title\"><a href=\"https:\/\/r3media.ro\/bulgaria-cosmonaut-alexander-alexandrov\/\" rel=\"bookmark\" title=\"Bulgaria \u0219i-a luat r\u0103mas-bun de la al doilea cosmonaut al s\u0103u. Alexander Alexandrov, condus pe ultimul drum la Sofia\">Bulgaria \u0219i-a luat r\u0103mas-bun de la al doilea cosmonaut al s\u0103u&#8230;.<\/a><\/h3>\n<div class=\"td-module-meta-info\"><span class=\"td-post-date\"><time class=\"entry-date updated td-module-date\" datetime=\"2026-07-14T10:49:11+03:00\">14\/07\/2026<\/time><\/span><\/div>\n<\/div>\n<\/div>\n<\/div>\n<div class=\"td-block-span12\">\n<div class=\"td_module_6 td_module_wrap td-animation-stack\">\n<div class=\"td-module-thumb\"><a href=\"https:\/\/r3media.ro\/industria-auto-europeana-software-romania\/\" rel=\"bookmark\" class=\"td-image-wrap \" title=\"Industria auto european\u0103 \u00ee\u0219i pune software-ul \u00een comun. Impactul asupra Rom\u00e2niei\"><img loading=\"lazy\" decoding=\"async\" class=\"entry-thumb\" src=\"https:\/\/r3media.ro\/wp-content\/uploads\/2026\/07\/ford-craiova-industria-auto-100x70.webp\" alt title=\"Industria auto european\u0103 \u00ee\u0219i pune software-ul \u00een comun. Impactul asupra Rom\u00e2niei\" width=\"100\" height=\"70\"><\/a><\/div>\n<div class=\"item-details\">\n<h3 class=\"entry-title td-module-title\"><a href=\"https:\/\/r3media.ro\/industria-auto-europeana-software-romania\/\" rel=\"bookmark\" title=\"Industria auto european\u0103 \u00ee\u0219i pune software-ul \u00een comun. Impactul asupra Rom\u00e2niei\">Industria auto european\u0103 \u00ee\u0219i pune software-ul \u00een comun. Impactul asupra Rom\u00e2niei<\/a><\/h3>\n<div class=\"td-module-meta-info\"><span class=\"td-post-date\"><time class=\"entry-date updated td-module-date\" datetime=\"2026-07-14T09:31:26+03:00\">14\/07\/2026<\/time><\/span><\/div>\n<\/div>\n<\/div>\n<\/div>\n<\/div>\n<\/div>\n<aside class=\"td_block_template_1 widget widget_recent_comments\">\n<h4 class=\"block-title\"><span>INTR\u0102 \u00ceN DISCU\u021aIE!<\/span><\/h4>\n<ul id=\"recentcomments\">\n<li class=\"recentcomments\"><span class=\"comment-author-link\">Mihaela<\/span> la <a href=\"https:\/\/r3media.ro\/ilie-bolojan-alegeri-anticipate\/#comment-40272\">Ilie Bolojan ia \u00een calcul organizarea alegerilor anticipate: Mai devreme sau mai t\u00e2rziu, s\u0103 ne \u00eentoarcem la judecata cet\u0103\u0163enilor<\/a><\/li>\n<li class=\"recentcomments\"><span class=\"comment-author-link\">Kh-47M2 Kinzhal<\/span> la <a href=\"https:\/\/r3media.ro\/premiera-mondiala-robot-transportat-barca-lupta-razboi-ucraina-video\/#comment-40271\">VIDEO | Premier\u0103 mondial\u0103! Un robot cu inteligen\u021b\u0103 artificial\u0103 transportat de o barc\u0103 lupt\u0103 \u00een r\u0103zboiul din Ucraina<\/a><\/li>\n<li class=\"recentcomments\"><span class=\"comment-author-link\">Constantin<\/span> la <a href=\"https:\/\/r3media.ro\/ambasadorul-germaniei-la-chisinau-revine-nu-a-fost-intentia-mea-sa-pun-sub-semnul-intrebarii-unitatea-chestiunii-romanesti-sau-a-credintei-crestin-ortodoxe\/#comment-40270\">Ambasadorul Germaniei la Chi\u0219in\u0103u revine: Nu a fost inten\u0163ia mea s\u0103 pun sub semnul \u00eentreb\u0103rii unitatea chestiunii rom\u00e2ne\u015fti sau a credin\u0163ei cre\u015ftin ortodoxe<\/a><\/li>\n<li class=\"recentcomments\"><span class=\"comment-author-link\">Narcis<\/span> la <a href=\"https:\/\/r3media.ro\/actorul-ioan-isaiu-a-facut-infarct-si-a-murit-in-fata-colegilor-sai-bou-vaccinat-anti-covid-19\/#comment-40269\">Actorul Ioan Isaiu a f\u0103cut infarct \u0219i a murit \u00een fa\u021ba colegilor s\u0103i: Am fost bou c\u0103 m-am vaccinat \u0219i v-am blocat pe cei care \u00eemi era\u021bi prieteni<\/a><\/li>\n<li class=\"recentcomments\"><span class=\"comment-author-link\">Haleu<\/span> la <a href=\"https:\/\/r3media.ro\/romania-si-slovenia-singurele-state-din-est-care-s-au-alaturat-sua-in-condamnarea-chinei-intr-o-speta-de-acum-10-ani\/#comment-40268\">Rom\u00e2nia \u0219i Slovenia, singurele state din Est care s-au al\u0103turat SUA \u00een condamnarea Chinei \u00eentr-o spe\u021b\u0103 de acum 10 ani<\/a><\/li>\n<li class=\"recentcomments\"><span class=\"comment-author-link\">Eu<\/span> la <a href=\"https:\/\/r3media.ro\/guvernul-sanchez-demoleaza-monumentul-de-la-majadahonda-ion-mota-vasile-marin-lupta-rzaboiul-civil-spaniol-comunisti\/#comment-40267\">Guvernul Sanchez demoleaz\u0103 Monumentul de la Majadahonda, dedicat lui Ion Mo\u021ba \u0219i Vasile Marin, rom\u00e2nii care au luptat \u00eempotriva comuni\u0219tilor \u00een R\u0103zboiul Civil Spaniol<\/a><\/li>\n<li class=\"recentcomments\"><span class=\"comment-author-link\">Constantin<\/span> la <a href=\"https:\/\/r3media.ro\/guvernul-sanchez-demoleaza-monumentul-de-la-majadahonda-ion-mota-vasile-marin-lupta-rzaboiul-civil-spaniol-comunisti\/#comment-40266\">Guvernul Sanchez demoleaz\u0103 Monumentul de la Majadahonda, dedicat lui Ion Mo\u021ba \u0219i Vasile Marin, rom\u00e2nii care au luptat \u00eempotriva comuni\u0219tilor \u00een R\u0103zboiul Civil Spaniol<\/a><\/li>\n<\/ul>\n<\/aside>\n<aside class=\"td_block_template_1 widget widget_search\">\n<h4 class=\"block-title\"><span>CAUT\u0102 \u0218I VEI G\u0102SI<\/span><\/h4>\n<\/aside>\n<\/div>\n<\/div>\n<\/div>\n<\/div>\n<\/div>\n<\/div>\n<\/div>\n<p><span class=\"td-page-meta\"><\/span><span class=\"td-page-meta\"><span class=\"td-page-meta\"><\/span><\/span><span class=\"td-page-meta\"><\/span><\/article>\n<\/p>\n<div class=\"td_block_wrap tdb_single_content tdi_18 td-pb-border-top td_block_template_1 td-post-content tagdiv-type\" data-td-block-uid=\"tdi_18\">\n<div class=\"tdb-block-inner td-fix-index\">\n<p><strong>Pe 15 iulie Biserica Ortodox\u0103 \u00eei pr\u0103znuie\u0219te pe urm\u0103torii sfin\u021bi: Sfin\u021bii Mucenici Chiric \u0219i Iulita; Sf\u00e2ntul Ierarh Iosif; Cuvioasa Matrona din Chios; Cuviosul Vladimir cel \u00eentocmai cu apostolii, lumin\u0103torul Rusiei; Sf\u00e2ntul Mucenic Lolian.<\/strong><\/p>\n<p>Sfin\u021bii Mucenici Chiric \u0219i Iulita (+304) erau originari din Licaonia (Asia Mic\u0103), Sf\u00e2nta Iulita fiind mama Sf\u00e2ntului Chiric, \u00een v\u00e2rst\u0103 de 3 ani.<\/p>\n<p>\u00cen timpul persecu\u021biei pornite \u00eempotriva cre\u0219tinilor de \u00eemp\u0103ratul Diocle\u021bian (286 \u2013 305), Sf\u00e2nta Iulita \u0219i-a luat copilul \u0219i a fugit \u00een Seleucia (sudul Asiei Mici), apoi \u00een Tarsul Ciliciei (localitate \u00een Asia Mic\u0103, la 16 km \u00een interior spre coasta de sud a Turciei de ast\u0103zi) pentru a sc\u0103pa de chinurile la care erau supu\u0219i cre\u0219tinii.<\/p>\n<p>\u00cen Tarsul Ciliciei a fost prins\u0103 \u0219i adus\u0103 spre judecat\u0103 \u00eenaintea guvernatorului Alexandru care a supus-o supliciilor \u00een speran\u021ba c\u0103 se va lep\u0103da de credin\u021ba ortodox\u0103.<\/p>\n<p>\u00cen timp ce sf\u00e2nta era biciuit\u0103 cu vine de bou, Sf\u00e2ntul Chiric, aflat \u00een bra\u021bele guvernatorului p\u0103g\u00e2n Alexandru, a \u00eenceput s\u0103 pl\u00e2ng\u0103, fapt pentru care p\u0103g\u00e2nul l-a ucis lovindu-l de treptele scaunului de judecat\u0103.<\/p>\n<p>\u00cen cele din urm\u0103, \u00eendur\u00e2nd numeroase chinuri, Sf\u00e2nta Iulita a trecut la Domnul primind moarte martiric\u0103 prin decapitare. Trupurile celor doi sfin\u021bi au fost \u00eengropate cu cinste de unii cre\u0219tini din cetate.<\/p>\n<p>Sf\u00e2ntul Vladimir, lumin\u0103torul Rusiei (980-1015) a fost fiul principelui Sviatoslav al Rusiei, fiind un p\u0103g\u00e2n devotat \u00een primii ani ai vie\u021bii sale.<\/p>\n<p>\u00cen anul 988, Vladimir s-a c\u0103s\u0103torit cu prin\u021besa Anei, sora \u00eemp\u0103ra\u021bilor Vasile al II-lea \u0219i Constantin. \u00centors la Kiev, \u00een acela\u0219i an, 988, principele Vladimir a dat porunc\u0103 s\u0103 se boteze tot poporul rus, ceremonie care a avut loc \u00een fluviul Nipru. Sf\u00e2ntul Vladimir s-a schimbat complet dup\u0103 botez.<\/p>\n<p>El a distrus toate statuile p\u0103g\u00e2ne \u0219i le-a \u00eenlocuit cu biserici.<\/p>\n<p>Pentru c\u0103 de numele lui se leag\u0103 \u00eencre\u0219tinarea oficial\u0103 a poporului rus, Biserica \u00eel num\u0103r\u0103 \u00een r\u00e2ndul sfin\u021bilor drept Cuviosul Vladimir, Lumin\u0103torul Rusiei, cinstindu-l \u00een 15 iulie. Biserica Rusiei l-a canonizat \u00eenc\u0103 din a doua jum\u0103tate a secolului al XIII-lea, cu data de pr\u0103znuire local\u0103 \u00een 28 iulie.<\/p>\n<div class=\"crp_related     crp-masonry\">\n<h2>\u00ceN CONTEXT<\/h2>\n<ul>\n<li><a href=\"https:\/\/r3media.ro\/calendarul-zilei-4-ianuarie-soborul-sfintilor-70-de-apostoli\/\" class=\"crp_link post-34856\"><span class=\"crp_title\">Calendarul zilei 4 ianuarie: Soborul Sfin\u021bilor 70 de apostoli<\/span><\/a><\/li>\n<li><a href=\"https:\/\/r3media.ro\/calendarul-zilei-22-iunie-sf-ierarh-grigorie-dascalul-mitropolitul-tarii-romanesti-sf-sfintit-mc-eusebiu-episcopul-samosatei\/\" class=\"crp_link post-48963\"><span class=\"crp_title\">Calendarul zilei 22 iunie: Sf. Ierarh Grigorie Dasc\u0103lul, Mitropolitul \u021a\u0103rii Rom\u00e2ne\u0219ti; Sf.\u2026<\/span><\/a><\/li>\n<li><a href=\"https:\/\/r3media.ro\/calendarul-zilei-9-mai-sf-proroc-isaia-sf-mc-hristofor-aducerea-la-bari-a-moastelor-sf-ier-nicolae\/\" class=\"crp_link post-94576\"><span class=\"crp_title\">Calendarul zilei 9 mai: Sf. Proroc Isaia; Sf. Mc. Hristofor; Aducerea la Bari a moa\u0219telor\u2026<\/span><\/a><\/li>\n<li><a href=\"https:\/\/r3media.ro\/1-iulie-sf-leontie-de-la-radauti-sf-doctori-fara-de-arginti-cosma-si-damian-cei-din-roma\/\" class=\"crp_link post-49753\"><span class=\"crp_title\">Calendarul zilei 1 iulie: Sf. Leontie de la R\u0103d\u0103u\u021bi. Sf. Doctori f\u0103r\u0103 de argin\u021bi Cosma \u0219i\u2026<\/span><\/a><\/li>\n<li><a href=\"https:\/\/r3media.ro\/calendarul-zilei-26-august-sfintii-adrian-si-natalia-cei-doi-soti-a-caror-dragoste-a-fost-mai-tare-decat-moartea-si-sunt-ocrotitorii-familiei\/\" class=\"crp_link post-26673\"><span class=\"crp_title\">Calendarul zilei 26 august: Sfin\u021bii Adrian \u0219i Natalia, cei doi so\u021bi a c\u0103ror dragoste a fost\u2026<\/span><\/a><\/li>\n<li><a href=\"https:\/\/r3media.ro\/calendarul-zilei-30-septembrie-sf-ier-grigorie-luminatorul-arhiepiscopul-armeniei\/\" class=\"crp_link post-82447\"><span class=\"crp_title\">Calendarul zilei 30 septembrie: Sf. Ier. Grigorie Lumin\u0103torul, arhiepiscopul Armeniei<\/span><\/a><\/li>\n<li><a href=\"https:\/\/r3media.ro\/calendarul-zilei-21-august-sfantul-apostol-tadeu-sfintii-mucenici-vasa-cu-fiii-ei-sfintii-mucenici-donat-diaconul-romul-preotul-silvan-diaconul-si-venust\/\" class=\"crp_link post-99841\"><span class=\"crp_title\">Calendarul zilei 21 august: Sf\u00e2ntul Apostol Tadeu; Sfin\u0163ii Mucenici Vasa, cu fiii ei;\u2026<\/span><\/a><\/li>\n<li><a href=\"https:\/\/r3media.ro\/calendarul-zilei-4-iunie-sf-mucenici-zotic-atal-camasie-si-filip-de-la-niculitel\/\" class=\"crp_link post-47825\"><span class=\"crp_title\">Calendarul zilei 4 iunie: Sf. Mucenici Zotic, Atal, Camasie \u0219i Filip de la Niculi\u021bel<\/span><\/a><\/li>\n<\/ul>\n<\/div>\n<\/div>\n<\/div>\n<p>[analyse_source url=&#8221;https:\/\/r3media.ro\/15-iulie-sfintii-mucenici-chiric-si-iulita-sfantul-vladimir-luminatorul-rusiei\/&#8221;]<\/p>\n","protected":false},"excerpt":{"rendered":"<p>[analyse_image type=&#8221;featured&#8221; src=&#8221;https:\/\/r3media.ro\/wp-content\/uploads\/2022\/07\/sddefault-3.jpghttps:\/\/r3media.ro\/wp-content\/uploads\/2022\/07\/sddefault-3.jpg&#8221;] PRIM PLANCalendarul zilei 15 iulie: Sfin\u021bii Mucenici Chiric \u0219i Iulita; Sf\u00e2ntul Vladimir, lumin\u0103torul&#8230; PRIM PLAN\u0218TIRIVIDEO Calendarul zilei 15 iulie: Sfin\u021bii Mucenici Chiric \u0219i Iulita; Sf\u00e2ntul Vladimir, lumin\u0103torul Rusiei Redac\u021bia 14\/07\/2026 Pe 15 iulie Biserica Ortodox\u0103 \u00eei pr\u0103znuie\u0219te pe urm\u0103torii sfin\u021bi: Sfin\u021bii Mucenici Chiric \u0219i Iulita; Sf\u00e2ntul Ierarh Iosif; Cuvioasa Matrona din Chios; [&hellip;]<\/p>\n","protected":false},"author":1,"featured_media":0,"comment_status":"open","ping_status":"","sticky":false,"template":"","format":"standard","meta":{"footnotes":""},"categories":[89],"tags":[226,93],"class_list":["post-2043704","post","type-post","status-publish","format-standard","hentry","category-romania","tag-crawlmanager","tag-r3media-ro"],"_links":{"self":[{"href":"https:\/\/analyse.optim.biz\/index.php?rest_route=\/wp\/v2\/posts\/2043704","targetHints":{"allow":["GET"]}}],"collection":[{"href":"https:\/\/analyse.optim.biz\/index.php?rest_route=\/wp\/v2\/posts"}],"about":[{"href":"https:\/\/analyse.optim.biz\/index.php?rest_route=\/wp\/v2\/types\/post"}],"author":[{"embeddable":true,"href":"https:\/\/analyse.optim.biz\/index.php?rest_route=\/wp\/v2\/users\/1"}],"replies":[{"embeddable":true,"href":"https:\/\/analyse.optim.biz\/index.php?rest_route=%2Fwp%2Fv2%2Fcomments&post=2043704"}],"version-history":[{"count":0,"href":"https:\/\/analyse.optim.biz\/index.php?rest_route=\/wp\/v2\/posts\/2043704\/revisions"}],"wp:attachment":[{"href":"https:\/\/analyse.optim.biz\/index.php?rest_route=%2Fwp%2Fv2%2Fmedia&parent=2043704"}],"wp:term":[{"taxonomy":"category","embeddable":true,"href":"https:\/\/analyse.optim.biz\/index.php?rest_route=%2Fwp%2Fv2%2Fcategories&post=2043704"},{"taxonomy":"post_tag","embeddable":true,"href":"https:\/\/analyse.optim.biz\/index.php?rest_route=%2Fwp%2Fv2%2Ftags&post=2043704"}],"curies":[{"name":"wp","href":"https:\/\/api.w.org\/{rel}","templated":true}]}}