{"id":2043160,"date":"2026-07-14T15:44:56","date_gmt":"2026-07-14T12:44:56","guid":{"rendered":"https:\/\/analyse.optim.biz\/?p=2043160"},"modified":"2026-07-14T15:44:56","modified_gmt":"2026-07-14T12:44:56","slug":"deputatul-elena-dobos-a-reprezentat-parlamentul-romaniei-la-cea-de-a-51-a-sesiune-plenara-a-adunarii","status":"publish","type":"post","link":"https:\/\/analyse.optim.biz\/?p=2043160","title":{"rendered":"Deputatul Elena Dobo\u0219 a reprezentat Parlamentul Rom\u00e2niei la cea de-a 51-a Sesiune Plenar\u0103 a Adun\u0103rii"},"content":{"rendered":"<p>[analyse_image type=&#8221;featured&#8221; src=&#8221;https:\/\/ziaruldelta.ro\/wp-content\/uploads\/2026\/07\/743186013_122220157502330902_2087514268522923503_n-copy-Cropped.jpg&#8221;]<\/p>\n<article id=\"post-37452\" class=\"module single-post-module post-37452 post type-post status-publish format-standard has-post-thumbnail hentry category-politica-administratie et-has-post-format-content et_post_format-et-post-format-standard\">\n<div class=\"post-header\">\n<h1 class=\"entry-title\">Deputatul Elena Dobo\u0219 a reprezentat Parlamentul Rom\u00e2niei la cea de-a 51-a Sesiune Plenar\u0103 a Adun\u0103rii Parlamentare a Francofoniei, la Yaound\u00e9<\/h1>\n<div class=\"post-meta vcard\">\n<p>Posted by <a href=\"https:\/\/ziaruldelta.ro\/author\/nicoleta-urmuz\/\" class=\"url fn\" title=\"Posts by Nicoleta URMUZ\" rel=\"author\">Nicoleta URMUZ<\/a> | <span class=\"updated\">Jul 14, 2026<\/span> | <a href=\"https:\/\/ziaruldelta.ro\/category\/politica-administratie\/\" rel=\"tag\">Politica &#8211; Administratie<\/a> | <\/p>\n<\/div>\n<\/div>\n<div class=\"post-thumbnail header\"><img decoding=\"async\" src=\"https:\/\/ziaruldelta.ro\/wp-content\/uploads\/2026\/07\/743186013_122220157502330902_2087514268522923503_n-copy-Cropped.jpg\" alt=\"Deputatul Elena Dobo\u0219 a reprezentat Parlamentul Rom\u00e2niei la cea de-a 51-a Sesiune Plenar\u0103 a Adun\u0103rii Parlamentare a Francofoniei, la Yaound\u00e9\"><\/div>\n<div class=\"post-wrap\">\n<div class=\"post-content entry-content\">\n<p>Elena Dobo\u0219, deputat AUR de Tulcea, a reprezentat Parlamentul Rom\u00e2niei la cea de-a 51-a Sesiune Plenar\u0103 a Adun\u0103rii Parlamentare a Francofoniei (APF), desf\u0103\u0219urat\u0103 la Yaound\u00e9, capitala Republicii Camerun. Parlamentarul a participat la reuniune \u00een calitate de membru al Comisiei pentru educa\u021bie, cultur\u0103 \u0219i comunicare \u0219i al Re\u021belei femeilor parlamentare a APF, al\u0103turi de deputatul Zakarias Zolt\u00e1n \u0219i de Sorin-Mihai C\u00eempeanu, pre\u0219edintele delega\u021biei \u0219i membru al Comisiei politice a APF.<\/p>\n<blockquote>\n<p><img loading=\"lazy\" decoding=\"async\" class=\"size-medium wp-image-37455 aligncenter\" src=\"https:\/\/ziaruldelta.ro\/wp-content\/uploads\/2026\/07\/743933799_122220157454330902_1484737592351325120_n-1-610x458.jpg\" alt width=\"610\" height=\"458\">,,Am avut onoarea \u0219i bucuria de a reprezenta cu m\u00e2ndrie \u0219i entuziasm Parlamentul Rom\u00e2niei la cea de-a 51-a Sesiune Plenar\u0103 a Adun\u0103rii Parlamentare a Francofoniei (APF), care de aceast\u0103 dat\u0103 a avut ca gazd\u0103 ora\u0219ul Yaound\u00e9, capitala Republicii Camerun. Adunarea Parlamentar\u0103 a Francofoniei reprezint\u0103 leg\u0103tura democratic\u0103 dintre guvernele \u0219i popoarele francofone. APF se constituie \u00eentr-un forum de dezbateri \u0219i de schimb de informa\u021bii, care ac\u021bioneaz\u0103 pentru promovarea p\u0103cii, a democra\u021biei \u0219i a drepturilor omului, sprijin\u0103 educa\u021bia, \u0219tiin\u021ba, cercetarea \u0219i dezvoltarea durabil\u0103, precum \u0219i \u00eent\u0103rirea solidarit\u0103\u021bii pe care folosirea limbii franceze o stabile\u0219te \u00eentre membrii s\u0103i, contribuind, astfel, la instaurarea unui veritabil dialog \u00eentre culturi \u0219i civiliza\u021bii.<br \/>\nLeg\u0103tura poporului rom\u00e2n cu limba \u0219i cultura francez\u0103 nu este una \u00eent\u00e2mpl\u0103toare, ci una ad\u00e2nc \u00eenr\u0103d\u0103cinat\u0103 \u00een \u00eens\u0103\u0219i istoria noastr\u0103. Rom\u00e2nia este o \u021bar\u0103 francofon\u0103 \u00eenc\u0103 de la constituirea sa ca stat modern: de la Unirea Principatelor, la recunoa\u0219terea independen\u021bei \u0219i p\u00e2n\u0103 la Marea Unire, rela\u021biile str\u00e2nse dintre \u021a\u0103rile Rom\u00e2ne \u0219i Fran\u021ba au marcat destinul nostru na\u021bional. Genera\u021bii \u00eentregi de intelectuali rom\u00e2ni s-au format \u00een cultura francez\u0103, iar occidentalizarea social\u0103 \u0219i institu\u021bional\u0103 a poporului rom\u00e2n a avut ca model cultura \u0219i societatea francez\u0103\u201d, a declarat deputatul AUR de Tulcea, Elena Dobo\u0219.<\/p>\n<\/blockquote>\n<p><img decoding=\"async\" loading=\"lazy\" class=\"size-medium wp-image-37456 aligncenter\" src=\"https:\/\/ziaruldelta.ro\/wp-content\/uploads\/2026\/07\/744490769_122220157460330902_7832056619803051225_n-610x343.jpg\" alt width=\"610\" height=\"343\">\u00cen cadrul sesiunii plenare au avut loc reuniunile Re\u021belei femeilor parlamentare membre ale APF \u0219i ale celor patru comisii permanente ale Adun\u0103rii, precum \u0219i lucr\u0103rile Adun\u0103rii plenare, discu\u021biile fiind axate pe marile provoc\u0103ri politice, democratice, economice, sociale, culturale \u0219i de mediu cu care se confrunt\u0103 spa\u021biul francofon.<\/p>\n<blockquote>\n<p><img decoding=\"async\" loading=\"lazy\" class=\"size-medium wp-image-37457 aligncenter\" src=\"https:\/\/ziaruldelta.ro\/wp-content\/uploads\/2026\/07\/743203736_122220157514330902_4305725926206026378_n-610x458.jpg\" alt width=\"610\" height=\"458\">,,Am participat, \u00een calitate de membru al Re\u021belei parlamentare a femeilor francofone, la o reuniune \u00een cadrul c\u0103reia am dezb\u0103tut, printre altele, agenda \u201eFemeile, Pacea \u0219i Securitatea\u201d, discut\u00e2nd despre modul \u00een care putem cre\u0219te num\u0103rul femeilor \u00een func\u021bii de conducere, cum putem ajunge la paritatea de 50\/50 \u00een politic\u0103 \u0219i ce putem face, \u00een mod concret, \u00eempotriva sexismului \u0219i a misoginiei. Participarea femeilor la procesul decizional nu este, \u00een opinia mea, doar o chestiune de reprezentare, ci o condi\u021bie esen\u021bial\u0103 pentru dezvoltarea unor politici publice echilibrate, incluzive \u0219i orientate c\u0103tre nevoile reale ale cet\u0103\u021benilor. Schimbul de experien\u021b\u0103 \u0219i de bune practici dintre parlamente contribuie la identificarea unor solu\u021bii eficiente pentru promovarea egalit\u0103\u021bii de \u0219anse \u0219i pentru consolidarea democra\u021biei\u201d, a mai transmis Elena Dobo\u0219.<\/p>\n<\/blockquote>\n<p><img decoding=\"async\" loading=\"lazy\" class=\"size-medium wp-image-37458 aligncenter\" src=\"https:\/\/ziaruldelta.ro\/wp-content\/uploads\/2026\/07\/742406021_122220157526330902_4480683940203787155_n-610x282.jpg\" alt width=\"610\" height=\"282\">La finalul reuniunii a fost semnat un acord-cadru cu reprezentanta special\u0103 a secretarului general al Organiza\u021biei Na\u021biunilor Unite pentru violen\u021ba sexual\u0103 \u00een conflicte, Pramila Patten.<\/p>\n<blockquote>\n<p>,,A fost o onoare s\u0103 reprezint Parlamentul Rom\u00e2niei \u00een cadrul acestei reuniuni \u0219i s\u0103 contribui la dialogul francofon privind promovarea drepturilor femeilor, participarea lor activ\u0103 la via\u021ba public\u0103 \u0219i construirea unor societ\u0103\u021bi mai echitabile \u0219i mai sigure\u201d, precizeaz\u0103 deputatul de Tulcea.<\/p>\n<\/blockquote>\n<p>Timp de patru zile, Elena Dobo\u0219 a luat parte, de asemenea, la reuniunea Comisiei APF pentru educa\u021bie, cultur\u0103 \u0219i comunicare, \u00een cadrul c\u0103reia au fost abordate mai multe subiecte de actualitate, \u00een special situa\u021bia la nivel global a profesorilor de limba francez\u0103, educa\u021bia pentru media, combaterea dezinform\u0103rii, \u00eenv\u0103\u021b\u0103m\u00e2ntul \u00een era digital\u0103, precum \u0219i descoperirea con\u021binuturilor francofone \u0219i locale.<br \/>\nRom\u00e2nia este membru asociat al APF \u00eenc\u0103 din anul 1993, iar \u00eencep\u00e2nd cu data de 11 iulie 2016 a devenit membru cu drepturi depline, num\u0103r\u00e2ndu-se astfel printre statele \u00een care limba francez\u0103 este limb\u0103 oficial\u0103, se folose\u0219te \u00een administra\u021bie sau este vorbit\u0103 \u00een mod curent.<\/p>\n<\/div>\n<\/div>\n<div class=\"post-footer\">\n<div class=\"social-icons ed-social-share-icons\">\n<p class=\"share-title\">Share:<\/p>\n<\/div>\n<div class=\"rating-stars\">\n<p id=\"rate-title\" class=\"rate-title\">Rate:<\/p>\n<\/div>\n<\/div>\n<\/article>\n<div class=\"post-content entry-content\">\n<p>Elena Dobo\u0219, deputat AUR de Tulcea, a reprezentat Parlamentul Rom\u00e2niei la cea de-a 51-a Sesiune Plenar\u0103 a Adun\u0103rii Parlamentare a Francofoniei (APF), desf\u0103\u0219urat\u0103 la Yaound\u00e9, capitala Republicii Camerun. Parlamentarul a participat la reuniune \u00een calitate de membru al Comisiei pentru educa\u021bie, cultur\u0103 \u0219i comunicare \u0219i al Re\u021belei femeilor parlamentare a APF, al\u0103turi de deputatul Zakarias Zolt\u00e1n \u0219i de Sorin-Mihai C\u00eempeanu, pre\u0219edintele delega\u021biei \u0219i membru al Comisiei politice a APF.<\/p>\n<blockquote>\n<p><img loading=\"lazy\" decoding=\"async\" class=\"size-medium wp-image-37455 aligncenter\" src=\"https:\/\/ziaruldelta.ro\/wp-content\/uploads\/2026\/07\/743933799_122220157454330902_1484737592351325120_n-1-610x458.jpg\" alt width=\"610\" height=\"458\">,,Am avut onoarea \u0219i bucuria de a reprezenta cu m\u00e2ndrie \u0219i entuziasm Parlamentul Rom\u00e2niei la cea de-a 51-a Sesiune Plenar\u0103 a Adun\u0103rii Parlamentare a Francofoniei (APF), care de aceast\u0103 dat\u0103 a avut ca gazd\u0103 ora\u0219ul Yaound\u00e9, capitala Republicii Camerun. Adunarea Parlamentar\u0103 a Francofoniei reprezint\u0103 leg\u0103tura democratic\u0103 dintre guvernele \u0219i popoarele francofone. APF se constituie \u00eentr-un forum de dezbateri \u0219i de schimb de informa\u021bii, care ac\u021bioneaz\u0103 pentru promovarea p\u0103cii, a democra\u021biei \u0219i a drepturilor omului, sprijin\u0103 educa\u021bia, \u0219tiin\u021ba, cercetarea \u0219i dezvoltarea durabil\u0103, precum \u0219i \u00eent\u0103rirea solidarit\u0103\u021bii pe care folosirea limbii franceze o stabile\u0219te \u00eentre membrii s\u0103i, contribuind, astfel, la instaurarea unui veritabil dialog \u00eentre culturi \u0219i civiliza\u021bii.<br \/>\nLeg\u0103tura poporului rom\u00e2n cu limba \u0219i cultura francez\u0103 nu este una \u00eent\u00e2mpl\u0103toare, ci una ad\u00e2nc \u00eenr\u0103d\u0103cinat\u0103 \u00een \u00eens\u0103\u0219i istoria noastr\u0103. Rom\u00e2nia este o \u021bar\u0103 francofon\u0103 \u00eenc\u0103 de la constituirea sa ca stat modern: de la Unirea Principatelor, la recunoa\u0219terea independen\u021bei \u0219i p\u00e2n\u0103 la Marea Unire, rela\u021biile str\u00e2nse dintre \u021a\u0103rile Rom\u00e2ne \u0219i Fran\u021ba au marcat destinul nostru na\u021bional. Genera\u021bii \u00eentregi de intelectuali rom\u00e2ni s-au format \u00een cultura francez\u0103, iar occidentalizarea social\u0103 \u0219i institu\u021bional\u0103 a poporului rom\u00e2n a avut ca model cultura \u0219i societatea francez\u0103\u201d, a declarat deputatul AUR de Tulcea, Elena Dobo\u0219.<\/p>\n<\/blockquote>\n<p><img decoding=\"async\" loading=\"lazy\" class=\"size-medium wp-image-37456 aligncenter\" src=\"https:\/\/ziaruldelta.ro\/wp-content\/uploads\/2026\/07\/744490769_122220157460330902_7832056619803051225_n-610x343.jpg\" alt width=\"610\" height=\"343\">\u00cen cadrul sesiunii plenare au avut loc reuniunile Re\u021belei femeilor parlamentare membre ale APF \u0219i ale celor patru comisii permanente ale Adun\u0103rii, precum \u0219i lucr\u0103rile Adun\u0103rii plenare, discu\u021biile fiind axate pe marile provoc\u0103ri politice, democratice, economice, sociale, culturale \u0219i de mediu cu care se confrunt\u0103 spa\u021biul francofon.<\/p>\n<blockquote>\n<p><img decoding=\"async\" loading=\"lazy\" class=\"size-medium wp-image-37457 aligncenter\" src=\"https:\/\/ziaruldelta.ro\/wp-content\/uploads\/2026\/07\/743203736_122220157514330902_4305725926206026378_n-610x458.jpg\" alt width=\"610\" height=\"458\">,,Am participat, \u00een calitate de membru al Re\u021belei parlamentare a femeilor francofone, la o reuniune \u00een cadrul c\u0103reia am dezb\u0103tut, printre altele, agenda \u201eFemeile, Pacea \u0219i Securitatea\u201d, discut\u00e2nd despre modul \u00een care putem cre\u0219te num\u0103rul femeilor \u00een func\u021bii de conducere, cum putem ajunge la paritatea de 50\/50 \u00een politic\u0103 \u0219i ce putem face, \u00een mod concret, \u00eempotriva sexismului \u0219i a misoginiei. Participarea femeilor la procesul decizional nu este, \u00een opinia mea, doar o chestiune de reprezentare, ci o condi\u021bie esen\u021bial\u0103 pentru dezvoltarea unor politici publice echilibrate, incluzive \u0219i orientate c\u0103tre nevoile reale ale cet\u0103\u021benilor. Schimbul de experien\u021b\u0103 \u0219i de bune practici dintre parlamente contribuie la identificarea unor solu\u021bii eficiente pentru promovarea egalit\u0103\u021bii de \u0219anse \u0219i pentru consolidarea democra\u021biei\u201d, a mai transmis Elena Dobo\u0219.<\/p>\n<\/blockquote>\n<p><img decoding=\"async\" loading=\"lazy\" class=\"size-medium wp-image-37458 aligncenter\" src=\"https:\/\/ziaruldelta.ro\/wp-content\/uploads\/2026\/07\/742406021_122220157526330902_4480683940203787155_n-610x282.jpg\" alt width=\"610\" height=\"282\">La finalul reuniunii a fost semnat un acord-cadru cu reprezentanta special\u0103 a secretarului general al Organiza\u021biei Na\u021biunilor Unite pentru violen\u021ba sexual\u0103 \u00een conflicte, Pramila Patten.<\/p>\n<blockquote>\n<p>,,A fost o onoare s\u0103 reprezint Parlamentul Rom\u00e2niei \u00een cadrul acestei reuniuni \u0219i s\u0103 contribui la dialogul francofon privind promovarea drepturilor femeilor, participarea lor activ\u0103 la via\u021ba public\u0103 \u0219i construirea unor societ\u0103\u021bi mai echitabile \u0219i mai sigure\u201d, precizeaz\u0103 deputatul de Tulcea.<\/p>\n<\/blockquote>\n<p>Timp de patru zile, Elena Dobo\u0219 a luat parte, de asemenea, la reuniunea Comisiei APF pentru educa\u021bie, cultur\u0103 \u0219i comunicare, \u00een cadrul c\u0103reia au fost abordate mai multe subiecte de actualitate, \u00een special situa\u021bia la nivel global a profesorilor de limba francez\u0103, educa\u021bia pentru media, combaterea dezinform\u0103rii, \u00eenv\u0103\u021b\u0103m\u00e2ntul \u00een era digital\u0103, precum \u0219i descoperirea con\u021binuturilor francofone \u0219i locale.<br \/>\nRom\u00e2nia este membru asociat al APF \u00eenc\u0103 din anul 1993, iar \u00eencep\u00e2nd cu data de 11 iulie 2016 a devenit membru cu drepturi depline, num\u0103r\u00e2ndu-se astfel printre statele \u00een care limba francez\u0103 este limb\u0103 oficial\u0103, se folose\u0219te \u00een administra\u021bie sau este vorbit\u0103 \u00een mod curent.<\/p>\n<\/div>\n<div class=\"post-content entry-content\">\n<p>Elena Dobo\u0219, deputat AUR de Tulcea, a reprezentat Parlamentul Rom\u00e2niei la cea de-a 51-a Sesiune Plenar\u0103 a Adun\u0103rii Parlamentare a Francofoniei (APF), desf\u0103\u0219urat\u0103 la Yaound\u00e9, capitala Republicii Camerun. Parlamentarul a participat la reuniune \u00een calitate de membru al Comisiei pentru educa\u021bie, cultur\u0103 \u0219i comunicare \u0219i al Re\u021belei femeilor parlamentare a APF, al\u0103turi de deputatul Zakarias Zolt\u00e1n \u0219i de Sorin-Mihai C\u00eempeanu, pre\u0219edintele delega\u021biei \u0219i membru al Comisiei politice a APF.<\/p>\n<blockquote>\n<p><img loading=\"lazy\" decoding=\"async\" class=\"size-medium wp-image-37455 aligncenter\" src=\"https:\/\/ziaruldelta.ro\/wp-content\/uploads\/2026\/07\/743933799_122220157454330902_1484737592351325120_n-1-610x458.jpg\" alt width=\"610\" height=\"458\">,,Am avut onoarea \u0219i bucuria de a reprezenta cu m\u00e2ndrie \u0219i entuziasm Parlamentul Rom\u00e2niei la cea de-a 51-a Sesiune Plenar\u0103 a Adun\u0103rii Parlamentare a Francofoniei (APF), care de aceast\u0103 dat\u0103 a avut ca gazd\u0103 ora\u0219ul Yaound\u00e9, capitala Republicii Camerun. Adunarea Parlamentar\u0103 a Francofoniei reprezint\u0103 leg\u0103tura democratic\u0103 dintre guvernele \u0219i popoarele francofone. APF se constituie \u00eentr-un forum de dezbateri \u0219i de schimb de informa\u021bii, care ac\u021bioneaz\u0103 pentru promovarea p\u0103cii, a democra\u021biei \u0219i a drepturilor omului, sprijin\u0103 educa\u021bia, \u0219tiin\u021ba, cercetarea \u0219i dezvoltarea durabil\u0103, precum \u0219i \u00eent\u0103rirea solidarit\u0103\u021bii pe care folosirea limbii franceze o stabile\u0219te \u00eentre membrii s\u0103i, contribuind, astfel, la instaurarea unui veritabil dialog \u00eentre culturi \u0219i civiliza\u021bii.<br \/>\nLeg\u0103tura poporului rom\u00e2n cu limba \u0219i cultura francez\u0103 nu este una \u00eent\u00e2mpl\u0103toare, ci una ad\u00e2nc \u00eenr\u0103d\u0103cinat\u0103 \u00een \u00eens\u0103\u0219i istoria noastr\u0103. Rom\u00e2nia este o \u021bar\u0103 francofon\u0103 \u00eenc\u0103 de la constituirea sa ca stat modern: de la Unirea Principatelor, la recunoa\u0219terea independen\u021bei \u0219i p\u00e2n\u0103 la Marea Unire, rela\u021biile str\u00e2nse dintre \u021a\u0103rile Rom\u00e2ne \u0219i Fran\u021ba au marcat destinul nostru na\u021bional. Genera\u021bii \u00eentregi de intelectuali rom\u00e2ni s-au format \u00een cultura francez\u0103, iar occidentalizarea social\u0103 \u0219i institu\u021bional\u0103 a poporului rom\u00e2n a avut ca model cultura \u0219i societatea francez\u0103\u201d, a declarat deputatul AUR de Tulcea, Elena Dobo\u0219.<\/p>\n<\/blockquote>\n<p><img decoding=\"async\" loading=\"lazy\" class=\"size-medium wp-image-37456 aligncenter\" src=\"https:\/\/ziaruldelta.ro\/wp-content\/uploads\/2026\/07\/744490769_122220157460330902_7832056619803051225_n-610x343.jpg\" alt width=\"610\" height=\"343\">\u00cen cadrul sesiunii plenare au avut loc reuniunile Re\u021belei femeilor parlamentare membre ale APF \u0219i ale celor patru comisii permanente ale Adun\u0103rii, precum \u0219i lucr\u0103rile Adun\u0103rii plenare, discu\u021biile fiind axate pe marile provoc\u0103ri politice, democratice, economice, sociale, culturale \u0219i de mediu cu care se confrunt\u0103 spa\u021biul francofon.<\/p>\n<blockquote>\n<p><img decoding=\"async\" loading=\"lazy\" class=\"size-medium wp-image-37457 aligncenter\" src=\"https:\/\/ziaruldelta.ro\/wp-content\/uploads\/2026\/07\/743203736_122220157514330902_4305725926206026378_n-610x458.jpg\" alt width=\"610\" height=\"458\">,,Am participat, \u00een calitate de membru al Re\u021belei parlamentare a femeilor francofone, la o reuniune \u00een cadrul c\u0103reia am dezb\u0103tut, printre altele, agenda \u201eFemeile, Pacea \u0219i Securitatea\u201d, discut\u00e2nd despre modul \u00een care putem cre\u0219te num\u0103rul femeilor \u00een func\u021bii de conducere, cum putem ajunge la paritatea de 50\/50 \u00een politic\u0103 \u0219i ce putem face, \u00een mod concret, \u00eempotriva sexismului \u0219i a misoginiei. Participarea femeilor la procesul decizional nu este, \u00een opinia mea, doar o chestiune de reprezentare, ci o condi\u021bie esen\u021bial\u0103 pentru dezvoltarea unor politici publice echilibrate, incluzive \u0219i orientate c\u0103tre nevoile reale ale cet\u0103\u021benilor. Schimbul de experien\u021b\u0103 \u0219i de bune practici dintre parlamente contribuie la identificarea unor solu\u021bii eficiente pentru promovarea egalit\u0103\u021bii de \u0219anse \u0219i pentru consolidarea democra\u021biei\u201d, a mai transmis Elena Dobo\u0219.<\/p>\n<\/blockquote>\n<p><img decoding=\"async\" loading=\"lazy\" class=\"size-medium wp-image-37458 aligncenter\" src=\"https:\/\/ziaruldelta.ro\/wp-content\/uploads\/2026\/07\/742406021_122220157526330902_4480683940203787155_n-610x282.jpg\" alt width=\"610\" height=\"282\">La finalul reuniunii a fost semnat un acord-cadru cu reprezentanta special\u0103 a secretarului general al Organiza\u021biei Na\u021biunilor Unite pentru violen\u021ba sexual\u0103 \u00een conflicte, Pramila Patten.<\/p>\n<blockquote>\n<p>,,A fost o onoare s\u0103 reprezint Parlamentul Rom\u00e2niei \u00een cadrul acestei reuniuni \u0219i s\u0103 contribui la dialogul francofon privind promovarea drepturilor femeilor, participarea lor activ\u0103 la via\u021ba public\u0103 \u0219i construirea unor societ\u0103\u021bi mai echitabile \u0219i mai sigure\u201d, precizeaz\u0103 deputatul de Tulcea.<\/p>\n<\/blockquote>\n<p>Timp de patru zile, Elena Dobo\u0219 a luat parte, de asemenea, la reuniunea Comisiei APF pentru educa\u021bie, cultur\u0103 \u0219i comunicare, \u00een cadrul c\u0103reia au fost abordate mai multe subiecte de actualitate, \u00een special situa\u021bia la nivel global a profesorilor de limba francez\u0103, educa\u021bia pentru media, combaterea dezinform\u0103rii, \u00eenv\u0103\u021b\u0103m\u00e2ntul \u00een era digital\u0103, precum \u0219i descoperirea con\u021binuturilor francofone \u0219i locale.<br \/>\nRom\u00e2nia este membru asociat al APF \u00eenc\u0103 din anul 1993, iar \u00eencep\u00e2nd cu data de 11 iulie 2016 a devenit membru cu drepturi depline, num\u0103r\u00e2ndu-se astfel printre statele \u00een care limba francez\u0103 este limb\u0103 oficial\u0103, se folose\u0219te \u00een administra\u021bie sau este vorbit\u0103 \u00een mod curent.<\/p>\n<\/div>\n<p>[analyse_source url=&#8221;https:\/\/ziaruldelta.ro\/2026\/07\/14\/deputatul-elena-dobos-a-reprezentat-parlamentul-romaniei-la-cea-de-a-51-a-sesiune-plenara-a-adunarii-parlamentare-a-francofoniei-la-yaounde\/&#8221;]<\/p>\n","protected":false},"excerpt":{"rendered":"<p>[analyse_image type=&#8221;featured&#8221; src=&#8221;https:\/\/ziaruldelta.ro\/wp-content\/uploads\/2026\/07\/743186013_122220157502330902_2087514268522923503_n-copy-Cropped.jpg&#8221;] Deputatul Elena Dobo\u0219 a reprezentat Parlamentul Rom\u00e2niei la cea de-a 51-a Sesiune Plenar\u0103 a Adun\u0103rii Parlamentare a Francofoniei, la Yaound\u00e9 Posted by Nicoleta URMUZ | Jul 14, 2026 | Politica &#8211; Administratie | Elena Dobo\u0219, deputat AUR de Tulcea, a reprezentat Parlamentul Rom\u00e2niei la cea de-a 51-a Sesiune Plenar\u0103 a Adun\u0103rii Parlamentare [&hellip;]<\/p>\n","protected":false},"author":1,"featured_media":0,"comment_status":"open","ping_status":"","sticky":false,"template":"","format":"standard","meta":{"footnotes":""},"categories":[89],"tags":[226,206],"class_list":["post-2043160","post","type-post","status-publish","format-standard","hentry","category-romania","tag-crawlmanager","tag-ziaruldelta-ro"],"_links":{"self":[{"href":"https:\/\/analyse.optim.biz\/index.php?rest_route=\/wp\/v2\/posts\/2043160","targetHints":{"allow":["GET"]}}],"collection":[{"href":"https:\/\/analyse.optim.biz\/index.php?rest_route=\/wp\/v2\/posts"}],"about":[{"href":"https:\/\/analyse.optim.biz\/index.php?rest_route=\/wp\/v2\/types\/post"}],"author":[{"embeddable":true,"href":"https:\/\/analyse.optim.biz\/index.php?rest_route=\/wp\/v2\/users\/1"}],"replies":[{"embeddable":true,"href":"https:\/\/analyse.optim.biz\/index.php?rest_route=%2Fwp%2Fv2%2Fcomments&post=2043160"}],"version-history":[{"count":0,"href":"https:\/\/analyse.optim.biz\/index.php?rest_route=\/wp\/v2\/posts\/2043160\/revisions"}],"wp:attachment":[{"href":"https:\/\/analyse.optim.biz\/index.php?rest_route=%2Fwp%2Fv2%2Fmedia&parent=2043160"}],"wp:term":[{"taxonomy":"category","embeddable":true,"href":"https:\/\/analyse.optim.biz\/index.php?rest_route=%2Fwp%2Fv2%2Fcategories&post=2043160"},{"taxonomy":"post_tag","embeddable":true,"href":"https:\/\/analyse.optim.biz\/index.php?rest_route=%2Fwp%2Fv2%2Ftags&post=2043160"}],"curies":[{"name":"wp","href":"https:\/\/api.w.org\/{rel}","templated":true}]}}