{"id":2043120,"date":"2026-07-13T09:26:12","date_gmt":"2026-07-13T06:26:12","guid":{"rendered":"https:\/\/analyse.optim.biz\/?p=2043120"},"modified":"2026-07-13T09:26:12","modified_gmt":"2026-07-13T06:26:12","slug":"a-murit-viorel-oancea-fostul-primar-al-timisoarei","status":"publish","type":"post","link":"https:\/\/analyse.optim.biz\/?p=2043120","title":{"rendered":"A murit Viorel Oancea, fostul primar al Timi\u0219oarei"},"content":{"rendered":"<p>[analyse_image type=&#8221;featured&#8221; src=&#8221;https:\/\/www.opiniatimisoarei.ro\/wp-content\/uploads\/2026\/07\/viorel-oancea-2-728&#215;336.jpghttps:\/\/www.opiniatimisoarei.ro\/wp-content\/uploads\/2026\/07\/viorel-oancea-2.jpg&#8221;]<\/p>\n<div class=\"the_content\">\n<p><strong>TIMI\u0218OARA<\/strong>. Fostul primar al Timi\u0219oarei, Viorel Oancea a \u00eencetat din via\u021b\u0103.<\/p>\n<p>A fost primul edil ales prin vot de dup\u0103 1989.<\/p>\n<p>El s-a n\u0103scut \u00een 8 decembrie 1944, la Bra\u0219ov, iar \u00eentre 1992 \u0219i 1996 a ocupat func\u021bia de primar al Timi\u0219oarei.<\/p>\n<p>Viorel Oancea a fost militar cu gradul de General Major, avansat prin decret prezidential \u00een 2010 (retr.), \u00een cadrul Armatei Rom\u00e2ne \u0219i om politic.<\/p>\n<p>Timi\u0219oara \u00eei p\u0103streaz\u0103 recuno\u0219tin\u021b\u0103 pentru curajul din Decembrie 1989 \u0219i pentru serviciul adus ora\u0219ului \u00een primii ani ai democra\u021biei.<\/p>\n<p>Viorel Oancea a fost membru PCR \u00een perioada 1979 \u2013 1989. A intrat \u00een politic\u0103, fiind fondator al filialei locale a Partidului Alian\u021ba Civic\u0103. \u00cen 1992 a fost ales primar al Timi\u0219oarei, dup\u0103 ce a candidat din partea acestei forma\u021biuni politice. \u00cen 1996 a candidat din nou pentru postul de primar, dar Gheorghe Ciuhandu a castigat alegerile.<\/p>\n<p>Trecut la Partidul Na\u021bional Liberal, odat\u0103 cu fuziunea acestuia cu PAC, a fost ales \u00een 2004 deputat \u00een Parlamentul Rom\u00e2niei. A fost unul din sus\u021bin\u0103torii legii Lustra\u021biei.<\/p>\n<p>\u00cen perioada 26 ianuarie 2009 \u2013 3 mai 2025, Viorel Oancea a de\u021binut func\u021bia de secretar de stat \u00een cadrul Ministerului Ap\u0103r\u0103rii Na\u021bionale.<\/p>\n<p>\u00cen ultimii ani Oancea se retr\u0103sese din activitatea politic\u0103 \u0219i din via\u021ba public\u0103.<\/p>\n<p>***<\/p>\n<p><strong><span class=\"dia_suggestion w0\">Mai<\/span><span class=\"dia_suggestion w1\">multe<\/span><span class=\"dia_suggestion w2\">g\u0103si\u021bi<\/span> pe <span class=\"dia_suggestion w4\">pagina noastr<span class=\"dia_suggestion w0\">\u0103<\/span><\/span>\u00a0de <a href=\"https:\/\/www.facebook.com\/OpiniaTM\/?ref=page_internal\" target=\"_blank\" rel=\"noopener\">Facebook opiniatimisoarei.ro<\/a>!<\/strong><\/p>\n<p><strong><span class=\"dia_suggestion w0\">Dac\u0103<\/span><span class=\"dia_suggestion w1\">a\u021bi<\/span> fost martorii unui eveniment <span class=\"dia_suggestion w6\">sau<\/span><span class=\"dia_suggestion w7\">ai<\/span> unei <span class=\"dia_suggestion w9\">situa\u021bii<\/span><span class=\"dia_suggestion w10\">neobi\u0219nuite<\/span><span class=\"dia_suggestion w11\">care<\/span> ar <span class=\"dia_suggestion w13\">putea<\/span> deveni subiect de <span class=\"dia_suggestion w17\">\u0219tire<\/span>, <span class=\"dia_suggestion w18\">contacta\u021bi<\/span>-ne <span class=\"dia_suggestion w20\">la<\/span><span><a href=\"https:\/\/www.opiniatimisoarei.ro\/cdn-cgi\/l\/email-protection\" class=\"__cf_email__\" data-cfemail=\"1e6c7b7a7f7d6a777b5e716e7770777f6a7773776d717f6c7b77306c71\">[email\u00a0protected]<\/a>,<\/span>\u00a0 pe <a href=\"https:\/\/www.facebook.com\/OpiniaTM\">FB<\/a><span>sau pe contul nostru de<\/span><a href=\"https:\/\/www.instagram.com\/opiniatimisoarei.ro\/\" target=\"_blank\" rel=\"noopener\">Instagram<\/a>!<\/strong><\/p>\n<p><strong><span>CITE\u0218TE \u0218I<\/span>: <a href=\"https:\/\/www.opiniatimisoarei.ro\/afli-primul-tot-ceea-ce-se-intampla-cu-adevarat-important-in-timisoara-si-in-regiune-cu-aplicatia-de-stiri-opinia-timisoarei-3-tipuri-de-alerte-te-tin-mereu-conectat-la-evenimente-descarca-gratuit-a\/31\/10\/2022\">Afli primul tot ceea ce se intampla cu adevarat important in Timisoara si in regiune cu Aplicatia de stiri Opinia Timisoarei. 3 tipuri de alerte te tin mereu conectat la evenimente. Descarca gratuit Aplicatia OT aici!<\/a><\/strong><\/p>\n<\/div>\n<p>[analyse_source url=&#8221;https:\/\/www.opiniatimisoarei.ro\/a-murit-viorel-oancea-fostul-primar-al-timisoarei\/13\/07\/2026&#8243;]<\/p>\n","protected":false},"excerpt":{"rendered":"<p>[analyse_image type=&#8221;featured&#8221; src=&#8221;https:\/\/www.opiniatimisoarei.ro\/wp-content\/uploads\/2026\/07\/viorel-oancea-2-728&#215;336.jpghttps:\/\/www.opiniatimisoarei.ro\/wp-content\/uploads\/2026\/07\/viorel-oancea-2.jpg&#8221;] TIMI\u0218OARA. Fostul primar al Timi\u0219oarei, Viorel Oancea a \u00eencetat din via\u021b\u0103. A fost primul edil ales prin vot de dup\u0103 1989. El s-a n\u0103scut \u00een 8 decembrie 1944, la Bra\u0219ov, iar \u00eentre 1992 \u0219i 1996 a ocupat func\u021bia de primar al Timi\u0219oarei. Viorel Oancea a fost militar cu gradul de General Major, [&hellip;]<\/p>\n","protected":false},"author":1,"featured_media":0,"comment_status":"open","ping_status":"","sticky":false,"template":"","format":"standard","meta":{"footnotes":""},"categories":[89],"tags":[226,190],"class_list":["post-2043120","post","type-post","status-publish","format-standard","hentry","category-romania","tag-crawlmanager","tag-opiniatimisoarei-ro"],"_links":{"self":[{"href":"https:\/\/analyse.optim.biz\/index.php?rest_route=\/wp\/v2\/posts\/2043120","targetHints":{"allow":["GET"]}}],"collection":[{"href":"https:\/\/analyse.optim.biz\/index.php?rest_route=\/wp\/v2\/posts"}],"about":[{"href":"https:\/\/analyse.optim.biz\/index.php?rest_route=\/wp\/v2\/types\/post"}],"author":[{"embeddable":true,"href":"https:\/\/analyse.optim.biz\/index.php?rest_route=\/wp\/v2\/users\/1"}],"replies":[{"embeddable":true,"href":"https:\/\/analyse.optim.biz\/index.php?rest_route=%2Fwp%2Fv2%2Fcomments&post=2043120"}],"version-history":[{"count":0,"href":"https:\/\/analyse.optim.biz\/index.php?rest_route=\/wp\/v2\/posts\/2043120\/revisions"}],"wp:attachment":[{"href":"https:\/\/analyse.optim.biz\/index.php?rest_route=%2Fwp%2Fv2%2Fmedia&parent=2043120"}],"wp:term":[{"taxonomy":"category","embeddable":true,"href":"https:\/\/analyse.optim.biz\/index.php?rest_route=%2Fwp%2Fv2%2Fcategories&post=2043120"},{"taxonomy":"post_tag","embeddable":true,"href":"https:\/\/analyse.optim.biz\/index.php?rest_route=%2Fwp%2Fv2%2Ftags&post=2043120"}],"curies":[{"name":"wp","href":"https:\/\/api.w.org\/{rel}","templated":true}]}}