{"id":2043111,"date":"2026-07-10T05:36:50","date_gmt":"2026-07-10T02:36:50","guid":{"rendered":"https:\/\/analyse.optim.biz\/?p=2043111"},"modified":"2026-07-10T05:36:50","modified_gmt":"2026-07-10T02:36:50","slug":"parfum-de-epoca-si-eleganta-de-odinioara-la-retroparada-verii-bijuterii-pe-patru-roti-pot-fi-admirate-nu-departe-de-timisoara","status":"publish","type":"post","link":"https:\/\/analyse.optim.biz\/?p=2043111","title":{"rendered":"Parfum de epoc\u0103 \u0219i elegan\u021b\u0103 de odinioar\u0103, la Retroparada Verii. Bijuterii pe patru ro\u021bi pot fi admirate nu departe de Timi\u0219oara"},"content":{"rendered":"<p>[analyse_image type=&#8221;featured&#8221; src=&#8221;https:\/\/www.opiniatimisoarei.ro\/wp-content\/uploads\/2023\/08\/colaj-parada-masini-728&#215;336.jpghttps:\/\/www.opiniatimisoarei.ro\/wp-content\/uploads\/2023\/08\/colaj-parada-masini.jpg&#8221;]<\/p>\n<div class=\"the_content\">\n<p><strong>TIMIS.<\/strong> B\u0103tr\u00e2ne doamne de poveste vor face din nou senza\u021bie, dar nu la Timisoara. Rafinate, elegante \u0219i cu parfum de epoca, bijuteriile pe patru ro\u021bi vor fi admirate de pasiona\u021bii de autoturisme \u00eentr-un ora\u0219 din jude\u021b.<\/p>\n<p><strong><span>CITE\u0218TE \u0218I:<\/span><a href=\"https:\/\/www.opiniatimisoarei.ro\/nu-vrem-pacanele-in-freidorf-locuitorii-protesteaza-fata-de-decizia-lui-dominic-fritz-de-a-muta-jocurile-de-noroc-in-cartierul-lor-primaria-timisoara-insa-merge-mai-departe-si-a-facut-deja-un-regu\/09\/07\/2026\">Nu vrem p\u0103c\u0103nele \u00een Freidorf! Locuitorii protesteaz\u0103 fa\u021b\u0103 de decizia lui Dominic Fritz de a muta jocurile de noroc \u00een cartierul lor, Prim\u0103ria Timi\u0219oara, \u00eens\u0103, merge mai departe \u0219i a f\u0103cut deja un regulament de func\u021bionare<\/a><\/strong><\/p>\n<p>A\u0219a cum s-a \u00eent\u00e2mplat \u0219i \u00een anii trecu\u021bi, Retroparada Verii va avea loc \u00eentr-o alt\u0103 loca\u021bie dec\u00e2t Timi\u0219oara.<\/p>\n<p>De aceast\u0103 dat\u0103 ma\u0219inile de epoc\u0103 vor fi expuse la Jimbolia, <span class=\"dia_suggestion w0\">s\u00e2mb\u0103t\u0103<\/span>, \u00een 11 iulie, cu \u00eencepere de la ora 10.00.<\/p>\n<blockquote>\n<p>\u201c<strong>Anul acesta, c\u0103ldura verii ne va g\u0103si \u00een centrul ora\u0219ului Jimbolia, chiar \u00een fa\u021ba prim\u0103riei \u0219i \u00een pia\u021betele adiacente, \u00eentr-o atmosfer\u0103 vibrant\u0103 \u0219i plin\u0103 de nostalgie. Chiar dac\u0103 temperaturile cresc, pasiunea pentru vehiculele istorice r\u0103m\u00e2ne la cote maxime! <\/strong><\/p>\n<p><strong>Te a\u0219teapt\u0103 o expozi\u021bie deosebit\u0103, cu bijuterii pe ro\u021bi \u00eentre\u021binute impecabil \u0219i colec\u021bionari entuzia\u0219ti, gata s\u0103-\u021bi \u00eemp\u0103rt\u0103\u0219easc\u0103 pove\u0219ti fascinante din trecutul automobilismului.Veniti al\u0103turi de familie \u0219i prieteni s\u0103 admiri farmecul detaliilor de alt\u0103dat\u0103 \u0219i s\u0103 vezi cum ar\u0103ta transportul de odinioar\u0103!<\/strong>\u201c, au transmis organizatorii.<\/p>\n<\/blockquote>\n<p>V\u0103 reamintim, \u00een ultimii ani, Retroparada Verii a avut loc \u00een F\u0103get, Lugoj sau Buzia\u0219.<\/p>\n<p>***<\/p>\n<p><strong><span class=\"dia_suggestion w0\">Mai<\/span>\u00a0<span class=\"dia_suggestion w1\">multe<\/span>\u00a0<span class=\"dia_suggestion w2\">g\u0103si\u021bi<\/span>\u00a0pe\u00a0<span class=\"dia_suggestion w4\">pagina noastr<span class=\"dia_suggestion w0\">\u0103<\/span><\/span>\u00a0de\u00a0<a href=\"https:\/\/www.facebook.com\/OpiniaTM\/?ref=page_internal\" target=\"_blank\" rel=\"noopener\">Facebook opiniatimisoarei.ro<\/a>!<\/strong><\/p>\n<p><strong><span class=\"dia_suggestion w0\">Dac\u0103<\/span>\u00a0<span class=\"dia_suggestion w1\">a\u021bi<\/span>\u00a0fost martorii unui eveniment\u00a0<span class=\"dia_suggestion w6\">sau<\/span>\u00a0<span class=\"dia_suggestion w7\">ai<\/span>\u00a0unei\u00a0<span class=\"dia_suggestion w9\">situa\u021bii<\/span>\u00a0<span class=\"dia_suggestion w10\">neobi\u0219nuite<\/span>\u00a0<span class=\"dia_suggestion w11\">care<\/span>\u00a0ar\u00a0<span class=\"dia_suggestion w13\">putea<\/span>\u00a0deveni subiect de\u00a0<span class=\"dia_suggestion w17\">\u0219tire<\/span>,\u00a0<span class=\"dia_suggestion w18\">contacta\u021bi<\/span>-ne\u00a0<span class=\"dia_suggestion w20\">la<\/span>\u00a0<a href=\"https:\/\/www.opiniatimisoarei.ro\/cdn-cgi\/l\/email-protection\" class=\"__cf_email__\" data-cfemail=\"6d1f08090c0e1904082d021d0403040c190400041e020c1f0804431f02\">[email\u00a0protected]<\/a>,\u00a0 pe\u00a0<a href=\"https:\/\/www.facebook.com\/OpiniaTM\">FB<\/a>\u00a0sau pe contul nostru de\u00a0<a href=\"https:\/\/www.instagram.com\/opiniatimisoarei.ro\/\" target=\"_blank\" rel=\"noopener\">Instagram<\/a>!<\/strong><\/p>\n<p><strong><span>CITESTE SI:<\/span>\u00a0<a href=\"https:\/\/www.opiniatimisoarei.ro\/afli-primul-tot-ceea-ce-se-intampla-cu-adevarat-important-in-timisoara-si-in-regiune-cu-aplicatia-de-stiri-opinia-timisoarei-3-tipuri-de-alerte-te-tin-mereu-conectat-la-evenimente-descarca-gratuit-a\/31\/10\/2022\">Afli primul tot ceea ce se intampla cu adevarat important in Timisoara si in regiune cu Aplicatia de stiri Opinia Timisoarei. 3 tipuri de alerte te tin mereu conectat la evenimente. Descarca gratuit Aplicatia OT aici!<\/a><\/strong><\/p>\n<\/div>\n<p>[analyse_source url=&#8221;https:\/\/www.opiniatimisoarei.ro\/parfum-de-epoca-si-eleganta-de-odinioara-la-retroparada-verii-bijuterii-pe-patru-roti-pot-fi-admirate-nu-departe-de-timisoara\/10\/07\/2026&#8243;]<\/p>\n","protected":false},"excerpt":{"rendered":"<p>[analyse_image type=&#8221;featured&#8221; src=&#8221;https:\/\/www.opiniatimisoarei.ro\/wp-content\/uploads\/2023\/08\/colaj-parada-masini-728&#215;336.jpghttps:\/\/www.opiniatimisoarei.ro\/wp-content\/uploads\/2023\/08\/colaj-parada-masini.jpg&#8221;] TIMIS. B\u0103tr\u00e2ne doamne de poveste vor face din nou senza\u021bie, dar nu la Timisoara. Rafinate, elegante \u0219i cu parfum de epoca, bijuteriile pe patru ro\u021bi vor fi admirate de pasiona\u021bii de autoturisme \u00eentr-un ora\u0219 din jude\u021b. CITE\u0218TE \u0218I:Nu vrem p\u0103c\u0103nele \u00een Freidorf! Locuitorii protesteaz\u0103 fa\u021b\u0103 de decizia lui Dominic Fritz de a [&hellip;]<\/p>\n","protected":false},"author":1,"featured_media":0,"comment_status":"open","ping_status":"","sticky":false,"template":"","format":"standard","meta":{"footnotes":""},"categories":[89],"tags":[226,190],"class_list":["post-2043111","post","type-post","status-publish","format-standard","hentry","category-romania","tag-crawlmanager","tag-opiniatimisoarei-ro"],"_links":{"self":[{"href":"https:\/\/analyse.optim.biz\/index.php?rest_route=\/wp\/v2\/posts\/2043111","targetHints":{"allow":["GET"]}}],"collection":[{"href":"https:\/\/analyse.optim.biz\/index.php?rest_route=\/wp\/v2\/posts"}],"about":[{"href":"https:\/\/analyse.optim.biz\/index.php?rest_route=\/wp\/v2\/types\/post"}],"author":[{"embeddable":true,"href":"https:\/\/analyse.optim.biz\/index.php?rest_route=\/wp\/v2\/users\/1"}],"replies":[{"embeddable":true,"href":"https:\/\/analyse.optim.biz\/index.php?rest_route=%2Fwp%2Fv2%2Fcomments&post=2043111"}],"version-history":[{"count":0,"href":"https:\/\/analyse.optim.biz\/index.php?rest_route=\/wp\/v2\/posts\/2043111\/revisions"}],"wp:attachment":[{"href":"https:\/\/analyse.optim.biz\/index.php?rest_route=%2Fwp%2Fv2%2Fmedia&parent=2043111"}],"wp:term":[{"taxonomy":"category","embeddable":true,"href":"https:\/\/analyse.optim.biz\/index.php?rest_route=%2Fwp%2Fv2%2Fcategories&post=2043111"},{"taxonomy":"post_tag","embeddable":true,"href":"https:\/\/analyse.optim.biz\/index.php?rest_route=%2Fwp%2Fv2%2Ftags&post=2043111"}],"curies":[{"name":"wp","href":"https:\/\/api.w.org\/{rel}","templated":true}]}}