{"id":2043106,"date":"2026-07-14T17:42:42","date_gmt":"2026-07-14T14:42:42","guid":{"rendered":"https:\/\/analyse.optim.biz\/?p=2043106"},"modified":"2026-07-14T17:42:42","modified_gmt":"2026-07-14T14:42:42","slug":"iulius-town-x-gala-absolventilor-mdvtm-2026-spectacol-pe-cat-walk-si-primul-pas-spre-cariera-pentru-noii-absolventi","status":"publish","type":"post","link":"https:\/\/analyse.optim.biz\/?p=2043106","title":{"rendered":"Iulius Town x Gala Absolven\u021bilor MDVTM 2026: spectacol pe cat walk \u0219i primul pas spre carier\u0103 pentru noii absolven\u021bi"},"content":{"rendered":"<p>[analyse_image type=&#8221;featured&#8221; src=&#8221;https:\/\/www.opiniatimisoarei.ro\/wp-content\/uploads\/2026\/07\/gala-absolventi-catwalk-moda-1-728&#215;336.jpghttps:\/\/www.opiniatimisoarei.ro\/wp-content\/uploads\/2026\/07\/gala-absolventi-catwalk-moda-1.jpg&#8221;]<\/p>\n<div class=\"the_content\">\n<p><strong>TIMISOARA.<\/strong><span lang=\"RO\"><b><i>De cinci ani, Iulius Town devine unul dintre cele mai importate cat walk-uri din cariera viitorilor creatori de mod\u0103, odat\u0103 cu Gala Absolven\u021bilor MDVTM 2026, organizat\u0103 de Facultatea de Arte \u0219i Design a Universit\u0103\u021bii de Vest din Timi\u0219oara. \u0218i \u00een acest an, absolven\u021bii programului de studiu Mod\u0103 \u2013 Design Vestimentar \u0219i-au prezentat colec\u021biile de licen\u021b\u0103 \u0219i master \u00een Iulius Gardens, unde au fost prezen\u021bi \u0219i Ovidiu Buta, Alina Aliman, Ovidiu Mure\u0219anu.<\/i><\/b><\/span><\/p>\n<p class=\"yiv2530017060MsoNormal\"><b><span lang=\"RO\">Iulius Gardens<\/span><\/b><span lang=\"RO\">\u00a0a redevenit, pentru o sear\u0103, podiumul pe care \u0219i-au f\u0103cut debutul \u00een fa\u021ba publicului zeci de tineri\u00a0<b>designeri<\/b>.\u00a0<b>Colec\u021biile<\/b>\u00a0au dep\u0103\u0219it dimensiunea estetic\u0103, explor\u00e2nd teme precum\u00a0<b>identitatea, memoria \u0219i transformarea<\/b>. Prin experimente de\u00a0<b>materialitate<\/b>,\u00a0<b>volume sculpturale, tehnici de upcycling\u00a0<\/b>\u0219i<b>\u00a0reinterpret\u0103ri contemporane ale tradi\u021biei<\/b>, absolven\u021bii au ar\u0103tat, prin crea\u021biile lor, c\u0103 moda este unul dintre cele mai expresive limbaje artistice.<\/span><\/p>\n<p><img loading=\"lazy\" decoding=\"async\" class=\"alignnone size-full wp-image-883036\" src=\"https:\/\/www.opiniatimisoarei.ro\/wp-content\/uploads\/2026\/07\/gala-absolventi-catwalk-moda-2.jpg\" alt=\"\" width=\"1080\" height=\"720\"><\/p>\n<p>\u00a0<\/p>\n<p class=\"yiv2530017060MsoNormal\"><span lang=\"RO\">Cele 20 de\u00a0<b>colec\u021bii<\/b>\u00a0ale studen\u021bilor, prezentate pe podium, au reflectat diversitatea \u0219i viziunea creativ\u0103 a noii genera\u021bii de designeri vestimentari. De la\u00a0<b>piese conceptuale<\/b>\u00a0\u0219i\u00a0<b>siluete sculpturale<\/b>, p\u00e2n\u0103 la\u00a0<b>reinterpret\u0103ri contemporane ale tradi\u021biei<\/b>\u00a0\u0219i crea\u021bii realizate prin diferite tehnici, fiecare colec\u021bie a adus pe scen\u0103 o poveste unic\u0103, pun\u00e2nd \u00een valoare\u00a0<b>originalitatea, expresivitatea \u0219i perspectivele actuale<\/b>\u00a0asupra modei.<\/span><\/p>\n<p class=\"yiv2530017060MsoNormal\"><span lang=\"RO\">Evenimentul a reunit personalit\u0103\u021bi \u0219i<b>\u00a0<\/b>reprezentan\u021bi din industria modei, mediul editorial \u0219i cultural, printre care Ovidiu Buta, stilist \u0219i curator Romanian Creative Week, Alina Aliman, redactor-\u0219ef\u00a0<i>A List Magazine<\/i>, Ovidiu Mure\u0219anu, fondator\u00a0<i>The Stories of O<\/i>, Cristina Anti, redactor-\u0219ef\u00a0<i>Fashion Premium Magazine<\/i>\u00a0\u0219i mul\u021bi al\u021bii.<\/span><\/p>\n<p class=\"yiv2530017060MsoNormal\"><b><span lang=\"RO\">Gala Absolven\u021bilor MDVTM<\/span><\/b><span lang=\"RO\">\u00a0reprezint\u0103 unul dintre cele mai importante momente din parcursul academic al studen\u021bilor, oferindu-le ocazia de a-\u0219i prezenta proiectele \u00een fa\u021ba publicului \u0219i de a face primii pa\u0219i c\u0103tre o carier\u0103 \u00een industria creativ\u0103.\u00a0<b>Gala<\/b>\u00a0a fost coordonat\u0103 de\u00a0<b>conf. univ. dr. Cristina Laz\u0103r \u0219i asist. univ. dr. Andreea Matei<\/b>, iar din echipa de organizare au f\u0103cut parte: conf. univ. dr. Andreea Palade, Lect. univ. dr. Eugenia Riemschneider, Asist. univ. drd. Mihaela Vi\u0219ovan, Asist. univ. drd. Evelina T\u0103nasie, drd. Raul Pa\u0219cal\u0103u.<\/span><\/p>\n<div id=\"gallery-1\" class=\"gallery optm-gallery galleryid-883035\">\n<div class=\"optm-galcont\"><a href=\"https:\/\/www.opiniatimisoarei.ro\/wp-content\/uploads\/2026\/07\/gala-absolventi-catwalk-moda-3.jpg\"><img decoding=\"async\" src=\"https:\/\/www.opiniatimisoarei.ro\/wp-content\/uploads\/2026\/07\/gala-absolventi-catwalk-moda-3-300x200.jpg\"><\/a><a href=\"https:\/\/www.opiniatimisoarei.ro\/wp-content\/uploads\/2026\/07\/gala-absolventi-catwalk-moda-4.jpg\"><img decoding=\"async\" src=\"https:\/\/www.opiniatimisoarei.ro\/wp-content\/uploads\/2026\/07\/gala-absolventi-catwalk-moda-4-300x200.jpg\"><\/a><a href=\"https:\/\/www.opiniatimisoarei.ro\/wp-content\/uploads\/2026\/07\/gala-absolventi-catwalk-moda-5.jpg\"><img decoding=\"async\" src=\"https:\/\/www.opiniatimisoarei.ro\/wp-content\/uploads\/2026\/07\/gala-absolventi-catwalk-moda-5-300x200.jpg\"><\/a><a href=\"https:\/\/www.opiniatimisoarei.ro\/wp-content\/uploads\/2026\/07\/gala-absolventi-catwalk-moda-6.jpg\"><img decoding=\"async\" src=\"https:\/\/www.opiniatimisoarei.ro\/wp-content\/uploads\/2026\/07\/gala-absolventi-catwalk-moda-6-300x200.jpg\"><\/a><a href=\"https:\/\/www.opiniatimisoarei.ro\/wp-content\/uploads\/2026\/07\/gala-absolventi-catwalk-moda-7.jpg\"><img decoding=\"async\" src=\"https:\/\/www.opiniatimisoarei.ro\/wp-content\/uploads\/2026\/07\/gala-absolventi-catwalk-moda-7-300x200.jpg\"><\/a><\/div>\n<\/div>\n<p class=\"yiv2530017060MsoNormal\"><span lang=\"RO\">Prin g\u0103zduirea acestui eveniment,\u00a0<b>Iulius Town<\/b>\u00a0continu\u0103 s\u0103 sprijine ini\u021biativele care promoveaz\u0103 educa\u021bia, creativitatea \u0219i afirmarea tinerelor talente, oferindu-le un spa\u021biu \u00een care ideile \u0219i proiectele lor ajung mai aproape de comunitate.<\/span><\/p>\n<p>***<\/p>\n<p><strong><span class=\"dia_suggestion w0\">Mai<\/span>\u00a0<span class=\"dia_suggestion w1\">multe<\/span>\u00a0<span class=\"dia_suggestion w2\">g\u0103si\u021bi<\/span>\u00a0pe\u00a0<span class=\"dia_suggestion w4\">pagina noastr<span class=\"dia_suggestion w0\">\u0103<\/span><\/span>\u00a0de\u00a0<a href=\"https:\/\/www.facebook.com\/OpiniaTM\/?ref=page_internal\" target=\"_blank\" rel=\"noopener\">Facebook opiniatimisoarei.ro<\/a>!<\/strong><\/p>\n<p><strong><span class=\"dia_suggestion w0\">Dac\u0103<\/span>\u00a0<span class=\"dia_suggestion w1\">a\u021bi<\/span>\u00a0fost martorii unui eveniment\u00a0<span class=\"dia_suggestion w6\">sau<\/span>\u00a0<span class=\"dia_suggestion w7\">ai<\/span>\u00a0unei\u00a0<span class=\"dia_suggestion w9\">situa\u021bii<\/span>\u00a0<span class=\"dia_suggestion w10\">neobi\u0219nuite<\/span>\u00a0<span class=\"dia_suggestion w11\">care<\/span>\u00a0ar\u00a0<span class=\"dia_suggestion w13\">putea<\/span>\u00a0deveni subiect de\u00a0<span class=\"dia_suggestion w17\">\u0219tire<\/span>,\u00a0<span class=\"dia_suggestion w18\">contacta\u021bi<\/span>-ne\u00a0<span class=\"dia_suggestion w20\">la<\/span>\u00a0<a href=\"https:\/\/www.opiniatimisoarei.ro\/cdn-cgi\/l\/email-protection\" class=\"__cf_email__\" data-cfemail=\"99ebfcfdf8faedf0fcd9f6e9f0f7f0f8edf0f4f0eaf6f8ebfcf0b7ebf6\">[email\u00a0protected]<\/a>,\u00a0 pe\u00a0<a href=\"https:\/\/www.facebook.com\/OpiniaTM\">FB<\/a>\u00a0sau pe contul nostru de\u00a0<a href=\"https:\/\/www.instagram.com\/opiniatimisoarei.ro\/\" target=\"_blank\" rel=\"noopener\">Instagram<\/a>!<\/strong><\/p>\n<p><strong><span>CITE\u0218TE \u0218I:<\/span>\u00a0<a href=\"https:\/\/www.opiniatimisoarei.ro\/afli-primul-tot-ceea-ce-se-intampla-cu-adevarat-important-in-timisoara-si-in-regiune-cu-aplicatia-de-stiri-opinia-timisoarei-3-tipuri-de-alerte-te-tin-mereu-conectat-la-evenimente-descarca-gratuit-a\/31\/10\/2022\">Afli primul tot ceea ce se intampla cu adevarat important in Timisoara si in regiune cu Aplicatia de stiri Opinia Timisoarei. 3 tipuri de alerte te tin mereu conectat la evenimente. Descarca gratuit Aplicatia OT aici!<\/a><\/strong><\/p>\n<\/div>\n<p>[analyse_source url=&#8221;https:\/\/www.opiniatimisoarei.ro\/iulius-town-x-gala-absolventilor-mdvtm-2026-spectacol-pe-cat-walk-si-primul-pas-spre-cariera-pentru-noii-absolventi\/14\/07\/2026&#8243;]<\/p>\n","protected":false},"excerpt":{"rendered":"<p>[analyse_image type=&#8221;featured&#8221; src=&#8221;https:\/\/www.opiniatimisoarei.ro\/wp-content\/uploads\/2026\/07\/gala-absolventi-catwalk-moda-1-728&#215;336.jpghttps:\/\/www.opiniatimisoarei.ro\/wp-content\/uploads\/2026\/07\/gala-absolventi-catwalk-moda-1.jpg&#8221;] TIMISOARA.De cinci ani, Iulius Town devine unul dintre cele mai importate cat walk-uri din cariera viitorilor creatori de mod\u0103, odat\u0103 cu Gala Absolven\u021bilor MDVTM 2026, organizat\u0103 de Facultatea de Arte \u0219i Design a Universit\u0103\u021bii de Vest din Timi\u0219oara. \u0218i \u00een acest an, absolven\u021bii programului de studiu Mod\u0103 \u2013 Design Vestimentar \u0219i-au prezentat [&hellip;]<\/p>\n","protected":false},"author":1,"featured_media":0,"comment_status":"open","ping_status":"","sticky":false,"template":"","format":"standard","meta":{"footnotes":""},"categories":[89],"tags":[226,190],"class_list":["post-2043106","post","type-post","status-publish","format-standard","hentry","category-romania","tag-crawlmanager","tag-opiniatimisoarei-ro"],"_links":{"self":[{"href":"https:\/\/analyse.optim.biz\/index.php?rest_route=\/wp\/v2\/posts\/2043106","targetHints":{"allow":["GET"]}}],"collection":[{"href":"https:\/\/analyse.optim.biz\/index.php?rest_route=\/wp\/v2\/posts"}],"about":[{"href":"https:\/\/analyse.optim.biz\/index.php?rest_route=\/wp\/v2\/types\/post"}],"author":[{"embeddable":true,"href":"https:\/\/analyse.optim.biz\/index.php?rest_route=\/wp\/v2\/users\/1"}],"replies":[{"embeddable":true,"href":"https:\/\/analyse.optim.biz\/index.php?rest_route=%2Fwp%2Fv2%2Fcomments&post=2043106"}],"version-history":[{"count":0,"href":"https:\/\/analyse.optim.biz\/index.php?rest_route=\/wp\/v2\/posts\/2043106\/revisions"}],"wp:attachment":[{"href":"https:\/\/analyse.optim.biz\/index.php?rest_route=%2Fwp%2Fv2%2Fmedia&parent=2043106"}],"wp:term":[{"taxonomy":"category","embeddable":true,"href":"https:\/\/analyse.optim.biz\/index.php?rest_route=%2Fwp%2Fv2%2Fcategories&post=2043106"},{"taxonomy":"post_tag","embeddable":true,"href":"https:\/\/analyse.optim.biz\/index.php?rest_route=%2Fwp%2Fv2%2Ftags&post=2043106"}],"curies":[{"name":"wp","href":"https:\/\/api.w.org\/{rel}","templated":true}]}}