{"id":204308,"date":"2014-05-28T09:29:13","date_gmt":"2014-05-28T06:29:13","guid":{"rendered":"https:\/\/analyse.optim.biz\/?p=204308"},"modified":"2014-05-28T09:29:13","modified_gmt":"2014-05-28T06:29:13","slug":"interactiv-credeti-ca-presedintele-traian-basescu-se-va-implica-in-viitoarea-constructie-politica-de-dreapta-care-se-negociaza-in-aceste-zile","status":"publish","type":"post","link":"https:\/\/analyse.optim.biz\/?p=204308","title":{"rendered":"INTERACTIV. Crede\u0163i c\u0103 pre\u015fedintele Traian B\u0103sescu se va implica \u00een viitoarea construc\u0163ie politic\u0103 de dreapta care se negociaz\u0103 \u00een aceste zile?"},"content":{"rendered":"<div class=\"entry data-app-meta data-app-meta-article\" data-embed-base-url-canonical=\"https:\/\/www.digi24.ro\/embed\/stiri\/actualitate\/politica\/interactiv-credeti-ca-presedintele-traian-basescu-se-va-implica-in-viitoarea-constructie-politica-de-dreapta-care-se-negociaza-in-aceste-zile-248881\">\n<p data-index=\"1\">\u00a0<img decoding=\"async\" src=\"https:\/\/analyse.optim.biz\/wp-content\/uploads\/2024\/09\/mdamagfzad04otu1mmuymtq2nmvkmtzhodnhmwjlnzlmnzm3zty4nw-thumb_.jpg\" data-skip-htmlfix=\"1\" title=\"mdamagfzad04otu1mmuymtq2nmvkmtzhodnhmwjlnzlmnzm3zty4nw-thumb_\"><\/p>\n<p data-index=\"2\">Acesta este \u015fi subiectul pe care Tudor Musat \u00eel va dezbate \u00een direct cu dumneavoastr\u0103, telespectatorii Digi24, la ora 15.00.<\/p>\n<p data-index=\"3\"><strong>Crede\u0163i c\u0103 pre\u015fedintele Traian B\u0103sescu se va implica \u00een viitoarea construc\u0163ie politic\u0103 de dreapta care se negociaz\u0103 \u00een aceste zile?<\/strong><\/p>\n<p data-index=\"4\">V\u0103 a\u015ftept\u0103m mesajele \u015fi comentariile pe site-ul nostru, la sec\u0163iunea DigiVOX, l\u0103sa\u0163i-v\u0103 num\u0103rul de telefon \u015fi pute\u021bi intra \u00een direct la ora 15.00, cu Tudor Mu\u015fat.<\/p>\n<\/div>\n<p> Source URL: https:\/\/www.digi24.ro\/stiri\/actualitate\/politica\/interactiv-credeti-ca-presedintele-traian-basescu-se-va-implica-in-viitoarea-constructie-politica-de-dreapta-care-se-negociaza-in-aceste-zile-248881<\/p>\n","protected":false},"excerpt":{"rendered":"<p>\u00a0 Acesta este \u015fi subiectul pe care Tudor Musat \u00eel va dezbate \u00een direct cu dumneavoastr\u0103, telespectatorii Digi24, la ora 15.00. Crede\u0163i c\u0103 pre\u015fedintele Traian B\u0103sescu se va implica \u00een viitoarea construc\u0163ie politic\u0103 de dreapta care se negociaz\u0103 \u00een aceste zile? V\u0103 a\u015ftept\u0103m mesajele \u015fi comentariile pe site-ul nostru, la sec\u0163iunea DigiVOX, l\u0103sa\u0163i-v\u0103 num\u0103rul de [&hellip;]<\/p>\n","protected":false},"author":1,"featured_media":204309,"comment_status":"open","ping_status":"","sticky":false,"template":"","format":"standard","meta":{"footnotes":""},"categories":[2],"tags":[11],"class_list":["post-204308","post","type-post","status-publish","format-standard","has-post-thumbnail","hentry","category-politics","tag-digi24"],"_links":{"self":[{"href":"https:\/\/analyse.optim.biz\/index.php?rest_route=\/wp\/v2\/posts\/204308","targetHints":{"allow":["GET"]}}],"collection":[{"href":"https:\/\/analyse.optim.biz\/index.php?rest_route=\/wp\/v2\/posts"}],"about":[{"href":"https:\/\/analyse.optim.biz\/index.php?rest_route=\/wp\/v2\/types\/post"}],"author":[{"embeddable":true,"href":"https:\/\/analyse.optim.biz\/index.php?rest_route=\/wp\/v2\/users\/1"}],"replies":[{"embeddable":true,"href":"https:\/\/analyse.optim.biz\/index.php?rest_route=%2Fwp%2Fv2%2Fcomments&post=204308"}],"version-history":[{"count":0,"href":"https:\/\/analyse.optim.biz\/index.php?rest_route=\/wp\/v2\/posts\/204308\/revisions"}],"wp:featuredmedia":[{"embeddable":true,"href":"https:\/\/analyse.optim.biz\/index.php?rest_route=\/wp\/v2\/media\/204309"}],"wp:attachment":[{"href":"https:\/\/analyse.optim.biz\/index.php?rest_route=%2Fwp%2Fv2%2Fmedia&parent=204308"}],"wp:term":[{"taxonomy":"category","embeddable":true,"href":"https:\/\/analyse.optim.biz\/index.php?rest_route=%2Fwp%2Fv2%2Fcategories&post=204308"},{"taxonomy":"post_tag","embeddable":true,"href":"https:\/\/analyse.optim.biz\/index.php?rest_route=%2Fwp%2Fv2%2Ftags&post=204308"}],"curies":[{"name":"wp","href":"https:\/\/api.w.org\/{rel}","templated":true}]}}