{"id":204297,"date":"2014-05-28T11:37:19","date_gmt":"2014-05-28T08:37:19","guid":{"rendered":"https:\/\/analyse.optim.biz\/?p=204297"},"modified":"2014-05-28T11:37:19","modified_gmt":"2014-05-28T08:37:19","slug":"calin-popescu-tariceanu-am-inceput-sa-fiu-cautat-de-colegi-din-pnl-din-afara-pnl","status":"publish","type":"post","link":"https:\/\/analyse.optim.biz\/?p=204297","title":{"rendered":"C\u0103lin Popescu T\u0103riceanu: &#8220;Am \u00eenceput s\u0103 fiu c\u0103utat de colegi din PNL, din afara PNL&#8221;"},"content":{"rendered":"<div class=\"entry data-app-meta data-app-meta-article\" data-embed-base-url-canonical=\"https:\/\/www.digi24.ro\/embed\/stiri\/actualitate\/politica\/calin-popescu-tariceanu-am-inceput-sa-fiu-cautat-de-colegi-din-pnl-din-afara-pnl-248950\">\n<p data-index=\"1\">\u201e<strong><span>Am \u00eenceput s\u0103 fiu c\u0103utat de colegi din PNL, din afara PNL, care \u00ee\u015fi manifest\u0103 nemul\u0163umirea, insatisfac\u0163ia \u00een leg\u0103tur\u0103 cu ce se \u00eent\u00e2mpl\u0103 \u00een partid. \u00cen urma discu\u0163iilor cu ace\u015fti oameni voi lua o decizie. Cred c\u0103 ar trebui s\u0103 ne preocupe, pe mine m\u0103 preocup\u0103, evolu\u0163ia PNL. Eu nu sunt indiferent.<\/span><\/strong><\/p>\n<p data-index=\"2\">Lucrurile s-au deteriorat din ce \u00een ce mai mult. Nu este normal ca o conducere interimar\u0103 s\u0103 ia decizii majore.<\/p>\n<p data-index=\"3\">De fap, la PNL nu s-a \u00eent\u00e2mplat nimic. Conducerea merge \u00eenainte, are planuri de viitor, congresul e doar o mic\u0103 virgul\u0103 \u00een acest parcurs. De fapt, discu\u0163iile cu PDL nu fac dec\u00e2t s\u0103 atrag\u0103 aten\u0163ia de la rezultatul prost la alegeri.<\/p>\n<p data-index=\"4\"><strong>Am o cot\u0103 de \u00eencredere \u015fi inten\u0163ie la vot care ar \u00eensemna un plus de \u00eencredere pentru PNL<\/strong>. Trebuie s\u0103 ne uit\u0103m c\u0103 poten\u0163ialul candidat la preziden\u0163iale, este \u00eentr-o pozi\u0163ie care l-a scos din curs\u0103.<\/p>\n<p data-index=\"5\">Partidul poatet s\u0103 decid\u0103 \u00een final ce dore\u015fte, \u015fi sinuciderea este o op\u0163iune, rar\u0103, dar exist\u0103\u201d, a declarat pre\u015fedintele Senatului,<strong> C\u0103lin Popescu T\u0103riceanu.<\/strong><\/p>\n<\/div>\n<p> Source URL: https:\/\/www.digi24.ro\/stiri\/actualitate\/politica\/calin-popescu-tariceanu-am-inceput-sa-fiu-cautat-de-colegi-din-pnl-din-afara-pnl-248950<\/p>\n","protected":false},"excerpt":{"rendered":"<p>\u201eAm \u00eenceput s\u0103 fiu c\u0103utat de colegi din PNL, din afara PNL, care \u00ee\u015fi manifest\u0103 nemul\u0163umirea, insatisfac\u0163ia \u00een leg\u0103tur\u0103 cu ce se \u00eent\u00e2mpl\u0103 \u00een partid. \u00cen urma discu\u0163iilor cu ace\u015fti oameni voi lua o decizie. Cred c\u0103 ar trebui s\u0103 ne preocupe, pe mine m\u0103 preocup\u0103, evolu\u0163ia PNL. Eu nu sunt indiferent. Lucrurile s-au deteriorat [&hellip;]<\/p>\n","protected":false},"author":1,"featured_media":204298,"comment_status":"open","ping_status":"","sticky":false,"template":"","format":"standard","meta":{"footnotes":""},"categories":[2],"tags":[11],"class_list":["post-204297","post","type-post","status-publish","format-standard","has-post-thumbnail","hentry","category-politics","tag-digi24"],"_links":{"self":[{"href":"https:\/\/analyse.optim.biz\/index.php?rest_route=\/wp\/v2\/posts\/204297","targetHints":{"allow":["GET"]}}],"collection":[{"href":"https:\/\/analyse.optim.biz\/index.php?rest_route=\/wp\/v2\/posts"}],"about":[{"href":"https:\/\/analyse.optim.biz\/index.php?rest_route=\/wp\/v2\/types\/post"}],"author":[{"embeddable":true,"href":"https:\/\/analyse.optim.biz\/index.php?rest_route=\/wp\/v2\/users\/1"}],"replies":[{"embeddable":true,"href":"https:\/\/analyse.optim.biz\/index.php?rest_route=%2Fwp%2Fv2%2Fcomments&post=204297"}],"version-history":[{"count":0,"href":"https:\/\/analyse.optim.biz\/index.php?rest_route=\/wp\/v2\/posts\/204297\/revisions"}],"wp:featuredmedia":[{"embeddable":true,"href":"https:\/\/analyse.optim.biz\/index.php?rest_route=\/wp\/v2\/media\/204298"}],"wp:attachment":[{"href":"https:\/\/analyse.optim.biz\/index.php?rest_route=%2Fwp%2Fv2%2Fmedia&parent=204297"}],"wp:term":[{"taxonomy":"category","embeddable":true,"href":"https:\/\/analyse.optim.biz\/index.php?rest_route=%2Fwp%2Fv2%2Fcategories&post=204297"},{"taxonomy":"post_tag","embeddable":true,"href":"https:\/\/analyse.optim.biz\/index.php?rest_route=%2Fwp%2Fv2%2Ftags&post=204297"}],"curies":[{"name":"wp","href":"https:\/\/api.w.org\/{rel}","templated":true}]}}