{"id":2042521,"date":"2026-07-14T06:00:27","date_gmt":"2026-07-14T03:00:27","guid":{"rendered":"https:\/\/analyse.optim.biz\/?p=2042521"},"modified":"2026-07-14T06:00:27","modified_gmt":"2026-07-14T03:00:27","slug":"casa-memoriala-panait-cerna-participa-la-noaptea-muzeelor-la-sate-ziarul-delta-tulcea","status":"publish","type":"post","link":"https:\/\/analyse.optim.biz\/?p=2042521","title":{"rendered":"Casa Memorial\u0103 \u201ePanait Cerna&#8221; particip\u0103 la Noaptea Muzeelor la Sate &#8211; Ziarul Delta Tulcea"},"content":{"rendered":"<p>[analyse_image type=&#8221;featured&#8221; src=&#8221;https:\/\/ziaruldelta.ro\/wp-content\/uploads\/2026\/07\/Casa-Memoriala-e1783947792974.jpg&#8221;]<\/p>\n<article id=\"post-37436\" class=\"module single-post-module post-37436 post type-post status-publish format-standard has-post-thumbnail hentry category-cultura et-has-post-format-content et_post_format-et-post-format-standard\">\n<div class=\"post-header\">\n<h1 class=\"entry-title\">Casa Memorial\u0103 \u201ePanait Cerna\u201d particip\u0103 la Noaptea Muzeelor la Sate<\/h1>\n<div class=\"post-meta vcard\">\n<p>Posted by <a href=\"https:\/\/ziaruldelta.ro\/author\/claudia-ionescu\/\" class=\"url fn\" title=\"Posts by Claudia Ionescu\" rel=\"author\">Claudia Ionescu<\/a> | <span class=\"updated\">Jul 14, 2026<\/span> | <a href=\"https:\/\/ziaruldelta.ro\/category\/cultura\/\" rel=\"tag\">Cultur\u0103<\/a> | <\/p>\n<\/div>\n<\/div>\n<div class=\"post-thumbnail header\"><img decoding=\"async\" src=\"https:\/\/ziaruldelta.ro\/wp-content\/uploads\/2026\/07\/Casa-Memoriala-1280x640.jpg\" alt=\"Casa Memorial\u0103 \u201ePanait Cerna\u201d particip\u0103 la Noaptea Muzeelor la Sate\"><\/div>\n<div class=\"post-wrap\">\n<div class=\"post-content entry-content\">\n<p>Noaptea Muzeelor la Sate, ajuns\u0103 la cea de-a IV-a edi\u0163ie, va avea loc pe 29 august, reunind muzee \u015fi colec\u0163ii din comunit\u0103\u0163ile rurale ale Rom\u00e2niei. La edi\u0163ia din acest an, din Tulcea va participa Casa Memorial\u0103 \u201ePanait Cerna\u201d din Cerna, care \u00ee\u015fi va deschide por\u0163ile pentru vizitatori. Institu\u0163ia a participat \u015fi la edi\u0163ia de anul trecut, oferind publicului ocazia de a descoperi via\u0163a \u015fi operele poetului \u015fi filozofului rom\u00e2n Panait Cerna.<\/p>\n<p>Citi\u0163i continuarea \u00een edi\u0163ia tip\u0103rit\u0103 a Ziarului DELTA.<\/p>\n<p>\u00a0<\/p>\n<\/div>\n<\/div>\n<div class=\"post-footer\">\n<div class=\"social-icons ed-social-share-icons\">\n<p class=\"share-title\">Share:<\/p>\n<\/div>\n<div class=\"rating-stars\">\n<p id=\"rate-title\" class=\"rate-title\">Rate:<\/p>\n<\/div>\n<\/div>\n<\/article>\n<div class=\"post-content entry-content\">\n<p>Noaptea Muzeelor la Sate, ajuns\u0103 la cea de-a IV-a edi\u0163ie, va avea loc pe 29 august, reunind muzee \u015fi colec\u0163ii din comunit\u0103\u0163ile rurale ale Rom\u00e2niei. La edi\u0163ia din acest an, din Tulcea va participa Casa Memorial\u0103 \u201ePanait Cerna\u201d din Cerna, care \u00ee\u015fi va deschide por\u0163ile pentru vizitatori. Institu\u0163ia a participat \u015fi la edi\u0163ia de anul trecut, oferind publicului ocazia de a descoperi via\u0163a \u015fi operele poetului \u015fi filozofului rom\u00e2n Panait Cerna.<\/p>\n<p>Citi\u0163i continuarea \u00een edi\u0163ia tip\u0103rit\u0103 a Ziarului DELTA.<\/p>\n<p>\u00a0<\/p>\n<\/div>\n<div class=\"post-content entry-content\">\n<p>Noaptea Muzeelor la Sate, ajuns\u0103 la cea de-a IV-a edi\u0163ie, va avea loc pe 29 august, reunind muzee \u015fi colec\u0163ii din comunit\u0103\u0163ile rurale ale Rom\u00e2niei. La edi\u0163ia din acest an, din Tulcea va participa Casa Memorial\u0103 \u201ePanait Cerna\u201d din Cerna, care \u00ee\u015fi va deschide por\u0163ile pentru vizitatori. Institu\u0163ia a participat \u015fi la edi\u0163ia de anul trecut, oferind publicului ocazia de a descoperi via\u0163a \u015fi operele poetului \u015fi filozofului rom\u00e2n Panait Cerna.<\/p>\n<p>Citi\u0163i continuarea \u00een edi\u0163ia tip\u0103rit\u0103 a Ziarului DELTA.<\/p>\n<p>\u00a0<\/p>\n<\/div>\n<p>[analyse_source url=&#8221;https:\/\/ziaruldelta.ro\/2026\/07\/14\/casa-memoriala-panait-cerna-participa-la-noaptea-muzeelor-la-sate\/&#8221;]<\/p>\n","protected":false},"excerpt":{"rendered":"<p>[analyse_image type=&#8221;featured&#8221; src=&#8221;https:\/\/ziaruldelta.ro\/wp-content\/uploads\/2026\/07\/Casa-Memoriala-e1783947792974.jpg&#8221;] Casa Memorial\u0103 \u201ePanait Cerna\u201d particip\u0103 la Noaptea Muzeelor la Sate Posted by Claudia Ionescu | Jul 14, 2026 | Cultur\u0103 | Noaptea Muzeelor la Sate, ajuns\u0103 la cea de-a IV-a edi\u0163ie, va avea loc pe 29 august, reunind muzee \u015fi colec\u0163ii din comunit\u0103\u0163ile rurale ale Rom\u00e2niei. La edi\u0163ia din acest an, din [&hellip;]<\/p>\n","protected":false},"author":1,"featured_media":0,"comment_status":"open","ping_status":"","sticky":false,"template":"","format":"standard","meta":{"footnotes":""},"categories":[89],"tags":[226,206],"class_list":["post-2042521","post","type-post","status-publish","format-standard","hentry","category-romania","tag-crawlmanager","tag-ziaruldelta-ro"],"_links":{"self":[{"href":"https:\/\/analyse.optim.biz\/index.php?rest_route=\/wp\/v2\/posts\/2042521","targetHints":{"allow":["GET"]}}],"collection":[{"href":"https:\/\/analyse.optim.biz\/index.php?rest_route=\/wp\/v2\/posts"}],"about":[{"href":"https:\/\/analyse.optim.biz\/index.php?rest_route=\/wp\/v2\/types\/post"}],"author":[{"embeddable":true,"href":"https:\/\/analyse.optim.biz\/index.php?rest_route=\/wp\/v2\/users\/1"}],"replies":[{"embeddable":true,"href":"https:\/\/analyse.optim.biz\/index.php?rest_route=%2Fwp%2Fv2%2Fcomments&post=2042521"}],"version-history":[{"count":0,"href":"https:\/\/analyse.optim.biz\/index.php?rest_route=\/wp\/v2\/posts\/2042521\/revisions"}],"wp:attachment":[{"href":"https:\/\/analyse.optim.biz\/index.php?rest_route=%2Fwp%2Fv2%2Fmedia&parent=2042521"}],"wp:term":[{"taxonomy":"category","embeddable":true,"href":"https:\/\/analyse.optim.biz\/index.php?rest_route=%2Fwp%2Fv2%2Fcategories&post=2042521"},{"taxonomy":"post_tag","embeddable":true,"href":"https:\/\/analyse.optim.biz\/index.php?rest_route=%2Fwp%2Fv2%2Ftags&post=2042521"}],"curies":[{"name":"wp","href":"https:\/\/api.w.org\/{rel}","templated":true}]}}