{"id":2042520,"date":"2026-07-14T00:00:00","date_gmt":"2026-07-13T21:00:00","guid":{"rendered":"https:\/\/analyse.optim.biz\/?p=2042520"},"modified":"2026-07-14T00:00:00","modified_gmt":"2026-07-13T21:00:00","slug":"festivalul-pestisorul-de-aur-a-ajuns-la-editia-xxxii","status":"publish","type":"post","link":"https:\/\/analyse.optim.biz\/?p=2042520","title":{"rendered":"Festivalul \u201ePe\u0219ti\u0219orul de Aur\u201d a ajuns la edi\u021bia XXXII"},"content":{"rendered":"<p>[analyse_image type=&#8221;featured&#8221; src=&#8221;https:\/\/ziaruldetulcea.ro\/wp-content\/uploads\/2026\/07\/FB_IMG_1784026602496-640&#215;300.jpg&#8221;]<\/p>\n<div class=\"post\">\n<p><img loading=\"lazy\" decoding=\"async\" class=\"alignleft size-full wp-image-43830\" src=\"https:\/\/ziaruldetulcea.ro\/wp-content\/uploads\/2026\/07\/FB_IMG_1784026602496.jpg\" alt width=\"1600\" height=\"1131\">Tulcea\u00a07-12 august 2026<br \/>\nConsiliul Jude\u021bean Tulcea, Prim\u0103ria Municipiului Tulcea, Ansamblul Artistic Profesionist \u201eBaladele Deltei\u201d, Ministerul Educa\u021biei \u0219i Cercet\u0103rii, Inspectoratul \u0218colar Jude\u021bean Tulcea \u0219i Palatul Copiilor Tulcea organizeaz\u0103 \u00een perioada 7-12 august 2026, \u00een Tulcea, edi\u021bia a XXXII-a a Festivalului-Concurs Interna\u021bional de Folclor \u201ePe\u0219ti\u0219orul de Aur\u201d.<\/p>\n<p>Participan\u021bi din str\u0103in\u0103tate:<br \/>\n\u2022 \ud83c\uddf2\ud83c\udde9 Ansamblul de dans popular \u201eLozioara\u201d \u2013 Republica Moldova<br \/>\n\u2022 \ud83c\udde7\ud83c\uddec Ansamblul \u201eMezdra-Junior\u201d \u2013 Bulgaria<br \/>\n\u2022 \ud83c\uddf9\ud83c\uddf7 Ansamblul \u201ePolatli Belediyesi\u201d \u2013 Turcia<br \/>\n\u2022 \ud83c\uddee\ud83c\uddf9 Ansamblul \u201eTecniart Dance Studio\u201d \u2013 Mexic<br \/>\n\u2022 \ud83c\uddea\ud83c\uddf8 Ansamblul \u201eEscola de Ball de Bot Calabruix\u201d \u2013 Spania<br \/>\n\u2022\ud83c\uddf2\ud83c\uddf0Ansamblul \u201eFolklorna Niza\u201d \u2013 Macedonia<br \/>\n\u2022 \ud83c\uddfa\ud83c\udde6 Ansamblul \u201eSonechko\u201d \u2013 Ucraina<br \/>\n\u2022 \ud83c\uddec\ud83c\uddea Ansamblul \u201eChangi\u201d \u2013 Georgia<br \/>\n\ud83c\uddf7\ud83c\uddf4 Participan\u021bi din Rom\u00e2nia:<br \/>\n\u2022 Ansamblul Folcloric \u201eDoina Arge\u0219ului\u201d \u2013 Arge\u0219<br \/>\n\u2022 Ansamblul Folcloric \u201eFiricel de Busuioc\u201d \u2013 Bac\u0103u<br \/>\n\u2022 Ansamblul Folcloric \u201eCri\u0219ana\u201d \u2013 Bihor<br \/>\n\u2022 Ansamblul Folcloric \u201ePoieni\u021ba\u201d \u2013 Bra\u0219ov<br \/>\n\u2022 Ansamblul Folcloric \u201eMugura\u0219ul \u201d \u2013 Br\u0103ila<br \/>\n\u2022 Ansamblul Folcloric \u201eMo\u0219tenirea\u201d \u2013 Cluj<br \/>\n\u2022 Ansamblul Artistic \u201eFlorile Moldovei\u201d \u2013Ia\u0219i<br \/>\n\u2022 Ansamblul Folcloric \u201ePlaiurile S\u00e2mbure\u0219tiului\u201d \u2013 Olt<br \/>\n\u2022 Ansamblul Folcloric \u201eCiob\u0103na\u0219ul\u201d \u2013 Suceava<br \/>\n\u2022 \ud83c\udfba Fanfara \u201eRotaria\u201d \u2013 Vaslui<br \/>\n\ud83c\udfe1 Ansambluri din jude\u021bul Tulcea:<br \/>\n\u2022 Ansamblul Folcloric \u201eDorule\u021bul\u201d<br \/>\n\u2022 Ansamblul Folcloric \u201eDanubius\u201d<br \/>\n\u2022 Ansamblul Folcloric \u201eGhiocel de la Luncavi\u021ba\u201d \u2013 Luncavi\u021ba<br \/>\n\u2022 Ansamblul Folcloric \u201eAlti\u021be Dobrogene\u201d \u2013 Jijila<br \/>\n\u2022 Ansamblul Folcloric \u201ePlai de Dor\u201d \u2013 Niculi\u021bel<br \/>\n\u2022 Ansamblul Folcloric \u201eFlori de Cimbri\u0219or\u201d \u2013 Isaccea<br \/>\n\u2022 Ansamblul Folcloric \u201eMl\u0103di\u021be Dobrogene\u201d \u2013 V\u0103c\u0103reni<br \/>\nJuriul edi\u021biei a XXXII-a:<br \/>\nPre\u0219edinte:<br \/>\nPETRE \u0218U\u0218U \u2013 maestru coregraf \u0219i manager al Ansamblului Artistic Profesionist \u201eConstantin Arvinte\u201d \u2013 CJ Ia\u0219i<br \/>\nMembri:<br \/>\nLAURA FELEA \u2013 director Palatul Copiilor Tulcea<br \/>\nIOAN SIMIONCA \u2013 maestru coregraf, specialist \u00een comunicare \u2013 Bistri\u021ba<br \/>\nLILIANA MARIA VLASE \u2013 manager al Ansamblului Folcloric Profesionist \u201eBusuiocul\u201d\u2013 Bac\u0103u<br \/>\nIONEL GAROAF\u0102 \u2013 \u0218ef sec\u021bie dans \u2013 \u0218coala Popular\u0103 de Arte \u201eCornetti\u201d \u2013 Craiova<br \/>\n\u201eDesf\u0103\u0219urat din 1992 \u00eencoace, cu o \u00eentrerupere de doi ani \u00een pandemie, festivalul \u00eempline\u0219te 32 de edi\u021bii. E o longevitate pentru care le mul\u021bumesc tuturor celor care, de-a lungul anilor, au avut grij\u0103 ca evenimentul s\u0103 se \u00eent\u00e2mple \u0219i s\u0103 sporeasc\u0103 valoric. (\u2026) Publicul tulcean a devenit din ce \u00een ce mai preten\u021bios \u0219i mai deschis c\u0103tre diversitate cultural\u0103\u201d,<br \/>\n\u2013 Prof. Aurelian Croitoru, managerul Ansamblului Artistic Profesionist \u201eBaladele Deltei\u201d<br \/>\n\ud83d\udcc5 Programul Festivalului Interna\u021bional de Folclor \u201ePe\u0219ti\u0219orul de Aur\u201d, edi\u021bia XXXII:<br \/>\nS\u00e2mb\u0103t\u0103, 8 august<br \/>\n\ud83d\udd55 18:00 \u2013 Biblioteca Jude\u021bean\u0103 \u201ePanait Cerna\u201d<br \/>\n\ud83d\udc49 Parada portului \u0219i dansului popular:<br \/>\n\ud83d\udccd Str. Isaccei \u2013 Str. Unirii \u2013 Str. Babadag \u2013 Str. Dobrogeanu Gherea \u2013 Str. P\u0103cii \u2013 Pia\u021ba Civic\u0103<br \/>\n\ud83d\udd61 18:30 \u2013 Pia\u021ba Civic\u0103<br \/>\n\ud83c\udfa4 Deschiderea oficial\u0103<br \/>\n\ud83d\udd62 19:30 \u2013 Pia\u021ba Civic\u0103<br \/>\n\ud83c\udfb6 Spectacol-Concurs<br \/>\nDuminic\u0103, 9 august<br \/>\n\ud83d\udd61 18:30 \u2013 Faleza \u201eIvan Patzaichin\u201d<br \/>\n\ud83c\udfbc Spectacol folcloric<br \/>\n\ud83d\udd62 19:30 \u2013 Pia\u021ba Civic\u0103<br \/>\n\ud83c\udfb6 Spectacol-Concurs<br \/>\nLuni, 10 august<br \/>\n\ud83d\udd61 18:30 \u2013 Faleza \u201eIvan Patzaichin\u201d<br \/>\n\ud83c\udfbc Spectacol folcloric<br \/>\n\ud83d\udd62 19:30 \u2013 Pia\u021ba Civic\u0103<br \/>\n\ud83c\udfb6 Spectacol-Concurs<br \/>\nMar\u021bi, 11 august<br \/>\n\ud83d\udd62 19:30 \u2013 Pia\u021ba Civic\u0103<br \/>\n\ud83c\udfc6 Festivitatea de premiere &amp; \ud83c\udf87 Spectacolul de gal\u0103<br \/>\n\ud83c\udfc5 Marele Premiu 2025:<br \/>\n\ud83d\udc49 Ansamblul Folcloric \u201eDanubius\u201d \u2013 Tulcea<br \/>\n\ud83e\udd1d Parteneri:<br \/>\n\ud83c\udf7d\ufe0f Restaurant Passo Doble<br \/>\n\ufffc Clubul Real Racing Tulcea<br \/>\n\ud83c\udf70 Cofet\u0103ria Pluto Pan<br \/>\n\ud83d\udc90 Flor\u0103ria Alina<br \/>\n\ud83d\udc83 Grand Empire Events<br \/>\n\ud83d\udc1a Suvenirul Dun\u0103rii<br \/>\n\ud83c\udf70Angelo by Moesis<br \/>\n\ud83d\udccc Manager:<br \/>\nProf. Aurelian Croitoru<\/p>\n<\/div>\n<p>[analyse_source url=&#8221;https:\/\/ziaruldetulcea.ro\/festivalul-pestisorul-de-aur-a-ajuns-la-editia-xxxii\/&#8221;]<\/p>\n","protected":false},"excerpt":{"rendered":"<p>[analyse_image type=&#8221;featured&#8221; src=&#8221;https:\/\/ziaruldetulcea.ro\/wp-content\/uploads\/2026\/07\/FB_IMG_1784026602496-640&#215;300.jpg&#8221;] Tulcea\u00a07-12 august 2026 Consiliul Jude\u021bean Tulcea, Prim\u0103ria Municipiului Tulcea, Ansamblul Artistic Profesionist \u201eBaladele Deltei\u201d, Ministerul Educa\u021biei \u0219i Cercet\u0103rii, Inspectoratul \u0218colar Jude\u021bean Tulcea \u0219i Palatul Copiilor Tulcea organizeaz\u0103 \u00een perioada 7-12 august 2026, \u00een Tulcea, edi\u021bia a XXXII-a a Festivalului-Concurs Interna\u021bional de Folclor \u201ePe\u0219ti\u0219orul de Aur\u201d. Participan\u021bi din str\u0103in\u0103tate: \u2022 \ud83c\uddf2\ud83c\udde9 Ansamblul de [&hellip;]<\/p>\n","protected":false},"author":1,"featured_media":0,"comment_status":"open","ping_status":"","sticky":false,"template":"","format":"standard","meta":{"footnotes":""},"categories":[89],"tags":[226,205],"class_list":["post-2042520","post","type-post","status-publish","format-standard","hentry","category-romania","tag-crawlmanager","tag-ziaruldetulcea-ro"],"_links":{"self":[{"href":"https:\/\/analyse.optim.biz\/index.php?rest_route=\/wp\/v2\/posts\/2042520","targetHints":{"allow":["GET"]}}],"collection":[{"href":"https:\/\/analyse.optim.biz\/index.php?rest_route=\/wp\/v2\/posts"}],"about":[{"href":"https:\/\/analyse.optim.biz\/index.php?rest_route=\/wp\/v2\/types\/post"}],"author":[{"embeddable":true,"href":"https:\/\/analyse.optim.biz\/index.php?rest_route=\/wp\/v2\/users\/1"}],"replies":[{"embeddable":true,"href":"https:\/\/analyse.optim.biz\/index.php?rest_route=%2Fwp%2Fv2%2Fcomments&post=2042520"}],"version-history":[{"count":0,"href":"https:\/\/analyse.optim.biz\/index.php?rest_route=\/wp\/v2\/posts\/2042520\/revisions"}],"wp:attachment":[{"href":"https:\/\/analyse.optim.biz\/index.php?rest_route=%2Fwp%2Fv2%2Fmedia&parent=2042520"}],"wp:term":[{"taxonomy":"category","embeddable":true,"href":"https:\/\/analyse.optim.biz\/index.php?rest_route=%2Fwp%2Fv2%2Fcategories&post=2042520"},{"taxonomy":"post_tag","embeddable":true,"href":"https:\/\/analyse.optim.biz\/index.php?rest_route=%2Fwp%2Fv2%2Ftags&post=2042520"}],"curies":[{"name":"wp","href":"https:\/\/api.w.org\/{rel}","templated":true}]}}