{"id":204252,"date":"2014-05-28T12:50:03","date_gmt":"2014-05-28T09:50:03","guid":{"rendered":"https:\/\/analyse.optim.biz\/?p=204252"},"modified":"2014-05-28T12:50:03","modified_gmt":"2014-05-28T09:50:03","slug":"unificarea-dreptei-vasile-blaga-dorim-un-singur-candidat-m-as-bucura-sa-fie-de-la-pdl-sorin-frunzaverde-il-vad-candidat-pe-crin-antonescu","status":"publish","type":"post","link":"https:\/\/analyse.optim.biz\/?p=204252","title":{"rendered":"UNIFICAREA DREPTEI. Vasile Blaga: Dorim un singur candidat, m-a\u015f bucura s\u0103 fie de la PDL. Sorin Frunz\u0103verde: \u00cel v\u0103d candidat pe Crin Antonescu"},"content":{"rendered":"<div class=\"entry data-app-meta data-app-meta-article\" data-embed-base-url-canonical=\"https:\/\/www.digi24.ro\/embed\/stiri\/actualitate\/politica\/unificarea-dreptei-vasile-blaga-dorim-un-singur-candidat-m-as-bucura-sa-fie-de-la-pdl-sorin-frunzaverde-il-vad-candidat-pe-crin-antonescu-249016\">\n<p data-index=\"1\"><img decoding=\"async\" src=\"https:\/\/analyse.optim.biz\/wp-content\/uploads\/2024\/09\/pwyzmdhkyti2ntczyme1yjm4otvimtuzogyzogfimjcw-thumb_.jpg\" data-skip-htmlfix=\"1\" title=\"pwyzmdhkyti2ntczyme1yjm4otvimtuzogyzogfimjcw-thumb_\"><\/p>\n<p data-index=\"2\"><strong>ACTUALIZARE 14.10.<\/strong> \u201eSe poate vorbi de fuziune \u015fi pe parcursul acestui an, exist\u0103 \u015fi posibilitatea de a realiza aceast\u0103 fuziune dup\u0103 preziden\u0163iale, dac\u0103 exist\u0103 acceptul de a avea un candidat unic. Aceste impediment \u00een calea fuziunii nu mai exist\u0103. Pe Crin Antonescu \u00eel v\u0103d la \u015fefia PNL \u015fi candidat din partea acestei grup\u0103ri de dreapta care se constituie \u00eempreun\u0103 cu PDL\u201d, a declarat <strong>Sorin Frunz\u0103verde.<\/strong><\/p>\n<p data-index=\"3\"><strong>UNIFICAREA DREPTEI &#8211; ACTUALIZARE 13.49.<\/strong> \u201ePrima mea problem\u0103 e cea a consultut\u0103rii celor care \u00een PNL au luptat \u00een ultimele dou\u0103 luni pentru a ob\u0163ine scorul electoral. Orice decizie privind formele de coagulare a dreptei trebuie luat\u0103 dup\u0103 consultarea bazei partidului.<\/p>\n<p data-index=\"4\">\u00cen al doilea r\u00e2nd este necesar\u0103 excluderea oric\u0103rei cozi care s\u0103 fie v\u00e2r\u00e2t\u0103 de Traian B\u0103sescu pentru c\u0103 orice forma\u0163iune de dreapta care va avea stigmatul lui Traian B\u0103sescu va avea o capacitate redus\u0103 de a \u00eenvinge PSD\u201d, a declarat <strong>Ludovic Orban.<\/strong><\/p>\n<p data-index=\"5\"><strong>UNIFICAREA DREPTEI &#8211; ACTUALIZARE 13.05.<\/strong> \u201e<strong>Dorim s\u0103 colabor\u0103m cu termen scurt, mediu \u015fi lung, nu vom avea \u00een vedere doar alegerile preziden\u0163iale, ci \u015fi pe cele locale \u015fi generale<\/strong>. Dorim construirea \u00een timp a unui singur mare partid de centru dreapta \u00een Rom\u00e2nia.<\/p>\n<p data-index=\"6\">Salut\u0103m dorin\u0163a PNL de a face parte din PPE.<\/p>\n<p data-index=\"7\"><strong>PDL are un candidat, unul foarte puternic, C\u0103t\u0103lin Predoiu.<\/strong> \u00cempreun\u0103 cu liberalii vom stabili criteriile dup\u0103 care s\u0103 avem un singur candidat. M-ar bucura s\u0103 fie cel al PDL. Vom stabili criterii clare \u015fi obiective, pentru ca aceast\u0103 construc\u0163ie politic\u0103 s\u0103 aib\u0103 un singur candidat la preziden\u0163iale.<\/p>\n<p data-index=\"8\">Nu po\u0163i impune unui alt partid criterii clare din alt partid. <strong>Noi ne-am stabilit candidatul la pre\u015fedin\u0163ie prin alegeri interne. Aceast\u0103 discu\u0163ie va avea loc \u00eentre PDL \u015fi PNL. Acesta este mandatul Biroului Permanent.\u00a0<\/strong><\/p>\n<p data-index=\"9\">Noi \u00eel avem pe al nostru, s\u0103 vedem pe cine au ei, vom face analizele ca atare, pentru un singur candidat&#8221;, a declarat Vasile Blaga.<\/p>\n<hr>\n<p data-index=\"10\">Vicepre\u015fedintele PDL, Vasile Blaga, a declarat ast\u0103zi c\u0103 <strong>l<a href=\"https:\/\/www.digi24.ro\/Stiri\/Digi24\/Actualitate\/Politica\/UNIFICAREA+DREPTEI+V+Blaga+C+Antonescu+a+invatat+multe+din+cele+\" target=\"_blank\" data-skip-linkfix=\"1\" rel=\"noopener\">iderul PNL Crin Antonescu<\/a><\/strong>\u201ea \u00eenv\u0103\u0163at multe din cele \u00eent\u00e2mplate pe parcursul ultimilor ani\u201d \u015fi a ar\u0103tat c\u0103 discu\u0163iile dintre PDL \u015fi PNL privind o construc\u0163ie de dreapta vor trebui s\u0103 fie unele pentru rom\u00e2ni.<\/p>\n<p data-index=\"11\"><strong><a href=\"https:\/\/www.digi24.ro\/Stiri\/Digi24\/Actualitate\/Politica\/Vasile+Blaga+unificarea+dreptei+partid+mare+alianta\" target=\"_blank\" data-skip-linkfix=\"1\" rel=\"noopener\">Vasile Blaga<\/a><\/strong> a declarat mar\u021bi seara, la Digi24, c\u0103 pentru unificarea dreptei e nevoie de un \u0163el, un proiect \u015fi o echip\u0103. \u021aelul este c\u00e2\u0219tigarea alegerilor preziden\u021biale de anul acesta \u0219i legislative din 2016, dar \u0219i realizarea unui mare partid de centru-dreapta.<\/p>\n<p data-index=\"12\">\u201e<span>Am analizat posibilitatea de coagulare a dreptei pe care nu le-am exclus \u2013 vorbim de aceasta de luni de zile. Vom purta discu\u0163ii cu PNL, PNL \u015fi PDL fiind principalele for\u0163e de dreapta. Prima discu\u0163ie va avea loc m\u00e2ine, <a href=\"http:\/\/bit.ly\/1kbt91y\" target=\"_blank\" data-skip-linkfix=\"1\" rel=\"noopener\"><strong>la 17.00, la Parlament<\/strong>,<\/a> unde voi fi \u00eenso\u0163it de secretarul general al PDL, Gheorghe Flutur, prim-vicepre\u015fedintele C\u0103t\u0103lin Predoiu \u015fi trei vicepre\u015fedin\u0163i ai partidului\u201d, a declarat ieri Vasile Blaga.\u00a0<\/span><\/p>\n<\/div>\n<p> Source URL: https:\/\/www.digi24.ro\/stiri\/actualitate\/politica\/unificarea-dreptei-vasile-blaga-dorim-un-singur-candidat-m-as-bucura-sa-fie-de-la-pdl-sorin-frunzaverde-il-vad-candidat-pe-crin-antonescu-249016<\/p>\n","protected":false},"excerpt":{"rendered":"<p>ACTUALIZARE 14.10. \u201eSe poate vorbi de fuziune \u015fi pe parcursul acestui an, exist\u0103 \u015fi posibilitatea de a realiza aceast\u0103 fuziune dup\u0103 preziden\u0163iale, dac\u0103 exist\u0103 acceptul de a avea un candidat unic. Aceste impediment \u00een calea fuziunii nu mai exist\u0103. Pe Crin Antonescu \u00eel v\u0103d la \u015fefia PNL \u015fi candidat din partea acestei grup\u0103ri de dreapta [&hellip;]<\/p>\n","protected":false},"author":1,"featured_media":204253,"comment_status":"open","ping_status":"","sticky":false,"template":"","format":"standard","meta":{"footnotes":""},"categories":[2],"tags":[11],"class_list":["post-204252","post","type-post","status-publish","format-standard","has-post-thumbnail","hentry","category-politics","tag-digi24"],"_links":{"self":[{"href":"https:\/\/analyse.optim.biz\/index.php?rest_route=\/wp\/v2\/posts\/204252","targetHints":{"allow":["GET"]}}],"collection":[{"href":"https:\/\/analyse.optim.biz\/index.php?rest_route=\/wp\/v2\/posts"}],"about":[{"href":"https:\/\/analyse.optim.biz\/index.php?rest_route=\/wp\/v2\/types\/post"}],"author":[{"embeddable":true,"href":"https:\/\/analyse.optim.biz\/index.php?rest_route=\/wp\/v2\/users\/1"}],"replies":[{"embeddable":true,"href":"https:\/\/analyse.optim.biz\/index.php?rest_route=%2Fwp%2Fv2%2Fcomments&post=204252"}],"version-history":[{"count":0,"href":"https:\/\/analyse.optim.biz\/index.php?rest_route=\/wp\/v2\/posts\/204252\/revisions"}],"wp:featuredmedia":[{"embeddable":true,"href":"https:\/\/analyse.optim.biz\/index.php?rest_route=\/wp\/v2\/media\/204253"}],"wp:attachment":[{"href":"https:\/\/analyse.optim.biz\/index.php?rest_route=%2Fwp%2Fv2%2Fmedia&parent=204252"}],"wp:term":[{"taxonomy":"category","embeddable":true,"href":"https:\/\/analyse.optim.biz\/index.php?rest_route=%2Fwp%2Fv2%2Fcategories&post=204252"},{"taxonomy":"post_tag","embeddable":true,"href":"https:\/\/analyse.optim.biz\/index.php?rest_route=%2Fwp%2Fv2%2Ftags&post=204252"}],"curies":[{"name":"wp","href":"https:\/\/api.w.org\/{rel}","templated":true}]}}