{"id":2042519,"date":"2026-07-13T06:00:46","date_gmt":"2026-07-13T03:00:46","guid":{"rendered":"https:\/\/analyse.optim.biz\/?p=2042519"},"modified":"2026-07-13T06:00:46","modified_gmt":"2026-07-13T03:00:46","slug":"farul-cu-filme-revine-la-sulina-patru-seri-de-proiectii-gratuite-sub-cerul-liber-in-august-ziarul-delta","status":"publish","type":"post","link":"https:\/\/analyse.optim.biz\/?p=2042519","title":{"rendered":"Farul cu Filme revine la Sulina. Patru seri de proiec\u0163ii gratuite sub cerul liber, \u00een august &#8211; Ziarul Delta"},"content":{"rendered":"<p>[analyse_image type=&#8221;featured&#8221; src=&#8221;https:\/\/ziaruldelta.ro\/wp-content\/uploads\/2026\/07\/Farul-cu-Filme-Cropped.jpg&#8221;]<\/p>\n<article id=\"post-37409\" class=\"module single-post-module post-37409 post type-post status-publish format-standard has-post-thumbnail hentry category-cultura et-has-post-format-content et_post_format-et-post-format-standard\">\n<div class=\"post-header\">\n<h1 class=\"entry-title\">Farul cu Filme revine la Sulina. Patru seri de proiec\u0163ii gratuite sub cerul liber, \u00een august<\/h1>\n<div class=\"post-meta vcard\">\n<p>Posted by <a href=\"https:\/\/ziaruldelta.ro\/author\/nicoleta-urmuz\/\" class=\"url fn\" title=\"Posts by Nicoleta URMUZ\" rel=\"author\">Nicoleta URMUZ<\/a> | <span class=\"updated\">Jul 13, 2026<\/span> | <a href=\"https:\/\/ziaruldelta.ro\/category\/cultura\/\" rel=\"tag\">Cultur\u0103<\/a> | <\/p>\n<\/div>\n<\/div>\n<div class=\"post-thumbnail header\"><img decoding=\"async\" src=\"https:\/\/ziaruldelta.ro\/wp-content\/uploads\/2026\/07\/Farul-cu-Filme-Cropped.jpg\" alt=\"Farul cu Filme revine la Sulina. Patru seri de proiec\u0163ii gratuite sub cerul liber, \u00een august\"><\/div>\n<div class=\"post-wrap\">\n<div class=\"post-content entry-content\">\n<p>Asocia\u0163ia Cu Drag din Sulina organizeaz\u0103, \u00een perioada 20-23 august, cea de-a doua edi\u0163ie a evenimentului \u201eFarul cu Filme\u201d, un festival care transform\u0103 din nou ora\u015ful de la v\u0103rsarea Dun\u0103rii \u00een Marea Neagr\u0103 \u00eentr-un cinematograf \u00een aer liber. Proiec\u0163iile vor avea loc la Farul Comisiei Europene a Dun\u0103rii din Sulina, \u00eentr-un cadru aparte, cu Dun\u0103rea \u00een apropiere, marea la c\u00e2\u0163iva pa\u015fi \u015fi farul drept fundal al serilor de film. Organizatorii anun\u0163\u0103 c\u0103, timp de patru seri, publicul este invitat s\u0103 urm\u0103reasc\u0103 filme sub cerul liber, \u00eentr-un eveniment dedicat comunit\u0103\u0163ii \u015fi iubitorilor de cinema.<\/p>\n<p>Accesul la toate proiec\u0163iile va fi gratuit. Programul complet al edi\u0163iei din acest an, precum \u015fi lista invita\u0163ilor, vor fi anun\u0163ate \u00een perioada urm\u0103toare. Evenimentul este organizat de Asocia\u0163ia Cu Drag din Sulina, cu sprijinul partenerilor Tulcea Film Society, ICEM Tulcea \u015fi Consiliul Jude\u0163ean Tulcea.<\/p>\n<p>Citi\u0163i continuarea \u00een edi\u0163ia tip\u0103rit\u0103 a ziarului Delta.<\/p>\n<\/div>\n<\/div>\n<div class=\"post-footer\">\n<div class=\"social-icons ed-social-share-icons\">\n<p class=\"share-title\">Share:<\/p>\n<\/div>\n<div class=\"rating-stars\">\n<p id=\"rate-title\" class=\"rate-title\">Rate:<\/p>\n<\/div>\n<\/div>\n<\/article>\n<div class=\"post-content entry-content\">\n<p>Asocia\u0163ia Cu Drag din Sulina organizeaz\u0103, \u00een perioada 20-23 august, cea de-a doua edi\u0163ie a evenimentului \u201eFarul cu Filme\u201d, un festival care transform\u0103 din nou ora\u015ful de la v\u0103rsarea Dun\u0103rii \u00een Marea Neagr\u0103 \u00eentr-un cinematograf \u00een aer liber. Proiec\u0163iile vor avea loc la Farul Comisiei Europene a Dun\u0103rii din Sulina, \u00eentr-un cadru aparte, cu Dun\u0103rea \u00een apropiere, marea la c\u00e2\u0163iva pa\u015fi \u015fi farul drept fundal al serilor de film. Organizatorii anun\u0163\u0103 c\u0103, timp de patru seri, publicul este invitat s\u0103 urm\u0103reasc\u0103 filme sub cerul liber, \u00eentr-un eveniment dedicat comunit\u0103\u0163ii \u015fi iubitorilor de cinema.<\/p>\n<p>Accesul la toate proiec\u0163iile va fi gratuit. Programul complet al edi\u0163iei din acest an, precum \u015fi lista invita\u0163ilor, vor fi anun\u0163ate \u00een perioada urm\u0103toare. Evenimentul este organizat de Asocia\u0163ia Cu Drag din Sulina, cu sprijinul partenerilor Tulcea Film Society, ICEM Tulcea \u015fi Consiliul Jude\u0163ean Tulcea.<\/p>\n<p>Citi\u0163i continuarea \u00een edi\u0163ia tip\u0103rit\u0103 a ziarului Delta.<\/p>\n<\/div>\n<div class=\"post-content entry-content\">\n<p>Asocia\u0163ia Cu Drag din Sulina organizeaz\u0103, \u00een perioada 20-23 august, cea de-a doua edi\u0163ie a evenimentului \u201eFarul cu Filme\u201d, un festival care transform\u0103 din nou ora\u015ful de la v\u0103rsarea Dun\u0103rii \u00een Marea Neagr\u0103 \u00eentr-un cinematograf \u00een aer liber. Proiec\u0163iile vor avea loc la Farul Comisiei Europene a Dun\u0103rii din Sulina, \u00eentr-un cadru aparte, cu Dun\u0103rea \u00een apropiere, marea la c\u00e2\u0163iva pa\u015fi \u015fi farul drept fundal al serilor de film. Organizatorii anun\u0163\u0103 c\u0103, timp de patru seri, publicul este invitat s\u0103 urm\u0103reasc\u0103 filme sub cerul liber, \u00eentr-un eveniment dedicat comunit\u0103\u0163ii \u015fi iubitorilor de cinema.<\/p>\n<p>Accesul la toate proiec\u0163iile va fi gratuit. Programul complet al edi\u0163iei din acest an, precum \u015fi lista invita\u0163ilor, vor fi anun\u0163ate \u00een perioada urm\u0103toare. Evenimentul este organizat de Asocia\u0163ia Cu Drag din Sulina, cu sprijinul partenerilor Tulcea Film Society, ICEM Tulcea \u015fi Consiliul Jude\u0163ean Tulcea.<\/p>\n<p>Citi\u0163i continuarea \u00een edi\u0163ia tip\u0103rit\u0103 a ziarului Delta.<\/p>\n<\/div>\n<p>[analyse_source url=&#8221;https:\/\/ziaruldelta.ro\/2026\/07\/13\/farul-cu-filme-revine-la-sulina-patru-seri-de-proiectii-gratuite-sub-cerul-liber-in-august\/&#8221;]<\/p>\n","protected":false},"excerpt":{"rendered":"<p>[analyse_image type=&#8221;featured&#8221; src=&#8221;https:\/\/ziaruldelta.ro\/wp-content\/uploads\/2026\/07\/Farul-cu-Filme-Cropped.jpg&#8221;] Farul cu Filme revine la Sulina. Patru seri de proiec\u0163ii gratuite sub cerul liber, \u00een august Posted by Nicoleta URMUZ | Jul 13, 2026 | Cultur\u0103 | Asocia\u0163ia Cu Drag din Sulina organizeaz\u0103, \u00een perioada 20-23 august, cea de-a doua edi\u0163ie a evenimentului \u201eFarul cu Filme\u201d, un festival care transform\u0103 din nou [&hellip;]<\/p>\n","protected":false},"author":1,"featured_media":0,"comment_status":"open","ping_status":"","sticky":false,"template":"","format":"standard","meta":{"footnotes":""},"categories":[89],"tags":[226,206],"class_list":["post-2042519","post","type-post","status-publish","format-standard","hentry","category-romania","tag-crawlmanager","tag-ziaruldelta-ro"],"_links":{"self":[{"href":"https:\/\/analyse.optim.biz\/index.php?rest_route=\/wp\/v2\/posts\/2042519","targetHints":{"allow":["GET"]}}],"collection":[{"href":"https:\/\/analyse.optim.biz\/index.php?rest_route=\/wp\/v2\/posts"}],"about":[{"href":"https:\/\/analyse.optim.biz\/index.php?rest_route=\/wp\/v2\/types\/post"}],"author":[{"embeddable":true,"href":"https:\/\/analyse.optim.biz\/index.php?rest_route=\/wp\/v2\/users\/1"}],"replies":[{"embeddable":true,"href":"https:\/\/analyse.optim.biz\/index.php?rest_route=%2Fwp%2Fv2%2Fcomments&post=2042519"}],"version-history":[{"count":0,"href":"https:\/\/analyse.optim.biz\/index.php?rest_route=\/wp\/v2\/posts\/2042519\/revisions"}],"wp:attachment":[{"href":"https:\/\/analyse.optim.biz\/index.php?rest_route=%2Fwp%2Fv2%2Fmedia&parent=2042519"}],"wp:term":[{"taxonomy":"category","embeddable":true,"href":"https:\/\/analyse.optim.biz\/index.php?rest_route=%2Fwp%2Fv2%2Fcategories&post=2042519"},{"taxonomy":"post_tag","embeddable":true,"href":"https:\/\/analyse.optim.biz\/index.php?rest_route=%2Fwp%2Fv2%2Ftags&post=2042519"}],"curies":[{"name":"wp","href":"https:\/\/api.w.org\/{rel}","templated":true}]}}