{"id":2042510,"date":"2026-07-13T06:02:17","date_gmt":"2026-07-13T03:02:17","guid":{"rendered":"https:\/\/analyse.optim.biz\/?p=2042510"},"modified":"2026-07-13T06:02:17","modified_gmt":"2026-07-13T03:02:17","slug":"pista-de-biciclete-de-36-de-kilometri-de-a-lungul-unui-drum-judetean-care-se-modernizeaza-in-timis-ar-asigura-legatura-intre-4-localitati","status":"publish","type":"post","link":"https:\/\/analyse.optim.biz\/?p=2042510","title":{"rendered":"Pist\u0103 de biciclete de 36 de kilometri de-a lungul unui drum jude\u021bean care se modernizeaz\u0103 \u00een Timi\u0219. Ar asigura leg\u0103tura \u00eentre 4 localit\u0103\u021bi"},"content":{"rendered":"<p>[analyse_image type=&#8221;featured&#8221; src=&#8221;https:\/\/www.opiniatimisoarei.ro\/wp-content\/uploads\/2026\/06\/pista-biciclete-drum-judetean-2-728&#215;336.jpghttps:\/\/www.opiniatimisoarei.ro\/wp-content\/uploads\/2026\/06\/pista-biciclete-drum-judetean-2.jpg&#8221;]<\/p>\n<div class=\"the_content\">\n<p><strong>TIMI\u0218OARA<\/strong>. Se preg\u0103te\u0219te un nou proiect care \u00eel va completa pe cel deja aflat \u00een lucru pe cel mai distrus \u0219i mai circulat drum jude\u021bean din Timi\u0219, aflat \u00een plin \u0219antier de modernizare.<\/p>\n<p><span><strong>CITE\u0218TE \u0218I: <\/strong><\/span><a href=\"https:\/\/www.opiniatimisoarei.ro\/actiune-fulger-a-politistilor-in-centru-la-timisoara-au-controlat-motociclisti-soferi-terase-parcuri-video\/12\/07\/2026\"><strong>Ac\u021biune fulger a poli\u021bi\u0219tilor \u00een centru la Timi\u0219oara. Au controlat motocicli\u0219ti, \u0219oferi, terase, parcuri. VIDEO<\/strong><\/a><\/p>\n<p><a href=\"https:\/\/www.opiniatimisoarei.ro\/wp-content\/uploads\/2026\/06\/pista-biciclete-drum-judetean-1.jpg\"><img loading=\"lazy\" decoding=\"async\" class=\"aligncenter size-full wp-image-880402\" src=\"https:\/\/www.opiniatimisoarei.ro\/wp-content\/uploads\/2026\/06\/pista-biciclete-drum-judetean-1.jpg\" alt=\"\" width=\"1080\" height=\"810\"><\/a><\/p>\n<p>Planul prevede construirea de piste de biciclete de-a lungul DJ691, imediat dup\u0103 nodul de intersec\u021bie cu Autostrada A1, dup\u0103 al doilea sens giratoriu, \u0219i p\u00e2n\u0103 la limita cu jude\u021bul Arad, piste care vor lega localit\u0103\u021bile Giarmata, Pischia, Fibis, Ma\u0219loc \u0219i Alio\u0219.<\/p>\n<p>Consiliul Jude\u021bean Timi\u0219 lucreaz\u0103 deja la acest proiect, a c\u0103rui documenta\u021bie a ajuns \u00een faza avizelor de mediu.<\/p>\n<p>Pistele pentru cicli\u0219ti pl\u0103nuite de CJT vor \u00eensuma 36 de kilometri care vor urma traseul drumului jude\u021bean spre Lipova aflat deja \u00een lucr\u0103ri de reabilitare, \u00eenc\u0103 din februarie. Proiectul face parte din Strategia de dezvoltare local\u0103 a jude\u021bului Timi\u0219.<\/p>\n<p><a href=\"https:\/\/www.opiniatimisoarei.ro\/wp-content\/uploads\/2026\/06\/harta-pista-dj691.jpg\"><img loading=\"lazy\" decoding=\"async\" class=\"aligncenter size-full wp-image-880405\" src=\"https:\/\/www.opiniatimisoarei.ro\/wp-content\/uploads\/2026\/06\/harta-pista-dj691.jpg\" alt=\"\" width=\"1000\" height=\"600\"><\/a><\/p>\n<p>Pistele sunt prev\u0103zute adiacent DJ691, p\u0103str\u00e2nd o zona de siguran\u021b\u0103. Vor avea o l\u0103\u021bime de 1,2 \u2013 2,5 m \u0219i vor fi \u00eencadrate de borduri.<\/p>\n<p>Mai mult, a fost g\u00e2ndit\u0103 \u0219i o variant\u0103 de umbrire. \u00cen proiectul de modernizare DJ 691 sector nod de desc\u0103rcare A1 \u2013 limit\u0103 jude\u021b Arad, e prev\u0103zut\u0103 plantarea a 525 de arbori \u0219i se va evita pe c\u00e2t posibil t\u0103ierea de copaci de pe traseu, astfel c\u0103 de aceast\u0103 strategie vor beneficia \u00een timp bicicli\u0219tii.<\/p>\n<p>Valoarea estimat\u0103 a investi\u021biei \u00een pistele de biciclete este de 19.208.302 lei f\u0103r\u0103 TVA, adic\u0103 aproximativ 4 milioane \u0219i jum\u0103tate de euro cu TVA.<\/p>\n<p>Urmeaz\u0103 ca lucr\u0103rile de amenajare s\u0103 fie scoase la licita\u021bie, iar din momentul \u00een care se va da ordinul de \u00eencepere, trebuie s\u0103 fie gata \u00een 4 luni.\u00a0<span class=\"dia_suggestion w0\">\u00cen<\/span><span class=\"dia_suggestion w1\">acela\u0219i<\/span><span class=\"dia_suggestion w2\">timp<\/span>, <span class=\"dia_suggestion w3\">se<\/span><span class=\"dia_suggestion w4\">caut\u0103<\/span> o <span class=\"dia_suggestion w6\">surs\u0103<\/span> de <span class=\"dia_suggestion w8\">finan\u021bare<\/span> pentru acest proiect.<\/p>\n<p><a href=\"https:\/\/www.opiniatimisoarei.ro\/wp-content\/uploads\/2026\/06\/pista-biciclete-drum-judetean-3.jpg\"><img loading=\"lazy\" decoding=\"async\" class=\"aligncenter size-full wp-image-880404\" src=\"https:\/\/www.opiniatimisoarei.ro\/wp-content\/uploads\/2026\/06\/pista-biciclete-drum-judetean-3.jpg\" alt=\"\" width=\"1080\" height=\"810\"><\/a><\/p>\n<p>V\u0103 reamintim, pe DJ691, lucr\u0103rile de modernizare sunt \u00een toi. Este vorba despre a doua etap\u0103 de reabilitare a drumului jude\u021bean, dup\u0103 ce segmentul Timi\u0219oara \u2013 Giarmata, prin Dumbr\u0103vi\u021ba, a fost deja ref\u0103cut \u0219i l\u0103rgit.<\/p>\n<p>Pe l\u00e2ng\u0103 repara\u021bii \u0219i asfaltarea complet\u0103 a carosabilului, se vor realiza \u0219i 12 sta\u021bii de autobuz, 34 de locuri de parcare, 6 sta\u021bii de \u00eenc\u0103rcare pentru ma\u0219ini electrice, 534 de accese la propriet\u0103\u021bi, iar peste 50 de pode\u021be vor fi reparate sau nou construite.<\/p>\n<p>Proiectul de peste 126 milioane lei este finan\u021bat cu bani europeni prin Programul Regional Vest 2021-2027 \u0219i este implementat de Consiliul Jude\u021bean Timi\u0219, care la r\u00e2ndul s\u0103u contribuie cu peste 26 de milioane.<\/p>\n<p>Modernizarea drumului jude\u021bean \u00eembun\u0103t\u0103\u021be\u0219te via\u021ba a 36.000 de oameni din localit\u0103\u021bile de pe traseu.<\/p>\n<p>***<\/p>\n<p><strong><span class=\"dia_suggestion w0\">Mai<\/span><span class=\"dia_suggestion w1\">multe<\/span><span class=\"dia_suggestion w2\">g\u0103si\u021bi<\/span> pe <span class=\"dia_suggestion w4\">pagina noastr<span class=\"dia_suggestion w0\">\u0103<\/span><\/span>\u00a0de <a href=\"https:\/\/www.facebook.com\/OpiniaTM\/?ref=page_internal\" target=\"_blank\" rel=\"noopener\">Facebook opiniatimisoarei.ro<\/a>!<\/strong><\/p>\n<p><strong><span class=\"dia_suggestion w0\">Dac\u0103<\/span><span class=\"dia_suggestion w1\">a\u021bi<\/span> fost martorii unui eveniment <span class=\"dia_suggestion w6\">sau<\/span><span class=\"dia_suggestion w7\">ai<\/span> unei <span class=\"dia_suggestion w9\">situa\u021bii<\/span><span class=\"dia_suggestion w10\">neobi\u0219nuite<\/span><span class=\"dia_suggestion w11\">care<\/span> ar <span class=\"dia_suggestion w13\">putea<\/span> deveni subiect de <span class=\"dia_suggestion w17\">\u0219tire<\/span>, <span class=\"dia_suggestion w18\">contacta\u021bi<\/span>-ne <span class=\"dia_suggestion w20\">la<\/span><span><a href=\"https:\/\/www.opiniatimisoarei.ro\/cdn-cgi\/l\/email-protection\" class=\"__cf_email__\" data-cfemail=\"ec9e89888d8f988589ac839c8582858d988581859f838d9e8985c29e83\">[email\u00a0protected]<\/a>,<\/span>\u00a0 pe <a href=\"https:\/\/www.facebook.com\/OpiniaTM\">FB<\/a><span>sau pe contul nostru de<\/span><a href=\"https:\/\/www.instagram.com\/opiniatimisoarei.ro\/\" target=\"_blank\" rel=\"noopener\">Instagram<\/a>!<\/strong><\/p>\n<p><strong><span>CITESTE SI<\/span>: <a href=\"https:\/\/www.opiniatimisoarei.ro\/afli-primul-tot-ceea-ce-se-intampla-cu-adevarat-important-in-timisoara-si-in-regiune-cu-aplicatia-de-stiri-opinia-timisoarei-3-tipuri-de-alerte-te-tin-mereu-conectat-la-evenimente-descarca-gratuit-a\/31\/10\/2022\">Afli primul tot ceea ce se intampla cu adevarat important in Timisoara si in regiune cu Aplicatia de stiri Opinia Timisoarei. 3 tipuri de alerte te tin mereu conectat la evenimente. Descarca gratuit Aplicatia OT aici!<\/a><\/strong><\/p>\n<\/div>\n<p>[analyse_source url=&#8221;https:\/\/www.opiniatimisoarei.ro\/pista-de-biciclete-de-36-de-kilometri-de-a-lungul-unui-drum-judetean-care-se-modernizeaza-in-timis-va-asigura-legatura-intre-4-localitati\/13\/07\/2026&#8243;]<\/p>\n","protected":false},"excerpt":{"rendered":"<p>[analyse_image type=&#8221;featured&#8221; src=&#8221;https:\/\/www.opiniatimisoarei.ro\/wp-content\/uploads\/2026\/06\/pista-biciclete-drum-judetean-2-728&#215;336.jpghttps:\/\/www.opiniatimisoarei.ro\/wp-content\/uploads\/2026\/06\/pista-biciclete-drum-judetean-2.jpg&#8221;] TIMI\u0218OARA. Se preg\u0103te\u0219te un nou proiect care \u00eel va completa pe cel deja aflat \u00een lucru pe cel mai distrus \u0219i mai circulat drum jude\u021bean din Timi\u0219, aflat \u00een plin \u0219antier de modernizare. CITE\u0218TE \u0218I: Ac\u021biune fulger a poli\u021bi\u0219tilor \u00een centru la Timi\u0219oara. Au controlat motocicli\u0219ti, \u0219oferi, terase, parcuri. VIDEO Planul prevede [&hellip;]<\/p>\n","protected":false},"author":1,"featured_media":0,"comment_status":"open","ping_status":"","sticky":false,"template":"","format":"standard","meta":{"footnotes":""},"categories":[89],"tags":[226,190],"class_list":["post-2042510","post","type-post","status-publish","format-standard","hentry","category-romania","tag-crawlmanager","tag-opiniatimisoarei-ro"],"_links":{"self":[{"href":"https:\/\/analyse.optim.biz\/index.php?rest_route=\/wp\/v2\/posts\/2042510","targetHints":{"allow":["GET"]}}],"collection":[{"href":"https:\/\/analyse.optim.biz\/index.php?rest_route=\/wp\/v2\/posts"}],"about":[{"href":"https:\/\/analyse.optim.biz\/index.php?rest_route=\/wp\/v2\/types\/post"}],"author":[{"embeddable":true,"href":"https:\/\/analyse.optim.biz\/index.php?rest_route=\/wp\/v2\/users\/1"}],"replies":[{"embeddable":true,"href":"https:\/\/analyse.optim.biz\/index.php?rest_route=%2Fwp%2Fv2%2Fcomments&post=2042510"}],"version-history":[{"count":0,"href":"https:\/\/analyse.optim.biz\/index.php?rest_route=\/wp\/v2\/posts\/2042510\/revisions"}],"wp:attachment":[{"href":"https:\/\/analyse.optim.biz\/index.php?rest_route=%2Fwp%2Fv2%2Fmedia&parent=2042510"}],"wp:term":[{"taxonomy":"category","embeddable":true,"href":"https:\/\/analyse.optim.biz\/index.php?rest_route=%2Fwp%2Fv2%2Fcategories&post=2042510"},{"taxonomy":"post_tag","embeddable":true,"href":"https:\/\/analyse.optim.biz\/index.php?rest_route=%2Fwp%2Fv2%2Ftags&post=2042510"}],"curies":[{"name":"wp","href":"https:\/\/api.w.org\/{rel}","templated":true}]}}