{"id":2042504,"date":"2026-07-10T06:42:04","date_gmt":"2026-07-10T03:42:04","guid":{"rendered":"https:\/\/analyse.optim.biz\/?p=2042504"},"modified":"2026-07-10T06:42:04","modified_gmt":"2026-07-10T03:42:04","slug":"se-inchide-circulatia-prin-pasajul-solventul-la-timisoara-pana-la-craciun-dupa-o-pauza-de-jumatate-de-an-muncitorii-se-intorc-pe-santier-sa-puna-liniile-de-tramvai","status":"publish","type":"post","link":"https:\/\/analyse.optim.biz\/?p=2042504","title":{"rendered":"Se \u00eenchide circula\u021bia prin Pasajul Solventul la Timi\u0219oara p\u00e2n\u0103 la Cr\u0103ciun. Dup\u0103 o pauz\u0103 de jum\u0103tate de an, muncitorii se \u00eentorc pe \u0219antier s\u0103 pun\u0103 liniile de tramvai"},"content":{"rendered":"<p>[analyse_image type=&#8221;featured&#8221; src=&#8221;https:\/\/www.opiniatimisoarei.ro\/wp-content\/uploads\/2026\/07\/solventul-728&#215;336.jpghttps:\/\/www.opiniatimisoarei.ro\/wp-content\/uploads\/2026\/07\/solventul.jpg&#8221;]<\/p>\n<div class=\"the_content\">\n<p><strong><span class=\"dia_suggestion w28\">TIMI\u0218OARA<\/span><\/strong>. Nu s-a <span class=\"dia_suggestion w32\">mi\u0219cat<\/span> un <span class=\"dia_suggestion w34\">pai<\/span> de <span class=\"dia_suggestion w6\"><span class=\"dia_suggestion w9\"><span class=\"dia_suggestion w36\"><span class=\"dia_suggestion w39\"><span class=\"dia_suggestion w70\"><span class=\"dia_suggestion w101\"><span class=\"dia_suggestion w114\">la<\/span><\/span><\/span><\/span><\/span><\/span><\/span><span class=\"dia_suggestion w37\">Cr\u0103ciunul<\/span> trecut la Pasajul Solventul, unde de <span class=\"dia_suggestion w44\">mai<\/span> bine de <span class=\"dia_suggestion w15\">jum\u0103tate<\/span> de <span class=\"dia_suggestion w17\"><span class=\"dia_suggestion w49\"><span class=\"dia_suggestion w111\"><span class=\"dia_suggestion w175\">an<\/span><\/span><\/span><\/span><span class=\"dia_suggestion w19\"><span class=\"dia_suggestion w50\"><span class=\"dia_suggestion w72\">se<\/span><\/span><\/span><span class=\"dia_suggestion w51\">circul\u0103<\/span><span class=\"dia_suggestion w52\">\u00een<\/span> regim de <span class=\"dia_suggestion w22\">\u0219antier<\/span> pe o <span class=\"dia_suggestion w58\">singur\u0103<\/span><span class=\"dia_suggestion w59\">band\u0103<\/span>.<\/p>\n<p><span class=\"dia_suggestion w60\">La<\/span><span class=\"dia_suggestion w61\">deschiderea<\/span> traficului, <span class=\"dia_suggestion w63\">\u00een<\/span> 17 decembrie 2025, <span class=\"dia_suggestion w65\">reprezentan\u021bi<span class=\"dia_suggestion w157\">i<\/span><\/span><span class=\"dia_suggestion w66\">prim\u0103riei<\/span><span class=\"dia_suggestion w67\">anun\u021bau<\/span><span class=\"dia_suggestion w68\">c\u0103<\/span><span class=\"dia_suggestion w8\">p\u00e2n\u0103<\/span> la <span class=\"dia_suggestion w71\">prim\u0103var\u0103<\/span> se vor <span class=\"dia_suggestion w74\"><span class=\"dia_suggestion w165\">monta<\/span><\/span> liniile de tramvai <span class=\"dia_suggestion w3\"><span class=\"dia_suggestion w78\"><span class=\"dia_suggestion w169\">prin<\/span><\/span><\/span> pasaj, <span class=\"dia_suggestion w80\">\u00eens\u0103<\/span><span class=\"dia_suggestion w81\">asta<\/span> nu s-a <span class=\"dia_suggestion w85\">\u00eent\u00e2mplat<\/span>.<\/p>\n<p><strong><span>CITE\u0218TE \u0218I:<\/span><a href=\"https:\/\/www.opiniatimisoarei.ro\/consiliul-judetean-timis-a-dat-deja-primariei-timisoara-aproape-18-milioane-de-lei-ca-sa-termine-lucrarile-la-stadionul-lego-video\/09\/07\/2026\">Consiliul Jude\u021bean Timi\u0219 a dat deja Prim\u0103riei Timi\u0219oara aproape 18 milioane de lei ca s\u0103 termine lucr\u0103rile la stadionul lego. VIDEO<\/a><\/strong><\/p>\n<p>Acum, <span class=\"dia_suggestion w87\">administra\u021bia<\/span> Fritz <span class=\"dia_suggestion w89\">se pregate<span class=\"dia_suggestion w92\">\u0219<\/span>te de<\/span> reluarea <span class=\"dia_suggestion w91\">lucr\u0103rilor<\/span><span class=\"dia_suggestion w92\">\u0219i<\/span><span class=\"dia_suggestion w93\">\u00eenchiderea complet<span class=\"dia_suggestion w91\">\u0103<\/span> a<\/span> traficului rutier <span class=\"dia_suggestion w96\">\u00eencep\u00e2nd<\/span> cu 27 iulie <span class=\"dia_suggestion w99\">\u0219i<\/span><span class=\"dia_suggestion w8\">p\u00e2n\u0103<\/span><span class=\"dia_suggestion w6\"><span class=\"dia_suggestion w9\"><span class=\"dia_suggestion w36\"><span class=\"dia_suggestion w39\"><span class=\"dia_suggestion w70\"><span class=\"dia_suggestion w101\"><span class=\"dia_suggestion w114\">la<\/span><\/span><\/span><\/span><\/span><\/span><\/span><span class=\"dia_suggestion w37\">finele anului<\/span>.<\/p>\n<p class=\"western\" lang=\"en-US\" align=\"justify\"><span><span><span lang=\"ro-RO\">Tramvaiele de pe linia 5 vor fi \u00eenlocuite temporar cu autobuze \u00eencep\u00e2nd cu data de 5 august. <\/span><\/span><\/span><\/p>\n<p>De ce muncitorii au abandonat <span class=\"dia_suggestion w15\">jum\u0103tate<\/span> de <span class=\"dia_suggestion w17\"><span class=\"dia_suggestion w49\"><span class=\"dia_suggestion w111\"><span class=\"dia_suggestion w175\">an<\/span><\/span><\/span><\/span><span class=\"dia_suggestion w112\">\u0219antierul<\/span> de <span class=\"dia_suggestion w6\"><span class=\"dia_suggestion w9\"><span class=\"dia_suggestion w36\"><span class=\"dia_suggestion w39\"><span class=\"dia_suggestion w70\"><span class=\"dia_suggestion w101\"><span class=\"dia_suggestion w114\">la<\/span><\/span><\/span><\/span><\/span><\/span><\/span> Pasajul Solventul? Pentru <span class=\"dia_suggestion w68\">c\u0103<\/span><span class=\"dia_suggestion w119\">Prim\u0103ria<\/span><span class=\"dia_suggestion w7\">Timi\u0219oara<\/span> a <span class=\"dia_suggestion w122\">cump\u0103rat<\/span> cu <span class=\"dia_suggestion w124\">\u00eent\u00e2rziere<\/span> macazurile. Abia <span class=\"dia_suggestion w52\">\u00een<\/span> decembrie a lansat <span class=\"dia_suggestion w131\">licita\u021bia<\/span> pentru <span class=\"dia_suggestion w133\">achizi\u021bia<\/span> de \u2018<span class=\"dia_suggestion w135\">aparate<\/span><span class=\"dia_suggestion w136\">linii<\/span> tramvai\u2019 (o serie de <span class=\"dia_suggestion w141\">schimb\u0103toare<\/span> linie <span class=\"dia_suggestion w143\">cale<\/span><span class=\"dia_suggestion w144\">simpl\u0103<\/span>, altele automate <span class=\"dia_suggestion w92\">\u0219i<\/span> cozi <span class=\"dia_suggestion w149\">inima<\/span><span class=\"dia_suggestion w150\">\u0219i<span class=\"dia_suggestion w171\">n<\/span>\u0103<\/span>), necesare <span class=\"dia_suggestion w152\">finaliz\u0103rii<\/span><span class=\"dia_suggestion w153\">investi\u021biei<\/span>, <span class=\"dia_suggestion w99\">\u0219i<\/span> acum <span class=\"dia_suggestion w157\">\u00eei<\/span><span class=\"dia_suggestion w158\">sunt<\/span> furnizate.<\/p>\n<p>Constructorul nu doar <span class=\"dia_suggestion w68\">c\u0103<\/span><span class=\"dia_suggestion w164\"><span class=\"dia_suggestion w177\">va<\/span><\/span><span class=\"dia_suggestion w74\"><span class=\"dia_suggestion w165\">monta<\/span><\/span> liniile de tramvai <span class=\"dia_suggestion w3\"><span class=\"dia_suggestion w78\"><span class=\"dia_suggestion w169\">prin<\/span><\/span><\/span> pasaj <span class=\"dia_suggestion w52\">\u00een<\/span><span class=\"dia_suggestion w172\">urm\u0103toarea<\/span><span class=\"dia_suggestion w15\">jum\u0103tate<\/span> de <span class=\"dia_suggestion w17\"><span class=\"dia_suggestion w49\"><span class=\"dia_suggestion w111\"><span class=\"dia_suggestion w175\">an<\/span><\/span><\/span><\/span>, dar va <span class=\"dia_suggestion w92\">\u0219i<\/span><span class=\"dia_suggestion w179\">muta<\/span>\u00a0<span class=\"dia_suggestion w180\">bucla<\/span>\u00a0de <span class=\"dia_suggestion w182\">\u00eentoarcere<\/span> dinspre <span class=\"dia_suggestion w184\">Bogdanestilor<\/span> pe amplasamentul final.<\/p>\n<p><a href=\"https:\/\/www.opiniatimisoarei.ro\/wp-content\/uploads\/2026\/07\/solventul-4.jpg\"><img loading=\"lazy\" decoding=\"async\" class=\"aligncenter size-full wp-image-882654\" src=\"https:\/\/www.opiniatimisoarei.ro\/wp-content\/uploads\/2026\/07\/solventul-4.jpg\" alt=\"\" width=\"1080\" height=\"555\"><\/a><\/p>\n<h2><span><strong>Cu contract semnat din 2020, poate va fi gata \u00een 2026<\/strong><\/span><\/h2>\n<p>V\u0103 reamintim, Pasajul Solventul are 87 metri, e prev\u0103zut cu \u0219osea cu dou\u0103 benzi pe sens, linie dubl\u0103 de tramvai, trotuare \u0219i piste de biciclete. Asigura leg\u0103tura \u00eentre D\u00e2mbovi\u021ba \u0219i Rona\u021b.<br \/>\nConstruc\u021bia cost\u0103 132 de milioane de lei, din care 89 de milioane de lei de la bugetul local \u0219i 43 de milioane prin Programul Anghel Saligny.<br \/>\nPrim\u0103ria a predat amplasamentul de la Pasajul Solventul c\u0103tre constructor \u00een 2022. Contractul de proiectare \u0219i execu\u021bie era semnat \u00eenc\u0103 din vara lui 2020.<\/p>\n<iframe loading=\"lazy\" title=\"Pasajul Solventul - Stadiu lucr\u0103ri 09.07.2026 Timi\u0219oara\" width=\"728\" height=\"410\" src=\"https:\/\/www.youtube.com\/embed\/G1Zi8ft_rp8?feature=oembed&amp;wmode=opaque&amp;rel=0\" frameborder allow=\"accelerometer; autoplay; clipboard-write; encrypted-media; gyroscope; picture-in-picture; web-share\" referrerpolicy=\"strict-origin-when-cross-origin\" allowfullscreen><\/iframe>\n<p>Chiar dac\u0103 liniile de tramvai vor fi gata in urmatoarele 6 luni, garniturile vor trece prin pasaj abia peste c\u00e2\u021biva ani, c\u00e2nd se va prelungi traseul pe bulevardul G\u0103rii, respectiv c\u00e2nd va fi construit podul peste Bega \u0219i drumul c\u0103tre bulevardul D\u00e2mbovi\u021ba.<\/p>\n<p>***<\/p>\n<p><strong><span class=\"dia_suggestion w0\">Mai<\/span><span class=\"dia_suggestion w1\">multe<\/span><span class=\"dia_suggestion w2\">g\u0103si\u021bi<\/span> pe <span class=\"dia_suggestion w4\">pagina noastr<span class=\"dia_suggestion w0\">\u0103<\/span><\/span>\u00a0de <a href=\"https:\/\/www.facebook.com\/OpiniaTM\/?ref=page_internal\" target=\"_blank\" rel=\"noopener\">Facebook opiniatimisoarei.ro<\/a>!<\/strong><\/p>\n<p><strong><span class=\"dia_suggestion w0\">Dac\u0103<\/span><span class=\"dia_suggestion w1\">a\u021bi<\/span> fost martorii unui eveniment <span class=\"dia_suggestion w6\">sau<\/span><span class=\"dia_suggestion w7\">ai<\/span> unei <span class=\"dia_suggestion w9\">situa\u021bii<\/span><span class=\"dia_suggestion w10\">neobi\u0219nuite<\/span><span class=\"dia_suggestion w11\">care<\/span> ar <span class=\"dia_suggestion w13\">putea<\/span> deveni subiect de <span class=\"dia_suggestion w17\">\u0219tire<\/span>, <span class=\"dia_suggestion w18\">contacta\u021bi<\/span>-ne <span class=\"dia_suggestion w20\">la<\/span><span><a href=\"https:\/\/www.opiniatimisoarei.ro\/cdn-cgi\/l\/email-protection\" class=\"__cf_email__\" data-cfemail=\"473522232624332e220728372e292e26332e2a2e34282635222e693528\">[email\u00a0protected]<\/a>,<\/span>\u00a0 pe <a href=\"https:\/\/www.facebook.com\/OpiniaTM\">FB<\/a><span>sau pe contul nostru de<\/span><a href=\"https:\/\/www.instagram.com\/opiniatimisoarei.ro\/\" target=\"_blank\" rel=\"noopener\">Instagram<\/a>!<\/strong><\/p>\n<p><strong><span>CITE\u0218TE \u0218I<\/span>: <a href=\"https:\/\/www.opiniatimisoarei.ro\/afli-primul-tot-ceea-ce-se-intampla-cu-adevarat-important-in-timisoara-si-in-regiune-cu-aplicatia-de-stiri-opinia-timisoarei-3-tipuri-de-alerte-te-tin-mereu-conectat-la-evenimente-descarca-gratuit-a\/31\/10\/2022\">Afli primul tot ceea ce se intampla cu adevarat important in Timisoara si in regiune cu Aplicatia de stiri Opinia Timisoarei. 3 tipuri de alerte te tin mereu conectat la evenimente. Descarca gratuit Aplicatia OT aici!<\/a><\/strong><\/p>\n<p>\u00a0<\/p>\n<p>\u00a0<\/p>\n<\/div>\n<p>[analyse_source url=&#8221;https:\/\/www.opiniatimisoarei.ro\/se-inchide-circulatia-prin-pasajul-solventul-la-timisoara-pana-la-craciun-dupa-o-pauza-de-jumatate-de-an-muncitorii-se-intorc-pe-santier-sa-puna-liniile-de-tramvai\/10\/07\/2026&#8243;]<\/p>\n","protected":false},"excerpt":{"rendered":"<p>[analyse_image type=&#8221;featured&#8221; src=&#8221;https:\/\/www.opiniatimisoarei.ro\/wp-content\/uploads\/2026\/07\/solventul-728&#215;336.jpghttps:\/\/www.opiniatimisoarei.ro\/wp-content\/uploads\/2026\/07\/solventul.jpg&#8221;] TIMI\u0218OARA. Nu s-a mi\u0219cat un pai de laCr\u0103ciunul trecut la Pasajul Solventul, unde de mai bine de jum\u0103tate de ansecircul\u0103\u00een regim de \u0219antier pe o singur\u0103band\u0103. Ladeschiderea traficului, \u00een 17 decembrie 2025, reprezentan\u021biiprim\u0103rieianun\u021bauc\u0103p\u00e2n\u0103 la prim\u0103var\u0103 se vor monta liniile de tramvai prin pasaj, \u00eens\u0103asta nu s-a \u00eent\u00e2mplat. CITE\u0218TE \u0218I:Consiliul Jude\u021bean Timi\u0219 a [&hellip;]<\/p>\n","protected":false},"author":1,"featured_media":0,"comment_status":"open","ping_status":"","sticky":false,"template":"","format":"standard","meta":{"footnotes":""},"categories":[89],"tags":[226,190],"class_list":["post-2042504","post","type-post","status-publish","format-standard","hentry","category-romania","tag-crawlmanager","tag-opiniatimisoarei-ro"],"_links":{"self":[{"href":"https:\/\/analyse.optim.biz\/index.php?rest_route=\/wp\/v2\/posts\/2042504","targetHints":{"allow":["GET"]}}],"collection":[{"href":"https:\/\/analyse.optim.biz\/index.php?rest_route=\/wp\/v2\/posts"}],"about":[{"href":"https:\/\/analyse.optim.biz\/index.php?rest_route=\/wp\/v2\/types\/post"}],"author":[{"embeddable":true,"href":"https:\/\/analyse.optim.biz\/index.php?rest_route=\/wp\/v2\/users\/1"}],"replies":[{"embeddable":true,"href":"https:\/\/analyse.optim.biz\/index.php?rest_route=%2Fwp%2Fv2%2Fcomments&post=2042504"}],"version-history":[{"count":0,"href":"https:\/\/analyse.optim.biz\/index.php?rest_route=\/wp\/v2\/posts\/2042504\/revisions"}],"wp:attachment":[{"href":"https:\/\/analyse.optim.biz\/index.php?rest_route=%2Fwp%2Fv2%2Fmedia&parent=2042504"}],"wp:term":[{"taxonomy":"category","embeddable":true,"href":"https:\/\/analyse.optim.biz\/index.php?rest_route=%2Fwp%2Fv2%2Fcategories&post=2042504"},{"taxonomy":"post_tag","embeddable":true,"href":"https:\/\/analyse.optim.biz\/index.php?rest_route=%2Fwp%2Fv2%2Ftags&post=2042504"}],"curies":[{"name":"wp","href":"https:\/\/api.w.org\/{rel}","templated":true}]}}