{"id":2042501,"date":"2026-07-14T08:21:26","date_gmt":"2026-07-14T05:21:26","guid":{"rendered":"https:\/\/analyse.optim.biz\/?p=2042501"},"modified":"2026-07-14T08:21:26","modified_gmt":"2026-07-14T05:21:26","slug":"se-schimba-intrarile-in-timis-totemuri-cu-monumente-istorice-obiective-turistice-sau-alte-simboluri-ale-judetului","status":"publish","type":"post","link":"https:\/\/analyse.optim.biz\/?p=2042501","title":{"rendered":"Se schimb\u0103 intr\u0103rile \u00een Timi\u0219. Totemuri cu monumente istorice, obiective turistice sau alte simboluri ale jude\u021bului"},"content":{"rendered":"<p>[analyse_image type=&#8221;featured&#8221; src=&#8221;https:\/\/www.opiniatimisoarei.ro\/wp-content\/uploads\/2026\/07\/intrari-timis-1-728&#215;336.jpghttps:\/\/www.opiniatimisoarei.ro\/wp-content\/uploads\/2026\/07\/intrari-timis-1.jpg&#8221;]<\/p>\n<div class=\"the_content\">\n<p><strong>TIMI\u0218OARA<\/strong>. Consiliul Jude\u021bean Timi\u0219 vrea s\u0103 schimbe felul \u00een care arata intrarile \u00een jude\u021b.<\/p>\n<p>Astfel, vor fi amplasate totemuri pe toate c\u0103ile rutiere. Acestea vor avea imagini cu monumente istorice, obiective turistice \u0219i simboluri naturale.<\/p>\n<p><strong><span>CITE\u0218TE \u0218I:<\/span><a href=\"https:\/\/www.opiniatimisoarei.ro\/sensuri-giratorii-la-fel-pe-toate-drumurile-judetene-din-timis-modelul-dezvaluit-foto\/16\/04\/2026\">Sensuri giratorii la fel pe toate drumurile jude\u021bene din Timi\u0219. Modelul, dezv\u0103luit. FOTO<\/a><\/strong><\/p>\n<p>\u201d<strong>Preg\u0103tim un proiect prin care, pe principalele drumuri na\u021bionale \u0219i jude\u021bene, vom amplasa construc\u021bii care vor marca intrarea \u00een Timi\u0219. Nu vorbim despre simple panouri, ci despre un proiect de identitate vizual\u0103 cu simboluri reprezentative pentru jude\u021bul nostru. <\/strong><\/p>\n<p><strong>Ast\u0103zi, traversezi grani\u021ba dintre jude\u021be \u0219i, de multe ori, nici nu \u00ee\u021bi dai seama c\u0103 ai intrat \u00een Timi\u0219. Vrem s\u0103 schimb\u0103m acest lucru. Proiectul va spune cine suntem \u0219i ce reprezint\u0103 acest jude\u021b \u00eentr-o abordare modern\u0103 \u0219i elegant\u0103<\/strong>\u201d, a transmis Alfred Simonis, pre\u0219edintele Consiliului Jude\u021bean Timi\u0219.<\/p>\n<p>Proiectul presupune instalarea unor totemuri adaptate fiec\u0103rei zone, care vor integra elemente reprezentative ale Timi\u0219ului: monumente istorice, obiective turistice \u0219i simboluri naturale. De la Catedrala Mitropolitan\u0103, Bastionul Maria Theresia, Castelul Huniade, Opera din Timi\u0219oara \u0219i Castelul de la Banloc ori cel de la Foeni, p\u00e2n\u0103 la Canalul Bega sau laleaua pestri\u021b\u0103.<\/p>\n<p>\u201d<strong>Totemurile de pe fiecare drum de intrare \u00een Timi\u0219 vor avea afi\u0219ate simboluri locale ce vor fi realizate de arti\u0219ti tineri. De asemenea, integr\u0103m \u0219i tricolorul \u00een acest demers artistic. Prin acest proiect vrem s\u0103 transmitem, chiar de la intrarea \u00een jude\u021b, c\u0103 Timi\u0219ul are personalitate, are un patrimoniu vast, dar \u0219i respect pentru spa\u021biul public. <\/strong><\/p>\n<p><strong>Totemurile vor avea dimensiuni diferite, \u00een func\u021bie de categoria drumului pe care vor fi instalate. Materialele folosite \u0219i iluminatul arhitectural vor fi integrate \u00een peisaj astfel \u00eenc\u00e2t ansamblul s\u0103 fie discret, dar u\u0219or de recunoscut. Ne dorim ca, peste c\u00e2\u021biva ani, fiecare om care intr\u0103 \u00een Timi\u0219 s\u0103 \u0219tie imediat unde se afl\u0103. Intr\u0103rile \u00een jude\u021b trebuie s\u0103 devin\u0103 repere de identitate vizual\u0103, reprezentative \u0219i imposibil de confundat, dup\u0103 modelul regiunilor europene care \u0219i-au construit o imagine distinct\u0103<\/strong>\u201d, a mai transmis Simonis.<\/p>\n<div id=\"gallery-1\" class=\"gallery optm-gallery galleryid-882946\">\n<div class=\"optm-galcont\"><a href=\"https:\/\/www.opiniatimisoarei.ro\/wp-content\/uploads\/2026\/07\/intrari-timis-4.jpg\"><img decoding=\"async\" src=\"https:\/\/www.opiniatimisoarei.ro\/wp-content\/uploads\/2026\/07\/intrari-timis-4-300x169.jpg\"><\/a><a href=\"https:\/\/www.opiniatimisoarei.ro\/wp-content\/uploads\/2026\/07\/intrari-timis-3.jpg\"><img decoding=\"async\" src=\"https:\/\/www.opiniatimisoarei.ro\/wp-content\/uploads\/2026\/07\/intrari-timis-3-300x169.jpg\"><\/a><a href=\"https:\/\/www.opiniatimisoarei.ro\/wp-content\/uploads\/2026\/07\/intrari-timis-2.jpg\"><img decoding=\"async\" src=\"https:\/\/www.opiniatimisoarei.ro\/wp-content\/uploads\/2026\/07\/intrari-timis-2-300x169.jpg\"><\/a><a href=\"https:\/\/www.opiniatimisoarei.ro\/wp-content\/uploads\/2026\/07\/intrari-timis-1.jpg\"><img decoding=\"async\" src=\"https:\/\/www.opiniatimisoarei.ro\/wp-content\/uploads\/2026\/07\/intrari-timis-1-300x169.jpg\"><\/a><\/div>\n<\/div>\n<p>***<\/p>\n<p><strong><span class=\"dia_suggestion w0\">Mai<\/span><span class=\"dia_suggestion w1\">multe<\/span><span class=\"dia_suggestion w2\">g\u0103si\u021bi<\/span> pe <span class=\"dia_suggestion w4\">pagina noastr<span class=\"dia_suggestion w0\">\u0103<\/span><\/span>\u00a0de <a href=\"https:\/\/www.facebook.com\/OpiniaTM\/?ref=page_internal\" target=\"_blank\" rel=\"noopener\">Facebook opiniatimisoarei.ro<\/a>!<\/strong><\/p>\n<p><strong><span class=\"dia_suggestion w0\">Dac\u0103<\/span><span class=\"dia_suggestion w1\">a\u021bi<\/span> fost martorii unui eveniment <span class=\"dia_suggestion w6\">sau<\/span><span class=\"dia_suggestion w7\">ai<\/span> unei <span class=\"dia_suggestion w9\">situa\u021bii<\/span><span class=\"dia_suggestion w10\">neobi\u0219nuite<\/span><span class=\"dia_suggestion w11\">care<\/span> ar <span class=\"dia_suggestion w13\">putea<\/span> deveni subiect de <span class=\"dia_suggestion w17\">\u0219tire<\/span>, <span class=\"dia_suggestion w18\">contacta\u021bi<\/span>-ne <span class=\"dia_suggestion w20\">la<\/span><span><a href=\"https:\/\/www.opiniatimisoarei.ro\/cdn-cgi\/l\/email-protection\" class=\"__cf_email__\" data-cfemail=\"3f4d5a5b5e5c4b565a7f504f5651565e4b5652564c505e4d5a56114d50\">[email\u00a0protected]<\/a>,<\/span>\u00a0 pe <a href=\"https:\/\/www.facebook.com\/OpiniaTM\">FB<\/a><span>sau pe contul nostru de<\/span><a href=\"https:\/\/www.instagram.com\/opiniatimisoarei.ro\/\" target=\"_blank\" rel=\"noopener\">Instagram<\/a>!<\/strong><\/p>\n<p><strong><span>CITE\u0218TE \u0218I<\/span>: <a href=\"https:\/\/www.opiniatimisoarei.ro\/afli-primul-tot-ceea-ce-se-intampla-cu-adevarat-important-in-timisoara-si-in-regiune-cu-aplicatia-de-stiri-opinia-timisoarei-3-tipuri-de-alerte-te-tin-mereu-conectat-la-evenimente-descarca-gratuit-a\/31\/10\/2022\">Afli primul tot ceea ce se intampla cu adevarat important in Timisoara si in regiune cu Aplicatia de stiri Opinia Timisoarei. 3 tipuri de alerte te tin mereu conectat la evenimente. Descarca gratuit Aplicatia OT aici!<\/a><\/strong><\/p>\n<\/div>\n<p>[analyse_source url=&#8221;https:\/\/www.opiniatimisoarei.ro\/se-schimba-intrarile-in-timis-totemuri-cu-monumente-istorice-obiective-turistice-sau-alte-simboluri-ale-judetului\/14\/07\/2026&#8243;]<\/p>\n","protected":false},"excerpt":{"rendered":"<p>[analyse_image type=&#8221;featured&#8221; src=&#8221;https:\/\/www.opiniatimisoarei.ro\/wp-content\/uploads\/2026\/07\/intrari-timis-1-728&#215;336.jpghttps:\/\/www.opiniatimisoarei.ro\/wp-content\/uploads\/2026\/07\/intrari-timis-1.jpg&#8221;] TIMI\u0218OARA. Consiliul Jude\u021bean Timi\u0219 vrea s\u0103 schimbe felul \u00een care arata intrarile \u00een jude\u021b. Astfel, vor fi amplasate totemuri pe toate c\u0103ile rutiere. Acestea vor avea imagini cu monumente istorice, obiective turistice \u0219i simboluri naturale. CITE\u0218TE \u0218I:Sensuri giratorii la fel pe toate drumurile jude\u021bene din Timi\u0219. Modelul, dezv\u0103luit. FOTO \u201dPreg\u0103tim un proiect [&hellip;]<\/p>\n","protected":false},"author":1,"featured_media":0,"comment_status":"open","ping_status":"","sticky":false,"template":"","format":"standard","meta":{"footnotes":""},"categories":[89],"tags":[226,190],"class_list":["post-2042501","post","type-post","status-publish","format-standard","hentry","category-romania","tag-crawlmanager","tag-opiniatimisoarei-ro"],"_links":{"self":[{"href":"https:\/\/analyse.optim.biz\/index.php?rest_route=\/wp\/v2\/posts\/2042501","targetHints":{"allow":["GET"]}}],"collection":[{"href":"https:\/\/analyse.optim.biz\/index.php?rest_route=\/wp\/v2\/posts"}],"about":[{"href":"https:\/\/analyse.optim.biz\/index.php?rest_route=\/wp\/v2\/types\/post"}],"author":[{"embeddable":true,"href":"https:\/\/analyse.optim.biz\/index.php?rest_route=\/wp\/v2\/users\/1"}],"replies":[{"embeddable":true,"href":"https:\/\/analyse.optim.biz\/index.php?rest_route=%2Fwp%2Fv2%2Fcomments&post=2042501"}],"version-history":[{"count":0,"href":"https:\/\/analyse.optim.biz\/index.php?rest_route=\/wp\/v2\/posts\/2042501\/revisions"}],"wp:attachment":[{"href":"https:\/\/analyse.optim.biz\/index.php?rest_route=%2Fwp%2Fv2%2Fmedia&parent=2042501"}],"wp:term":[{"taxonomy":"category","embeddable":true,"href":"https:\/\/analyse.optim.biz\/index.php?rest_route=%2Fwp%2Fv2%2Fcategories&post=2042501"},{"taxonomy":"post_tag","embeddable":true,"href":"https:\/\/analyse.optim.biz\/index.php?rest_route=%2Fwp%2Fv2%2Ftags&post=2042501"}],"curies":[{"name":"wp","href":"https:\/\/api.w.org\/{rel}","templated":true}]}}