{"id":2042476,"date":"2026-07-14T10:00:34","date_gmt":"2026-07-14T07:00:34","guid":{"rendered":"https:\/\/analyse.optim.biz\/?p=2042476"},"modified":"2026-07-14T10:00:34","modified_gmt":"2026-07-14T07:00:34","slug":"guvernul-obligat-in-instanta-sa-spuna-in-ce-hotarari-se-ascunde-ajutorul-militar-dat-ucrainei-nu-si-cat-valoreaza","status":"publish","type":"post","link":"https:\/\/analyse.optim.biz\/?p=2042476","title":{"rendered":"Guvernul, obligat \u00een instan\u0163\u0103 s\u0103 spun\u0103 \u00een ce hot\u0103r\u00e2ri se ascunde ajutorul militar dat Ucrainei. Nu \u015fi c\u00e2t valoreaz\u0103"},"content":{"rendered":"<p>[analyse_image type=&#8221;featured&#8221; src=&#8221;https:\/\/r3media.ro\/wp-content\/uploads\/2024\/03\/patriot-1536&#215;865-1-e1715608690783.webphttps:\/\/r3media.ro\/wp-content\/uploads\/2024\/03\/patriot-1536&#215;865-1-e1715608690783.webp&#8221;]<\/p>\n<article id=\"template-id-109\" class=\"post-109 tdb_templates type-tdb_templates status-publish post\">\n<div id=\"tdi_2\" class=\"tdc-zone\">\n<div class=\"tdc_zone tdi_3  wpb_row td-pb-row\">\n<div id=\"tdi_4\" class=\"tdc-row\">\n<div class=\"vc_row tdi_5  wpb_row td-pb-row\">\n<div class=\"vc_column tdi_7  wpb_column vc_column_container tdc-column td-pb-span8\">\n<div class=\"wpb_wrapper\">\n<div class=\"td_block_wrap tdb_breadcrumbs tdi_8 td-pb-border-top td_block_template_1 tdb-breadcrumbs \" data-td-block-uid=\"tdi_8\">\n<div class=\"tdb-block-inner td-fix-index\"><span><a title=\"Vede\u021bi toate articolele \u00een FEATURED\" class=\"tdb-entry-crumb\" href=\"https:\/\/r3media.ro\/category\/featured\/\">FEATURED<\/a><\/span><span class=\"tdb-bred-no-url-last\">Guvernul, obligat \u00een instan\u0163\u0103 s\u0103 spun\u0103 \u00een ce hot\u0103r\u00e2ri se ascunde ajutorul&#8230;<\/span><\/div>\n<\/div>\n<div class=\"td_block_wrap tdb_single_categories tdi_9 td-pb-border-top td_block_template_1 \" data-td-block-uid=\"tdi_9\">\n<div class=\"tdb-category td-fix-index\"><a class=\"tdb-entry-category\" href=\"https:\/\/r3media.ro\/category\/featured\/\">FEATURED<\/a><a class=\"tdb-entry-category\" href=\"https:\/\/r3media.ro\/category\/stiri\/\">\u0218TIRI<\/a><\/div>\n<\/div>\n<div class=\"td_block_wrap tdb_title tdi_10 tdb-single-title td-pb-border-top td_block_template_1\" data-td-block-uid=\"tdi_10\">\n<div class=\"tdb-block-inner td-fix-index\">\n<h1 class=\"tdb-title-text\">Guvernul, obligat \u00een instan\u0163\u0103 s\u0103 spun\u0103 \u00een ce hot\u0103r\u00e2ri se ascunde ajutorul militar dat Ucrainei. Nu \u015fi c\u00e2t valoreaz\u0103<\/h1>\n<\/div>\n<\/div>\n<div class=\"vc_row_inner tdi_12  vc_row vc_inner wpb_row td-pb-row\">\n<div class=\"vc_column_inner tdi_14  wpb_column vc_column_container tdc-inner-column td-pb-span12\">\n<div class=\"vc_column-inner\">\n<div class=\"wpb_wrapper\">\n<div class=\"td_block_wrap tdb_single_author tdi_15 td-pb-border-top td_block_template_1 tdb-post-meta\" data-td-block-uid=\"tdi_15\">\n<div class=\"tdb-block-inner td-fix-index\">\n<div class=\"tdb-author-name-wrap\"><a class=\"tdb-author-name\" href=\"https:\/\/r3media.ro\/author\/redactia\/\">Redac\u021bia<\/a><\/div>\n<\/div>\n<\/div>\n<div class=\"td_block_wrap tdb_single_date tdi_16 td-pb-border-top td_block_template_1 tdb-post-meta\" data-td-block-uid=\"tdi_16\">\n<div class=\"tdb-block-inner td-fix-index\"><time class=\"entry-date updated td-module-date\" datetime=\"2026-07-14T13:00:34+03:00\">14\/07\/2026<\/time><\/div>\n<\/div>\n<\/div>\n<\/div>\n<\/div>\n<\/div>\n<div class=\"td_block_wrap tdb_single_content tdi_18 td-pb-border-top td_block_template_1 td-post-content tagdiv-type\" data-td-block-uid=\"tdi_18\">\n<div class=\"tdb-block-inner td-fix-index\">\n<p><strong>APADOR-CH a c\u00e2\u015ftigat, \u00een prim\u0103 instan\u0163\u0103, procesul intentat Guvernului pentru refuzul de a comunica num\u0103rul \u015fi data hot\u0103r\u00e2rilor prin care Rom\u00e2nia a aprobat ajutoare militare pentru Ucraina din 2020 \u00eencoace, informeaz\u0103 <a href=\"https:\/\/www.news.ro\/justitie\/apador-ch-castiga-prima-instanta-procesul-guvernul-privind-secretizarea-ajutoarelor-militare-ucraina-executivul-obligat-spuna-numarul-data-hotararilor-au-acordate-ajutoarele-militare-ucraina-1922402814402026071222516287\" target=\"_blank\" rel=\"noopener\">News.ro.<\/a><\/strong><\/p>\n<p><strong>Valoarea acestora r\u0103m\u00e2ne, \u00een continuare, necunoscut\u0103.<\/strong><\/p>\n<p>Tribunalul Bucure\u015fti a admis integral, pe 9 iulie, cererea Asocia\u0163iei pentru Ap\u0103rarea Drepturilor Omului \u00een Rom\u00e2nia \u2013 Comitetul Helsinki (APADOR-CH) \u015fi a obligat Guvernul, reprezentat de Secretariatul General al Guvernului (SGG), s\u0103 comunice informa\u0163iile solicitate \u00eenc\u0103 din 9 septembrie 2025, potrivit unui comunicat al asocia\u0163iei. Prin aceea\u015fi hot\u0103r\u00e2re \u2014 nr. 7360\/2026 \u2014 instan\u0163a a respins ca ne\u00eentemeiat\u0103 excep\u0163ia lipsei calit\u0103\u0163ii procesuale pasive invocat\u0103 de SGG.<\/p>\n<p>Decizia poate fi atacat\u0103 cu recurs \u00een termen de 15 zile de la comunicare.<\/p>\n<h2>Ce a cerut, de fapt, APADOR-CH<\/h2>\n<p>Totul a pornit, spune APADOR-CH, de la o \u00eentrebare simpl\u0103: c\u00e2t valoreaz\u0103, \u00een bani, ajutoarele militare acordate de Rom\u00e2nia Ucrainei. Solicitarea a fost formulat\u0103 \u00een vara lui 2025, \u00een baza Legii nr. 544\/2001 privind accesul la informa\u0163iile de interes public.<\/p>\n<p>Ministerul Ap\u0103r\u0103rii Na\u0163ionale a r\u0103spuns c\u0103 informa\u0163iile ar fi clasificate, \u00eentruc\u00e2t se reg\u0103sesc \u00een hot\u0103r\u00e2ri de Guvern \u201enedestinate publicului\u201d.<\/p>\n<p>Asocia\u0163ia s-a reorientat atunci c\u0103tre SGG \u015fi a restr\u00e2ns cererea la un minim: num\u0103rul \u015fi data fiec\u0103rei hot\u0103r\u00e2ri de Guvern prin care au fost aprobate ajutoare militare pentru Ucraina, din 2020 p\u00e2n\u0103 \u00een prezent, iar dac\u0103 acele acte au fost clasificate \u2014 cine le-a clasificat, prin ce act, la ce dat\u0103 \u015fi la ce nivel, conform Legii nr. 182\/2002.<\/p>\n<p>Nu con\u0163inutul hot\u0103r\u00e2rilor, a\u015fadar, \u015fi nici detalii operative militare, ci doar existen\u0163a \u015fi regimul juridic al actelor, subliniaz\u0103 APADOR-CH.<\/p>\n<h2>Refuzul \u015fi contradic\u0163ia<\/h2>\n<p>Pe 17 septembrie 2025, SGG a refuzat, invoc\u00e2nd excep\u0163ia de la art. 12 alin. (1) lit. a) din Legea nr. 544\/2001, f\u0103r\u0103 a dovedi \u00eens\u0103 c\u0103 informa\u0163iile ar fi fost efectiv clasificate potrivit legii. Or, argumenteaz\u0103 asocia\u0163ia, simpla invocare a faptului c\u0103 o informa\u0163ie \u201e\u0163ine de ap\u0103rarea na\u0163ional\u0103\u201d nu e suficient\u0103: autoritatea trebuie s\u0103 demonstreze c\u0103 informa\u0163ia a fost clasificat\u0103 printr-un act concret, cu respectarea procedurii legale. A \u0163ine ascuns inclusiv num\u0103rul unui act normativ este, \u00een opinia APADOR-CH, \u201eo practic\u0103 absurd\u0103 \u015fi abuziv\u0103\u201d.<\/p>\n<p>Procesul a fost deschis \u00een octombrie 2025.<\/p>\n<p>La scurt timp, premierul Ilie Bolojan a declarat public c\u0103 va aduna \u015fi va face publice informa\u0163iile cerute \u2014 \u00een paralel, arat\u0103 asocia\u0163ia, reprezentan\u0163ii Guvernului sus\u0163ineau \u00een instan\u0163\u0103 exact contrariul. Printre argumentele respinse de judec\u0103tori: c\u0103 asocia\u0163ia nu ar avea interes s\u0103 cunoasc\u0103 num\u0103rul \u015fi data hot\u0103r\u00e2rilor, c\u0103 simpla lor cunoa\u015ftere ar periclita \u201evalori importante\u201d nespecificate, c\u0103 cererea nu ar avea obiect \u015fi c\u0103 Guvernul, fiind un organism colegial, nici nu ar putea fi dat \u00een judecat\u0103.<\/p>\n<p>APADOR-CH noteaz\u0103, ca ironie a dosarului, c\u0103 nu este prima dat\u0103 c\u00e2nd se judec\u0103 pentru informa\u0163ii publice cu Ilie Bolojan: \u00een 2002, asocia\u0163ia a c\u00e2\u015ftigat un proces \u00eempotriva SGG pentru desecretizarea stenogramelor \u015fedin\u0163elor de guvern, \u00eentr-o perioad\u0103 \u00een care institu\u0163ia era condus\u0103 tot de actualul premier.<\/p>\n<h2>Victorie, dar f\u0103r\u0103 cifre<\/h2>\n<p>Chiar \u015fi dup\u0103 c\u00e2\u015ftigarea procesului, valoarea real\u0103 a ajutoarelor acordate Ucrainei r\u0103m\u00e2ne necunoscut\u0103. Asocia\u0163ia are, cel mult, promisiunea c\u0103 va afla \u00een ce hot\u0103r\u00e2ri se ascund cifrele \u2014 nu \u015fi cifrele.<\/p>\n<p>Identificarea hot\u0103r\u00e2rilor e doar primul pas, avertizeaz\u0103 APADOR-CH: pe baza lor vor putea fi cerute informa\u0163ii despre sumele efective, iar \u00een caz de refuz va fi nevoie de un nou proces.<\/p>\n<p>Termenele se pot \u00eentinde, \u00een acest ritm, pe ani. P\u00e2n\u0103 acum, spune asocia\u0163ia, nu exist\u0103 date oficiale, ci doar afirma\u0163ii par\u0163iale \u015fi contradictorii, sc\u0103pate de politicieni prin interviuri.<\/p>\n<p>Asocia\u0163ia reclam\u0103 \u015fi o deficien\u0163\u0103 a legii, care nu prevede sanc\u0163iuni distincte \u015fi descurajante pentru autorit\u0103\u0163ile care \u00eencalc\u0103 dreptul de acces la informa\u0163ii: o institu\u0163ie poate refuza ilegal \u00een c\u00e2teva minute, \u00een timp ce obligarea ei s\u0103 respecte legea dureaz\u0103 luni sau ani.<\/p>\n<p>Ajutoarele pentru Ucraina provin din bani publici, aminte\u015fte APADOR-CH, iar cet\u0103\u0163enii ar trebui s\u0103 \u015ftie, m\u0103car la nivel minimal, cum au fost luate deciziile \u2014 cu at\u00e2t mai mult cu c\u00e2t acela\u015fi Guvern le cere eforturi bugetare \u015fi m\u0103suri de austeritate.<\/p>\n<p>Secretomania institu\u0163ional\u0103, sus\u0163ine asocia\u0163ia, nu protejeaz\u0103 securitatea na\u0163ional\u0103, ci alimenteaz\u0103 ne\u00eencrederea \u015fi narativele conspira\u0163ioniste.<\/p>\n<div class=\"crp_related     crp-masonry\">\n<h2>\u00ceN CONTEXT<\/h2>\n<ul>\n<li><a href=\"https:\/\/r3media.ro\/romania-ar-trebui-sa-sustina-planul-trump-de-pace-pentru-ucraina\/\" class=\"crp_link post-114245\"><span class=\"crp_title\">Rom\u00e2nia ar trebui s\u0103 sus\u021bin\u0103 \u201eplanul Trump\u201d de pace pentru Ucraina<\/span><\/a><\/li>\n<li><a href=\"https:\/\/r3media.ro\/ca-de-la-aliat-la-aliat-biserica-de-stat-a-ucrainei-ataca-dur-patriarhia-romana-in-cazul-romanilor-din-ucraina\/\" class=\"crp_link post-111802\"><span class=\"crp_title\">Ca de la aliat la aliat: Biserica de stat a Ucrainei atac\u0103 dur Patriarhia Rom\u00e2n\u0103, \u00een cazul\u2026<\/span><\/a><\/li>\n<li><a href=\"https:\/\/r3media.ro\/intrebare-vinovati-masacru-fantana-alba\/\" class=\"crp_link post-115716\"><span class=\"crp_title\">\u00centrebarea care nu se pune: CINE a organizat masacrul de la F\u00e2nt\u00e2na Alb\u0103 \u00eempotriva rom\u00e2nilor?<\/span><\/a><\/li>\n<li><a href=\"https:\/\/r3media.ro\/guvernul-bolojan-a-decis-sa-imprumute-bani-de-la-ue-pentru-inarmare-gheorghe-piperea-este-vorba-de-inarmarea-ucrainei-culmea-cinismului\/\" class=\"crp_link post-112031\"><span class=\"crp_title\">Guvernul Bolojan a decis s\u0103 \u00eemprumute bani de la UE pentru \u00eenarmare. Gheorghe Piperea: Este\u2026<\/span><\/a><\/li>\n<li><a href=\"https:\/\/r3media.ro\/calendarul-zilei-1-aprilie-masacrul-de-la-fantana-alba-katyn-ul-romanesc\/\" class=\"crp_link post-17429\"><span class=\"crp_title\">Calendarul zilei 1 aprilie: 85 de ani de la Masacrul de la F\u00e2nt\u00e2na Alb\u0103, \u201eKatyn-ul rom\u00e2nesc\u201d<\/span><\/a><\/li>\n<li><a href=\"https:\/\/r3media.ro\/nicusor-dan-kiev-volodimir-zelenski\/\" class=\"crp_link post-119383\"><span class=\"crp_title\">Nicu\u0219or Dan se va deplasa la Kiev pentru o \u00eent\u00e2lnire cu Volodimir Zelenski<\/span><\/a><\/li>\n<li><a href=\"https:\/\/r3media.ro\/etnic-roman-probleme-psihice-mobilizare-fortata-ucraina\/\" class=\"crp_link post-116791\"><span class=\"crp_title\">Un etnic rom\u00e2n cu probleme psihice grave a fost mobilizat for\u021bat \u0219i trimis pe front de c\u0103tre\u2026<\/span><\/a><\/li>\n<li><a href=\"https:\/\/r3media.ro\/video-mitropolitul-longhin-jar-ataca-biserica-ortodoxa-romana-pe-motiv-ca-vrea-sa-revina-in-nordul-bucovinei\/\" class=\"crp_link post-111854\"><span class=\"crp_title\">VIDEO | Mitropolitul Longhin Jar atac\u0103 Biserica Ortodox\u0103 Rom\u00e2n\u0103, pe motiv c\u0103 vrea s\u0103 revin\u0103\u2026<\/span><\/a><\/li>\n<\/ul>\n<\/div>\n<\/div>\n<\/div>\n<div class=\"td_block_wrap tdb_single_tags tdi_19 td-pb-border-top td_block_template_1\" data-td-block-uid=\"tdi_19\">\n<div class=\"tdb-block-inner td-fix-index\">\n<ul class=\"tdb-tags\">\n<li><span>SUBIECTE FIERBIN\u021aI<\/span><\/li>\n<li><a href=\"https:\/\/r3media.ro\/tag\/apador-ch\/\">apador-ch<\/a><\/li>\n<li><a href=\"https:\/\/r3media.ro\/tag\/romania-si-ucraina\/\">romania si ucraina<\/a><\/li>\n<\/ul>\n<\/div>\n<\/div>\n<div class=\"td_block_wrap td_block_9 tdi_20 td_with_ajax_pagination td-pb-border-top td_block_template_1 td-column-2 td_block_padding td_block_bot_line\" data-td-block-uid=\"tdi_20\">\n<div class=\"td-block-title-wrap\">\n<h4 class=\"block-title td-block-title\"><span class=\"td-pulldown-size\">CITE\u0218TE MAI MULT<\/span><\/h4>\n<\/div>\n<div id=\"tdi_20\" class=\"td_block_inner\">\n<div class=\"td-block-row\">\n<div class=\"td-block-span6\">\n<div class=\"td_module_8 td_module_wrap\">\n<div class=\"item-details\">\n<h3 class=\"entry-title td-module-title\"><a href=\"https:\/\/r3media.ro\/ioan-aurel-pop-lege-vexler-razboi-istoria\/\" rel=\"bookmark\" title=\"Ioan-Aurel Pop critic\u0103 legea Vexler \u00eentr-un articol de neratat: Nu putem s\u0103 ducem un r\u0103zboi cu istoria\">Ioan-Aurel Pop critic\u0103 legea Vexler \u00eentr-un articol de neratat: Nu putem s\u0103 ducem un&#8230;<\/a><\/h3>\n<div class=\"td-module-meta-info\"><a href=\"https:\/\/r3media.ro\/category\/actualitate\/\" class=\"td-post-category\">ACTUALITATE<\/a><span class=\"td-post-author-name\"><a href=\"https:\/\/r3media.ro\/author\/radu_ursan\/\">Radu Ursan<\/a><span>&#8211;<\/span><\/span><span class=\"td-post-date\"><time class=\"entry-date updated td-module-date\" datetime=\"2026-07-12T21:42:54+03:00\">12\/07\/2026<\/time><\/span><\/div>\n<\/div>\n<\/div>\n<\/div>\n<div class=\"td-block-span6\">\n<div class=\"td_module_8 td_module_wrap\">\n<div class=\"item-details\">\n<h3 class=\"entry-title td-module-title\"><a href=\"https:\/\/r3media.ro\/scandalul-rachetelor-patriot-zguduie-polonia-varsovia-declasifica-tot-ajutorul-militar-acordat-ucrainei\/\" rel=\"bookmark\" title=\"Scandalul rachetelor Patriot zguduie Polonia: Var\u0219ovia declasific\u0103 tot ajutorul militar acordat Ucrainei\">Scandalul rachetelor Patriot zguduie Polonia: Var\u0219ovia declasific\u0103 tot ajutorul militar acordat Ucrainei<\/a><\/h3>\n<div class=\"td-module-meta-info\"><a href=\"https:\/\/r3media.ro\/category\/stiri\/\" class=\"td-post-category\">\u0218TIRI<\/a><span class=\"td-post-author-name\"><a href=\"https:\/\/r3media.ro\/author\/radu_ursan\/\">Radu Ursan<\/a><span>&#8211;<\/span><\/span><span class=\"td-post-date\"><time class=\"entry-date updated td-module-date\" datetime=\"2026-07-12T20:43:04+03:00\">12\/07\/2026<\/time><\/span><\/div>\n<\/div>\n<\/div>\n<\/div>\n<\/div>\n<div class=\"td-block-row\">\n<div class=\"td-block-span6\">\n<div class=\"td_module_8 td_module_wrap\">\n<div class=\"item-details\">\n<h3 class=\"entry-title td-module-title\"><a href=\"https:\/\/r3media.ro\/ce-ne-facem-cu-atatia-prosti\/\" rel=\"bookmark\" title=\"Ce ne facem cu at\u00e2\u021bia pro\u0219ti?\">Ce ne facem cu at\u00e2\u021bia pro\u0219ti?<\/a><\/h3>\n<div class=\"td-module-meta-info\"><a href=\"https:\/\/r3media.ro\/category\/opinii\/\" class=\"td-post-category\">OPINII<\/a><span class=\"td-post-author-name\"><a href=\"https:\/\/r3media.ro\/author\/alexandru_racu\/\">Alexandru Racu<\/a><span>&#8211;<\/span><\/span><span class=\"td-post-date\"><time class=\"entry-date updated td-module-date\" datetime=\"2026-07-12T14:11:45+03:00\">12\/07\/2026<\/time><\/span><\/div>\n<\/div>\n<\/div>\n<\/div>\n<div class=\"td-block-span6\">\n<div class=\"td_module_8 td_module_wrap\">\n<div class=\"item-details\">\n<h3 class=\"entry-title td-module-title\"><a href=\"https:\/\/r3media.ro\/guvernul-sanchez-demoleaza-monumentul-de-la-majadahonda-ion-mota-vasile-marin-lupta-rzaboiul-civil-spaniol-comunisti\/\" rel=\"bookmark\" title=\"Guvernul Sanchez demoleaz\u0103 Monumentul de la Majadahonda, dedicat lui Ion Mo\u021ba \u0219i Vasile Marin, rom\u00e2nii care au luptat \u00eempotriva comuni\u0219tilor \u00een R\u0103zboiul Civil Spaniol\">Guvernul Sanchez demoleaz\u0103 Monumentul de la Majadahonda, dedicat lui Ion Mo\u021ba \u0219i Vasile Marin,&#8230;<\/a><\/h3>\n<div class=\"td-module-meta-info\"><a href=\"https:\/\/r3media.ro\/category\/actualitate\/\" class=\"td-post-category\">ACTUALITATE<\/a><span class=\"td-post-author-name\"><a href=\"https:\/\/r3media.ro\/author\/oana\/\">Oana Ivan<\/a><span>&#8211;<\/span><\/span><span class=\"td-post-date\"><time class=\"entry-date updated td-module-date\" datetime=\"2026-07-12T01:11:49+03:00\">12\/07\/2026<\/time><\/span><\/div>\n<\/div>\n<\/div>\n<\/div>\n<\/div>\n<div class=\"td-block-row\">\n<div class=\"td-block-span6\">\n<div class=\"td_module_8 td_module_wrap\">\n<div class=\"item-details\">\n<h3 class=\"entry-title td-module-title\"><a href=\"https:\/\/r3media.ro\/sofer-surpriza-neplacuta-benzinarie-austria-oprit-apa-portbagaj\/\" rel=\"bookmark\" title=\"Un \u0219ofer a avut parte de o surpriz\u0103 nepl\u0103cut\u0103 la benzin\u0103rie dup\u0103 ce a oprit un minut \u0219i 28 de secunde pentru a scoate o sticl\u0103 de ap\u0103 din portbagaj\">Un \u0219ofer a avut parte de o surpriz\u0103 nepl\u0103cut\u0103 la benzin\u0103rie dup\u0103 ce a&#8230;<\/a><\/h3>\n<div class=\"td-module-meta-info\"><a href=\"https:\/\/r3media.ro\/category\/actualitate\/\" class=\"td-post-category\">ACTUALITATE<\/a><span class=\"td-post-author-name\"><a href=\"https:\/\/r3media.ro\/author\/oana\/\">Oana Ivan<\/a><span>&#8211;<\/span><\/span><span class=\"td-post-date\"><time class=\"entry-date updated td-module-date\" datetime=\"2026-07-11T13:00:01+03:00\">11\/07\/2026<\/time><\/span><\/div>\n<\/div>\n<\/div>\n<\/div>\n<div class=\"td-block-span6\">\n<div class=\"td_module_8 td_module_wrap\">\n<div class=\"item-details\">\n<h3 class=\"entry-title td-module-title\"><a href=\"https:\/\/r3media.ro\/o-femeie-mentalitate-femei-moderne-printese-disney\/\" rel=\"bookmark\" title=\"VIDEO | O femeie critic\u0103 mentalitatea femeii moderne care distruge rela\u021bia cu b\u0103rbatul s\u0103u: Suntem crescute \u00een ideea de prin\u021bese, dar nu suntem la Disney\">VIDEO | O femeie critic\u0103 mentalitatea femeii moderne care distruge rela\u021bia cu b\u0103rbatul s\u0103u:&#8230;<\/a><\/h3>\n<div class=\"td-module-meta-info\"><a href=\"https:\/\/r3media.ro\/category\/actualitate\/\" class=\"td-post-category\">ACTUALITATE<\/a><span class=\"td-post-author-name\"><a href=\"https:\/\/r3media.ro\/author\/teodor_stan\/\">Teodor Stan<\/a><span>&#8211;<\/span><\/span><span class=\"td-post-date\"><time class=\"entry-date updated td-module-date\" datetime=\"2026-07-10T12:47:58+03:00\">10\/07\/2026<\/time><\/span><\/div>\n<\/div>\n<\/div>\n<\/div>\n<\/div>\n<div class=\"td-block-row\">\n<div class=\"td-block-span6\">\n<div class=\"td_module_8 td_module_wrap\">\n<div class=\"item-details\">\n<h3 class=\"entry-title td-module-title\"><a href=\"https:\/\/r3media.ro\/cutremur-5-5-grade-scara-richter-resimtit-cehia-slovacia\/\" rel=\"bookmark\" title=\"Cutremur de 5.5 grade pe scara Richter. S-a resim\u021bit \u00een Cehia \u0219i Slovacia\">Cutremur de 5.5 grade pe scara Richter. S-a resim\u021bit \u00een Cehia \u0219i Slovacia<\/a><\/h3>\n<div class=\"td-module-meta-info\"><a href=\"https:\/\/r3media.ro\/category\/actualitate\/\" class=\"td-post-category\">ACTUALITATE<\/a><span class=\"td-post-author-name\"><a href=\"https:\/\/r3media.ro\/author\/oana\/\">Oana Ivan<\/a><span>&#8211;<\/span><\/span><span class=\"td-post-date\"><time class=\"entry-date updated td-module-date\" datetime=\"2026-07-09T20:48:24+03:00\">09\/07\/2026<\/time><\/span><\/div>\n<\/div>\n<\/div>\n<\/div>\n<div class=\"td-block-span6\">\n<div class=\"td_module_8 td_module_wrap\">\n<div class=\"item-details\">\n<h3 class=\"entry-title td-module-title\"><a href=\"https:\/\/r3media.ro\/presedintele-croatiei-interesele-poporului-ursula-von-der-leyen\/\" rel=\"bookmark\" title=\"Pre\u0219edintele Croa\u021biei spune c\u0103 este obligat s\u0103 apere interesele poporului s\u0103u, \u201enu s\u0103 urmez orbe\u0219te trenduri sau s\u0103 repet ca un papagal frazele care \u00eei plac Ursulei von der Leyen\u201d\">Pre\u0219edintele Croa\u021biei spune c\u0103 este obligat s\u0103 apere interesele poporului s\u0103u, \u201enu s\u0103 urmez&#8230;<\/a><\/h3>\n<div class=\"td-module-meta-info\"><a href=\"https:\/\/r3media.ro\/category\/actualitate\/\" class=\"td-post-category\">ACTUALITATE<\/a><span class=\"td-post-author-name\"><a href=\"https:\/\/r3media.ro\/author\/radu_ursan\/\">Radu Ursan<\/a><span>&#8211;<\/span><\/span><span class=\"td-post-date\"><time class=\"entry-date updated td-module-date\" datetime=\"2026-07-08T22:42:08+03:00\">08\/07\/2026<\/time><\/span><\/div>\n<\/div>\n<\/div>\n<\/div>\n<\/div>\n<div class=\"td-block-row\">\n<div class=\"td-block-span6\">\n<div class=\"td_module_8 td_module_wrap\">\n<div class=\"item-details\">\n<h3 class=\"entry-title td-module-title\"><a href=\"https:\/\/r3media.ro\/femeie-cumparat-automobil-electric-mana-a-doua-surpriza-plecat-masina\/\" rel=\"bookmark\" title=\"O femeie care \u0219i-a achizi\u021bionat un automobil electric la m\u00e2na a doua a avut parte de o surpriz\u0103 imediat dup\u0103 ce a plecat cu ma\u0219ina\">O femeie care \u0219i-a achizi\u021bionat un automobil electric la m\u00e2na a doua a avut&#8230;<\/a><\/h3>\n<div class=\"td-module-meta-info\"><a href=\"https:\/\/r3media.ro\/category\/actualitate\/\" class=\"td-post-category\">ACTUALITATE<\/a><span class=\"td-post-author-name\"><a href=\"https:\/\/r3media.ro\/author\/oana\/\">Oana Ivan<\/a><span>&#8211;<\/span><\/span><span class=\"td-post-date\"><time class=\"entry-date updated td-module-date\" datetime=\"2026-07-08T19:56:23+03:00\">08\/07\/2026<\/time><\/span><\/div>\n<\/div>\n<\/div>\n<\/div>\n<div class=\"td-block-span6\">\n<div class=\"td_module_8 td_module_wrap\">\n<div class=\"item-details\">\n<h3 class=\"entry-title td-module-title\"><a href=\"https:\/\/r3media.ro\/lectii-de-inapoiere\/\" rel=\"bookmark\" title=\"Lec\u021bii de \u00eenapoiere\">Lec\u021bii de \u00eenapoiere<\/a><\/h3>\n<div class=\"td-module-meta-info\"><a href=\"https:\/\/r3media.ro\/category\/opinii\/\" class=\"td-post-category\">OPINII<\/a><span class=\"td-post-author-name\"><a href=\"https:\/\/r3media.ro\/author\/tru\/\">TRU (Traian Ungureanu)<\/a><span>&#8211;<\/span><\/span><span class=\"td-post-date\"><time class=\"entry-date updated td-module-date\" datetime=\"2026-07-07T14:50:09+03:00\">07\/07\/2026<\/time><\/span><\/div>\n<\/div>\n<\/div>\n<\/div>\n<\/div>\n<div class=\"td-block-row\">\n<div class=\"td-block-span6\">\n<div class=\"td_module_8 td_module_wrap\">\n<div class=\"item-details\">\n<h3 class=\"entry-title td-module-title\"><a href=\"https:\/\/r3media.ro\/dreptate-pentru-memoria-lui-mircea-vulcanescu\/\" rel=\"bookmark\" title=\"Dreptate pentru memoria lui Mircea Vulc\u0103nescu\">Dreptate pentru memoria lui Mircea Vulc\u0103nescu<\/a><\/h3>\n<div class=\"td-module-meta-info\"><a href=\"https:\/\/r3media.ro\/category\/opinii\/\" class=\"td-post-category\">OPINII<\/a><span class=\"td-post-author-name\"><a href=\"https:\/\/r3media.ro\/author\/bogdan-munteanu\/\">Bogdan Munteanu<\/a><span>&#8211;<\/span><\/span><span class=\"td-post-date\"><time class=\"entry-date updated td-module-date\" datetime=\"2026-07-03T15:27:06+03:00\">03\/07\/2026<\/time><\/span><\/div>\n<\/div>\n<\/div>\n<\/div>\n<div class=\"td-block-span6\">\n<div class=\"td_module_8 td_module_wrap\">\n<div class=\"item-details\">\n<h3 class=\"entry-title td-module-title\"><a href=\"https:\/\/r3media.ro\/un-baietel-de-10-ani-are-nevoie-urgent-de-930-000-de-euro-pentru-a-trai-apelul-parintelui-alexandru-lungu\/\" rel=\"bookmark\" title=\"Un b\u0103ie\u021bel de 10 ani are nevoie URGENT de 930.000 de euro pentru a tr\u0103i. Apelul p\u0103rintelui Alexandru Lungu\">Un b\u0103ie\u021bel de 10 ani are nevoie URGENT de 930.000 de euro pentru a&#8230;<\/a><\/h3>\n<div class=\"td-module-meta-info\"><a href=\"https:\/\/r3media.ro\/category\/actualitate\/\" class=\"td-post-category\">ACTUALITATE<\/a><span class=\"td-post-author-name\"><a href=\"https:\/\/r3media.ro\/author\/redactia\/\">Redac\u021bia<\/a><span>&#8211;<\/span><\/span><span class=\"td-post-date\"><time class=\"entry-date updated td-module-date\" datetime=\"2026-07-01T14:14:11+03:00\">01\/07\/2026<\/time><\/span><\/div>\n<\/div>\n<\/div>\n<\/div>\n<\/div>\n<\/div>\n<div class=\"td-load-more-wrap td-load-more-infinite-wrap\" id=\"infinite-lm-tdi_20\"><a href=\"https:\/\/r3media.ro\/guvernul-obligat-ajutor-militar-ucraina\/\" class=\"td_ajax_load_more td_ajax_load_more_js\" aria-label=\"\u00cenc\u0103rca\u021bi mai multe\" id=\"next-page-tdi_20\" data-td_block_id=\"tdi_20\">\u00cenc\u0103rca\u021bi mai multe<\/a><\/div>\n<\/div>\n<div class=\"td_block_wrap tdb_single_comments tdi_21 tdb-comm-layout2 td-pb-border-top td_block_template_1\" data-td-block-uid=\"tdi_21\">\n<div class=\"tdb-block-inner td-fix-index\">\n<div class=\"comments\" id=\"comments\">\n<div id=\"respond\" class=\"comment-respond\">\n<h3 id=\"reply-title\" class=\"comment-reply-title\">AI CEVA DE SPUS? <small><a rel=\"nofollow\" id=\"cancel-comment-reply-link\" href=\"https:\/\/r3media.ro\/guvernul-obligat-ajutor-militar-ucraina\/#respond\">Renun\u021ba\u021bi la r\u0103spuns<\/a><\/small><\/h3>\n<div class=\"comment-form-input-wrap td-form-comment\">\n<div class=\"td-warning-comment\">V\u0103 rug\u0103m s\u0103 introduce\u021bi comentariul dvs.!<\/div>\n<\/div>\n<div class=\"comment-form-input-wrap td-form-author\">\n<div class=\"td-warning-author\">Introduce\u021bi aici numele dvs.<\/div>\n<\/div>\n<div class=\"comment-form-input-wrap td-form-email\">\n<div class=\"td-warning-email-error\">A\u021bi introdus o adres\u0103 de e-mail incorect\u0103!<\/div>\n<div class=\"td-warning-email\">V\u0103 rug\u0103m s\u0103 introduce\u021bi adresa dvs. de e-mail aici<\/div>\n<\/div>\n<\/div>\n<\/div>\n<\/div>\n<\/div>\n<\/div>\n<\/div>\n<div class=\"vc_column tdi_23  wpb_column vc_column_container tdc-column td-pb-span4 td-is-sticky\">\n<div class=\"wpb_wrapper\" data-sticky-enabled-on=\"W3RydWUsdHJ1ZSx0cnVlLHRydWVd\" data-sticky-offset=\"20\" data-sticky-is-width-auto=\"W2ZhbHNlLGZhbHNlLGZhbHNlLGZhbHNlXQ==\">\n<div class=\"wpb_wrapper td_block_wrap vc_widget_sidebar tdi_25 \">\n<div class=\"td_block_wrap td_block_7 td_block_widget tdi_26 td-pb-border-top td_block_template_1 td-column-1 td_block_padding\" data-td-block-uid=\"tdi_26\">\n<div class=\"td-block-title-wrap\">\n<h4 class=\"block-title td-block-title\"><span class=\"td-pulldown-size\">Articole RELA\u021aIONATE<\/span><\/h4>\n<\/div>\n<div id=\"tdi_26\" class=\"td_block_inner\">\n<div class=\"td-block-span12\">\n<div class=\"td_module_6 td_module_wrap td-animation-stack\">\n<div class=\"td-module-thumb\"><a href=\"https:\/\/r3media.ro\/angajata-viorel-pasca-mascati-bolnavi\/\" rel=\"bookmark\" class=\"td-image-wrap \" title=\"O angajat\u0103 a lui Viorel Pa\u0219ca acuz\u0103: Masca\u0163ii nu m-or l\u0103sat s\u0103-l schimb pe bolnav, at\u00e2tea ore, ca s\u0103 poat\u0103 face poze\"><img loading=\"lazy\" decoding=\"async\" class=\"entry-thumb\" src=\"https:\/\/r3media.ro\/wp-content\/uploads\/2026\/07\/diicot-viorel-pasca-100x70.jpg\" alt title=\"O angajat\u0103 a lui Viorel Pa\u0219ca acuz\u0103: Masca\u0163ii nu m-or l\u0103sat s\u0103-l schimb pe bolnav, at\u00e2tea ore, ca s\u0103 poat\u0103 face poze\" width=\"100\" height=\"70\"><\/a><\/div>\n<div class=\"item-details\">\n<h3 class=\"entry-title td-module-title\"><a href=\"https:\/\/r3media.ro\/angajata-viorel-pasca-mascati-bolnavi\/\" rel=\"bookmark\" title=\"O angajat\u0103 a lui Viorel Pa\u0219ca acuz\u0103: Masca\u0163ii nu m-or l\u0103sat s\u0103-l schimb pe bolnav, at\u00e2tea ore, ca s\u0103 poat\u0103 face poze\">O angajat\u0103 a lui Viorel Pa\u0219ca acuz\u0103: Masca\u0163ii nu m-or l\u0103sat&#8230;<\/a><\/h3>\n<div class=\"td-module-meta-info\"><span class=\"td-post-date\"><time class=\"entry-date updated td-module-date\" datetime=\"2026-07-14T11:55:55+03:00\">14\/07\/2026<\/time><\/span><\/div>\n<\/div>\n<\/div>\n<\/div>\n<div class=\"td-block-span12\">\n<div class=\"td_module_6 td_module_wrap td-animation-stack\">\n<div class=\"td-module-thumb\"><a href=\"https:\/\/r3media.ro\/bulgaria-cosmonaut-alexander-alexandrov\/\" rel=\"bookmark\" class=\"td-image-wrap \" title=\"Bulgaria \u0219i-a luat r\u0103mas-bun de la al doilea cosmonaut al s\u0103u. Alexander Alexandrov, condus pe ultimul drum la Sofia\"><img loading=\"lazy\" decoding=\"async\" class=\"entry-thumb\" src=\"https:\/\/r3media.ro\/wp-content\/uploads\/2026\/07\/bulgaria-cosmonaut-100x70.jpg\" alt title=\"Bulgaria \u0219i-a luat r\u0103mas-bun de la al doilea cosmonaut al s\u0103u. Alexander Alexandrov, condus pe ultimul drum la Sofia\" width=\"100\" height=\"70\"><\/a><\/div>\n<div class=\"item-details\">\n<h3 class=\"entry-title td-module-title\"><a href=\"https:\/\/r3media.ro\/bulgaria-cosmonaut-alexander-alexandrov\/\" rel=\"bookmark\" title=\"Bulgaria \u0219i-a luat r\u0103mas-bun de la al doilea cosmonaut al s\u0103u. Alexander Alexandrov, condus pe ultimul drum la Sofia\">Bulgaria \u0219i-a luat r\u0103mas-bun de la al doilea cosmonaut al s\u0103u&#8230;.<\/a><\/h3>\n<div class=\"td-module-meta-info\"><span class=\"td-post-date\"><time class=\"entry-date updated td-module-date\" datetime=\"2026-07-14T10:49:11+03:00\">14\/07\/2026<\/time><\/span><\/div>\n<\/div>\n<\/div>\n<\/div>\n<div class=\"td-block-span12\">\n<div class=\"td_module_6 td_module_wrap td-animation-stack\">\n<div class=\"td-module-thumb\"><a href=\"https:\/\/r3media.ro\/industria-auto-europeana-software-romania\/\" rel=\"bookmark\" class=\"td-image-wrap \" title=\"Industria auto european\u0103 \u00ee\u0219i pune software-ul \u00een comun. Impactul asupra Rom\u00e2niei\"><img loading=\"lazy\" decoding=\"async\" class=\"entry-thumb\" src=\"https:\/\/r3media.ro\/wp-content\/uploads\/2026\/07\/ford-craiova-industria-auto-100x70.webp\" alt title=\"Industria auto european\u0103 \u00ee\u0219i pune software-ul \u00een comun. Impactul asupra Rom\u00e2niei\" width=\"100\" height=\"70\"><\/a><\/div>\n<div class=\"item-details\">\n<h3 class=\"entry-title td-module-title\"><a href=\"https:\/\/r3media.ro\/industria-auto-europeana-software-romania\/\" rel=\"bookmark\" title=\"Industria auto european\u0103 \u00ee\u0219i pune software-ul \u00een comun. Impactul asupra Rom\u00e2niei\">Industria auto european\u0103 \u00ee\u0219i pune software-ul \u00een comun. Impactul asupra Rom\u00e2niei<\/a><\/h3>\n<div class=\"td-module-meta-info\"><span class=\"td-post-date\"><time class=\"entry-date updated td-module-date\" datetime=\"2026-07-14T09:31:26+03:00\">14\/07\/2026<\/time><\/span><\/div>\n<\/div>\n<\/div>\n<\/div>\n<div class=\"td-block-span12\">\n<div class=\"td_module_6 td_module_wrap td-animation-stack\">\n<div class=\"td-module-thumb\"><a href=\"https:\/\/r3media.ro\/ilie-bolojan-alegeri-anticipate\/\" rel=\"bookmark\" class=\"td-image-wrap \" title=\"Ilie Bolojan ia \u00een calcul organizarea alegerilor anticipate: Mai devreme sau mai t\u00e2rziu, s\u0103 ne \u00eentoarcem la judecata cet\u0103\u0163enilor\"><img loading=\"lazy\" decoding=\"async\" class=\"entry-thumb\" src=\"https:\/\/r3media.ro\/wp-content\/uploads\/2025\/05\/bolojan-razboi-100x70.jpg\" alt title=\"Ilie Bolojan ia \u00een calcul organizarea alegerilor anticipate: Mai devreme sau mai t\u00e2rziu, s\u0103 ne \u00eentoarcem la judecata cet\u0103\u0163enilor\" width=\"100\" height=\"70\"><\/a><\/div>\n<div class=\"item-details\">\n<h3 class=\"entry-title td-module-title\"><a href=\"https:\/\/r3media.ro\/ilie-bolojan-alegeri-anticipate\/\" rel=\"bookmark\" title=\"Ilie Bolojan ia \u00een calcul organizarea alegerilor anticipate: Mai devreme sau mai t\u00e2rziu, s\u0103 ne \u00eentoarcem la judecata cet\u0103\u0163enilor\">Ilie Bolojan ia \u00een calcul organizarea alegerilor anticipate: Mai devreme sau&#8230;<\/a><\/h3>\n<div class=\"td-module-meta-info\"><span class=\"td-post-date\"><time class=\"entry-date updated td-module-date\" datetime=\"2026-07-14T07:53:46+03:00\">14\/07\/2026<\/time><\/span><\/div>\n<\/div>\n<\/div>\n<\/div>\n<div class=\"td-block-span12\">\n<div class=\"td_module_6 td_module_wrap td-animation-stack\">\n<div class=\"td-module-thumb\"><a href=\"https:\/\/r3media.ro\/care-sunt-aplicatiile-mobile-cu-cele-mai-multe-functii\/\" rel=\"bookmark\" class=\"td-image-wrap \" title=\"Care sunt aplica\u021biile mobile cu cele mai multe func\u021bii?\"><img loading=\"lazy\" decoding=\"async\" class=\"entry-thumb\" src=\"https:\/\/r3media.ro\/wp-content\/uploads\/2026\/07\/r3-100x70.jpg\" alt title=\"Care sunt aplica\u021biile mobile cu cele mai multe func\u021bii?\" width=\"100\" height=\"70\"><\/a><\/div>\n<div class=\"item-details\">\n<h3 class=\"entry-title td-module-title\"><a href=\"https:\/\/r3media.ro\/care-sunt-aplicatiile-mobile-cu-cele-mai-multe-functii\/\" rel=\"bookmark\" title=\"Care sunt aplica\u021biile mobile cu cele mai multe func\u021bii?\">Care sunt aplica\u021biile mobile cu cele mai multe func\u021bii?<\/a><\/h3>\n<div class=\"td-module-meta-info\"><span class=\"td-post-date\"><time class=\"entry-date updated td-module-date\" datetime=\"2026-07-14T00:51:14+03:00\">14\/07\/2026<\/time><\/span><\/div>\n<\/div>\n<\/div>\n<\/div>\n<div class=\"td-block-span12\">\n<div class=\"td_module_6 td_module_wrap td-animation-stack\">\n<div class=\"td-module-thumb\"><a href=\"https:\/\/r3media.ro\/liviu-dragnea-partidul-aur-incredere-sperante-romani-extremism-video\/\" rel=\"bookmark\" class=\"td-image-wrap \" title=\"VIDEO | Liviu Dragnea: AUR trebuie s\u0103 s\u0103 devin\u0103 un partid \u00een care lumea s\u0103 aib\u0103 \u0219i \u00eencredere, nu numai speran\u021be. N-am v\u0103zut nimic extremist la AUR\"><img loading=\"lazy\" decoding=\"async\" class=\"entry-thumb\" src=\"https:\/\/r3media.ro\/wp-content\/uploads\/2026\/07\/liviu-dragnea-si-iosefina-pascal-100x70.png\" alt title=\"VIDEO | Liviu Dragnea: AUR trebuie s\u0103 s\u0103 devin\u0103 un partid \u00een care lumea s\u0103 aib\u0103 \u0219i \u00eencredere, nu numai speran\u021be. N-am v\u0103zut nimic extremist la AUR\" width=\"100\" height=\"70\"><\/a><\/div>\n<div class=\"item-details\">\n<h3 class=\"entry-title td-module-title\"><a href=\"https:\/\/r3media.ro\/liviu-dragnea-partidul-aur-incredere-sperante-romani-extremism-video\/\" rel=\"bookmark\" title=\"VIDEO | Liviu Dragnea: AUR trebuie s\u0103 s\u0103 devin\u0103 un partid \u00een care lumea s\u0103 aib\u0103 \u0219i \u00eencredere, nu numai speran\u021be. N-am v\u0103zut nimic extremist la AUR\">VIDEO | Liviu Dragnea: AUR trebuie s\u0103 s\u0103 devin\u0103 un partid&#8230;<\/a><\/h3>\n<div class=\"td-module-meta-info\"><span class=\"td-post-date\"><time class=\"entry-date updated td-module-date\" datetime=\"2026-07-14T00:27:15+03:00\">14\/07\/2026<\/time><\/span><\/div>\n<\/div>\n<\/div>\n<\/div>\n<div class=\"td-block-span12\">\n<div class=\"td_module_6 td_module_wrap td-animation-stack\">\n<div class=\"td-module-thumb\"><a href=\"https:\/\/r3media.ro\/14-iulie-ziua-nationala-a-frantei\/\" rel=\"bookmark\" class=\"td-image-wrap \" title=\"Calendarul zilei 14 iulie: Ziua Na\u021bional\u0103 a Fran\u021bei\"><img loading=\"lazy\" decoding=\"async\" class=\"entry-thumb\" src=\"https:\/\/r3media.ro\/wp-content\/uploads\/2022\/06\/Acciza-Franta-Smart-Diesel-Mai-2022-e1654099421627-100x70.png\" alt title=\"Calendarul zilei 14 iulie: Ziua Na\u021bional\u0103 a Fran\u021bei\" width=\"100\" height=\"70\"><\/a><\/div>\n<div class=\"item-details\">\n<h3 class=\"entry-title td-module-title\"><a href=\"https:\/\/r3media.ro\/14-iulie-ziua-nationala-a-frantei\/\" rel=\"bookmark\" title=\"Calendarul zilei 14 iulie: Ziua Na\u021bional\u0103 a Fran\u021bei\">Calendarul zilei 14 iulie: Ziua Na\u021bional\u0103 a Fran\u021bei<\/a><\/h3>\n<div class=\"td-module-meta-info\"><span class=\"td-post-date\"><time class=\"entry-date updated td-module-date\" datetime=\"2026-07-13T22:50:33+03:00\">13\/07\/2026<\/time><\/span><\/div>\n<\/div>\n<\/div>\n<\/div>\n<\/div>\n<\/div>\n<aside class=\"td_block_template_1 widget widget_recent_comments\">\n<h4 class=\"block-title\"><span>INTR\u0102 \u00ceN DISCU\u021aIE!<\/span><\/h4>\n<ul id=\"recentcomments\">\n<li class=\"recentcomments\"><span class=\"comment-author-link\">Mihaela<\/span> la <a href=\"https:\/\/r3media.ro\/ilie-bolojan-alegeri-anticipate\/#comment-40272\">Ilie Bolojan ia \u00een calcul organizarea alegerilor anticipate: Mai devreme sau mai t\u00e2rziu, s\u0103 ne \u00eentoarcem la judecata cet\u0103\u0163enilor<\/a><\/li>\n<li class=\"recentcomments\"><span class=\"comment-author-link\">Kh-47M2 Kinzhal<\/span> la <a href=\"https:\/\/r3media.ro\/premiera-mondiala-robot-transportat-barca-lupta-razboi-ucraina-video\/#comment-40271\">VIDEO | Premier\u0103 mondial\u0103! Un robot cu inteligen\u021b\u0103 artificial\u0103 transportat de o barc\u0103 lupt\u0103 \u00een r\u0103zboiul din Ucraina<\/a><\/li>\n<li class=\"recentcomments\"><span class=\"comment-author-link\">Constantin<\/span> la <a href=\"https:\/\/r3media.ro\/ambasadorul-germaniei-la-chisinau-revine-nu-a-fost-intentia-mea-sa-pun-sub-semnul-intrebarii-unitatea-chestiunii-romanesti-sau-a-credintei-crestin-ortodoxe\/#comment-40270\">Ambasadorul Germaniei la Chi\u0219in\u0103u revine: Nu a fost inten\u0163ia mea s\u0103 pun sub semnul \u00eentreb\u0103rii unitatea chestiunii rom\u00e2ne\u015fti sau a credin\u0163ei cre\u015ftin ortodoxe<\/a><\/li>\n<li class=\"recentcomments\"><span class=\"comment-author-link\">Narcis<\/span> la <a href=\"https:\/\/r3media.ro\/actorul-ioan-isaiu-a-facut-infarct-si-a-murit-in-fata-colegilor-sai-bou-vaccinat-anti-covid-19\/#comment-40269\">Actorul Ioan Isaiu a f\u0103cut infarct \u0219i a murit \u00een fa\u021ba colegilor s\u0103i: Am fost bou c\u0103 m-am vaccinat \u0219i v-am blocat pe cei care \u00eemi era\u021bi prieteni<\/a><\/li>\n<li class=\"recentcomments\"><span class=\"comment-author-link\">Haleu<\/span> la <a href=\"https:\/\/r3media.ro\/romania-si-slovenia-singurele-state-din-est-care-s-au-alaturat-sua-in-condamnarea-chinei-intr-o-speta-de-acum-10-ani\/#comment-40268\">Rom\u00e2nia \u0219i Slovenia, singurele state din Est care s-au al\u0103turat SUA \u00een condamnarea Chinei \u00eentr-o spe\u021b\u0103 de acum 10 ani<\/a><\/li>\n<li class=\"recentcomments\"><span class=\"comment-author-link\">Eu<\/span> la <a href=\"https:\/\/r3media.ro\/guvernul-sanchez-demoleaza-monumentul-de-la-majadahonda-ion-mota-vasile-marin-lupta-rzaboiul-civil-spaniol-comunisti\/#comment-40267\">Guvernul Sanchez demoleaz\u0103 Monumentul de la Majadahonda, dedicat lui Ion Mo\u021ba \u0219i Vasile Marin, rom\u00e2nii care au luptat \u00eempotriva comuni\u0219tilor \u00een R\u0103zboiul Civil Spaniol<\/a><\/li>\n<li class=\"recentcomments\"><span class=\"comment-author-link\">Constantin<\/span> la <a href=\"https:\/\/r3media.ro\/guvernul-sanchez-demoleaza-monumentul-de-la-majadahonda-ion-mota-vasile-marin-lupta-rzaboiul-civil-spaniol-comunisti\/#comment-40266\">Guvernul Sanchez demoleaz\u0103 Monumentul de la Majadahonda, dedicat lui Ion Mo\u021ba \u0219i Vasile Marin, rom\u00e2nii care au luptat \u00eempotriva comuni\u0219tilor \u00een R\u0103zboiul Civil Spaniol<\/a><\/li>\n<\/ul>\n<\/aside>\n<aside class=\"td_block_template_1 widget widget_search\">\n<h4 class=\"block-title\"><span>CAUT\u0102 \u0218I VEI G\u0102SI<\/span><\/h4>\n<\/aside>\n<\/div>\n<\/div>\n<\/div>\n<\/div>\n<\/div>\n<\/div>\n<\/div>\n<p><span class=\"td-page-meta\"><\/span><span class=\"td-page-meta\"><span class=\"td-page-meta\"><\/span><\/span><span class=\"td-page-meta\"><\/span><\/article>\n<\/p>\n<div class=\"td_block_wrap tdb_single_content tdi_18 td-pb-border-top td_block_template_1 td-post-content tagdiv-type\" data-td-block-uid=\"tdi_18\">\n<div class=\"tdb-block-inner td-fix-index\">\n<p><strong>APADOR-CH a c\u00e2\u015ftigat, \u00een prim\u0103 instan\u0163\u0103, procesul intentat Guvernului pentru refuzul de a comunica num\u0103rul \u015fi data hot\u0103r\u00e2rilor prin care Rom\u00e2nia a aprobat ajutoare militare pentru Ucraina din 2020 \u00eencoace, informeaz\u0103 <a href=\"https:\/\/www.news.ro\/justitie\/apador-ch-castiga-prima-instanta-procesul-guvernul-privind-secretizarea-ajutoarelor-militare-ucraina-executivul-obligat-spuna-numarul-data-hotararilor-au-acordate-ajutoarele-militare-ucraina-1922402814402026071222516287\" target=\"_blank\" rel=\"noopener\">News.ro.<\/a><\/strong><\/p>\n<p><strong>Valoarea acestora r\u0103m\u00e2ne, \u00een continuare, necunoscut\u0103.<\/strong><\/p>\n<p>Tribunalul Bucure\u015fti a admis integral, pe 9 iulie, cererea Asocia\u0163iei pentru Ap\u0103rarea Drepturilor Omului \u00een Rom\u00e2nia \u2013 Comitetul Helsinki (APADOR-CH) \u015fi a obligat Guvernul, reprezentat de Secretariatul General al Guvernului (SGG), s\u0103 comunice informa\u0163iile solicitate \u00eenc\u0103 din 9 septembrie 2025, potrivit unui comunicat al asocia\u0163iei. Prin aceea\u015fi hot\u0103r\u00e2re \u2014 nr. 7360\/2026 \u2014 instan\u0163a a respins ca ne\u00eentemeiat\u0103 excep\u0163ia lipsei calit\u0103\u0163ii procesuale pasive invocat\u0103 de SGG.<\/p>\n<p>Decizia poate fi atacat\u0103 cu recurs \u00een termen de 15 zile de la comunicare.<\/p>\n<h2>Ce a cerut, de fapt, APADOR-CH<\/h2>\n<p>Totul a pornit, spune APADOR-CH, de la o \u00eentrebare simpl\u0103: c\u00e2t valoreaz\u0103, \u00een bani, ajutoarele militare acordate de Rom\u00e2nia Ucrainei. Solicitarea a fost formulat\u0103 \u00een vara lui 2025, \u00een baza Legii nr. 544\/2001 privind accesul la informa\u0163iile de interes public.<\/p>\n<p>Ministerul Ap\u0103r\u0103rii Na\u0163ionale a r\u0103spuns c\u0103 informa\u0163iile ar fi clasificate, \u00eentruc\u00e2t se reg\u0103sesc \u00een hot\u0103r\u00e2ri de Guvern \u201enedestinate publicului\u201d.<\/p>\n<p>Asocia\u0163ia s-a reorientat atunci c\u0103tre SGG \u015fi a restr\u00e2ns cererea la un minim: num\u0103rul \u015fi data fiec\u0103rei hot\u0103r\u00e2ri de Guvern prin care au fost aprobate ajutoare militare pentru Ucraina, din 2020 p\u00e2n\u0103 \u00een prezent, iar dac\u0103 acele acte au fost clasificate \u2014 cine le-a clasificat, prin ce act, la ce dat\u0103 \u015fi la ce nivel, conform Legii nr. 182\/2002.<\/p>\n<p>Nu con\u0163inutul hot\u0103r\u00e2rilor, a\u015fadar, \u015fi nici detalii operative militare, ci doar existen\u0163a \u015fi regimul juridic al actelor, subliniaz\u0103 APADOR-CH.<\/p>\n<h2>Refuzul \u015fi contradic\u0163ia<\/h2>\n<p>Pe 17 septembrie 2025, SGG a refuzat, invoc\u00e2nd excep\u0163ia de la art. 12 alin. (1) lit. a) din Legea nr. 544\/2001, f\u0103r\u0103 a dovedi \u00eens\u0103 c\u0103 informa\u0163iile ar fi fost efectiv clasificate potrivit legii. Or, argumenteaz\u0103 asocia\u0163ia, simpla invocare a faptului c\u0103 o informa\u0163ie \u201e\u0163ine de ap\u0103rarea na\u0163ional\u0103\u201d nu e suficient\u0103: autoritatea trebuie s\u0103 demonstreze c\u0103 informa\u0163ia a fost clasificat\u0103 printr-un act concret, cu respectarea procedurii legale. A \u0163ine ascuns inclusiv num\u0103rul unui act normativ este, \u00een opinia APADOR-CH, \u201eo practic\u0103 absurd\u0103 \u015fi abuziv\u0103\u201d.<\/p>\n<p>Procesul a fost deschis \u00een octombrie 2025.<\/p>\n<p>La scurt timp, premierul Ilie Bolojan a declarat public c\u0103 va aduna \u015fi va face publice informa\u0163iile cerute \u2014 \u00een paralel, arat\u0103 asocia\u0163ia, reprezentan\u0163ii Guvernului sus\u0163ineau \u00een instan\u0163\u0103 exact contrariul. Printre argumentele respinse de judec\u0103tori: c\u0103 asocia\u0163ia nu ar avea interes s\u0103 cunoasc\u0103 num\u0103rul \u015fi data hot\u0103r\u00e2rilor, c\u0103 simpla lor cunoa\u015ftere ar periclita \u201evalori importante\u201d nespecificate, c\u0103 cererea nu ar avea obiect \u015fi c\u0103 Guvernul, fiind un organism colegial, nici nu ar putea fi dat \u00een judecat\u0103.<\/p>\n<p>APADOR-CH noteaz\u0103, ca ironie a dosarului, c\u0103 nu este prima dat\u0103 c\u00e2nd se judec\u0103 pentru informa\u0163ii publice cu Ilie Bolojan: \u00een 2002, asocia\u0163ia a c\u00e2\u015ftigat un proces \u00eempotriva SGG pentru desecretizarea stenogramelor \u015fedin\u0163elor de guvern, \u00eentr-o perioad\u0103 \u00een care institu\u0163ia era condus\u0103 tot de actualul premier.<\/p>\n<h2>Victorie, dar f\u0103r\u0103 cifre<\/h2>\n<p>Chiar \u015fi dup\u0103 c\u00e2\u015ftigarea procesului, valoarea real\u0103 a ajutoarelor acordate Ucrainei r\u0103m\u00e2ne necunoscut\u0103. Asocia\u0163ia are, cel mult, promisiunea c\u0103 va afla \u00een ce hot\u0103r\u00e2ri se ascund cifrele \u2014 nu \u015fi cifrele.<\/p>\n<p>Identificarea hot\u0103r\u00e2rilor e doar primul pas, avertizeaz\u0103 APADOR-CH: pe baza lor vor putea fi cerute informa\u0163ii despre sumele efective, iar \u00een caz de refuz va fi nevoie de un nou proces.<\/p>\n<p>Termenele se pot \u00eentinde, \u00een acest ritm, pe ani. P\u00e2n\u0103 acum, spune asocia\u0163ia, nu exist\u0103 date oficiale, ci doar afirma\u0163ii par\u0163iale \u015fi contradictorii, sc\u0103pate de politicieni prin interviuri.<\/p>\n<p>Asocia\u0163ia reclam\u0103 \u015fi o deficien\u0163\u0103 a legii, care nu prevede sanc\u0163iuni distincte \u015fi descurajante pentru autorit\u0103\u0163ile care \u00eencalc\u0103 dreptul de acces la informa\u0163ii: o institu\u0163ie poate refuza ilegal \u00een c\u00e2teva minute, \u00een timp ce obligarea ei s\u0103 respecte legea dureaz\u0103 luni sau ani.<\/p>\n<p>Ajutoarele pentru Ucraina provin din bani publici, aminte\u015fte APADOR-CH, iar cet\u0103\u0163enii ar trebui s\u0103 \u015ftie, m\u0103car la nivel minimal, cum au fost luate deciziile \u2014 cu at\u00e2t mai mult cu c\u00e2t acela\u015fi Guvern le cere eforturi bugetare \u015fi m\u0103suri de austeritate.<\/p>\n<p>Secretomania institu\u0163ional\u0103, sus\u0163ine asocia\u0163ia, nu protejeaz\u0103 securitatea na\u0163ional\u0103, ci alimenteaz\u0103 ne\u00eencrederea \u015fi narativele conspira\u0163ioniste.<\/p>\n<div class=\"crp_related     crp-masonry\">\n<h2>\u00ceN CONTEXT<\/h2>\n<ul>\n<li><a href=\"https:\/\/r3media.ro\/romania-ar-trebui-sa-sustina-planul-trump-de-pace-pentru-ucraina\/\" class=\"crp_link post-114245\"><span class=\"crp_title\">Rom\u00e2nia ar trebui s\u0103 sus\u021bin\u0103 \u201eplanul Trump\u201d de pace pentru Ucraina<\/span><\/a><\/li>\n<li><a href=\"https:\/\/r3media.ro\/ca-de-la-aliat-la-aliat-biserica-de-stat-a-ucrainei-ataca-dur-patriarhia-romana-in-cazul-romanilor-din-ucraina\/\" class=\"crp_link post-111802\"><span class=\"crp_title\">Ca de la aliat la aliat: Biserica de stat a Ucrainei atac\u0103 dur Patriarhia Rom\u00e2n\u0103, \u00een cazul\u2026<\/span><\/a><\/li>\n<li><a href=\"https:\/\/r3media.ro\/intrebare-vinovati-masacru-fantana-alba\/\" class=\"crp_link post-115716\"><span class=\"crp_title\">\u00centrebarea care nu se pune: CINE a organizat masacrul de la F\u00e2nt\u00e2na Alb\u0103 \u00eempotriva rom\u00e2nilor?<\/span><\/a><\/li>\n<li><a href=\"https:\/\/r3media.ro\/guvernul-bolojan-a-decis-sa-imprumute-bani-de-la-ue-pentru-inarmare-gheorghe-piperea-este-vorba-de-inarmarea-ucrainei-culmea-cinismului\/\" class=\"crp_link post-112031\"><span class=\"crp_title\">Guvernul Bolojan a decis s\u0103 \u00eemprumute bani de la UE pentru \u00eenarmare. Gheorghe Piperea: Este\u2026<\/span><\/a><\/li>\n<li><a href=\"https:\/\/r3media.ro\/calendarul-zilei-1-aprilie-masacrul-de-la-fantana-alba-katyn-ul-romanesc\/\" class=\"crp_link post-17429\"><span class=\"crp_title\">Calendarul zilei 1 aprilie: 85 de ani de la Masacrul de la F\u00e2nt\u00e2na Alb\u0103, \u201eKatyn-ul rom\u00e2nesc\u201d<\/span><\/a><\/li>\n<li><a href=\"https:\/\/r3media.ro\/nicusor-dan-kiev-volodimir-zelenski\/\" class=\"crp_link post-119383\"><span class=\"crp_title\">Nicu\u0219or Dan se va deplasa la Kiev pentru o \u00eent\u00e2lnire cu Volodimir Zelenski<\/span><\/a><\/li>\n<li><a href=\"https:\/\/r3media.ro\/etnic-roman-probleme-psihice-mobilizare-fortata-ucraina\/\" class=\"crp_link post-116791\"><span class=\"crp_title\">Un etnic rom\u00e2n cu probleme psihice grave a fost mobilizat for\u021bat \u0219i trimis pe front de c\u0103tre\u2026<\/span><\/a><\/li>\n<li><a href=\"https:\/\/r3media.ro\/video-mitropolitul-longhin-jar-ataca-biserica-ortodoxa-romana-pe-motiv-ca-vrea-sa-revina-in-nordul-bucovinei\/\" class=\"crp_link post-111854\"><span class=\"crp_title\">VIDEO | Mitropolitul Longhin Jar atac\u0103 Biserica Ortodox\u0103 Rom\u00e2n\u0103, pe motiv c\u0103 vrea s\u0103 revin\u0103\u2026<\/span><\/a><\/li>\n<\/ul>\n<\/div>\n<\/div>\n<\/div>\n<p>[analyse_source url=&#8221;https:\/\/r3media.ro\/guvernul-obligat-ajutor-militar-ucraina\/&#8221;]<\/p>\n","protected":false},"excerpt":{"rendered":"<p>[analyse_image type=&#8221;featured&#8221; src=&#8221;https:\/\/r3media.ro\/wp-content\/uploads\/2024\/03\/patriot-1536&#215;865-1-e1715608690783.webphttps:\/\/r3media.ro\/wp-content\/uploads\/2024\/03\/patriot-1536&#215;865-1-e1715608690783.webp&#8221;] FEATUREDGuvernul, obligat \u00een instan\u0163\u0103 s\u0103 spun\u0103 \u00een ce hot\u0103r\u00e2ri se ascunde ajutorul&#8230; FEATURED\u0218TIRI Guvernul, obligat \u00een instan\u0163\u0103 s\u0103 spun\u0103 \u00een ce hot\u0103r\u00e2ri se ascunde ajutorul militar dat Ucrainei. Nu \u015fi c\u00e2t valoreaz\u0103 Redac\u021bia 14\/07\/2026 APADOR-CH a c\u00e2\u015ftigat, \u00een prim\u0103 instan\u0163\u0103, procesul intentat Guvernului pentru refuzul de a comunica num\u0103rul \u015fi data hot\u0103r\u00e2rilor [&hellip;]<\/p>\n","protected":false},"author":1,"featured_media":0,"comment_status":"open","ping_status":"","sticky":false,"template":"","format":"standard","meta":{"footnotes":""},"categories":[89],"tags":[226,93],"class_list":["post-2042476","post","type-post","status-publish","format-standard","hentry","category-romania","tag-crawlmanager","tag-r3media-ro"],"_links":{"self":[{"href":"https:\/\/analyse.optim.biz\/index.php?rest_route=\/wp\/v2\/posts\/2042476","targetHints":{"allow":["GET"]}}],"collection":[{"href":"https:\/\/analyse.optim.biz\/index.php?rest_route=\/wp\/v2\/posts"}],"about":[{"href":"https:\/\/analyse.optim.biz\/index.php?rest_route=\/wp\/v2\/types\/post"}],"author":[{"embeddable":true,"href":"https:\/\/analyse.optim.biz\/index.php?rest_route=\/wp\/v2\/users\/1"}],"replies":[{"embeddable":true,"href":"https:\/\/analyse.optim.biz\/index.php?rest_route=%2Fwp%2Fv2%2Fcomments&post=2042476"}],"version-history":[{"count":0,"href":"https:\/\/analyse.optim.biz\/index.php?rest_route=\/wp\/v2\/posts\/2042476\/revisions"}],"wp:attachment":[{"href":"https:\/\/analyse.optim.biz\/index.php?rest_route=%2Fwp%2Fv2%2Fmedia&parent=2042476"}],"wp:term":[{"taxonomy":"category","embeddable":true,"href":"https:\/\/analyse.optim.biz\/index.php?rest_route=%2Fwp%2Fv2%2Fcategories&post=2042476"},{"taxonomy":"post_tag","embeddable":true,"href":"https:\/\/analyse.optim.biz\/index.php?rest_route=%2Fwp%2Fv2%2Ftags&post=2042476"}],"curies":[{"name":"wp","href":"https:\/\/api.w.org\/{rel}","templated":true}]}}