{"id":2042475,"date":"2026-07-14T07:49:11","date_gmt":"2026-07-14T04:49:11","guid":{"rendered":"https:\/\/analyse.optim.biz\/?p=2042475"},"modified":"2026-07-14T07:49:11","modified_gmt":"2026-07-14T04:49:11","slug":"bulgaria-si-a-luat-ramas-bun-de-la-al-doilea-cosmonaut-al-sau-alexander-alexandrov-condus-pe-ultimul-drum-la-sofia","status":"publish","type":"post","link":"https:\/\/analyse.optim.biz\/?p=2042475","title":{"rendered":"Bulgaria \u0219i-a luat r\u0103mas-bun de la al doilea cosmonaut al s\u0103u. Alexander Alexandrov, condus pe ultimul drum la Sofia"},"content":{"rendered":"<p>[analyse_image type=&#8221;featured&#8221; src=&#8221;https:\/\/r3media.ro\/wp-content\/uploads\/2026\/07\/bulgaria-cosmonaut-e1784015274252.jpghttps:\/\/r3media.ro\/wp-content\/uploads\/2026\/07\/bulgaria-cosmonaut-e1784015274252.jpg&#8221;]<\/p>\n<article id=\"template-id-109\" class=\"post-109 tdb_templates type-tdb_templates status-publish post\">\n<div id=\"tdi_2\" class=\"tdc-zone\">\n<div class=\"tdc_zone tdi_3  wpb_row td-pb-row\">\n<div id=\"tdi_4\" class=\"tdc-row\">\n<div class=\"vc_row tdi_5  wpb_row td-pb-row\">\n<div class=\"vc_column tdi_7  wpb_column vc_column_container tdc-column td-pb-span8\">\n<div class=\"wpb_wrapper\">\n<div class=\"td_block_wrap tdb_breadcrumbs tdi_8 td-pb-border-top td_block_template_1 tdb-breadcrumbs \" data-td-block-uid=\"tdi_8\">\n<div class=\"tdb-block-inner td-fix-index\"><span><a title=\"Vede\u021bi toate articolele \u00een PRIM PLAN\" class=\"tdb-entry-crumb\" href=\"https:\/\/r3media.ro\/category\/stiri-prim-plan\/\">PRIM PLAN<\/a><\/span><span class=\"tdb-bred-no-url-last\">Bulgaria \u0219i-a luat r\u0103mas-bun de la al doilea cosmonaut al s\u0103u. Alexander&#8230;<\/span><\/div>\n<\/div>\n<div class=\"td_block_wrap tdb_single_categories tdi_9 td-pb-border-top td_block_template_1 \" data-td-block-uid=\"tdi_9\">\n<div class=\"tdb-category td-fix-index\"><a class=\"tdb-entry-category\" href=\"https:\/\/r3media.ro\/category\/stiri-prim-plan\/\">PRIM PLAN<\/a><a class=\"tdb-entry-category\" href=\"https:\/\/r3media.ro\/category\/stiri\/\">\u0218TIRI<\/a><\/div>\n<\/div>\n<div class=\"td_block_wrap tdb_title tdi_10 tdb-single-title td-pb-border-top td_block_template_1\" data-td-block-uid=\"tdi_10\">\n<div class=\"tdb-block-inner td-fix-index\">\n<h1 class=\"tdb-title-text\">Bulgaria \u0219i-a luat r\u0103mas-bun de la al doilea cosmonaut al s\u0103u. Alexander Alexandrov, condus pe ultimul drum la Sofia<\/h1>\n<\/div>\n<\/div>\n<div class=\"vc_row_inner tdi_12  vc_row vc_inner wpb_row td-pb-row\">\n<div class=\"vc_column_inner tdi_14  wpb_column vc_column_container tdc-inner-column td-pb-span12\">\n<div class=\"vc_column-inner\">\n<div class=\"wpb_wrapper\">\n<div class=\"td_block_wrap tdb_single_author tdi_15 td-pb-border-top td_block_template_1 tdb-post-meta\" data-td-block-uid=\"tdi_15\">\n<div class=\"tdb-block-inner td-fix-index\">\n<div class=\"tdb-author-name-wrap\"><a class=\"tdb-author-name\" href=\"https:\/\/r3media.ro\/author\/redactia\/\">Redac\u021bia<\/a><\/div>\n<\/div>\n<\/div>\n<div class=\"td_block_wrap tdb_single_date tdi_16 td-pb-border-top td_block_template_1 tdb-post-meta\" data-td-block-uid=\"tdi_16\">\n<div class=\"tdb-block-inner td-fix-index\"><time class=\"entry-date updated td-module-date\" datetime=\"2026-07-14T10:49:11+03:00\">14\/07\/2026<\/time><\/div>\n<\/div>\n<\/div>\n<\/div>\n<\/div>\n<\/div>\n<div class=\"td_block_wrap tdb_single_featured_image tdi_17 tdb-content-horiz-left td-pb-border-top td_block_template_1\" data-td-block-uid=\"tdi_17\">\n<div class=\"tdb-block-inner td-fix-index\">\n<figure><figcaption class=\"tdb-caption-text\">Sursa foto: Novinite<\/figcaption><\/figure>\n<\/div>\n<\/div>\n<div class=\"td_block_wrap tdb_single_content tdi_18 td-pb-border-top td_block_template_1 td-post-content tagdiv-type\" data-td-block-uid=\"tdi_18\">\n<div class=\"tdb-block-inner td-fix-index\">\n<p>Militari, oficiali, oameni de \u0219tiin\u021b\u0103 \u0219i familia s-au adunat luni la Clubul Militar Central din Sofia pentru ceremonia de comemorare a generalului-maior \u00een rezerv\u0103 Alexander Alexandrov, cosmonautul care a zburat pe Soiuz TM-5 \u00een 1988.<\/p>\n<p>A murit pe 10 iulie, la 74 de ani, informeaz\u0103 <a href=\"https:\/\/www.novinite.com\/view_news.php?id=239576\" target=\"_blank\" rel=\"noopener\">Novinite.<\/a><\/p>\n<p>La aproape dou\u0103 ore dup\u0103 \u00eenceperea ceremoniei, oamenii \u00eenc\u0103 veneau s\u0103 lase flori.<\/p>\n<p>Sala Clubului Militar Central din Sofia a str\u00e2ns luni conducerea armatei bulgare, oficiali, colegi \u0219i rude, veni\u021bi s\u0103-l conduc\u0103 pe ultimul drum pe generalul-maior \u00een rezerv\u0103 Alexander Alexandrov, al doilea bulgar ajuns \u00een spa\u021biu.<\/p>\n<p>Printre cei prezen\u021bi s-au aflat ministrul ap\u0103r\u0103rii, Dimitar Stoianov, \u0219eful Ap\u0103r\u0103rii, amiralul Emil Eftimov, comandantul For\u021belor Aeriene, generalul-maior Nikolai Rusev, precum \u0219i ambasadoarea Rusiei la Sofia, Eleonora Mitrofanova.<\/p>\n<h2>\u201eGra\u021bie lui, Bulgaria a fost recunoscut\u0103 ca na\u021biune spa\u021bial\u0103\u201d<\/h2>\n<p>\u00cen discursul s\u0103u, Iliana Iotova l-a descris pe Alexandrov drept unul dintre eroii Bulgariei moderne, un ofi\u021ber de excep\u021bie care \u0219i-a dedicat via\u021ba \u021b\u0103rii \u0219i \u0219tiin\u021bei spa\u021biale.<\/p>\n<p>Gra\u021bie lui, a spus ea, <a href=\"https:\/\/r3media.ro\/bulgaria-stopeaza-ajutor-ucraina-militar-pace\/\" target=\"_blank\" rel=\"noopener\">Bulgaria<\/a> a fost recunoscut\u0103 ca na\u021biune care a ajuns \u00een spa\u021biu.<\/p>\n<p>Iotova \u0219i-a exprimat speran\u021ba c\u0103 genera\u021biile viitoare de oameni de \u0219tiin\u021b\u0103 \u0219i de astronau\u021bi vor duce mai departe mo\u0219tenirea l\u0103sat\u0103 de acesta, cu sprijinul institu\u021biilor bulgare.<\/p>\n<p>Amiralul Emil Eftimov a spus c\u0103 Alexandrov va r\u0103m\u00e2ne \u00een memorie prin profesionalismul, responsabilitatea \u0219i curajul cu care a ridicat Bulgaria la asemenea \u00een\u0103l\u021bimi, ad\u0103ug\u00e2nd c\u0103 \u021bara ar trebui s\u0103 r\u0103m\u00e2n\u0103 fidel\u0103 valorilor pe care le-a reprezentat.<\/p>\n<p>Ambasadoarea Rusiei, Eleonora Mitrofanova, a spus c\u0103 Alexandrov va r\u0103m\u00e2ne pentru totdeauna \u00een memoria cosmonau\u021bilor din Or\u0103\u0219elul Stelar \u0219i a cosmonauticii mondiale, transmi\u021b\u00e2nd condolean\u021be familiei \u0219i Bulgariei.<\/p>\n<h2>Nou\u0103 zile \u00een spa\u021biu, \u0219apte pe sta\u021bia Mir<\/h2>\n<p>Alexander Alexandrov a devenit al doilea bulgar ajuns \u00een spa\u021biu pe 7 iunie 1988, c\u00e2nd a decolat la bordul navei sovietice Soiuz TM-5.<\/p>\n<p>Misiunea a durat nou\u0103 zile \u0219i 20 de ore, dintre care \u0219apte zile petrecute pe sta\u021bia spa\u021bial\u0103 Mir.<\/p>\n<p>El a mers pe urmele lui Gheorghi Ivanov, primul cosmonaut bulgar, care participase la misiunea Soiuz 33 \u00een aprilie 1979. B<\/p>\n<p>ulgaria r\u0103m\u00e2ne astfel una dintre pu\u021binele \u021b\u0103ri care au trimis mai mult de o persoan\u0103 \u00een spa\u021biu.<\/p>\n<p>Krasimir Stoianov, care a f\u0103cut parte din echipajul de rezerv\u0103 al misiunii Soiuz TM-5, l-a evocat pe Alexandrov ca pe un profesionist extrem de bine preg\u0103tit \u0219i un coleg respectat, amintindu-\u0219i de antrenamentele comune din Or\u0103\u0219elul Stelar, \u00een 1987-1988.<\/p>\n<p>El a precizat c\u0103 Gheorghi Ivanov a transmis condolean\u021be, dar nu a putut participa la ceremonie.<\/p>\n<h2>\u201eUn exemplu pentru tinerii care \u00ee\u0219i urm\u0103resc scopul\u201d<\/h2>\n<p>Directorul Institutului de Cercet\u0103ri \u0219i Tehnologii Spa\u021biale din cadrul Academiei Bulgare de \u0218tiin\u021be, prof. Gheorghi Jelev, a spus c\u0103 Alexandrov r\u0103m\u00e2ne un exemplu pentru tinerii care \u00ee\u0219i urm\u0103resc obiectivele \u0219i le ating prin dedicare, munc\u0103 \u0219i eroism.<\/p>\n<p>\u00cen opinia sa, reu\u0219ita cosmonautului nu a fost doar una personal\u0103: ca al doilea bulgar ajuns \u00een spa\u021biu, el a plasat Bulgaria pe locul al treilea \u00een lume \u00eentre \u021b\u0103rile cu mai mult de un cosmonaut.<\/p>\n<p>Moartea lui Alexandrov fusese anun\u021bat\u0103 de Rumen Radev, care a transmis condolean\u021be familiei pilotului militar \u0219i cosmonautului.<\/p>\n<p>Acesta a spus c\u0103 Alexandrov a reprezentat o genera\u021bie de ofi\u021beri bulgari pentru care datoria, profesionalismul \u0219i c\u0103utarea cunoa\u0219terii se num\u0103rau printre cele mai \u00eenalte valori.<\/p>\n<p>Alexander Alexandrov r\u0103m\u00e2ne una dintre figurile centrale ale istoriei spa\u021biale a Bulgariei \u2014 al doilea cosmonaut al \u021b\u0103rii, dup\u0103 Gheorghi Ivanov, cu o mo\u0219tenire legat\u0103 deopotriv\u0103 de \u0219tiin\u021b\u0103, avia\u021bie \u0219i prestigiu na\u021bional.<\/p>\n<div class=\"crp_related     crp-masonry\">\n<h2>\u00ceN CONTEXT<\/h2>\n<ul>\n<li><a href=\"https:\/\/r3media.ro\/romania-razboi-bulgaria-presiuni-mari-puteri-cadrilater\/\" class=\"crp_link post-49370\"><span class=\"crp_title\">Calendarul zilei 27 iunie: 113 ani de c\u00e2nd Rom\u00e2nia declara r\u0103zboi Bulgariei, la presiunile\u2026<\/span><\/a><\/li>\n<li><a href=\"https:\/\/r3media.ro\/cfr-calatori-tren-direct-varna-sofia-istanbul-program-tarife\/\" class=\"crp_link post-117720\"><span class=\"crp_title\">CFR C\u0103l\u0103tori reia circula\u021bia trenului direct c\u0103tre Varna, Sofia \u0219i Istanbul. Program \u0219i tarife<\/span><\/a><\/li>\n<li><a href=\"https:\/\/r3media.ro\/bulgaria-negociere-america-vize-bulgari-avioane-americane-sofia\/\" class=\"crp_link post-117361\"><span class=\"crp_title\">Premierul Bulgariei ne arat\u0103 cum se negociaz\u0103: Le-a dat o lun\u0103 americanilor s\u0103 retrag\u0103\u2026<\/span><\/a><\/li>\n<li><a href=\"https:\/\/r3media.ro\/turism-bulgaria-promovat-sute-de-milioane-persoane\/\" class=\"crp_link post-116105\"><span class=\"crp_title\">Turismul Bulgariei, promovat de o institu\u021bie sportiv\u0103 european\u0103 de top \u00een fa\u021ba a sute de\u2026<\/span><\/a><\/li>\n<li><a href=\"https:\/\/r3media.ro\/turisti-romani-vinieta-bulgaria\/\" class=\"crp_link post-119018\"><span class=\"crp_title\">Veste important\u0103 pentru turi\u0219tii rom\u00e2ni: Vinieta din Bulgaria se scumpe\u0219te cu 30% de la 1 august<\/span><\/a><\/li>\n<li><a href=\"https:\/\/r3media.ro\/foto-bulgarii-scriu-bancnote-euro-mesaje-revolta-uniunea-europeana-politician-ultranationalist-kosntantin-konstantinov-zona-shitcoin-mesaje-bulgaria\/\" class=\"crp_link post-114692\"><span class=\"crp_title\">FOTO | Bulgarii scriu pe bancnotele euro mesaje de revolt\u0103 la adresa Uniunii Europene.\u2026<\/span><\/a><\/li>\n<li><a href=\"https:\/\/r3media.ro\/adoptarea-monedei-euro-cresterea-preturilor-bulgaria-vicepresedinte-anat-bere-cost-romania\/\" class=\"crp_link post-116044\"><span class=\"crp_title\">Adoptarea euro a dus la o cre\u0219tere incredibil\u0103 a pre\u021burilor \u00een Bulgaria. Vicepre\u0219edintele\u2026<\/span><\/a><\/li>\n<li><a href=\"https:\/\/r3media.ro\/bulgaria-stopeaza-ajutor-ucraina-militar-pace\/\" class=\"crp_link post-117928\"><span class=\"crp_title\">Este oficial! Bulgaria stopeaz\u0103 ajutorul militar pentru Ucraina \u0219i pledeaz\u0103 pentru pace<\/span><\/a><\/li>\n<\/ul>\n<\/div>\n<\/div>\n<\/div>\n<div class=\"td_block_wrap tdb_single_tags tdi_19 td-pb-border-top td_block_template_1\" data-td-block-uid=\"tdi_19\">\n<div class=\"tdb-block-inner td-fix-index\">\n<ul class=\"tdb-tags\">\n<li><span>SUBIECTE FIERBIN\u021aI<\/span><\/li>\n<li><a href=\"https:\/\/r3media.ro\/tag\/bulgaria\/\">bulgaria<\/a><\/li>\n<\/ul>\n<\/div>\n<\/div>\n<div class=\"td_block_wrap td_block_9 tdi_20 td_with_ajax_pagination td-pb-border-top td_block_template_1 td-column-2 td_block_padding td_block_bot_line\" data-td-block-uid=\"tdi_20\">\n<div class=\"td-block-title-wrap\">\n<h4 class=\"block-title td-block-title\"><span class=\"td-pulldown-size\">CITE\u0218TE MAI MULT<\/span><\/h4>\n<\/div>\n<div id=\"tdi_20\" class=\"td_block_inner\">\n<div class=\"td-block-row\">\n<div class=\"td-block-span6\">\n<div class=\"td_module_8 td_module_wrap\">\n<div class=\"item-details\">\n<h3 class=\"entry-title td-module-title\"><a href=\"https:\/\/r3media.ro\/ioan-aurel-pop-lege-vexler-razboi-istoria\/\" rel=\"bookmark\" title=\"Ioan-Aurel Pop critic\u0103 legea Vexler \u00eentr-un articol de neratat: Nu putem s\u0103 ducem un r\u0103zboi cu istoria\">Ioan-Aurel Pop critic\u0103 legea Vexler \u00eentr-un articol de neratat: Nu putem s\u0103 ducem un&#8230;<\/a><\/h3>\n<div class=\"td-module-meta-info\"><a href=\"https:\/\/r3media.ro\/category\/actualitate\/\" class=\"td-post-category\">ACTUALITATE<\/a><span class=\"td-post-author-name\"><a href=\"https:\/\/r3media.ro\/author\/radu_ursan\/\">Radu Ursan<\/a><span>&#8211;<\/span><\/span><span class=\"td-post-date\"><time class=\"entry-date updated td-module-date\" datetime=\"2026-07-12T21:42:54+03:00\">12\/07\/2026<\/time><\/span><\/div>\n<\/div>\n<\/div>\n<\/div>\n<div class=\"td-block-span6\">\n<div class=\"td_module_8 td_module_wrap\">\n<div class=\"item-details\">\n<h3 class=\"entry-title td-module-title\"><a href=\"https:\/\/r3media.ro\/scandalul-rachetelor-patriot-zguduie-polonia-varsovia-declasifica-tot-ajutorul-militar-acordat-ucrainei\/\" rel=\"bookmark\" title=\"Scandalul rachetelor Patriot zguduie Polonia: Var\u0219ovia declasific\u0103 tot ajutorul militar acordat Ucrainei\">Scandalul rachetelor Patriot zguduie Polonia: Var\u0219ovia declasific\u0103 tot ajutorul militar acordat Ucrainei<\/a><\/h3>\n<div class=\"td-module-meta-info\"><a href=\"https:\/\/r3media.ro\/category\/stiri\/\" class=\"td-post-category\">\u0218TIRI<\/a><span class=\"td-post-author-name\"><a href=\"https:\/\/r3media.ro\/author\/radu_ursan\/\">Radu Ursan<\/a><span>&#8211;<\/span><\/span><span class=\"td-post-date\"><time class=\"entry-date updated td-module-date\" datetime=\"2026-07-12T20:43:04+03:00\">12\/07\/2026<\/time><\/span><\/div>\n<\/div>\n<\/div>\n<\/div>\n<\/div>\n<div class=\"td-block-row\">\n<div class=\"td-block-span6\">\n<div class=\"td_module_8 td_module_wrap\">\n<div class=\"item-details\">\n<h3 class=\"entry-title td-module-title\"><a href=\"https:\/\/r3media.ro\/ce-ne-facem-cu-atatia-prosti\/\" rel=\"bookmark\" title=\"Ce ne facem cu at\u00e2\u021bia pro\u0219ti?\">Ce ne facem cu at\u00e2\u021bia pro\u0219ti?<\/a><\/h3>\n<div class=\"td-module-meta-info\"><a href=\"https:\/\/r3media.ro\/category\/opinii\/\" class=\"td-post-category\">OPINII<\/a><span class=\"td-post-author-name\"><a href=\"https:\/\/r3media.ro\/author\/alexandru_racu\/\">Alexandru Racu<\/a><span>&#8211;<\/span><\/span><span class=\"td-post-date\"><time class=\"entry-date updated td-module-date\" datetime=\"2026-07-12T14:11:45+03:00\">12\/07\/2026<\/time><\/span><\/div>\n<\/div>\n<\/div>\n<\/div>\n<div class=\"td-block-span6\">\n<div class=\"td_module_8 td_module_wrap\">\n<div class=\"item-details\">\n<h3 class=\"entry-title td-module-title\"><a href=\"https:\/\/r3media.ro\/guvernul-sanchez-demoleaza-monumentul-de-la-majadahonda-ion-mota-vasile-marin-lupta-rzaboiul-civil-spaniol-comunisti\/\" rel=\"bookmark\" title=\"Guvernul Sanchez demoleaz\u0103 Monumentul de la Majadahonda, dedicat lui Ion Mo\u021ba \u0219i Vasile Marin, rom\u00e2nii care au luptat \u00eempotriva comuni\u0219tilor \u00een R\u0103zboiul Civil Spaniol\">Guvernul Sanchez demoleaz\u0103 Monumentul de la Majadahonda, dedicat lui Ion Mo\u021ba \u0219i Vasile Marin,&#8230;<\/a><\/h3>\n<div class=\"td-module-meta-info\"><a href=\"https:\/\/r3media.ro\/category\/actualitate\/\" class=\"td-post-category\">ACTUALITATE<\/a><span class=\"td-post-author-name\"><a href=\"https:\/\/r3media.ro\/author\/oana\/\">Oana Ivan<\/a><span>&#8211;<\/span><\/span><span class=\"td-post-date\"><time class=\"entry-date updated td-module-date\" datetime=\"2026-07-12T01:11:49+03:00\">12\/07\/2026<\/time><\/span><\/div>\n<\/div>\n<\/div>\n<\/div>\n<\/div>\n<div class=\"td-block-row\">\n<div class=\"td-block-span6\">\n<div class=\"td_module_8 td_module_wrap\">\n<div class=\"item-details\">\n<h3 class=\"entry-title td-module-title\"><a href=\"https:\/\/r3media.ro\/sofer-surpriza-neplacuta-benzinarie-austria-oprit-apa-portbagaj\/\" rel=\"bookmark\" title=\"Un \u0219ofer a avut parte de o surpriz\u0103 nepl\u0103cut\u0103 la benzin\u0103rie dup\u0103 ce a oprit un minut \u0219i 28 de secunde pentru a scoate o sticl\u0103 de ap\u0103 din portbagaj\">Un \u0219ofer a avut parte de o surpriz\u0103 nepl\u0103cut\u0103 la benzin\u0103rie dup\u0103 ce a&#8230;<\/a><\/h3>\n<div class=\"td-module-meta-info\"><a href=\"https:\/\/r3media.ro\/category\/actualitate\/\" class=\"td-post-category\">ACTUALITATE<\/a><span class=\"td-post-author-name\"><a href=\"https:\/\/r3media.ro\/author\/oana\/\">Oana Ivan<\/a><span>&#8211;<\/span><\/span><span class=\"td-post-date\"><time class=\"entry-date updated td-module-date\" datetime=\"2026-07-11T13:00:01+03:00\">11\/07\/2026<\/time><\/span><\/div>\n<\/div>\n<\/div>\n<\/div>\n<div class=\"td-block-span6\">\n<div class=\"td_module_8 td_module_wrap\">\n<div class=\"item-details\">\n<h3 class=\"entry-title td-module-title\"><a href=\"https:\/\/r3media.ro\/o-femeie-mentalitate-femei-moderne-printese-disney\/\" rel=\"bookmark\" title=\"VIDEO | O femeie critic\u0103 mentalitatea femeii moderne care distruge rela\u021bia cu b\u0103rbatul s\u0103u: Suntem crescute \u00een ideea de prin\u021bese, dar nu suntem la Disney\">VIDEO | O femeie critic\u0103 mentalitatea femeii moderne care distruge rela\u021bia cu b\u0103rbatul s\u0103u:&#8230;<\/a><\/h3>\n<div class=\"td-module-meta-info\"><a href=\"https:\/\/r3media.ro\/category\/actualitate\/\" class=\"td-post-category\">ACTUALITATE<\/a><span class=\"td-post-author-name\"><a href=\"https:\/\/r3media.ro\/author\/teodor_stan\/\">Teodor Stan<\/a><span>&#8211;<\/span><\/span><span class=\"td-post-date\"><time class=\"entry-date updated td-module-date\" datetime=\"2026-07-10T12:47:58+03:00\">10\/07\/2026<\/time><\/span><\/div>\n<\/div>\n<\/div>\n<\/div>\n<\/div>\n<div class=\"td-block-row\">\n<div class=\"td-block-span6\">\n<div class=\"td_module_8 td_module_wrap\">\n<div class=\"item-details\">\n<h3 class=\"entry-title td-module-title\"><a href=\"https:\/\/r3media.ro\/cutremur-5-5-grade-scara-richter-resimtit-cehia-slovacia\/\" rel=\"bookmark\" title=\"Cutremur de 5.5 grade pe scara Richter. S-a resim\u021bit \u00een Cehia \u0219i Slovacia\">Cutremur de 5.5 grade pe scara Richter. S-a resim\u021bit \u00een Cehia \u0219i Slovacia<\/a><\/h3>\n<div class=\"td-module-meta-info\"><a href=\"https:\/\/r3media.ro\/category\/actualitate\/\" class=\"td-post-category\">ACTUALITATE<\/a><span class=\"td-post-author-name\"><a href=\"https:\/\/r3media.ro\/author\/oana\/\">Oana Ivan<\/a><span>&#8211;<\/span><\/span><span class=\"td-post-date\"><time class=\"entry-date updated td-module-date\" datetime=\"2026-07-09T20:48:24+03:00\">09\/07\/2026<\/time><\/span><\/div>\n<\/div>\n<\/div>\n<\/div>\n<div class=\"td-block-span6\">\n<div class=\"td_module_8 td_module_wrap\">\n<div class=\"item-details\">\n<h3 class=\"entry-title td-module-title\"><a href=\"https:\/\/r3media.ro\/presedintele-croatiei-interesele-poporului-ursula-von-der-leyen\/\" rel=\"bookmark\" title=\"Pre\u0219edintele Croa\u021biei spune c\u0103 este obligat s\u0103 apere interesele poporului s\u0103u, \u201enu s\u0103 urmez orbe\u0219te trenduri sau s\u0103 repet ca un papagal frazele care \u00eei plac Ursulei von der Leyen\u201d\">Pre\u0219edintele Croa\u021biei spune c\u0103 este obligat s\u0103 apere interesele poporului s\u0103u, \u201enu s\u0103 urmez&#8230;<\/a><\/h3>\n<div class=\"td-module-meta-info\"><a href=\"https:\/\/r3media.ro\/category\/actualitate\/\" class=\"td-post-category\">ACTUALITATE<\/a><span class=\"td-post-author-name\"><a href=\"https:\/\/r3media.ro\/author\/radu_ursan\/\">Radu Ursan<\/a><span>&#8211;<\/span><\/span><span class=\"td-post-date\"><time class=\"entry-date updated td-module-date\" datetime=\"2026-07-08T22:42:08+03:00\">08\/07\/2026<\/time><\/span><\/div>\n<\/div>\n<\/div>\n<\/div>\n<\/div>\n<div class=\"td-block-row\">\n<div class=\"td-block-span6\">\n<div class=\"td_module_8 td_module_wrap\">\n<div class=\"item-details\">\n<h3 class=\"entry-title td-module-title\"><a href=\"https:\/\/r3media.ro\/femeie-cumparat-automobil-electric-mana-a-doua-surpriza-plecat-masina\/\" rel=\"bookmark\" title=\"O femeie care \u0219i-a achizi\u021bionat un automobil electric la m\u00e2na a doua a avut parte de o surpriz\u0103 imediat dup\u0103 ce a plecat cu ma\u0219ina\">O femeie care \u0219i-a achizi\u021bionat un automobil electric la m\u00e2na a doua a avut&#8230;<\/a><\/h3>\n<div class=\"td-module-meta-info\"><a href=\"https:\/\/r3media.ro\/category\/actualitate\/\" class=\"td-post-category\">ACTUALITATE<\/a><span class=\"td-post-author-name\"><a href=\"https:\/\/r3media.ro\/author\/oana\/\">Oana Ivan<\/a><span>&#8211;<\/span><\/span><span class=\"td-post-date\"><time class=\"entry-date updated td-module-date\" datetime=\"2026-07-08T19:56:23+03:00\">08\/07\/2026<\/time><\/span><\/div>\n<\/div>\n<\/div>\n<\/div>\n<div class=\"td-block-span6\">\n<div class=\"td_module_8 td_module_wrap\">\n<div class=\"item-details\">\n<h3 class=\"entry-title td-module-title\"><a href=\"https:\/\/r3media.ro\/lectii-de-inapoiere\/\" rel=\"bookmark\" title=\"Lec\u021bii de \u00eenapoiere\">Lec\u021bii de \u00eenapoiere<\/a><\/h3>\n<div class=\"td-module-meta-info\"><a href=\"https:\/\/r3media.ro\/category\/opinii\/\" class=\"td-post-category\">OPINII<\/a><span class=\"td-post-author-name\"><a href=\"https:\/\/r3media.ro\/author\/tru\/\">TRU (Traian Ungureanu)<\/a><span>&#8211;<\/span><\/span><span class=\"td-post-date\"><time class=\"entry-date updated td-module-date\" datetime=\"2026-07-07T14:50:09+03:00\">07\/07\/2026<\/time><\/span><\/div>\n<\/div>\n<\/div>\n<\/div>\n<\/div>\n<div class=\"td-block-row\">\n<div class=\"td-block-span6\">\n<div class=\"td_module_8 td_module_wrap\">\n<div class=\"item-details\">\n<h3 class=\"entry-title td-module-title\"><a href=\"https:\/\/r3media.ro\/dreptate-pentru-memoria-lui-mircea-vulcanescu\/\" rel=\"bookmark\" title=\"Dreptate pentru memoria lui Mircea Vulc\u0103nescu\">Dreptate pentru memoria lui Mircea Vulc\u0103nescu<\/a><\/h3>\n<div class=\"td-module-meta-info\"><a href=\"https:\/\/r3media.ro\/category\/opinii\/\" class=\"td-post-category\">OPINII<\/a><span class=\"td-post-author-name\"><a href=\"https:\/\/r3media.ro\/author\/bogdan-munteanu\/\">Bogdan Munteanu<\/a><span>&#8211;<\/span><\/span><span class=\"td-post-date\"><time class=\"entry-date updated td-module-date\" datetime=\"2026-07-03T15:27:06+03:00\">03\/07\/2026<\/time><\/span><\/div>\n<\/div>\n<\/div>\n<\/div>\n<div class=\"td-block-span6\">\n<div class=\"td_module_8 td_module_wrap\">\n<div class=\"item-details\">\n<h3 class=\"entry-title td-module-title\"><a href=\"https:\/\/r3media.ro\/un-baietel-de-10-ani-are-nevoie-urgent-de-930-000-de-euro-pentru-a-trai-apelul-parintelui-alexandru-lungu\/\" rel=\"bookmark\" title=\"Un b\u0103ie\u021bel de 10 ani are nevoie URGENT de 930.000 de euro pentru a tr\u0103i. Apelul p\u0103rintelui Alexandru Lungu\">Un b\u0103ie\u021bel de 10 ani are nevoie URGENT de 930.000 de euro pentru a&#8230;<\/a><\/h3>\n<div class=\"td-module-meta-info\"><a href=\"https:\/\/r3media.ro\/category\/actualitate\/\" class=\"td-post-category\">ACTUALITATE<\/a><span class=\"td-post-author-name\"><a href=\"https:\/\/r3media.ro\/author\/redactia\/\">Redac\u021bia<\/a><span>&#8211;<\/span><\/span><span class=\"td-post-date\"><time class=\"entry-date updated td-module-date\" datetime=\"2026-07-01T14:14:11+03:00\">01\/07\/2026<\/time><\/span><\/div>\n<\/div>\n<\/div>\n<\/div>\n<\/div>\n<\/div>\n<div class=\"td-load-more-wrap td-load-more-infinite-wrap\" id=\"infinite-lm-tdi_20\"><a href=\"https:\/\/r3media.ro\/bulgaria-cosmonaut-alexander-alexandrov\/\" class=\"td_ajax_load_more td_ajax_load_more_js\" aria-label=\"\u00cenc\u0103rca\u021bi mai multe\" id=\"next-page-tdi_20\" data-td_block_id=\"tdi_20\">\u00cenc\u0103rca\u021bi mai multe<\/a><\/div>\n<\/div>\n<div class=\"td_block_wrap tdb_single_comments tdi_21 tdb-comm-layout2 td-pb-border-top td_block_template_1\" data-td-block-uid=\"tdi_21\">\n<div class=\"tdb-block-inner td-fix-index\">\n<div class=\"comments\" id=\"comments\">\n<div id=\"respond\" class=\"comment-respond\">\n<h3 id=\"reply-title\" class=\"comment-reply-title\">AI CEVA DE SPUS? <small><a rel=\"nofollow\" id=\"cancel-comment-reply-link\" href=\"https:\/\/r3media.ro\/bulgaria-cosmonaut-alexander-alexandrov\/#respond\">Renun\u021ba\u021bi la r\u0103spuns<\/a><\/small><\/h3>\n<div class=\"comment-form-input-wrap td-form-comment\">\n<div class=\"td-warning-comment\">V\u0103 rug\u0103m s\u0103 introduce\u021bi comentariul dvs.!<\/div>\n<\/div>\n<div class=\"comment-form-input-wrap td-form-author\">\n<div class=\"td-warning-author\">Introduce\u021bi aici numele dvs.<\/div>\n<\/div>\n<div class=\"comment-form-input-wrap td-form-email\">\n<div class=\"td-warning-email-error\">A\u021bi introdus o adres\u0103 de e-mail incorect\u0103!<\/div>\n<div class=\"td-warning-email\">V\u0103 rug\u0103m s\u0103 introduce\u021bi adresa dvs. de e-mail aici<\/div>\n<\/div>\n<\/div>\n<\/div>\n<\/div>\n<\/div>\n<\/div>\n<\/div>\n<div class=\"vc_column tdi_23  wpb_column vc_column_container tdc-column td-pb-span4 td-is-sticky\">\n<div class=\"wpb_wrapper\" data-sticky-enabled-on=\"W3RydWUsdHJ1ZSx0cnVlLHRydWVd\" data-sticky-offset=\"20\" data-sticky-is-width-auto=\"W2ZhbHNlLGZhbHNlLGZhbHNlLGZhbHNlXQ==\">\n<div class=\"wpb_wrapper td_block_wrap vc_widget_sidebar tdi_25 \">\n<div class=\"td_block_wrap td_block_7 td_block_widget tdi_26 td-pb-border-top td_block_template_1 td-column-1 td_block_padding\" data-td-block-uid=\"tdi_26\">\n<div class=\"td-block-title-wrap\">\n<h4 class=\"block-title td-block-title\"><span class=\"td-pulldown-size\">Articole RELA\u021aIONATE<\/span><\/h4>\n<\/div>\n<div id=\"tdi_26\" class=\"td_block_inner\">\n<div class=\"td-block-span12\">\n<div class=\"td_module_6 td_module_wrap td-animation-stack\">\n<div class=\"td-module-thumb\"><a href=\"https:\/\/r3media.ro\/guvernul-obligat-ajutor-militar-ucraina\/\" rel=\"bookmark\" class=\"td-image-wrap \" title=\"Guvernul, obligat \u00een instan\u0163\u0103 s\u0103 spun\u0103 \u00een ce hot\u0103r\u00e2ri se ascunde ajutorul militar dat Ucrainei. Nu \u015fi c\u00e2t valoreaz\u0103\"><img loading=\"lazy\" decoding=\"async\" class=\"entry-thumb\" src=\"https:\/\/r3media.ro\/wp-content\/uploads\/2024\/03\/patriot-1536x865-1-100x70.webp\" alt title=\"Guvernul, obligat \u00een instan\u0163\u0103 s\u0103 spun\u0103 \u00een ce hot\u0103r\u00e2ri se ascunde ajutorul militar dat Ucrainei. Nu \u015fi c\u00e2t valoreaz\u0103\" width=\"100\" height=\"70\"><\/a><\/div>\n<div class=\"item-details\">\n<h3 class=\"entry-title td-module-title\"><a href=\"https:\/\/r3media.ro\/guvernul-obligat-ajutor-militar-ucraina\/\" rel=\"bookmark\" title=\"Guvernul, obligat \u00een instan\u0163\u0103 s\u0103 spun\u0103 \u00een ce hot\u0103r\u00e2ri se ascunde ajutorul militar dat Ucrainei. Nu \u015fi c\u00e2t valoreaz\u0103\">Guvernul, obligat \u00een instan\u0163\u0103 s\u0103 spun\u0103 \u00een ce hot\u0103r\u00e2ri se ascunde&#8230;<\/a><\/h3>\n<div class=\"td-module-meta-info\"><span class=\"td-post-date\"><time class=\"entry-date updated td-module-date\" datetime=\"2026-07-14T13:00:34+03:00\">14\/07\/2026<\/time><\/span><\/div>\n<\/div>\n<\/div>\n<\/div>\n<div class=\"td-block-span12\">\n<div class=\"td_module_6 td_module_wrap td-animation-stack\">\n<div class=\"td-module-thumb\"><a href=\"https:\/\/r3media.ro\/angajata-viorel-pasca-mascati-bolnavi\/\" rel=\"bookmark\" class=\"td-image-wrap \" title=\"O angajat\u0103 a lui Viorel Pa\u0219ca acuz\u0103: Masca\u0163ii nu m-or l\u0103sat s\u0103-l schimb pe bolnav, at\u00e2tea ore, ca s\u0103 poat\u0103 face poze\"><img loading=\"lazy\" decoding=\"async\" class=\"entry-thumb\" src=\"https:\/\/r3media.ro\/wp-content\/uploads\/2026\/07\/diicot-viorel-pasca-100x70.jpg\" alt title=\"O angajat\u0103 a lui Viorel Pa\u0219ca acuz\u0103: Masca\u0163ii nu m-or l\u0103sat s\u0103-l schimb pe bolnav, at\u00e2tea ore, ca s\u0103 poat\u0103 face poze\" width=\"100\" height=\"70\"><\/a><\/div>\n<div class=\"item-details\">\n<h3 class=\"entry-title td-module-title\"><a href=\"https:\/\/r3media.ro\/angajata-viorel-pasca-mascati-bolnavi\/\" rel=\"bookmark\" title=\"O angajat\u0103 a lui Viorel Pa\u0219ca acuz\u0103: Masca\u0163ii nu m-or l\u0103sat s\u0103-l schimb pe bolnav, at\u00e2tea ore, ca s\u0103 poat\u0103 face poze\">O angajat\u0103 a lui Viorel Pa\u0219ca acuz\u0103: Masca\u0163ii nu m-or l\u0103sat&#8230;<\/a><\/h3>\n<div class=\"td-module-meta-info\"><span class=\"td-post-date\"><time class=\"entry-date updated td-module-date\" datetime=\"2026-07-14T11:55:55+03:00\">14\/07\/2026<\/time><\/span><\/div>\n<\/div>\n<\/div>\n<\/div>\n<div class=\"td-block-span12\">\n<div class=\"td_module_6 td_module_wrap td-animation-stack\">\n<div class=\"td-module-thumb\"><a href=\"https:\/\/r3media.ro\/industria-auto-europeana-software-romania\/\" rel=\"bookmark\" class=\"td-image-wrap \" title=\"Industria auto european\u0103 \u00ee\u0219i pune software-ul \u00een comun. Impactul asupra Rom\u00e2niei\"><img loading=\"lazy\" decoding=\"async\" class=\"entry-thumb\" src=\"https:\/\/r3media.ro\/wp-content\/uploads\/2026\/07\/ford-craiova-industria-auto-100x70.webp\" alt title=\"Industria auto european\u0103 \u00ee\u0219i pune software-ul \u00een comun. Impactul asupra Rom\u00e2niei\" width=\"100\" height=\"70\"><\/a><\/div>\n<div class=\"item-details\">\n<h3 class=\"entry-title td-module-title\"><a href=\"https:\/\/r3media.ro\/industria-auto-europeana-software-romania\/\" rel=\"bookmark\" title=\"Industria auto european\u0103 \u00ee\u0219i pune software-ul \u00een comun. Impactul asupra Rom\u00e2niei\">Industria auto european\u0103 \u00ee\u0219i pune software-ul \u00een comun. Impactul asupra Rom\u00e2niei<\/a><\/h3>\n<div class=\"td-module-meta-info\"><span class=\"td-post-date\"><time class=\"entry-date updated td-module-date\" datetime=\"2026-07-14T09:31:26+03:00\">14\/07\/2026<\/time><\/span><\/div>\n<\/div>\n<\/div>\n<\/div>\n<div class=\"td-block-span12\">\n<div class=\"td_module_6 td_module_wrap td-animation-stack\">\n<div class=\"td-module-thumb\"><a href=\"https:\/\/r3media.ro\/ilie-bolojan-alegeri-anticipate\/\" rel=\"bookmark\" class=\"td-image-wrap \" title=\"Ilie Bolojan ia \u00een calcul organizarea alegerilor anticipate: Mai devreme sau mai t\u00e2rziu, s\u0103 ne \u00eentoarcem la judecata cet\u0103\u0163enilor\"><img loading=\"lazy\" decoding=\"async\" class=\"entry-thumb\" src=\"https:\/\/r3media.ro\/wp-content\/uploads\/2025\/05\/bolojan-razboi-100x70.jpg\" alt title=\"Ilie Bolojan ia \u00een calcul organizarea alegerilor anticipate: Mai devreme sau mai t\u00e2rziu, s\u0103 ne \u00eentoarcem la judecata cet\u0103\u0163enilor\" width=\"100\" height=\"70\"><\/a><\/div>\n<div class=\"item-details\">\n<h3 class=\"entry-title td-module-title\"><a href=\"https:\/\/r3media.ro\/ilie-bolojan-alegeri-anticipate\/\" rel=\"bookmark\" title=\"Ilie Bolojan ia \u00een calcul organizarea alegerilor anticipate: Mai devreme sau mai t\u00e2rziu, s\u0103 ne \u00eentoarcem la judecata cet\u0103\u0163enilor\">Ilie Bolojan ia \u00een calcul organizarea alegerilor anticipate: Mai devreme sau&#8230;<\/a><\/h3>\n<div class=\"td-module-meta-info\"><span class=\"td-post-date\"><time class=\"entry-date updated td-module-date\" datetime=\"2026-07-14T07:53:46+03:00\">14\/07\/2026<\/time><\/span><\/div>\n<\/div>\n<\/div>\n<\/div>\n<div class=\"td-block-span12\">\n<div class=\"td_module_6 td_module_wrap td-animation-stack\">\n<div class=\"td-module-thumb\"><a href=\"https:\/\/r3media.ro\/care-sunt-aplicatiile-mobile-cu-cele-mai-multe-functii\/\" rel=\"bookmark\" class=\"td-image-wrap \" title=\"Care sunt aplica\u021biile mobile cu cele mai multe func\u021bii?\"><img loading=\"lazy\" decoding=\"async\" class=\"entry-thumb\" src=\"https:\/\/r3media.ro\/wp-content\/uploads\/2026\/07\/r3-100x70.jpg\" alt title=\"Care sunt aplica\u021biile mobile cu cele mai multe func\u021bii?\" width=\"100\" height=\"70\"><\/a><\/div>\n<div class=\"item-details\">\n<h3 class=\"entry-title td-module-title\"><a href=\"https:\/\/r3media.ro\/care-sunt-aplicatiile-mobile-cu-cele-mai-multe-functii\/\" rel=\"bookmark\" title=\"Care sunt aplica\u021biile mobile cu cele mai multe func\u021bii?\">Care sunt aplica\u021biile mobile cu cele mai multe func\u021bii?<\/a><\/h3>\n<div class=\"td-module-meta-info\"><span class=\"td-post-date\"><time class=\"entry-date updated td-module-date\" datetime=\"2026-07-14T00:51:14+03:00\">14\/07\/2026<\/time><\/span><\/div>\n<\/div>\n<\/div>\n<\/div>\n<div class=\"td-block-span12\">\n<div class=\"td_module_6 td_module_wrap td-animation-stack\">\n<div class=\"td-module-thumb\"><a href=\"https:\/\/r3media.ro\/liviu-dragnea-partidul-aur-incredere-sperante-romani-extremism-video\/\" rel=\"bookmark\" class=\"td-image-wrap \" title=\"VIDEO | Liviu Dragnea: AUR trebuie s\u0103 s\u0103 devin\u0103 un partid \u00een care lumea s\u0103 aib\u0103 \u0219i \u00eencredere, nu numai speran\u021be. N-am v\u0103zut nimic extremist la AUR\"><img loading=\"lazy\" decoding=\"async\" class=\"entry-thumb\" src=\"https:\/\/r3media.ro\/wp-content\/uploads\/2026\/07\/liviu-dragnea-si-iosefina-pascal-100x70.png\" alt title=\"VIDEO | Liviu Dragnea: AUR trebuie s\u0103 s\u0103 devin\u0103 un partid \u00een care lumea s\u0103 aib\u0103 \u0219i \u00eencredere, nu numai speran\u021be. N-am v\u0103zut nimic extremist la AUR\" width=\"100\" height=\"70\"><\/a><\/div>\n<div class=\"item-details\">\n<h3 class=\"entry-title td-module-title\"><a href=\"https:\/\/r3media.ro\/liviu-dragnea-partidul-aur-incredere-sperante-romani-extremism-video\/\" rel=\"bookmark\" title=\"VIDEO | Liviu Dragnea: AUR trebuie s\u0103 s\u0103 devin\u0103 un partid \u00een care lumea s\u0103 aib\u0103 \u0219i \u00eencredere, nu numai speran\u021be. N-am v\u0103zut nimic extremist la AUR\">VIDEO | Liviu Dragnea: AUR trebuie s\u0103 s\u0103 devin\u0103 un partid&#8230;<\/a><\/h3>\n<div class=\"td-module-meta-info\"><span class=\"td-post-date\"><time class=\"entry-date updated td-module-date\" datetime=\"2026-07-14T00:27:15+03:00\">14\/07\/2026<\/time><\/span><\/div>\n<\/div>\n<\/div>\n<\/div>\n<div class=\"td-block-span12\">\n<div class=\"td_module_6 td_module_wrap td-animation-stack\">\n<div class=\"td-module-thumb\"><a href=\"https:\/\/r3media.ro\/14-iulie-ziua-nationala-a-frantei\/\" rel=\"bookmark\" class=\"td-image-wrap \" title=\"Calendarul zilei 14 iulie: Ziua Na\u021bional\u0103 a Fran\u021bei\"><img loading=\"lazy\" decoding=\"async\" class=\"entry-thumb\" src=\"https:\/\/r3media.ro\/wp-content\/uploads\/2022\/06\/Acciza-Franta-Smart-Diesel-Mai-2022-e1654099421627-100x70.png\" alt title=\"Calendarul zilei 14 iulie: Ziua Na\u021bional\u0103 a Fran\u021bei\" width=\"100\" height=\"70\"><\/a><\/div>\n<div class=\"item-details\">\n<h3 class=\"entry-title td-module-title\"><a href=\"https:\/\/r3media.ro\/14-iulie-ziua-nationala-a-frantei\/\" rel=\"bookmark\" title=\"Calendarul zilei 14 iulie: Ziua Na\u021bional\u0103 a Fran\u021bei\">Calendarul zilei 14 iulie: Ziua Na\u021bional\u0103 a Fran\u021bei<\/a><\/h3>\n<div class=\"td-module-meta-info\"><span class=\"td-post-date\"><time class=\"entry-date updated td-module-date\" datetime=\"2026-07-13T22:50:33+03:00\">13\/07\/2026<\/time><\/span><\/div>\n<\/div>\n<\/div>\n<\/div>\n<\/div>\n<\/div>\n<aside class=\"td_block_template_1 widget widget_recent_comments\">\n<h4 class=\"block-title\"><span>INTR\u0102 \u00ceN DISCU\u021aIE!<\/span><\/h4>\n<ul id=\"recentcomments\">\n<li class=\"recentcomments\"><span class=\"comment-author-link\">Mihaela<\/span> la <a href=\"https:\/\/r3media.ro\/ilie-bolojan-alegeri-anticipate\/#comment-40272\">Ilie Bolojan ia \u00een calcul organizarea alegerilor anticipate: Mai devreme sau mai t\u00e2rziu, s\u0103 ne \u00eentoarcem la judecata cet\u0103\u0163enilor<\/a><\/li>\n<li class=\"recentcomments\"><span class=\"comment-author-link\">Kh-47M2 Kinzhal<\/span> la <a href=\"https:\/\/r3media.ro\/premiera-mondiala-robot-transportat-barca-lupta-razboi-ucraina-video\/#comment-40271\">VIDEO | Premier\u0103 mondial\u0103! Un robot cu inteligen\u021b\u0103 artificial\u0103 transportat de o barc\u0103 lupt\u0103 \u00een r\u0103zboiul din Ucraina<\/a><\/li>\n<li class=\"recentcomments\"><span class=\"comment-author-link\">Constantin<\/span> la <a href=\"https:\/\/r3media.ro\/ambasadorul-germaniei-la-chisinau-revine-nu-a-fost-intentia-mea-sa-pun-sub-semnul-intrebarii-unitatea-chestiunii-romanesti-sau-a-credintei-crestin-ortodoxe\/#comment-40270\">Ambasadorul Germaniei la Chi\u0219in\u0103u revine: Nu a fost inten\u0163ia mea s\u0103 pun sub semnul \u00eentreb\u0103rii unitatea chestiunii rom\u00e2ne\u015fti sau a credin\u0163ei cre\u015ftin ortodoxe<\/a><\/li>\n<li class=\"recentcomments\"><span class=\"comment-author-link\">Narcis<\/span> la <a href=\"https:\/\/r3media.ro\/actorul-ioan-isaiu-a-facut-infarct-si-a-murit-in-fata-colegilor-sai-bou-vaccinat-anti-covid-19\/#comment-40269\">Actorul Ioan Isaiu a f\u0103cut infarct \u0219i a murit \u00een fa\u021ba colegilor s\u0103i: Am fost bou c\u0103 m-am vaccinat \u0219i v-am blocat pe cei care \u00eemi era\u021bi prieteni<\/a><\/li>\n<li class=\"recentcomments\"><span class=\"comment-author-link\">Haleu<\/span> la <a href=\"https:\/\/r3media.ro\/romania-si-slovenia-singurele-state-din-est-care-s-au-alaturat-sua-in-condamnarea-chinei-intr-o-speta-de-acum-10-ani\/#comment-40268\">Rom\u00e2nia \u0219i Slovenia, singurele state din Est care s-au al\u0103turat SUA \u00een condamnarea Chinei \u00eentr-o spe\u021b\u0103 de acum 10 ani<\/a><\/li>\n<li class=\"recentcomments\"><span class=\"comment-author-link\">Eu<\/span> la <a href=\"https:\/\/r3media.ro\/guvernul-sanchez-demoleaza-monumentul-de-la-majadahonda-ion-mota-vasile-marin-lupta-rzaboiul-civil-spaniol-comunisti\/#comment-40267\">Guvernul Sanchez demoleaz\u0103 Monumentul de la Majadahonda, dedicat lui Ion Mo\u021ba \u0219i Vasile Marin, rom\u00e2nii care au luptat \u00eempotriva comuni\u0219tilor \u00een R\u0103zboiul Civil Spaniol<\/a><\/li>\n<li class=\"recentcomments\"><span class=\"comment-author-link\">Constantin<\/span> la <a href=\"https:\/\/r3media.ro\/guvernul-sanchez-demoleaza-monumentul-de-la-majadahonda-ion-mota-vasile-marin-lupta-rzaboiul-civil-spaniol-comunisti\/#comment-40266\">Guvernul Sanchez demoleaz\u0103 Monumentul de la Majadahonda, dedicat lui Ion Mo\u021ba \u0219i Vasile Marin, rom\u00e2nii care au luptat \u00eempotriva comuni\u0219tilor \u00een R\u0103zboiul Civil Spaniol<\/a><\/li>\n<\/ul>\n<\/aside>\n<aside class=\"td_block_template_1 widget widget_search\">\n<h4 class=\"block-title\"><span>CAUT\u0102 \u0218I VEI G\u0102SI<\/span><\/h4>\n<\/aside>\n<\/div>\n<\/div>\n<\/div>\n<\/div>\n<\/div>\n<\/div>\n<\/div>\n<p><span class=\"td-page-meta\"><\/span><span class=\"td-page-meta\"><span class=\"td-page-meta\"><\/span><\/span><span class=\"td-page-meta\"><\/span><\/article>\n<\/p>\n<div class=\"td_block_wrap tdb_single_content tdi_18 td-pb-border-top td_block_template_1 td-post-content tagdiv-type\" data-td-block-uid=\"tdi_18\">\n<div class=\"tdb-block-inner td-fix-index\">\n<p>Militari, oficiali, oameni de \u0219tiin\u021b\u0103 \u0219i familia s-au adunat luni la Clubul Militar Central din Sofia pentru ceremonia de comemorare a generalului-maior \u00een rezerv\u0103 Alexander Alexandrov, cosmonautul care a zburat pe Soiuz TM-5 \u00een 1988.<\/p>\n<p>A murit pe 10 iulie, la 74 de ani, informeaz\u0103 <a href=\"https:\/\/www.novinite.com\/view_news.php?id=239576\" target=\"_blank\" rel=\"noopener\">Novinite.<\/a><\/p>\n<p>La aproape dou\u0103 ore dup\u0103 \u00eenceperea ceremoniei, oamenii \u00eenc\u0103 veneau s\u0103 lase flori.<\/p>\n<p>Sala Clubului Militar Central din Sofia a str\u00e2ns luni conducerea armatei bulgare, oficiali, colegi \u0219i rude, veni\u021bi s\u0103-l conduc\u0103 pe ultimul drum pe generalul-maior \u00een rezerv\u0103 Alexander Alexandrov, al doilea bulgar ajuns \u00een spa\u021biu.<\/p>\n<p>Printre cei prezen\u021bi s-au aflat ministrul ap\u0103r\u0103rii, Dimitar Stoianov, \u0219eful Ap\u0103r\u0103rii, amiralul Emil Eftimov, comandantul For\u021belor Aeriene, generalul-maior Nikolai Rusev, precum \u0219i ambasadoarea Rusiei la Sofia, Eleonora Mitrofanova.<\/p>\n<h2>\u201eGra\u021bie lui, Bulgaria a fost recunoscut\u0103 ca na\u021biune spa\u021bial\u0103\u201d<\/h2>\n<p>\u00cen discursul s\u0103u, Iliana Iotova l-a descris pe Alexandrov drept unul dintre eroii Bulgariei moderne, un ofi\u021ber de excep\u021bie care \u0219i-a dedicat via\u021ba \u021b\u0103rii \u0219i \u0219tiin\u021bei spa\u021biale.<\/p>\n<p>Gra\u021bie lui, a spus ea, <a href=\"https:\/\/r3media.ro\/bulgaria-stopeaza-ajutor-ucraina-militar-pace\/\" target=\"_blank\" rel=\"noopener\">Bulgaria<\/a> a fost recunoscut\u0103 ca na\u021biune care a ajuns \u00een spa\u021biu.<\/p>\n<p>Iotova \u0219i-a exprimat speran\u021ba c\u0103 genera\u021biile viitoare de oameni de \u0219tiin\u021b\u0103 \u0219i de astronau\u021bi vor duce mai departe mo\u0219tenirea l\u0103sat\u0103 de acesta, cu sprijinul institu\u021biilor bulgare.<\/p>\n<p>Amiralul Emil Eftimov a spus c\u0103 Alexandrov va r\u0103m\u00e2ne \u00een memorie prin profesionalismul, responsabilitatea \u0219i curajul cu care a ridicat Bulgaria la asemenea \u00een\u0103l\u021bimi, ad\u0103ug\u00e2nd c\u0103 \u021bara ar trebui s\u0103 r\u0103m\u00e2n\u0103 fidel\u0103 valorilor pe care le-a reprezentat.<\/p>\n<p>Ambasadoarea Rusiei, Eleonora Mitrofanova, a spus c\u0103 Alexandrov va r\u0103m\u00e2ne pentru totdeauna \u00een memoria cosmonau\u021bilor din Or\u0103\u0219elul Stelar \u0219i a cosmonauticii mondiale, transmi\u021b\u00e2nd condolean\u021be familiei \u0219i Bulgariei.<\/p>\n<h2>Nou\u0103 zile \u00een spa\u021biu, \u0219apte pe sta\u021bia Mir<\/h2>\n<p>Alexander Alexandrov a devenit al doilea bulgar ajuns \u00een spa\u021biu pe 7 iunie 1988, c\u00e2nd a decolat la bordul navei sovietice Soiuz TM-5.<\/p>\n<p>Misiunea a durat nou\u0103 zile \u0219i 20 de ore, dintre care \u0219apte zile petrecute pe sta\u021bia spa\u021bial\u0103 Mir.<\/p>\n<p>El a mers pe urmele lui Gheorghi Ivanov, primul cosmonaut bulgar, care participase la misiunea Soiuz 33 \u00een aprilie 1979. B<\/p>\n<p>ulgaria r\u0103m\u00e2ne astfel una dintre pu\u021binele \u021b\u0103ri care au trimis mai mult de o persoan\u0103 \u00een spa\u021biu.<\/p>\n<p>Krasimir Stoianov, care a f\u0103cut parte din echipajul de rezerv\u0103 al misiunii Soiuz TM-5, l-a evocat pe Alexandrov ca pe un profesionist extrem de bine preg\u0103tit \u0219i un coleg respectat, amintindu-\u0219i de antrenamentele comune din Or\u0103\u0219elul Stelar, \u00een 1987-1988.<\/p>\n<p>El a precizat c\u0103 Gheorghi Ivanov a transmis condolean\u021be, dar nu a putut participa la ceremonie.<\/p>\n<h2>\u201eUn exemplu pentru tinerii care \u00ee\u0219i urm\u0103resc scopul\u201d<\/h2>\n<p>Directorul Institutului de Cercet\u0103ri \u0219i Tehnologii Spa\u021biale din cadrul Academiei Bulgare de \u0218tiin\u021be, prof. Gheorghi Jelev, a spus c\u0103 Alexandrov r\u0103m\u00e2ne un exemplu pentru tinerii care \u00ee\u0219i urm\u0103resc obiectivele \u0219i le ating prin dedicare, munc\u0103 \u0219i eroism.<\/p>\n<p>\u00cen opinia sa, reu\u0219ita cosmonautului nu a fost doar una personal\u0103: ca al doilea bulgar ajuns \u00een spa\u021biu, el a plasat Bulgaria pe locul al treilea \u00een lume \u00eentre \u021b\u0103rile cu mai mult de un cosmonaut.<\/p>\n<p>Moartea lui Alexandrov fusese anun\u021bat\u0103 de Rumen Radev, care a transmis condolean\u021be familiei pilotului militar \u0219i cosmonautului.<\/p>\n<p>Acesta a spus c\u0103 Alexandrov a reprezentat o genera\u021bie de ofi\u021beri bulgari pentru care datoria, profesionalismul \u0219i c\u0103utarea cunoa\u0219terii se num\u0103rau printre cele mai \u00eenalte valori.<\/p>\n<p>Alexander Alexandrov r\u0103m\u00e2ne una dintre figurile centrale ale istoriei spa\u021biale a Bulgariei \u2014 al doilea cosmonaut al \u021b\u0103rii, dup\u0103 Gheorghi Ivanov, cu o mo\u0219tenire legat\u0103 deopotriv\u0103 de \u0219tiin\u021b\u0103, avia\u021bie \u0219i prestigiu na\u021bional.<\/p>\n<div class=\"crp_related     crp-masonry\">\n<h2>\u00ceN CONTEXT<\/h2>\n<ul>\n<li><a href=\"https:\/\/r3media.ro\/romania-razboi-bulgaria-presiuni-mari-puteri-cadrilater\/\" class=\"crp_link post-49370\"><span class=\"crp_title\">Calendarul zilei 27 iunie: 113 ani de c\u00e2nd Rom\u00e2nia declara r\u0103zboi Bulgariei, la presiunile\u2026<\/span><\/a><\/li>\n<li><a href=\"https:\/\/r3media.ro\/cfr-calatori-tren-direct-varna-sofia-istanbul-program-tarife\/\" class=\"crp_link post-117720\"><span class=\"crp_title\">CFR C\u0103l\u0103tori reia circula\u021bia trenului direct c\u0103tre Varna, Sofia \u0219i Istanbul. Program \u0219i tarife<\/span><\/a><\/li>\n<li><a href=\"https:\/\/r3media.ro\/bulgaria-negociere-america-vize-bulgari-avioane-americane-sofia\/\" class=\"crp_link post-117361\"><span class=\"crp_title\">Premierul Bulgariei ne arat\u0103 cum se negociaz\u0103: Le-a dat o lun\u0103 americanilor s\u0103 retrag\u0103\u2026<\/span><\/a><\/li>\n<li><a href=\"https:\/\/r3media.ro\/turism-bulgaria-promovat-sute-de-milioane-persoane\/\" class=\"crp_link post-116105\"><span class=\"crp_title\">Turismul Bulgariei, promovat de o institu\u021bie sportiv\u0103 european\u0103 de top \u00een fa\u021ba a sute de\u2026<\/span><\/a><\/li>\n<li><a href=\"https:\/\/r3media.ro\/turisti-romani-vinieta-bulgaria\/\" class=\"crp_link post-119018\"><span class=\"crp_title\">Veste important\u0103 pentru turi\u0219tii rom\u00e2ni: Vinieta din Bulgaria se scumpe\u0219te cu 30% de la 1 august<\/span><\/a><\/li>\n<li><a href=\"https:\/\/r3media.ro\/foto-bulgarii-scriu-bancnote-euro-mesaje-revolta-uniunea-europeana-politician-ultranationalist-kosntantin-konstantinov-zona-shitcoin-mesaje-bulgaria\/\" class=\"crp_link post-114692\"><span class=\"crp_title\">FOTO | Bulgarii scriu pe bancnotele euro mesaje de revolt\u0103 la adresa Uniunii Europene.\u2026<\/span><\/a><\/li>\n<li><a href=\"https:\/\/r3media.ro\/adoptarea-monedei-euro-cresterea-preturilor-bulgaria-vicepresedinte-anat-bere-cost-romania\/\" class=\"crp_link post-116044\"><span class=\"crp_title\">Adoptarea euro a dus la o cre\u0219tere incredibil\u0103 a pre\u021burilor \u00een Bulgaria. Vicepre\u0219edintele\u2026<\/span><\/a><\/li>\n<li><a href=\"https:\/\/r3media.ro\/bulgaria-stopeaza-ajutor-ucraina-militar-pace\/\" class=\"crp_link post-117928\"><span class=\"crp_title\">Este oficial! Bulgaria stopeaz\u0103 ajutorul militar pentru Ucraina \u0219i pledeaz\u0103 pentru pace<\/span><\/a><\/li>\n<\/ul>\n<\/div>\n<\/div>\n<\/div>\n<p>[analyse_source url=&#8221;https:\/\/r3media.ro\/bulgaria-cosmonaut-alexander-alexandrov\/&#8221;]<\/p>\n","protected":false},"excerpt":{"rendered":"<p>[analyse_image type=&#8221;featured&#8221; src=&#8221;https:\/\/r3media.ro\/wp-content\/uploads\/2026\/07\/bulgaria-cosmonaut-e1784015274252.jpghttps:\/\/r3media.ro\/wp-content\/uploads\/2026\/07\/bulgaria-cosmonaut-e1784015274252.jpg&#8221;] PRIM PLANBulgaria \u0219i-a luat r\u0103mas-bun de la al doilea cosmonaut al s\u0103u. Alexander&#8230; PRIM PLAN\u0218TIRI Bulgaria \u0219i-a luat r\u0103mas-bun de la al doilea cosmonaut al s\u0103u. Alexander Alexandrov, condus pe ultimul drum la Sofia Redac\u021bia 14\/07\/2026 Sursa foto: Novinite Militari, oficiali, oameni de \u0219tiin\u021b\u0103 \u0219i familia s-au adunat luni la Clubul Militar [&hellip;]<\/p>\n","protected":false},"author":1,"featured_media":0,"comment_status":"open","ping_status":"","sticky":false,"template":"","format":"standard","meta":{"footnotes":""},"categories":[89],"tags":[226,93],"class_list":["post-2042475","post","type-post","status-publish","format-standard","hentry","category-romania","tag-crawlmanager","tag-r3media-ro"],"_links":{"self":[{"href":"https:\/\/analyse.optim.biz\/index.php?rest_route=\/wp\/v2\/posts\/2042475","targetHints":{"allow":["GET"]}}],"collection":[{"href":"https:\/\/analyse.optim.biz\/index.php?rest_route=\/wp\/v2\/posts"}],"about":[{"href":"https:\/\/analyse.optim.biz\/index.php?rest_route=\/wp\/v2\/types\/post"}],"author":[{"embeddable":true,"href":"https:\/\/analyse.optim.biz\/index.php?rest_route=\/wp\/v2\/users\/1"}],"replies":[{"embeddable":true,"href":"https:\/\/analyse.optim.biz\/index.php?rest_route=%2Fwp%2Fv2%2Fcomments&post=2042475"}],"version-history":[{"count":0,"href":"https:\/\/analyse.optim.biz\/index.php?rest_route=\/wp\/v2\/posts\/2042475\/revisions"}],"wp:attachment":[{"href":"https:\/\/analyse.optim.biz\/index.php?rest_route=%2Fwp%2Fv2%2Fmedia&parent=2042475"}],"wp:term":[{"taxonomy":"category","embeddable":true,"href":"https:\/\/analyse.optim.biz\/index.php?rest_route=%2Fwp%2Fv2%2Fcategories&post=2042475"},{"taxonomy":"post_tag","embeddable":true,"href":"https:\/\/analyse.optim.biz\/index.php?rest_route=%2Fwp%2Fv2%2Ftags&post=2042475"}],"curies":[{"name":"wp","href":"https:\/\/api.w.org\/{rel}","templated":true}]}}