{"id":2042474,"date":"2026-07-14T06:31:26","date_gmt":"2026-07-14T03:31:26","guid":{"rendered":"https:\/\/analyse.optim.biz\/?p=2042474"},"modified":"2026-07-14T06:31:26","modified_gmt":"2026-07-14T03:31:26","slug":"industria-auto-europeana-isi-pune-software-ul-in-comun-impactul-asupra-romaniei","status":"publish","type":"post","link":"https:\/\/analyse.optim.biz\/?p=2042474","title":{"rendered":"Industria auto european\u0103 \u00ee\u0219i pune software-ul \u00een comun. Impactul asupra Rom\u00e2niei"},"content":{"rendered":"<p>[analyse_image type=&#8221;featured&#8221; src=&#8221;https:\/\/r3media.ro\/wp-content\/uploads\/2026\/07\/ford-craiova-industria-auto-e1784010641828.webphttps:\/\/r3media.ro\/wp-content\/uploads\/2026\/07\/ford-craiova-industria-auto-e1784010641828.webp&#8221;]<\/p>\n<article id=\"template-id-109\" class=\"post-109 tdb_templates type-tdb_templates status-publish post\">\n<div id=\"tdi_2\" class=\"tdc-zone\">\n<div class=\"tdc_zone tdi_3  wpb_row td-pb-row\">\n<div id=\"tdi_4\" class=\"tdc-row\">\n<div class=\"vc_row tdi_5  wpb_row td-pb-row\">\n<div class=\"vc_column tdi_7  wpb_column vc_column_container tdc-column td-pb-span8\">\n<div class=\"wpb_wrapper\">\n<div class=\"td_block_wrap tdb_breadcrumbs tdi_8 td-pb-border-top td_block_template_1 tdb-breadcrumbs \" data-td-block-uid=\"tdi_8\">\n<div class=\"tdb-block-inner td-fix-index\"><span><a title=\"Vede\u021bi toate articolele \u00een ECONOMIE\" class=\"tdb-entry-crumb\" href=\"https:\/\/r3media.ro\/category\/economie\/\">ECONOMIE<\/a><\/span><span class=\"tdb-bred-no-url-last\">Industria auto european\u0103 \u00ee\u0219i pune software-ul \u00een comun. Impactul asupra Rom\u00e2niei<\/span><\/div>\n<\/div>\n<div class=\"td_block_wrap tdb_single_categories tdi_9 td-pb-border-top td_block_template_1 \" data-td-block-uid=\"tdi_9\">\n<div class=\"tdb-category td-fix-index\"><a class=\"tdb-entry-category\" href=\"https:\/\/r3media.ro\/category\/economie\/\">ECONOMIE<\/a><a class=\"tdb-entry-category\" href=\"https:\/\/r3media.ro\/category\/featured\/\">FEATURED<\/a><a class=\"tdb-entry-category\" href=\"https:\/\/r3media.ro\/category\/stiri\/\">\u0218TIRI<\/a><\/div>\n<\/div>\n<div class=\"td_block_wrap tdb_title tdi_10 tdb-single-title td-pb-border-top td_block_template_1\" data-td-block-uid=\"tdi_10\">\n<div class=\"tdb-block-inner td-fix-index\">\n<h1 class=\"tdb-title-text\">Industria auto european\u0103 \u00ee\u0219i pune software-ul \u00een comun. Impactul asupra Rom\u00e2niei<\/h1>\n<\/div>\n<\/div>\n<div class=\"vc_row_inner tdi_12  vc_row vc_inner wpb_row td-pb-row\">\n<div class=\"vc_column_inner tdi_14  wpb_column vc_column_container tdc-inner-column td-pb-span12\">\n<div class=\"vc_column-inner\">\n<div class=\"wpb_wrapper\">\n<div class=\"td_block_wrap tdb_single_author tdi_15 td-pb-border-top td_block_template_1 tdb-post-meta\" data-td-block-uid=\"tdi_15\">\n<div class=\"tdb-block-inner td-fix-index\">\n<div class=\"tdb-author-name-wrap\"><a class=\"tdb-author-name\" href=\"https:\/\/r3media.ro\/author\/teodor_stan\/\">Teodor Stan<\/a><\/div>\n<\/div>\n<\/div>\n<div class=\"td_block_wrap tdb_single_date tdi_16 td-pb-border-top td_block_template_1 tdb-post-meta\" data-td-block-uid=\"tdi_16\">\n<div class=\"tdb-block-inner td-fix-index\"><time class=\"entry-date updated td-module-date\" datetime=\"2026-07-14T09:31:26+03:00\">14\/07\/2026<\/time><\/div>\n<\/div>\n<\/div>\n<\/div>\n<\/div>\n<\/div>\n<div class=\"td_block_wrap tdb_single_featured_image tdi_17 tdb-content-horiz-left td-pb-border-top td_block_template_1\" data-td-block-uid=\"tdi_17\">\n<div class=\"tdb-block-inner td-fix-index\">\n<figure><figcaption class=\"tdb-caption-text\">Sursa foto: caleffi.com\/<\/figcaption><\/figure>\n<\/div>\n<\/div>\n<div class=\"td_block_wrap tdb_single_content tdi_18 td-pb-border-top td_block_template_1 td-post-content tagdiv-type\" data-td-block-uid=\"tdi_18\">\n<div class=\"tdb-block-inner td-fix-index\">\n<p><strong>Industria auto european\u0103 accelereaz\u0103 trecerea la un nucleu software open-source comun, dezvoltat sub umbrela Eclipse S-CORE. Miza declarat\u0103 e reducerea costurilor \u0219i recuperarea decalajului fa\u021b\u0103 de China.<\/strong><\/p>\n<p>Miza nediscutat\u0103 \u00een Rom\u00e2nia e c\u0103 exact tipul de inginerie \u201ede baz\u0103\u201d pe care se sprijin\u0103 o parte din centrele de R&amp;D locale devine cod public, scris o singur\u0103 dat\u0103, pentru toat\u0103 industria.<\/p>\n<p>Produc\u0103torii \u0219i furnizorii europeni \u00ee\u0219i extind cooperarea open-source pentru a reduce costul \u0219i complexitatea vehiculului definit prin software (<em>software-defined vehicle<\/em>), iar proiectul Eclipse S-CORE ar putea t\u0103ia costurile \u0219i accelera dezvoltarea \u2014 \u00eens\u0103 anali\u0219tii avertizeaz\u0103 c\u0103 Europa ar putea r\u0103m\u00e2ne, \u00een continuare, \u00een urma Chinei, potrivit rezumatului zilnic de pres\u0103 publicat pe 13 iulie de Organiza\u021bia Interna\u021bional\u0103 a Constructorilor de Automobile (OICA), care citeaz\u0103 presa auto de specialitate.<\/p>\n<p>Proiectul se nume\u0219te Eclipse S-CORE (Safe Open Vehicle Core) \u0219i este g\u0103zduit de Eclipse Foundation. A pornit \u00een iunie 2025, c\u00e2nd unsprezece companii europene \u2014 printre care Volkswagen, BMW, Mercedes-Benz, Bosch \u0219i Continental \u2014 au semnat, sub coordonarea asocia\u021biei germane a industriei auto VDA, un memorandum pentru construirea unui ecosistem software open-source dedicat industriei auto, informeaz\u0103 <a href=\"https:\/\/www.vda.de\/en\/press\/press-releases\/2026\/260107_Automotive-innovation-through-open-collaboration--Momentum-builds-around-open-source-software-as-a-key-driver-of-efficiency-and-success\" target=\"_blank\" rel=\"noopener\">VDA<\/a>.<\/p>\n<p>De atunci, ritmul s-a accelerat. O prim\u0103 versiune public\u0103 a nucleului (0.5) a fost livrat\u0103 \u00een noiembrie 2025, lansarea complet\u0103 este planificat\u0103 pentru 2026, iar primele programe auto construite pe aceast\u0103 baz\u0103 ar urma s\u0103 ajung\u0103 pe pia\u021b\u0103 cel t\u00e2rziu \u00een 2030, potrivit Eclipse Foundation. Num\u0103rul semnatarilor memorandumului a crescut de la 11 la 32 de companii din \u00eentregul lan\u021b valoric auto, arat\u0103 un anun\u021b comun al Eclipse Foundation \u0219i VDA din ianuarie 2026.<\/p>\n<h2>Ce este, de fapt, S-CORE<\/h2>\n<p>Ideea de baz\u0103 e simpl\u0103 \u0219i, din perspectiva unui director financiar, greu de contestat: o mare parte din software-ul dintr-o ma\u0219in\u0103 nu diferen\u021biaz\u0103 pe nimeni de nimeni. Middleware-ul, stratul de comunicare \u00eentre componente, mecanismele de siguran\u021b\u0103 func\u021bional\u0103 \u2014 toate sunt scrise, \u00een paralel, de fiecare produc\u0103tor \u0219i de fiecare furnizor mare, \u00een variante u\u0219or diferite, cu costuri similare.<\/p>\n<p>S-CORE propune ca acest strat \u201enediferen\u021biator\u201d s\u0103 fie scris o singur\u0103 dat\u0103, \u00een comun, certificabil conform standardelor de siguran\u021b\u0103 func\u021bional\u0103, iar competi\u021bia s\u0103 se mute pe ceea ce vede clientul: infotainment, asisten\u021b\u0103 la condus, experien\u021b\u0103 de utilizare. Scopul declarat este ca echipele de dezvoltare s\u0103 se concentreze pe func\u021biile care aduc valoare, elimin\u00e2nd munca duplicat\u0103 din industrie, potrivit Eclipse Foundation.<\/p>\n<p>Pentru industrie, e o promisiune de economii masive. Pentru inginerii care ast\u0103zi scriu, testeaz\u0103 \u0219i valideaz\u0103 exact acel strat, e o alt\u0103 poveste.<\/p>\n<h2>De ce conteaz\u0103 pentru Rom\u00e2nia<\/h2>\n<p>Rom\u00e2nia nu mai este de mult doar o \u021bar\u0103 de linii de asamblare.<\/p>\n<p>Industria auto genereaz\u0103 aproximativ 13,2% din PIB, cu peste 630 de companii \u0219i mai bine de 220.000 de angaja\u021bi, iar cifra de afaceri a sectorului a ajuns la circa 35 de miliarde de euro, dintre care 26 de miliarde provin din produc\u021bia de componente, potrivit datelor ACAROM pentru finalul anului 2025.<\/p>\n<p>O parte tot mai vizibil\u0103 din aceast\u0103 industrie nu produce piese, ci cod: centrele de inginerie \u0219i R&amp;D auto de la Timi\u0219oara, Cluj, Sibiu, Ia\u0219i \u0219i Bucure\u0219ti au devenit, \u00een ultimul deceniu, unul dintre cei mai mari poli de software auto din regiune.<\/p>\n<p>Iar munca lor se concentreaz\u0103, \u00een bun\u0103 m\u0103sur\u0103, tocmai pe genul de componente pe care S-CORE le standardizeaz\u0103.<\/p>\n<p>Suprapunerea de calendar e greu de ignorat. Aumovio \u2014 compania desprins\u0103 din divizia auto a Continental \u2014 a anun\u021bat, \u00eentr-un comunicat din 27 ianuarie 2026 citat de publica\u021bia american\u0103 WardsAuto, t\u0103ierea a p\u00e2n\u0103 la 4.000 de posturi la nivel global p\u00e2n\u0103 la finalul acestui an, ca parte a unui plan de restructurare a activit\u0103\u021bilor globale de cercetare-dezvoltare.<\/p>\n<p>Restructurarea vizeaz\u0103 situri din Germania, <a href=\"https:\/\/r3media.ro\/celebru-brand-romanesc-revine-piata-noi-modele-autovehicule-dac-produce-masini-gunoi-betoniere-nume-dacice\/\" target=\"_blank\" rel=\"noopener\">Rom\u00e2nia<\/a>, India, Singapore, Serbia \u0219i Mexic, iar \u00een Rom\u00e2nia sunt vizate \u00eentre 641 \u0219i 1.000 de posturi, distribuite pe trei loca\u021bii, potrivit fi\u0219ei de restructurare publicate de<a href=\"https:\/\/apps.eurofound.europa.eu\/restructuring-events\/detail\/204082\" target=\"_blank\" rel=\"noopener\"> Eurofound<\/a> \u00een baza de date European Restructuring Monitor.<\/p>\n<p>Aceea\u0219i surs\u0103 arat\u0103 c\u0103 motivele invocate sunt presiunea pe costuri, automatizarea \u0219i necesitatea de a reorienta investi\u021biile c\u0103tre tehnologii de viitor \u2014 software, electromobilitate \u0219i sisteme avansate de asisten\u021b\u0103 la condus.<\/p>\n<p>Cu alte cuvinte, reducerile nu lovesc produc\u021bia, ci exact zona de cercetare-dezvoltare care ar fi trebuit s\u0103 fie asigurarea de viitor a industriei auto rom\u00e2ne\u0219ti.<\/p>\n<h2>Un context deja fragil<\/h2>\n<p>Vestea vine \u00eentr-un an complicat pentru sector. \u00cen primul semestru din 2026, cele dou\u0103 fabrici de automobile din Rom\u00e2nia au produs 247.972 de vehicule, cu 12,7% mai pu\u021bin dec\u00e2t \u00een aceea\u0219i perioad\u0103 a anului trecut: Dacia a asamblat 129.404 ma\u0219ini la Mioveni (-18%), iar Ford Otosan 118.868 la Craiova (-6,4%), potrivit datelor ACAROM, citate de <a href=\"https:\/\/www.romania-insider.com\/romania-car-production-h1-2026\" target=\"_blank\" rel=\"noopener\">Romania Insider.<\/a><\/p>\n<p>Peste asta se adaug\u0103 presiunea din amonte. Volkswagen, unul dintre cei mai mari clien\u021bi indirec\u021bi ai furnizorilor din Rom\u00e2nia, ar putea elimina \u00eenc\u0103 aproximativ 50.000 de posturi pentru a-\u0219i acoperi un dezavantaj de cost de 20% fa\u021b\u0103 de competitori, ceea ce ar duce totalul spre 100.000 de posturi la nivel global, a transmis directorul general Oliver Blume angaja\u021bilor \u00eentr-o not\u0103 intern\u0103 din 13 iulie, informeaz\u0103 Reuters.<\/p>\n<h2>Ce ar trebui urm\u0103rit<\/h2>\n<p>Trecerea la un nucleu software comun nu e o amenin\u021bare \u00een sine \u2014 poate fi \u0219i o oportunitate. Un stack open-source european \u00eenseamn\u0103 c\u0103 o firm\u0103 mic\u0103 de inginerie din Cluj poate contribui la, \u0219i construi peste, aceea\u0219i baz\u0103 pe care o folosesc BMW \u0219i Mercedes, f\u0103r\u0103 licen\u021be scumpe \u0219i f\u0103r\u0103 s\u0103 reinventeze roata.<\/p>\n<p>\u00centrebarea, pentru Rom\u00e2nia, este dac\u0103 centrele locale r\u0103m\u00e2n \u00een zona care se automatizeaz\u0103 \u0219i se standardizeaz\u0103, sau urc\u0103 spre stratul care r\u0103m\u00e2ne diferen\u021biator \u0219i, deci, pl\u0103tit. Diferen\u021ba dintre cele dou\u0103 scenarii nu se va vedea \u00een statisticile de produc\u021bie de luna viitoare, ci \u00een deciziile de alocare a proiectelor din urm\u0103torii doi-trei ani.<\/p>\n<div class=\"crp_related     crp-masonry\">\n<h2>\u00ceN CONTEXT<\/h2>\n<ul>\n<li><a href=\"https:\/\/r3media.ro\/fara-tine-in-google-r3media-dispare-iata-ce-poti-face-in-10-secunde\/\" class=\"crp_link post-119031\"><span class=\"crp_title\">F\u0103r\u0103 tine \u00een Google, R3media dispare. Iat\u0103 ce po\u021bi face \u00een 10 secunde<\/span><\/a><\/li>\n<li><a href=\"https:\/\/r3media.ro\/propunere-bruxelles-industria-auto-romania-dacia-ford-otosan\/\" class=\"crp_link post-116333\"><span class=\"crp_title\">Propunere de la Bruxelles cu poten\u021bial impact masiv pentru industria auto din Rom\u00e2nia: Dacia\u2026<\/span><\/a><\/li>\n<li><a href=\"https:\/\/r3media.ro\/victorie-giganti-auto-germania-restrictii-verzi\/\" class=\"crp_link post-115562\"><span class=\"crp_title\">Victorie istoric\u0103 pentru gigan\u021bii auto din Germania \u00eempotriva restric\u021biilor \u201everzi\u201c<\/span><\/a><\/li>\n<li><a href=\"https:\/\/r3media.ro\/dacia-ramane-brand-romanesc-banca-transilvania\/\" class=\"crp_link post-116721\"><span class=\"crp_title\">Dacia r\u0103m\u00e2ne cel mai valoros brand rom\u00e2nesc. Banca Transilvania, cea mai puternic\u0103 marc\u0103<\/span><\/a><\/li>\n<li><a href=\"https:\/\/r3media.ro\/volkswagen-concedieri-19-000-angajati-germania-final-an-2026\/\" class=\"crp_link post-118163\"><span class=\"crp_title\">Volkswagen vrea s\u0103 dea afar\u0103 19.000 de angaja\u021bi din Germania p\u00e2n\u0103 la finalul anului 2026<\/span><\/a><\/li>\n<li><a href=\"https:\/\/r3media.ro\/nicusor-dan-romania-adoptare-euro-stiri-importante\/\" class=\"crp_link post-115209\"><span class=\"crp_title\">Pre\u0219edintele Nicu\u0219or Dan anun\u021b\u0103 c\u0103 adoptarea monedei euro ar fi posibil\u0103 \u00een urm\u0103torii 3-4\u2026<\/span><\/a><\/li>\n<li><a href=\"https:\/\/r3media.ro\/concedieri-masive-volkswagen-companie-da-afara-angajati-companie-istorie\/\" class=\"crp_link post-119196\"><span class=\"crp_title\">Concedieri masive la Volkswagen: Compania auto vrea s\u0103 dea afar\u0103 100.000 de angaja\u021bi, \u00een cea\u2026<\/span><\/a><\/li>\n<li><a href=\"https:\/\/r3media.ro\/bine-ca-n-au-iesit-suveranistii-1-000-de-oameni-sunt-dati-afara-in-fiecare-luna-intr-un-val-de-disponibilizari-fara-precedent\/\" class=\"crp_link post-113229\"><span class=\"crp_title\">Bine c\u0103 n-au ie\u0219it suverani\u0219tii! 1.000 de oameni sunt da\u021bi afar\u0103 \u00een fiecare lun\u0103, \u00eentr-un\u2026<\/span><\/a><\/li>\n<\/ul>\n<\/div>\n<\/div>\n<\/div>\n<div class=\"td_block_wrap tdb_single_tags tdi_19 td-pb-border-top td_block_template_1\" data-td-block-uid=\"tdi_19\">\n<div class=\"tdb-block-inner td-fix-index\">\n<ul class=\"tdb-tags\">\n<li><span>SUBIECTE FIERBIN\u021aI<\/span><\/li>\n<li><a href=\"https:\/\/r3media.ro\/tag\/dacia\/\">dacia<\/a><\/li>\n<li><a href=\"https:\/\/r3media.ro\/tag\/economia-romaniei\/\">economia romaniei<\/a><\/li>\n<li><a href=\"https:\/\/r3media.ro\/tag\/ford\/\">ford<\/a><\/li>\n<li><a href=\"https:\/\/r3media.ro\/tag\/industria-auto\/\">industria auto<\/a><\/li>\n<\/ul>\n<\/div>\n<\/div>\n<div class=\"td_block_wrap td_block_9 tdi_20 td_with_ajax_pagination td-pb-border-top td_block_template_1 td-column-2 td_block_padding td_block_bot_line\" data-td-block-uid=\"tdi_20\">\n<div class=\"td-block-title-wrap\">\n<h4 class=\"block-title td-block-title\"><span class=\"td-pulldown-size\">CITE\u0218TE MAI MULT<\/span><\/h4>\n<\/div>\n<div id=\"tdi_20\" class=\"td_block_inner\">\n<div class=\"td-block-row\">\n<div class=\"td-block-span6\">\n<div class=\"td_module_8 td_module_wrap\">\n<div class=\"item-details\">\n<h3 class=\"entry-title td-module-title\"><a href=\"https:\/\/r3media.ro\/ioan-aurel-pop-lege-vexler-razboi-istoria\/\" rel=\"bookmark\" title=\"Ioan-Aurel Pop critic\u0103 legea Vexler \u00eentr-un articol de neratat: Nu putem s\u0103 ducem un r\u0103zboi cu istoria\">Ioan-Aurel Pop critic\u0103 legea Vexler \u00eentr-un articol de neratat: Nu putem s\u0103 ducem un&#8230;<\/a><\/h3>\n<div class=\"td-module-meta-info\"><a href=\"https:\/\/r3media.ro\/category\/actualitate\/\" class=\"td-post-category\">ACTUALITATE<\/a><span class=\"td-post-author-name\"><a href=\"https:\/\/r3media.ro\/author\/radu_ursan\/\">Radu Ursan<\/a><span>&#8211;<\/span><\/span><span class=\"td-post-date\"><time class=\"entry-date updated td-module-date\" datetime=\"2026-07-12T21:42:54+03:00\">12\/07\/2026<\/time><\/span><\/div>\n<\/div>\n<\/div>\n<\/div>\n<div class=\"td-block-span6\">\n<div class=\"td_module_8 td_module_wrap\">\n<div class=\"item-details\">\n<h3 class=\"entry-title td-module-title\"><a href=\"https:\/\/r3media.ro\/scandalul-rachetelor-patriot-zguduie-polonia-varsovia-declasifica-tot-ajutorul-militar-acordat-ucrainei\/\" rel=\"bookmark\" title=\"Scandalul rachetelor Patriot zguduie Polonia: Var\u0219ovia declasific\u0103 tot ajutorul militar acordat Ucrainei\">Scandalul rachetelor Patriot zguduie Polonia: Var\u0219ovia declasific\u0103 tot ajutorul militar acordat Ucrainei<\/a><\/h3>\n<div class=\"td-module-meta-info\"><a href=\"https:\/\/r3media.ro\/category\/stiri\/\" class=\"td-post-category\">\u0218TIRI<\/a><span class=\"td-post-author-name\"><a href=\"https:\/\/r3media.ro\/author\/radu_ursan\/\">Radu Ursan<\/a><span>&#8211;<\/span><\/span><span class=\"td-post-date\"><time class=\"entry-date updated td-module-date\" datetime=\"2026-07-12T20:43:04+03:00\">12\/07\/2026<\/time><\/span><\/div>\n<\/div>\n<\/div>\n<\/div>\n<\/div>\n<div class=\"td-block-row\">\n<div class=\"td-block-span6\">\n<div class=\"td_module_8 td_module_wrap\">\n<div class=\"item-details\">\n<h3 class=\"entry-title td-module-title\"><a href=\"https:\/\/r3media.ro\/ce-ne-facem-cu-atatia-prosti\/\" rel=\"bookmark\" title=\"Ce ne facem cu at\u00e2\u021bia pro\u0219ti?\">Ce ne facem cu at\u00e2\u021bia pro\u0219ti?<\/a><\/h3>\n<div class=\"td-module-meta-info\"><a href=\"https:\/\/r3media.ro\/category\/opinii\/\" class=\"td-post-category\">OPINII<\/a><span class=\"td-post-author-name\"><a href=\"https:\/\/r3media.ro\/author\/alexandru_racu\/\">Alexandru Racu<\/a><span>&#8211;<\/span><\/span><span class=\"td-post-date\"><time class=\"entry-date updated td-module-date\" datetime=\"2026-07-12T14:11:45+03:00\">12\/07\/2026<\/time><\/span><\/div>\n<\/div>\n<\/div>\n<\/div>\n<div class=\"td-block-span6\">\n<div class=\"td_module_8 td_module_wrap\">\n<div class=\"item-details\">\n<h3 class=\"entry-title td-module-title\"><a href=\"https:\/\/r3media.ro\/guvernul-sanchez-demoleaza-monumentul-de-la-majadahonda-ion-mota-vasile-marin-lupta-rzaboiul-civil-spaniol-comunisti\/\" rel=\"bookmark\" title=\"Guvernul Sanchez demoleaz\u0103 Monumentul de la Majadahonda, dedicat lui Ion Mo\u021ba \u0219i Vasile Marin, rom\u00e2nii care au luptat \u00eempotriva comuni\u0219tilor \u00een R\u0103zboiul Civil Spaniol\">Guvernul Sanchez demoleaz\u0103 Monumentul de la Majadahonda, dedicat lui Ion Mo\u021ba \u0219i Vasile Marin,&#8230;<\/a><\/h3>\n<div class=\"td-module-meta-info\"><a href=\"https:\/\/r3media.ro\/category\/actualitate\/\" class=\"td-post-category\">ACTUALITATE<\/a><span class=\"td-post-author-name\"><a href=\"https:\/\/r3media.ro\/author\/oana\/\">Oana Ivan<\/a><span>&#8211;<\/span><\/span><span class=\"td-post-date\"><time class=\"entry-date updated td-module-date\" datetime=\"2026-07-12T01:11:49+03:00\">12\/07\/2026<\/time><\/span><\/div>\n<\/div>\n<\/div>\n<\/div>\n<\/div>\n<div class=\"td-block-row\">\n<div class=\"td-block-span6\">\n<div class=\"td_module_8 td_module_wrap\">\n<div class=\"item-details\">\n<h3 class=\"entry-title td-module-title\"><a href=\"https:\/\/r3media.ro\/sofer-surpriza-neplacuta-benzinarie-austria-oprit-apa-portbagaj\/\" rel=\"bookmark\" title=\"Un \u0219ofer a avut parte de o surpriz\u0103 nepl\u0103cut\u0103 la benzin\u0103rie dup\u0103 ce a oprit un minut \u0219i 28 de secunde pentru a scoate o sticl\u0103 de ap\u0103 din portbagaj\">Un \u0219ofer a avut parte de o surpriz\u0103 nepl\u0103cut\u0103 la benzin\u0103rie dup\u0103 ce a&#8230;<\/a><\/h3>\n<div class=\"td-module-meta-info\"><a href=\"https:\/\/r3media.ro\/category\/actualitate\/\" class=\"td-post-category\">ACTUALITATE<\/a><span class=\"td-post-author-name\"><a href=\"https:\/\/r3media.ro\/author\/oana\/\">Oana Ivan<\/a><span>&#8211;<\/span><\/span><span class=\"td-post-date\"><time class=\"entry-date updated td-module-date\" datetime=\"2026-07-11T13:00:01+03:00\">11\/07\/2026<\/time><\/span><\/div>\n<\/div>\n<\/div>\n<\/div>\n<div class=\"td-block-span6\">\n<div class=\"td_module_8 td_module_wrap\">\n<div class=\"item-details\">\n<h3 class=\"entry-title td-module-title\"><a href=\"https:\/\/r3media.ro\/o-femeie-mentalitate-femei-moderne-printese-disney\/\" rel=\"bookmark\" title=\"VIDEO | O femeie critic\u0103 mentalitatea femeii moderne care distruge rela\u021bia cu b\u0103rbatul s\u0103u: Suntem crescute \u00een ideea de prin\u021bese, dar nu suntem la Disney\">VIDEO | O femeie critic\u0103 mentalitatea femeii moderne care distruge rela\u021bia cu b\u0103rbatul s\u0103u:&#8230;<\/a><\/h3>\n<div class=\"td-module-meta-info\"><a href=\"https:\/\/r3media.ro\/category\/actualitate\/\" class=\"td-post-category\">ACTUALITATE<\/a><span class=\"td-post-author-name\"><a href=\"https:\/\/r3media.ro\/author\/teodor_stan\/\">Teodor Stan<\/a><span>&#8211;<\/span><\/span><span class=\"td-post-date\"><time class=\"entry-date updated td-module-date\" datetime=\"2026-07-10T12:47:58+03:00\">10\/07\/2026<\/time><\/span><\/div>\n<\/div>\n<\/div>\n<\/div>\n<\/div>\n<div class=\"td-block-row\">\n<div class=\"td-block-span6\">\n<div class=\"td_module_8 td_module_wrap\">\n<div class=\"item-details\">\n<h3 class=\"entry-title td-module-title\"><a href=\"https:\/\/r3media.ro\/cutremur-5-5-grade-scara-richter-resimtit-cehia-slovacia\/\" rel=\"bookmark\" title=\"Cutremur de 5.5 grade pe scara Richter. S-a resim\u021bit \u00een Cehia \u0219i Slovacia\">Cutremur de 5.5 grade pe scara Richter. S-a resim\u021bit \u00een Cehia \u0219i Slovacia<\/a><\/h3>\n<div class=\"td-module-meta-info\"><a href=\"https:\/\/r3media.ro\/category\/actualitate\/\" class=\"td-post-category\">ACTUALITATE<\/a><span class=\"td-post-author-name\"><a href=\"https:\/\/r3media.ro\/author\/oana\/\">Oana Ivan<\/a><span>&#8211;<\/span><\/span><span class=\"td-post-date\"><time class=\"entry-date updated td-module-date\" datetime=\"2026-07-09T20:48:24+03:00\">09\/07\/2026<\/time><\/span><\/div>\n<\/div>\n<\/div>\n<\/div>\n<div class=\"td-block-span6\">\n<div class=\"td_module_8 td_module_wrap\">\n<div class=\"item-details\">\n<h3 class=\"entry-title td-module-title\"><a href=\"https:\/\/r3media.ro\/presedintele-croatiei-interesele-poporului-ursula-von-der-leyen\/\" rel=\"bookmark\" title=\"Pre\u0219edintele Croa\u021biei spune c\u0103 este obligat s\u0103 apere interesele poporului s\u0103u, \u201enu s\u0103 urmez orbe\u0219te trenduri sau s\u0103 repet ca un papagal frazele care \u00eei plac Ursulei von der Leyen\u201d\">Pre\u0219edintele Croa\u021biei spune c\u0103 este obligat s\u0103 apere interesele poporului s\u0103u, \u201enu s\u0103 urmez&#8230;<\/a><\/h3>\n<div class=\"td-module-meta-info\"><a href=\"https:\/\/r3media.ro\/category\/actualitate\/\" class=\"td-post-category\">ACTUALITATE<\/a><span class=\"td-post-author-name\"><a href=\"https:\/\/r3media.ro\/author\/radu_ursan\/\">Radu Ursan<\/a><span>&#8211;<\/span><\/span><span class=\"td-post-date\"><time class=\"entry-date updated td-module-date\" datetime=\"2026-07-08T22:42:08+03:00\">08\/07\/2026<\/time><\/span><\/div>\n<\/div>\n<\/div>\n<\/div>\n<\/div>\n<div class=\"td-block-row\">\n<div class=\"td-block-span6\">\n<div class=\"td_module_8 td_module_wrap\">\n<div class=\"item-details\">\n<h3 class=\"entry-title td-module-title\"><a href=\"https:\/\/r3media.ro\/femeie-cumparat-automobil-electric-mana-a-doua-surpriza-plecat-masina\/\" rel=\"bookmark\" title=\"O femeie care \u0219i-a achizi\u021bionat un automobil electric la m\u00e2na a doua a avut parte de o surpriz\u0103 imediat dup\u0103 ce a plecat cu ma\u0219ina\">O femeie care \u0219i-a achizi\u021bionat un automobil electric la m\u00e2na a doua a avut&#8230;<\/a><\/h3>\n<div class=\"td-module-meta-info\"><a href=\"https:\/\/r3media.ro\/category\/actualitate\/\" class=\"td-post-category\">ACTUALITATE<\/a><span class=\"td-post-author-name\"><a href=\"https:\/\/r3media.ro\/author\/oana\/\">Oana Ivan<\/a><span>&#8211;<\/span><\/span><span class=\"td-post-date\"><time class=\"entry-date updated td-module-date\" datetime=\"2026-07-08T19:56:23+03:00\">08\/07\/2026<\/time><\/span><\/div>\n<\/div>\n<\/div>\n<\/div>\n<div class=\"td-block-span6\">\n<div class=\"td_module_8 td_module_wrap\">\n<div class=\"item-details\">\n<h3 class=\"entry-title td-module-title\"><a href=\"https:\/\/r3media.ro\/lectii-de-inapoiere\/\" rel=\"bookmark\" title=\"Lec\u021bii de \u00eenapoiere\">Lec\u021bii de \u00eenapoiere<\/a><\/h3>\n<div class=\"td-module-meta-info\"><a href=\"https:\/\/r3media.ro\/category\/opinii\/\" class=\"td-post-category\">OPINII<\/a><span class=\"td-post-author-name\"><a href=\"https:\/\/r3media.ro\/author\/tru\/\">TRU (Traian Ungureanu)<\/a><span>&#8211;<\/span><\/span><span class=\"td-post-date\"><time class=\"entry-date updated td-module-date\" datetime=\"2026-07-07T14:50:09+03:00\">07\/07\/2026<\/time><\/span><\/div>\n<\/div>\n<\/div>\n<\/div>\n<\/div>\n<div class=\"td-block-row\">\n<div class=\"td-block-span6\">\n<div class=\"td_module_8 td_module_wrap\">\n<div class=\"item-details\">\n<h3 class=\"entry-title td-module-title\"><a href=\"https:\/\/r3media.ro\/dreptate-pentru-memoria-lui-mircea-vulcanescu\/\" rel=\"bookmark\" title=\"Dreptate pentru memoria lui Mircea Vulc\u0103nescu\">Dreptate pentru memoria lui Mircea Vulc\u0103nescu<\/a><\/h3>\n<div class=\"td-module-meta-info\"><a href=\"https:\/\/r3media.ro\/category\/opinii\/\" class=\"td-post-category\">OPINII<\/a><span class=\"td-post-author-name\"><a href=\"https:\/\/r3media.ro\/author\/bogdan-munteanu\/\">Bogdan Munteanu<\/a><span>&#8211;<\/span><\/span><span class=\"td-post-date\"><time class=\"entry-date updated td-module-date\" datetime=\"2026-07-03T15:27:06+03:00\">03\/07\/2026<\/time><\/span><\/div>\n<\/div>\n<\/div>\n<\/div>\n<div class=\"td-block-span6\">\n<div class=\"td_module_8 td_module_wrap\">\n<div class=\"item-details\">\n<h3 class=\"entry-title td-module-title\"><a href=\"https:\/\/r3media.ro\/un-baietel-de-10-ani-are-nevoie-urgent-de-930-000-de-euro-pentru-a-trai-apelul-parintelui-alexandru-lungu\/\" rel=\"bookmark\" title=\"Un b\u0103ie\u021bel de 10 ani are nevoie URGENT de 930.000 de euro pentru a tr\u0103i. Apelul p\u0103rintelui Alexandru Lungu\">Un b\u0103ie\u021bel de 10 ani are nevoie URGENT de 930.000 de euro pentru a&#8230;<\/a><\/h3>\n<div class=\"td-module-meta-info\"><a href=\"https:\/\/r3media.ro\/category\/actualitate\/\" class=\"td-post-category\">ACTUALITATE<\/a><span class=\"td-post-author-name\"><a href=\"https:\/\/r3media.ro\/author\/redactia\/\">Redac\u021bia<\/a><span>&#8211;<\/span><\/span><span class=\"td-post-date\"><time class=\"entry-date updated td-module-date\" datetime=\"2026-07-01T14:14:11+03:00\">01\/07\/2026<\/time><\/span><\/div>\n<\/div>\n<\/div>\n<\/div>\n<\/div>\n<\/div>\n<div class=\"td-load-more-wrap td-load-more-infinite-wrap\" id=\"infinite-lm-tdi_20\"><a href=\"https:\/\/r3media.ro\/industria-auto-europeana-software-romania\/\" class=\"td_ajax_load_more td_ajax_load_more_js\" aria-label=\"\u00cenc\u0103rca\u021bi mai multe\" id=\"next-page-tdi_20\" data-td_block_id=\"tdi_20\">\u00cenc\u0103rca\u021bi mai multe<\/a><\/div>\n<\/div>\n<div class=\"td_block_wrap tdb_single_comments tdi_21 tdb-comm-layout2 td-pb-border-top td_block_template_1\" data-td-block-uid=\"tdi_21\">\n<div class=\"tdb-block-inner td-fix-index\">\n<div class=\"comments\" id=\"comments\">\n<div id=\"respond\" class=\"comment-respond\">\n<h3 id=\"reply-title\" class=\"comment-reply-title\">AI CEVA DE SPUS? <small><a rel=\"nofollow\" id=\"cancel-comment-reply-link\" href=\"https:\/\/r3media.ro\/industria-auto-europeana-software-romania\/#respond\">Renun\u021ba\u021bi la r\u0103spuns<\/a><\/small><\/h3>\n<div class=\"comment-form-input-wrap td-form-comment\">\n<div class=\"td-warning-comment\">V\u0103 rug\u0103m s\u0103 introduce\u021bi comentariul dvs.!<\/div>\n<\/div>\n<div class=\"comment-form-input-wrap td-form-author\">\n<div class=\"td-warning-author\">Introduce\u021bi aici numele dvs.<\/div>\n<\/div>\n<div class=\"comment-form-input-wrap td-form-email\">\n<div class=\"td-warning-email-error\">A\u021bi introdus o adres\u0103 de e-mail incorect\u0103!<\/div>\n<div class=\"td-warning-email\">V\u0103 rug\u0103m s\u0103 introduce\u021bi adresa dvs. de e-mail aici<\/div>\n<\/div>\n<\/div>\n<\/div>\n<\/div>\n<\/div>\n<\/div>\n<\/div>\n<div class=\"vc_column tdi_23  wpb_column vc_column_container tdc-column td-pb-span4 td-is-sticky\">\n<div class=\"wpb_wrapper\" data-sticky-enabled-on=\"W3RydWUsdHJ1ZSx0cnVlLHRydWVd\" data-sticky-offset=\"20\" data-sticky-is-width-auto=\"W2ZhbHNlLGZhbHNlLGZhbHNlLGZhbHNlXQ==\">\n<div class=\"wpb_wrapper td_block_wrap vc_widget_sidebar tdi_25 \">\n<div class=\"td_block_wrap td_block_7 td_block_widget tdi_26 td-pb-border-top td_block_template_1 td-column-1 td_block_padding\" data-td-block-uid=\"tdi_26\">\n<div class=\"td-block-title-wrap\">\n<h4 class=\"block-title td-block-title\"><span class=\"td-pulldown-size\">Articole RELA\u021aIONATE<\/span><\/h4>\n<\/div>\n<div id=\"tdi_26\" class=\"td_block_inner\">\n<div class=\"td-block-span12\">\n<div class=\"td_module_6 td_module_wrap td-animation-stack\">\n<div class=\"td-module-thumb\"><a href=\"https:\/\/r3media.ro\/guvernul-obligat-ajutor-militar-ucraina\/\" rel=\"bookmark\" class=\"td-image-wrap \" title=\"Guvernul, obligat \u00een instan\u0163\u0103 s\u0103 spun\u0103 \u00een ce hot\u0103r\u00e2ri se ascunde ajutorul militar dat Ucrainei. Nu \u015fi c\u00e2t valoreaz\u0103\"><img loading=\"lazy\" decoding=\"async\" class=\"entry-thumb\" src=\"https:\/\/r3media.ro\/wp-content\/uploads\/2024\/03\/patriot-1536x865-1-100x70.webp\" alt title=\"Guvernul, obligat \u00een instan\u0163\u0103 s\u0103 spun\u0103 \u00een ce hot\u0103r\u00e2ri se ascunde ajutorul militar dat Ucrainei. Nu \u015fi c\u00e2t valoreaz\u0103\" width=\"100\" height=\"70\"><\/a><\/div>\n<div class=\"item-details\">\n<h3 class=\"entry-title td-module-title\"><a href=\"https:\/\/r3media.ro\/guvernul-obligat-ajutor-militar-ucraina\/\" rel=\"bookmark\" title=\"Guvernul, obligat \u00een instan\u0163\u0103 s\u0103 spun\u0103 \u00een ce hot\u0103r\u00e2ri se ascunde ajutorul militar dat Ucrainei. Nu \u015fi c\u00e2t valoreaz\u0103\">Guvernul, obligat \u00een instan\u0163\u0103 s\u0103 spun\u0103 \u00een ce hot\u0103r\u00e2ri se ascunde&#8230;<\/a><\/h3>\n<div class=\"td-module-meta-info\"><span class=\"td-post-date\"><time class=\"entry-date updated td-module-date\" datetime=\"2026-07-14T13:00:34+03:00\">14\/07\/2026<\/time><\/span><\/div>\n<\/div>\n<\/div>\n<\/div>\n<div class=\"td-block-span12\">\n<div class=\"td_module_6 td_module_wrap td-animation-stack\">\n<div class=\"td-module-thumb\"><a href=\"https:\/\/r3media.ro\/angajata-viorel-pasca-mascati-bolnavi\/\" rel=\"bookmark\" class=\"td-image-wrap \" title=\"O angajat\u0103 a lui Viorel Pa\u0219ca acuz\u0103: Masca\u0163ii nu m-or l\u0103sat s\u0103-l schimb pe bolnav, at\u00e2tea ore, ca s\u0103 poat\u0103 face poze\"><img loading=\"lazy\" decoding=\"async\" class=\"entry-thumb\" src=\"https:\/\/r3media.ro\/wp-content\/uploads\/2026\/07\/diicot-viorel-pasca-100x70.jpg\" alt title=\"O angajat\u0103 a lui Viorel Pa\u0219ca acuz\u0103: Masca\u0163ii nu m-or l\u0103sat s\u0103-l schimb pe bolnav, at\u00e2tea ore, ca s\u0103 poat\u0103 face poze\" width=\"100\" height=\"70\"><\/a><\/div>\n<div class=\"item-details\">\n<h3 class=\"entry-title td-module-title\"><a href=\"https:\/\/r3media.ro\/angajata-viorel-pasca-mascati-bolnavi\/\" rel=\"bookmark\" title=\"O angajat\u0103 a lui Viorel Pa\u0219ca acuz\u0103: Masca\u0163ii nu m-or l\u0103sat s\u0103-l schimb pe bolnav, at\u00e2tea ore, ca s\u0103 poat\u0103 face poze\">O angajat\u0103 a lui Viorel Pa\u0219ca acuz\u0103: Masca\u0163ii nu m-or l\u0103sat&#8230;<\/a><\/h3>\n<div class=\"td-module-meta-info\"><span class=\"td-post-date\"><time class=\"entry-date updated td-module-date\" datetime=\"2026-07-14T11:55:55+03:00\">14\/07\/2026<\/time><\/span><\/div>\n<\/div>\n<\/div>\n<\/div>\n<div class=\"td-block-span12\">\n<div class=\"td_module_6 td_module_wrap td-animation-stack\">\n<div class=\"td-module-thumb\"><a href=\"https:\/\/r3media.ro\/bulgaria-cosmonaut-alexander-alexandrov\/\" rel=\"bookmark\" class=\"td-image-wrap \" title=\"Bulgaria \u0219i-a luat r\u0103mas-bun de la al doilea cosmonaut al s\u0103u. Alexander Alexandrov, condus pe ultimul drum la Sofia\"><img loading=\"lazy\" decoding=\"async\" class=\"entry-thumb\" src=\"https:\/\/r3media.ro\/wp-content\/uploads\/2026\/07\/bulgaria-cosmonaut-100x70.jpg\" alt title=\"Bulgaria \u0219i-a luat r\u0103mas-bun de la al doilea cosmonaut al s\u0103u. Alexander Alexandrov, condus pe ultimul drum la Sofia\" width=\"100\" height=\"70\"><\/a><\/div>\n<div class=\"item-details\">\n<h3 class=\"entry-title td-module-title\"><a href=\"https:\/\/r3media.ro\/bulgaria-cosmonaut-alexander-alexandrov\/\" rel=\"bookmark\" title=\"Bulgaria \u0219i-a luat r\u0103mas-bun de la al doilea cosmonaut al s\u0103u. Alexander Alexandrov, condus pe ultimul drum la Sofia\">Bulgaria \u0219i-a luat r\u0103mas-bun de la al doilea cosmonaut al s\u0103u&#8230;.<\/a><\/h3>\n<div class=\"td-module-meta-info\"><span class=\"td-post-date\"><time class=\"entry-date updated td-module-date\" datetime=\"2026-07-14T10:49:11+03:00\">14\/07\/2026<\/time><\/span><\/div>\n<\/div>\n<\/div>\n<\/div>\n<div class=\"td-block-span12\">\n<div class=\"td_module_6 td_module_wrap td-animation-stack\">\n<div class=\"td-module-thumb\"><a href=\"https:\/\/r3media.ro\/ilie-bolojan-alegeri-anticipate\/\" rel=\"bookmark\" class=\"td-image-wrap \" title=\"Ilie Bolojan ia \u00een calcul organizarea alegerilor anticipate: Mai devreme sau mai t\u00e2rziu, s\u0103 ne \u00eentoarcem la judecata cet\u0103\u0163enilor\"><img loading=\"lazy\" decoding=\"async\" class=\"entry-thumb\" src=\"https:\/\/r3media.ro\/wp-content\/uploads\/2025\/05\/bolojan-razboi-100x70.jpg\" alt title=\"Ilie Bolojan ia \u00een calcul organizarea alegerilor anticipate: Mai devreme sau mai t\u00e2rziu, s\u0103 ne \u00eentoarcem la judecata cet\u0103\u0163enilor\" width=\"100\" height=\"70\"><\/a><\/div>\n<div class=\"item-details\">\n<h3 class=\"entry-title td-module-title\"><a href=\"https:\/\/r3media.ro\/ilie-bolojan-alegeri-anticipate\/\" rel=\"bookmark\" title=\"Ilie Bolojan ia \u00een calcul organizarea alegerilor anticipate: Mai devreme sau mai t\u00e2rziu, s\u0103 ne \u00eentoarcem la judecata cet\u0103\u0163enilor\">Ilie Bolojan ia \u00een calcul organizarea alegerilor anticipate: Mai devreme sau&#8230;<\/a><\/h3>\n<div class=\"td-module-meta-info\"><span class=\"td-post-date\"><time class=\"entry-date updated td-module-date\" datetime=\"2026-07-14T07:53:46+03:00\">14\/07\/2026<\/time><\/span><\/div>\n<\/div>\n<\/div>\n<\/div>\n<div class=\"td-block-span12\">\n<div class=\"td_module_6 td_module_wrap td-animation-stack\">\n<div class=\"td-module-thumb\"><a href=\"https:\/\/r3media.ro\/care-sunt-aplicatiile-mobile-cu-cele-mai-multe-functii\/\" rel=\"bookmark\" class=\"td-image-wrap \" title=\"Care sunt aplica\u021biile mobile cu cele mai multe func\u021bii?\"><img loading=\"lazy\" decoding=\"async\" class=\"entry-thumb\" src=\"https:\/\/r3media.ro\/wp-content\/uploads\/2026\/07\/r3-100x70.jpg\" alt title=\"Care sunt aplica\u021biile mobile cu cele mai multe func\u021bii?\" width=\"100\" height=\"70\"><\/a><\/div>\n<div class=\"item-details\">\n<h3 class=\"entry-title td-module-title\"><a href=\"https:\/\/r3media.ro\/care-sunt-aplicatiile-mobile-cu-cele-mai-multe-functii\/\" rel=\"bookmark\" title=\"Care sunt aplica\u021biile mobile cu cele mai multe func\u021bii?\">Care sunt aplica\u021biile mobile cu cele mai multe func\u021bii?<\/a><\/h3>\n<div class=\"td-module-meta-info\"><span class=\"td-post-date\"><time class=\"entry-date updated td-module-date\" datetime=\"2026-07-14T00:51:14+03:00\">14\/07\/2026<\/time><\/span><\/div>\n<\/div>\n<\/div>\n<\/div>\n<div class=\"td-block-span12\">\n<div class=\"td_module_6 td_module_wrap td-animation-stack\">\n<div class=\"td-module-thumb\"><a href=\"https:\/\/r3media.ro\/liviu-dragnea-partidul-aur-incredere-sperante-romani-extremism-video\/\" rel=\"bookmark\" class=\"td-image-wrap \" title=\"VIDEO | Liviu Dragnea: AUR trebuie s\u0103 s\u0103 devin\u0103 un partid \u00een care lumea s\u0103 aib\u0103 \u0219i \u00eencredere, nu numai speran\u021be. N-am v\u0103zut nimic extremist la AUR\"><img loading=\"lazy\" decoding=\"async\" class=\"entry-thumb\" src=\"https:\/\/r3media.ro\/wp-content\/uploads\/2026\/07\/liviu-dragnea-si-iosefina-pascal-100x70.png\" alt title=\"VIDEO | Liviu Dragnea: AUR trebuie s\u0103 s\u0103 devin\u0103 un partid \u00een care lumea s\u0103 aib\u0103 \u0219i \u00eencredere, nu numai speran\u021be. N-am v\u0103zut nimic extremist la AUR\" width=\"100\" height=\"70\"><\/a><\/div>\n<div class=\"item-details\">\n<h3 class=\"entry-title td-module-title\"><a href=\"https:\/\/r3media.ro\/liviu-dragnea-partidul-aur-incredere-sperante-romani-extremism-video\/\" rel=\"bookmark\" title=\"VIDEO | Liviu Dragnea: AUR trebuie s\u0103 s\u0103 devin\u0103 un partid \u00een care lumea s\u0103 aib\u0103 \u0219i \u00eencredere, nu numai speran\u021be. N-am v\u0103zut nimic extremist la AUR\">VIDEO | Liviu Dragnea: AUR trebuie s\u0103 s\u0103 devin\u0103 un partid&#8230;<\/a><\/h3>\n<div class=\"td-module-meta-info\"><span class=\"td-post-date\"><time class=\"entry-date updated td-module-date\" datetime=\"2026-07-14T00:27:15+03:00\">14\/07\/2026<\/time><\/span><\/div>\n<\/div>\n<\/div>\n<\/div>\n<div class=\"td-block-span12\">\n<div class=\"td_module_6 td_module_wrap td-animation-stack\">\n<div class=\"td-module-thumb\"><a href=\"https:\/\/r3media.ro\/14-iulie-ziua-nationala-a-frantei\/\" rel=\"bookmark\" class=\"td-image-wrap \" title=\"Calendarul zilei 14 iulie: Ziua Na\u021bional\u0103 a Fran\u021bei\"><img loading=\"lazy\" decoding=\"async\" class=\"entry-thumb\" src=\"https:\/\/r3media.ro\/wp-content\/uploads\/2022\/06\/Acciza-Franta-Smart-Diesel-Mai-2022-e1654099421627-100x70.png\" alt title=\"Calendarul zilei 14 iulie: Ziua Na\u021bional\u0103 a Fran\u021bei\" width=\"100\" height=\"70\"><\/a><\/div>\n<div class=\"item-details\">\n<h3 class=\"entry-title td-module-title\"><a href=\"https:\/\/r3media.ro\/14-iulie-ziua-nationala-a-frantei\/\" rel=\"bookmark\" title=\"Calendarul zilei 14 iulie: Ziua Na\u021bional\u0103 a Fran\u021bei\">Calendarul zilei 14 iulie: Ziua Na\u021bional\u0103 a Fran\u021bei<\/a><\/h3>\n<div class=\"td-module-meta-info\"><span class=\"td-post-date\"><time class=\"entry-date updated td-module-date\" datetime=\"2026-07-13T22:50:33+03:00\">13\/07\/2026<\/time><\/span><\/div>\n<\/div>\n<\/div>\n<\/div>\n<\/div>\n<\/div>\n<aside class=\"td_block_template_1 widget widget_recent_comments\">\n<h4 class=\"block-title\"><span>INTR\u0102 \u00ceN DISCU\u021aIE!<\/span><\/h4>\n<ul id=\"recentcomments\">\n<li class=\"recentcomments\"><span class=\"comment-author-link\">Mihaela<\/span> la <a href=\"https:\/\/r3media.ro\/ilie-bolojan-alegeri-anticipate\/#comment-40272\">Ilie Bolojan ia \u00een calcul organizarea alegerilor anticipate: Mai devreme sau mai t\u00e2rziu, s\u0103 ne \u00eentoarcem la judecata cet\u0103\u0163enilor<\/a><\/li>\n<li class=\"recentcomments\"><span class=\"comment-author-link\">Kh-47M2 Kinzhal<\/span> la <a href=\"https:\/\/r3media.ro\/premiera-mondiala-robot-transportat-barca-lupta-razboi-ucraina-video\/#comment-40271\">VIDEO | Premier\u0103 mondial\u0103! Un robot cu inteligen\u021b\u0103 artificial\u0103 transportat de o barc\u0103 lupt\u0103 \u00een r\u0103zboiul din Ucraina<\/a><\/li>\n<li class=\"recentcomments\"><span class=\"comment-author-link\">Constantin<\/span> la <a href=\"https:\/\/r3media.ro\/ambasadorul-germaniei-la-chisinau-revine-nu-a-fost-intentia-mea-sa-pun-sub-semnul-intrebarii-unitatea-chestiunii-romanesti-sau-a-credintei-crestin-ortodoxe\/#comment-40270\">Ambasadorul Germaniei la Chi\u0219in\u0103u revine: Nu a fost inten\u0163ia mea s\u0103 pun sub semnul \u00eentreb\u0103rii unitatea chestiunii rom\u00e2ne\u015fti sau a credin\u0163ei cre\u015ftin ortodoxe<\/a><\/li>\n<li class=\"recentcomments\"><span class=\"comment-author-link\">Narcis<\/span> la <a href=\"https:\/\/r3media.ro\/actorul-ioan-isaiu-a-facut-infarct-si-a-murit-in-fata-colegilor-sai-bou-vaccinat-anti-covid-19\/#comment-40269\">Actorul Ioan Isaiu a f\u0103cut infarct \u0219i a murit \u00een fa\u021ba colegilor s\u0103i: Am fost bou c\u0103 m-am vaccinat \u0219i v-am blocat pe cei care \u00eemi era\u021bi prieteni<\/a><\/li>\n<li class=\"recentcomments\"><span class=\"comment-author-link\">Haleu<\/span> la <a href=\"https:\/\/r3media.ro\/romania-si-slovenia-singurele-state-din-est-care-s-au-alaturat-sua-in-condamnarea-chinei-intr-o-speta-de-acum-10-ani\/#comment-40268\">Rom\u00e2nia \u0219i Slovenia, singurele state din Est care s-au al\u0103turat SUA \u00een condamnarea Chinei \u00eentr-o spe\u021b\u0103 de acum 10 ani<\/a><\/li>\n<li class=\"recentcomments\"><span class=\"comment-author-link\">Eu<\/span> la <a href=\"https:\/\/r3media.ro\/guvernul-sanchez-demoleaza-monumentul-de-la-majadahonda-ion-mota-vasile-marin-lupta-rzaboiul-civil-spaniol-comunisti\/#comment-40267\">Guvernul Sanchez demoleaz\u0103 Monumentul de la Majadahonda, dedicat lui Ion Mo\u021ba \u0219i Vasile Marin, rom\u00e2nii care au luptat \u00eempotriva comuni\u0219tilor \u00een R\u0103zboiul Civil Spaniol<\/a><\/li>\n<li class=\"recentcomments\"><span class=\"comment-author-link\">Constantin<\/span> la <a href=\"https:\/\/r3media.ro\/guvernul-sanchez-demoleaza-monumentul-de-la-majadahonda-ion-mota-vasile-marin-lupta-rzaboiul-civil-spaniol-comunisti\/#comment-40266\">Guvernul Sanchez demoleaz\u0103 Monumentul de la Majadahonda, dedicat lui Ion Mo\u021ba \u0219i Vasile Marin, rom\u00e2nii care au luptat \u00eempotriva comuni\u0219tilor \u00een R\u0103zboiul Civil Spaniol<\/a><\/li>\n<\/ul>\n<\/aside>\n<aside class=\"td_block_template_1 widget widget_search\">\n<h4 class=\"block-title\"><span>CAUT\u0102 \u0218I VEI G\u0102SI<\/span><\/h4>\n<\/aside>\n<\/div>\n<\/div>\n<\/div>\n<\/div>\n<\/div>\n<\/div>\n<\/div>\n<p><span class=\"td-page-meta\"><\/span><span class=\"td-page-meta\"><span class=\"td-page-meta\"><\/span><\/span><span class=\"td-page-meta\"><\/span><\/article>\n<\/p>\n<div class=\"td_block_wrap tdb_single_content tdi_18 td-pb-border-top td_block_template_1 td-post-content tagdiv-type\" data-td-block-uid=\"tdi_18\">\n<div class=\"tdb-block-inner td-fix-index\">\n<p><strong>Industria auto european\u0103 accelereaz\u0103 trecerea la un nucleu software open-source comun, dezvoltat sub umbrela Eclipse S-CORE. Miza declarat\u0103 e reducerea costurilor \u0219i recuperarea decalajului fa\u021b\u0103 de China.<\/strong><\/p>\n<p>Miza nediscutat\u0103 \u00een Rom\u00e2nia e c\u0103 exact tipul de inginerie \u201ede baz\u0103\u201d pe care se sprijin\u0103 o parte din centrele de R&amp;D locale devine cod public, scris o singur\u0103 dat\u0103, pentru toat\u0103 industria.<\/p>\n<p>Produc\u0103torii \u0219i furnizorii europeni \u00ee\u0219i extind cooperarea open-source pentru a reduce costul \u0219i complexitatea vehiculului definit prin software (<em>software-defined vehicle<\/em>), iar proiectul Eclipse S-CORE ar putea t\u0103ia costurile \u0219i accelera dezvoltarea \u2014 \u00eens\u0103 anali\u0219tii avertizeaz\u0103 c\u0103 Europa ar putea r\u0103m\u00e2ne, \u00een continuare, \u00een urma Chinei, potrivit rezumatului zilnic de pres\u0103 publicat pe 13 iulie de Organiza\u021bia Interna\u021bional\u0103 a Constructorilor de Automobile (OICA), care citeaz\u0103 presa auto de specialitate.<\/p>\n<p>Proiectul se nume\u0219te Eclipse S-CORE (Safe Open Vehicle Core) \u0219i este g\u0103zduit de Eclipse Foundation. A pornit \u00een iunie 2025, c\u00e2nd unsprezece companii europene \u2014 printre care Volkswagen, BMW, Mercedes-Benz, Bosch \u0219i Continental \u2014 au semnat, sub coordonarea asocia\u021biei germane a industriei auto VDA, un memorandum pentru construirea unui ecosistem software open-source dedicat industriei auto, informeaz\u0103 <a href=\"https:\/\/www.vda.de\/en\/press\/press-releases\/2026\/260107_Automotive-innovation-through-open-collaboration--Momentum-builds-around-open-source-software-as-a-key-driver-of-efficiency-and-success\" target=\"_blank\" rel=\"noopener\">VDA<\/a>.<\/p>\n<p>De atunci, ritmul s-a accelerat. O prim\u0103 versiune public\u0103 a nucleului (0.5) a fost livrat\u0103 \u00een noiembrie 2025, lansarea complet\u0103 este planificat\u0103 pentru 2026, iar primele programe auto construite pe aceast\u0103 baz\u0103 ar urma s\u0103 ajung\u0103 pe pia\u021b\u0103 cel t\u00e2rziu \u00een 2030, potrivit Eclipse Foundation. Num\u0103rul semnatarilor memorandumului a crescut de la 11 la 32 de companii din \u00eentregul lan\u021b valoric auto, arat\u0103 un anun\u021b comun al Eclipse Foundation \u0219i VDA din ianuarie 2026.<\/p>\n<h2>Ce este, de fapt, S-CORE<\/h2>\n<p>Ideea de baz\u0103 e simpl\u0103 \u0219i, din perspectiva unui director financiar, greu de contestat: o mare parte din software-ul dintr-o ma\u0219in\u0103 nu diferen\u021biaz\u0103 pe nimeni de nimeni. Middleware-ul, stratul de comunicare \u00eentre componente, mecanismele de siguran\u021b\u0103 func\u021bional\u0103 \u2014 toate sunt scrise, \u00een paralel, de fiecare produc\u0103tor \u0219i de fiecare furnizor mare, \u00een variante u\u0219or diferite, cu costuri similare.<\/p>\n<p>S-CORE propune ca acest strat \u201enediferen\u021biator\u201d s\u0103 fie scris o singur\u0103 dat\u0103, \u00een comun, certificabil conform standardelor de siguran\u021b\u0103 func\u021bional\u0103, iar competi\u021bia s\u0103 se mute pe ceea ce vede clientul: infotainment, asisten\u021b\u0103 la condus, experien\u021b\u0103 de utilizare. Scopul declarat este ca echipele de dezvoltare s\u0103 se concentreze pe func\u021biile care aduc valoare, elimin\u00e2nd munca duplicat\u0103 din industrie, potrivit Eclipse Foundation.<\/p>\n<p>Pentru industrie, e o promisiune de economii masive. Pentru inginerii care ast\u0103zi scriu, testeaz\u0103 \u0219i valideaz\u0103 exact acel strat, e o alt\u0103 poveste.<\/p>\n<h2>De ce conteaz\u0103 pentru Rom\u00e2nia<\/h2>\n<p>Rom\u00e2nia nu mai este de mult doar o \u021bar\u0103 de linii de asamblare.<\/p>\n<p>Industria auto genereaz\u0103 aproximativ 13,2% din PIB, cu peste 630 de companii \u0219i mai bine de 220.000 de angaja\u021bi, iar cifra de afaceri a sectorului a ajuns la circa 35 de miliarde de euro, dintre care 26 de miliarde provin din produc\u021bia de componente, potrivit datelor ACAROM pentru finalul anului 2025.<\/p>\n<p>O parte tot mai vizibil\u0103 din aceast\u0103 industrie nu produce piese, ci cod: centrele de inginerie \u0219i R&amp;D auto de la Timi\u0219oara, Cluj, Sibiu, Ia\u0219i \u0219i Bucure\u0219ti au devenit, \u00een ultimul deceniu, unul dintre cei mai mari poli de software auto din regiune.<\/p>\n<p>Iar munca lor se concentreaz\u0103, \u00een bun\u0103 m\u0103sur\u0103, tocmai pe genul de componente pe care S-CORE le standardizeaz\u0103.<\/p>\n<p>Suprapunerea de calendar e greu de ignorat. Aumovio \u2014 compania desprins\u0103 din divizia auto a Continental \u2014 a anun\u021bat, \u00eentr-un comunicat din 27 ianuarie 2026 citat de publica\u021bia american\u0103 WardsAuto, t\u0103ierea a p\u00e2n\u0103 la 4.000 de posturi la nivel global p\u00e2n\u0103 la finalul acestui an, ca parte a unui plan de restructurare a activit\u0103\u021bilor globale de cercetare-dezvoltare.<\/p>\n<p>Restructurarea vizeaz\u0103 situri din Germania, <a href=\"https:\/\/r3media.ro\/celebru-brand-romanesc-revine-piata-noi-modele-autovehicule-dac-produce-masini-gunoi-betoniere-nume-dacice\/\" target=\"_blank\" rel=\"noopener\">Rom\u00e2nia<\/a>, India, Singapore, Serbia \u0219i Mexic, iar \u00een Rom\u00e2nia sunt vizate \u00eentre 641 \u0219i 1.000 de posturi, distribuite pe trei loca\u021bii, potrivit fi\u0219ei de restructurare publicate de<a href=\"https:\/\/apps.eurofound.europa.eu\/restructuring-events\/detail\/204082\" target=\"_blank\" rel=\"noopener\"> Eurofound<\/a> \u00een baza de date European Restructuring Monitor.<\/p>\n<p>Aceea\u0219i surs\u0103 arat\u0103 c\u0103 motivele invocate sunt presiunea pe costuri, automatizarea \u0219i necesitatea de a reorienta investi\u021biile c\u0103tre tehnologii de viitor \u2014 software, electromobilitate \u0219i sisteme avansate de asisten\u021b\u0103 la condus.<\/p>\n<p>Cu alte cuvinte, reducerile nu lovesc produc\u021bia, ci exact zona de cercetare-dezvoltare care ar fi trebuit s\u0103 fie asigurarea de viitor a industriei auto rom\u00e2ne\u0219ti.<\/p>\n<h2>Un context deja fragil<\/h2>\n<p>Vestea vine \u00eentr-un an complicat pentru sector. \u00cen primul semestru din 2026, cele dou\u0103 fabrici de automobile din Rom\u00e2nia au produs 247.972 de vehicule, cu 12,7% mai pu\u021bin dec\u00e2t \u00een aceea\u0219i perioad\u0103 a anului trecut: Dacia a asamblat 129.404 ma\u0219ini la Mioveni (-18%), iar Ford Otosan 118.868 la Craiova (-6,4%), potrivit datelor ACAROM, citate de <a href=\"https:\/\/www.romania-insider.com\/romania-car-production-h1-2026\" target=\"_blank\" rel=\"noopener\">Romania Insider.<\/a><\/p>\n<p>Peste asta se adaug\u0103 presiunea din amonte. Volkswagen, unul dintre cei mai mari clien\u021bi indirec\u021bi ai furnizorilor din Rom\u00e2nia, ar putea elimina \u00eenc\u0103 aproximativ 50.000 de posturi pentru a-\u0219i acoperi un dezavantaj de cost de 20% fa\u021b\u0103 de competitori, ceea ce ar duce totalul spre 100.000 de posturi la nivel global, a transmis directorul general Oliver Blume angaja\u021bilor \u00eentr-o not\u0103 intern\u0103 din 13 iulie, informeaz\u0103 Reuters.<\/p>\n<h2>Ce ar trebui urm\u0103rit<\/h2>\n<p>Trecerea la un nucleu software comun nu e o amenin\u021bare \u00een sine \u2014 poate fi \u0219i o oportunitate. Un stack open-source european \u00eenseamn\u0103 c\u0103 o firm\u0103 mic\u0103 de inginerie din Cluj poate contribui la, \u0219i construi peste, aceea\u0219i baz\u0103 pe care o folosesc BMW \u0219i Mercedes, f\u0103r\u0103 licen\u021be scumpe \u0219i f\u0103r\u0103 s\u0103 reinventeze roata.<\/p>\n<p>\u00centrebarea, pentru Rom\u00e2nia, este dac\u0103 centrele locale r\u0103m\u00e2n \u00een zona care se automatizeaz\u0103 \u0219i se standardizeaz\u0103, sau urc\u0103 spre stratul care r\u0103m\u00e2ne diferen\u021biator \u0219i, deci, pl\u0103tit. Diferen\u021ba dintre cele dou\u0103 scenarii nu se va vedea \u00een statisticile de produc\u021bie de luna viitoare, ci \u00een deciziile de alocare a proiectelor din urm\u0103torii doi-trei ani.<\/p>\n<div class=\"crp_related     crp-masonry\">\n<h2>\u00ceN CONTEXT<\/h2>\n<ul>\n<li><a href=\"https:\/\/r3media.ro\/fara-tine-in-google-r3media-dispare-iata-ce-poti-face-in-10-secunde\/\" class=\"crp_link post-119031\"><span class=\"crp_title\">F\u0103r\u0103 tine \u00een Google, R3media dispare. Iat\u0103 ce po\u021bi face \u00een 10 secunde<\/span><\/a><\/li>\n<li><a href=\"https:\/\/r3media.ro\/propunere-bruxelles-industria-auto-romania-dacia-ford-otosan\/\" class=\"crp_link post-116333\"><span class=\"crp_title\">Propunere de la Bruxelles cu poten\u021bial impact masiv pentru industria auto din Rom\u00e2nia: Dacia\u2026<\/span><\/a><\/li>\n<li><a href=\"https:\/\/r3media.ro\/victorie-giganti-auto-germania-restrictii-verzi\/\" class=\"crp_link post-115562\"><span class=\"crp_title\">Victorie istoric\u0103 pentru gigan\u021bii auto din Germania \u00eempotriva restric\u021biilor \u201everzi\u201c<\/span><\/a><\/li>\n<li><a href=\"https:\/\/r3media.ro\/dacia-ramane-brand-romanesc-banca-transilvania\/\" class=\"crp_link post-116721\"><span class=\"crp_title\">Dacia r\u0103m\u00e2ne cel mai valoros brand rom\u00e2nesc. Banca Transilvania, cea mai puternic\u0103 marc\u0103<\/span><\/a><\/li>\n<li><a href=\"https:\/\/r3media.ro\/volkswagen-concedieri-19-000-angajati-germania-final-an-2026\/\" class=\"crp_link post-118163\"><span class=\"crp_title\">Volkswagen vrea s\u0103 dea afar\u0103 19.000 de angaja\u021bi din Germania p\u00e2n\u0103 la finalul anului 2026<\/span><\/a><\/li>\n<li><a href=\"https:\/\/r3media.ro\/nicusor-dan-romania-adoptare-euro-stiri-importante\/\" class=\"crp_link post-115209\"><span class=\"crp_title\">Pre\u0219edintele Nicu\u0219or Dan anun\u021b\u0103 c\u0103 adoptarea monedei euro ar fi posibil\u0103 \u00een urm\u0103torii 3-4\u2026<\/span><\/a><\/li>\n<li><a href=\"https:\/\/r3media.ro\/concedieri-masive-volkswagen-companie-da-afara-angajati-companie-istorie\/\" class=\"crp_link post-119196\"><span class=\"crp_title\">Concedieri masive la Volkswagen: Compania auto vrea s\u0103 dea afar\u0103 100.000 de angaja\u021bi, \u00een cea\u2026<\/span><\/a><\/li>\n<li><a href=\"https:\/\/r3media.ro\/bine-ca-n-au-iesit-suveranistii-1-000-de-oameni-sunt-dati-afara-in-fiecare-luna-intr-un-val-de-disponibilizari-fara-precedent\/\" class=\"crp_link post-113229\"><span class=\"crp_title\">Bine c\u0103 n-au ie\u0219it suverani\u0219tii! 1.000 de oameni sunt da\u021bi afar\u0103 \u00een fiecare lun\u0103, \u00eentr-un\u2026<\/span><\/a><\/li>\n<\/ul>\n<\/div>\n<\/div>\n<\/div>\n<p>[analyse_source url=&#8221;https:\/\/r3media.ro\/industria-auto-europeana-software-romania\/&#8221;]<\/p>\n","protected":false},"excerpt":{"rendered":"<p>[analyse_image type=&#8221;featured&#8221; src=&#8221;https:\/\/r3media.ro\/wp-content\/uploads\/2026\/07\/ford-craiova-industria-auto-e1784010641828.webphttps:\/\/r3media.ro\/wp-content\/uploads\/2026\/07\/ford-craiova-industria-auto-e1784010641828.webp&#8221;] ECONOMIEIndustria auto european\u0103 \u00ee\u0219i pune software-ul \u00een comun. Impactul asupra Rom\u00e2niei ECONOMIEFEATURED\u0218TIRI Industria auto european\u0103 \u00ee\u0219i pune software-ul \u00een comun. Impactul asupra Rom\u00e2niei Teodor Stan 14\/07\/2026 Sursa foto: caleffi.com\/ Industria auto european\u0103 accelereaz\u0103 trecerea la un nucleu software open-source comun, dezvoltat sub umbrela Eclipse S-CORE. Miza declarat\u0103 e reducerea costurilor \u0219i recuperarea [&hellip;]<\/p>\n","protected":false},"author":1,"featured_media":0,"comment_status":"open","ping_status":"","sticky":false,"template":"","format":"standard","meta":{"footnotes":""},"categories":[89],"tags":[226,93],"class_list":["post-2042474","post","type-post","status-publish","format-standard","hentry","category-romania","tag-crawlmanager","tag-r3media-ro"],"_links":{"self":[{"href":"https:\/\/analyse.optim.biz\/index.php?rest_route=\/wp\/v2\/posts\/2042474","targetHints":{"allow":["GET"]}}],"collection":[{"href":"https:\/\/analyse.optim.biz\/index.php?rest_route=\/wp\/v2\/posts"}],"about":[{"href":"https:\/\/analyse.optim.biz\/index.php?rest_route=\/wp\/v2\/types\/post"}],"author":[{"embeddable":true,"href":"https:\/\/analyse.optim.biz\/index.php?rest_route=\/wp\/v2\/users\/1"}],"replies":[{"embeddable":true,"href":"https:\/\/analyse.optim.biz\/index.php?rest_route=%2Fwp%2Fv2%2Fcomments&post=2042474"}],"version-history":[{"count":0,"href":"https:\/\/analyse.optim.biz\/index.php?rest_route=\/wp\/v2\/posts\/2042474\/revisions"}],"wp:attachment":[{"href":"https:\/\/analyse.optim.biz\/index.php?rest_route=%2Fwp%2Fv2%2Fmedia&parent=2042474"}],"wp:term":[{"taxonomy":"category","embeddable":true,"href":"https:\/\/analyse.optim.biz\/index.php?rest_route=%2Fwp%2Fv2%2Fcategories&post=2042474"},{"taxonomy":"post_tag","embeddable":true,"href":"https:\/\/analyse.optim.biz\/index.php?rest_route=%2Fwp%2Fv2%2Ftags&post=2042474"}],"curies":[{"name":"wp","href":"https:\/\/api.w.org\/{rel}","templated":true}]}}