{"id":2042473,"date":"2026-07-14T04:53:46","date_gmt":"2026-07-14T01:53:46","guid":{"rendered":"https:\/\/analyse.optim.biz\/?p=2042473"},"modified":"2026-07-14T04:53:46","modified_gmt":"2026-07-14T01:53:46","slug":"ilie-bolojan-ia-in-calcul-organizarea-alegerilor-anticipate-mai-devreme-sau-mai-tarziu-sa-ne-intoarcem-la-judecata-cetatenilor","status":"publish","type":"post","link":"https:\/\/analyse.optim.biz\/?p=2042473","title":{"rendered":"Ilie Bolojan ia \u00een calcul organizarea alegerilor anticipate: Mai devreme sau mai t\u00e2rziu, s\u0103 ne \u00eentoarcem la judecata cet\u0103\u0163enilor"},"content":{"rendered":"<p>[analyse_image type=&#8221;featured&#8221; src=&#8221;https:\/\/r3media.ro\/wp-content\/uploads\/2025\/05\/bolojan-razboi-e1746082919933.jpghttps:\/\/r3media.ro\/wp-content\/uploads\/2025\/05\/bolojan-razboi-e1746082919933.jpg&#8221;]<\/p>\n<article id=\"template-id-109\" class=\"post-109 tdb_templates type-tdb_templates status-publish post\">\n<div id=\"tdi_2\" class=\"tdc-zone\">\n<div class=\"tdc_zone tdi_3  wpb_row td-pb-row\">\n<div id=\"tdi_4\" class=\"tdc-row\">\n<div class=\"vc_row tdi_5  wpb_row td-pb-row\">\n<div class=\"vc_column tdi_7  wpb_column vc_column_container tdc-column td-pb-span8\">\n<div class=\"wpb_wrapper\">\n<div class=\"td_block_wrap tdb_breadcrumbs tdi_8 td-pb-border-top td_block_template_1 tdb-breadcrumbs \" data-td-block-uid=\"tdi_8\">\n<div class=\"tdb-block-inner td-fix-index\"><span><a title=\"Vede\u021bi toate articolele \u00een FEATURED\" class=\"tdb-entry-crumb\" href=\"https:\/\/r3media.ro\/category\/featured\/\">FEATURED<\/a><\/span><span class=\"tdb-bred-no-url-last\">Ilie Bolojan ia \u00een calcul organizarea alegerilor anticipate: Mai devreme sau mai&#8230;<\/span><\/div>\n<\/div>\n<div class=\"td_block_wrap tdb_single_categories tdi_9 td-pb-border-top td_block_template_1 \" data-td-block-uid=\"tdi_9\">\n<div class=\"tdb-category td-fix-index\"><a class=\"tdb-entry-category\" href=\"https:\/\/r3media.ro\/category\/featured\/\">FEATURED<\/a><a class=\"tdb-entry-category\" href=\"https:\/\/r3media.ro\/category\/stiri\/\">\u0218TIRI<\/a><\/div>\n<\/div>\n<div class=\"td_block_wrap tdb_title tdi_10 tdb-single-title td-pb-border-top td_block_template_1\" data-td-block-uid=\"tdi_10\">\n<div class=\"tdb-block-inner td-fix-index\">\n<h1 class=\"tdb-title-text\">Ilie Bolojan ia \u00een calcul organizarea alegerilor anticipate: Mai devreme sau mai t\u00e2rziu, s\u0103 ne \u00eentoarcem la judecata cet\u0103\u0163enilor<\/h1>\n<\/div>\n<\/div>\n<div class=\"vc_row_inner tdi_12  vc_row vc_inner wpb_row td-pb-row\">\n<div class=\"vc_column_inner tdi_14  wpb_column vc_column_container tdc-inner-column td-pb-span12\">\n<div class=\"vc_column-inner\">\n<div class=\"wpb_wrapper\">\n<div class=\"td_block_wrap tdb_single_author tdi_15 td-pb-border-top td_block_template_1 tdb-post-meta\" data-td-block-uid=\"tdi_15\">\n<div class=\"tdb-block-inner td-fix-index\">\n<div class=\"tdb-author-name-wrap\"><a class=\"tdb-author-name\" href=\"https:\/\/r3media.ro\/author\/redactia\/\">Redac\u021bia<\/a><\/div>\n<\/div>\n<\/div>\n<div class=\"td_block_wrap tdb_single_date tdi_16 td-pb-border-top td_block_template_1 tdb-post-meta\" data-td-block-uid=\"tdi_16\">\n<div class=\"tdb-block-inner td-fix-index\"><time class=\"entry-date updated td-module-date\" datetime=\"2026-07-14T07:53:46+03:00\">14\/07\/2026<\/time><\/div>\n<\/div>\n<\/div>\n<\/div>\n<\/div>\n<\/div>\n<div class=\"td_block_wrap tdb_single_featured_image tdi_17 tdb-content-horiz-left td-pb-border-top td_block_template_1\" data-td-block-uid=\"tdi_17\">\n<div class=\"tdb-block-inner td-fix-index\">\n<figure><figcaption class=\"tdb-caption-text\">Sursa foto: Presidency.ro<\/figcaption><\/figure>\n<\/div>\n<\/div>\n<div class=\"td_block_wrap tdb_single_content tdi_18 td-pb-border-top td_block_template_1 td-post-content tagdiv-type\" data-td-block-uid=\"tdi_18\">\n<div class=\"tdb-block-inner td-fix-index\">\n<p><strong><a href=\"https:\/\/r3media.ro\/ilie-bolojan-digi-romania-contract-196-milioane-euro-banii-safe-inarmare-tara\/\" target=\"_blank\" rel=\"noopener\">Ilie Bolojan<\/a> spune c\u0103 alegerile anticipate r\u0103m\u00e2n o variant\u0103 serioas\u0103 dac\u0103 partidele nu ajung la un acord. Calendarul avansat: toamna acestui an sau prim\u0103vara viitoare. Modelul bulgar, \u00eens\u0103, \u00eel respinge.<\/strong><\/p>\n<p>Ilie Bolojan a deschis luni sear\u0103, \u00eentr-un interviu la B1TV, u\u0219a c\u0103tre alegeri anticipate, condi\u021bionat de e\u0219ecul negocierilor dintre partide.<\/p>\n<p>\u00centrebat dac\u0103 un scrutin anticipat ar fi o ie\u0219ire din criza politic\u0103, premierul interimar a r\u0103spuns c\u0103 este formula la care se recurge, \u00een toate democra\u021biile, atunci c\u00e2nd se constat\u0103 c\u0103 un guvern nu mai poate func\u021biona \u00eentr-o formul\u0103 c\u00e2t de c\u00e2t stabil\u0103.<\/p>\n<p>Condi\u021bia pe care a formulat-o e una politic\u0103, nu tehnic\u0103: dac\u0103 nu se va g\u0103si, spune el, \u201e\u00een\u0163elepciunea \u015fi responsabilitatea\u201d pentru a ie\u0219i din instabilitate, atunci o analiz\u0103 privind organizarea de alegeri nu mai poate fi evitat\u0103.<\/p>\n<p>Iar dac\u0103 nu se ajunge la o solu\u021bie, adaug\u0103 Bolojan, anticipatele \u201epot fi luate la modul serios \u00een calcul\u201d, scrie <a href=\"https:\/\/www.cotidianul.ro\/ilie-bolojan-cred-ca-alegerile-anticipate-pot-fi-luate-in-calcul-la-modul-serios\/\" target=\"_blank\" rel=\"noopener\">Cotidianul<\/a>.<\/p>\n<h2>F\u0103r\u0103 termen, dar cu un interval<\/h2>\n<p>Premierul interimar a refuzat s\u0103 avanseze un termen. A conturat, \u00een schimb, un interval: dac\u0103 nicio \u00een\u021belegere nu func\u021bioneaz\u0103, alegerile ar putea fi luate \u00een calcul \u00een toamna acestui an sau \u00een prim\u0103vara anului viitor, \u00een func\u021bie de evolu\u021bia lucrurilor \u2014 \u201emai devreme sau mai t\u00e2rziu, s\u0103 ne \u00eentoarcem la judecata cet\u0103\u0163enilor\u201d.<\/p>\n<p>Bolojan a atribuit instabilitatea politic\u0103 actual\u0103 PSD, prin depunerea \u00een Parlament a mo\u021biunii de cenzur\u0103 care a dus la c\u0103derea Guvernului.<\/p>\n<h2>\u201eModelul bulgar\u201d, respins<\/h2>\n<p>Compara\u021bia cu vecinii de la sud a fost refuzat\u0103 explicit. Bulgaria, a argumentat premierul interimar, nu a avut situa\u021bia bugetar\u0103 a Rom\u00e2niei \u0219i nu a fost nevoit\u0103 s\u0103 fac\u0103 \u201ecorec\u0163ii puternice\u201d. Statul vecin a organizat recent a opta rund\u0103 de alegeri parlamentare \u00een doar cinci ani.<\/p>\n<p>Argumentul se sprijin\u0103 pe bilan\u021bul propriului mandat.<\/p>\n<p>Bolojan a preluat conducerea Guvernului \u00een 2025 cu un deficit de 9,3% din PIB, cel mai mare din Uniunea European\u0103, \u0219i \u0219i-a propus s\u0103-l reduc\u0103 la 8,4% din PIB p\u00e2n\u0103 la finalul anului, prin t\u0103ieri de cheltuieli \u0219i cre\u0219terea veniturilor bugetare.<\/p>\n<p>Rom\u00e2nia a ajuns la un deficit de 7,9% din PIB \u2014 o reducere de 1,4 puncte procentuale, cea mai mare corec\u021bie de deficit din UE, potrivit datelor Eurostat citate chiar de premier.<\/p>\n<h2>Testul PNRR<\/h2>\n<p>Bolojan a legat miza votului din Parlament pe proiectele din PNRR de aceea\u0219i logic\u0103 a r\u0103spunderii \u00een fa\u021ba electoratului: \u0219i acesta este, spune el, un mod de a te prezenta \u00een fa\u021ba cet\u0103\u021benilor cu felul \u00een care \u00eei respec\u021bi sau nu.<\/p>\n<p>Premierul interimar \u0219i-a exprimat speran\u021ba ca Rom\u00e2nia s\u0103 nu ajung\u0103 s\u0103 piard\u0103 sume importante din cauza unor calcule politice care nu ies \u2014 ceea ce, \u00een opinia sa, i-ar penaliza pe to\u021bi rom\u00e2nii.<\/p>\n<div class=\"crp_related     crp-masonry\">\n<h2>\u00ceN CONTEXT<\/h2>\n<ul>\n<li><a href=\"https:\/\/r3media.ro\/moralitate-pe-stomacul-gol-mihai-morar-fotografiat-restaurant-ilie-bolojan-romanii-impovarati-taxe-si-impozite-jurnalist-necrutator-george-simion-calin-georgescu\/\" class=\"crp_link post-114898\"><span class=\"crp_title\">Moralitate pe stomacul gol? | Mihai Morar a fost fotografiat la restaurant cu Ilie Bolojan,\u2026<\/span><\/a><\/li>\n<li><a href=\"https:\/\/r3media.ro\/lupii-paznici-la-oi\/\" class=\"crp_link post-111969\"><span class=\"crp_title\">Lupii, paznici la oi\u2026<\/span><\/a><\/li>\n<li><a href=\"https:\/\/r3media.ro\/video-antena-1-ilie-bolojan-demis-pnl-demisii\/\" class=\"crp_link post-116093\"><span class=\"crp_title\">VIDEO | Antena 1 a modificat interviul cu Ilie Bolojan \u0219i a eliminat la montaj partea \u00een\u2026<\/span><\/a><\/li>\n<li><a href=\"https:\/\/r3media.ro\/tribunalul-bucuresti-suspenda-decizii-adoptate-congres-pnl-victorie-contestatari-ilie-bolojan\/\" class=\"crp_link post-119599\"><span class=\"crp_title\">Tribunalul Bucure\u0219ti a suspendat deciziile adoptate la Congresul PNL: Victorie \u00een linie\u2026<\/span><\/a><\/li>\n<li><a href=\"https:\/\/r3media.ro\/ilie-bolojan-demitere-ionut-mosteanu-ministrul-apararii-mintit-cv-terminat-universitate-capul-sus\/\" class=\"crp_link post-114298\"><span class=\"crp_title\">Revolt\u0103tor! Ilie Bolojan nu-l demite pe Ionu\u021b Mo\u0219teanu, ministrul care a min\u021bit \u00een CV c\u0103 a\u2026<\/span><\/a><\/li>\n<li><a href=\"https:\/\/r3media.ro\/mihai-morar-nu-se-dezice-de-ilie-bolojan-mai-bine-bolojenist-decat-pesedist-mai-bine-bolojan-decat-pesedan\/\" class=\"crp_link post-116059\"><span class=\"crp_title\">Mihai Morar nu se dezice de Ilie Bolojan: Mai bine bolojenist dec\u00e2t pesedist. Mai bine\u2026<\/span><\/a><\/li>\n<li><a href=\"https:\/\/r3media.ro\/in-romania-trebuie-sa-te-sustina-strainii-nu-romanii-manfred-weber-ppe-se-da-de-ceasul-mortii-pentru-ilie-bolojan-si-acuza-psd-ca-s-a-indepartat-de-valorile-pro-europene\/\" class=\"crp_link post-115925\"><span class=\"crp_title\">\u00cen Rom\u00e2nia trebuie s\u0103 te sus\u021bin\u0103 str\u0103inii, nu rom\u00e2nii: Manfred Weber (PPE) se d\u0103 de ceasul\u2026<\/span><\/a><\/li>\n<li><a href=\"https:\/\/r3media.ro\/debarcare-ilie-bolojan-intra-linie-dreapta-aur-psd-depun-impreuna-motiune-de-cenzura-caderea-guvernului\/\" class=\"crp_link post-115936\"><span class=\"crp_title\">Debarcarea lui Ilie Bolojan intr\u0103 \u00een linie dreapt\u0103: AUR \u0219i PSD vor depune \u00eempreun\u0103 o mo\u021biune\u2026<\/span><\/a><\/li>\n<\/ul>\n<\/div>\n<\/div>\n<\/div>\n<div class=\"td_block_wrap tdb_single_tags tdi_19 td-pb-border-top td_block_template_1\" data-td-block-uid=\"tdi_19\">\n<div class=\"tdb-block-inner td-fix-index\">\n<ul class=\"tdb-tags\">\n<li><span>SUBIECTE FIERBIN\u021aI<\/span><\/li>\n<li><a href=\"https:\/\/r3media.ro\/tag\/alegeri-anticipate\/\">alegeri anticipate<\/a><\/li>\n<li><a href=\"https:\/\/r3media.ro\/tag\/ilie-bolojan\/\">Ilie Bolojan<\/a><\/li>\n<\/ul>\n<\/div>\n<\/div>\n<div class=\"td_block_wrap td_block_9 tdi_20 td_with_ajax_pagination td-pb-border-top td_block_template_1 td-column-2 td_block_padding td_block_bot_line\" data-td-block-uid=\"tdi_20\">\n<div class=\"td-block-title-wrap\">\n<h4 class=\"block-title td-block-title\"><span class=\"td-pulldown-size\">CITE\u0218TE MAI MULT<\/span><\/h4>\n<\/div>\n<div id=\"tdi_20\" class=\"td_block_inner\">\n<div class=\"td-block-row\">\n<div class=\"td-block-span6\">\n<div class=\"td_module_8 td_module_wrap\">\n<div class=\"item-details\">\n<h3 class=\"entry-title td-module-title\"><a href=\"https:\/\/r3media.ro\/ioan-aurel-pop-lege-vexler-razboi-istoria\/\" rel=\"bookmark\" title=\"Ioan-Aurel Pop critic\u0103 legea Vexler \u00eentr-un articol de neratat: Nu putem s\u0103 ducem un r\u0103zboi cu istoria\">Ioan-Aurel Pop critic\u0103 legea Vexler \u00eentr-un articol de neratat: Nu putem s\u0103 ducem un&#8230;<\/a><\/h3>\n<div class=\"td-module-meta-info\"><a href=\"https:\/\/r3media.ro\/category\/actualitate\/\" class=\"td-post-category\">ACTUALITATE<\/a><span class=\"td-post-author-name\"><a href=\"https:\/\/r3media.ro\/author\/radu_ursan\/\">Radu Ursan<\/a><span>&#8211;<\/span><\/span><span class=\"td-post-date\"><time class=\"entry-date updated td-module-date\" datetime=\"2026-07-12T21:42:54+03:00\">12\/07\/2026<\/time><\/span><\/div>\n<\/div>\n<\/div>\n<\/div>\n<div class=\"td-block-span6\">\n<div class=\"td_module_8 td_module_wrap\">\n<div class=\"item-details\">\n<h3 class=\"entry-title td-module-title\"><a href=\"https:\/\/r3media.ro\/scandalul-rachetelor-patriot-zguduie-polonia-varsovia-declasifica-tot-ajutorul-militar-acordat-ucrainei\/\" rel=\"bookmark\" title=\"Scandalul rachetelor Patriot zguduie Polonia: Var\u0219ovia declasific\u0103 tot ajutorul militar acordat Ucrainei\">Scandalul rachetelor Patriot zguduie Polonia: Var\u0219ovia declasific\u0103 tot ajutorul militar acordat Ucrainei<\/a><\/h3>\n<div class=\"td-module-meta-info\"><a href=\"https:\/\/r3media.ro\/category\/stiri\/\" class=\"td-post-category\">\u0218TIRI<\/a><span class=\"td-post-author-name\"><a href=\"https:\/\/r3media.ro\/author\/radu_ursan\/\">Radu Ursan<\/a><span>&#8211;<\/span><\/span><span class=\"td-post-date\"><time class=\"entry-date updated td-module-date\" datetime=\"2026-07-12T20:43:04+03:00\">12\/07\/2026<\/time><\/span><\/div>\n<\/div>\n<\/div>\n<\/div>\n<\/div>\n<div class=\"td-block-row\">\n<div class=\"td-block-span6\">\n<div class=\"td_module_8 td_module_wrap\">\n<div class=\"item-details\">\n<h3 class=\"entry-title td-module-title\"><a href=\"https:\/\/r3media.ro\/ce-ne-facem-cu-atatia-prosti\/\" rel=\"bookmark\" title=\"Ce ne facem cu at\u00e2\u021bia pro\u0219ti?\">Ce ne facem cu at\u00e2\u021bia pro\u0219ti?<\/a><\/h3>\n<div class=\"td-module-meta-info\"><a href=\"https:\/\/r3media.ro\/category\/opinii\/\" class=\"td-post-category\">OPINII<\/a><span class=\"td-post-author-name\"><a href=\"https:\/\/r3media.ro\/author\/alexandru_racu\/\">Alexandru Racu<\/a><span>&#8211;<\/span><\/span><span class=\"td-post-date\"><time class=\"entry-date updated td-module-date\" datetime=\"2026-07-12T14:11:45+03:00\">12\/07\/2026<\/time><\/span><\/div>\n<\/div>\n<\/div>\n<\/div>\n<div class=\"td-block-span6\">\n<div class=\"td_module_8 td_module_wrap\">\n<div class=\"item-details\">\n<h3 class=\"entry-title td-module-title\"><a href=\"https:\/\/r3media.ro\/guvernul-sanchez-demoleaza-monumentul-de-la-majadahonda-ion-mota-vasile-marin-lupta-rzaboiul-civil-spaniol-comunisti\/\" rel=\"bookmark\" title=\"Guvernul Sanchez demoleaz\u0103 Monumentul de la Majadahonda, dedicat lui Ion Mo\u021ba \u0219i Vasile Marin, rom\u00e2nii care au luptat \u00eempotriva comuni\u0219tilor \u00een R\u0103zboiul Civil Spaniol\">Guvernul Sanchez demoleaz\u0103 Monumentul de la Majadahonda, dedicat lui Ion Mo\u021ba \u0219i Vasile Marin,&#8230;<\/a><\/h3>\n<div class=\"td-module-meta-info\"><a href=\"https:\/\/r3media.ro\/category\/actualitate\/\" class=\"td-post-category\">ACTUALITATE<\/a><span class=\"td-post-author-name\"><a href=\"https:\/\/r3media.ro\/author\/oana\/\">Oana Ivan<\/a><span>&#8211;<\/span><\/span><span class=\"td-post-date\"><time class=\"entry-date updated td-module-date\" datetime=\"2026-07-12T01:11:49+03:00\">12\/07\/2026<\/time><\/span><\/div>\n<\/div>\n<\/div>\n<\/div>\n<\/div>\n<div class=\"td-block-row\">\n<div class=\"td-block-span6\">\n<div class=\"td_module_8 td_module_wrap\">\n<div class=\"item-details\">\n<h3 class=\"entry-title td-module-title\"><a href=\"https:\/\/r3media.ro\/sofer-surpriza-neplacuta-benzinarie-austria-oprit-apa-portbagaj\/\" rel=\"bookmark\" title=\"Un \u0219ofer a avut parte de o surpriz\u0103 nepl\u0103cut\u0103 la benzin\u0103rie dup\u0103 ce a oprit un minut \u0219i 28 de secunde pentru a scoate o sticl\u0103 de ap\u0103 din portbagaj\">Un \u0219ofer a avut parte de o surpriz\u0103 nepl\u0103cut\u0103 la benzin\u0103rie dup\u0103 ce a&#8230;<\/a><\/h3>\n<div class=\"td-module-meta-info\"><a href=\"https:\/\/r3media.ro\/category\/actualitate\/\" class=\"td-post-category\">ACTUALITATE<\/a><span class=\"td-post-author-name\"><a href=\"https:\/\/r3media.ro\/author\/oana\/\">Oana Ivan<\/a><span>&#8211;<\/span><\/span><span class=\"td-post-date\"><time class=\"entry-date updated td-module-date\" datetime=\"2026-07-11T13:00:01+03:00\">11\/07\/2026<\/time><\/span><\/div>\n<\/div>\n<\/div>\n<\/div>\n<div class=\"td-block-span6\">\n<div class=\"td_module_8 td_module_wrap\">\n<div class=\"item-details\">\n<h3 class=\"entry-title td-module-title\"><a href=\"https:\/\/r3media.ro\/o-femeie-mentalitate-femei-moderne-printese-disney\/\" rel=\"bookmark\" title=\"VIDEO | O femeie critic\u0103 mentalitatea femeii moderne care distruge rela\u021bia cu b\u0103rbatul s\u0103u: Suntem crescute \u00een ideea de prin\u021bese, dar nu suntem la Disney\">VIDEO | O femeie critic\u0103 mentalitatea femeii moderne care distruge rela\u021bia cu b\u0103rbatul s\u0103u:&#8230;<\/a><\/h3>\n<div class=\"td-module-meta-info\"><a href=\"https:\/\/r3media.ro\/category\/actualitate\/\" class=\"td-post-category\">ACTUALITATE<\/a><span class=\"td-post-author-name\"><a href=\"https:\/\/r3media.ro\/author\/teodor_stan\/\">Teodor Stan<\/a><span>&#8211;<\/span><\/span><span class=\"td-post-date\"><time class=\"entry-date updated td-module-date\" datetime=\"2026-07-10T12:47:58+03:00\">10\/07\/2026<\/time><\/span><\/div>\n<\/div>\n<\/div>\n<\/div>\n<\/div>\n<div class=\"td-block-row\">\n<div class=\"td-block-span6\">\n<div class=\"td_module_8 td_module_wrap\">\n<div class=\"item-details\">\n<h3 class=\"entry-title td-module-title\"><a href=\"https:\/\/r3media.ro\/cutremur-5-5-grade-scara-richter-resimtit-cehia-slovacia\/\" rel=\"bookmark\" title=\"Cutremur de 5.5 grade pe scara Richter. S-a resim\u021bit \u00een Cehia \u0219i Slovacia\">Cutremur de 5.5 grade pe scara Richter. S-a resim\u021bit \u00een Cehia \u0219i Slovacia<\/a><\/h3>\n<div class=\"td-module-meta-info\"><a href=\"https:\/\/r3media.ro\/category\/actualitate\/\" class=\"td-post-category\">ACTUALITATE<\/a><span class=\"td-post-author-name\"><a href=\"https:\/\/r3media.ro\/author\/oana\/\">Oana Ivan<\/a><span>&#8211;<\/span><\/span><span class=\"td-post-date\"><time class=\"entry-date updated td-module-date\" datetime=\"2026-07-09T20:48:24+03:00\">09\/07\/2026<\/time><\/span><\/div>\n<\/div>\n<\/div>\n<\/div>\n<div class=\"td-block-span6\">\n<div class=\"td_module_8 td_module_wrap\">\n<div class=\"item-details\">\n<h3 class=\"entry-title td-module-title\"><a href=\"https:\/\/r3media.ro\/presedintele-croatiei-interesele-poporului-ursula-von-der-leyen\/\" rel=\"bookmark\" title=\"Pre\u0219edintele Croa\u021biei spune c\u0103 este obligat s\u0103 apere interesele poporului s\u0103u, \u201enu s\u0103 urmez orbe\u0219te trenduri sau s\u0103 repet ca un papagal frazele care \u00eei plac Ursulei von der Leyen\u201d\">Pre\u0219edintele Croa\u021biei spune c\u0103 este obligat s\u0103 apere interesele poporului s\u0103u, \u201enu s\u0103 urmez&#8230;<\/a><\/h3>\n<div class=\"td-module-meta-info\"><a href=\"https:\/\/r3media.ro\/category\/actualitate\/\" class=\"td-post-category\">ACTUALITATE<\/a><span class=\"td-post-author-name\"><a href=\"https:\/\/r3media.ro\/author\/radu_ursan\/\">Radu Ursan<\/a><span>&#8211;<\/span><\/span><span class=\"td-post-date\"><time class=\"entry-date updated td-module-date\" datetime=\"2026-07-08T22:42:08+03:00\">08\/07\/2026<\/time><\/span><\/div>\n<\/div>\n<\/div>\n<\/div>\n<\/div>\n<div class=\"td-block-row\">\n<div class=\"td-block-span6\">\n<div class=\"td_module_8 td_module_wrap\">\n<div class=\"item-details\">\n<h3 class=\"entry-title td-module-title\"><a href=\"https:\/\/r3media.ro\/femeie-cumparat-automobil-electric-mana-a-doua-surpriza-plecat-masina\/\" rel=\"bookmark\" title=\"O femeie care \u0219i-a achizi\u021bionat un automobil electric la m\u00e2na a doua a avut parte de o surpriz\u0103 imediat dup\u0103 ce a plecat cu ma\u0219ina\">O femeie care \u0219i-a achizi\u021bionat un automobil electric la m\u00e2na a doua a avut&#8230;<\/a><\/h3>\n<div class=\"td-module-meta-info\"><a href=\"https:\/\/r3media.ro\/category\/actualitate\/\" class=\"td-post-category\">ACTUALITATE<\/a><span class=\"td-post-author-name\"><a href=\"https:\/\/r3media.ro\/author\/oana\/\">Oana Ivan<\/a><span>&#8211;<\/span><\/span><span class=\"td-post-date\"><time class=\"entry-date updated td-module-date\" datetime=\"2026-07-08T19:56:23+03:00\">08\/07\/2026<\/time><\/span><\/div>\n<\/div>\n<\/div>\n<\/div>\n<div class=\"td-block-span6\">\n<div class=\"td_module_8 td_module_wrap\">\n<div class=\"item-details\">\n<h3 class=\"entry-title td-module-title\"><a href=\"https:\/\/r3media.ro\/lectii-de-inapoiere\/\" rel=\"bookmark\" title=\"Lec\u021bii de \u00eenapoiere\">Lec\u021bii de \u00eenapoiere<\/a><\/h3>\n<div class=\"td-module-meta-info\"><a href=\"https:\/\/r3media.ro\/category\/opinii\/\" class=\"td-post-category\">OPINII<\/a><span class=\"td-post-author-name\"><a href=\"https:\/\/r3media.ro\/author\/tru\/\">TRU (Traian Ungureanu)<\/a><span>&#8211;<\/span><\/span><span class=\"td-post-date\"><time class=\"entry-date updated td-module-date\" datetime=\"2026-07-07T14:50:09+03:00\">07\/07\/2026<\/time><\/span><\/div>\n<\/div>\n<\/div>\n<\/div>\n<\/div>\n<div class=\"td-block-row\">\n<div class=\"td-block-span6\">\n<div class=\"td_module_8 td_module_wrap\">\n<div class=\"item-details\">\n<h3 class=\"entry-title td-module-title\"><a href=\"https:\/\/r3media.ro\/dreptate-pentru-memoria-lui-mircea-vulcanescu\/\" rel=\"bookmark\" title=\"Dreptate pentru memoria lui Mircea Vulc\u0103nescu\">Dreptate pentru memoria lui Mircea Vulc\u0103nescu<\/a><\/h3>\n<div class=\"td-module-meta-info\"><a href=\"https:\/\/r3media.ro\/category\/opinii\/\" class=\"td-post-category\">OPINII<\/a><span class=\"td-post-author-name\"><a href=\"https:\/\/r3media.ro\/author\/bogdan-munteanu\/\">Bogdan Munteanu<\/a><span>&#8211;<\/span><\/span><span class=\"td-post-date\"><time class=\"entry-date updated td-module-date\" datetime=\"2026-07-03T15:27:06+03:00\">03\/07\/2026<\/time><\/span><\/div>\n<\/div>\n<\/div>\n<\/div>\n<div class=\"td-block-span6\">\n<div class=\"td_module_8 td_module_wrap\">\n<div class=\"item-details\">\n<h3 class=\"entry-title td-module-title\"><a href=\"https:\/\/r3media.ro\/un-baietel-de-10-ani-are-nevoie-urgent-de-930-000-de-euro-pentru-a-trai-apelul-parintelui-alexandru-lungu\/\" rel=\"bookmark\" title=\"Un b\u0103ie\u021bel de 10 ani are nevoie URGENT de 930.000 de euro pentru a tr\u0103i. Apelul p\u0103rintelui Alexandru Lungu\">Un b\u0103ie\u021bel de 10 ani are nevoie URGENT de 930.000 de euro pentru a&#8230;<\/a><\/h3>\n<div class=\"td-module-meta-info\"><a href=\"https:\/\/r3media.ro\/category\/actualitate\/\" class=\"td-post-category\">ACTUALITATE<\/a><span class=\"td-post-author-name\"><a href=\"https:\/\/r3media.ro\/author\/redactia\/\">Redac\u021bia<\/a><span>&#8211;<\/span><\/span><span class=\"td-post-date\"><time class=\"entry-date updated td-module-date\" datetime=\"2026-07-01T14:14:11+03:00\">01\/07\/2026<\/time><\/span><\/div>\n<\/div>\n<\/div>\n<\/div>\n<\/div>\n<\/div>\n<div class=\"td-load-more-wrap td-load-more-infinite-wrap\" id=\"infinite-lm-tdi_20\"><a href=\"https:\/\/r3media.ro\/ilie-bolojan-alegeri-anticipate\/\" class=\"td_ajax_load_more td_ajax_load_more_js\" aria-label=\"\u00cenc\u0103rca\u021bi mai multe\" id=\"next-page-tdi_20\" data-td_block_id=\"tdi_20\">\u00cenc\u0103rca\u021bi mai multe<\/a><\/div>\n<\/div>\n<div class=\"td_block_wrap tdb_single_comments tdi_21 tdb-comm-layout2 td-pb-border-top td_block_template_1\" data-td-block-uid=\"tdi_21\">\n<div class=\"tdb-block-inner td-fix-index\">\n<div class=\"comments\" id=\"comments\">\n<div class=\"td-comments-title-wrap td_block_template_1\">\n<h4 class=\"td-comments-title block-title\"><span>1 COMENTARIU<\/span><\/h4>\n<\/div>\n<ol class=\"comment-list\">\n<li class=\"comment \" id=\"comment-40272\">\n<article>\n<footer><cite>Mihaela<\/cite><a class=\"comment-link\" href=\"https:\/\/r3media.ro\/ilie-bolojan-alegeri-anticipate\/#comment-40272\"><time><br \/>\n14\/07\/2026\t\t\t\t\t\t    La\t\t\t\t\t\t    11:27<\/time><\/a><\/footer>\n<div class=\"comment-content\">\n<p>Exact. Gura p\u0103c\u0103tosului adevar gr\u0103ie\u0219te. Judecata cet\u0103\u021benilor \u00eenseamn\u0103 s\u0103 \u00eenfunda\u021bi pu\u0219c\u0103ria! Incredibil. Din partea lui e totul corect, cinstit, responsabil\u2026<\/p>\n<\/div>\n<div class=\"comment-meta\" id=\"comment-40272\"><a rel=\"nofollow\" class=\"comment-reply-link\" href=\"https:\/\/r3media.ro\/ilie-bolojan-alegeri-anticipate\/#comment-40272\" data-commentid=\"40272\" data-postid=\"119893\" data-belowelement=\"comment-40272\" data-respondelement=\"respond\" data-replyto=\"R\u0103spunde-i lui Mihaela\" aria-label=\"R\u0103spunde-i lui Mihaela\">R\u0103spund<\/a><\/div>\n<\/article>\n<\/li>\n<\/ol>\n<div id=\"respond\" class=\"comment-respond\">\n<h3 id=\"reply-title\" class=\"comment-reply-title\">AI CEVA DE SPUS? <small><a rel=\"nofollow\" id=\"cancel-comment-reply-link\" href=\"https:\/\/r3media.ro\/ilie-bolojan-alegeri-anticipate\/#respond\">Renun\u021ba\u021bi la r\u0103spuns<\/a><\/small><\/h3>\n<div class=\"comment-form-input-wrap td-form-comment\">\n<div class=\"td-warning-comment\">V\u0103 rug\u0103m s\u0103 introduce\u021bi comentariul dvs.!<\/div>\n<\/div>\n<div class=\"comment-form-input-wrap td-form-author\">\n<div class=\"td-warning-author\">Introduce\u021bi aici numele dvs.<\/div>\n<\/div>\n<div class=\"comment-form-input-wrap td-form-email\">\n<div class=\"td-warning-email-error\">A\u021bi introdus o adres\u0103 de e-mail incorect\u0103!<\/div>\n<div class=\"td-warning-email\">V\u0103 rug\u0103m s\u0103 introduce\u021bi adresa dvs. de e-mail aici<\/div>\n<\/div>\n<\/div>\n<\/div>\n<\/div>\n<\/div>\n<\/div>\n<\/div>\n<div class=\"vc_column tdi_23  wpb_column vc_column_container tdc-column td-pb-span4 td-is-sticky\">\n<div class=\"wpb_wrapper\" data-sticky-enabled-on=\"W3RydWUsdHJ1ZSx0cnVlLHRydWVd\" data-sticky-offset=\"20\" data-sticky-is-width-auto=\"W2ZhbHNlLGZhbHNlLGZhbHNlLGZhbHNlXQ==\">\n<div class=\"wpb_wrapper td_block_wrap vc_widget_sidebar tdi_25 \">\n<div class=\"td_block_wrap td_block_7 td_block_widget tdi_26 td-pb-border-top td_block_template_1 td-column-1 td_block_padding\" data-td-block-uid=\"tdi_26\">\n<div class=\"td-block-title-wrap\">\n<h4 class=\"block-title td-block-title\"><span class=\"td-pulldown-size\">Articole RELA\u021aIONATE<\/span><\/h4>\n<\/div>\n<div id=\"tdi_26\" class=\"td_block_inner\">\n<div class=\"td-block-span12\">\n<div class=\"td_module_6 td_module_wrap td-animation-stack\">\n<div class=\"td-module-thumb\"><a href=\"https:\/\/r3media.ro\/guvernul-obligat-ajutor-militar-ucraina\/\" rel=\"bookmark\" class=\"td-image-wrap \" title=\"Guvernul, obligat \u00een instan\u0163\u0103 s\u0103 spun\u0103 \u00een ce hot\u0103r\u00e2ri se ascunde ajutorul militar dat Ucrainei. Nu \u015fi c\u00e2t valoreaz\u0103\"><img loading=\"lazy\" decoding=\"async\" class=\"entry-thumb\" src=\"https:\/\/r3media.ro\/wp-content\/uploads\/2024\/03\/patriot-1536x865-1-100x70.webp\" alt title=\"Guvernul, obligat \u00een instan\u0163\u0103 s\u0103 spun\u0103 \u00een ce hot\u0103r\u00e2ri se ascunde ajutorul militar dat Ucrainei. Nu \u015fi c\u00e2t valoreaz\u0103\" width=\"100\" height=\"70\"><\/a><\/div>\n<div class=\"item-details\">\n<h3 class=\"entry-title td-module-title\"><a href=\"https:\/\/r3media.ro\/guvernul-obligat-ajutor-militar-ucraina\/\" rel=\"bookmark\" title=\"Guvernul, obligat \u00een instan\u0163\u0103 s\u0103 spun\u0103 \u00een ce hot\u0103r\u00e2ri se ascunde ajutorul militar dat Ucrainei. Nu \u015fi c\u00e2t valoreaz\u0103\">Guvernul, obligat \u00een instan\u0163\u0103 s\u0103 spun\u0103 \u00een ce hot\u0103r\u00e2ri se ascunde&#8230;<\/a><\/h3>\n<div class=\"td-module-meta-info\"><span class=\"td-post-date\"><time class=\"entry-date updated td-module-date\" datetime=\"2026-07-14T13:00:34+03:00\">14\/07\/2026<\/time><\/span><\/div>\n<\/div>\n<\/div>\n<\/div>\n<div class=\"td-block-span12\">\n<div class=\"td_module_6 td_module_wrap td-animation-stack\">\n<div class=\"td-module-thumb\"><a href=\"https:\/\/r3media.ro\/angajata-viorel-pasca-mascati-bolnavi\/\" rel=\"bookmark\" class=\"td-image-wrap \" title=\"O angajat\u0103 a lui Viorel Pa\u0219ca acuz\u0103: Masca\u0163ii nu m-or l\u0103sat s\u0103-l schimb pe bolnav, at\u00e2tea ore, ca s\u0103 poat\u0103 face poze\"><img loading=\"lazy\" decoding=\"async\" class=\"entry-thumb\" src=\"https:\/\/r3media.ro\/wp-content\/uploads\/2026\/07\/diicot-viorel-pasca-100x70.jpg\" alt title=\"O angajat\u0103 a lui Viorel Pa\u0219ca acuz\u0103: Masca\u0163ii nu m-or l\u0103sat s\u0103-l schimb pe bolnav, at\u00e2tea ore, ca s\u0103 poat\u0103 face poze\" width=\"100\" height=\"70\"><\/a><\/div>\n<div class=\"item-details\">\n<h3 class=\"entry-title td-module-title\"><a href=\"https:\/\/r3media.ro\/angajata-viorel-pasca-mascati-bolnavi\/\" rel=\"bookmark\" title=\"O angajat\u0103 a lui Viorel Pa\u0219ca acuz\u0103: Masca\u0163ii nu m-or l\u0103sat s\u0103-l schimb pe bolnav, at\u00e2tea ore, ca s\u0103 poat\u0103 face poze\">O angajat\u0103 a lui Viorel Pa\u0219ca acuz\u0103: Masca\u0163ii nu m-or l\u0103sat&#8230;<\/a><\/h3>\n<div class=\"td-module-meta-info\"><span class=\"td-post-date\"><time class=\"entry-date updated td-module-date\" datetime=\"2026-07-14T11:55:55+03:00\">14\/07\/2026<\/time><\/span><\/div>\n<\/div>\n<\/div>\n<\/div>\n<div class=\"td-block-span12\">\n<div class=\"td_module_6 td_module_wrap td-animation-stack\">\n<div class=\"td-module-thumb\"><a href=\"https:\/\/r3media.ro\/bulgaria-cosmonaut-alexander-alexandrov\/\" rel=\"bookmark\" class=\"td-image-wrap \" title=\"Bulgaria \u0219i-a luat r\u0103mas-bun de la al doilea cosmonaut al s\u0103u. Alexander Alexandrov, condus pe ultimul drum la Sofia\"><img loading=\"lazy\" decoding=\"async\" class=\"entry-thumb\" src=\"https:\/\/r3media.ro\/wp-content\/uploads\/2026\/07\/bulgaria-cosmonaut-100x70.jpg\" alt title=\"Bulgaria \u0219i-a luat r\u0103mas-bun de la al doilea cosmonaut al s\u0103u. Alexander Alexandrov, condus pe ultimul drum la Sofia\" width=\"100\" height=\"70\"><\/a><\/div>\n<div class=\"item-details\">\n<h3 class=\"entry-title td-module-title\"><a href=\"https:\/\/r3media.ro\/bulgaria-cosmonaut-alexander-alexandrov\/\" rel=\"bookmark\" title=\"Bulgaria \u0219i-a luat r\u0103mas-bun de la al doilea cosmonaut al s\u0103u. Alexander Alexandrov, condus pe ultimul drum la Sofia\">Bulgaria \u0219i-a luat r\u0103mas-bun de la al doilea cosmonaut al s\u0103u&#8230;.<\/a><\/h3>\n<div class=\"td-module-meta-info\"><span class=\"td-post-date\"><time class=\"entry-date updated td-module-date\" datetime=\"2026-07-14T10:49:11+03:00\">14\/07\/2026<\/time><\/span><\/div>\n<\/div>\n<\/div>\n<\/div>\n<div class=\"td-block-span12\">\n<div class=\"td_module_6 td_module_wrap td-animation-stack\">\n<div class=\"td-module-thumb\"><a href=\"https:\/\/r3media.ro\/industria-auto-europeana-software-romania\/\" rel=\"bookmark\" class=\"td-image-wrap \" title=\"Industria auto european\u0103 \u00ee\u0219i pune software-ul \u00een comun. Impactul asupra Rom\u00e2niei\"><img loading=\"lazy\" decoding=\"async\" class=\"entry-thumb\" src=\"https:\/\/r3media.ro\/wp-content\/uploads\/2026\/07\/ford-craiova-industria-auto-100x70.webp\" alt title=\"Industria auto european\u0103 \u00ee\u0219i pune software-ul \u00een comun. Impactul asupra Rom\u00e2niei\" width=\"100\" height=\"70\"><\/a><\/div>\n<div class=\"item-details\">\n<h3 class=\"entry-title td-module-title\"><a href=\"https:\/\/r3media.ro\/industria-auto-europeana-software-romania\/\" rel=\"bookmark\" title=\"Industria auto european\u0103 \u00ee\u0219i pune software-ul \u00een comun. Impactul asupra Rom\u00e2niei\">Industria auto european\u0103 \u00ee\u0219i pune software-ul \u00een comun. Impactul asupra Rom\u00e2niei<\/a><\/h3>\n<div class=\"td-module-meta-info\"><span class=\"td-post-date\"><time class=\"entry-date updated td-module-date\" datetime=\"2026-07-14T09:31:26+03:00\">14\/07\/2026<\/time><\/span><\/div>\n<\/div>\n<\/div>\n<\/div>\n<div class=\"td-block-span12\">\n<div class=\"td_module_6 td_module_wrap td-animation-stack\">\n<div class=\"td-module-thumb\"><a href=\"https:\/\/r3media.ro\/care-sunt-aplicatiile-mobile-cu-cele-mai-multe-functii\/\" rel=\"bookmark\" class=\"td-image-wrap \" title=\"Care sunt aplica\u021biile mobile cu cele mai multe func\u021bii?\"><img loading=\"lazy\" decoding=\"async\" class=\"entry-thumb\" src=\"https:\/\/r3media.ro\/wp-content\/uploads\/2026\/07\/r3-100x70.jpg\" alt title=\"Care sunt aplica\u021biile mobile cu cele mai multe func\u021bii?\" width=\"100\" height=\"70\"><\/a><\/div>\n<div class=\"item-details\">\n<h3 class=\"entry-title td-module-title\"><a href=\"https:\/\/r3media.ro\/care-sunt-aplicatiile-mobile-cu-cele-mai-multe-functii\/\" rel=\"bookmark\" title=\"Care sunt aplica\u021biile mobile cu cele mai multe func\u021bii?\">Care sunt aplica\u021biile mobile cu cele mai multe func\u021bii?<\/a><\/h3>\n<div class=\"td-module-meta-info\"><span class=\"td-post-date\"><time class=\"entry-date updated td-module-date\" datetime=\"2026-07-14T00:51:14+03:00\">14\/07\/2026<\/time><\/span><\/div>\n<\/div>\n<\/div>\n<\/div>\n<div class=\"td-block-span12\">\n<div class=\"td_module_6 td_module_wrap td-animation-stack\">\n<div class=\"td-module-thumb\"><a href=\"https:\/\/r3media.ro\/liviu-dragnea-partidul-aur-incredere-sperante-romani-extremism-video\/\" rel=\"bookmark\" class=\"td-image-wrap \" title=\"VIDEO | Liviu Dragnea: AUR trebuie s\u0103 s\u0103 devin\u0103 un partid \u00een care lumea s\u0103 aib\u0103 \u0219i \u00eencredere, nu numai speran\u021be. N-am v\u0103zut nimic extremist la AUR\"><img loading=\"lazy\" decoding=\"async\" class=\"entry-thumb\" src=\"https:\/\/r3media.ro\/wp-content\/uploads\/2026\/07\/liviu-dragnea-si-iosefina-pascal-100x70.png\" alt title=\"VIDEO | Liviu Dragnea: AUR trebuie s\u0103 s\u0103 devin\u0103 un partid \u00een care lumea s\u0103 aib\u0103 \u0219i \u00eencredere, nu numai speran\u021be. N-am v\u0103zut nimic extremist la AUR\" width=\"100\" height=\"70\"><\/a><\/div>\n<div class=\"item-details\">\n<h3 class=\"entry-title td-module-title\"><a href=\"https:\/\/r3media.ro\/liviu-dragnea-partidul-aur-incredere-sperante-romani-extremism-video\/\" rel=\"bookmark\" title=\"VIDEO | Liviu Dragnea: AUR trebuie s\u0103 s\u0103 devin\u0103 un partid \u00een care lumea s\u0103 aib\u0103 \u0219i \u00eencredere, nu numai speran\u021be. N-am v\u0103zut nimic extremist la AUR\">VIDEO | Liviu Dragnea: AUR trebuie s\u0103 s\u0103 devin\u0103 un partid&#8230;<\/a><\/h3>\n<div class=\"td-module-meta-info\"><span class=\"td-post-date\"><time class=\"entry-date updated td-module-date\" datetime=\"2026-07-14T00:27:15+03:00\">14\/07\/2026<\/time><\/span><\/div>\n<\/div>\n<\/div>\n<\/div>\n<div class=\"td-block-span12\">\n<div class=\"td_module_6 td_module_wrap td-animation-stack\">\n<div class=\"td-module-thumb\"><a href=\"https:\/\/r3media.ro\/14-iulie-ziua-nationala-a-frantei\/\" rel=\"bookmark\" class=\"td-image-wrap \" title=\"Calendarul zilei 14 iulie: Ziua Na\u021bional\u0103 a Fran\u021bei\"><img loading=\"lazy\" decoding=\"async\" class=\"entry-thumb\" src=\"https:\/\/r3media.ro\/wp-content\/uploads\/2022\/06\/Acciza-Franta-Smart-Diesel-Mai-2022-e1654099421627-100x70.png\" alt title=\"Calendarul zilei 14 iulie: Ziua Na\u021bional\u0103 a Fran\u021bei\" width=\"100\" height=\"70\"><\/a><\/div>\n<div class=\"item-details\">\n<h3 class=\"entry-title td-module-title\"><a href=\"https:\/\/r3media.ro\/14-iulie-ziua-nationala-a-frantei\/\" rel=\"bookmark\" title=\"Calendarul zilei 14 iulie: Ziua Na\u021bional\u0103 a Fran\u021bei\">Calendarul zilei 14 iulie: Ziua Na\u021bional\u0103 a Fran\u021bei<\/a><\/h3>\n<div class=\"td-module-meta-info\"><span class=\"td-post-date\"><time class=\"entry-date updated td-module-date\" datetime=\"2026-07-13T22:50:33+03:00\">13\/07\/2026<\/time><\/span><\/div>\n<\/div>\n<\/div>\n<\/div>\n<\/div>\n<\/div>\n<aside class=\"td_block_template_1 widget widget_recent_comments\">\n<h4 class=\"block-title\"><span>INTR\u0102 \u00ceN DISCU\u021aIE!<\/span><\/h4>\n<ul id=\"recentcomments\">\n<li class=\"recentcomments\"><span class=\"comment-author-link\">Mihaela<\/span> la <a href=\"https:\/\/r3media.ro\/ilie-bolojan-alegeri-anticipate\/#comment-40272\">Ilie Bolojan ia \u00een calcul organizarea alegerilor anticipate: Mai devreme sau mai t\u00e2rziu, s\u0103 ne \u00eentoarcem la judecata cet\u0103\u0163enilor<\/a><\/li>\n<li class=\"recentcomments\"><span class=\"comment-author-link\">Kh-47M2 Kinzhal<\/span> la <a href=\"https:\/\/r3media.ro\/premiera-mondiala-robot-transportat-barca-lupta-razboi-ucraina-video\/#comment-40271\">VIDEO | Premier\u0103 mondial\u0103! Un robot cu inteligen\u021b\u0103 artificial\u0103 transportat de o barc\u0103 lupt\u0103 \u00een r\u0103zboiul din Ucraina<\/a><\/li>\n<li class=\"recentcomments\"><span class=\"comment-author-link\">Constantin<\/span> la <a href=\"https:\/\/r3media.ro\/ambasadorul-germaniei-la-chisinau-revine-nu-a-fost-intentia-mea-sa-pun-sub-semnul-intrebarii-unitatea-chestiunii-romanesti-sau-a-credintei-crestin-ortodoxe\/#comment-40270\">Ambasadorul Germaniei la Chi\u0219in\u0103u revine: Nu a fost inten\u0163ia mea s\u0103 pun sub semnul \u00eentreb\u0103rii unitatea chestiunii rom\u00e2ne\u015fti sau a credin\u0163ei cre\u015ftin ortodoxe<\/a><\/li>\n<li class=\"recentcomments\"><span class=\"comment-author-link\">Narcis<\/span> la <a href=\"https:\/\/r3media.ro\/actorul-ioan-isaiu-a-facut-infarct-si-a-murit-in-fata-colegilor-sai-bou-vaccinat-anti-covid-19\/#comment-40269\">Actorul Ioan Isaiu a f\u0103cut infarct \u0219i a murit \u00een fa\u021ba colegilor s\u0103i: Am fost bou c\u0103 m-am vaccinat \u0219i v-am blocat pe cei care \u00eemi era\u021bi prieteni<\/a><\/li>\n<li class=\"recentcomments\"><span class=\"comment-author-link\">Haleu<\/span> la <a href=\"https:\/\/r3media.ro\/romania-si-slovenia-singurele-state-din-est-care-s-au-alaturat-sua-in-condamnarea-chinei-intr-o-speta-de-acum-10-ani\/#comment-40268\">Rom\u00e2nia \u0219i Slovenia, singurele state din Est care s-au al\u0103turat SUA \u00een condamnarea Chinei \u00eentr-o spe\u021b\u0103 de acum 10 ani<\/a><\/li>\n<li class=\"recentcomments\"><span class=\"comment-author-link\">Eu<\/span> la <a href=\"https:\/\/r3media.ro\/guvernul-sanchez-demoleaza-monumentul-de-la-majadahonda-ion-mota-vasile-marin-lupta-rzaboiul-civil-spaniol-comunisti\/#comment-40267\">Guvernul Sanchez demoleaz\u0103 Monumentul de la Majadahonda, dedicat lui Ion Mo\u021ba \u0219i Vasile Marin, rom\u00e2nii care au luptat \u00eempotriva comuni\u0219tilor \u00een R\u0103zboiul Civil Spaniol<\/a><\/li>\n<li class=\"recentcomments\"><span class=\"comment-author-link\">Constantin<\/span> la <a href=\"https:\/\/r3media.ro\/guvernul-sanchez-demoleaza-monumentul-de-la-majadahonda-ion-mota-vasile-marin-lupta-rzaboiul-civil-spaniol-comunisti\/#comment-40266\">Guvernul Sanchez demoleaz\u0103 Monumentul de la Majadahonda, dedicat lui Ion Mo\u021ba \u0219i Vasile Marin, rom\u00e2nii care au luptat \u00eempotriva comuni\u0219tilor \u00een R\u0103zboiul Civil Spaniol<\/a><\/li>\n<\/ul>\n<\/aside>\n<aside class=\"td_block_template_1 widget widget_search\">\n<h4 class=\"block-title\"><span>CAUT\u0102 \u0218I VEI G\u0102SI<\/span><\/h4>\n<\/aside>\n<\/div>\n<\/div>\n<\/div>\n<\/div>\n<\/div>\n<\/div>\n<\/div>\n<p><span class=\"td-page-meta\"><\/span><span class=\"td-page-meta\"><span class=\"td-page-meta\"><\/span><\/span><span class=\"td-page-meta\"><\/span><\/article>\n<\/p>\n<div class=\"td_block_wrap tdb_single_content tdi_18 td-pb-border-top td_block_template_1 td-post-content tagdiv-type\" data-td-block-uid=\"tdi_18\">\n<div class=\"tdb-block-inner td-fix-index\">\n<p><strong><a href=\"https:\/\/r3media.ro\/ilie-bolojan-digi-romania-contract-196-milioane-euro-banii-safe-inarmare-tara\/\" target=\"_blank\" rel=\"noopener\">Ilie Bolojan<\/a> spune c\u0103 alegerile anticipate r\u0103m\u00e2n o variant\u0103 serioas\u0103 dac\u0103 partidele nu ajung la un acord. Calendarul avansat: toamna acestui an sau prim\u0103vara viitoare. Modelul bulgar, \u00eens\u0103, \u00eel respinge.<\/strong><\/p>\n<p>Ilie Bolojan a deschis luni sear\u0103, \u00eentr-un interviu la B1TV, u\u0219a c\u0103tre alegeri anticipate, condi\u021bionat de e\u0219ecul negocierilor dintre partide.<\/p>\n<p>\u00centrebat dac\u0103 un scrutin anticipat ar fi o ie\u0219ire din criza politic\u0103, premierul interimar a r\u0103spuns c\u0103 este formula la care se recurge, \u00een toate democra\u021biile, atunci c\u00e2nd se constat\u0103 c\u0103 un guvern nu mai poate func\u021biona \u00eentr-o formul\u0103 c\u00e2t de c\u00e2t stabil\u0103.<\/p>\n<p>Condi\u021bia pe care a formulat-o e una politic\u0103, nu tehnic\u0103: dac\u0103 nu se va g\u0103si, spune el, \u201e\u00een\u0163elepciunea \u015fi responsabilitatea\u201d pentru a ie\u0219i din instabilitate, atunci o analiz\u0103 privind organizarea de alegeri nu mai poate fi evitat\u0103.<\/p>\n<p>Iar dac\u0103 nu se ajunge la o solu\u021bie, adaug\u0103 Bolojan, anticipatele \u201epot fi luate la modul serios \u00een calcul\u201d, scrie <a href=\"https:\/\/www.cotidianul.ro\/ilie-bolojan-cred-ca-alegerile-anticipate-pot-fi-luate-in-calcul-la-modul-serios\/\" target=\"_blank\" rel=\"noopener\">Cotidianul<\/a>.<\/p>\n<h2>F\u0103r\u0103 termen, dar cu un interval<\/h2>\n<p>Premierul interimar a refuzat s\u0103 avanseze un termen. A conturat, \u00een schimb, un interval: dac\u0103 nicio \u00een\u021belegere nu func\u021bioneaz\u0103, alegerile ar putea fi luate \u00een calcul \u00een toamna acestui an sau \u00een prim\u0103vara anului viitor, \u00een func\u021bie de evolu\u021bia lucrurilor \u2014 \u201emai devreme sau mai t\u00e2rziu, s\u0103 ne \u00eentoarcem la judecata cet\u0103\u0163enilor\u201d.<\/p>\n<p>Bolojan a atribuit instabilitatea politic\u0103 actual\u0103 PSD, prin depunerea \u00een Parlament a mo\u021biunii de cenzur\u0103 care a dus la c\u0103derea Guvernului.<\/p>\n<h2>\u201eModelul bulgar\u201d, respins<\/h2>\n<p>Compara\u021bia cu vecinii de la sud a fost refuzat\u0103 explicit. Bulgaria, a argumentat premierul interimar, nu a avut situa\u021bia bugetar\u0103 a Rom\u00e2niei \u0219i nu a fost nevoit\u0103 s\u0103 fac\u0103 \u201ecorec\u0163ii puternice\u201d. Statul vecin a organizat recent a opta rund\u0103 de alegeri parlamentare \u00een doar cinci ani.<\/p>\n<p>Argumentul se sprijin\u0103 pe bilan\u021bul propriului mandat.<\/p>\n<p>Bolojan a preluat conducerea Guvernului \u00een 2025 cu un deficit de 9,3% din PIB, cel mai mare din Uniunea European\u0103, \u0219i \u0219i-a propus s\u0103-l reduc\u0103 la 8,4% din PIB p\u00e2n\u0103 la finalul anului, prin t\u0103ieri de cheltuieli \u0219i cre\u0219terea veniturilor bugetare.<\/p>\n<p>Rom\u00e2nia a ajuns la un deficit de 7,9% din PIB \u2014 o reducere de 1,4 puncte procentuale, cea mai mare corec\u021bie de deficit din UE, potrivit datelor Eurostat citate chiar de premier.<\/p>\n<h2>Testul PNRR<\/h2>\n<p>Bolojan a legat miza votului din Parlament pe proiectele din PNRR de aceea\u0219i logic\u0103 a r\u0103spunderii \u00een fa\u021ba electoratului: \u0219i acesta este, spune el, un mod de a te prezenta \u00een fa\u021ba cet\u0103\u021benilor cu felul \u00een care \u00eei respec\u021bi sau nu.<\/p>\n<p>Premierul interimar \u0219i-a exprimat speran\u021ba ca Rom\u00e2nia s\u0103 nu ajung\u0103 s\u0103 piard\u0103 sume importante din cauza unor calcule politice care nu ies \u2014 ceea ce, \u00een opinia sa, i-ar penaliza pe to\u021bi rom\u00e2nii.<\/p>\n<div class=\"crp_related     crp-masonry\">\n<h2>\u00ceN CONTEXT<\/h2>\n<ul>\n<li><a href=\"https:\/\/r3media.ro\/moralitate-pe-stomacul-gol-mihai-morar-fotografiat-restaurant-ilie-bolojan-romanii-impovarati-taxe-si-impozite-jurnalist-necrutator-george-simion-calin-georgescu\/\" class=\"crp_link post-114898\"><span class=\"crp_title\">Moralitate pe stomacul gol? | Mihai Morar a fost fotografiat la restaurant cu Ilie Bolojan,\u2026<\/span><\/a><\/li>\n<li><a href=\"https:\/\/r3media.ro\/lupii-paznici-la-oi\/\" class=\"crp_link post-111969\"><span class=\"crp_title\">Lupii, paznici la oi\u2026<\/span><\/a><\/li>\n<li><a href=\"https:\/\/r3media.ro\/video-antena-1-ilie-bolojan-demis-pnl-demisii\/\" class=\"crp_link post-116093\"><span class=\"crp_title\">VIDEO | Antena 1 a modificat interviul cu Ilie Bolojan \u0219i a eliminat la montaj partea \u00een\u2026<\/span><\/a><\/li>\n<li><a href=\"https:\/\/r3media.ro\/tribunalul-bucuresti-suspenda-decizii-adoptate-congres-pnl-victorie-contestatari-ilie-bolojan\/\" class=\"crp_link post-119599\"><span class=\"crp_title\">Tribunalul Bucure\u0219ti a suspendat deciziile adoptate la Congresul PNL: Victorie \u00een linie\u2026<\/span><\/a><\/li>\n<li><a href=\"https:\/\/r3media.ro\/ilie-bolojan-demitere-ionut-mosteanu-ministrul-apararii-mintit-cv-terminat-universitate-capul-sus\/\" class=\"crp_link post-114298\"><span class=\"crp_title\">Revolt\u0103tor! Ilie Bolojan nu-l demite pe Ionu\u021b Mo\u0219teanu, ministrul care a min\u021bit \u00een CV c\u0103 a\u2026<\/span><\/a><\/li>\n<li><a href=\"https:\/\/r3media.ro\/mihai-morar-nu-se-dezice-de-ilie-bolojan-mai-bine-bolojenist-decat-pesedist-mai-bine-bolojan-decat-pesedan\/\" class=\"crp_link post-116059\"><span class=\"crp_title\">Mihai Morar nu se dezice de Ilie Bolojan: Mai bine bolojenist dec\u00e2t pesedist. Mai bine\u2026<\/span><\/a><\/li>\n<li><a href=\"https:\/\/r3media.ro\/in-romania-trebuie-sa-te-sustina-strainii-nu-romanii-manfred-weber-ppe-se-da-de-ceasul-mortii-pentru-ilie-bolojan-si-acuza-psd-ca-s-a-indepartat-de-valorile-pro-europene\/\" class=\"crp_link post-115925\"><span class=\"crp_title\">\u00cen Rom\u00e2nia trebuie s\u0103 te sus\u021bin\u0103 str\u0103inii, nu rom\u00e2nii: Manfred Weber (PPE) se d\u0103 de ceasul\u2026<\/span><\/a><\/li>\n<li><a href=\"https:\/\/r3media.ro\/debarcare-ilie-bolojan-intra-linie-dreapta-aur-psd-depun-impreuna-motiune-de-cenzura-caderea-guvernului\/\" class=\"crp_link post-115936\"><span class=\"crp_title\">Debarcarea lui Ilie Bolojan intr\u0103 \u00een linie dreapt\u0103: AUR \u0219i PSD vor depune \u00eempreun\u0103 o mo\u021biune\u2026<\/span><\/a><\/li>\n<\/ul>\n<\/div>\n<\/div>\n<\/div>\n<p>[analyse_source url=&#8221;https:\/\/r3media.ro\/ilie-bolojan-alegeri-anticipate\/&#8221;]<\/p>\n","protected":false},"excerpt":{"rendered":"<p>[analyse_image type=&#8221;featured&#8221; src=&#8221;https:\/\/r3media.ro\/wp-content\/uploads\/2025\/05\/bolojan-razboi-e1746082919933.jpghttps:\/\/r3media.ro\/wp-content\/uploads\/2025\/05\/bolojan-razboi-e1746082919933.jpg&#8221;] FEATUREDIlie Bolojan ia \u00een calcul organizarea alegerilor anticipate: Mai devreme sau mai&#8230; FEATURED\u0218TIRI Ilie Bolojan ia \u00een calcul organizarea alegerilor anticipate: Mai devreme sau mai t\u00e2rziu, s\u0103 ne \u00eentoarcem la judecata cet\u0103\u0163enilor Redac\u021bia 14\/07\/2026 Sursa foto: Presidency.ro Ilie Bolojan spune c\u0103 alegerile anticipate r\u0103m\u00e2n o variant\u0103 serioas\u0103 dac\u0103 partidele nu ajung la [&hellip;]<\/p>\n","protected":false},"author":1,"featured_media":0,"comment_status":"open","ping_status":"","sticky":false,"template":"","format":"standard","meta":{"footnotes":""},"categories":[89],"tags":[226,93],"class_list":["post-2042473","post","type-post","status-publish","format-standard","hentry","category-romania","tag-crawlmanager","tag-r3media-ro"],"_links":{"self":[{"href":"https:\/\/analyse.optim.biz\/index.php?rest_route=\/wp\/v2\/posts\/2042473","targetHints":{"allow":["GET"]}}],"collection":[{"href":"https:\/\/analyse.optim.biz\/index.php?rest_route=\/wp\/v2\/posts"}],"about":[{"href":"https:\/\/analyse.optim.biz\/index.php?rest_route=\/wp\/v2\/types\/post"}],"author":[{"embeddable":true,"href":"https:\/\/analyse.optim.biz\/index.php?rest_route=\/wp\/v2\/users\/1"}],"replies":[{"embeddable":true,"href":"https:\/\/analyse.optim.biz\/index.php?rest_route=%2Fwp%2Fv2%2Fcomments&post=2042473"}],"version-history":[{"count":0,"href":"https:\/\/analyse.optim.biz\/index.php?rest_route=\/wp\/v2\/posts\/2042473\/revisions"}],"wp:attachment":[{"href":"https:\/\/analyse.optim.biz\/index.php?rest_route=%2Fwp%2Fv2%2Fmedia&parent=2042473"}],"wp:term":[{"taxonomy":"category","embeddable":true,"href":"https:\/\/analyse.optim.biz\/index.php?rest_route=%2Fwp%2Fv2%2Fcategories&post=2042473"},{"taxonomy":"post_tag","embeddable":true,"href":"https:\/\/analyse.optim.biz\/index.php?rest_route=%2Fwp%2Fv2%2Ftags&post=2042473"}],"curies":[{"name":"wp","href":"https:\/\/api.w.org\/{rel}","templated":true}]}}