{"id":204240,"date":"2014-05-28T14:17:53","date_gmt":"2014-05-28T11:17:53","guid":{"rendered":"https:\/\/analyse.optim.biz\/?p=204240"},"modified":"2014-05-28T14:17:53","modified_gmt":"2014-05-28T11:17:53","slug":"klaus-iohannis-candideaza-la-conducerea-pnl-ludovic-orban-m-am-pregatit-pentru-asta-dar-renunt-si-ii-acord-sprijinul-meu","status":"publish","type":"post","link":"https:\/\/analyse.optim.biz\/?p=204240","title":{"rendered":"Klaus Iohannis candideaz\u0103 la conducerea PNL. Ludovic Orban: M-am preg\u0103tit pentru asta, dar renun\u0163 \u015fi \u00eei acord sprijinul meu"},"content":{"rendered":"<div class=\"entry data-app-meta data-app-meta-article\" data-embed-base-url-canonical=\"https:\/\/www.digi24.ro\/embed\/stiri\/actualitate\/politica\/klaus-iohannis-candideaza-la-conducerea-pnl-ludovic-orban-m-am-pregatit-pentru-asta-dar-renunt-si-ii-acord-sprijinul-meu-249093\">\n<p data-index=\"1\"><img decoding=\"async\" src=\"https:\/\/analyse.optim.biz\/wp-content\/uploads\/2024\/09\/zyz3ptgwmczoyxnoptiwnwmynje0ytm1mtyyzje5mznkytnhzdm1nddiytkw-thumb_.jpg\" data-skip-htmlfix=\"1\" title=\"zyz3ptgwmczoyxnoptiwnwmynje0ytm1mtyyzje5mznkytnhzdm1nddiytkw-thumb_\"><\/p>\n<p data-index=\"2\"><strong>ACTUALIZARE 15.09.<\/strong> \u201eMi-am reafirmat inten\u0163ia de a candida la conducerea PNL. Nu \u015ftiam atunci c\u0103 Klaus Iohannis \u00ee\u015fi va depune candidatura. <strong>De\u015fi m-am preg\u0103tit \u00een toat\u0103 aceast\u0103 perioad\u0103 pentru a conduce PNL,<\/strong> de\u015fi \u015ftiu c\u0103 am \u00een PNL \u015fi \u00een afara lui foarte mul\u0163i sus\u0163in\u0103tori, <strong>am luat decizia de a-mi retrage candidatura<\/strong> pentru func\u0163ia de pre\u015fedinte al PNL. Klaus Iohannis este cea mai bun\u0103 variant\u0103. Decizia sa de a conduce PNL \u00een perioada viitoare decisiv\u0103 pentru Rom\u00e2nia e una bun\u0103 pentru Rom\u00e2nia \u015fi pentru PNL. <strong>\u00cei acord \u00eentreg sprijinul meu<\/strong>\u201d, a declarat Ludovic Orban.<\/p>\n<p data-index=\"3\"><strong>ACTUALIZARE 14.38.<\/strong> \u201eAm anun\u0163at c\u0103 voi candida la pre\u015fedin\u0163ia PNL, am cerut o derogare de vechime pentru a fi \u00een aceast\u0103 pozi\u0163ie. Cred c\u0103 reac\u0163ia colegilor a fost una foarte bun\u0103\u201d, a spus Klaus Iohannis.<\/p>\n<p data-index=\"4\"><strong>\u201eAm fost foarte sup\u0103rat pe rezultatul la europarlamentare din Sibiu, e alt\u0103 discu\u0163ie. Acum vorbim cum continu\u0103 PNL, cred c\u0103 va continua foarte bine.\u00a0<\/strong>Avem toate \u015fansele s\u0103 mergem mai departe foarte bine \u015fi s\u0103 c\u00e2\u015ftig\u0103m. Probabil la sf\u00e2r\u015fitul lunii iunie vom organiza congresul. Cred c\u0103 dreapta trebuie s\u0103 discute \u015fi s\u0103 caute o formul\u0103 pentru un candidat puternic care s\u0103 c\u00e2\u015ftige\u201d, a declarat Klaus Iohannis.<\/p>\n<hr>\n<p data-index=\"5\"><strong><br \/><\/strong><\/p>\n<p data-index=\"6\"><strong>Klaus Iohannis<\/strong> a primit \u00een cadrul Delega\u0163iei Permanente derogarea de vechime pentru a putea candida la \u015fefia PNL.<\/p>\n<p data-index=\"7\">\u00cen urm\u0103 cu dou\u0103 zile el <strong><a href=\"https:\/\/www.digi24.ro\/Stiri\/Digi24\/Actualitate\/Politica\/Klaus+Iohannis+pleaca+din+fruntea+PNL\" target=\"_blank\" data-skip-linkfix=\"1\" rel=\"noopener\">\u015fi-a dat demisia<\/a><\/strong> din func\u0163ia de prim-vicepre\u015fedinte al PNL, \u00een urma rezultatelor de la alegerile europarlamentare de duminic\u0103.<\/p>\n<p data-index=\"8\">Delega\u0163ia Permanent\u0103 a PNL s-a \u00eentrunit, la Parlament, de la ora 14.00, pentru a stabili data Congresului Extraordinar al partidului, eveniment la care ar trebui ales viitorul \u015fef al forma\u0163iunii.<\/p>\n<p data-index=\"9\">Liberalul <strong>Sorin Frunz\u0103verde<\/strong> a declarat c\u0103 \u00eel vede pe <a href=\"https:\/\/www.digi24.ro\/Stiri\/Digi24\/Actualitate\/Politica\/PDL+a+votat+pentru+alianta+cu+PNL\" target=\"_blank\" data-skip-linkfix=\"1\" rel=\"noopener\"><strong>Crin Antonescu<\/strong><\/a> \u00een continuare pre\u015fedinte al PNL \u015fi preziden\u0163iabilul comun al dreptei unite.<\/p>\n<p data-index=\"10\"><strong>PNL va \u00eencepe la ora 17.00 negocierile al\u0103turi de PDL,<\/strong> dup\u0103 ce ieri au existat primele discu\u0163ii \u00eentre Crin Antonescu \u015fi liderul For\u0163ei Civice, Mihai \u2013R\u0103zvan Ungureanu.<\/p>\n<p data-index=\"11\">Ast\u0103zi, Biroului Permanent Na\u0163ional al PDL a votat pentru alian\u0163\u0103 cu liberalii.<\/p>\n<\/div>\n<p> Source URL: https:\/\/www.digi24.ro\/stiri\/actualitate\/politica\/klaus-iohannis-candideaza-la-conducerea-pnl-ludovic-orban-m-am-pregatit-pentru-asta-dar-renunt-si-ii-acord-sprijinul-meu-249093<\/p>\n","protected":false},"excerpt":{"rendered":"<p>ACTUALIZARE 15.09. \u201eMi-am reafirmat inten\u0163ia de a candida la conducerea PNL. Nu \u015ftiam atunci c\u0103 Klaus Iohannis \u00ee\u015fi va depune candidatura. De\u015fi m-am preg\u0103tit \u00een toat\u0103 aceast\u0103 perioad\u0103 pentru a conduce PNL, de\u015fi \u015ftiu c\u0103 am \u00een PNL \u015fi \u00een afara lui foarte mul\u0163i sus\u0163in\u0103tori, am luat decizia de a-mi retrage candidatura pentru func\u0163ia de [&hellip;]<\/p>\n","protected":false},"author":1,"featured_media":204241,"comment_status":"open","ping_status":"","sticky":false,"template":"","format":"standard","meta":{"footnotes":""},"categories":[2],"tags":[11],"class_list":["post-204240","post","type-post","status-publish","format-standard","has-post-thumbnail","hentry","category-politics","tag-digi24"],"_links":{"self":[{"href":"https:\/\/analyse.optim.biz\/index.php?rest_route=\/wp\/v2\/posts\/204240","targetHints":{"allow":["GET"]}}],"collection":[{"href":"https:\/\/analyse.optim.biz\/index.php?rest_route=\/wp\/v2\/posts"}],"about":[{"href":"https:\/\/analyse.optim.biz\/index.php?rest_route=\/wp\/v2\/types\/post"}],"author":[{"embeddable":true,"href":"https:\/\/analyse.optim.biz\/index.php?rest_route=\/wp\/v2\/users\/1"}],"replies":[{"embeddable":true,"href":"https:\/\/analyse.optim.biz\/index.php?rest_route=%2Fwp%2Fv2%2Fcomments&post=204240"}],"version-history":[{"count":0,"href":"https:\/\/analyse.optim.biz\/index.php?rest_route=\/wp\/v2\/posts\/204240\/revisions"}],"wp:featuredmedia":[{"embeddable":true,"href":"https:\/\/analyse.optim.biz\/index.php?rest_route=\/wp\/v2\/media\/204241"}],"wp:attachment":[{"href":"https:\/\/analyse.optim.biz\/index.php?rest_route=%2Fwp%2Fv2%2Fmedia&parent=204240"}],"wp:term":[{"taxonomy":"category","embeddable":true,"href":"https:\/\/analyse.optim.biz\/index.php?rest_route=%2Fwp%2Fv2%2Fcategories&post=204240"},{"taxonomy":"post_tag","embeddable":true,"href":"https:\/\/analyse.optim.biz\/index.php?rest_route=%2Fwp%2Fv2%2Ftags&post=204240"}],"curies":[{"name":"wp","href":"https:\/\/api.w.org\/{rel}","templated":true}]}}