{"id":204229,"date":"2014-05-28T14:55:04","date_gmt":"2014-05-28T11:55:04","guid":{"rendered":"https:\/\/analyse.optim.biz\/?p=204229"},"modified":"2014-05-28T14:55:04","modified_gmt":"2014-05-28T11:55:04","slug":"cristian-tudor-popescu-probabil-liberalii-s-au-gandit-la-formula-antonescu-pentru-presedintie-iar-iohannis-sef-pnl-inversul-ar-fi-fost-optim","status":"publish","type":"post","link":"https:\/\/analyse.optim.biz\/?p=204229","title":{"rendered":"Cristian Tudor Popescu: Probabil liberalii s-au g\u00e2ndit la formula Antonescu pentru pre\u015fedin\u0163ie, iar Iohannis \u015fef PNL. Inversul ar fi fost optim"},"content":{"rendered":"<div class=\"entry data-app-meta data-app-meta-article\" data-embed-base-url-canonical=\"https:\/\/www.digi24.ro\/embed\/stiri\/actualitate\/politica\/cristian-tudor-popescu-probabil-liberalii-s-au-gandit-la-formula-antonescu-pentru-presedintie-iar-iohannis-sef-pnl-inversul-ar-fi-fost-optim-249102\">\n<p data-index=\"1\">\u201eDac\u0103 <strong><a href=\"https:\/\/www.digi24.ro\/Stiri\/Digi24\/Actualitate\/Politica\/Klaus+Iohannis+candideaza+la+conducerea+PNL\" target=\"_blank\" data-skip-linkfix=\"1\" rel=\"noopener\">Iohannis a decis s\u0103 candideze la pre\u015fedin\u0163ia PNL<\/a><\/strong>, e clar c\u0103 va fi viitorul pre\u015fedinte al PNL, nu are contracandidat \u00een acest moment.<\/p>\n<p data-index=\"2\">Domnul Iohannis nu are \u00eens\u0103 experien\u0163\u0103 \u00een conducerea partidului, nu a avut o via\u0163\u0103 de partid intens\u0103, nu are contacte foarte bune cu baronii liberali din teritoriu, cu structurile. Dac\u0103 va fi \u015fi candidat la pre\u015fedin\u0163ie \u015fi pre\u015fedinte al PNL s-ar putea s\u0103 fie prea mult pentru el.<\/p>\n<p data-index=\"3\"><strong>Probabil liberalii s-au g\u00e2ndit la formula cu Crin Antonescu candidat la pre\u015fedin\u0163ie \u015fi Klaus Iohannis la conducerea partidului. E o formul\u0103, nu e ideal\u0103<\/strong>, inversul ar fi fost optim, adic\u0103 Crin Antonescu s\u0103 r\u0103m\u00e2n\u0103 pre\u015fedintele partidului \u015fi s\u0103 se poat\u0103 concentra Klaus Iohannis pe candidatura la pre\u015fedin\u0163ie, unde are \u015fi un capital politic sensibil mai mare dec\u00e2t Crin Antonescu.<\/p>\n<p data-index=\"4\"><strong>Ar fi varianta cea mai bun\u0103 cu Klaus Iohannis candidat pentru c\u0103 nu e vorba doar de conducerea partidelor, care e flexibil\u0103, dar electoratul PDL, cel de dreapta, poate s\u0103 mearg\u0103 c\u0103tre Klaus Iohannis, mult mai mult dec\u00e2t \u00een cazul lui Crin Antonescu<\/strong>. Crin Antonescu are ni\u015fte c\u0103i barate \u00een partea dreapt\u0103 \u015fi \u00een cea st\u00e2ng\u0103, prin plecarea din USL. Acolo Antonescu recolteaz\u0103 voturi mai pu\u0163ine. \u00cen ambele direc\u0163ii, Klaus Iohannis ar putea realiza o performan\u0163\u0103 mai bun\u0103\u201d, a declarat\u00a0<strong>Cristian Tudor Popescu.<\/strong><\/p>\n<\/div>\n<p> Source URL: https:\/\/www.digi24.ro\/stiri\/actualitate\/politica\/cristian-tudor-popescu-probabil-liberalii-s-au-gandit-la-formula-antonescu-pentru-presedintie-iar-iohannis-sef-pnl-inversul-ar-fi-fost-optim-249102<\/p>\n","protected":false},"excerpt":{"rendered":"<p>\u201eDac\u0103 Iohannis a decis s\u0103 candideze la pre\u015fedin\u0163ia PNL, e clar c\u0103 va fi viitorul pre\u015fedinte al PNL, nu are contracandidat \u00een acest moment. Domnul Iohannis nu are \u00eens\u0103 experien\u0163\u0103 \u00een conducerea partidului, nu a avut o via\u0163\u0103 de partid intens\u0103, nu are contacte foarte bune cu baronii liberali din teritoriu, cu structurile. Dac\u0103 va [&hellip;]<\/p>\n","protected":false},"author":1,"featured_media":204230,"comment_status":"open","ping_status":"","sticky":false,"template":"","format":"standard","meta":{"footnotes":""},"categories":[2],"tags":[11],"class_list":["post-204229","post","type-post","status-publish","format-standard","has-post-thumbnail","hentry","category-politics","tag-digi24"],"_links":{"self":[{"href":"https:\/\/analyse.optim.biz\/index.php?rest_route=\/wp\/v2\/posts\/204229","targetHints":{"allow":["GET"]}}],"collection":[{"href":"https:\/\/analyse.optim.biz\/index.php?rest_route=\/wp\/v2\/posts"}],"about":[{"href":"https:\/\/analyse.optim.biz\/index.php?rest_route=\/wp\/v2\/types\/post"}],"author":[{"embeddable":true,"href":"https:\/\/analyse.optim.biz\/index.php?rest_route=\/wp\/v2\/users\/1"}],"replies":[{"embeddable":true,"href":"https:\/\/analyse.optim.biz\/index.php?rest_route=%2Fwp%2Fv2%2Fcomments&post=204229"}],"version-history":[{"count":0,"href":"https:\/\/analyse.optim.biz\/index.php?rest_route=\/wp\/v2\/posts\/204229\/revisions"}],"wp:featuredmedia":[{"embeddable":true,"href":"https:\/\/analyse.optim.biz\/index.php?rest_route=\/wp\/v2\/media\/204230"}],"wp:attachment":[{"href":"https:\/\/analyse.optim.biz\/index.php?rest_route=%2Fwp%2Fv2%2Fmedia&parent=204229"}],"wp:term":[{"taxonomy":"category","embeddable":true,"href":"https:\/\/analyse.optim.biz\/index.php?rest_route=%2Fwp%2Fv2%2Fcategories&post=204229"},{"taxonomy":"post_tag","embeddable":true,"href":"https:\/\/analyse.optim.biz\/index.php?rest_route=%2Fwp%2Fv2%2Ftags&post=204229"}],"curies":[{"name":"wp","href":"https:\/\/api.w.org\/{rel}","templated":true}]}}