{"id":2042228,"date":"2026-07-11T09:41:48","date_gmt":"2026-07-11T06:41:48","guid":{"rendered":"https:\/\/analyse.optim.biz\/?p=2042228"},"modified":"2026-07-11T09:41:48","modified_gmt":"2026-07-11T06:41:48","slug":"in-franta-s-a-activat-planul-orsec-pentru-canicula-extrema","status":"publish","type":"post","link":"https:\/\/analyse.optim.biz\/?p=2042228","title":{"rendered":"\u00cen Fran\u021ba s-a activat planul Orsec pentru canicul\u0103 extrem\u0103"},"content":{"rendered":"<p>[analyse_image type=&#8221;featured&#8221; src=&#8221;https:\/\/dobrogeanews.b-cdn.net\/wp-content\/uploads\/2026\/07\/canicula-extrema-in-franta.jpg&#8221;]<\/p>\n<div id=\"post-71861\" class=\"entry single-default post-71861 post type-post status-publish format-standard has-post-thumbnail hentry category-stiri-externe\">\n<div>\n<div class=\"ss-follow-wrapper ss-clearfix ss-regular-buttons ss-columns-1 ss-default-style\">\n<div class=\"ss-follow-column\" data-ss-sf-network-id=\"&quot;facebook&quot;\"><a href=\"https:\/\/www.facebook.com\/dobrogeanews\" class=\"ss-follow-network ss-facebook-color\" rel=\"nofollow noopener\" aria-label=\"facebook\" target=\"_blank\"><span class=\"ss-follow-network-label\">Urm\u0103re\u015fte-ne \u015fi pe Facebook!<\/span><span class=\"ss-follow-network-count\"><span class=\"ss-follow-network-count-number\">57K<\/span><span class=\"ss-follow-network-count-label\">Followers<\/span><\/span><\/a><\/div>\n<\/div>\n<\/div>\n<p>Guvernul Fran\u0163ei a luat m\u0103suri f\u0103r\u0103 precedent, activ\u00e2nd planul Orsec, care se aplic\u0103 \u00een situa\u0163ii de urgen\u0163\u0103, ca urmare a caniculei extreme care se manifest\u0103 din nou \u00een acest weekend.<\/p>\n<figure class=\"wp-block-image size-full is-resized\">\n<source type=\"image\/webp\" data-lazy-srcset=\"https:\/\/dobrogeanews.b-cdn.net\/wp-content\/uploads\/2026\/07\/canicula-extrema-in-franta.jpg.webp 2560w, https:\/\/dobrogeanews.b-cdn.net\/wp-content\/uploads\/2026\/07\/canicula-extrema-in-franta-300x192.jpg.webp 300w, https:\/\/dobrogeanews.b-cdn.net\/wp-content\/uploads\/2026\/07\/canicula-extrema-in-franta-1024x654.jpg.webp 1024w, https:\/\/dobrogeanews.b-cdn.net\/wp-content\/uploads\/2026\/07\/canicula-extrema-in-franta-768x491.jpg.webp 768w, https:\/\/dobrogeanews.b-cdn.net\/wp-content\/uploads\/2026\/07\/canicula-extrema-in-franta-1536x982.jpg.webp 1536w, https:\/\/dobrogeanews.b-cdn.net\/wp-content\/uploads\/2026\/07\/canicula-extrema-in-franta-2048x1309.jpg.webp 2048w\" sizes=\"(max-width: 640px) 100vw, 640px\" \/><br \/>\n<img loading=\"lazy\" decoding=\"async\" src=\"https:\/\/dobrogeanews.b-cdn.net\/wp-content\/uploads\/2026\/07\/canicula-extrema-in-franta.jpg\" alt=\"Canicul\u0103 extrem\u0103 \u00een Fran\u021ba\" width=\"640\" height=\"409\"><\/figure>\n<p>S\u00e2mb\u0103t\u0103, un total de 22,2 milioane de locuitori \u2013 de trei ori mai mul\u0163i dec\u00e2t vineri \u2013 vor fi afecta\u021bi de cel mai \u00eenalt nivel de alert\u0103 stabilit de institutul meteorologic.<\/p>\n<p>Acest val de c\u0103ldur\u0103 coincide cu primul weekend important de plec\u0103ri \u00een vacan\u0163\u0103. Erau deja peste 420 de kilometri de ambuteiaje s\u00e2mb\u0103t\u0103, la ora local\u0103 10:00, traficul fiind deja aglomerat \u00een special pe Valea Ronului.<\/p>\n<p>Planul Orsec este un sistem de interven\u0163ie de urgen\u0163\u0103 \u015fi asisten\u0163\u0103 \u00een situa\u0163ii de urgen\u0163\u0103, care este de obicei activat \u00een cazul catastrofelor naturale, cum ar fi inunda\u0163iile. \u00cen ultimele zile, Fran\u0163a se confrunt\u0103 cu numeroase incendii forestiere de diferite amplori, \u00een special \u00een sudul \u0163\u0103rii. Acest al treilea val de canicul\u0103 \u00een decursul a dou\u0103 luni este de natur\u0103 s\u0103 alimenteze incendiile \u00een jum\u0103tatea sudic\u0103 a \u0163\u0103rii.<\/p>\n<div class=\"monsterinsights-inline-popular-posts monsterinsights-inline-popular-posts-charlie monsterinsights-popular-posts-styled\">\n<div class=\"monsterinsights-inline-popular-posts-text\"><span class=\"monsterinsights-inline-popular-posts-label\">Vezi \u0219i:<\/span><\/p>\n<div class=\"monsterinsights-inline-popular-posts-post\"><a class=\"monsterinsights-inline-popular-posts-title\" href=\"https:\/\/www.dobrogeanews.ro\/a-fost-emis-avizul-pentru-centura-municipiului-tulcea-drumuri-de-legatura-cu-conexiune-la-drumul-expres-constanta-tulcea-braila\/\">A fost emis Avizul pentru Centura Municipiului Tulcea \u2013 \u201eDrumuri de leg\u0103tur\u0103 cu conexiune la Drumul Expres Constan\u021ba-Tulcea-Br\u0103ila\u201d<\/a><\/div>\n<div class=\"monsterinsights-inline-popular-posts-post\"><a class=\"monsterinsights-inline-popular-posts-title\" href=\"https:\/\/www.dobrogeanews.ro\/santierul-naval-vard-shipyards-tulcea-nkt-eleonora-prima-nava-din-lume-de-pozare-a-cablurilor-care-functioneaza-cu-e-metanol-la-standardele-moderne-de-mediu\/\">\u0218antierul Naval Vard Shipyards Tulcea: NKT Eleonora, prima nav\u0103 din lume (de pozare a cablurilor) care func\u021bioneaz\u0103 cu e-metanol, la standardele moderne de mediu<\/a><\/div>\n<div class=\"monsterinsights-inline-popular-posts-post\"><a class=\"monsterinsights-inline-popular-posts-title\" href=\"https:\/\/www.dobrogeanews.ro\/dupa-aprobarea-bugetului-2026-la-babadag-se-deschid-alte-santiere-de-investitii\/\">Dup\u0103 aprobarea bugetului 2026, la Babadag se deschid alte \u0219antiere de investi\u021bii<\/a><\/div>\n<\/div>\n<\/div>\n<p class=\"has-text-align-center has-white-color has-text-color has-background\"><span><a href=\"https:\/\/news.google.com\/publications\/CAAqBwgKMIu5pgsw88O-Aw?ceid=RO:ro&amp;oc=3\">Urm\u0103ri\u0163i \u015etirile Dobrogeanews \u015fi pe Google News<\/a><\/span><\/p>\n<\/div>\n<div id=\"post-71861\" class=\"entry single-default post-71861 post type-post status-publish format-standard has-post-thumbnail hentry category-stiri-externe\">\n<div>\n<div class=\"ss-follow-wrapper ss-clearfix ss-regular-buttons ss-columns-1 ss-default-style\">\n<div class=\"ss-follow-column\" data-ss-sf-network-id=\"&quot;facebook&quot;\"><a href=\"https:\/\/www.facebook.com\/dobrogeanews\" class=\"ss-follow-network ss-facebook-color\" rel=\"nofollow noopener\" aria-label=\"facebook\" target=\"_blank\"><span class=\"ss-follow-network-label\">Urm\u0103re\u015fte-ne \u015fi pe Facebook!<\/span><span class=\"ss-follow-network-count\"><span class=\"ss-follow-network-count-number\">57K<\/span><span class=\"ss-follow-network-count-label\">Followers<\/span><\/span><\/a><\/div>\n<\/div>\n<\/div>\n<p>Guvernul Fran\u0163ei a luat m\u0103suri f\u0103r\u0103 precedent, activ\u00e2nd planul Orsec, care se aplic\u0103 \u00een situa\u0163ii de urgen\u0163\u0103, ca urmare a caniculei extreme care se manifest\u0103 din nou \u00een acest weekend.<\/p>\n<figure class=\"wp-block-image size-full is-resized\">\n<source type=\"image\/webp\" data-lazy-srcset=\"https:\/\/dobrogeanews.b-cdn.net\/wp-content\/uploads\/2026\/07\/canicula-extrema-in-franta.jpg.webp 2560w, https:\/\/dobrogeanews.b-cdn.net\/wp-content\/uploads\/2026\/07\/canicula-extrema-in-franta-300x192.jpg.webp 300w, https:\/\/dobrogeanews.b-cdn.net\/wp-content\/uploads\/2026\/07\/canicula-extrema-in-franta-1024x654.jpg.webp 1024w, https:\/\/dobrogeanews.b-cdn.net\/wp-content\/uploads\/2026\/07\/canicula-extrema-in-franta-768x491.jpg.webp 768w, https:\/\/dobrogeanews.b-cdn.net\/wp-content\/uploads\/2026\/07\/canicula-extrema-in-franta-1536x982.jpg.webp 1536w, https:\/\/dobrogeanews.b-cdn.net\/wp-content\/uploads\/2026\/07\/canicula-extrema-in-franta-2048x1309.jpg.webp 2048w\" sizes=\"(max-width: 640px) 100vw, 640px\" \/><br \/>\n<img loading=\"lazy\" decoding=\"async\" src=\"https:\/\/dobrogeanews.b-cdn.net\/wp-content\/uploads\/2026\/07\/canicula-extrema-in-franta.jpg\" alt=\"Canicul\u0103 extrem\u0103 \u00een Fran\u021ba\" width=\"640\" height=\"409\"><\/figure>\n<p>S\u00e2mb\u0103t\u0103, un total de 22,2 milioane de locuitori \u2013 de trei ori mai mul\u0163i dec\u00e2t vineri \u2013 vor fi afecta\u021bi de cel mai \u00eenalt nivel de alert\u0103 stabilit de institutul meteorologic.<\/p>\n<p>Acest val de c\u0103ldur\u0103 coincide cu primul weekend important de plec\u0103ri \u00een vacan\u0163\u0103. Erau deja peste 420 de kilometri de ambuteiaje s\u00e2mb\u0103t\u0103, la ora local\u0103 10:00, traficul fiind deja aglomerat \u00een special pe Valea Ronului.<\/p>\n<p>Planul Orsec este un sistem de interven\u0163ie de urgen\u0163\u0103 \u015fi asisten\u0163\u0103 \u00een situa\u0163ii de urgen\u0163\u0103, care este de obicei activat \u00een cazul catastrofelor naturale, cum ar fi inunda\u0163iile. \u00cen ultimele zile, Fran\u0163a se confrunt\u0103 cu numeroase incendii forestiere de diferite amplori, \u00een special \u00een sudul \u0163\u0103rii. Acest al treilea val de canicul\u0103 \u00een decursul a dou\u0103 luni este de natur\u0103 s\u0103 alimenteze incendiile \u00een jum\u0103tatea sudic\u0103 a \u0163\u0103rii.<\/p>\n<div class=\"monsterinsights-inline-popular-posts monsterinsights-inline-popular-posts-charlie monsterinsights-popular-posts-styled\">\n<div class=\"monsterinsights-inline-popular-posts-text\"><span class=\"monsterinsights-inline-popular-posts-label\">Vezi \u0219i:<\/span><\/p>\n<div class=\"monsterinsights-inline-popular-posts-post\"><a class=\"monsterinsights-inline-popular-posts-title\" href=\"https:\/\/www.dobrogeanews.ro\/a-fost-emis-avizul-pentru-centura-municipiului-tulcea-drumuri-de-legatura-cu-conexiune-la-drumul-expres-constanta-tulcea-braila\/\">A fost emis Avizul pentru Centura Municipiului Tulcea \u2013 \u201eDrumuri de leg\u0103tur\u0103 cu conexiune la Drumul Expres Constan\u021ba-Tulcea-Br\u0103ila\u201d<\/a><\/div>\n<div class=\"monsterinsights-inline-popular-posts-post\"><a class=\"monsterinsights-inline-popular-posts-title\" href=\"https:\/\/www.dobrogeanews.ro\/santierul-naval-vard-shipyards-tulcea-nkt-eleonora-prima-nava-din-lume-de-pozare-a-cablurilor-care-functioneaza-cu-e-metanol-la-standardele-moderne-de-mediu\/\">\u0218antierul Naval Vard Shipyards Tulcea: NKT Eleonora, prima nav\u0103 din lume (de pozare a cablurilor) care func\u021bioneaz\u0103 cu e-metanol, la standardele moderne de mediu<\/a><\/div>\n<div class=\"monsterinsights-inline-popular-posts-post\"><a class=\"monsterinsights-inline-popular-posts-title\" href=\"https:\/\/www.dobrogeanews.ro\/dupa-aprobarea-bugetului-2026-la-babadag-se-deschid-alte-santiere-de-investitii\/\">Dup\u0103 aprobarea bugetului 2026, la Babadag se deschid alte \u0219antiere de investi\u021bii<\/a><\/div>\n<\/div>\n<\/div>\n<p class=\"has-text-align-center has-white-color has-text-color has-background\"><span><a href=\"https:\/\/news.google.com\/publications\/CAAqBwgKMIu5pgsw88O-Aw?ceid=RO:ro&amp;oc=3\">Urm\u0103ri\u0163i \u015etirile Dobrogeanews \u015fi pe Google News<\/a><\/span><\/p>\n<\/div>\n<p>[analyse_source url=&#8221;https:\/\/www.dobrogeanews.ro\/in-franta-s-a-activat-planul-orsec-pentru-canicula-extrema\/&#8221;]<\/p>\n","protected":false},"excerpt":{"rendered":"<p>[analyse_image type=&#8221;featured&#8221; src=&#8221;https:\/\/dobrogeanews.b-cdn.net\/wp-content\/uploads\/2026\/07\/canicula-extrema-in-franta.jpg&#8221;] Urm\u0103re\u015fte-ne \u015fi pe Facebook!57KFollowers Guvernul Fran\u0163ei a luat m\u0103suri f\u0103r\u0103 precedent, activ\u00e2nd planul Orsec, care se aplic\u0103 \u00een situa\u0163ii de urgen\u0163\u0103, ca urmare a caniculei extreme care se manifest\u0103 din nou \u00een acest weekend. S\u00e2mb\u0103t\u0103, un total de 22,2 milioane de locuitori \u2013 de trei ori mai mul\u0163i dec\u00e2t vineri \u2013 vor [&hellip;]<\/p>\n","protected":false},"author":1,"featured_media":0,"comment_status":"open","ping_status":"","sticky":false,"template":"","format":"standard","meta":{"footnotes":""},"categories":[89],"tags":[226,223],"class_list":["post-2042228","post","type-post","status-publish","format-standard","hentry","category-romania","tag-crawlmanager","tag-dobrogeanews-ro"],"_links":{"self":[{"href":"https:\/\/analyse.optim.biz\/index.php?rest_route=\/wp\/v2\/posts\/2042228","targetHints":{"allow":["GET"]}}],"collection":[{"href":"https:\/\/analyse.optim.biz\/index.php?rest_route=\/wp\/v2\/posts"}],"about":[{"href":"https:\/\/analyse.optim.biz\/index.php?rest_route=\/wp\/v2\/types\/post"}],"author":[{"embeddable":true,"href":"https:\/\/analyse.optim.biz\/index.php?rest_route=\/wp\/v2\/users\/1"}],"replies":[{"embeddable":true,"href":"https:\/\/analyse.optim.biz\/index.php?rest_route=%2Fwp%2Fv2%2Fcomments&post=2042228"}],"version-history":[{"count":0,"href":"https:\/\/analyse.optim.biz\/index.php?rest_route=\/wp\/v2\/posts\/2042228\/revisions"}],"wp:attachment":[{"href":"https:\/\/analyse.optim.biz\/index.php?rest_route=%2Fwp%2Fv2%2Fmedia&parent=2042228"}],"wp:term":[{"taxonomy":"category","embeddable":true,"href":"https:\/\/analyse.optim.biz\/index.php?rest_route=%2Fwp%2Fv2%2Fcategories&post=2042228"},{"taxonomy":"post_tag","embeddable":true,"href":"https:\/\/analyse.optim.biz\/index.php?rest_route=%2Fwp%2Fv2%2Ftags&post=2042228"}],"curies":[{"name":"wp","href":"https:\/\/api.w.org\/{rel}","templated":true}]}}