{"id":2042217,"date":"2026-07-13T00:00:00","date_gmt":"2026-07-12T21:00:00","guid":{"rendered":"https:\/\/analyse.optim.biz\/?p=2042217"},"modified":"2026-07-13T00:00:00","modified_gmt":"2026-07-12T21:00:00","slug":"respectul-pentru-comunitate-incepe-de-la-poarta-de-intrare-in-baia","status":"publish","type":"post","link":"https:\/\/analyse.optim.biz\/?p=2042217","title":{"rendered":"Respectul pentru comunitate \u00eencepe de la poarta de intrare \u00een Baia"},"content":{"rendered":"<p>[analyse_image type=&#8221;featured&#8221; src=&#8221;https:\/\/ziaruldetulcea.ro\/wp-content\/uploads\/2026\/07\/FB_IMG_1783954235334-640&#215;300.jpg&#8221;]<\/p>\n<div class=\"post\">\n<p><img loading=\"lazy\" decoding=\"async\" class=\"alignleft size-full wp-image-43827\" src=\"https:\/\/ziaruldetulcea.ro\/wp-content\/uploads\/2026\/07\/FB_IMG_1783954235334.jpg\" alt width=\"1536\" height=\"2048\"><\/p>\n<p>Comuna Baia face un nou pas \u00een direc\u021bia moderniz\u0103rii \u0219i a consolid\u0103rii identit\u0103\u021bii sale locale. \u00cen aceste zile au fost montate dou\u0103 totemuri noi la intrarea \u0219i ie\u0219irea din comun\u0103, investi\u021bie care, dincolo de rolul informativ, transmite un mesaj clar despre respectul fa\u021b\u0103 de comunitate \u0219i fa\u021b\u0103 de imaginea acesteia.<\/p>\n<p>Potrivit primarului Liliana Marinescu, noile elemente de semnalizare reprezint\u0103 mai mult dec\u00e2t simple panouri. Ele sunt expresia respectului pe care administra\u021bia local\u0103 \u00eel acord\u0103 comunei \u0219i locuitorilor s\u0103i, contribuind la o imagine demn\u0103 \u0219i modern\u0103 a localit\u0103\u021bii.<\/p>\n<p>Baia ocup\u0103 un loc important pe harta jude\u021bului Tulcea, fiind poarta de intrare dinspre jude\u021bul Constan\u021ba. Pentru cei care ajung aici, comuna ofer\u0103 prima impresie despre jude\u021b, iar pentru cei care pleac\u0103, r\u0103m\u00e2ne ultima imagine. Din acest motiv, administra\u021bia local\u0103 consider\u0103 c\u0103 aspectul intr\u0103rii \u00een localitate trebuie s\u0103 reflecte istoria, frumuse\u021bea \u0219i poten\u021bialul comunei.<\/p>\n<p>\u201eAvem o comun\u0103 cu o istorie impresionant\u0103, cu oameni gospodari, cu locuri frumoase \u0219i cu proiecte importante \u00een desf\u0103\u0219urare. Era firesc ca \u0219i poarta de intrare s\u0103 reflecte toate aceste valori\u201d, a transmis primarul Liliana Marinescu.<\/p>\n<p>Edilul subliniaz\u0103 c\u0103 dezvoltarea unei comunit\u0103\u021bi nu \u00eenseamn\u0103 doar investi\u021bii \u00een infrastructur\u0103, ci \u0219i grij\u0103 pentru imagine, ordine \u0219i bun gust. \u00cen opinia sa, aten\u021bia acordat\u0103 detaliilor contribuie la consolidarea identit\u0103\u021bii locale \u0219i la sentimentul de apartenen\u021b\u0103 al locuitorilor.<\/p>\n<p>\u201eNu mont\u0103m doar dou\u0103 totemuri. Red\u0103m comunei Baia o parte din demnitatea \u0219i identitatea pe care le merit\u0103\u201d, afirm\u0103 primarul.<\/p>\n<p>Administra\u021bia local\u0103 anun\u021b\u0103 c\u0103 va continua procesul de modernizare \u0219i \u00een alte domenii care, de\u0219i pot p\u0103rea detalii, au un impact important asupra modului \u00een care comunitatea este perceput\u0103 at\u00e2t de locuitori, c\u00e2t \u0219i de vizitatori.<\/p>\n<p>Mesajul transmis este unul simplu, dar puternic: dezvoltarea \u00eenseamn\u0103 nu doar asfalt \u0219i beton, ci \u0219i respect pentru imaginea localit\u0103\u021bii, pentru patrimoniul s\u0103u \u0219i pentru m\u00e2ndria fiec\u0103rui locuitor care poate spune cu \u00eencredere: \u201eEu sunt din Baia.\u201d<\/p>\n<p>Dac\u0103 articolul este destinat unui ziar sau unui portal de \u0219tiri, \u00eel pot rescrie \u00eentr-un stil \u0219i mai neutru, f\u0103r\u0103 formul\u0103ri la persoana \u00eent\u00e2i \u0219i cu un aspect specific presei locale.<\/p>\n<\/div>\n<p>[analyse_source url=&#8221;https:\/\/ziaruldetulcea.ro\/respectul-pentru-comunitate-incepe-de-la-poarta-de-intrare-in-baia\/&#8221;]<\/p>\n","protected":false},"excerpt":{"rendered":"<p>[analyse_image type=&#8221;featured&#8221; src=&#8221;https:\/\/ziaruldetulcea.ro\/wp-content\/uploads\/2026\/07\/FB_IMG_1783954235334-640&#215;300.jpg&#8221;] Comuna Baia face un nou pas \u00een direc\u021bia moderniz\u0103rii \u0219i a consolid\u0103rii identit\u0103\u021bii sale locale. \u00cen aceste zile au fost montate dou\u0103 totemuri noi la intrarea \u0219i ie\u0219irea din comun\u0103, investi\u021bie care, dincolo de rolul informativ, transmite un mesaj clar despre respectul fa\u021b\u0103 de comunitate \u0219i fa\u021b\u0103 de imaginea acesteia. Potrivit primarului [&hellip;]<\/p>\n","protected":false},"author":1,"featured_media":0,"comment_status":"open","ping_status":"","sticky":false,"template":"","format":"standard","meta":{"footnotes":""},"categories":[89],"tags":[226,205],"class_list":["post-2042217","post","type-post","status-publish","format-standard","hentry","category-romania","tag-crawlmanager","tag-ziaruldetulcea-ro"],"_links":{"self":[{"href":"https:\/\/analyse.optim.biz\/index.php?rest_route=\/wp\/v2\/posts\/2042217","targetHints":{"allow":["GET"]}}],"collection":[{"href":"https:\/\/analyse.optim.biz\/index.php?rest_route=\/wp\/v2\/posts"}],"about":[{"href":"https:\/\/analyse.optim.biz\/index.php?rest_route=\/wp\/v2\/types\/post"}],"author":[{"embeddable":true,"href":"https:\/\/analyse.optim.biz\/index.php?rest_route=\/wp\/v2\/users\/1"}],"replies":[{"embeddable":true,"href":"https:\/\/analyse.optim.biz\/index.php?rest_route=%2Fwp%2Fv2%2Fcomments&post=2042217"}],"version-history":[{"count":0,"href":"https:\/\/analyse.optim.biz\/index.php?rest_route=\/wp\/v2\/posts\/2042217\/revisions"}],"wp:attachment":[{"href":"https:\/\/analyse.optim.biz\/index.php?rest_route=%2Fwp%2Fv2%2Fmedia&parent=2042217"}],"wp:term":[{"taxonomy":"category","embeddable":true,"href":"https:\/\/analyse.optim.biz\/index.php?rest_route=%2Fwp%2Fv2%2Fcategories&post=2042217"},{"taxonomy":"post_tag","embeddable":true,"href":"https:\/\/analyse.optim.biz\/index.php?rest_route=%2Fwp%2Fv2%2Ftags&post=2042217"}],"curies":[{"name":"wp","href":"https:\/\/api.w.org\/{rel}","templated":true}]}}