{"id":2041851,"date":"2026-07-13T06:00:03","date_gmt":"2026-07-13T03:00:03","guid":{"rendered":"https:\/\/analyse.optim.biz\/?p=2041851"},"modified":"2026-07-13T06:00:03","modified_gmt":"2026-07-13T03:00:03","slug":"primaria-topolog-organizeaza-un-concurs-de-fotografie-ziarul-delta-tulcea","status":"publish","type":"post","link":"https:\/\/analyse.optim.biz\/?p=2041851","title":{"rendered":"Prim\u0103ria Topolog organizeaz\u0103 un concurs de fotografie &#8211; Ziarul Delta Tulcea"},"content":{"rendered":"<p>[analyse_image type=&#8221;featured&#8221; src=&#8221;https:\/\/ziaruldelta.ro\/wp-content\/uploads\/2026\/07\/Primaria-Topolog-Cropped.jpg&#8221;]<\/p>\n<article id=\"post-37416\" class=\"module single-post-module post-37416 post type-post status-publish format-standard has-post-thumbnail hentry category-eveniment et-has-post-format-content et_post_format-et-post-format-standard\">\n<div class=\"post-header\">\n<h1 class=\"entry-title\">Prim\u0103ria Topolog organizeaz\u0103 un concurs de fotografie<\/h1>\n<div class=\"post-meta vcard\">\n<p>Posted by <a href=\"https:\/\/ziaruldelta.ro\/author\/nicoleta-urmuz\/\" class=\"url fn\" title=\"Posts by Nicoleta URMUZ\" rel=\"author\">Nicoleta URMUZ<\/a> | <span class=\"updated\">Jul 13, 2026<\/span> | <a href=\"https:\/\/ziaruldelta.ro\/category\/eveniment\/\" rel=\"tag\">Eveniment<\/a> | <\/p>\n<\/div>\n<\/div>\n<div class=\"post-thumbnail header\"><img decoding=\"async\" src=\"https:\/\/ziaruldelta.ro\/wp-content\/uploads\/2026\/07\/Primaria-Topolog-Cropped.jpg\" alt=\"Prim\u0103ria Topolog organizeaz\u0103 un concurs de fotografie\"><\/div>\n<div class=\"post-wrap\">\n<div class=\"post-content entry-content\">\n<h3><strong>Fotografiile c\u00e2\u015ftig\u0103toare vor alc\u0103tui Calendarul Oficial \u201eTopolog \u2013 Comuna Noastr\u0103 2027\u2033<\/strong><\/h3>\n<p>Prim\u0103ria Comunei Topolog a lansat prima tem\u0103 din cadrul concursului de fotografie \u201eTopolog prin ochii vo\u015ftri\u201d, Edi\u0163ia I \u2013 iulie 2026. Sub genericul \u201eVara la Topolog\u201d, locuitorii sunt invita\u0163i s\u0103 surprind\u0103, cu aparatul foto sau telefonul mobil, frumuse\u0163ea locurilor \u015fi a vie\u0163ii din comun\u0103.<\/p>\n<p>Participan\u0163ii pot fotografia lanuri de cereale, c\u00e2mpuri cu floarea-soarelui, apusuri spectaculoase, animale la p\u0103\u015fune, oameni la munc\u0103, uli\u0163e de var\u0103 sau peisaje din comuna Topolog. \u00censcrierea este deschis\u0103 p\u00e2n\u0103 pe 31 iulie, ora 23:00.<\/p>\n<blockquote>\n<p>\u201eCu bucurie v\u0103 anun\u0163\u0103m lansarea concursului &lt;&lt;Topolog prin ochii vo\u015ftri&gt;&gt; \u2013 Edi\u0163ia 2026, un proiect dedicat tuturor celor care iubesc comuna noastr\u0103 \u015fi doresc s\u0103 surprind\u0103, prin fotografie, frumuse\u0163ea locurilor \u00een care tr\u0103im. \u00cen urm\u0103toarele \u015fase luni v\u0103 invit\u0103m s\u0103 descoperim \u00eempreun\u0103 peisajele, oamenii, tradi\u0163iile \u015fi momentele care fac din comuna Topolog un loc aparte. \u00cen fiecare lun\u0103 va fi lansat\u0103 o nou\u0103 tem\u0103, iar cele mai frumoase fotografii vor fi premiate. Vara \u00eembrac\u0103 satul \u00een cele mai frumoase culori, iar acum este momentul s\u0103 le surprinde\u0163i prin obiectivul aparatului foto sau al telefonului\u201d, a transmis Prim\u0103ria comunei Topolog.<\/p>\n<\/blockquote>\n<p>\u00cen fiecare lun\u0103 vor fi desemna\u0163i doi c\u00e2\u015ftig\u0103tori \u2013 unul ales de juriu \u015fi unul de comunitate, iar la final cele 12 fotografii c\u00e2\u015ftig\u0103toare vor alc\u0103tui Calendarul Oficial \u201eTopolog \u2013 Comuna Noastr\u0103 2027\u2033.<\/p>\n<p>Citi\u0163i continuarea \u00een edi\u0163ia tip\u0103rit\u0103 a ziarului Delta.<\/p>\n<\/div>\n<\/div>\n<div class=\"post-footer\">\n<div class=\"social-icons ed-social-share-icons\">\n<p class=\"share-title\">Share:<\/p>\n<\/div>\n<div class=\"rating-stars\">\n<p id=\"rate-title\" class=\"rate-title\">Rate:<\/p>\n<\/div>\n<\/div>\n<\/article>\n<div class=\"post-content entry-content\">\n<h3><strong>Fotografiile c\u00e2\u015ftig\u0103toare vor alc\u0103tui Calendarul Oficial \u201eTopolog \u2013 Comuna Noastr\u0103 2027\u2033<\/strong><\/h3>\n<p>Prim\u0103ria Comunei Topolog a lansat prima tem\u0103 din cadrul concursului de fotografie \u201eTopolog prin ochii vo\u015ftri\u201d, Edi\u0163ia I \u2013 iulie 2026. Sub genericul \u201eVara la Topolog\u201d, locuitorii sunt invita\u0163i s\u0103 surprind\u0103, cu aparatul foto sau telefonul mobil, frumuse\u0163ea locurilor \u015fi a vie\u0163ii din comun\u0103.<\/p>\n<p>Participan\u0163ii pot fotografia lanuri de cereale, c\u00e2mpuri cu floarea-soarelui, apusuri spectaculoase, animale la p\u0103\u015fune, oameni la munc\u0103, uli\u0163e de var\u0103 sau peisaje din comuna Topolog. \u00censcrierea este deschis\u0103 p\u00e2n\u0103 pe 31 iulie, ora 23:00.<\/p>\n<blockquote>\n<p>\u201eCu bucurie v\u0103 anun\u0163\u0103m lansarea concursului &lt;&lt;Topolog prin ochii vo\u015ftri&gt;&gt; \u2013 Edi\u0163ia 2026, un proiect dedicat tuturor celor care iubesc comuna noastr\u0103 \u015fi doresc s\u0103 surprind\u0103, prin fotografie, frumuse\u0163ea locurilor \u00een care tr\u0103im. \u00cen urm\u0103toarele \u015fase luni v\u0103 invit\u0103m s\u0103 descoperim \u00eempreun\u0103 peisajele, oamenii, tradi\u0163iile \u015fi momentele care fac din comuna Topolog un loc aparte. \u00cen fiecare lun\u0103 va fi lansat\u0103 o nou\u0103 tem\u0103, iar cele mai frumoase fotografii vor fi premiate. Vara \u00eembrac\u0103 satul \u00een cele mai frumoase culori, iar acum este momentul s\u0103 le surprinde\u0163i prin obiectivul aparatului foto sau al telefonului\u201d, a transmis Prim\u0103ria comunei Topolog.<\/p>\n<\/blockquote>\n<p>\u00cen fiecare lun\u0103 vor fi desemna\u0163i doi c\u00e2\u015ftig\u0103tori \u2013 unul ales de juriu \u015fi unul de comunitate, iar la final cele 12 fotografii c\u00e2\u015ftig\u0103toare vor alc\u0103tui Calendarul Oficial \u201eTopolog \u2013 Comuna Noastr\u0103 2027\u2033.<\/p>\n<p>Citi\u0163i continuarea \u00een edi\u0163ia tip\u0103rit\u0103 a ziarului Delta.<\/p>\n<\/div>\n<div class=\"post-content entry-content\">\n<h3><strong>Fotografiile c\u00e2\u015ftig\u0103toare vor alc\u0103tui Calendarul Oficial \u201eTopolog \u2013 Comuna Noastr\u0103 2027\u2033<\/strong><\/h3>\n<p>Prim\u0103ria Comunei Topolog a lansat prima tem\u0103 din cadrul concursului de fotografie \u201eTopolog prin ochii vo\u015ftri\u201d, Edi\u0163ia I \u2013 iulie 2026. Sub genericul \u201eVara la Topolog\u201d, locuitorii sunt invita\u0163i s\u0103 surprind\u0103, cu aparatul foto sau telefonul mobil, frumuse\u0163ea locurilor \u015fi a vie\u0163ii din comun\u0103.<\/p>\n<p>Participan\u0163ii pot fotografia lanuri de cereale, c\u00e2mpuri cu floarea-soarelui, apusuri spectaculoase, animale la p\u0103\u015fune, oameni la munc\u0103, uli\u0163e de var\u0103 sau peisaje din comuna Topolog. \u00censcrierea este deschis\u0103 p\u00e2n\u0103 pe 31 iulie, ora 23:00.<\/p>\n<blockquote>\n<p>\u201eCu bucurie v\u0103 anun\u0163\u0103m lansarea concursului &lt;&lt;Topolog prin ochii vo\u015ftri&gt;&gt; \u2013 Edi\u0163ia 2026, un proiect dedicat tuturor celor care iubesc comuna noastr\u0103 \u015fi doresc s\u0103 surprind\u0103, prin fotografie, frumuse\u0163ea locurilor \u00een care tr\u0103im. \u00cen urm\u0103toarele \u015fase luni v\u0103 invit\u0103m s\u0103 descoperim \u00eempreun\u0103 peisajele, oamenii, tradi\u0163iile \u015fi momentele care fac din comuna Topolog un loc aparte. \u00cen fiecare lun\u0103 va fi lansat\u0103 o nou\u0103 tem\u0103, iar cele mai frumoase fotografii vor fi premiate. Vara \u00eembrac\u0103 satul \u00een cele mai frumoase culori, iar acum este momentul s\u0103 le surprinde\u0163i prin obiectivul aparatului foto sau al telefonului\u201d, a transmis Prim\u0103ria comunei Topolog.<\/p>\n<\/blockquote>\n<p>\u00cen fiecare lun\u0103 vor fi desemna\u0163i doi c\u00e2\u015ftig\u0103tori \u2013 unul ales de juriu \u015fi unul de comunitate, iar la final cele 12 fotografii c\u00e2\u015ftig\u0103toare vor alc\u0103tui Calendarul Oficial \u201eTopolog \u2013 Comuna Noastr\u0103 2027\u2033.<\/p>\n<p>Citi\u0163i continuarea \u00een edi\u0163ia tip\u0103rit\u0103 a ziarului Delta.<\/p>\n<\/div>\n<p>[analyse_source url=&#8221;https:\/\/ziaruldelta.ro\/2026\/07\/13\/primaria-topolog-organizeaza-un-concurs-de-fotografie\/&#8221;]<\/p>\n","protected":false},"excerpt":{"rendered":"<p>[analyse_image type=&#8221;featured&#8221; src=&#8221;https:\/\/ziaruldelta.ro\/wp-content\/uploads\/2026\/07\/Primaria-Topolog-Cropped.jpg&#8221;] Prim\u0103ria Topolog organizeaz\u0103 un concurs de fotografie Posted by Nicoleta URMUZ | Jul 13, 2026 | Eveniment | Fotografiile c\u00e2\u015ftig\u0103toare vor alc\u0103tui Calendarul Oficial \u201eTopolog \u2013 Comuna Noastr\u0103 2027\u2033 Prim\u0103ria Comunei Topolog a lansat prima tem\u0103 din cadrul concursului de fotografie \u201eTopolog prin ochii vo\u015ftri\u201d, Edi\u0163ia I \u2013 iulie 2026. Sub genericul [&hellip;]<\/p>\n","protected":false},"author":1,"featured_media":0,"comment_status":"open","ping_status":"","sticky":false,"template":"","format":"standard","meta":{"footnotes":""},"categories":[89],"tags":[226,206],"class_list":["post-2041851","post","type-post","status-publish","format-standard","hentry","category-romania","tag-crawlmanager","tag-ziaruldelta-ro"],"_links":{"self":[{"href":"https:\/\/analyse.optim.biz\/index.php?rest_route=\/wp\/v2\/posts\/2041851","targetHints":{"allow":["GET"]}}],"collection":[{"href":"https:\/\/analyse.optim.biz\/index.php?rest_route=\/wp\/v2\/posts"}],"about":[{"href":"https:\/\/analyse.optim.biz\/index.php?rest_route=\/wp\/v2\/types\/post"}],"author":[{"embeddable":true,"href":"https:\/\/analyse.optim.biz\/index.php?rest_route=\/wp\/v2\/users\/1"}],"replies":[{"embeddable":true,"href":"https:\/\/analyse.optim.biz\/index.php?rest_route=%2Fwp%2Fv2%2Fcomments&post=2041851"}],"version-history":[{"count":0,"href":"https:\/\/analyse.optim.biz\/index.php?rest_route=\/wp\/v2\/posts\/2041851\/revisions"}],"wp:attachment":[{"href":"https:\/\/analyse.optim.biz\/index.php?rest_route=%2Fwp%2Fv2%2Fmedia&parent=2041851"}],"wp:term":[{"taxonomy":"category","embeddable":true,"href":"https:\/\/analyse.optim.biz\/index.php?rest_route=%2Fwp%2Fv2%2Fcategories&post=2041851"},{"taxonomy":"post_tag","embeddable":true,"href":"https:\/\/analyse.optim.biz\/index.php?rest_route=%2Fwp%2Fv2%2Ftags&post=2041851"}],"curies":[{"name":"wp","href":"https:\/\/api.w.org\/{rel}","templated":true}]}}