{"id":2041815,"date":"2026-07-09T15:37:01","date_gmt":"2026-07-09T12:37:01","guid":{"rendered":"https:\/\/analyse.optim.biz\/?p=2041815"},"modified":"2026-07-09T15:37:01","modified_gmt":"2026-07-09T12:37:01","slug":"impact-violent-intre-un-tir-si-o-masina-langa-timisoara-soferi-raniti","status":"publish","type":"post","link":"https:\/\/analyse.optim.biz\/?p=2041815","title":{"rendered":"Impact violent \u00eentre un TIR \u0219i o ma\u0219in\u0103, l\u00e2ng\u0103 Timi\u0219oara. \u0218oferi r\u0103ni\u021bi"},"content":{"rendered":"<p>[analyse_image type=&#8221;featured&#8221; src=&#8221;https:\/\/www.opiniatimisoarei.ro\/wp-content\/uploads\/2026\/07\/accident-sag-728&#215;336.jpghttps:\/\/www.opiniatimisoarei.ro\/wp-content\/uploads\/2026\/07\/accident-sag.jpg&#8221;]<\/p>\n<div class=\"the_content\">\n<p><strong>TIMI\u0218OARA<\/strong>. Accident l\u00e2ng\u0103 Timi\u0219oara, la \u0218ag, \u00een care au fost implicate o ma\u0219in\u0103 \u0219i un TIR.<\/p>\n<p>Ambii \u0219oferi au fost r\u0103ni\u021bi \u0219i du\u0219i de urgen\u021b\u0103 la spital.<\/p>\n<p><span><strong>CITE\u0218TE \u0218I:<\/strong><\/span><a href=\"https:\/\/www.opiniatimisoarei.ro\/doi-soferi-luati-cu-salvarea-din-intersectie-la-timisoara\/09\/07\/2026\"><strong>Doi \u0219oferi lua\u021bi cu salvarea din intersec\u021bie, la Timi\u0219oara. Accident spre Aeroport<\/strong><\/a><\/p>\n<p><a href=\"https:\/\/www.opiniatimisoarei.ro\/wp-content\/uploads\/2026\/07\/accident-sag-2.jpg\"><img loading=\"lazy\" decoding=\"async\" class=\"aligncenter size-full wp-image-882643\" src=\"https:\/\/www.opiniatimisoarei.ro\/wp-content\/uploads\/2026\/07\/accident-sag-2.jpg\" alt=\"\" width=\"1080\" height=\"608\"><\/a><\/p>\n<p>\u201d<strong>Joi, 09.07.2026, \u00een jurul orei 17:20, pompierii din cadrul Deta\u0219amentului 2 Timi\u0219oara au intervenit pentru asigurarea m\u0103surilor PSI \u0219i prim ajutor \u00een urma unui accident rutier produs \u00een comuna \u0218ag. La fa\u021ba locului s-au deplasat o autospecial\u0103 de prim\u0103 interven\u021bie si comand\u0103, un echipaj SMURD \u0219i o ambulan\u021b\u0103 SAJ. \u00cen accidentul rutier au fost implicate un autoturism \u0219i un autotren \u00een care se aflau doar conduc\u0103torii auto<\/strong>\u201d, a transmis ISU Timi\u0219.<\/p>\n<p>Poytivit poli\u021bi\u0219tilor, \u0219oferul TIR-ului a fost cel care a lovit ma\u0219ina.<\/p>\n<p><a href=\"https:\/\/www.opiniatimisoarei.ro\/wp-content\/uploads\/2026\/07\/accident-sag-1.jpg\"><img loading=\"lazy\" decoding=\"async\" class=\"aligncenter size-full wp-image-882642\" src=\"https:\/\/www.opiniatimisoarei.ro\/wp-content\/uploads\/2026\/07\/accident-sag-1.jpg\" alt=\"\" width=\"1080\" height=\"639\"><\/a><\/p>\n<p>\u201d<strong>Un b\u0103rbat de 29 de ani a condus un camion pe DN59 dinspre localitatea Jebel \u00eenspre localitatea Par\u021ba, iar la intersec\u021bia cu drumul comunal ce duce spre localitatea Par\u021ba a intrat \u00een coliziune cu un autoturism condus de un b\u0103rbat de 53 de ani. \u00cen urma impactului, au rezultat dou\u0103 victime, respectiv cei doi b\u0103rba\u021bi<\/strong>\u201d, a precizat IPJ Timi\u0219.<\/p>\n<p>Ambii conduc\u0103tori auto au fost testa\u021bi cu aparatul etilotest, rezultatele fiind negative.<\/p>\n<p>Poli\u021bi\u0219tii au deschis dosar penal pentru v\u0103t\u0103mare corporal\u0103 din culp\u0103.<\/p>\n<p>Echipajele medicale i-au transportat pe cei doi \u0219oferi, la spital, \u00een stare con\u0219tient\u0103 \u0219i cooperant\u0103.<\/p>\n<p>***<\/p>\n<p><strong><span class=\"dia_suggestion w0\">Mai<\/span><span class=\"dia_suggestion w1\">multe<\/span><span class=\"dia_suggestion w2\">g\u0103si\u021bi<\/span> pe <span class=\"dia_suggestion w4\">pagina noastr<span class=\"dia_suggestion w0\">\u0103<\/span><\/span>\u00a0de <a href=\"https:\/\/www.facebook.com\/OpiniaTM\/?ref=page_internal\" target=\"_blank\" rel=\"noopener\">Facebook opiniatimisoarei.ro<\/a>!<\/strong><\/p>\n<p><strong><span class=\"dia_suggestion w0\">Dac\u0103<\/span><span class=\"dia_suggestion w1\">a\u021bi<\/span> fost martorii unui eveniment <span class=\"dia_suggestion w6\">sau<\/span><span class=\"dia_suggestion w7\">ai<\/span> unei <span class=\"dia_suggestion w9\">situa\u021bii<\/span><span class=\"dia_suggestion w10\">neobi\u0219nuite<\/span><span class=\"dia_suggestion w11\">care<\/span> ar <span class=\"dia_suggestion w13\">putea<\/span> deveni subiect de <span class=\"dia_suggestion w17\">\u0219tire<\/span>, <span class=\"dia_suggestion w18\">contacta\u021bi<\/span>-ne <span class=\"dia_suggestion w20\">la<\/span><span><a href=\"https:\/\/www.opiniatimisoarei.ro\/cdn-cgi\/l\/email-protection\" class=\"__cf_email__\" data-cfemail=\"166473727775627f735679667f787f77627f7b7f65797764737f386479\">[email\u00a0protected]<\/a>,<\/span>\u00a0 pe <a href=\"https:\/\/www.facebook.com\/OpiniaTM\">FB<\/a><span>sau pe contul nostru de<\/span><a href=\"https:\/\/www.instagram.com\/opiniatimisoarei.ro\/\" target=\"_blank\" rel=\"noopener\">Instagram<\/a>!<\/strong><\/p>\n<p><strong><span>CITE\u0218TE \u0218I<\/span>: <a href=\"https:\/\/www.opiniatimisoarei.ro\/afli-primul-tot-ceea-ce-se-intampla-cu-adevarat-important-in-timisoara-si-in-regiune-cu-aplicatia-de-stiri-opinia-timisoarei-3-tipuri-de-alerte-te-tin-mereu-conectat-la-evenimente-descarca-gratuit-a\/31\/10\/2022\">Afli primul tot ceea ce se intampla cu adevarat important in Timisoara si in regiune cu Aplicatia de stiri Opinia Timisoarei. 3 tipuri de alerte te tin mereu conectat la evenimente. Descarca gratuit Aplicatia OT aici!<\/a><\/strong><\/p>\n<\/div>\n<p>[analyse_source url=&#8221;https:\/\/www.opiniatimisoarei.ro\/impact-violent-intre-un-tir-si-o-masina-langa-timisoara-soferi-raniti\/09\/07\/2026&#8243;]<\/p>\n","protected":false},"excerpt":{"rendered":"<p>[analyse_image type=&#8221;featured&#8221; src=&#8221;https:\/\/www.opiniatimisoarei.ro\/wp-content\/uploads\/2026\/07\/accident-sag-728&#215;336.jpghttps:\/\/www.opiniatimisoarei.ro\/wp-content\/uploads\/2026\/07\/accident-sag.jpg&#8221;] TIMI\u0218OARA. Accident l\u00e2ng\u0103 Timi\u0219oara, la \u0218ag, \u00een care au fost implicate o ma\u0219in\u0103 \u0219i un TIR. Ambii \u0219oferi au fost r\u0103ni\u021bi \u0219i du\u0219i de urgen\u021b\u0103 la spital. CITE\u0218TE \u0218I:Doi \u0219oferi lua\u021bi cu salvarea din intersec\u021bie, la Timi\u0219oara. Accident spre Aeroport \u201dJoi, 09.07.2026, \u00een jurul orei 17:20, pompierii din cadrul Deta\u0219amentului 2 Timi\u0219oara [&hellip;]<\/p>\n","protected":false},"author":1,"featured_media":0,"comment_status":"open","ping_status":"","sticky":false,"template":"","format":"standard","meta":{"footnotes":""},"categories":[89],"tags":[226,190],"class_list":["post-2041815","post","type-post","status-publish","format-standard","hentry","category-romania","tag-crawlmanager","tag-opiniatimisoarei-ro"],"_links":{"self":[{"href":"https:\/\/analyse.optim.biz\/index.php?rest_route=\/wp\/v2\/posts\/2041815","targetHints":{"allow":["GET"]}}],"collection":[{"href":"https:\/\/analyse.optim.biz\/index.php?rest_route=\/wp\/v2\/posts"}],"about":[{"href":"https:\/\/analyse.optim.biz\/index.php?rest_route=\/wp\/v2\/types\/post"}],"author":[{"embeddable":true,"href":"https:\/\/analyse.optim.biz\/index.php?rest_route=\/wp\/v2\/users\/1"}],"replies":[{"embeddable":true,"href":"https:\/\/analyse.optim.biz\/index.php?rest_route=%2Fwp%2Fv2%2Fcomments&post=2041815"}],"version-history":[{"count":0,"href":"https:\/\/analyse.optim.biz\/index.php?rest_route=\/wp\/v2\/posts\/2041815\/revisions"}],"wp:attachment":[{"href":"https:\/\/analyse.optim.biz\/index.php?rest_route=%2Fwp%2Fv2%2Fmedia&parent=2041815"}],"wp:term":[{"taxonomy":"category","embeddable":true,"href":"https:\/\/analyse.optim.biz\/index.php?rest_route=%2Fwp%2Fv2%2Fcategories&post=2041815"},{"taxonomy":"post_tag","embeddable":true,"href":"https:\/\/analyse.optim.biz\/index.php?rest_route=%2Fwp%2Fv2%2Ftags&post=2041815"}],"curies":[{"name":"wp","href":"https:\/\/api.w.org\/{rel}","templated":true}]}}