{"id":2041809,"date":"2026-07-13T19:00:57","date_gmt":"2026-07-13T16:00:57","guid":{"rendered":"https:\/\/analyse.optim.biz\/?p=2041809"},"modified":"2026-07-13T19:00:57","modified_gmt":"2026-07-13T16:00:57","slug":"au-fost-filmati-cand-au-dat-foc-traverselor-de-cale-ferata-si-au-pus-in-pericol-circulatia-trenurilor-la-timisoara-politia-cauta-o-gasca-de-iresponsabili-video","status":"publish","type":"post","link":"https:\/\/analyse.optim.biz\/?p=2041809","title":{"rendered":"Au fost filma\u021bi c\u00e2nd au dat foc traverselor de cale ferat\u0103 \u0219i au pus \u00een pericol circula\u021bia trenurilor la Timi\u0219oara. Poli\u021bia caut\u0103 o ga\u0219c\u0103 de iresponsabili. VIDEO"},"content":{"rendered":"<p>[analyse_image type=&#8221;featured&#8221; src=&#8221;https:\/\/www.opiniatimisoarei.ro\/wp-content\/uploads\/2026\/07\/foc-traverse-728&#215;336.jpghttps:\/\/www.opiniatimisoarei.ro\/wp-content\/uploads\/2026\/07\/foc-traverse.jpg&#8221;]<\/p>\n<div class=\"the_content\">\n<p><strong>TIMISOARA.<\/strong> S-a dat alarma luni sear\u0103 la Timi\u0219oara, dup\u0103 ce mai multe persoane au provocat un incendiu \u00een apropierea uneia dintre g\u0103ri.<\/p>\n<p><strong><span>CITE\u0218TE \u0218I:<\/span><a href=\"https:\/\/www.opiniatimisoarei.ro\/accident-in-lant-pe-soseaua-ce-leaga-timisoara-de-sudul-tarii\/13\/07\/2026\">Accident \u00een lan\u021b pe \u0219oseaua ce leag\u0103 Timi\u0219oara de sudul \u021b\u0103rii<\/a><\/strong><\/p>\n<p>Timi\u0219orenii care locuiesc \u00een zona Steaua au dat alerta la 112, dup\u0103 ce un fum gros a fost v\u0103zut in apropierea G\u0103rii de Sud.<\/p>\n<p>Mai mul\u021bi indivizi au incendiat o stiv\u0103 de traverse din lemn, care urmau s\u0103 fie folosite pentru \u00eenlocuirea unora mai vechi, dup\u0103 care s-au f\u0103cut nev\u0103zu\u021bi.<\/p>\n<p>Fumul punea in pericol circulatia trenurilor.<\/p>\n<iframe loading=\"lazy\" title=\"Au dat foc traverselor de cale ferat\u0103 \u0219i au pus \u00een pericol circula\u021bia trenurilor la Timi\u0219oara=\" width=\"326\" height=\"580\" src=\"https:\/\/www.youtube.com\/embed\/JQSYayYebqA?feature=oembed&amp;wmode=opaque&amp;rel=0\" frameborder allow=\"accelerometer; autoplay; clipboard-write; encrypted-media; gyroscope; picture-in-picture; web-share\" referrerpolicy=\"strict-origin-when-cross-origin\" allowfullscreen><\/iframe>\n<p>Pompierii au ajuns rapid la fa\u021ba locului \u0219i au stins fl\u0103c\u0103rile, \u00eens\u0103 traversele au fost distruse \u0219i nu vor mai putea fi utilizate.<\/p>\n<p>De asemenea, au fost chema\u021bi poli\u021bi\u0219tii, care au deschis o anchet\u0103 pentru g\u0103sirea vinova\u021bilor.<\/p>\n<p>\u201c<strong>\u00cen urma analiz\u0103rii imaginilor \u00eenregistrate de camerele de supraveghere, a rezultat c\u0103 persoane str\u0103ine de calea ferat\u0103 au incendiat \u00een mod deliberat o stiv\u0103 de traverse noi din lemn , aflat\u0103 \u00een proximitatea c\u0103ii ferate.<\/strong><\/p>\n<p><strong>Traversele erau destinate lucr\u0103rilor de \u00eentre\u021binere desf\u0103\u0219urate de Sec\u021bia L3 Timi\u0219oara. \u00cen urma incendiului, 40 de traverse au fost compromise \u00een totalitate.<\/strong><\/p>\n<p><strong>Imaginile surprinse de sistemul de supraveghere au fost predate Poli\u021biei Transporturi Feroviare, \u00een vederea efectu\u0103rii verific\u0103rilor \u0219i dispunerii m\u0103surilor legale care se impun.<\/strong><\/p>\n<p><strong>CFR S.A. condamn\u0103 ferm aceast\u0103 fapt\u0103, care putea afecta infrastructura feroviar\u0103 \u0219i putea genera consecin\u021be grave pentru siguran\u021ba circula\u021biei. Circumstan\u021bele \u0219i scopul ac\u021biunii urmeaz\u0103 s\u0103 fie stabilite de institu\u021biile competente<\/strong>\u201c, au transmis reprezentan\u021bii Companiei Na\u021bionale de C\u0103i Ferate.<\/p>\n<p>***<\/p>\n<p><strong><span class=\"dia_suggestion w0\">Mai<\/span>\u00a0<span class=\"dia_suggestion w1\">multe<\/span>\u00a0<span class=\"dia_suggestion w2\">g\u0103si\u021bi<\/span>\u00a0pe\u00a0<span class=\"dia_suggestion w4\">pagina noastr<span class=\"dia_suggestion w0\">\u0103<\/span><\/span>\u00a0de\u00a0<a href=\"https:\/\/www.facebook.com\/OpiniaTM\/?ref=page_internal\" target=\"_blank\" rel=\"noopener\">Facebook opiniatimisoarei.ro<\/a>!<\/strong><\/p>\n<p><strong><span class=\"dia_suggestion w0\">Dac\u0103<\/span>\u00a0<span class=\"dia_suggestion w1\">a\u021bi<\/span>\u00a0fost martorii unui eveniment\u00a0<span class=\"dia_suggestion w6\">sau<\/span>\u00a0<span class=\"dia_suggestion w7\">ai<\/span>\u00a0unei\u00a0<span class=\"dia_suggestion w9\">situa\u021bii<\/span>\u00a0<span class=\"dia_suggestion w10\">neobi\u0219nuite<\/span>\u00a0<span class=\"dia_suggestion w11\">care<\/span>\u00a0ar\u00a0<span class=\"dia_suggestion w13\">putea<\/span>\u00a0deveni subiect de\u00a0<span class=\"dia_suggestion w17\">\u0219tire<\/span>,\u00a0<span class=\"dia_suggestion w18\">contacta\u021bi<\/span>-ne\u00a0<span class=\"dia_suggestion w20\">la<\/span>\u00a0<a href=\"https:\/\/www.opiniatimisoarei.ro\/cdn-cgi\/l\/email-protection\" class=\"__cf_email__\" data-cfemail=\"d6a4b3b2b7b5a2bfb396b9a6bfb8bfb7a2bfbbbfa5b9b7a4b3bff8a4b9\">[email\u00a0protected]<\/a>,\u00a0 pe\u00a0<a href=\"https:\/\/www.facebook.com\/OpiniaTM\">FB<\/a>\u00a0sau pe contul nostru de\u00a0<a href=\"https:\/\/www.instagram.com\/opiniatimisoarei.ro\/\" target=\"_blank\" rel=\"noopener\">Instagram<\/a>!<\/strong><\/p>\n<p><strong><span>CITESTE SI:<\/span>\u00a0<a href=\"https:\/\/www.opiniatimisoarei.ro\/afli-primul-tot-ceea-ce-se-intampla-cu-adevarat-important-in-timisoara-si-in-regiune-cu-aplicatia-de-stiri-opinia-timisoarei-3-tipuri-de-alerte-te-tin-mereu-conectat-la-evenimente-descarca-gratuit-a\/31\/10\/2022\">Afli primul tot ceea ce se intampla cu adevarat important in Timisoara si in regiune cu Aplicatia de stiri Opinia Timisoarei. 3 tipuri de alerte te tin mereu conectat la evenimente. Descarca gratuit Aplicatia OT aici!<\/a><\/strong><\/p>\n<\/div>\n<p>[analyse_source url=&#8221;https:\/\/www.opiniatimisoarei.ro\/au-fost-filmati-cand-au-dat-foc-traverselor-de-cale-ferata-si-au-pus-in-pericol-circulatia-trenurilor-la-timisoara-politia-cauta-o-gasca-de-iresponsabili-video\/13\/07\/2026&#8243;]<\/p>\n","protected":false},"excerpt":{"rendered":"<p>[analyse_image type=&#8221;featured&#8221; src=&#8221;https:\/\/www.opiniatimisoarei.ro\/wp-content\/uploads\/2026\/07\/foc-traverse-728&#215;336.jpghttps:\/\/www.opiniatimisoarei.ro\/wp-content\/uploads\/2026\/07\/foc-traverse.jpg&#8221;] TIMISOARA. S-a dat alarma luni sear\u0103 la Timi\u0219oara, dup\u0103 ce mai multe persoane au provocat un incendiu \u00een apropierea uneia dintre g\u0103ri. CITE\u0218TE \u0218I:Accident \u00een lan\u021b pe \u0219oseaua ce leag\u0103 Timi\u0219oara de sudul \u021b\u0103rii Timi\u0219orenii care locuiesc \u00een zona Steaua au dat alerta la 112, dup\u0103 ce un fum gros a fost [&hellip;]<\/p>\n","protected":false},"author":1,"featured_media":0,"comment_status":"open","ping_status":"","sticky":false,"template":"","format":"standard","meta":{"footnotes":""},"categories":[89],"tags":[226,190],"class_list":["post-2041809","post","type-post","status-publish","format-standard","hentry","category-romania","tag-crawlmanager","tag-opiniatimisoarei-ro"],"_links":{"self":[{"href":"https:\/\/analyse.optim.biz\/index.php?rest_route=\/wp\/v2\/posts\/2041809","targetHints":{"allow":["GET"]}}],"collection":[{"href":"https:\/\/analyse.optim.biz\/index.php?rest_route=\/wp\/v2\/posts"}],"about":[{"href":"https:\/\/analyse.optim.biz\/index.php?rest_route=\/wp\/v2\/types\/post"}],"author":[{"embeddable":true,"href":"https:\/\/analyse.optim.biz\/index.php?rest_route=\/wp\/v2\/users\/1"}],"replies":[{"embeddable":true,"href":"https:\/\/analyse.optim.biz\/index.php?rest_route=%2Fwp%2Fv2%2Fcomments&post=2041809"}],"version-history":[{"count":0,"href":"https:\/\/analyse.optim.biz\/index.php?rest_route=\/wp\/v2\/posts\/2041809\/revisions"}],"wp:attachment":[{"href":"https:\/\/analyse.optim.biz\/index.php?rest_route=%2Fwp%2Fv2%2Fmedia&parent=2041809"}],"wp:term":[{"taxonomy":"category","embeddable":true,"href":"https:\/\/analyse.optim.biz\/index.php?rest_route=%2Fwp%2Fv2%2Fcategories&post=2041809"},{"taxonomy":"post_tag","embeddable":true,"href":"https:\/\/analyse.optim.biz\/index.php?rest_route=%2Fwp%2Fv2%2Ftags&post=2041809"}],"curies":[{"name":"wp","href":"https:\/\/api.w.org\/{rel}","templated":true}]}}