{"id":2041699,"date":"2026-07-13T18:09:20","date_gmt":"2026-07-13T15:09:20","guid":{"rendered":"https:\/\/analyse.optim.biz\/?p=2041699"},"modified":"2026-07-13T18:09:20","modified_gmt":"2026-07-13T15:09:20","slug":"6-autovehicule-implicate-accident-in-lant-pe-soseaua-ce-leaga-timisoara-de-sudul-tarii","status":"publish","type":"post","link":"https:\/\/analyse.optim.biz\/?p=2041699","title":{"rendered":"6 autovehicule implicate. Accident \u00een lan\u021b pe \u0219oseaua ce leag\u0103 Timi\u0219oara de sudul \u021b\u0103rii"},"content":{"rendered":"<p>[analyse_image type=&#8221;featured&#8221; src=&#8221;https:\/\/www.opiniatimisoarei.ro\/wp-content\/uploads\/2026\/07\/accident-cornea-728&#215;336.pnghttps:\/\/www.opiniatimisoarei.ro\/wp-content\/uploads\/2026\/07\/accident-cornea.png&#8221;]<\/p>\n<div class=\"the_content\">\n<p>Circula\u021bie dat\u0103 peste cap luni sear\u0103 pe DN6 \u00een jude\u021bul Cara\u0219-Severin, dup\u0103 un accident \u00een care au fost implicate mai multe autovehicule.<\/p>\n<p><strong><span>CITE\u0218TE \u0218I:<\/span><a href=\"https:\/\/www.opiniatimisoarei.ro\/remorci-cu-panouri-led-informative-pe-drumurile-nationale-din-vestul-tarii-anuntul-drdp-timisoara\/13\/07\/2026\">Remorci cu panouri led informative pe drumurile na\u021bionale din vestul \u021b\u0103rii. Anun\u021bul DRDP Timi\u0219oara<\/a><\/strong><\/p>\n<p>Un tir, o autoutilitar\u0103 \u0219i nu mai pu\u021bin de 4 autoturisme s-au izbit \u00een apropierea localit\u0103\u021bii Cornea. Circula\u021bia se desf\u0103\u0219oar\u0103 cu restric\u021bii.<\/p>\n<p>\u201c<strong>Accident rutier pe DN 6 la Cornea (CS) cu 4 autoturisme, un autotren \u0219i o autoutilitar\u0103 implicate. Se circul\u0103 \u00eengreunat pe 1\/2 cale p\u00e2n\u0103 la ora 23, estimativ<\/strong>\u201c, au transmis reprezentan\u021bii DRDP Timi\u0219oara.<\/p>\n<p>\u0218oferul unui tir nu a p\u0103strat distan\u021ba regulamentar\u0103 fa\u021b\u0103 de autoturismul aflat \u00een fa\u021ba sa \u0219i l-a izbit. \u00cen urma impactului, ma\u0219ina a fost aruncat\u0103 \u00een cea din fa\u021ba sa, iar alte trei autovehicule aflate \u00een fa\u021b\u0103 au fost \u0219i ele avariate.<\/p>\n<p>\u00cen urma accidentului, o t\u00e2n\u0103r\u0103, pasager\u0103 \u00eentr-unul dintre autovehicule, a fost r\u0103nit\u0103 \u0219i dus\u0103 la spital.<\/p>\n<blockquote>\n<p>\u201c<strong>Din primele verific\u0103ri efectuate la fa\u021ba locului, poli\u021bi\u0219tii au stabilit c\u0103 un b\u0103rbat \u00een v\u00e2rst\u0103 de 58 de ani, din jude\u021bul Mehedin\u021bi, \u00een timp ce conducea un ansamblu de vehicule pe DN 6, la kilometrul 403, pe direc\u021bia de deplasare Or\u0219ova\u2013Caransebe\u0219, ar fi intrat \u00een coliziune cu un autoturism care se deplasa \u00een fa\u021ba sa, impact \u00een urma c\u0103ruia alte patru autovehicule au fost proiectate succesiv unul \u00een cel\u0103lalt, \u00een accident fiind implicate \u00een total \u0219ase autovehicule.<\/strong><\/p>\n<p><strong>\u00cen urma accidentului rutier, o femeie \u00een v\u00e2rst\u0103 de 37 de ani, pasager\u0103 \u00eentr-unul dintre autoturisme, a fost r\u0103nit\u0103. Aceasta a fost preluat\u0103 de un echipaj al Serviciului de Ambulan\u021b\u0103 \u0219i transportat\u0103 la o unitate medical\u0103 pentru acordarea de \u00eengrijiri medicale de specialitate.<\/strong><\/p>\n<p><strong>\u00cen urma producerii evenimentului rutier, traficul pe DN 6 a fost blocat temporar, circula\u021bia desf\u0103\u0219ur\u00e2ndu-se ulterior alternativ, pe un singur sens, p\u00e2n\u0103 la finalizarea cercet\u0103rii la fa\u021ba locului \u0219i eliberarea p\u0103r\u021bii carosabile.<\/strong><\/p>\n<p><strong>Conduc\u0103torii auto implica\u021bi \u00een eveniment au fost testa\u021bi cu aparatul etilotest, rezultatele fiind negative.<\/strong>\u201c, au transmis reprezentan\u021bii IPJ Cara\u0219-Severin.<\/p>\n<\/blockquote>\n<p>***<\/p>\n<p><strong><span class=\"dia_suggestion w0\">Mai<\/span>\u00a0<span class=\"dia_suggestion w1\">multe<\/span>\u00a0<span class=\"dia_suggestion w2\">g\u0103si\u021bi<\/span>\u00a0pe\u00a0<span class=\"dia_suggestion w4\">pagina noastr<span class=\"dia_suggestion w0\">\u0103<\/span><\/span>\u00a0de\u00a0<a href=\"https:\/\/www.facebook.com\/OpiniaTM\/?ref=page_internal\" target=\"_blank\" rel=\"noopener\">Facebook opiniatimisoarei.ro<\/a>!<\/strong><\/p>\n<p><strong><span class=\"dia_suggestion w0\">Dac\u0103<\/span>\u00a0<span class=\"dia_suggestion w1\">a\u021bi<\/span>\u00a0fost martorii unui eveniment\u00a0<span class=\"dia_suggestion w6\">sau<\/span>\u00a0<span class=\"dia_suggestion w7\">ai<\/span>\u00a0unei\u00a0<span class=\"dia_suggestion w9\">situa\u021bii<\/span>\u00a0<span class=\"dia_suggestion w10\">neobi\u0219nuite<\/span>\u00a0<span class=\"dia_suggestion w11\">care<\/span>\u00a0ar\u00a0<span class=\"dia_suggestion w13\">putea<\/span>\u00a0deveni subiect de\u00a0<span class=\"dia_suggestion w17\">\u0219tire<\/span>,\u00a0<span class=\"dia_suggestion w18\">contacta\u021bi<\/span>-ne\u00a0<span class=\"dia_suggestion w20\">la<\/span>\u00a0<a href=\"https:\/\/www.opiniatimisoarei.ro\/cdn-cgi\/l\/email-protection\" class=\"__cf_email__\" data-cfemail=\"2c5e49484d4f5845496c435c4542454d584541455f434d5e4945025e43\">[email\u00a0protected]<\/a>,\u00a0 pe\u00a0<a href=\"https:\/\/www.facebook.com\/OpiniaTM\">FB<\/a>\u00a0sau pe contul nostru de\u00a0<a href=\"https:\/\/www.instagram.com\/opiniatimisoarei.ro\/\" target=\"_blank\" rel=\"noopener\">Instagram<\/a>!<\/strong><\/p>\n<p><strong><span>CITESTE SI:<\/span>\u00a0<a href=\"https:\/\/www.opiniatimisoarei.ro\/afli-primul-tot-ceea-ce-se-intampla-cu-adevarat-important-in-timisoara-si-in-regiune-cu-aplicatia-de-stiri-opinia-timisoarei-3-tipuri-de-alerte-te-tin-mereu-conectat-la-evenimente-descarca-gratuit-a\/31\/10\/2022\">Afli primul tot ceea ce se intampla cu adevarat important in Timisoara si in regiune cu Aplicatia de stiri Opinia Timisoarei. 3 tipuri de alerte te tin mereu conectat la evenimente. Descarca gratuit Aplicatia OT aici!<\/a><\/strong><\/p>\n<\/div>\n<p>[analyse_source url=&#8221;https:\/\/www.opiniatimisoarei.ro\/6-autovehicule-implicate-accident-in-lant-pe-soseaua-ce-leaga-timisoara-de-sudul-tarii\/13\/07\/2026&#8243;]<\/p>\n","protected":false},"excerpt":{"rendered":"<p>[analyse_image type=&#8221;featured&#8221; src=&#8221;https:\/\/www.opiniatimisoarei.ro\/wp-content\/uploads\/2026\/07\/accident-cornea-728&#215;336.pnghttps:\/\/www.opiniatimisoarei.ro\/wp-content\/uploads\/2026\/07\/accident-cornea.png&#8221;] Circula\u021bie dat\u0103 peste cap luni sear\u0103 pe DN6 \u00een jude\u021bul Cara\u0219-Severin, dup\u0103 un accident \u00een care au fost implicate mai multe autovehicule. CITE\u0218TE \u0218I:Remorci cu panouri led informative pe drumurile na\u021bionale din vestul \u021b\u0103rii. Anun\u021bul DRDP Timi\u0219oara Un tir, o autoutilitar\u0103 \u0219i nu mai pu\u021bin de 4 autoturisme s-au izbit \u00een apropierea [&hellip;]<\/p>\n","protected":false},"author":1,"featured_media":0,"comment_status":"open","ping_status":"","sticky":false,"template":"","format":"standard","meta":{"footnotes":""},"categories":[89],"tags":[226,190],"class_list":["post-2041699","post","type-post","status-publish","format-standard","hentry","category-romania","tag-crawlmanager","tag-opiniatimisoarei-ro"],"_links":{"self":[{"href":"https:\/\/analyse.optim.biz\/index.php?rest_route=\/wp\/v2\/posts\/2041699","targetHints":{"allow":["GET"]}}],"collection":[{"href":"https:\/\/analyse.optim.biz\/index.php?rest_route=\/wp\/v2\/posts"}],"about":[{"href":"https:\/\/analyse.optim.biz\/index.php?rest_route=\/wp\/v2\/types\/post"}],"author":[{"embeddable":true,"href":"https:\/\/analyse.optim.biz\/index.php?rest_route=\/wp\/v2\/users\/1"}],"replies":[{"embeddable":true,"href":"https:\/\/analyse.optim.biz\/index.php?rest_route=%2Fwp%2Fv2%2Fcomments&post=2041699"}],"version-history":[{"count":0,"href":"https:\/\/analyse.optim.biz\/index.php?rest_route=\/wp\/v2\/posts\/2041699\/revisions"}],"wp:attachment":[{"href":"https:\/\/analyse.optim.biz\/index.php?rest_route=%2Fwp%2Fv2%2Fmedia&parent=2041699"}],"wp:term":[{"taxonomy":"category","embeddable":true,"href":"https:\/\/analyse.optim.biz\/index.php?rest_route=%2Fwp%2Fv2%2Fcategories&post=2041699"},{"taxonomy":"post_tag","embeddable":true,"href":"https:\/\/analyse.optim.biz\/index.php?rest_route=%2Fwp%2Fv2%2Ftags&post=2041699"}],"curies":[{"name":"wp","href":"https:\/\/api.w.org\/{rel}","templated":true}]}}