{"id":2041693,"date":"2026-07-13T15:23:29","date_gmt":"2026-07-13T12:23:29","guid":{"rendered":"https:\/\/analyse.optim.biz\/?p=2041693"},"modified":"2026-07-13T15:23:29","modified_gmt":"2026-07-13T12:23:29","slug":"poli-timisoara-a-stabilit-lotul-pentru-cantonamentul-din-austria-primul-test-este-programat-la-finalul-saptamanii","status":"publish","type":"post","link":"https:\/\/analyse.optim.biz\/?p=2041693","title":{"rendered":"Poli Timi\u0219oara a stabilit lotul pentru cantonamentul din Austria. Primul test este programat la finalul s\u0103pt\u0103m\u00e2nii"},"content":{"rendered":"<p>[analyse_image type=&#8221;featured&#8221; src=&#8221;https:\/\/www.opiniatimisoarei.ro\/wp-content\/uploads\/2026\/07\/poli-antrenament-728&#215;336.pnghttps:\/\/www.opiniatimisoarei.ro\/wp-content\/uploads\/2026\/07\/poli-antrenament.png&#8221;]<\/p>\n<div class=\"the_content\">\n<p><strong>TIMISOARA.<\/strong> Politehnica Timi\u0219oara a stabilit lotul cu care va pleca mar\u021bi \u00een cantonamentul de 10 zile din Austria.<\/p>\n<p><strong><span>CITE\u0218TE \u0218I:<\/span><a href=\"https:\/\/www.opiniatimisoarei.ro\/pista-de-biciclete-de-36-de-kilometri-de-a-lungul-unui-drum-judetean-care-se-modernizeaza-in-timis-va-asigura-legatura-intre-4-localitati\/13\/07\/2026\">Pist\u0103 de biciclete de 36 de kilometri de-a lungul unui drum jude\u021bean care se modernizeaz\u0103 \u00een Timi\u0219. Ar asigura leg\u0103tura \u00eentre 4 localit\u0103\u021bi<\/a><\/strong><\/p>\n<p>Dan Alexa va avea la dispozi\u021bie un lot de 27 de fotbali\u0219ti. Printre cei care fac deplasarea la M\u00f6nichkirchen nu se afl\u0103 Alin \u021aegle \u0219i Raul Ailenei, cei are sunt accidenta\u021bi \u00eenc\u0103 din sezonul trecut \u0219i se afl\u0103 \u00eenc\u0103 \u00een recuperare. Ei vor continua preg\u0103tirea la Timi\u0219oara.<\/p>\n<p><strong><span>Iat\u0103 lotul care merge \u00een Austria:<\/span><\/strong><\/p>\n<p><strong>Portari:<\/strong> Sebastian Micu, Mihai P\u00eenzariu, Luca Ungureanu;<\/p>\n<p><strong>Funda\u0219i:<\/strong> Pedro Paul, Aurel Vlaicu, C\u0103lin Toma, Cornel Ene, Mihai Dolghi, Andras Huszti, Sebastian Itu;<\/p>\n<p><strong>Mijloca\u0219i:<\/strong> Ion Vasluian, Iosif Liviu Rotariu, Ianis Doan\u0103, Robert Burlacu-Luca, Romario Benzar, Stephan Dr\u0103ghici, Andrei Artean, Ovidiu Popescu, Fabian Marincu, Dan Sp\u0103taru, \u0218tefan \u0218tefanovici, Eric Adam, Robert D\u00eerlea;<\/p>\n<p><strong>Atacan\u021bi:<\/strong> Aurelian Chi\u021bu, David Popa, Mihai Bon\u021b, Vlad Morar.<\/p>\n<blockquote>\n<p>\u201e<strong>Plec\u0103m \u00een cantonament mar\u021bi, o perioad\u0103 important\u0103 pentru noi. Avem condi\u021bii de preg\u0103tire bune, avem lini\u0219te \u0219i adversari foarte foarte buni, sper c\u00e2t mai repede s\u0103 cre\u0103m o coeziune \u00eentre noi veni\u021bi \u0219i juc\u0103torii vechi. La nivel de joc, pentru c\u0103 la nivel de vestiar lucrurile sunt foarte bune. Acesta e procesul, te a\u0219tep\u021bi la asta (\u2026) Ne preg\u0103tim pentru cantonament, care de fapt va fi ca s\u0103 intr\u0103m cumva \u00eentr-o linie dreapt\u0103 pentru \u00eenceperea campionatului. Va fi greu, e normal, juc\u0103m cu Lecce, avem teste foarte utile, pe care m\u0103 bucur c\u0103 putem s\u0103 le avem. Doresc s\u0103 avem adversari c\u00e2t mai buni pentru c\u0103 la Liga 2 nu s-a stabilit \u021bintarul, dar sunt echipe bune, care \u00ee\u021bi pun probleme \u0219i cred c\u0103 ajut\u0103 genul acesta de adversari<\/strong>\u201d, spune antrenorul Dan Alexa.<\/p>\n<\/blockquote>\n<p>Juc\u0103torii care nu fac parte din acest lot se vor preg\u0103ti la Timi\u0219oara, al\u0103turi \u0219i de echipa satelit, care se reune\u0219te chiar luni.<\/p>\n<p><strong><span>Programul de amicale din Austria<\/span><\/strong><\/p>\n<p>Politehnica va juca patru meciuri de verificare \u00een cantonamentul din Austria, dup\u0103 urm\u0103torul program:<\/p>\n<p>17 iulie, ora 17.00 (ora Rom\u00e2niei) \u2013 Al-Riyadh SC (locul 15 \u2013 L1 Arabia Saudit\u0103), loca\u021bie: Korneuburg, U\/GROUND Arena<\/p>\n<p>21 iulie \u2013 Al-Shabab (locul 13 \u2013 L1 Arabia Saudit\u0103), loca\u021bie: Bad Waltersdorf sau Buch-St. Magdalena<\/p>\n<p>22 iulie, ora 18.30 \u2013 US Lecce (locul 17 \u2013 Serie A Italia), loca\u021bie: zona F\u00fcrstenfeld (urmeaz\u0103 s\u0103 fie stabilit\u0103 exact)<\/p>\n<p>24 iulie, ora 18.30 \u2013 Al-Sailiya SC (locul 10 \u2013 L1 Qatar), loca\u021bie: Parktherme Arena, Bad Radkersburg<\/p>\n<p>***<\/p>\n<p><strong><span class=\"dia_suggestion w0\">Mai<\/span>\u00a0<span class=\"dia_suggestion w1\">multe<\/span>\u00a0<span class=\"dia_suggestion w2\">g\u0103si\u021bi<\/span>\u00a0pe\u00a0<span class=\"dia_suggestion w4\">pagina noastr<span class=\"dia_suggestion w0\">\u0103<\/span><\/span>\u00a0de\u00a0<a href=\"https:\/\/www.facebook.com\/OpiniaTM\/?ref=page_internal\" target=\"_blank\" rel=\"noopener\">Facebook opiniatimisoarei.ro<\/a>!<\/strong><\/p>\n<p><strong><span class=\"dia_suggestion w0\">Dac\u0103<\/span>\u00a0<span class=\"dia_suggestion w1\">a\u021bi<\/span>\u00a0fost martorii unui eveniment\u00a0<span class=\"dia_suggestion w6\">sau<\/span>\u00a0<span class=\"dia_suggestion w7\">ai<\/span>\u00a0unei\u00a0<span class=\"dia_suggestion w9\">situa\u021bii<\/span>\u00a0<span class=\"dia_suggestion w10\">neobi\u0219nuite<\/span>\u00a0<span class=\"dia_suggestion w11\">care<\/span>\u00a0ar\u00a0<span class=\"dia_suggestion w13\">putea<\/span>\u00a0deveni subiect de\u00a0<span class=\"dia_suggestion w17\">\u0219tire<\/span>,\u00a0<span class=\"dia_suggestion w18\">contacta\u021bi<\/span>-ne\u00a0<span class=\"dia_suggestion w20\">la<\/span>\u00a0<a href=\"https:\/\/www.opiniatimisoarei.ro\/cdn-cgi\/l\/email-protection\" class=\"__cf_email__\" data-cfemail=\"addfc8c9ccced9c4c8edc2ddc4c3c4ccd9c4c0c4dec2ccdfc8c483dfc2\">[email\u00a0protected]<\/a>,\u00a0 pe\u00a0<a href=\"https:\/\/www.facebook.com\/OpiniaTM\">FB<\/a>\u00a0sau pe contul nostru de\u00a0<a href=\"https:\/\/www.instagram.com\/opiniatimisoarei.ro\/\" target=\"_blank\" rel=\"noopener\">Instagram<\/a>!<\/strong><\/p>\n<p><strong><span>CITESTE SI:<\/span>\u00a0<a href=\"https:\/\/www.opiniatimisoarei.ro\/afli-primul-tot-ceea-ce-se-intampla-cu-adevarat-important-in-timisoara-si-in-regiune-cu-aplicatia-de-stiri-opinia-timisoarei-3-tipuri-de-alerte-te-tin-mereu-conectat-la-evenimente-descarca-gratuit-a\/31\/10\/2022\">Afli primul tot ceea ce se intampla cu adevarat important in Timisoara si in regiune cu Aplicatia de stiri Opinia Timisoarei. 3 tipuri de alerte te tin mereu conectat la evenimente. Descarca gratuit Aplicatia OT aici!<\/a><\/strong><\/p>\n<\/div>\n<p>[analyse_source url=&#8221;https:\/\/www.opiniatimisoarei.ro\/poli-timisoara-a-stabilit-lotul-pentru-cantonamentul-din-austria-primul-test-este-programat-la-finalul-saptamanii\/13\/07\/2026&#8243;]<\/p>\n","protected":false},"excerpt":{"rendered":"<p>[analyse_image type=&#8221;featured&#8221; src=&#8221;https:\/\/www.opiniatimisoarei.ro\/wp-content\/uploads\/2026\/07\/poli-antrenament-728&#215;336.pnghttps:\/\/www.opiniatimisoarei.ro\/wp-content\/uploads\/2026\/07\/poli-antrenament.png&#8221;] TIMISOARA. Politehnica Timi\u0219oara a stabilit lotul cu care va pleca mar\u021bi \u00een cantonamentul de 10 zile din Austria. CITE\u0218TE \u0218I:Pist\u0103 de biciclete de 36 de kilometri de-a lungul unui drum jude\u021bean care se modernizeaz\u0103 \u00een Timi\u0219. Ar asigura leg\u0103tura \u00eentre 4 localit\u0103\u021bi Dan Alexa va avea la dispozi\u021bie un lot de 27 [&hellip;]<\/p>\n","protected":false},"author":1,"featured_media":0,"comment_status":"open","ping_status":"","sticky":false,"template":"","format":"standard","meta":{"footnotes":""},"categories":[89],"tags":[226,190],"class_list":["post-2041693","post","type-post","status-publish","format-standard","hentry","category-romania","tag-crawlmanager","tag-opiniatimisoarei-ro"],"_links":{"self":[{"href":"https:\/\/analyse.optim.biz\/index.php?rest_route=\/wp\/v2\/posts\/2041693","targetHints":{"allow":["GET"]}}],"collection":[{"href":"https:\/\/analyse.optim.biz\/index.php?rest_route=\/wp\/v2\/posts"}],"about":[{"href":"https:\/\/analyse.optim.biz\/index.php?rest_route=\/wp\/v2\/types\/post"}],"author":[{"embeddable":true,"href":"https:\/\/analyse.optim.biz\/index.php?rest_route=\/wp\/v2\/users\/1"}],"replies":[{"embeddable":true,"href":"https:\/\/analyse.optim.biz\/index.php?rest_route=%2Fwp%2Fv2%2Fcomments&post=2041693"}],"version-history":[{"count":0,"href":"https:\/\/analyse.optim.biz\/index.php?rest_route=\/wp\/v2\/posts\/2041693\/revisions"}],"wp:attachment":[{"href":"https:\/\/analyse.optim.biz\/index.php?rest_route=%2Fwp%2Fv2%2Fmedia&parent=2041693"}],"wp:term":[{"taxonomy":"category","embeddable":true,"href":"https:\/\/analyse.optim.biz\/index.php?rest_route=%2Fwp%2Fv2%2Fcategories&post=2041693"},{"taxonomy":"post_tag","embeddable":true,"href":"https:\/\/analyse.optim.biz\/index.php?rest_route=%2Fwp%2Fv2%2Ftags&post=2041693"}],"curies":[{"name":"wp","href":"https:\/\/api.w.org\/{rel}","templated":true}]}}