{"id":2041688,"date":"2026-07-12T07:24:30","date_gmt":"2026-07-12T04:24:30","guid":{"rendered":"https:\/\/analyse.optim.biz\/?p=2041688"},"modified":"2026-07-12T07:24:30","modified_gmt":"2026-07-12T04:24:30","slug":"focare-de-pesta-micilor-rumegatoare-in-timis-au-fost-instituite-zone-de-protectie-si-de-supraveghere","status":"publish","type":"post","link":"https:\/\/analyse.optim.biz\/?p=2041688","title":{"rendered":"Focare de pesta micilor rumeg\u0103toare \u00een Timi\u0219. Au fost instituite zone de protec\u021bie \u0219i de supraveghere"},"content":{"rendered":"<p>[analyse_image type=&#8221;featured&#8221; src=&#8221;https:\/\/www.opiniatimisoarei.ro\/wp-content\/uploads\/2026\/07\/oi-oaie-655&#215;336.jpghttps:\/\/www.opiniatimisoarei.ro\/wp-content\/uploads\/2026\/07\/oi-oaie.jpg&#8221;]<\/p>\n<div class=\"the_content\">\n<p><strong>TIMI\u0218OARA<\/strong>. \u00cen jude\u021bul Timi\u0219 au fost confirmate dou\u0103 focare de pesata micilor rumeg\u0103toare, \u00een dou\u0103 exploata\u021bii de ovine din localit\u0103\u021bile Giulv\u0103z \u0219i respectiv Tomnatic.<\/p>\n<p><strong><span>CITE\u0218TE \u0218I:<\/span><a href=\"https:\/\/www.opiniatimisoarei.ro\/incendiu-la-un-tren-in-gara-de-nord-din-timisoara-interventie-urgenta-a-pompierilor-video\/11\/07\/2026\">Incendiu la un tren \u00een Gara de Nord din Timi\u0219oara. Interven\u021bie urgent\u0103 a pompierilor. VIDEO<\/a><\/strong><\/p>\n<p>Dup\u0103 confirmarea pestei micilor rumeg\u0103toare a fost convocat\u0103 sedin\u021ba cu to\u021bi membrii Centrului Local de Combatere al Bolilor Timi\u0219, unde au fost dispuse m\u0103suri pentru prevenirea r\u0103sp\u00e2ndirii bolii.<\/p>\n<p>Pentru protejarea perimetrului contaminat, \u00een vederea evit\u0103rii r\u0103sp\u00e2ndirii virusului s-au stabilit cele dou\u0103 zone circulare de protec\u0163ie \u015fi supraveghere de 0-5 km \u015fi respectiv 0-20 km din jurul focarului:<\/p>\n<p>Zona de protec\u021bie(0-5 km) -urm\u0103toarele localit\u0103\u021bi \u2013 Giulv\u0103z \u0219i Ivanda jude\u021b Timi\u0219,<br \/>\nZona de supraveghere(0-20 km-urm\u0103toarele localit\u0103\u021bi Cebza, Livezile, Ofseni\u021ba, Giera, Toager, Dola\u021b, Ghilad, Ciacova, Gad, Crai Nou, Rudna, Macedonia,Obad, Petroman, Cruceni, Foieni, Jebel, P\u0103dureni, Iohaniesfield, Otelec, Pustini\u0219, Peciu Nou, S\u00e2nmartinul Maghiar, Par\u021ba, Uivar, \u0218ag, R\u0103u\u021bi, Dinia\u0219, Cenei, Utvin, S\u00e2nmihaiul Rom\u00e2n, S\u00e2nmhaiul German, Bobda din jud.Timi\u0219.<\/p>\n<p>Zona de protec\u021bie(0-5 km) -urm\u0103toarele localit\u0103\u021bi \u2013 Tomnatic, Gottlob \u0219i Vizejdia din, jude\u021b Timi\u0219,<br \/>\nZona de supraveghere(0-20 km \u2013 urm\u0103toarele localit\u0103\u021bi \u2013 Jimbolia, Comlo\u0219ul Mare, Comlo\u0219ul Mic, Graba\u021bi, Lenauheim, Uihei, Bulg\u0103ru\u0219, \u0218andra, Lovrin, Pesac, Periam, S\u00e2npetru Mare, Igri\u0219, Saravale, Cenad, S\u00e2nnicolaul Mare, Dude\u0219tii Vechi, Valcani, Teremia Mare, Teremia Mica, Ner\u0103u, Lunga din jud.Timis, \u0219i localitatea \u0218eitin din jude\u021bul Arad<\/p>\n<p>Mi\u0219carea animalelor din zona de protec\u0163ie este restric\u0163ionat\u0103 astfel:<\/p>\n<p>\u2013 interzicerea circula\u021biei \u0219i transportului ovinelor pe drumuri publice sau private, cu excep\u021bia drumurilor care deservesc exploata\u021bia;<br \/>\n\u2013 trebuie s\u0103 se efectueze un recens\u0103m\u00e2nt al tuturor exploata\u021biilor din zon\u0103 care de\u021bin animale din speciile receptive;<br \/>\n\u2013 toate ovinele\/caprinele moarte sau bolnave dintr-o exploata\u0163ie trebuie imediat declarate autorit\u0103\u0163ii competente, care procedeaz\u0103 la investiga\u0163iile corespunz\u0103toare;<br \/>\n\u2013 m\u0103surile aplicate \u00een zona de protec\u021bie r\u0103m\u00e2n \u00een vigoare pe o perioad\u0103 de 33 de zile de la dezinfec\u021bia final\u0103, dup\u0103 ce animalele din exploata\u021bia respectiv\u0103 au fost ucise de \u00eendat\u0103 \u015fi opera\u021biunile de cur\u0103\u021bare \u0219i dezinfec\u021bie au fost efectuate \u00een conformitate cu legisla\u021bia specific\u0103.<\/p>\n<p>Mi\u0219carea animalelor din zona de supraveghere este restric\u0163ionat\u0103 astfel:<\/p>\n<p>\u2013 trebuie s\u0103 se efectueze un recens\u0103m\u00e2nt al tuturor exploata\u021biilor din zon\u0103 care de\u021bin animale din speciile receptive;<br \/>\n\u2013 scoaterea de carne, preparate din carne, produse \u0219i subproduse care con\u021bin astfel de carne provenita de la ovine si caprine, material seminal, embrioni, ovule din zon\u0103 este interzis\u0103, f\u0103r\u0103 avizul DSVSA Timi\u0219;<\/p>\n<p>Virusul pestei micilor rumeg\u0103toare nu este transmisibil la om, neexist\u00e2nd nici cel mai mic risc de \u00eemboln\u0103vire pentru oameni, acest virus av\u00e2nd, \u00eens\u0103, impact la nivel social din punct de vedere economic.<\/p>\n<p>***<\/p>\n<p><strong><span class=\"dia_suggestion w0\">Mai<\/span><span class=\"dia_suggestion w1\">multe<\/span><span class=\"dia_suggestion w2\">g\u0103si\u021bi<\/span> pe <span class=\"dia_suggestion w4\">pagina noastr<span class=\"dia_suggestion w0\">\u0103<\/span><\/span>\u00a0de <a href=\"https:\/\/www.facebook.com\/OpiniaTM\/?ref=page_internal\" target=\"_blank\" rel=\"noopener\">Facebook opiniatimisoarei.ro<\/a>!<\/strong><\/p>\n<p><strong><span class=\"dia_suggestion w0\">Dac\u0103<\/span><span class=\"dia_suggestion w1\">a\u021bi<\/span> fost martorii unui eveniment <span class=\"dia_suggestion w6\">sau<\/span><span class=\"dia_suggestion w7\">ai<\/span> unei <span class=\"dia_suggestion w9\">situa\u021bii<\/span><span class=\"dia_suggestion w10\">neobi\u0219nuite<\/span><span class=\"dia_suggestion w11\">care<\/span> ar <span class=\"dia_suggestion w13\">putea<\/span> deveni subiect de <span class=\"dia_suggestion w17\">\u0219tire<\/span>, <span class=\"dia_suggestion w18\">contacta\u021bi<\/span>-ne <span class=\"dia_suggestion w20\">la<\/span><span><a href=\"https:\/\/www.opiniatimisoarei.ro\/cdn-cgi\/l\/email-protection\" class=\"__cf_email__\" data-cfemail=\"3d4f58595c5e4954587d524d5453545c495450544e525c4f5854134f52\">[email\u00a0protected]<\/a>,<\/span>\u00a0 pe <a href=\"https:\/\/www.facebook.com\/OpiniaTM\">FB<\/a><span>sau pe contul nostru de<\/span><a href=\"https:\/\/www.instagram.com\/opiniatimisoarei.ro\/\" target=\"_blank\" rel=\"noopener\">Instagram<\/a>!<\/strong><\/p>\n<p><strong><span>CITE\u0218TE \u0218I<\/span>: <a href=\"https:\/\/www.opiniatimisoarei.ro\/afli-primul-tot-ceea-ce-se-intampla-cu-adevarat-important-in-timisoara-si-in-regiune-cu-aplicatia-de-stiri-opinia-timisoarei-3-tipuri-de-alerte-te-tin-mereu-conectat-la-evenimente-descarca-gratuit-a\/31\/10\/2022\">Afli primul tot ceea ce se intampla cu adevarat important in Timisoara si in regiune cu Aplicatia de stiri Opinia Timisoarei. 3 tipuri de alerte te tin mereu conectat la evenimente. Descarca gratuit Aplicatia OT aici!<\/a><\/strong><\/p>\n<\/div>\n<p>[analyse_source url=&#8221;https:\/\/www.opiniatimisoarei.ro\/focare-de-pesta-micilor-rumegatoare-in-timis-au-fost-instituite-zone-de-protectie-si-de-supraveghere\/12\/07\/2026&#8243;]<\/p>\n","protected":false},"excerpt":{"rendered":"<p>[analyse_image type=&#8221;featured&#8221; src=&#8221;https:\/\/www.opiniatimisoarei.ro\/wp-content\/uploads\/2026\/07\/oi-oaie-655&#215;336.jpghttps:\/\/www.opiniatimisoarei.ro\/wp-content\/uploads\/2026\/07\/oi-oaie.jpg&#8221;] TIMI\u0218OARA. \u00cen jude\u021bul Timi\u0219 au fost confirmate dou\u0103 focare de pesata micilor rumeg\u0103toare, \u00een dou\u0103 exploata\u021bii de ovine din localit\u0103\u021bile Giulv\u0103z \u0219i respectiv Tomnatic. CITE\u0218TE \u0218I:Incendiu la un tren \u00een Gara de Nord din Timi\u0219oara. Interven\u021bie urgent\u0103 a pompierilor. VIDEO Dup\u0103 confirmarea pestei micilor rumeg\u0103toare a fost convocat\u0103 sedin\u021ba cu to\u021bi membrii [&hellip;]<\/p>\n","protected":false},"author":1,"featured_media":0,"comment_status":"open","ping_status":"","sticky":false,"template":"","format":"standard","meta":{"footnotes":""},"categories":[89],"tags":[226,190],"class_list":["post-2041688","post","type-post","status-publish","format-standard","hentry","category-romania","tag-crawlmanager","tag-opiniatimisoarei-ro"],"_links":{"self":[{"href":"https:\/\/analyse.optim.biz\/index.php?rest_route=\/wp\/v2\/posts\/2041688","targetHints":{"allow":["GET"]}}],"collection":[{"href":"https:\/\/analyse.optim.biz\/index.php?rest_route=\/wp\/v2\/posts"}],"about":[{"href":"https:\/\/analyse.optim.biz\/index.php?rest_route=\/wp\/v2\/types\/post"}],"author":[{"embeddable":true,"href":"https:\/\/analyse.optim.biz\/index.php?rest_route=\/wp\/v2\/users\/1"}],"replies":[{"embeddable":true,"href":"https:\/\/analyse.optim.biz\/index.php?rest_route=%2Fwp%2Fv2%2Fcomments&post=2041688"}],"version-history":[{"count":0,"href":"https:\/\/analyse.optim.biz\/index.php?rest_route=\/wp\/v2\/posts\/2041688\/revisions"}],"wp:attachment":[{"href":"https:\/\/analyse.optim.biz\/index.php?rest_route=%2Fwp%2Fv2%2Fmedia&parent=2041688"}],"wp:term":[{"taxonomy":"category","embeddable":true,"href":"https:\/\/analyse.optim.biz\/index.php?rest_route=%2Fwp%2Fv2%2Fcategories&post=2041688"},{"taxonomy":"post_tag","embeddable":true,"href":"https:\/\/analyse.optim.biz\/index.php?rest_route=%2Fwp%2Fv2%2Ftags&post=2041688"}],"curies":[{"name":"wp","href":"https:\/\/api.w.org\/{rel}","templated":true}]}}