{"id":2041678,"date":"2026-07-11T08:25:33","date_gmt":"2026-07-11T05:25:33","guid":{"rendered":"https:\/\/analyse.optim.biz\/?p=2041678"},"modified":"2026-07-11T08:25:33","modified_gmt":"2026-07-11T05:25:33","slug":"incendiu-la-un-tren-in-gara-de-nord-din-timisoara-interventie-urgenta-a-pompierilor-video","status":"publish","type":"post","link":"https:\/\/analyse.optim.biz\/?p=2041678","title":{"rendered":"Incendiu la un tren \u00een Gara de Nord din Timi\u0219oara. Interven\u021bie urgent\u0103 a pompierilor. VIDEO"},"content":{"rendered":"<p>[analyse_image type=&#8221;featured&#8221; src=&#8221;https:\/\/www.opiniatimisoarei.ro\/wp-content\/uploads\/2026\/07\/incendiu-tren1-728&#215;336.jpghttps:\/\/www.opiniatimisoarei.ro\/wp-content\/uploads\/2026\/07\/incendiu-tren1.jpg&#8221;]<\/p>\n<div class=\"the_content\">\n<p><strong>TIMI\u0218OARA<\/strong>. Un incendiu a izbucnit la trenul care circul\u0103 pe ruta Timi\u0219oara Nord- Cruceni, sambata.<\/p>\n<p>Imediat la fa\u021ba locului au intervenit pompierii.<\/p>\n<p><strong><span>CITE\u0218TE \u0218I:<\/span><a href=\"https:\/\/www.opiniatimisoarei.ro\/atac-cu-cutitul-intr-o-casa-din-timisoara-ziua-in-amiaza-mare-talharii-au-fugit-cu-bijuterii-din-aur-si-telefoane\/10\/07\/2026\">Atac cu cu\u021bitul \u00eentr-o cas\u0103 din Timi\u0219oara, ziua \u00een amiaza mare. T\u00e2lh\u0103rii au fugit cu bijuterii din aur \u0219i telefoane<\/a><\/strong><\/p>\n<p>Trenul a fost garat la una din liniile de Re\u0219i\u021ba din Gara de Nord din Timi\u0219oara.<\/p>\n<p>Pasagerii au cobor\u00e2t, iar la scurt timp a ap\u0103rut \u0219i fumul gros care a \u00eenv\u0103luit \u00eentreaga garnitur\u0103. A\u0219adar, \u00een tren nu se mai aflau oameni \u00een momentul \u00een care a pornit incendiul.<\/p>\n<iframe loading=\"lazy\" title=\"Incendiu la un tren \u00een Gara de Nord din Timi\u0219oara\" width=\"728\" height=\"410\" src=\"https:\/\/www.youtube.com\/embed\/gtCqNcWob6E?feature=oembed&amp;wmode=opaque&amp;rel=0\" frameborder allow=\"accelerometer; autoplay; clipboard-write; encrypted-media; gyroscope; picture-in-picture; web-share\" referrerpolicy=\"strict-origin-when-cross-origin\" allowfullscreen><\/iframe>\n<p>Garnitura urma s\u0103 plece \u00eenapoi, spre Cruceni, \u00eens\u0103 c\u0103l\u0103torii au fost imediat direc\u021biona\u021bi spre alt tren.<\/p>\n<p>Cel mai probabil, incendiul a izbucnit \u00een urma unui scurt circuit electric la bateria trenului, dar acest lucru urmeaz\u0103 s\u0103 fie stabilit ulterior.<\/p>\n<p>\u201d<strong>S\u00e2mb\u0103t\u0103, 11.07.2026, \u00een jurul orei 10:50, am fost solicita\u021bi s\u0103 intervenim pentru stingerea unui incendiu izbucnit la un automotor, \u00een Timi\u0219oara, la Gara de Nord.<\/strong><\/p>\n<p><strong>A fost alertat Deta\u0219amentul 2 Pompieri Timi\u0219oara \u0219i la locul evenimentului s-au deplasat de urgen\u021b\u0103 dou\u0103 autospeciale de stingere \u0219i un echipaj SMURD.<\/strong><\/p>\n<p><strong>La sosirea pompierilor la locul evenimentului, incendiul se manifesta cu degaj\u0103ri de fum la un automotor sta\u021bionat (care circul\u0103 pe rut\u0103 Timi\u0219oara Nord-Cruceni), la nivelul compartimentului motor<\/strong>\u201d, a transmis ISU Timi\u0219<\/p>\n<iframe loading=\"lazy\" title=\"Incendiu la un tren \u00een Gara de Nord din Timi\u0219oara. Interven\u021bie urgent\u0103 a pompierilor\" width=\"728\" height=\"410\" src=\"https:\/\/www.youtube.com\/embed\/NnA6-EUhHmg?feature=oembed&amp;wmode=opaque&amp;rel=0\" frameborder allow=\"accelerometer; autoplay; clipboard-write; encrypted-media; gyroscope; picture-in-picture; web-share\" referrerpolicy=\"strict-origin-when-cross-origin\" allowfullscreen><\/iframe>\n<p>***<\/p>\n<p><strong><span class=\"dia_suggestion w0\">Mai<\/span><span class=\"dia_suggestion w1\">multe<\/span><span class=\"dia_suggestion w2\">g\u0103si\u021bi<\/span> pe <span class=\"dia_suggestion w4\">pagina noastr<span class=\"dia_suggestion w0\">\u0103<\/span><\/span>\u00a0de <a href=\"https:\/\/www.facebook.com\/OpiniaTM\/?ref=page_internal\" target=\"_blank\" rel=\"noopener\">Facebook opiniatimisoarei.ro<\/a>!<\/strong><\/p>\n<p><strong><span class=\"dia_suggestion w0\">Dac\u0103<\/span><span class=\"dia_suggestion w1\">a\u021bi<\/span> fost martorii unui eveniment <span class=\"dia_suggestion w6\">sau<\/span><span class=\"dia_suggestion w7\">ai<\/span> unei <span class=\"dia_suggestion w9\">situa\u021bii<\/span><span class=\"dia_suggestion w10\">neobi\u0219nuite<\/span><span class=\"dia_suggestion w11\">care<\/span> ar <span class=\"dia_suggestion w13\">putea<\/span> deveni subiect de <span class=\"dia_suggestion w17\">\u0219tire<\/span>, <span class=\"dia_suggestion w18\">contacta\u021bi<\/span>-ne <span class=\"dia_suggestion w20\">la<\/span><span><a href=\"https:\/\/www.opiniatimisoarei.ro\/cdn-cgi\/l\/email-protection\" class=\"__cf_email__\" data-cfemail=\"2f5d4a4b4e4c5b464a6f405f4641464e5b4642465c404e5d4a46015d40\">[email\u00a0protected]<\/a>,<\/span>\u00a0 pe <a href=\"https:\/\/www.facebook.com\/OpiniaTM\">FB<\/a><span>sau pe contul nostru de<\/span><a href=\"https:\/\/www.instagram.com\/opiniatimisoarei.ro\/\" target=\"_blank\" rel=\"noopener\">Instagram<\/a>!<\/strong><\/p>\n<p><strong><span>CITE\u0218TE \u0218I<\/span>: <a href=\"https:\/\/www.opiniatimisoarei.ro\/afli-primul-tot-ceea-ce-se-intampla-cu-adevarat-important-in-timisoara-si-in-regiune-cu-aplicatia-de-stiri-opinia-timisoarei-3-tipuri-de-alerte-te-tin-mereu-conectat-la-evenimente-descarca-gratuit-a\/31\/10\/2022\">Afli primul tot ceea ce se intampla cu adevarat important in Timisoara si in regiune cu Aplicatia de stiri Opinia Timisoarei. 3 tipuri de alerte te tin mereu conectat la evenimente. Descarca gratuit Aplicatia OT aici!<\/a><\/strong><\/p>\n<\/div>\n<p>[analyse_source url=&#8221;https:\/\/www.opiniatimisoarei.ro\/incendiu-la-un-tren-in-gara-de-nord-din-timisoara-interventie-urgenta-a-pompierilor-video\/11\/07\/2026&#8243;]<\/p>\n","protected":false},"excerpt":{"rendered":"<p>[analyse_image type=&#8221;featured&#8221; src=&#8221;https:\/\/www.opiniatimisoarei.ro\/wp-content\/uploads\/2026\/07\/incendiu-tren1-728&#215;336.jpghttps:\/\/www.opiniatimisoarei.ro\/wp-content\/uploads\/2026\/07\/incendiu-tren1.jpg&#8221;] TIMI\u0218OARA. Un incendiu a izbucnit la trenul care circul\u0103 pe ruta Timi\u0219oara Nord- Cruceni, sambata. Imediat la fa\u021ba locului au intervenit pompierii. CITE\u0218TE \u0218I:Atac cu cu\u021bitul \u00eentr-o cas\u0103 din Timi\u0219oara, ziua \u00een amiaza mare. T\u00e2lh\u0103rii au fugit cu bijuterii din aur \u0219i telefoane Trenul a fost garat la una din liniile de [&hellip;]<\/p>\n","protected":false},"author":1,"featured_media":0,"comment_status":"open","ping_status":"","sticky":false,"template":"","format":"standard","meta":{"footnotes":""},"categories":[89],"tags":[226,190],"class_list":["post-2041678","post","type-post","status-publish","format-standard","hentry","category-romania","tag-crawlmanager","tag-opiniatimisoarei-ro"],"_links":{"self":[{"href":"https:\/\/analyse.optim.biz\/index.php?rest_route=\/wp\/v2\/posts\/2041678","targetHints":{"allow":["GET"]}}],"collection":[{"href":"https:\/\/analyse.optim.biz\/index.php?rest_route=\/wp\/v2\/posts"}],"about":[{"href":"https:\/\/analyse.optim.biz\/index.php?rest_route=\/wp\/v2\/types\/post"}],"author":[{"embeddable":true,"href":"https:\/\/analyse.optim.biz\/index.php?rest_route=\/wp\/v2\/users\/1"}],"replies":[{"embeddable":true,"href":"https:\/\/analyse.optim.biz\/index.php?rest_route=%2Fwp%2Fv2%2Fcomments&post=2041678"}],"version-history":[{"count":0,"href":"https:\/\/analyse.optim.biz\/index.php?rest_route=\/wp\/v2\/posts\/2041678\/revisions"}],"wp:attachment":[{"href":"https:\/\/analyse.optim.biz\/index.php?rest_route=%2Fwp%2Fv2%2Fmedia&parent=2041678"}],"wp:term":[{"taxonomy":"category","embeddable":true,"href":"https:\/\/analyse.optim.biz\/index.php?rest_route=%2Fwp%2Fv2%2Fcategories&post=2041678"},{"taxonomy":"post_tag","embeddable":true,"href":"https:\/\/analyse.optim.biz\/index.php?rest_route=%2Fwp%2Fv2%2Ftags&post=2041678"}],"curies":[{"name":"wp","href":"https:\/\/api.w.org\/{rel}","templated":true}]}}