{"id":2041674,"date":"2026-07-11T09:49:23","date_gmt":"2026-07-11T06:49:23","guid":{"rendered":"https:\/\/analyse.optim.biz\/?p=2041674"},"modified":"2026-07-11T09:49:23","modified_gmt":"2026-07-11T06:49:23","slug":"masina-zob-pe-autostrada-timisoara-arad-soferita-ranita-grav","status":"publish","type":"post","link":"https:\/\/analyse.optim.biz\/?p=2041674","title":{"rendered":"Ma\u0219in\u0103 zob pe autostrada Timi\u0219oara \u2013 Arad. \u0218oferi\u021b\u0103 r\u0103nit\u0103 grav"},"content":{"rendered":"<p>[analyse_image type=&#8221;featured&#8221; src=&#8221;https:\/\/www.opiniatimisoarei.ro\/wp-content\/uploads\/2026\/07\/accident-autostrada-arad-728&#215;336.jpghttps:\/\/www.opiniatimisoarei.ro\/wp-content\/uploads\/2026\/07\/accident-autostrada-arad.jpg&#8221;]<\/p>\n<div class=\"the_content\">\n<p><strong>TIMI\u0218OARA<\/strong>. O \u0219oferi\u021b\u0103 de 30 de ani a fost grav r\u0103nit\u0103, dup\u0103 ce a lovit parapetul marginal pe autostrada Timi\u0219oara \u2013 Arad, pe sensul spre Timi\u0219oara.<\/p>\n<p><span><strong>CITE\u0218TE \u0218I:<\/strong><\/span><a href=\"https:\/\/www.opiniatimisoarei.ro\/accident-pe-autostrada-timisoara-lugoj-oameni-raniti\/11\/07\/2026\"><strong>Accident pe Autostrada Timi\u0219oara \u2013 Lugoj. Oameni r\u0103ni\u021bi<\/strong><\/a><\/p>\n<p>\u201d<strong>\u00cen urma accidentului a rezultat o victim\u0103 \u00eencarcerat\u0103 \u00een autoturism. Echipajul de descarcerare a ac\u021bionat pentru extragerea acesteia, ulterior victima fiind preluat\u0103 de echipajul medical, aceasta fiind con\u0219tient\u0103 \u0219i cooperant\u0103. \u00cen urma evalu\u0103rii medicale, victima, o femeie \u00een v\u00e2rst\u0103 de aproximativ 30 de ani, a fost transportat\u0103 la spital pentru \u00eengrijiri \u0219i investiga\u021bii medicale suplimentare<\/strong>\u201d, a transmis ISU Arad<\/p>\n<p>Traficul rutier se desf\u0103\u0219oar\u0103 doar pe banda a doua, a anun\u021bat DRDP Timi\u0219oara..<\/p>\n<p>\u201d<strong>Accident pe 1 la kilometrul 537, Arad, sensul spre Timi\u015foara. Un autoturism a lovit parapetul marginal dup\u0103 care s-a r\u0103sturnat. Traficul se desf\u0103\u0219oar\u0103 \u00eengreunat, doar pe banda a doua. Se estimeaz\u0103 reluarea circula\u021biei normale \u00een jurul orei 15<\/strong>\u201d, a transmis DRDP Timi\u0219oara.<\/p>\n<p>***<\/p>\n<p><strong><span class=\"dia_suggestion w0\">Mai<\/span><span class=\"dia_suggestion w1\">multe<\/span><span class=\"dia_suggestion w2\">g\u0103si\u021bi<\/span> pe <span class=\"dia_suggestion w4\">pagina noastr<span class=\"dia_suggestion w0\">\u0103<\/span><\/span>\u00a0de <a href=\"https:\/\/www.facebook.com\/OpiniaTM\/?ref=page_internal\" target=\"_blank\" rel=\"noopener\">Facebook opiniatimisoarei.ro<\/a>!<\/strong><\/p>\n<p><strong><span class=\"dia_suggestion w0\">Dac\u0103<\/span><span class=\"dia_suggestion w1\">a\u021bi<\/span> fost martorii unui eveniment <span class=\"dia_suggestion w6\">sau<\/span><span class=\"dia_suggestion w7\">ai<\/span> unei <span class=\"dia_suggestion w9\">situa\u021bii<\/span><span class=\"dia_suggestion w10\">neobi\u0219nuite<\/span><span class=\"dia_suggestion w11\">care<\/span> ar <span class=\"dia_suggestion w13\">putea<\/span> deveni subiect de <span class=\"dia_suggestion w17\">\u0219tire<\/span>, <span class=\"dia_suggestion w18\">contacta\u021bi<\/span>-ne <span class=\"dia_suggestion w20\">la<\/span><span><a href=\"https:\/\/www.opiniatimisoarei.ro\/cdn-cgi\/l\/email-protection\" class=\"__cf_email__\" data-cfemail=\"97e5f2f3f6f4e3fef2d7f8e7fef9fef6e3fefafee4f8f6e5f2feb9e5f8\">[email\u00a0protected]<\/a>,<\/span>\u00a0 pe <a href=\"https:\/\/www.facebook.com\/OpiniaTM\">FB<\/a><span>sau pe contul nostru de<\/span><a href=\"https:\/\/www.instagram.com\/opiniatimisoarei.ro\/\" target=\"_blank\" rel=\"noopener\">Instagram<\/a>!<\/strong><\/p>\n<p><strong><span>CITE\u0218TE \u0218I<\/span>: <a href=\"https:\/\/www.opiniatimisoarei.ro\/afli-primul-tot-ceea-ce-se-intampla-cu-adevarat-important-in-timisoara-si-in-regiune-cu-aplicatia-de-stiri-opinia-timisoarei-3-tipuri-de-alerte-te-tin-mereu-conectat-la-evenimente-descarca-gratuit-a\/31\/10\/2022\">Afli primul tot ceea ce se intampla cu adevarat important in Timisoara si in regiune cu Aplicatia de stiri Opinia Timisoarei. 3 tipuri de alerte te tin mereu conectat la evenimente. Descarca gratuit Aplicatia OT aici!<\/a><\/strong><\/p>\n<\/div>\n<p>[analyse_source url=&#8221;https:\/\/www.opiniatimisoarei.ro\/masina-zob-pe-autostrada-timisoara-arad-soferita-ranita-grav\/11\/07\/2026&#8243;]<\/p>\n","protected":false},"excerpt":{"rendered":"<p>[analyse_image type=&#8221;featured&#8221; src=&#8221;https:\/\/www.opiniatimisoarei.ro\/wp-content\/uploads\/2026\/07\/accident-autostrada-arad-728&#215;336.jpghttps:\/\/www.opiniatimisoarei.ro\/wp-content\/uploads\/2026\/07\/accident-autostrada-arad.jpg&#8221;] TIMI\u0218OARA. O \u0219oferi\u021b\u0103 de 30 de ani a fost grav r\u0103nit\u0103, dup\u0103 ce a lovit parapetul marginal pe autostrada Timi\u0219oara \u2013 Arad, pe sensul spre Timi\u0219oara. CITE\u0218TE \u0218I:Accident pe Autostrada Timi\u0219oara \u2013 Lugoj. Oameni r\u0103ni\u021bi \u201d\u00cen urma accidentului a rezultat o victim\u0103 \u00eencarcerat\u0103 \u00een autoturism. Echipajul de descarcerare a ac\u021bionat pentru extragerea [&hellip;]<\/p>\n","protected":false},"author":1,"featured_media":0,"comment_status":"open","ping_status":"","sticky":false,"template":"","format":"standard","meta":{"footnotes":""},"categories":[89],"tags":[226,190],"class_list":["post-2041674","post","type-post","status-publish","format-standard","hentry","category-romania","tag-crawlmanager","tag-opiniatimisoarei-ro"],"_links":{"self":[{"href":"https:\/\/analyse.optim.biz\/index.php?rest_route=\/wp\/v2\/posts\/2041674","targetHints":{"allow":["GET"]}}],"collection":[{"href":"https:\/\/analyse.optim.biz\/index.php?rest_route=\/wp\/v2\/posts"}],"about":[{"href":"https:\/\/analyse.optim.biz\/index.php?rest_route=\/wp\/v2\/types\/post"}],"author":[{"embeddable":true,"href":"https:\/\/analyse.optim.biz\/index.php?rest_route=\/wp\/v2\/users\/1"}],"replies":[{"embeddable":true,"href":"https:\/\/analyse.optim.biz\/index.php?rest_route=%2Fwp%2Fv2%2Fcomments&post=2041674"}],"version-history":[{"count":0,"href":"https:\/\/analyse.optim.biz\/index.php?rest_route=\/wp\/v2\/posts\/2041674\/revisions"}],"wp:attachment":[{"href":"https:\/\/analyse.optim.biz\/index.php?rest_route=%2Fwp%2Fv2%2Fmedia&parent=2041674"}],"wp:term":[{"taxonomy":"category","embeddable":true,"href":"https:\/\/analyse.optim.biz\/index.php?rest_route=%2Fwp%2Fv2%2Fcategories&post=2041674"},{"taxonomy":"post_tag","embeddable":true,"href":"https:\/\/analyse.optim.biz\/index.php?rest_route=%2Fwp%2Fv2%2Ftags&post=2041674"}],"curies":[{"name":"wp","href":"https:\/\/api.w.org\/{rel}","templated":true}]}}