{"id":2041597,"date":"2026-07-13T05:11:01","date_gmt":"2026-07-13T02:11:01","guid":{"rendered":"https:\/\/analyse.optim.biz\/?p=2041597"},"modified":"2026-07-13T05:11:01","modified_gmt":"2026-07-13T02:11:01","slug":"anunt-istoric-pentru-fasia-gaza-hamas-a-fost-de-acord-sa-renunte-la-administrarea-civila-a-enclavei-si-cedeaza-conducerea-catre-un-grup-de-tehnocrati","status":"publish","type":"post","link":"https:\/\/analyse.optim.biz\/?p=2041597","title":{"rendered":"Anun\u021b istoric pentru F\u00e2\u0219ia Gaza. Hamas a fost de acord s\u0103 renun\u021be la administrarea civil\u0103 a enclavei \u0219i cedeaz\u0103 conducerea c\u0103tre un grup de tehnocra\u021bi"},"content":{"rendered":"<p>[analyse_image type=&#8221;featured&#8221; src=&#8221;https:\/\/ortodoxinfo.ro\/wp-content\/uploads\/2026\/07\/hamas-renunta-la-conducerea-fasiei-gaza-jpg.jpeghttps:\/\/ortodoxinfo.ro\/wp-content\/uploads\/2026\/07\/hamas-renunta-la-conducerea-fasiei-gaza-jpg.jpeg&#8221;]<\/p>\n<article id=\"post-245967\" class=\"post-245967 post type-post status-publish format-standard has-post-thumbnail category-israel\">\n<header class=\"single-header\">\n<aside class=\"breadcrumb-wrap breadcrumb-yoast s-breadcrumb\">\n<div class=\"breadcrumb-inner\"><span><span><a href=\"https:\/\/ortodoxinfo.ro\/\">Prima pagin\u0103<\/a><\/span> \u00bb <span><a href=\"https:\/\/ortodoxinfo.ro\/blog\/\">Blog<\/a><\/span> \u00bb <span class=\"breadcrumb_last\" aria-current=\"page\">Anun\u021b istoric pentru F\u00e2\u0219ia Gaza. Hamas a fost de acord s\u0103 renun\u021be la administrarea civil\u0103 a enclavei \u0219i cedeaz\u0103 conducerea c\u0103tre un grup de tehnocra\u021bi<\/span><\/span><\/div>\n<\/aside>\n<h1 class=\"s-title fw-headline\">Anun\u021b istoric pentru F\u00e2\u0219ia Gaza. Hamas a fost de acord s\u0103 renun\u021be la administrarea civil\u0103 a enclavei \u0219i cedeaz\u0103 conducerea c\u0103tre un grup de tehnocra\u021bi<\/h1>\n<div class=\"single-meta meta-s-default yes-0\">\n<div class=\"smeta-in\"><a class=\"meta-el meta-avatar\" href=\"https:\/\/ortodoxinfo.ro\/author\/redactor\/\"><img loading=\"lazy\" decoding=\"async\" alt=\"OrtodoxINFO\" src=\"https:\/\/secure.gravatar.com\/avatar\/21010332354a182ce4de6016685c5586f21c51866d0ec5bc8ef383240b3c3e02?s=120&amp;r=g\" class=\"avatar avatar-120 photo\" height=\"120\" width=\"120\"><\/a><\/p>\n<div class=\"smeta-sec\">\n<div class=\"p-meta\">\n<div class=\"meta-inner is-meta\"><span class=\"meta-el meta-date\"><time datetime=\"2026-07-13T00:00:38+03:00\">13 iulie 2026<\/time><\/span><span class=\"meta-el meta-category meta-bold\"><a class=\"meta-separate category-19883\" href=\"https:\/\/ortodoxinfo.ro\/category\/anti-sistem\/al-iii-lea-razboi-mondial\/israel\/\">Israel<\/a><\/span><span class=\"meta-el meta-view\">4.1k vizualiz\u0103ri\t\t<\/span><span class=\"meta-el meta-comment mobile-last-meta tablet-last-meta\"><a href=\"https:\/\/ortodoxinfo.ro\/2026\/07\/13\/anunt-istoric-pentru-fasia-gaza-hamas-a-fost-de-acord-sa-renunte-la-administrarea-civila-a-enclavei-si-cedeaza-conducerea-catre-un-grup-de-tehnocrati\/#respond\">Comentarii<\/a><\/span><\/div>\n<\/div>\n<\/div>\n<\/div>\n<div class=\"smeta-extra\">\n<div class=\"t-shared-sec tooltips-n has-read-meta is-color\">\n<div class=\"t-shared-header is-meta\"><span class=\"share-label\">Share<\/span><\/div>\n<\/div>\n<div class=\"single-right-meta single-time-read is-meta\"><span class=\"meta-el meta-read\">2 Min Read<\/span><\/div>\n<\/div>\n<\/div>\n<\/header>\n<div class=\"grid-container\">\n<div class=\"s-ct\">\n<div class=\"s-feat-outer\">\n<div class=\"s-feat\">\n<div class=\"featured-lightbox-trigger\" data-source=\"https:\/\/ortodoxinfo.ro\/wp-content\/uploads\/2026\/07\/hamas-renunta-la-conducerea-fasiei-gaza-jpg.jpeg\" data-caption data-attribution><img fetchpriority=\"high\" decoding=\"async\" width=\"860\" height=\"484\" src=\"https:\/\/ortodoxinfo.ro\/wp-content\/uploads\/2026\/07\/hamas-renunta-la-conducerea-fasiei-gaza-jpg-860x484.jpeg\" class=\"attachment-foxiz_crop_o1 size-foxiz_crop_o1 wp-post-image\" alt loading=\"eager\"><\/div>\n<\/div>\n<\/div>\n<div class=\"s-ct-wrap has-lsl\">\n<div class=\"s-ct-inner\">\n<div class=\"l-shared-sec-outer show-mobile\">\n<div class=\"l-shared-sec\">\n<div class=\"l-shared-header meta-text\"><span class=\"share-label\">SHARE<\/span><\/div>\n<\/div>\n<\/div>\n<div class=\"e-ct-outer\">\n<div class=\"entry-top\">\n<div id=\"custom_html-3\" class=\"widget_text widget entry-widget clearfix widget_custom_html\">\n<div class=\"textwidget custom-html-widget\">\n<div><small><br \/>\n    OrtodoxINFO este supus unui sabotaj sistematic din partea reprezentan\u021bilor Google Rom\u00e2nia, at\u00e2t la afi\u0219\u0103ri c\u00e2t \u0219i \u00een rezultatele de c\u0103utare.<br \/>\n        Astfel c\u0103 veniturile din publicitate au sc\u0103zut de p\u00e2n\u0103 la <strong>10 ori<\/strong>. Situa\u021bia este similar\u0103 \u0219i pe Facebook.<\/p>\n<p>        V\u0103 invit\u0103m s\u0103 accesa\u021bi direct site-ul \u0219i s\u0103 v\u0103 abona\u021bi la notific\u0103ri.<\/p>\n<p>    Dac\u0103 dori\u021bi s\u0103 ne sus\u021bine\u021bi \u00een aceast\u0103 perioad\u0103 dificil\u0103, orice <a href=\"https:\/\/ortodoxinfo.ro\/donatii\/\">dona\u021bie<\/a> este binevenit\u0103.<br \/>\n    Dumnezeu s\u0103 v\u0103 r\u0103spl\u0103teasc\u0103!<br \/>\n<\/small><\/div>\n<\/div>\n<\/div>\n<\/div>\n<div class=\"entry-content rbct clearfix is-highlight-shares\">\n<p>Organiza\u021bia palestinian\u0103 Hamas a f\u0103cut luni un anun\u021b istoric conform c\u0103ruia desfiin\u021beaz\u0103 oficial Comitetul de Urgen\u021b\u0103 Guvernamental, organismul de facto care a administrat F\u00e2\u0219ia Gaza \u00een ultimii aproape 20 de ani. Aceast\u0103 decizie, comunicat\u0103 prin demisia \u0219efului acestui organism, Mohammed al-Farra, marcheaz\u0103 un pas istoric menit s\u0103 transfere controlul c\u0103tre un regim civil neutru din punct de vedere politic, relateaz\u0103 <a href=\"https:\/\/www.mediafax.ro\/externe\/hamas-dizolva-organismul-de-conducere-din-gaza-23767587\">Mediafax<\/a>.<\/p>\n<p id=\"p-2\">Cedarea puterii administrative a F\u00e2\u0219iei Gaza va permite intrarea \u00een func\u021biune a Comitetului Na\u021bional pentru Administrarea Gaza, un organism format din 15 tehnocra\u021bi f\u0103r\u0103 afiliere politic\u0103 direct\u0103 agreat \u00een cadrul negocierilor interna\u021bionale coordonate de SUA. Acest comitet a fost conceput de Consiliul P\u0103cii \u00een contextul armisti\u021biului negociat anterior \u00eentre Israel \u0219i Hamas.<\/p>\n<p id=\"p-4\">Aceast\u0103 decizie istoric\u0103 pune cap\u0103t controlului pe care Hamas l-a exercitat \u00een F\u00e2\u0219ia Gaza \u00eenc\u0103 din anul 2007, dup\u0103 conflictul intern cu fac\u021biunea rival\u0103 Fatah. Cu toate acestea, de\u0219i anun\u021bul este un pas major pentru reorganizarea post-r\u0103zboi a Gazei, implementarea pe teren implic\u0103 unele probleme. Spre exemplu, Hamas a acceptat s\u0103 renun\u021be la administrarea civil\u0103 a F\u00e2\u0219iei Gaza, dar refuz\u0103 ferm s\u0103 predea armamentul sau s\u0103 se dezarmeze p\u00e2n\u0103 c\u00e2nd armata israelian\u0103 nu se retrage complet din enclava palestinian\u0103.<\/p>\n<p id=\"p-6\">\u00cen prezent, membrii noului Comitet Tehnocrat se afl\u0103 \u00een afara F\u00e2\u0219iei Gaza deoarece Israelul nu le-a permis \u00eenc\u0103 accesul \u00een teritoriu. Israelul refuz\u0103 revenirea sub orice form\u0103 a Hamas la putere, dar respinge \u00een aceast\u0103 etap\u0103 \u0219i preluarea direct\u0103 a conducerii de c\u0103tre Autoritatea Palestinian\u0103.<\/p>\n<\/div>\n<\/div>\n<\/div>\n<div class=\"e-shared-sec entry-sec\">\n<div class=\"e-shared-header h4\"><span>Distribuie<\/span><\/div>\n<div class=\"rbbsl tooltips-n effect-fadeout is-bg\"><a class=\"share-action share-trigger icon-facebook\" aria-label=\"Share on Facebook\" href=\"https:\/\/www.facebook.com\/sharer.php?u=https%3A%2F%2Fortodoxinfo.ro%2F2026%2F07%2F13%2Fanunt-istoric-pentru-fasia-gaza-hamas-a-fost-de-acord-sa-renunte-la-administrarea-civila-a-enclavei-si-cedeaza-conducerea-catre-un-grup-de-tehnocrati%2F\" data-title=\"Facebook\" rel=\"nofollow\"><span>Facebook<\/span><\/a><a class=\"share-action share-trigger icon-twitter\" aria-label=\"Share on X\" href=\"https:\/\/twitter.com\/intent\/tweet?text=Anun%C8%9B+istoric+pentru+F%C3%A2%C8%99ia+Gaza.+Hamas+a+fost+de+acord+s%C4%83+renun%C8%9Be+la+administrarea+civil%C4%83+a+enclavei+%C8%99i+cedeaz%C4%83+conducerea+c%C4%83tre+un+grup+de+tehnocra%C8%9Bi&amp;url=https%3A%2F%2Fortodoxinfo.ro%2F2026%2F07%2F13%2Fanunt-istoric-pentru-fasia-gaza-hamas-a-fost-de-acord-sa-renunte-la-administrarea-civila-a-enclavei-si-cedeaza-conducerea-catre-un-grup-de-tehnocrati%2F&amp;via=ortodoxinforo\" data-title=\"X\" rel=\"nofollow\"><span>X<\/span><\/a><a class=\"share-action icon-whatsapp is-web\" aria-label=\"Share on Whatsapp\" href=\"https:\/\/web.whatsapp.com\/send?text=Anun%C8%9B+istoric+pentru+F%C3%A2%C8%99ia+Gaza.+Hamas+a+fost+de+acord+s%C4%83+renun%C8%9Be+la+administrarea+civil%C4%83+a+enclavei+%C8%99i+cedeaz%C4%83+conducerea+c%C4%83tre+un+grup+de+tehnocra%C8%9Bi%20%E2%98%9E%20https%3A%2F%2Fortodoxinfo.ro%2F2026%2F07%2F13%2Fanunt-istoric-pentru-fasia-gaza-hamas-a-fost-de-acord-sa-renunte-la-administrarea-civila-a-enclavei-si-cedeaza-conducerea-catre-un-grup-de-tehnocrati%2F\" target=\"_blank\" data-title=\"WhatsApp\" rel=\"nofollow\"><span>Whatsapp<\/span><\/a><a class=\"share-action icon-whatsapp is-mobile\" aria-label=\"Share on Whatsapp\" href=\"\/\/send?text=Anun%C8%9B+istoric+pentru+F%C3%A2%C8%99ia+Gaza.+Hamas+a+fost+de+acord+s%C4%83+renun%C8%9Be+la+administrarea+civil%C4%83+a+enclavei+%C8%99i+cedeaz%C4%83+conducerea+c%C4%83tre+un+grup+de+tehnocra%C8%9Bi%20%E2%98%9E%20https%3A%2F%2Fortodoxinfo.ro%2F2026%2F07%2F13%2Fanunt-istoric-pentru-fasia-gaza-hamas-a-fost-de-acord-sa-renunte-la-administrarea-civila-a-enclavei-si-cedeaza-conducerea-catre-un-grup-de-tehnocrati%2F\" target=\"_blank\" data-title=\"WhatsApp\" rel=\"nofollow\"><span>Whatsapp<\/span><\/a><a class=\"share-action share-trigger icon-telegram\" aria-label=\"Share on Telegram\" href=\"https:\/\/t.me\/share\/?url=https%3A%2F%2Fortodoxinfo.ro%2F2026%2F07%2F13%2Fanunt-istoric-pentru-fasia-gaza-hamas-a-fost-de-acord-sa-renunte-la-administrarea-civila-a-enclavei-si-cedeaza-conducerea-catre-un-grup-de-tehnocrati%2F&amp;text=Anun%C8%9B+istoric+pentru+F%C3%A2%C8%99ia+Gaza.+Hamas+a+fost+de+acord+s%C4%83+renun%C8%9Be+la+administrarea+civil%C4%83+a+enclavei+%C8%99i+cedeaz%C4%83+conducerea+c%C4%83tre+un+grup+de+tehnocra%C8%9Bi\" data-title=\"Telegram\" rel=\"nofollow\"><span>Telegram<\/span><\/a><a class=\"share-action icon-copy copy-trigger\" aria-label=\"Copy Link\" href=\"https:\/\/ortodoxinfo.ro\/2026\/07\/13\/anunt-istoric-pentru-fasia-gaza-hamas-a-fost-de-acord-sa-renunte-la-administrarea-civila-a-enclavei-si-cedeaza-conducerea-catre-un-grup-de-tehnocrati\/\" data-copied=\"Copied!\" data-link=\"https:\/\/ortodoxinfo.ro\/2026\/07\/13\/anunt-istoric-pentru-fasia-gaza-hamas-a-fost-de-acord-sa-renunte-la-administrarea-civila-a-enclavei-si-cedeaza-conducerea-catre-un-grup-de-tehnocrati\/\" rel=\"nofollow\" data-copy=\"Copy Link\"><span>Copy Link<\/span><\/a><a class=\"share-action icon-print\" aria-label=\"Print\" rel=\"nofollow\" data-title=\"Print\"><span>Print<\/span><\/a><\/div>\n<\/div>\n<\/div>\n<div id=\"tabs\" class=\"dntplgn_form_wrapper\"><span><\/p>\n<h2>\u0218tirile sunt sub cenzur\u0103! Sprijini\u021bi OrtodoxINFO!<\/h2>\n<p>Guvernul nu dore\u0219te aflarea adev\u0103rului despre lovitura de stat \u0219i \u00eengenuncherea Rom\u00e2niei. \u00cencerc\u0103m s\u0103 men\u021binem viu acest site \u0219i s\u0103 v\u0103 punem la dispozi\u021bie informa\u021bii care s\u0103 fac\u0103 lumin\u0103 \u00een cea mai mare provocare pe care o tr\u0103im. Jurnalismul independent al portalului OrtodoxINFO func\u021bioneaz\u0103 strict cu ajutorul cititorilor.<br \/>\nNe pute\u021bi sprijini printr-o <b><a href=\"https:\/\/ortodoxinfo.ro\/donatii\/\">dona\u021bie bancar\u0103<\/a> sau prin PayPal, complet\u00e2nd formularul de mai jos.<\/b><\/span><\/p>\n<ul>\n<li><a href=\"https:\/\/ortodoxinfo.ro\/2026\/07\/13\/anunt-istoric-pentru-fasia-gaza-hamas-a-fost-de-acord-sa-renunte-la-administrarea-civila-a-enclavei-si-cedeaza-conducerea-catre-un-grup-de-tehnocrati\/#tabs-1\">Dona\u021bie lunar\u0103<\/a><\/li>\n<li><a href=\"https:\/\/ortodoxinfo.ro\/2026\/07\/13\/anunt-istoric-pentru-fasia-gaza-hamas-a-fost-de-acord-sa-renunte-la-administrarea-civila-a-enclavei-si-cedeaza-conducerea-catre-un-grup-de-tehnocrati\/#tabs-2\">Doar acum<\/a><\/li>\n<\/ul>\n<div id=\"tabs-1\"><img loading=\"lazy\" decoding=\"async\" alt border=\"0\" src=\"https:\/\/www.paypalobjects.com\/en_US\/i\/scr\/pixel.gif\" width=\"1\" height=\"1\"><\/div>\n<div id=\"tabs-2\">\n<p>\t\t     \u20ac<\/p>\n<p>\t\t    <img loading=\"lazy\" decoding=\"async\" alt border=\"0\" src=\"https:\/\/www.paypalobjects.com\/en_US\/i\/scr\/pixel.gif\" width=\"1\" height=\"1\"><\/div>\n<p>Mul\u021bumim celor care ne-au ajutat p\u00e2n\u0103 acum!\n\t<\/p><\/div>\n<div class=\"comment-box-wrap entry-sec\">\n<div class=\"comment-box-header\"><span class=\"h3\">Las\u0103 un comentariu<\/span><\/div>\n<div class=\"comment-holder no-comment\">\n<div id=\"comments\" class=\"comments-area\">\n<div id=\"respond\" class=\"comment-respond\">\n<h3 id=\"reply-title\" class=\"comment-reply-title\">Las\u0103 un r\u0103spuns <small><a rel=\"nofollow\" id=\"cancel-comment-reply-link\" href=\"https:\/\/ortodoxinfo.ro\/2026\/07\/13\/anunt-istoric-pentru-fasia-gaza-hamas-a-fost-de-acord-sa-renunte-la-administrarea-civila-a-enclavei-si-cedeaza-conducerea-catre-un-grup-de-tehnocrati\/#respond\">Anuleaz\u0103 r\u0103spunsul<\/a><\/small><\/h3>\n<p class=\"comment-notes\"><span id=\"email-notes\">Adresa ta de email nu va fi publicat\u0103.<\/span><span class=\"required-field-message\">C\u00e2mpurile obligatorii sunt marcate cu <span class=\"required\">*<\/span><\/span><\/p>\n<\/div>\n<\/div>\n<\/div>\n<\/div>\n<\/div>\n<div class=\"sidebar-wrap single-sidebar\">\n<div class=\"sidebar-inner clearfix\">\n<div id=\"widget-post-2\" class=\"widget rb-section w-sidebar clearfix widget-post\">\n<div class=\"block-h widget-heading heading-layout-1\">\n<div class=\"heading-inner\">\n<h4 class=\"heading-title\"><span>Articole recente<\/span><\/h4>\n<\/div>\n<\/div>\n<div class=\"widget-p-listing\">\n<div class=\"p-wrap p-small p-list-small-2\" data-pid=\"248231\">\n<div class=\"feat-holder\">\n<div class=\"p-featured ratio-v1\"><a class=\"p-flink\" href=\"https:\/\/ortodoxinfo.ro\/2026\/07\/14\/incepe-prigoana-fermierilor-inchisoare-pentru-utilizarea-apelor-de-suprafata-si-subterane\/\" title=\"\u00cencepe prigoana fermierilor. \u00cenchisoare pentru utilizarea apelor de suprafa\u021b\u0103 \u0219i subterane\"><img decoding=\"async\" width=\"150\" height=\"150\" src=\"https:\/\/ortodoxinfo.ro\/wp-content\/uploads\/2026\/07\/inchis.webp-150x150.webp\" class=\"featured-img wp-post-image\" alt loading=\"lazy\"><\/a><\/div>\n<\/div>\n<div class=\"p-content\">\n<h5 class=\"entry-title\"><a class=\"p-url\" href=\"https:\/\/ortodoxinfo.ro\/2026\/07\/14\/incepe-prigoana-fermierilor-inchisoare-pentru-utilizarea-apelor-de-suprafata-si-subterane\/\" rel=\"bookmark\">\u00cencepe prigoana fermierilor. \u00cenchisoare pentru utilizarea apelor de suprafa\u021b\u0103 \u0219i subterane<\/a><\/h5>\n<div class=\"p-meta\">\n<div class=\"meta-inner is-meta\"><span class=\"meta-el meta-date\"><time datetime=\"2026-07-14T00:39:26+03:00\">14 iulie 2026<\/time><\/span><span class=\"meta-el meta-category meta-bold\"><a class=\"meta-separate category-19885\" href=\"https:\/\/ortodoxinfo.ro\/category\/anti-sistem\/anti-romanism\/asasinii-tarii\/\">Asasinii \u021b\u0103rii<\/a><\/span><span class=\"meta-el meta-view\">994 vizualiz\u0103ri\t\t<\/span><\/div>\n<\/div>\n<\/div>\n<\/div>\n<div class=\"p-wrap p-small p-list-small-2\" data-pid=\"248175\">\n<div class=\"feat-holder\">\n<div class=\"p-featured ratio-v1\"><a class=\"p-flink\" href=\"https:\/\/ortodoxinfo.ro\/2026\/07\/13\/ipocrita-ue-a-cumparat-o-cantitate-record-de-gaze-de-la-uzina-siberiana-yamal\/\" title=\"Ipocrita UE a cump\u0103rat o cantitate record de gaze de la uzina siberian\u0103 Yamal\"><img decoding=\"async\" width=\"150\" height=\"150\" src=\"https:\/\/ortodoxinfo.ro\/wp-content\/uploads\/2026\/07\/gaz-1.webp-150x150.webp\" class=\"featured-img wp-post-image\" alt loading=\"lazy\"><\/a><\/div>\n<\/div>\n<div class=\"p-content\">\n<h5 class=\"entry-title\"><a class=\"p-url\" href=\"https:\/\/ortodoxinfo.ro\/2026\/07\/13\/ipocrita-ue-a-cumparat-o-cantitate-record-de-gaze-de-la-uzina-siberiana-yamal\/\" rel=\"bookmark\">Ipocrita UE a cump\u0103rat o cantitate record de gaze de la uzina siberian\u0103 Yamal<\/a><\/h5>\n<div class=\"p-meta\">\n<div class=\"meta-inner is-meta\"><span class=\"meta-el meta-date\"><time datetime=\"2026-07-13T19:13:58+03:00\">13 iulie 2026<\/time><\/span><span class=\"meta-el meta-category meta-bold\"><a class=\"meta-separate category-585\" href=\"https:\/\/ortodoxinfo.ro\/category\/stiri\/externe\/\">Externe<\/a><\/span><span class=\"meta-el meta-view\">3.8k vizualiz\u0103ri\t\t<\/span><\/div>\n<\/div>\n<\/div>\n<\/div>\n<div class=\"p-wrap p-small p-list-small-2\" data-pid=\"248162\">\n<div class=\"feat-holder\">\n<div class=\"p-featured ratio-v1\"><a class=\"p-flink\" href=\"https:\/\/ortodoxinfo.ro\/2026\/07\/13\/trump-sua-vor-percepe-o-taxa-de-20-pentru-tranzitul-prin-stramtoarea-ormuz-si-reintroduc-blocada-totala-impotriva-iranului\/\" title=\"Trump: SUA vor percepe o tax\u0103 de 20% pentru tranzitul prin Str\u00e2mtoarea Ormuz \u0219i reintroduc blocada total\u0103 \u00eempotriva Iranului\"><img decoding=\"async\" width=\"150\" height=\"150\" src=\"https:\/\/ortodoxinfo.ro\/wp-content\/uploads\/2026\/07\/trump-sua-vor-percepe-o-taxa-de-20-pentru-tranzitul-prin-stramtoarea-ormuz-si-reintroduc-blocada-tot-150x150.jpeg\" class=\"featured-img wp-post-image\" alt loading=\"lazy\"><\/a><\/div>\n<\/div>\n<div class=\"p-content\">\n<h5 class=\"entry-title\"><a class=\"p-url\" href=\"https:\/\/ortodoxinfo.ro\/2026\/07\/13\/trump-sua-vor-percepe-o-taxa-de-20-pentru-tranzitul-prin-stramtoarea-ormuz-si-reintroduc-blocada-totala-impotriva-iranului\/\" rel=\"bookmark\">Trump: SUA vor percepe o tax\u0103 de 20% pentru tranzitul prin Str\u00e2mtoarea Ormuz \u0219i reintroduc blocada total\u0103 \u00eempotriva Iranului<\/a><\/h5>\n<div class=\"p-meta\">\n<div class=\"meta-inner is-meta\"><span class=\"meta-el meta-date\"><time datetime=\"2026-07-13T18:49:19+03:00\">13 iulie 2026<\/time><\/span><span class=\"meta-el meta-category meta-bold\"><a class=\"meta-separate category-20293\" href=\"https:\/\/ortodoxinfo.ro\/category\/anti-sistem\/al-iii-lea-razboi-mondial\/iran\/\">IRAN<\/a><\/span><span class=\"meta-el meta-view\">3.9k vizualiz\u0103ri\t\t<\/span><\/div>\n<\/div>\n<\/div>\n<\/div>\n<div class=\"p-wrap p-small p-list-small-2\" data-pid=\"247883\">\n<div class=\"feat-holder\">\n<div class=\"p-featured ratio-v1\"><a class=\"p-flink\" href=\"https:\/\/ortodoxinfo.ro\/2026\/07\/12\/romania-criticata-intr-un-raport-international-pentru-discriminarea-tiganilor-si-pentru-ca-nu-facem-destula-reeducare-privind-holocaustul-in-vizor-presedintele-georgescu-si-aur\/\" title=\"Rom\u00e2nia, criticat\u0103 \u00eentr-un raport interna\u021bional pentru discriminarea \u021biganilor \u0219i pentru c\u0103 nu facem destul\u0103 reeducare privind Holocaustul. \u00cen vizor, pre\u0219edintele Georgescu \u0219i AUR\"><img decoding=\"async\" width=\"150\" height=\"150\" src=\"https:\/\/ortodoxinfo.ro\/wp-content\/uploads\/2026\/07\/8dd5d355-efcc-4e85-996c-a3149c2f-150x150.jpg\" class=\"featured-img wp-post-image\" alt loading=\"lazy\"><\/a><\/div>\n<\/div>\n<div class=\"p-content\">\n<h5 class=\"entry-title\"><a class=\"p-url\" href=\"https:\/\/ortodoxinfo.ro\/2026\/07\/12\/romania-criticata-intr-un-raport-international-pentru-discriminarea-tiganilor-si-pentru-ca-nu-facem-destula-reeducare-privind-holocaustul-in-vizor-presedintele-georgescu-si-aur\/\" rel=\"bookmark\">Rom\u00e2nia, criticat\u0103 \u00eentr-un raport interna\u021bional pentru discriminarea \u021biganilor \u0219i pentru c\u0103 nu facem destul\u0103 reeducare privind Holocaustul. \u00cen vizor, pre\u0219edintele Georgescu \u0219i AUR<\/a><\/h5>\n<div class=\"p-meta\">\n<div class=\"meta-inner is-meta\"><span class=\"meta-el meta-date\"><time datetime=\"2026-07-13T19:11:17+03:00\">13 iulie 2026<\/time><\/span><span class=\"meta-el meta-category meta-bold\"><a class=\"meta-separate category-1540\" href=\"https:\/\/ortodoxinfo.ro\/category\/anti-sistem\/sionism\/\">Sionism<\/a><\/span><span class=\"meta-el meta-view\">13.2k vizualiz\u0103ri\t\t<\/span><\/div>\n<\/div>\n<\/div>\n<\/div>\n<\/div>\n<\/div>\n<div id=\"custom_html-2\" class=\"widget_text widget rb-section w-sidebar clearfix widget_custom_html\">\n<div class=\"block-h widget-heading heading-layout-1\">\n<div class=\"heading-inner\">\n<h4 class=\"heading-title\"><span>DONA\u021aII \u00een cont bancar<\/span><\/h4>\n<\/div>\n<\/div>\n<div class=\"textwidget custom-html-widget\">\n<table class=\"donatii\">\n<tbody>\n<tr>\n<th colspan=\"2\"><strong><span>Asicia\u021bia SMI-B<\/span><\/strong><\/th>\n<\/tr>\n<tr>\n<th>Cont LEI<\/th>\n<td>RO67CECEB00030RON2081955<\/td>\n<\/tr>\n<tr>\n<th>Cont EURO<\/th>\n<td>RO33CECEB000C1EUR2081978<\/td>\n<\/tr>\n<tr>\n<th>Cod SWIFT<\/th>\n<td>CECEROBU<\/td>\n<\/tr>\n<tr>\n<th colspan=\"2\"><strong>CEC BANK SA<\/strong><\/th>\n<\/tr>\n<\/tbody>\n<\/table>\n<\/div>\n<\/div>\n<\/div>\n<\/div>\n<\/div>\n<\/article>\n<div class=\"entry-content rbct clearfix is-highlight-shares\">\n<p>Organiza\u021bia palestinian\u0103 Hamas a f\u0103cut luni un anun\u021b istoric conform c\u0103ruia desfiin\u021beaz\u0103 oficial Comitetul de Urgen\u021b\u0103 Guvernamental, organismul de facto care a administrat F\u00e2\u0219ia Gaza \u00een ultimii aproape 20 de ani. Aceast\u0103 decizie, comunicat\u0103 prin demisia \u0219efului acestui organism, Mohammed al-Farra, marcheaz\u0103 un pas istoric menit s\u0103 transfere controlul c\u0103tre un regim civil neutru din punct de vedere politic, relateaz\u0103 <a href=\"https:\/\/www.mediafax.ro\/externe\/hamas-dizolva-organismul-de-conducere-din-gaza-23767587\">Mediafax<\/a>.<\/p>\n<p id=\"p-2\">Cedarea puterii administrative a F\u00e2\u0219iei Gaza va permite intrarea \u00een func\u021biune a Comitetului Na\u021bional pentru Administrarea Gaza, un organism format din 15 tehnocra\u021bi f\u0103r\u0103 afiliere politic\u0103 direct\u0103 agreat \u00een cadrul negocierilor interna\u021bionale coordonate de SUA. Acest comitet a fost conceput de Consiliul P\u0103cii \u00een contextul armisti\u021biului negociat anterior \u00eentre Israel \u0219i Hamas.<\/p>\n<p id=\"p-4\">Aceast\u0103 decizie istoric\u0103 pune cap\u0103t controlului pe care Hamas l-a exercitat \u00een F\u00e2\u0219ia Gaza \u00eenc\u0103 din anul 2007, dup\u0103 conflictul intern cu fac\u021biunea rival\u0103 Fatah. Cu toate acestea, de\u0219i anun\u021bul este un pas major pentru reorganizarea post-r\u0103zboi a Gazei, implementarea pe teren implic\u0103 unele probleme. Spre exemplu, Hamas a acceptat s\u0103 renun\u021be la administrarea civil\u0103 a F\u00e2\u0219iei Gaza, dar refuz\u0103 ferm s\u0103 predea armamentul sau s\u0103 se dezarmeze p\u00e2n\u0103 c\u00e2nd armata israelian\u0103 nu se retrage complet din enclava palestinian\u0103.<\/p>\n<p id=\"p-6\">\u00cen prezent, membrii noului Comitet Tehnocrat se afl\u0103 \u00een afara F\u00e2\u0219iei Gaza deoarece Israelul nu le-a permis \u00eenc\u0103 accesul \u00een teritoriu. Israelul refuz\u0103 revenirea sub orice form\u0103 a Hamas la putere, dar respinge \u00een aceast\u0103 etap\u0103 \u0219i preluarea direct\u0103 a conducerii de c\u0103tre Autoritatea Palestinian\u0103.<\/p>\n<\/div>\n<p>[analyse_source url=&#8221;https:\/\/ortodoxinfo.ro\/2026\/07\/13\/anunt-istoric-pentru-fasia-gaza-hamas-a-fost-de-acord-sa-renunte-la-administrarea-civila-a-enclavei-si-cedeaza-conducerea-catre-un-grup-de-tehnocrati\/&#8221;]<\/p>\n","protected":false},"excerpt":{"rendered":"<p>[analyse_image type=&#8221;featured&#8221; src=&#8221;https:\/\/ortodoxinfo.ro\/wp-content\/uploads\/2026\/07\/hamas-renunta-la-conducerea-fasiei-gaza-jpg.jpeghttps:\/\/ortodoxinfo.ro\/wp-content\/uploads\/2026\/07\/hamas-renunta-la-conducerea-fasiei-gaza-jpg.jpeg&#8221;] Prima pagin\u0103 \u00bb Blog \u00bb Anun\u021b istoric pentru F\u00e2\u0219ia Gaza. Hamas a fost de acord s\u0103 renun\u021be la administrarea civil\u0103 a enclavei \u0219i cedeaz\u0103 conducerea c\u0103tre un grup de tehnocra\u021bi Anun\u021b istoric pentru F\u00e2\u0219ia Gaza. Hamas a fost de acord s\u0103 renun\u021be la administrarea civil\u0103 a enclavei \u0219i cedeaz\u0103 conducerea c\u0103tre un [&hellip;]<\/p>\n","protected":false},"author":1,"featured_media":0,"comment_status":"open","ping_status":"","sticky":false,"template":"","format":"standard","meta":{"footnotes":""},"categories":[89],"tags":[226,94],"class_list":["post-2041597","post","type-post","status-publish","format-standard","hentry","category-romania","tag-crawlmanager","tag-ortodoxinfo-ro"],"_links":{"self":[{"href":"https:\/\/analyse.optim.biz\/index.php?rest_route=\/wp\/v2\/posts\/2041597","targetHints":{"allow":["GET"]}}],"collection":[{"href":"https:\/\/analyse.optim.biz\/index.php?rest_route=\/wp\/v2\/posts"}],"about":[{"href":"https:\/\/analyse.optim.biz\/index.php?rest_route=\/wp\/v2\/types\/post"}],"author":[{"embeddable":true,"href":"https:\/\/analyse.optim.biz\/index.php?rest_route=\/wp\/v2\/users\/1"}],"replies":[{"embeddable":true,"href":"https:\/\/analyse.optim.biz\/index.php?rest_route=%2Fwp%2Fv2%2Fcomments&post=2041597"}],"version-history":[{"count":0,"href":"https:\/\/analyse.optim.biz\/index.php?rest_route=\/wp\/v2\/posts\/2041597\/revisions"}],"wp:attachment":[{"href":"https:\/\/analyse.optim.biz\/index.php?rest_route=%2Fwp%2Fv2%2Fmedia&parent=2041597"}],"wp:term":[{"taxonomy":"category","embeddable":true,"href":"https:\/\/analyse.optim.biz\/index.php?rest_route=%2Fwp%2Fv2%2Fcategories&post=2041597"},{"taxonomy":"post_tag","embeddable":true,"href":"https:\/\/analyse.optim.biz\/index.php?rest_route=%2Fwp%2Fv2%2Ftags&post=2041597"}],"curies":[{"name":"wp","href":"https:\/\/api.w.org\/{rel}","templated":true}]}}