{"id":2041594,"date":"2026-07-13T16:13:58","date_gmt":"2026-07-13T13:13:58","guid":{"rendered":"https:\/\/analyse.optim.biz\/?p=2041594"},"modified":"2026-07-13T16:13:58","modified_gmt":"2026-07-13T13:13:58","slug":"ipocrita-ue-a-cumparat-o-cantitate-record-de-gaze-de-la-uzina-siberiana-yamal","status":"publish","type":"post","link":"https:\/\/analyse.optim.biz\/?p=2041594","title":{"rendered":"Ipocrita UE a cump\u0103rat o cantitate record de gaze de la uzina siberian\u0103 Yamal"},"content":{"rendered":"<p>[analyse_image type=&#8221;featured&#8221; src=&#8221;https:\/\/ortodoxinfo.ro\/wp-content\/uploads\/2026\/07\/gaz-1.webp.webphttps:\/\/ortodoxinfo.ro\/wp-content\/uploads\/2026\/07\/gaz-1.webp.webp&#8221;]<\/p>\n<article id=\"post-248175\" class=\"post-248175 post type-post status-publish format-standard has-post-thumbnail category-externe\">\n<header class=\"single-header\">\n<aside class=\"breadcrumb-wrap breadcrumb-yoast s-breadcrumb\">\n<div class=\"breadcrumb-inner\"><span><span><a href=\"https:\/\/ortodoxinfo.ro\/\">Prima pagin\u0103<\/a><\/span> \u00bb <span><a href=\"https:\/\/ortodoxinfo.ro\/blog\/\">Blog<\/a><\/span> \u00bb <span class=\"breadcrumb_last\" aria-current=\"page\">Ipocrita UE a cump\u0103rat o cantitate record de gaze de la uzina siberian\u0103 Yamal<\/span><\/span><\/div>\n<\/aside>\n<h1 class=\"s-title fw-headline\">Ipocrita UE a cump\u0103rat o cantitate record de gaze de la uzina siberian\u0103 Yamal<\/h1>\n<div class=\"single-meta meta-s-default yes-0\">\n<div class=\"smeta-in\"><a class=\"meta-el meta-avatar\" href=\"https:\/\/ortodoxinfo.ro\/author\/redactor\/\"><img loading=\"lazy\" decoding=\"async\" alt=\"OrtodoxINFO\" src=\"https:\/\/secure.gravatar.com\/avatar\/21010332354a182ce4de6016685c5586f21c51866d0ec5bc8ef383240b3c3e02?s=120&amp;r=g\" class=\"avatar avatar-120 photo\" height=\"120\" width=\"120\"><\/a><\/p>\n<div class=\"smeta-sec\">\n<div class=\"p-meta\">\n<div class=\"meta-inner is-meta\"><span class=\"meta-el meta-date\"><time datetime=\"2026-07-13T19:13:58+03:00\">13 iulie 2026<\/time><\/span><span class=\"meta-el meta-category meta-bold\"><a class=\"meta-separate category-585\" href=\"https:\/\/ortodoxinfo.ro\/category\/stiri\/externe\/\">Externe<\/a><\/span><span class=\"meta-el meta-view\">3.8k vizualiz\u0103ri\t\t<\/span><span class=\"meta-el meta-comment mobile-last-meta tablet-last-meta\"><a href=\"https:\/\/ortodoxinfo.ro\/2026\/07\/13\/ipocrita-ue-a-cumparat-o-cantitate-record-de-gaze-de-la-uzina-siberiana-yamal\/#respond\">Comentarii<\/a><\/span><\/div>\n<\/div>\n<\/div>\n<\/div>\n<div class=\"smeta-extra\">\n<div class=\"t-shared-sec tooltips-n has-read-meta is-color\">\n<div class=\"t-shared-header is-meta\"><span class=\"share-label\">Share<\/span><\/div>\n<\/div>\n<div class=\"single-right-meta single-time-read is-meta\"><span class=\"meta-el meta-read\">3 Min Read<\/span><\/div>\n<\/div>\n<\/div>\n<\/header>\n<div class=\"grid-container\">\n<div class=\"s-ct\">\n<div class=\"s-feat-outer\">\n<div class=\"s-feat\">\n<div class=\"featured-lightbox-trigger\" data-source=\"https:\/\/ortodoxinfo.ro\/wp-content\/uploads\/2026\/07\/gaz-1.webp.webp\" data-caption data-attribution><img fetchpriority=\"high\" decoding=\"async\" width=\"860\" height=\"641\" src=\"https:\/\/ortodoxinfo.ro\/wp-content\/uploads\/2026\/07\/gaz-1.webp-860x641.webp\" class=\"attachment-foxiz_crop_o1 size-foxiz_crop_o1 wp-post-image\" alt loading=\"eager\"><\/div>\n<\/div>\n<\/div>\n<div class=\"s-ct-wrap has-lsl\">\n<div class=\"s-ct-inner\">\n<div class=\"l-shared-sec-outer show-mobile\">\n<div class=\"l-shared-sec\">\n<div class=\"l-shared-header meta-text\"><span class=\"share-label\">SHARE<\/span><\/div>\n<\/div>\n<\/div>\n<div class=\"e-ct-outer\">\n<div class=\"entry-top\">\n<div id=\"custom_html-3\" class=\"widget_text widget entry-widget clearfix widget_custom_html\">\n<div class=\"textwidget custom-html-widget\">\n<div><small><br \/>\n    OrtodoxINFO este supus unui sabotaj sistematic din partea reprezentan\u021bilor Google Rom\u00e2nia, at\u00e2t la afi\u0219\u0103ri c\u00e2t \u0219i \u00een rezultatele de c\u0103utare.<br \/>\n        Astfel c\u0103 veniturile din publicitate au sc\u0103zut de p\u00e2n\u0103 la <strong>10 ori<\/strong>. Situa\u021bia este similar\u0103 \u0219i pe Facebook.<\/p>\n<p>        V\u0103 invit\u0103m s\u0103 accesa\u021bi direct site-ul \u0219i s\u0103 v\u0103 abona\u021bi la notific\u0103ri.<\/p>\n<p>    Dac\u0103 dori\u021bi s\u0103 ne sus\u021bine\u021bi \u00een aceast\u0103 perioad\u0103 dificil\u0103, orice <a href=\"https:\/\/ortodoxinfo.ro\/donatii\/\">dona\u021bie<\/a> este binevenit\u0103.<br \/>\n    Dumnezeu s\u0103 v\u0103 r\u0103spl\u0103teasc\u0103!<br \/>\n<\/small><\/div>\n<\/div>\n<\/div>\n<\/div>\n<div class=\"entry-content rbct clearfix is-highlight-shares\">\n<p><strong>Blocul comunitar a importat mai mult gaz natural lichefiat<\/strong><strong> dec\u00e2t oric\u00e2nd \u00een prima jum\u0103tate a anului 2026 din principalul proiect GNL al Rusiei, \u00a0absorbind aproape toat\u0103 produc\u021bia uzinei siberiene Yamal cu c\u00e2teva luni \u00eenainte de intrarea \u00een vigoare a unei interdic\u021bii UE privind importurile de gaze ruse\u0219ti.<\/strong><\/p>\n<p>Achizi\u021biile UE de la Yamal LNG, controlat\u0103 de compania privat\u0103 rus\u0103 Novatek, au atins un nivel record de 9,89 milioane de tone, cu 18% mai mult dec\u00e2t \u00een aceea\u0219i perioad\u0103 a anului trecut, potrivit datelor furnizate de compania de analiz\u0103 Kpler.<\/p>\n<h3>6 miliarde de euro \u00een conturile Kremlinului<\/h3>\n<p>Organiza\u021bia non-guvernamental\u0103 Urgewald estimeaz\u0103 c\u0103 Europa ar fi pl\u0103tit p\u00e2n\u0103 la 6 miliarde de euro pentru aceste transporturi. Principalii cump\u0103r\u0103tori europeni au fost Fran\u021ba, Belgia \u0219i Spania, care au importat 3,6 milioane, 2,9 milioane \u0219i, respectiv, 2,7 milioane de tone.<\/p>\n<p>Cifrele subliniaz\u0103 rolul crucial pe care Europa \u00eel joac\u0103 \u00een continuare \u00een men\u021binerea \u00een func\u021biune a principalei instala\u021bii energetice a Rusiei, \u00een contextul \u00een care r\u0103zboiul dus de Moscova \u00eempotriva Ucrainei intr\u0103 \u00een al cincilea an, noteaz\u0103 Financial Times.<\/p>\n<p>Mai degrab\u0103 subliniaz\u0103 impocrizia UE. Liderii europeni men\u021bin retorica de solidaritate cu Ucraina, dar finan\u021beaz\u0103 ma\u0219in\u0103ria de r\u0103zboi a lui Vladimir Putin, iar gazul lichefiat rusesc completeaz\u0103 golurile din depozitele Europei.<\/p>\n<p>De\u0219i Regulamentul REPowerEU formalizeaz\u0103 eliminarea GNL-ului rusesc p\u00e2n\u0103 \u00een ianuarie 2027, intervalul de tranzi\u021bie din 2026 a devenit o curs\u0103 contra-cronometru \u00een care operatorii europeni \u00ee\u0219i maximizeaz\u0103 achizi\u021biile. \u00cen loc s\u0103 asist\u0103m la o decuplare treptat\u0103 \u0219i controlat\u0103, vedem un asalt asupra stocurilor siberiene, profit\u00e2nd de porti\u021bele legislative l\u0103sate deliberat deschise pentru a men\u021bine pre\u021burile la pomp\u0103 \u0219i la energie \u00eentr-o zon\u0103 de stabilitate politic\u0103 \u00een marile capitale din Vest.<\/p>\n<p>Navele de tip Arc7 care transport\u0103 produc\u021bia din Yamal se bazeaz\u0103 \u00een continuare pe \u0219antiere navale europene pentru repara\u021bii, inclusiv pe serviciile oferite de \u0219antierul Damen din Brest, Fran\u021ba, \u0219i de Fayard A\/S din Danemarca.<img loading=\"lazy\" decoding=\"async\" class=\"alignnone size-full wp-image-876565 lazy\" title=\"Ipocrita UE a cump\u0103rat o cantitate record de gaze de la uzina siberian\u0103 Yamal - Ziarul National\" src=\"https:\/\/www.national.ro\/wp-content\/uploads\/2026\/07\/gaz-3.webp?x47797\" alt=\"Ipocrita UE a cump\u0103rat o cantitate record de gaze de la uzina siberian\u0103 Yamal - Ziarul National\" width=\"1200\" height=\"790\" data-sizes=\"auto, (max-width: 1200px) 100vw, 1200px\"><\/p>\n<p>\u201dYamal LNG depinde o\u00a0 flot\u0103 specializat\u0103, de porturi europene \u0219i de servicii europene pentru a men\u021bine fluxul de exporturi. Europa continu\u0103 s\u0103 le furnizeze pe toate trei, a declarat Sebastian R\u00f6tters, activist la Urgewald.<\/p>\n<p>Inaugurat de Putin \u00een 2027, Yamal r\u0103m\u00e2ne cel mai mare produc\u0103tor de gaz lichefiat din Rusia, cu o capacitate proiectat\u0103 de 17,4 milioane de tone pe an, de\u0219i produc\u021bia efectiv\u0103 dep\u0103\u0219e\u0219te adesea acest nivel.<\/p>\n<div class=\"inline-single-ad ad_single_3_index alignfull\">\n<div class=\"ad-wrap ad-script-wrap\">\n<div class=\"ad-script non-adsense edge-padding\">\n<div>\n\u203c\ufe0f\u203c\ufe0f NU recunoa\u0219tem ca pre\u0219edinte al Rom\u00e2niei pe marioneta retard\u0103 Nicu\u0219or Dan! Rom\u00e2ni, boicota\u021bi aceast\u0103 f\u0103c\u0103tur\u0103, care ne face \u021bara de r\u00e2s! NU rom\u00e2nii l-au votat pe Nicusoro\u0219 &#8211; cu unele excep\u021bii de persoane infantile, manipulabile \u0219i chiar idioate &#8211; ci l-au ajutat Maia Soro\u0219, Emanuel Macrou \u0219i tr\u0103d\u0103torii de la B.E.C. \u0219i CCR!<br \/>\n La \u00eenchisoare cu cei care au fraudat alegerile!\n<\/div>\n<\/div>\n<\/div>\n<\/div>\n<p>Pe l\u00e2ng\u0103 Novatek, ac\u021bionarul majoritar, compania francez\u0103 TotalEnergies \u0219i cea chinez\u0103 CNPC de\u021bin participa\u021bii la proiect.<\/p>\n<\/div>\n<\/div>\n<\/div>\n<div class=\"e-shared-sec entry-sec\">\n<div class=\"e-shared-header h4\"><span>Distribuie<\/span><\/div>\n<div class=\"rbbsl tooltips-n effect-fadeout is-bg\"><a class=\"share-action share-trigger icon-facebook\" aria-label=\"Share on Facebook\" href=\"https:\/\/www.facebook.com\/sharer.php?u=https%3A%2F%2Fortodoxinfo.ro%2F2026%2F07%2F13%2Fipocrita-ue-a-cumparat-o-cantitate-record-de-gaze-de-la-uzina-siberiana-yamal%2F\" data-title=\"Facebook\" rel=\"nofollow\"><span>Facebook<\/span><\/a><a class=\"share-action share-trigger icon-twitter\" aria-label=\"Share on X\" href=\"https:\/\/twitter.com\/intent\/tweet?text=Ipocrita+UE+a+cump%C4%83rat+o+cantitate+record+de+gaze+de+la+uzina+siberian%C4%83+Yamal&amp;url=https%3A%2F%2Fortodoxinfo.ro%2F2026%2F07%2F13%2Fipocrita-ue-a-cumparat-o-cantitate-record-de-gaze-de-la-uzina-siberiana-yamal%2F&amp;via=ortodoxinforo\" data-title=\"X\" rel=\"nofollow\"><span>X<\/span><\/a><a class=\"share-action icon-whatsapp is-web\" aria-label=\"Share on Whatsapp\" href=\"https:\/\/web.whatsapp.com\/send?text=Ipocrita+UE+a+cump%C4%83rat+o+cantitate+record+de+gaze+de+la+uzina+siberian%C4%83+Yamal%20%E2%98%9E%20https%3A%2F%2Fortodoxinfo.ro%2F2026%2F07%2F13%2Fipocrita-ue-a-cumparat-o-cantitate-record-de-gaze-de-la-uzina-siberiana-yamal%2F\" target=\"_blank\" data-title=\"WhatsApp\" rel=\"nofollow\"><span>Whatsapp<\/span><\/a><a class=\"share-action icon-whatsapp is-mobile\" aria-label=\"Share on Whatsapp\" href=\"\/\/send?text=Ipocrita+UE+a+cump%C4%83rat+o+cantitate+record+de+gaze+de+la+uzina+siberian%C4%83+Yamal%20%E2%98%9E%20https%3A%2F%2Fortodoxinfo.ro%2F2026%2F07%2F13%2Fipocrita-ue-a-cumparat-o-cantitate-record-de-gaze-de-la-uzina-siberiana-yamal%2F\" target=\"_blank\" data-title=\"WhatsApp\" rel=\"nofollow\"><span>Whatsapp<\/span><\/a><a class=\"share-action share-trigger icon-telegram\" aria-label=\"Share on Telegram\" href=\"https:\/\/t.me\/share\/?url=https%3A%2F%2Fortodoxinfo.ro%2F2026%2F07%2F13%2Fipocrita-ue-a-cumparat-o-cantitate-record-de-gaze-de-la-uzina-siberiana-yamal%2F&amp;text=Ipocrita+UE+a+cump%C4%83rat+o+cantitate+record+de+gaze+de+la+uzina+siberian%C4%83+Yamal\" data-title=\"Telegram\" rel=\"nofollow\"><span>Telegram<\/span><\/a><a class=\"share-action icon-copy copy-trigger\" aria-label=\"Copy Link\" href=\"https:\/\/ortodoxinfo.ro\/2026\/07\/13\/ipocrita-ue-a-cumparat-o-cantitate-record-de-gaze-de-la-uzina-siberiana-yamal\/\" data-copied=\"Copied!\" data-link=\"https:\/\/ortodoxinfo.ro\/2026\/07\/13\/ipocrita-ue-a-cumparat-o-cantitate-record-de-gaze-de-la-uzina-siberiana-yamal\/\" rel=\"nofollow\" data-copy=\"Copy Link\"><span>Copy Link<\/span><\/a><a class=\"share-action icon-print\" aria-label=\"Print\" rel=\"nofollow\" data-title=\"Print\"><span>Print<\/span><\/a><\/div>\n<\/div>\n<\/div>\n<div id=\"tabs\" class=\"dntplgn_form_wrapper\"><span><\/p>\n<h2>\u0218tirile sunt sub cenzur\u0103! Sprijini\u021bi OrtodoxINFO!<\/h2>\n<p>Guvernul nu dore\u0219te aflarea adev\u0103rului despre lovitura de stat \u0219i \u00eengenuncherea Rom\u00e2niei. \u00cencerc\u0103m s\u0103 men\u021binem viu acest site \u0219i s\u0103 v\u0103 punem la dispozi\u021bie informa\u021bii care s\u0103 fac\u0103 lumin\u0103 \u00een cea mai mare provocare pe care o tr\u0103im. Jurnalismul independent al portalului OrtodoxINFO func\u021bioneaz\u0103 strict cu ajutorul cititorilor.<br \/>\nNe pute\u021bi sprijini printr-o <b><a href=\"https:\/\/ortodoxinfo.ro\/donatii\/\">dona\u021bie bancar\u0103<\/a> sau prin PayPal, complet\u00e2nd formularul de mai jos.<\/b><\/span><\/p>\n<ul>\n<li><a href=\"https:\/\/ortodoxinfo.ro\/2026\/07\/13\/ipocrita-ue-a-cumparat-o-cantitate-record-de-gaze-de-la-uzina-siberiana-yamal\/#tabs-1\">Dona\u021bie lunar\u0103<\/a><\/li>\n<li><a href=\"https:\/\/ortodoxinfo.ro\/2026\/07\/13\/ipocrita-ue-a-cumparat-o-cantitate-record-de-gaze-de-la-uzina-siberiana-yamal\/#tabs-2\">Doar acum<\/a><\/li>\n<\/ul>\n<div id=\"tabs-1\"><img loading=\"lazy\" decoding=\"async\" alt border=\"0\" src=\"https:\/\/www.paypalobjects.com\/en_US\/i\/scr\/pixel.gif\" width=\"1\" height=\"1\"><\/div>\n<div id=\"tabs-2\">\n<p>\t\t     \u20ac<\/p>\n<p>\t\t    <img loading=\"lazy\" decoding=\"async\" alt border=\"0\" src=\"https:\/\/www.paypalobjects.com\/en_US\/i\/scr\/pixel.gif\" width=\"1\" height=\"1\"><\/div>\n<p>Mul\u021bumim celor care ne-au ajutat p\u00e2n\u0103 acum!\n\t<\/p><\/div>\n<div class=\"comment-box-wrap entry-sec\">\n<div class=\"comment-box-header\"><span class=\"h3\">Las\u0103 un comentariu<\/span><\/div>\n<div class=\"comment-holder no-comment\">\n<div id=\"comments\" class=\"comments-area\">\n<div id=\"respond\" class=\"comment-respond\">\n<h3 id=\"reply-title\" class=\"comment-reply-title\">Las\u0103 un r\u0103spuns <small><a rel=\"nofollow\" id=\"cancel-comment-reply-link\" href=\"https:\/\/ortodoxinfo.ro\/2026\/07\/13\/ipocrita-ue-a-cumparat-o-cantitate-record-de-gaze-de-la-uzina-siberiana-yamal\/#respond\">Anuleaz\u0103 r\u0103spunsul<\/a><\/small><\/h3>\n<p class=\"comment-notes\"><span id=\"email-notes\">Adresa ta de email nu va fi publicat\u0103.<\/span><span class=\"required-field-message\">C\u00e2mpurile obligatorii sunt marcate cu <span class=\"required\">*<\/span><\/span><\/p>\n<\/div>\n<\/div>\n<\/div>\n<\/div>\n<\/div>\n<div class=\"sidebar-wrap single-sidebar\">\n<div class=\"sidebar-inner clearfix\">\n<div id=\"widget-post-2\" class=\"widget rb-section w-sidebar clearfix widget-post\">\n<div class=\"block-h widget-heading heading-layout-1\">\n<div class=\"heading-inner\">\n<h4 class=\"heading-title\"><span>Articole recente<\/span><\/h4>\n<\/div>\n<\/div>\n<div class=\"widget-p-listing\">\n<div class=\"p-wrap p-small p-list-small-2\" data-pid=\"248231\">\n<div class=\"feat-holder\">\n<div class=\"p-featured ratio-v1\"><a class=\"p-flink\" href=\"https:\/\/ortodoxinfo.ro\/2026\/07\/14\/incepe-prigoana-fermierilor-inchisoare-pentru-utilizarea-apelor-de-suprafata-si-subterane\/\" title=\"\u00cencepe prigoana fermierilor. \u00cenchisoare pentru utilizarea apelor de suprafa\u021b\u0103 \u0219i subterane\"><img decoding=\"async\" width=\"150\" height=\"150\" src=\"https:\/\/ortodoxinfo.ro\/wp-content\/uploads\/2026\/07\/inchis.webp-150x150.webp\" class=\"featured-img wp-post-image\" alt loading=\"lazy\"><\/a><\/div>\n<\/div>\n<div class=\"p-content\">\n<h5 class=\"entry-title\"><a class=\"p-url\" href=\"https:\/\/ortodoxinfo.ro\/2026\/07\/14\/incepe-prigoana-fermierilor-inchisoare-pentru-utilizarea-apelor-de-suprafata-si-subterane\/\" rel=\"bookmark\">\u00cencepe prigoana fermierilor. \u00cenchisoare pentru utilizarea apelor de suprafa\u021b\u0103 \u0219i subterane<\/a><\/h5>\n<div class=\"p-meta\">\n<div class=\"meta-inner is-meta\"><span class=\"meta-el meta-date\"><time datetime=\"2026-07-14T00:39:26+03:00\">14 iulie 2026<\/time><\/span><span class=\"meta-el meta-category meta-bold\"><a class=\"meta-separate category-19885\" href=\"https:\/\/ortodoxinfo.ro\/category\/anti-sistem\/anti-romanism\/asasinii-tarii\/\">Asasinii \u021b\u0103rii<\/a><\/span><span class=\"meta-el meta-view\">994 vizualiz\u0103ri\t\t<\/span><\/div>\n<\/div>\n<\/div>\n<\/div>\n<div class=\"p-wrap p-small p-list-small-2\" data-pid=\"248162\">\n<div class=\"feat-holder\">\n<div class=\"p-featured ratio-v1\"><a class=\"p-flink\" href=\"https:\/\/ortodoxinfo.ro\/2026\/07\/13\/trump-sua-vor-percepe-o-taxa-de-20-pentru-tranzitul-prin-stramtoarea-ormuz-si-reintroduc-blocada-totala-impotriva-iranului\/\" title=\"Trump: SUA vor percepe o tax\u0103 de 20% pentru tranzitul prin Str\u00e2mtoarea Ormuz \u0219i reintroduc blocada total\u0103 \u00eempotriva Iranului\"><img decoding=\"async\" width=\"150\" height=\"150\" src=\"https:\/\/ortodoxinfo.ro\/wp-content\/uploads\/2026\/07\/trump-sua-vor-percepe-o-taxa-de-20-pentru-tranzitul-prin-stramtoarea-ormuz-si-reintroduc-blocada-tot-150x150.jpeg\" class=\"featured-img wp-post-image\" alt loading=\"lazy\"><\/a><\/div>\n<\/div>\n<div class=\"p-content\">\n<h5 class=\"entry-title\"><a class=\"p-url\" href=\"https:\/\/ortodoxinfo.ro\/2026\/07\/13\/trump-sua-vor-percepe-o-taxa-de-20-pentru-tranzitul-prin-stramtoarea-ormuz-si-reintroduc-blocada-totala-impotriva-iranului\/\" rel=\"bookmark\">Trump: SUA vor percepe o tax\u0103 de 20% pentru tranzitul prin Str\u00e2mtoarea Ormuz \u0219i reintroduc blocada total\u0103 \u00eempotriva Iranului<\/a><\/h5>\n<div class=\"p-meta\">\n<div class=\"meta-inner is-meta\"><span class=\"meta-el meta-date\"><time datetime=\"2026-07-13T18:49:19+03:00\">13 iulie 2026<\/time><\/span><span class=\"meta-el meta-category meta-bold\"><a class=\"meta-separate category-20293\" href=\"https:\/\/ortodoxinfo.ro\/category\/anti-sistem\/al-iii-lea-razboi-mondial\/iran\/\">IRAN<\/a><\/span><span class=\"meta-el meta-view\">3.9k vizualiz\u0103ri\t\t<\/span><\/div>\n<\/div>\n<\/div>\n<\/div>\n<div class=\"p-wrap p-small p-list-small-2\" data-pid=\"245967\">\n<div class=\"feat-holder\">\n<div class=\"p-featured ratio-v1\"><a class=\"p-flink\" href=\"https:\/\/ortodoxinfo.ro\/2026\/07\/13\/anunt-istoric-pentru-fasia-gaza-hamas-a-fost-de-acord-sa-renunte-la-administrarea-civila-a-enclavei-si-cedeaza-conducerea-catre-un-grup-de-tehnocrati\/\" title=\"Anun\u021b istoric pentru F\u00e2\u0219ia Gaza. Hamas a fost de acord s\u0103 renun\u021be la administrarea civil\u0103 a enclavei \u0219i cedeaz\u0103 conducerea c\u0103tre un grup de tehnocra\u021bi\"><img decoding=\"async\" width=\"150\" height=\"150\" src=\"https:\/\/ortodoxinfo.ro\/wp-content\/uploads\/2026\/07\/hamas-renunta-la-conducerea-fasiei-gaza-jpg-150x150.jpeg\" class=\"featured-img wp-post-image\" alt loading=\"lazy\"><\/a><\/div>\n<\/div>\n<div class=\"p-content\">\n<h5 class=\"entry-title\"><a class=\"p-url\" href=\"https:\/\/ortodoxinfo.ro\/2026\/07\/13\/anunt-istoric-pentru-fasia-gaza-hamas-a-fost-de-acord-sa-renunte-la-administrarea-civila-a-enclavei-si-cedeaza-conducerea-catre-un-grup-de-tehnocrati\/\" rel=\"bookmark\">Anun\u021b istoric pentru F\u00e2\u0219ia Gaza. Hamas a fost de acord s\u0103 renun\u021be la administrarea civil\u0103 a enclavei \u0219i cedeaz\u0103 conducerea c\u0103tre un grup de tehnocra\u021bi<\/a><\/h5>\n<div class=\"p-meta\">\n<div class=\"meta-inner is-meta\"><span class=\"meta-el meta-date\"><time datetime=\"2026-07-13T00:00:38+03:00\">13 iulie 2026<\/time><\/span><span class=\"meta-el meta-category meta-bold\"><a class=\"meta-separate category-19883\" href=\"https:\/\/ortodoxinfo.ro\/category\/anti-sistem\/al-iii-lea-razboi-mondial\/israel\/\">Israel<\/a><\/span><span class=\"meta-el meta-view\">4.1k vizualiz\u0103ri\t\t<\/span><\/div>\n<\/div>\n<\/div>\n<\/div>\n<div class=\"p-wrap p-small p-list-small-2\" data-pid=\"247883\">\n<div class=\"feat-holder\">\n<div class=\"p-featured ratio-v1\"><a class=\"p-flink\" href=\"https:\/\/ortodoxinfo.ro\/2026\/07\/12\/romania-criticata-intr-un-raport-international-pentru-discriminarea-tiganilor-si-pentru-ca-nu-facem-destula-reeducare-privind-holocaustul-in-vizor-presedintele-georgescu-si-aur\/\" title=\"Rom\u00e2nia, criticat\u0103 \u00eentr-un raport interna\u021bional pentru discriminarea \u021biganilor \u0219i pentru c\u0103 nu facem destul\u0103 reeducare privind Holocaustul. \u00cen vizor, pre\u0219edintele Georgescu \u0219i AUR\"><img decoding=\"async\" width=\"150\" height=\"150\" src=\"https:\/\/ortodoxinfo.ro\/wp-content\/uploads\/2026\/07\/8dd5d355-efcc-4e85-996c-a3149c2f-150x150.jpg\" class=\"featured-img wp-post-image\" alt loading=\"lazy\"><\/a><\/div>\n<\/div>\n<div class=\"p-content\">\n<h5 class=\"entry-title\"><a class=\"p-url\" href=\"https:\/\/ortodoxinfo.ro\/2026\/07\/12\/romania-criticata-intr-un-raport-international-pentru-discriminarea-tiganilor-si-pentru-ca-nu-facem-destula-reeducare-privind-holocaustul-in-vizor-presedintele-georgescu-si-aur\/\" rel=\"bookmark\">Rom\u00e2nia, criticat\u0103 \u00eentr-un raport interna\u021bional pentru discriminarea \u021biganilor \u0219i pentru c\u0103 nu facem destul\u0103 reeducare privind Holocaustul. \u00cen vizor, pre\u0219edintele Georgescu \u0219i AUR<\/a><\/h5>\n<div class=\"p-meta\">\n<div class=\"meta-inner is-meta\"><span class=\"meta-el meta-date\"><time datetime=\"2026-07-13T19:11:17+03:00\">13 iulie 2026<\/time><\/span><span class=\"meta-el meta-category meta-bold\"><a class=\"meta-separate category-1540\" href=\"https:\/\/ortodoxinfo.ro\/category\/anti-sistem\/sionism\/\">Sionism<\/a><\/span><span class=\"meta-el meta-view\">13.2k vizualiz\u0103ri\t\t<\/span><\/div>\n<\/div>\n<\/div>\n<\/div>\n<\/div>\n<\/div>\n<div id=\"custom_html-2\" class=\"widget_text widget rb-section w-sidebar clearfix widget_custom_html\">\n<div class=\"block-h widget-heading heading-layout-1\">\n<div class=\"heading-inner\">\n<h4 class=\"heading-title\"><span>DONA\u021aII \u00een cont bancar<\/span><\/h4>\n<\/div>\n<\/div>\n<div class=\"textwidget custom-html-widget\">\n<table class=\"donatii\">\n<tbody>\n<tr>\n<th colspan=\"2\"><strong><span>Asicia\u021bia SMI-B<\/span><\/strong><\/th>\n<\/tr>\n<tr>\n<th>Cont LEI<\/th>\n<td>RO67CECEB00030RON2081955<\/td>\n<\/tr>\n<tr>\n<th>Cont EURO<\/th>\n<td>RO33CECEB000C1EUR2081978<\/td>\n<\/tr>\n<tr>\n<th>Cod SWIFT<\/th>\n<td>CECEROBU<\/td>\n<\/tr>\n<tr>\n<th colspan=\"2\"><strong>CEC BANK SA<\/strong><\/th>\n<\/tr>\n<\/tbody>\n<\/table>\n<\/div>\n<\/div>\n<\/div>\n<\/div>\n<\/div>\n<\/article>\n<div class=\"entry-content rbct clearfix is-highlight-shares\">\n<p><strong>Blocul comunitar a importat mai mult gaz natural lichefiat<\/strong><strong> dec\u00e2t oric\u00e2nd \u00een prima jum\u0103tate a anului 2026 din principalul proiect GNL al Rusiei, \u00a0absorbind aproape toat\u0103 produc\u021bia uzinei siberiene Yamal cu c\u00e2teva luni \u00eenainte de intrarea \u00een vigoare a unei interdic\u021bii UE privind importurile de gaze ruse\u0219ti.<\/strong><\/p>\n<p>Achizi\u021biile UE de la Yamal LNG, controlat\u0103 de compania privat\u0103 rus\u0103 Novatek, au atins un nivel record de 9,89 milioane de tone, cu 18% mai mult dec\u00e2t \u00een aceea\u0219i perioad\u0103 a anului trecut, potrivit datelor furnizate de compania de analiz\u0103 Kpler.<\/p>\n<h3>6 miliarde de euro \u00een conturile Kremlinului<\/h3>\n<p>Organiza\u021bia non-guvernamental\u0103 Urgewald estimeaz\u0103 c\u0103 Europa ar fi pl\u0103tit p\u00e2n\u0103 la 6 miliarde de euro pentru aceste transporturi. Principalii cump\u0103r\u0103tori europeni au fost Fran\u021ba, Belgia \u0219i Spania, care au importat 3,6 milioane, 2,9 milioane \u0219i, respectiv, 2,7 milioane de tone.<\/p>\n<p>Cifrele subliniaz\u0103 rolul crucial pe care Europa \u00eel joac\u0103 \u00een continuare \u00een men\u021binerea \u00een func\u021biune a principalei instala\u021bii energetice a Rusiei, \u00een contextul \u00een care r\u0103zboiul dus de Moscova \u00eempotriva Ucrainei intr\u0103 \u00een al cincilea an, noteaz\u0103 Financial Times.<\/p>\n<p>Mai degrab\u0103 subliniaz\u0103 impocrizia UE. Liderii europeni men\u021bin retorica de solidaritate cu Ucraina, dar finan\u021beaz\u0103 ma\u0219in\u0103ria de r\u0103zboi a lui Vladimir Putin, iar gazul lichefiat rusesc completeaz\u0103 golurile din depozitele Europei.<\/p>\n<p>De\u0219i Regulamentul REPowerEU formalizeaz\u0103 eliminarea GNL-ului rusesc p\u00e2n\u0103 \u00een ianuarie 2027, intervalul de tranzi\u021bie din 2026 a devenit o curs\u0103 contra-cronometru \u00een care operatorii europeni \u00ee\u0219i maximizeaz\u0103 achizi\u021biile. \u00cen loc s\u0103 asist\u0103m la o decuplare treptat\u0103 \u0219i controlat\u0103, vedem un asalt asupra stocurilor siberiene, profit\u00e2nd de porti\u021bele legislative l\u0103sate deliberat deschise pentru a men\u021bine pre\u021burile la pomp\u0103 \u0219i la energie \u00eentr-o zon\u0103 de stabilitate politic\u0103 \u00een marile capitale din Vest.<\/p>\n<p>Navele de tip Arc7 care transport\u0103 produc\u021bia din Yamal se bazeaz\u0103 \u00een continuare pe \u0219antiere navale europene pentru repara\u021bii, inclusiv pe serviciile oferite de \u0219antierul Damen din Brest, Fran\u021ba, \u0219i de Fayard A\/S din Danemarca.<img loading=\"lazy\" decoding=\"async\" class=\"alignnone size-full wp-image-876565 lazy\" title=\"Ipocrita UE a cump\u0103rat o cantitate record de gaze de la uzina siberian\u0103 Yamal - Ziarul National\" src=\"https:\/\/www.national.ro\/wp-content\/uploads\/2026\/07\/gaz-3.webp?x47797\" alt=\"Ipocrita UE a cump\u0103rat o cantitate record de gaze de la uzina siberian\u0103 Yamal - Ziarul National\" width=\"1200\" height=\"790\" data-sizes=\"auto, (max-width: 1200px) 100vw, 1200px\"><\/p>\n<p>\u201dYamal LNG depinde o\u00a0 flot\u0103 specializat\u0103, de porturi europene \u0219i de servicii europene pentru a men\u021bine fluxul de exporturi. Europa continu\u0103 s\u0103 le furnizeze pe toate trei, a declarat Sebastian R\u00f6tters, activist la Urgewald.<\/p>\n<p>Inaugurat de Putin \u00een 2027, Yamal r\u0103m\u00e2ne cel mai mare produc\u0103tor de gaz lichefiat din Rusia, cu o capacitate proiectat\u0103 de 17,4 milioane de tone pe an, de\u0219i produc\u021bia efectiv\u0103 dep\u0103\u0219e\u0219te adesea acest nivel.<\/p>\n<div class=\"inline-single-ad ad_single_3_index alignfull\">\n<div class=\"ad-wrap ad-script-wrap\">\n<div class=\"ad-script non-adsense edge-padding\">\n<div>\n\u203c\ufe0f\u203c\ufe0f NU recunoa\u0219tem ca pre\u0219edinte al Rom\u00e2niei pe marioneta retard\u0103 Nicu\u0219or Dan! Rom\u00e2ni, boicota\u021bi aceast\u0103 f\u0103c\u0103tur\u0103, care ne face \u021bara de r\u00e2s! NU rom\u00e2nii l-au votat pe Nicusoro\u0219 &#8211; cu unele excep\u021bii de persoane infantile, manipulabile \u0219i chiar idioate &#8211; ci l-au ajutat Maia Soro\u0219, Emanuel Macrou \u0219i tr\u0103d\u0103torii de la B.E.C. \u0219i CCR!<br \/>\n La \u00eenchisoare cu cei care au fraudat alegerile!\n<\/div>\n<\/div>\n<\/div>\n<\/div>\n<p>Pe l\u00e2ng\u0103 Novatek, ac\u021bionarul majoritar, compania francez\u0103 TotalEnergies \u0219i cea chinez\u0103 CNPC de\u021bin participa\u021bii la proiect.<\/p>\n<\/div>\n<p>[analyse_source url=&#8221;https:\/\/ortodoxinfo.ro\/2026\/07\/13\/ipocrita-ue-a-cumparat-o-cantitate-record-de-gaze-de-la-uzina-siberiana-yamal\/&#8221;]<\/p>\n","protected":false},"excerpt":{"rendered":"<p>[analyse_image type=&#8221;featured&#8221; src=&#8221;https:\/\/ortodoxinfo.ro\/wp-content\/uploads\/2026\/07\/gaz-1.webp.webphttps:\/\/ortodoxinfo.ro\/wp-content\/uploads\/2026\/07\/gaz-1.webp.webp&#8221;] Prima pagin\u0103 \u00bb Blog \u00bb Ipocrita UE a cump\u0103rat o cantitate record de gaze de la uzina siberian\u0103 Yamal Ipocrita UE a cump\u0103rat o cantitate record de gaze de la uzina siberian\u0103 Yamal 13 iulie 2026Externe3.8k vizualiz\u0103ri Comentarii Share 3 Min Read SHARE OrtodoxINFO este supus unui sabotaj sistematic din partea reprezentan\u021bilor [&hellip;]<\/p>\n","protected":false},"author":1,"featured_media":0,"comment_status":"open","ping_status":"","sticky":false,"template":"","format":"standard","meta":{"footnotes":""},"categories":[89],"tags":[226,94],"class_list":["post-2041594","post","type-post","status-publish","format-standard","hentry","category-romania","tag-crawlmanager","tag-ortodoxinfo-ro"],"_links":{"self":[{"href":"https:\/\/analyse.optim.biz\/index.php?rest_route=\/wp\/v2\/posts\/2041594","targetHints":{"allow":["GET"]}}],"collection":[{"href":"https:\/\/analyse.optim.biz\/index.php?rest_route=\/wp\/v2\/posts"}],"about":[{"href":"https:\/\/analyse.optim.biz\/index.php?rest_route=\/wp\/v2\/types\/post"}],"author":[{"embeddable":true,"href":"https:\/\/analyse.optim.biz\/index.php?rest_route=\/wp\/v2\/users\/1"}],"replies":[{"embeddable":true,"href":"https:\/\/analyse.optim.biz\/index.php?rest_route=%2Fwp%2Fv2%2Fcomments&post=2041594"}],"version-history":[{"count":0,"href":"https:\/\/analyse.optim.biz\/index.php?rest_route=\/wp\/v2\/posts\/2041594\/revisions"}],"wp:attachment":[{"href":"https:\/\/analyse.optim.biz\/index.php?rest_route=%2Fwp%2Fv2%2Fmedia&parent=2041594"}],"wp:term":[{"taxonomy":"category","embeddable":true,"href":"https:\/\/analyse.optim.biz\/index.php?rest_route=%2Fwp%2Fv2%2Fcategories&post=2041594"},{"taxonomy":"post_tag","embeddable":true,"href":"https:\/\/analyse.optim.biz\/index.php?rest_route=%2Fwp%2Fv2%2Ftags&post=2041594"}],"curies":[{"name":"wp","href":"https:\/\/api.w.org\/{rel}","templated":true}]}}